{"id":56914,"date":"2023-03-10T15:53:34","date_gmt":"2023-03-10T14:53:34","guid":{"rendered":"https:\/\/balkangreenenergynews.com\/rs\/?p=56914"},"modified":"2023-03-10T20:06:30","modified_gmt":"2023-03-10T19:06:30","slug":"profine-energy-razvija-dve-solarne-elektrane-sa-baterijama-u-bih-i-srbiji","status":"publish","type":"post","link":"https:\/\/balkangreenenergynews.com\/rs\/profine-energy-razvija-dve-solarne-elektrane-sa-baterijama-u-bih-i-srbiji\/","title":{"rendered":"Profine Energy razvija dve solarne elektrane sa baterijama u BiH i Srbiji"},"content":{"rendered":"<h2>Nema\u010dka firma Profine Energy najavila je investicije u dve solarne elektrane ukupne snage 550 MW, kao i baterije, u Bosni i Hercegovini i Srbiji. Osniva\u010di ove firme su kompanija Profine, koja se bavi proizvodnjom PVC vrata i prozora, i Wirth Group, koja posluje u sektoru zelene energije.<\/h2>\n<p>Solarna elektrana u Srbiji snage 450 MW trebalo bi, kako je rekao Peter Mrosik, vlasnik i direktor firme Profine, da bude instalirana pored industrijskog parka, koji ne\u0107e imati emisije ugljenika. Re\u010d je, kako je rekao na konferenciji za novinare u Sofiji, o ukupnoj investiciji od dve milijarde evra.<\/p>\n<p>Lokacija parka je izme\u0111u Novog Sada i Beograda na povr\u0161ini od 800 hektara, preneo je <a href=\"https:\/\/seenews.com\/news\/profine-energy-developing-550-mw-of-solar-in-serbia-bosnia-816697\">SeeNews<\/a>. Solarna elektrana u BiH, gde <a href=\"https:\/\/balkangreenenergynews.com\/rs\/solarni-paneli-i-toplotne-pumpe-za-dekarbonizaciju-poslovanja-5-primera-firmi-iz-bih\/\">Profine ima proizvodni pogon<\/a>, imala bi snagu od 100 MW.<\/p>\n<blockquote><p>Solarna elektrana bi snabdevala fabrike u industrijskom parku<\/p><\/blockquote>\n<p>Ina\u010de, Mrosik se krajem juna pro\u0161le godine sastao sa predsednikom Srbije Aleksandrom Vu\u010di\u0107em i tada su razgovarali o razvoju zemlji\u0161ta povr\u0161ine 600.000 kvadrata koje je ova firma kupila u Srbiji. Profine je tada saop\u0161tio da na toj zemlji planira da izgradi fabriku koja bi bila centar za snabdevanje jugoisto\u010dne Evrope.<\/p>\n<p>Veliki fotonaponski sistem u neposrednoj blizini parka, kako je re\u010deno, snabdevao bi njihovu fabriku, ali i pogone drugih zainteresovanih firmi na toj lokaciji.<\/p>\n<blockquote><p>Profine je u Bugarskoj najavio ulaganja od milijardu evra<\/p><\/blockquote>\n<p>Mrosik je u Sofiji najavio i ulaganje od 25 miliona evra u pogon, koji bi snabdevao njihove projekte za obnovljivu energiju. Ta fabrika bi bila u Montani na severozapadu Bugarske, i to pod uslovom da firma nastavi sa projektom plutajuc\u0301e solarne elektrane, koja je planirana na ve\u0161ta\u010dkom jezeru Ogosta u blizini ovog mesta.<\/p>\n<p>Ina\u010de, kompanija je u novembru pro\u0161le godine najavila da \u0107e u ovoj zemlji u projekte za solar investirati <a href=\"https:\/\/balkangreenenergynews.com\/german-company-profine-energy-intends-to-invest-over-eur-1-billion-in-renewables-in-bulgaria\/\">vi\u0161e od milijardu evra<\/a>. Nedavno je saop\u0161teno da razvija\u00a0<a href=\"https:\/\/balkangreenenergynews.com\/profine-energy-pushes-ahead-with-floating-solar-power-project-in-bulgaria\/\">projekat plutaju\u0107e solarne elektrane snage 500-1.500 MW,<\/a>\u00a0kojem se protivi lokalno stanovni\u0161tvo.<\/p>\n","protected":false},"excerpt":{"rendered":"<p>Osniva\u010di ove firme su Profine, koji se se bavi proizvodnjom PVC vrata i prozora, i Wirth Group, koja posluje u sektoru zelene energije<\/p>\n","protected":false},"author":23,"featured_media":56915,"comment_status":"open","ping_status":"open","sticky":false,"template":"","format":"standard","meta":{"_acf_changed":false,"_monsterinsights_skip_tracking":false,"_monsterinsights_sitenote_active":false,"_monsterinsights_sitenote_note":"","_monsterinsights_sitenote_category":0,"footnotes":""},"categories":[504,1],"tags":[652,6612,6766,1890],"class_list":["post-56914","post","type-post","status-publish","format-standard","has-post-thumbnail","hentry","category-elektricna-energija","category-obnovljivi-izvori-energije","tag-investicije","tag-plutajuce-solarne-elektrane","tag-profine","tag-solarne-elektrane","country-bosna-i-hercegovina","country-srbija"],"acf":[],"yoast_head":"<!-- This site is optimized with the Yoast SEO plugin v27.4 - https:\/\/yoast.com\/product\/yoast-seo-wordpress\/ -->\n<title>Profine Energy razvija dve solarne elektrane sa baterijama u BiH i Srbiji<\/title>\n<meta name=\"description\" content=\"Osniva\u010di ove firme su Profine, koji se se bavi proizvodnjom PVC vrata i prozora, i Wirth Group, koja posluje u sektoru zelene energije\" \/>\n<meta name=\"robots\" content=\"index, follow, max-snippet:-1, max-image-preview:large, max-video-preview:-1\" \/>\n<link rel=\"canonical\" href=\"https:\/\/balkangreenenergynews.com\/rs\/profine-energy-razvija-dve-solarne-elektrane-sa-baterijama-u-bih-i-srbiji\/\" \/>\n<meta property=\"og:locale\" content=\"sr_RS\" \/>\n<meta property=\"og:type\" content=\"article\" \/>\n<meta property=\"og:title\" content=\"Profine Energy razvija dve solarne elektrane sa baterijama u BiH i Srbiji\" \/>\n<meta property=\"og:description\" content=\"Osniva\u010di ove firme su Profine, koji se se bavi proizvodnjom PVC vrata i prozora, i Wirth Group, koja posluje u sektoru zelene energije\" \/>\n<meta property=\"og:url\" content=\"https:\/\/balkangreenenergynews.com\/rs\/profine-energy-razvija-dve-solarne-elektrane-sa-baterijama-u-bih-i-srbiji\/\" \/>\n<meta property=\"og:site_name\" content=\"Balkan Green Energy News\" \/>\n<meta property=\"article:published_time\" content=\"2023-03-10T14:53:34+00:00\" \/>\n<meta property=\"article:modified_time\" content=\"2023-03-10T19:06:30+00:00\" \/>\n<meta property=\"og:image\" content=\"https:\/\/balkangreenenergynews.com\/rs\/wp-content\/uploads\/2023\/03\/profine-srbija-bih-bugarska-investicije-solar.jpg\" \/>\n\t<meta property=\"og:image:width\" content=\"840\" \/>\n\t<meta property=\"og:image:height\" content=\"430\" \/>\n\t<meta property=\"og:image:type\" content=\"image\/jpeg\" \/>\n<meta name=\"author\" content=\"Vladimir Spasi\u0107\" \/>\n<meta name=\"twitter:card\" content=\"summary_large_image\" \/>\n<meta name=\"twitter:label1\" content=\"\u041d\u0430\u043f\u0438\u0441\u0430\u043d\u043e \u043e\u0434\" \/>\n\t<meta name=\"twitter:data1\" content=\"Vladimir Spasi\u0107\" \/>\n\t<meta name=\"twitter:label2\" content=\"\u041f\u0440\u043e\u0446\u0435\u045a\u0435\u043d\u043e \u0432\u0440\u0435\u043c\u0435 \u0447\u0438\u0442\u0430\u045a\u0430\" \/>\n\t<meta name=\"twitter:data2\" content=\"2 \u043c\u0438\u043d\u0443\u0442\u0430\" \/>\n<script type=\"application\/ld+json\" class=\"yoast-schema-graph\">{\"@context\":\"https:\\\/\\\/schema.org\",\"@graph\":[{\"@type\":\"Article\",\"@id\":\"https:\\\/\\\/balkangreenenergynews.com\\\/rs\\\/profine-energy-razvija-dve-solarne-elektrane-sa-baterijama-u-bih-i-srbiji\\\/#article\",\"isPartOf\":{\"@id\":\"https:\\\/\\\/balkangreenenergynews.com\\\/rs\\\/profine-energy-razvija-dve-solarne-elektrane-sa-baterijama-u-bih-i-srbiji\\\/\"},\"author\":{\"name\":\"Vladimir Spasi\u0107\",\"@id\":\"https:\\\/\\\/balkangreenenergynews.com\\\/rs\\\/#\\\/schema\\\/person\\\/99dc721c46113fea22caffad06ef7317\"},\"headline\":\"Profine Energy razvija dve solarne elektrane sa baterijama u BiH i Srbiji\",\"datePublished\":\"2023-03-10T14:53:34+00:00\",\"dateModified\":\"2023-03-10T19:06:30+00:00\",\"mainEntityOfPage\":{\"@id\":\"https:\\\/\\\/balkangreenenergynews.com\\\/rs\\\/profine-energy-razvija-dve-solarne-elektrane-sa-baterijama-u-bih-i-srbiji\\\/\"},\"wordCount\":337,\"commentCount\":0,\"image\":{\"@id\":\"https:\\\/\\\/balkangreenenergynews.com\\\/rs\\\/profine-energy-razvija-dve-solarne-elektrane-sa-baterijama-u-bih-i-srbiji\\\/#primaryimage\"},\"thumbnailUrl\":\"https:\\\/\\\/balkangreenenergynews.com\\\/rs\\\/wp-content\\\/uploads\\\/2023\\\/03\\\/profine-srbija-bih-bugarska-investicije-solar.jpg?wsr\",\"keywords\":[\"investicije\",\"plutaju\u0107e solarne elektrane\",\"Profine\",\"solarne elektrane\"],\"articleSection\":[\"Elektri\u010dna energija\",\"OIE\"],\"inLanguage\":\"sr-RS\",\"potentialAction\":[{\"@type\":\"CommentAction\",\"name\":\"Comment\",\"target\":[\"https:\\\/\\\/balkangreenenergynews.com\\\/rs\\\/profine-energy-razvija-dve-solarne-elektrane-sa-baterijama-u-bih-i-srbiji\\\/#respond\"]}]},{\"@type\":\"WebPage\",\"@id\":\"https:\\\/\\\/balkangreenenergynews.com\\\/rs\\\/profine-energy-razvija-dve-solarne-elektrane-sa-baterijama-u-bih-i-srbiji\\\/\",\"url\":\"https:\\\/\\\/balkangreenenergynews.com\\\/rs\\\/profine-energy-razvija-dve-solarne-elektrane-sa-baterijama-u-bih-i-srbiji\\\/\",\"name\":\"Profine Energy razvija dve solarne elektrane sa baterijama u BiH i Srbiji\",\"isPartOf\":{\"@id\":\"https:\\\/\\\/balkangreenenergynews.com\\\/rs\\\/#website\"},\"primaryImageOfPage\":{\"@id\":\"https:\\\/\\\/balkangreenenergynews.com\\\/rs\\\/profine-energy-razvija-dve-solarne-elektrane-sa-baterijama-u-bih-i-srbiji\\\/#primaryimage\"},\"image\":{\"@id\":\"https:\\\/\\\/balkangreenenergynews.com\\\/rs\\\/profine-energy-razvija-dve-solarne-elektrane-sa-baterijama-u-bih-i-srbiji\\\/#primaryimage\"},\"thumbnailUrl\":\"https:\\\/\\\/balkangreenenergynews.com\\\/rs\\\/wp-content\\\/uploads\\\/2023\\\/03\\\/profine-srbija-bih-bugarska-investicije-solar.jpg?wsr\",\"datePublished\":\"2023-03-10T14:53:34+00:00\",\"dateModified\":\"2023-03-10T19:06:30+00:00\",\"author\":{\"@id\":\"https:\\\/\\\/balkangreenenergynews.com\\\/rs\\\/#\\\/schema\\\/person\\\/99dc721c46113fea22caffad06ef7317\"},\"description\":\"Osniva\u010di ove firme su Profine, koji se se bavi proizvodnjom PVC vrata i prozora, i Wirth Group, koja posluje u sektoru zelene energije\",\"breadcrumb\":{\"@id\":\"https:\\\/\\\/balkangreenenergynews.com\\\/rs\\\/profine-energy-razvija-dve-solarne-elektrane-sa-baterijama-u-bih-i-srbiji\\\/#breadcrumb\"},\"inLanguage\":\"sr-RS\",\"potentialAction\":[{\"@type\":\"ReadAction\",\"target\":[\"https:\\\/\\\/balkangreenenergynews.com\\\/rs\\\/profine-energy-razvija-dve-solarne-elektrane-sa-baterijama-u-bih-i-srbiji\\\/\"]}]},{\"@type\":\"ImageObject\",\"inLanguage\":\"sr-RS\",\"@id\":\"https:\\\/\\\/balkangreenenergynews.com\\\/rs\\\/profine-energy-razvija-dve-solarne-elektrane-sa-baterijama-u-bih-i-srbiji\\\/#primaryimage\",\"url\":\"https:\\\/\\\/balkangreenenergynews.com\\\/rs\\\/wp-content\\\/uploads\\\/2023\\\/03\\\/profine-srbija-bih-bugarska-investicije-solar.jpg?wsr\",\"contentUrl\":\"https:\\\/\\\/balkangreenenergynews.com\\\/rs\\\/wp-content\\\/uploads\\\/2023\\\/03\\\/profine-srbija-bih-bugarska-investicije-solar.jpg?wsr\",\"width\":840,\"height\":430,\"caption\":\"profine srbija bih bugarska investicije solar\"},{\"@type\":\"BreadcrumbList\",\"@id\":\"https:\\\/\\\/balkangreenenergynews.com\\\/rs\\\/profine-energy-razvija-dve-solarne-elektrane-sa-baterijama-u-bih-i-srbiji\\\/#breadcrumb\",\"itemListElement\":[{\"@type\":\"ListItem\",\"position\":1,\"name\":\"Po\u010detna\",\"item\":\"https:\\\/\\\/balkangreenenergynews.com\\\/rs\\\/\"},{\"@type\":\"ListItem\",\"position\":2,\"name\":\"Vesti\",\"item\":\"https:\\\/\\\/balkangreenenergynews.com\\\/rs\\\/kategorija\\\/vesti\\\/\"},{\"@type\":\"ListItem\",\"position\":3,\"name\":\"OIE\",\"item\":\"https:\\\/\\\/balkangreenenergynews.com\\\/rs\\\/kategorija\\\/vesti\\\/obnovljivi-izvori-energije\\\/\"},{\"@type\":\"ListItem\",\"position\":4,\"name\":\"Profine Energy razvija dve solarne elektrane sa baterijama u BiH i Srbiji\"}]},{\"@type\":\"WebSite\",\"@id\":\"https:\\\/\\\/balkangreenenergynews.com\\\/rs\\\/#website\",\"url\":\"https:\\\/\\\/balkangreenenergynews.com\\\/rs\\\/\",\"name\":\"Balkan Green Energy News\",\"description\":\"Naj\u0161iri izbor vesti sa Balkana o zelenoj energiji\",\"potentialAction\":[{\"@type\":\"SearchAction\",\"target\":{\"@type\":\"EntryPoint\",\"urlTemplate\":\"https:\\\/\\\/balkangreenenergynews.com\\\/rs\\\/?s={search_term_string}\"},\"query-input\":{\"@type\":\"PropertyValueSpecification\",\"valueRequired\":true,\"valueName\":\"search_term_string\"}}],\"inLanguage\":\"sr-RS\"},{\"@type\":\"Person\",\"@id\":\"https:\\\/\\\/balkangreenenergynews.com\\\/rs\\\/#\\\/schema\\\/person\\\/99dc721c46113fea22caffad06ef7317\",\"name\":\"Vladimir Spasi\u0107\",\"url\":\"https:\\\/\\\/balkangreenenergynews.com\\\/rs\\\/author\\\/vladimir-spasic\\\/\"}]}<\/script>\n<!-- \/ Yoast SEO plugin. -->","yoast_head_json":{"title":"Profine Energy razvija dve solarne elektrane sa baterijama u BiH i Srbiji","description":"Osniva\u010di ove firme su Profine, koji se se bavi proizvodnjom PVC vrata i prozora, i Wirth Group, koja posluje u sektoru zelene energije","robots":{"index":"index","follow":"follow","max-snippet":"max-snippet:-1","max-image-preview":"max-image-preview:large","max-video-preview":"max-video-preview:-1"},"canonical":"https:\/\/balkangreenenergynews.com\/rs\/profine-energy-razvija-dve-solarne-elektrane-sa-baterijama-u-bih-i-srbiji\/","og_locale":"sr_RS","og_type":"article","og_title":"Profine Energy razvija dve solarne elektrane sa baterijama u BiH i Srbiji","og_description":"Osniva\u010di ove firme su Profine, koji se se bavi proizvodnjom PVC vrata i prozora, i Wirth Group, koja posluje u sektoru zelene energije","og_url":"https:\/\/balkangreenenergynews.com\/rs\/profine-energy-razvija-dve-solarne-elektrane-sa-baterijama-u-bih-i-srbiji\/","og_site_name":"Balkan Green Energy News","article_published_time":"2023-03-10T14:53:34+00:00","article_modified_time":"2023-03-10T19:06:30+00:00","og_image":[{"width":840,"height":430,"url":"https:\/\/balkangreenenergynews.com\/rs\/wp-content\/uploads\/2023\/03\/profine-srbija-bih-bugarska-investicije-solar.jpg","type":"image\/jpeg"}],"author":"Vladimir Spasi\u0107","twitter_card":"summary_large_image","twitter_misc":{"\u041d\u0430\u043f\u0438\u0441\u0430\u043d\u043e \u043e\u0434":"Vladimir Spasi\u0107","\u041f\u0440\u043e\u0446\u0435\u045a\u0435\u043d\u043e \u0432\u0440\u0435\u043c\u0435 \u0447\u0438\u0442\u0430\u045a\u0430":"2 \u043c\u0438\u043d\u0443\u0442\u0430"},"schema":{"@context":"https:\/\/schema.org","@graph":[{"@type":"Article","@id":"https:\/\/balkangreenenergynews.com\/rs\/profine-energy-razvija-dve-solarne-elektrane-sa-baterijama-u-bih-i-srbiji\/#article","isPartOf":{"@id":"https:\/\/balkangreenenergynews.com\/rs\/profine-energy-razvija-dve-solarne-elektrane-sa-baterijama-u-bih-i-srbiji\/"},"author":{"name":"Vladimir Spasi\u0107","@id":"https:\/\/balkangreenenergynews.com\/rs\/#\/schema\/person\/99dc721c46113fea22caffad06ef7317"},"headline":"Profine Energy razvija dve solarne elektrane sa baterijama u BiH i Srbiji","datePublished":"2023-03-10T14:53:34+00:00","dateModified":"2023-03-10T19:06:30+00:00","mainEntityOfPage":{"@id":"https:\/\/balkangreenenergynews.com\/rs\/profine-energy-razvija-dve-solarne-elektrane-sa-baterijama-u-bih-i-srbiji\/"},"wordCount":337,"commentCount":0,"image":{"@id":"https:\/\/balkangreenenergynews.com\/rs\/profine-energy-razvija-dve-solarne-elektrane-sa-baterijama-u-bih-i-srbiji\/#primaryimage"},"thumbnailUrl":"https:\/\/balkangreenenergynews.com\/rs\/wp-content\/uploads\/2023\/03\/profine-srbija-bih-bugarska-investicije-solar.jpg?wsr","keywords":["investicije","plutaju\u0107e solarne elektrane","Profine","solarne elektrane"],"articleSection":["Elektri\u010dna energija","OIE"],"inLanguage":"sr-RS","potentialAction":[{"@type":"CommentAction","name":"Comment","target":["https:\/\/balkangreenenergynews.com\/rs\/profine-energy-razvija-dve-solarne-elektrane-sa-baterijama-u-bih-i-srbiji\/#respond"]}]},{"@type":"WebPage","@id":"https:\/\/balkangreenenergynews.com\/rs\/profine-energy-razvija-dve-solarne-elektrane-sa-baterijama-u-bih-i-srbiji\/","url":"https:\/\/balkangreenenergynews.com\/rs\/profine-energy-razvija-dve-solarne-elektrane-sa-baterijama-u-bih-i-srbiji\/","name":"Profine Energy razvija dve solarne elektrane sa baterijama u BiH i Srbiji","isPartOf":{"@id":"https:\/\/balkangreenenergynews.com\/rs\/#website"},"primaryImageOfPage":{"@id":"https:\/\/balkangreenenergynews.com\/rs\/profine-energy-razvija-dve-solarne-elektrane-sa-baterijama-u-bih-i-srbiji\/#primaryimage"},"image":{"@id":"https:\/\/balkangreenenergynews.com\/rs\/profine-energy-razvija-dve-solarne-elektrane-sa-baterijama-u-bih-i-srbiji\/#primaryimage"},"thumbnailUrl":"https:\/\/balkangreenenergynews.com\/rs\/wp-content\/uploads\/2023\/03\/profine-srbija-bih-bugarska-investicije-solar.jpg?wsr","datePublished":"2023-03-10T14:53:34+00:00","dateModified":"2023-03-10T19:06:30+00:00","author":{"@id":"https:\/\/balkangreenenergynews.com\/rs\/#\/schema\/person\/99dc721c46113fea22caffad06ef7317"},"description":"Osniva\u010di ove firme su Profine, koji se se bavi proizvodnjom PVC vrata i prozora, i Wirth Group, koja posluje u sektoru zelene energije","breadcrumb":{"@id":"https:\/\/balkangreenenergynews.com\/rs\/profine-energy-razvija-dve-solarne-elektrane-sa-baterijama-u-bih-i-srbiji\/#breadcrumb"},"inLanguage":"sr-RS","potentialAction":[{"@type":"ReadAction","target":["https:\/\/balkangreenenergynews.com\/rs\/profine-energy-razvija-dve-solarne-elektrane-sa-baterijama-u-bih-i-srbiji\/"]}]},{"@type":"ImageObject","inLanguage":"sr-RS","@id":"https:\/\/balkangreenenergynews.com\/rs\/profine-energy-razvija-dve-solarne-elektrane-sa-baterijama-u-bih-i-srbiji\/#primaryimage","url":"https:\/\/balkangreenenergynews.com\/rs\/wp-content\/uploads\/2023\/03\/profine-srbija-bih-bugarska-investicije-solar.jpg?wsr","contentUrl":"https:\/\/balkangreenenergynews.com\/rs\/wp-content\/uploads\/2023\/03\/profine-srbija-bih-bugarska-investicije-solar.jpg?wsr","width":840,"height":430,"caption":"profine srbija bih bugarska investicije solar"},{"@type":"BreadcrumbList","@id":"https:\/\/balkangreenenergynews.com\/rs\/profine-energy-razvija-dve-solarne-elektrane-sa-baterijama-u-bih-i-srbiji\/#breadcrumb","itemListElement":[{"@type":"ListItem","position":1,"name":"Po\u010detna","item":"https:\/\/balkangreenenergynews.com\/rs\/"},{"@type":"ListItem","position":2,"name":"Vesti","item":"https:\/\/balkangreenenergynews.com\/rs\/kategorija\/vesti\/"},{"@type":"ListItem","position":3,"name":"OIE","item":"https:\/\/balkangreenenergynews.com\/rs\/kategorija\/vesti\/obnovljivi-izvori-energije\/"},{"@type":"ListItem","position":4,"name":"Profine Energy razvija dve solarne elektrane sa baterijama u BiH i Srbiji"}]},{"@type":"WebSite","@id":"https:\/\/balkangreenenergynews.com\/rs\/#website","url":"https:\/\/balkangreenenergynews.com\/rs\/","name":"Balkan Green Energy News","description":"Naj\u0161iri izbor vesti sa Balkana o zelenoj energiji","potentialAction":[{"@type":"SearchAction","target":{"@type":"EntryPoint","urlTemplate":"https:\/\/balkangreenenergynews.com\/rs\/?s={search_term_string}"},"query-input":{"@type":"PropertyValueSpecification","valueRequired":true,"valueName":"search_term_string"}}],"inLanguage":"sr-RS"},{"@type":"Person","@id":"https:\/\/balkangreenenergynews.com\/rs\/#\/schema\/person\/99dc721c46113fea22caffad06ef7317","name":"Vladimir Spasi\u0107","url":"https:\/\/balkangreenenergynews.com\/rs\/author\/vladimir-spasic\/"}]}},"_links":{"self":[{"href":"https:\/\/balkangreenenergynews.com\/rs\/wp-json\/wp\/v2\/posts\/56914","targetHints":{"allow":["GET"]}}],"collection":[{"href":"https:\/\/balkangreenenergynews.com\/rs\/wp-json\/wp\/v2\/posts"}],"about":[{"href":"https:\/\/balkangreenenergynews.com\/rs\/wp-json\/wp\/v2\/types\/post"}],"author":[{"embeddable":true,"href":"https:\/\/balkangreenenergynews.com\/rs\/wp-json\/wp\/v2\/users\/23"}],"replies":[{"embeddable":true,"href":"https:\/\/balkangreenenergynews.com\/rs\/wp-json\/wp\/v2\/comments?post=56914"}],"version-history":[{"count":0,"href":"https:\/\/balkangreenenergynews.com\/rs\/wp-json\/wp\/v2\/posts\/56914\/revisions"}],"wp:featuredmedia":[{"embeddable":true,"href":"https:\/\/balkangreenenergynews.com\/rs\/wp-json\/wp\/v2\/media\/56915"}],"wp:attachment":[{"href":"https:\/\/balkangreenenergynews.com\/rs\/wp-json\/wp\/v2\/media?parent=56914"}],"wp:term":[{"taxonomy":"category","embeddable":true,"href":"https:\/\/balkangreenenergynews.com\/rs\/wp-json\/wp\/v2\/categories?post=56914"},{"taxonomy":"post_tag","embeddable":true,"href":"https:\/\/balkangreenenergynews.com\/rs\/wp-json\/wp\/v2\/tags?post=56914"}],"curies":[{"name":"wp","href":"https:\/\/api.w.org\/{rel}","templated":true}]}}