{"id":56784,"date":"2023-03-07T16:55:05","date_gmt":"2023-03-07T15:55:05","guid":{"rendered":"https:\/\/balkangreenenergynews.com\/rs\/?p=56784"},"modified":"2023-03-07T16:55:05","modified_gmt":"2023-03-07T15:55:05","slug":"proradila-vetroturbina-na-prototipu-plutajuce-platforme-kompanije-x1-wind","status":"publish","type":"post","link":"https:\/\/balkangreenenergynews.com\/rs\/proradila-vetroturbina-na-prototipu-plutajuce-platforme-kompanije-x1-wind\/","title":{"rendered":"Proradila vetroturbina na prototipu plutaju\u0107e platforme kompanije X1 Wind"},"content":{"rendered":"<h2>Plutaju\u0107a vetroturbina na prototipu platforme X30 koju je postavila \u0161panska kompanija <a href=\"https:\/\/www.x1wind.com\/news\/x1-winds-x30-floating-wind-prototype-delivers-first-kwh\/\">X1 Wind<\/a> proizvela je svoje prve kilovat-sate. Sistem je instaliran u novembru na Kanarskim ostrvima. Sledi poslednja faza \u2013 testiranje i verifikacija, radi pripreme za masovnu upotrebu ove tehnologije i sertifikaciju za velike projekte koji su u razvoju.<\/h2>\n<p>Tehni\u010dki direktor i suosniva\u010d X1 Winda Karlos Kasanovas rekao je da \u0107e <a href=\"https:\/\/balkangreenenergynews.com\/rs\/rekordna-godina-za-vetroelektrane-na-vodi-instalirano-211-gw-novih-kapaciteta\/\">plutaju\u0107e vetroelektrane<\/a> igrati bitnu ulogu u energetskoj tranziciji, globalnoj dekarbonizaciji i eliminisanju emisija gasova sa efektom staklene ba\u0161te.<\/p>\n<p>\u201eDana\u0161nja objava ozna\u010dava jo\u0161 jedan zna\u010dajan korak napred za X1 Wind, koji ubrzava prema sertifikaciji i ambicijama na komercijalnom planu za isporuku platformi za po 15 i vi\u0161e megavata na morskim lokacijama s velikom dubinom \u0161irom sveta\u201c, izjavio je Kasanovas.<\/p>\n<p>Platforma X30 je opremljena posebno prilago\u0111enom Vestasovom turbinom V29 i ABB konverterom. Jedna od klju\u010dnih karakteristika projekta je kombinovanje prednosti SPM i TLP sistema pri\u010dvr\u0161\u0107ivanja za morsko dno.<\/p>\n<blockquote><p>TLP sistem pri\u010dvr\u0161\u0107ivanja za morsko dno umanjuje \u0161tetni uticaj na \u017eivotnu sredinu<\/p><\/blockquote>\n<p>Re\u0161enje SPM omogu\u0107ava da se turbina okre\u0107e niz vetar. Na taj na\u010din se posti\u017ee maksimalna proizvodnja elektri\u010dne energije, pri \u010demu se kabl koji prenosi elektri\u010dnu energiju ne uvr\u0107e, tvrde u kompaniji.<\/p>\n<p><iframe loading=\"lazy\" title=\"X1 Wind\u2019s X30 floating wind prototype delivers first kWh\" width=\"500\" height=\"281\" src=\"https:\/\/www.youtube.com\/embed\/pRqvFdgkvGo?feature=oembed\" frameborder=\"0\" allow=\"accelerometer; autoplay; clipboard-write; encrypted-media; gyroscope; picture-in-picture; web-share\" referrerpolicy=\"strict-origin-when-cross-origin\" allowfullscreen><\/iframe><\/p>\n<p>S TLP sistemom se manje uti\u010de na morsko dno nego kod ustaljenog na\u010dina pri\u010dvr\u0161\u0107ivanja, a pritom omogu\u0107ava primenu pri ve\u0107im dubinama, tvrde u X1 Windu.<\/p>\n<p>Struja se \u0161alje u PLOCAN-ovu pametnu mre\u017eu pomo\u0107u podvodnog kabla od 1,4 kilometra. PLOCAN, Okeanska platforma Kanarskih ostrva, osnovan je 2007. godine radi izgradnje, opremanja i upravljanja pomorskom infrastrukturom za istra\u017eivanje u oblasti pomorskih nauka i tehnologija.<\/p>\n<blockquote><p>Platforma X30 je deo projekta PivotBuoy, kojeg finansira Evropska komisija<\/p><\/blockquote>\n<p>Platforma X30 je deo projekta PivotBuoy, kojeg finansira Evropska komisija. Okuplja kompanije i istra\u017eiva\u010dke centre iz domena plutaju\u0107ih vetroelektrana sa ciljem smanjenja nivelisanih tro\u0161kova proizvodnje energije (LCOE) odnosno razmere tro\u0161kova proizvodnje i u\u010dinka.<\/p>\n<p>Me\u0111u prednostima sistema PivotBuoy su smanjenje te\u017eine plutaju\u0107ih platformi, br\u017ei i jeftiniji proces ugradnje i mogu\u0107nost primene pri ve\u0107im dubinama, saop\u0161teno je.<\/p>\n","protected":false},"excerpt":{"rendered":"<p>Prototip plutaju\u0107e platforme X30 je pu\u0161ten u rad s Vestasovom turbinom. Cilj je da se posle testiranja pusti u komercijalnu upotrebu.<\/p>\n","protected":false},"author":34,"featured_media":56785,"comment_status":"open","ping_status":"open","sticky":false,"template":"","format":"standard","meta":{"_acf_changed":false,"_monsterinsights_skip_tracking":false,"_monsterinsights_sitenote_active":false,"_monsterinsights_sitenote_note":"","_monsterinsights_sitenote_category":0,"footnotes":""},"categories":[1],"tags":[669,647,6028,2341,708],"class_list":["post-56784","post","type-post","status-publish","format-standard","has-post-thumbnail","hentry","category-obnovljivi-izvori-energije","tag-elektricna-energija","tag-obnovljivi-izvori-energije","tag-plutajuce-vetroelektrane","tag-vetroelektrane","tag-vetroturbine","country-regioneu"],"acf":[],"yoast_head":"<!-- This site is optimized with the Yoast SEO plugin v27.4 - https:\/\/yoast.com\/product\/yoast-seo-wordpress\/ -->\n<title>Proradila vetroturbina na prototipu plutaju\u0107e platforme kompanije X1 Wind<\/title>\n<meta name=\"description\" content=\"Prototip plutaju\u0107e platforme X30 je pu\u0161ten u rad s Vestasovom turbinom. Cilj je da se posle testiranja pusti u komercijalnu upotrebu.\" \/>\n<meta name=\"robots\" content=\"index, follow, max-snippet:-1, max-image-preview:large, max-video-preview:-1\" \/>\n<link rel=\"canonical\" href=\"https:\/\/balkangreenenergynews.com\/rs\/proradila-vetroturbina-na-prototipu-plutajuce-platforme-kompanije-x1-wind\/\" \/>\n<meta property=\"og:locale\" content=\"sr_RS\" \/>\n<meta property=\"og:type\" content=\"article\" \/>\n<meta property=\"og:title\" content=\"Proradila vetroturbina na prototipu plutaju\u0107e platforme kompanije X1 Wind\" \/>\n<meta property=\"og:description\" content=\"Prototip plutaju\u0107e platforme X30 je pu\u0161ten u rad s Vestasovom turbinom. Cilj je da se posle testiranja pusti u komercijalnu upotrebu.\" \/>\n<meta property=\"og:url\" content=\"https:\/\/balkangreenenergynews.com\/rs\/proradila-vetroturbina-na-prototipu-plutajuce-platforme-kompanije-x1-wind\/\" \/>\n<meta property=\"og:site_name\" content=\"Balkan Green Energy News\" \/>\n<meta property=\"article:published_time\" content=\"2023-03-07T15:55:05+00:00\" \/>\n<meta property=\"og:image\" content=\"https:\/\/balkangreenenergynews.com\/rs\/wp-content\/uploads\/2023\/03\/X1-vetroplatforma.jpg\" \/>\n\t<meta property=\"og:image:width\" content=\"840\" \/>\n\t<meta property=\"og:image:height\" content=\"430\" \/>\n\t<meta property=\"og:image:type\" content=\"image\/jpeg\" \/>\n<meta name=\"author\" content=\"Jelisaveta Peri\u0161i\u0107\" \/>\n<meta name=\"twitter:card\" content=\"summary_large_image\" \/>\n<meta name=\"twitter:label1\" content=\"\u041d\u0430\u043f\u0438\u0441\u0430\u043d\u043e \u043e\u0434\" \/>\n\t<meta name=\"twitter:data1\" content=\"Jelisaveta Peri\u0161i\u0107\" \/>\n\t<meta name=\"twitter:label2\" content=\"\u041f\u0440\u043e\u0446\u0435\u045a\u0435\u043d\u043e \u0432\u0440\u0435\u043c\u0435 \u0447\u0438\u0442\u0430\u045a\u0430\" \/>\n\t<meta name=\"twitter:data2\" content=\"2 \u043c\u0438\u043d\u0443\u0442\u0430\" \/>\n<script type=\"application\/ld+json\" class=\"yoast-schema-graph\">{\"@context\":\"https:\\\/\\\/schema.org\",\"@graph\":[{\"@type\":\"Article\",\"@id\":\"https:\\\/\\\/balkangreenenergynews.com\\\/rs\\\/proradila-vetroturbina-na-prototipu-plutajuce-platforme-kompanije-x1-wind\\\/#article\",\"isPartOf\":{\"@id\":\"https:\\\/\\\/balkangreenenergynews.com\\\/rs\\\/proradila-vetroturbina-na-prototipu-plutajuce-platforme-kompanije-x1-wind\\\/\"},\"author\":{\"name\":\"Jelisaveta Peri\u0161i\u0107\",\"@id\":\"https:\\\/\\\/balkangreenenergynews.com\\\/rs\\\/#\\\/schema\\\/person\\\/4b3c5831bbc05a72630d12560df2b3f8\"},\"headline\":\"Proradila vetroturbina na prototipu plutaju\u0107e platforme kompanije X1 Wind\",\"datePublished\":\"2023-03-07T15:55:05+00:00\",\"mainEntityOfPage\":{\"@id\":\"https:\\\/\\\/balkangreenenergynews.com\\\/rs\\\/proradila-vetroturbina-na-prototipu-plutajuce-platforme-kompanije-x1-wind\\\/\"},\"wordCount\":371,\"commentCount\":0,\"image\":{\"@id\":\"https:\\\/\\\/balkangreenenergynews.com\\\/rs\\\/proradila-vetroturbina-na-prototipu-plutajuce-platforme-kompanije-x1-wind\\\/#primaryimage\"},\"thumbnailUrl\":\"https:\\\/\\\/balkangreenenergynews.com\\\/rs\\\/wp-content\\\/uploads\\\/2023\\\/03\\\/X1-vetroplatforma.jpg?wsr\",\"keywords\":[\"elektri\u010dna energija\",\"obnovljivi izvori energije\",\"plutaju\u0107e vetroelektrane\",\"vetroelektrane\",\"vetroturbine\"],\"articleSection\":[\"OIE\"],\"inLanguage\":\"sr-RS\",\"potentialAction\":[{\"@type\":\"CommentAction\",\"name\":\"Comment\",\"target\":[\"https:\\\/\\\/balkangreenenergynews.com\\\/rs\\\/proradila-vetroturbina-na-prototipu-plutajuce-platforme-kompanije-x1-wind\\\/#respond\"]}]},{\"@type\":\"WebPage\",\"@id\":\"https:\\\/\\\/balkangreenenergynews.com\\\/rs\\\/proradila-vetroturbina-na-prototipu-plutajuce-platforme-kompanije-x1-wind\\\/\",\"url\":\"https:\\\/\\\/balkangreenenergynews.com\\\/rs\\\/proradila-vetroturbina-na-prototipu-plutajuce-platforme-kompanije-x1-wind\\\/\",\"name\":\"Proradila vetroturbina na prototipu plutaju\u0107e platforme kompanije X1 Wind\",\"isPartOf\":{\"@id\":\"https:\\\/\\\/balkangreenenergynews.com\\\/rs\\\/#website\"},\"primaryImageOfPage\":{\"@id\":\"https:\\\/\\\/balkangreenenergynews.com\\\/rs\\\/proradila-vetroturbina-na-prototipu-plutajuce-platforme-kompanije-x1-wind\\\/#primaryimage\"},\"image\":{\"@id\":\"https:\\\/\\\/balkangreenenergynews.com\\\/rs\\\/proradila-vetroturbina-na-prototipu-plutajuce-platforme-kompanije-x1-wind\\\/#primaryimage\"},\"thumbnailUrl\":\"https:\\\/\\\/balkangreenenergynews.com\\\/rs\\\/wp-content\\\/uploads\\\/2023\\\/03\\\/X1-vetroplatforma.jpg?wsr\",\"datePublished\":\"2023-03-07T15:55:05+00:00\",\"author\":{\"@id\":\"https:\\\/\\\/balkangreenenergynews.com\\\/rs\\\/#\\\/schema\\\/person\\\/4b3c5831bbc05a72630d12560df2b3f8\"},\"description\":\"Prototip plutaju\u0107e platforme X30 je pu\u0161ten u rad s Vestasovom turbinom. Cilj je da se posle testiranja pusti u komercijalnu upotrebu.\",\"breadcrumb\":{\"@id\":\"https:\\\/\\\/balkangreenenergynews.com\\\/rs\\\/proradila-vetroturbina-na-prototipu-plutajuce-platforme-kompanije-x1-wind\\\/#breadcrumb\"},\"inLanguage\":\"sr-RS\",\"potentialAction\":[{\"@type\":\"ReadAction\",\"target\":[\"https:\\\/\\\/balkangreenenergynews.com\\\/rs\\\/proradila-vetroturbina-na-prototipu-plutajuce-platforme-kompanije-x1-wind\\\/\"]}]},{\"@type\":\"ImageObject\",\"inLanguage\":\"sr-RS\",\"@id\":\"https:\\\/\\\/balkangreenenergynews.com\\\/rs\\\/proradila-vetroturbina-na-prototipu-plutajuce-platforme-kompanije-x1-wind\\\/#primaryimage\",\"url\":\"https:\\\/\\\/balkangreenenergynews.com\\\/rs\\\/wp-content\\\/uploads\\\/2023\\\/03\\\/X1-vetroplatforma.jpg?wsr\",\"contentUrl\":\"https:\\\/\\\/balkangreenenergynews.com\\\/rs\\\/wp-content\\\/uploads\\\/2023\\\/03\\\/X1-vetroplatforma.jpg?wsr\",\"width\":840,\"height\":430,\"caption\":\"X1 vetroplatforma\"},{\"@type\":\"BreadcrumbList\",\"@id\":\"https:\\\/\\\/balkangreenenergynews.com\\\/rs\\\/proradila-vetroturbina-na-prototipu-plutajuce-platforme-kompanije-x1-wind\\\/#breadcrumb\",\"itemListElement\":[{\"@type\":\"ListItem\",\"position\":1,\"name\":\"Po\u010detna\",\"item\":\"https:\\\/\\\/balkangreenenergynews.com\\\/rs\\\/\"},{\"@type\":\"ListItem\",\"position\":2,\"name\":\"Vesti\",\"item\":\"https:\\\/\\\/balkangreenenergynews.com\\\/rs\\\/kategorija\\\/vesti\\\/\"},{\"@type\":\"ListItem\",\"position\":3,\"name\":\"OIE\",\"item\":\"https:\\\/\\\/balkangreenenergynews.com\\\/rs\\\/kategorija\\\/vesti\\\/obnovljivi-izvori-energije\\\/\"},{\"@type\":\"ListItem\",\"position\":4,\"name\":\"Proradila vetroturbina na prototipu plutaju\u0107e platforme kompanije X1 Wind\"}]},{\"@type\":\"WebSite\",\"@id\":\"https:\\\/\\\/balkangreenenergynews.com\\\/rs\\\/#website\",\"url\":\"https:\\\/\\\/balkangreenenergynews.com\\\/rs\\\/\",\"name\":\"Balkan Green Energy News\",\"description\":\"Naj\u0161iri izbor vesti sa Balkana o zelenoj energiji\",\"potentialAction\":[{\"@type\":\"SearchAction\",\"target\":{\"@type\":\"EntryPoint\",\"urlTemplate\":\"https:\\\/\\\/balkangreenenergynews.com\\\/rs\\\/?s={search_term_string}\"},\"query-input\":{\"@type\":\"PropertyValueSpecification\",\"valueRequired\":true,\"valueName\":\"search_term_string\"}}],\"inLanguage\":\"sr-RS\"},{\"@type\":\"Person\",\"@id\":\"https:\\\/\\\/balkangreenenergynews.com\\\/rs\\\/#\\\/schema\\\/person\\\/4b3c5831bbc05a72630d12560df2b3f8\",\"name\":\"Jelisaveta Peri\u0161i\u0107\",\"url\":\"https:\\\/\\\/balkangreenenergynews.com\\\/rs\\\/author\\\/jelisavet-perisic\\\/\"}]}<\/script>\n<!-- \/ Yoast SEO plugin. -->","yoast_head_json":{"title":"Proradila vetroturbina na prototipu plutaju\u0107e platforme kompanije X1 Wind","description":"Prototip plutaju\u0107e platforme X30 je pu\u0161ten u rad s Vestasovom turbinom. Cilj je da se posle testiranja pusti u komercijalnu upotrebu.","robots":{"index":"index","follow":"follow","max-snippet":"max-snippet:-1","max-image-preview":"max-image-preview:large","max-video-preview":"max-video-preview:-1"},"canonical":"https:\/\/balkangreenenergynews.com\/rs\/proradila-vetroturbina-na-prototipu-plutajuce-platforme-kompanije-x1-wind\/","og_locale":"sr_RS","og_type":"article","og_title":"Proradila vetroturbina na prototipu plutaju\u0107e platforme kompanije X1 Wind","og_description":"Prototip plutaju\u0107e platforme X30 je pu\u0161ten u rad s Vestasovom turbinom. Cilj je da se posle testiranja pusti u komercijalnu upotrebu.","og_url":"https:\/\/balkangreenenergynews.com\/rs\/proradila-vetroturbina-na-prototipu-plutajuce-platforme-kompanije-x1-wind\/","og_site_name":"Balkan Green Energy News","article_published_time":"2023-03-07T15:55:05+00:00","og_image":[{"width":840,"height":430,"url":"https:\/\/balkangreenenergynews.com\/rs\/wp-content\/uploads\/2023\/03\/X1-vetroplatforma.jpg","type":"image\/jpeg"}],"author":"Jelisaveta Peri\u0161i\u0107","twitter_card":"summary_large_image","twitter_misc":{"\u041d\u0430\u043f\u0438\u0441\u0430\u043d\u043e \u043e\u0434":"Jelisaveta Peri\u0161i\u0107","\u041f\u0440\u043e\u0446\u0435\u045a\u0435\u043d\u043e \u0432\u0440\u0435\u043c\u0435 \u0447\u0438\u0442\u0430\u045a\u0430":"2 \u043c\u0438\u043d\u0443\u0442\u0430"},"schema":{"@context":"https:\/\/schema.org","@graph":[{"@type":"Article","@id":"https:\/\/balkangreenenergynews.com\/rs\/proradila-vetroturbina-na-prototipu-plutajuce-platforme-kompanije-x1-wind\/#article","isPartOf":{"@id":"https:\/\/balkangreenenergynews.com\/rs\/proradila-vetroturbina-na-prototipu-plutajuce-platforme-kompanije-x1-wind\/"},"author":{"name":"Jelisaveta Peri\u0161i\u0107","@id":"https:\/\/balkangreenenergynews.com\/rs\/#\/schema\/person\/4b3c5831bbc05a72630d12560df2b3f8"},"headline":"Proradila vetroturbina na prototipu plutaju\u0107e platforme kompanije X1 Wind","datePublished":"2023-03-07T15:55:05+00:00","mainEntityOfPage":{"@id":"https:\/\/balkangreenenergynews.com\/rs\/proradila-vetroturbina-na-prototipu-plutajuce-platforme-kompanije-x1-wind\/"},"wordCount":371,"commentCount":0,"image":{"@id":"https:\/\/balkangreenenergynews.com\/rs\/proradila-vetroturbina-na-prototipu-plutajuce-platforme-kompanije-x1-wind\/#primaryimage"},"thumbnailUrl":"https:\/\/balkangreenenergynews.com\/rs\/wp-content\/uploads\/2023\/03\/X1-vetroplatforma.jpg?wsr","keywords":["elektri\u010dna energija","obnovljivi izvori energije","plutaju\u0107e vetroelektrane","vetroelektrane","vetroturbine"],"articleSection":["OIE"],"inLanguage":"sr-RS","potentialAction":[{"@type":"CommentAction","name":"Comment","target":["https:\/\/balkangreenenergynews.com\/rs\/proradila-vetroturbina-na-prototipu-plutajuce-platforme-kompanije-x1-wind\/#respond"]}]},{"@type":"WebPage","@id":"https:\/\/balkangreenenergynews.com\/rs\/proradila-vetroturbina-na-prototipu-plutajuce-platforme-kompanije-x1-wind\/","url":"https:\/\/balkangreenenergynews.com\/rs\/proradila-vetroturbina-na-prototipu-plutajuce-platforme-kompanije-x1-wind\/","name":"Proradila vetroturbina na prototipu plutaju\u0107e platforme kompanije X1 Wind","isPartOf":{"@id":"https:\/\/balkangreenenergynews.com\/rs\/#website"},"primaryImageOfPage":{"@id":"https:\/\/balkangreenenergynews.com\/rs\/proradila-vetroturbina-na-prototipu-plutajuce-platforme-kompanije-x1-wind\/#primaryimage"},"image":{"@id":"https:\/\/balkangreenenergynews.com\/rs\/proradila-vetroturbina-na-prototipu-plutajuce-platforme-kompanije-x1-wind\/#primaryimage"},"thumbnailUrl":"https:\/\/balkangreenenergynews.com\/rs\/wp-content\/uploads\/2023\/03\/X1-vetroplatforma.jpg?wsr","datePublished":"2023-03-07T15:55:05+00:00","author":{"@id":"https:\/\/balkangreenenergynews.com\/rs\/#\/schema\/person\/4b3c5831bbc05a72630d12560df2b3f8"},"description":"Prototip plutaju\u0107e platforme X30 je pu\u0161ten u rad s Vestasovom turbinom. Cilj je da se posle testiranja pusti u komercijalnu upotrebu.","breadcrumb":{"@id":"https:\/\/balkangreenenergynews.com\/rs\/proradila-vetroturbina-na-prototipu-plutajuce-platforme-kompanije-x1-wind\/#breadcrumb"},"inLanguage":"sr-RS","potentialAction":[{"@type":"ReadAction","target":["https:\/\/balkangreenenergynews.com\/rs\/proradila-vetroturbina-na-prototipu-plutajuce-platforme-kompanije-x1-wind\/"]}]},{"@type":"ImageObject","inLanguage":"sr-RS","@id":"https:\/\/balkangreenenergynews.com\/rs\/proradila-vetroturbina-na-prototipu-plutajuce-platforme-kompanije-x1-wind\/#primaryimage","url":"https:\/\/balkangreenenergynews.com\/rs\/wp-content\/uploads\/2023\/03\/X1-vetroplatforma.jpg?wsr","contentUrl":"https:\/\/balkangreenenergynews.com\/rs\/wp-content\/uploads\/2023\/03\/X1-vetroplatforma.jpg?wsr","width":840,"height":430,"caption":"X1 vetroplatforma"},{"@type":"BreadcrumbList","@id":"https:\/\/balkangreenenergynews.com\/rs\/proradila-vetroturbina-na-prototipu-plutajuce-platforme-kompanije-x1-wind\/#breadcrumb","itemListElement":[{"@type":"ListItem","position":1,"name":"Po\u010detna","item":"https:\/\/balkangreenenergynews.com\/rs\/"},{"@type":"ListItem","position":2,"name":"Vesti","item":"https:\/\/balkangreenenergynews.com\/rs\/kategorija\/vesti\/"},{"@type":"ListItem","position":3,"name":"OIE","item":"https:\/\/balkangreenenergynews.com\/rs\/kategorija\/vesti\/obnovljivi-izvori-energije\/"},{"@type":"ListItem","position":4,"name":"Proradila vetroturbina na prototipu plutaju\u0107e platforme kompanije X1 Wind"}]},{"@type":"WebSite","@id":"https:\/\/balkangreenenergynews.com\/rs\/#website","url":"https:\/\/balkangreenenergynews.com\/rs\/","name":"Balkan Green Energy News","description":"Naj\u0161iri izbor vesti sa Balkana o zelenoj energiji","potentialAction":[{"@type":"SearchAction","target":{"@type":"EntryPoint","urlTemplate":"https:\/\/balkangreenenergynews.com\/rs\/?s={search_term_string}"},"query-input":{"@type":"PropertyValueSpecification","valueRequired":true,"valueName":"search_term_string"}}],"inLanguage":"sr-RS"},{"@type":"Person","@id":"https:\/\/balkangreenenergynews.com\/rs\/#\/schema\/person\/4b3c5831bbc05a72630d12560df2b3f8","name":"Jelisaveta Peri\u0161i\u0107","url":"https:\/\/balkangreenenergynews.com\/rs\/author\/jelisavet-perisic\/"}]}},"_links":{"self":[{"href":"https:\/\/balkangreenenergynews.com\/rs\/wp-json\/wp\/v2\/posts\/56784","targetHints":{"allow":["GET"]}}],"collection":[{"href":"https:\/\/balkangreenenergynews.com\/rs\/wp-json\/wp\/v2\/posts"}],"about":[{"href":"https:\/\/balkangreenenergynews.com\/rs\/wp-json\/wp\/v2\/types\/post"}],"author":[{"embeddable":true,"href":"https:\/\/balkangreenenergynews.com\/rs\/wp-json\/wp\/v2\/users\/34"}],"replies":[{"embeddable":true,"href":"https:\/\/balkangreenenergynews.com\/rs\/wp-json\/wp\/v2\/comments?post=56784"}],"version-history":[{"count":0,"href":"https:\/\/balkangreenenergynews.com\/rs\/wp-json\/wp\/v2\/posts\/56784\/revisions"}],"wp:featuredmedia":[{"embeddable":true,"href":"https:\/\/balkangreenenergynews.com\/rs\/wp-json\/wp\/v2\/media\/56785"}],"wp:attachment":[{"href":"https:\/\/balkangreenenergynews.com\/rs\/wp-json\/wp\/v2\/media?parent=56784"}],"wp:term":[{"taxonomy":"category","embeddable":true,"href":"https:\/\/balkangreenenergynews.com\/rs\/wp-json\/wp\/v2\/categories?post=56784"},{"taxonomy":"post_tag","embeddable":true,"href":"https:\/\/balkangreenenergynews.com\/rs\/wp-json\/wp\/v2\/tags?post=56784"}],"curies":[{"name":"wp","href":"https:\/\/api.w.org\/{rel}","templated":true}]}}