{"id":56646,"date":"2023-03-02T13:12:38","date_gmt":"2023-03-02T12:12:38","guid":{"rendered":"https:\/\/balkangreenenergynews.com\/rs\/?p=56646"},"modified":"2023-03-02T13:12:38","modified_gmt":"2023-03-02T12:12:38","slug":"iea-emisije-co2-u-manjem-porastu-nego-sto-se-strahovalo","status":"publish","type":"post","link":"https:\/\/balkangreenenergynews.com\/rs\/iea-emisije-co2-u-manjem-porastu-nego-sto-se-strahovalo\/","title":{"rendered":"IEA: Emisije CO2 u manjem porastu nego \u0161to se strahovalo"},"content":{"rendered":"<h2>Ekspanzija upotrebe energije iz obnovljivih izvora je spre\u010dila da se u energetskoj krizi tokom 2022. emisije ugljen-dioksida znatno pove\u0107aju, ali jesu dostigle svoj istorijski maksimum. Rizik od brzog porasta emisija usled pove\u0107anja upotrebe uglja se nije ostvario, jer je obuzdan razvojem zelene energetike, isti\u010de se u novoj analizi Me\u0111unarodne agencije za energetiku (IEA).<\/h2>\n<p>Emisije ugljen-dioksida (CO2) iz sektora energetike uve\u0107ane su pro\u0161le godine na svetskom nivou za manje od jednog procenta. To manje nego \u0161to se strahovalo, a rast na polju solarne i energije vetra, elektri\u010dnih vozila, <a href=\"https:\/\/balkangreenenergynews.com\/rs\/iea-globalna-energetska-kriza-izazvala-snazan-rast-koriscenja-toplotnih-pumpi\/\">toplotnih pumpi<\/a> i energetske efikasnosti pomogao je da se od po\u010detka energetske krize ograni\u010di uticaj povec\u0301anja upotrebe uglja i nafte, navodi se u <a href=\"https:\/\/iea.blob.core.windows.net\/assets\/3c8fa115-35c4-4474-b237-1b00424c8844\/CO2Emissionsin2022.pdf\">izve\u0161taju<\/a> IEA o emisijama CO2 za 2022. godinu<\/p>\n<p>Me\u0111itim, iako je porast emisija pro\u0161le godine bio daleko manji od velikog skoka od preko \u0161est procenata iz 2021, one ostaju na neodr\u017eivoj putanji rasta, upozorava agencija.<\/p>\n<p>Zbog takvog stanja je neophodno ja\u010de delovati na ubrzanju tranzicije ka \u010distoj energiji i usmeravanju sveta ka ispunjavanju energetskih i klimatskih ciljeva, isti\u010du analiti\u010dari iz IEA.<\/p>\n<p>Emisije CO2 iz <a href=\"https:\/\/balkangreenenergynews.com\/rs\/iea-manje-emisije-co2-u-2022-zahvaljujuci-ekspanziji-obnovljivih-izvora-energije\/\">energetskog sektora<\/a> su 2022. porasle 0,9 procenata odnosno za 321 megatonu, na rekordnih 36,8 gigatona.<\/p>\n<figure id=\"attachment_56649\" aria-describedby=\"caption-attachment-56649\" style=\"width: 840px\" class=\"wp-caption aligncenter\"><img loading=\"lazy\" decoding=\"async\" class=\"wp-image-56649 size-full\" src=\"https:\/\/balkangreenenergynews.com\/rs\/wp-content\/uploads\/2023\/03\/global-co2-emissions-from-energy-combustion-and-industrial-processes-1900-2022-Format.png\" alt=\"\" width=\"840\" height=\"700\" srcset=\"https:\/\/balkangreenenergynews.com\/rs\/wp-content\/uploads\/2023\/03\/global-co2-emissions-from-energy-combustion-and-industrial-processes-1900-2022-Format.png 840w, https:\/\/balkangreenenergynews.com\/rs\/wp-content\/uploads\/2023\/03\/global-co2-emissions-from-energy-combustion-and-industrial-processes-1900-2022-Format-500x417.png 500w, https:\/\/balkangreenenergynews.com\/rs\/wp-content\/uploads\/2023\/03\/global-co2-emissions-from-energy-combustion-and-industrial-processes-1900-2022-Format-768x640.png 768w, https:\/\/balkangreenenergynews.com\/rs\/wp-content\/uploads\/2023\/03\/global-co2-emissions-from-energy-combustion-and-industrial-processes-1900-2022-Format-300x250.png 300w\" sizes=\"auto, (max-width: 840px) 100vw, 840px\" \/><figcaption id=\"caption-attachment-56649\" class=\"wp-caption-text\">Globalni porast emisija CO2 \/ IEA \/ https:\/\/creativecommons.org\/licenses\/by\/4.0\/<\/figcaption><\/figure>\n<h3>Uve\u0107anje emisija bilo ni\u017ee od globalnog rasta privrede<\/h3>\n<p>U dokumentu je nagla\u0161eno da je uve\u0107anje emisija bilo znatno sporije od globalnog ekonomskog rasta, koji je iznosio 3,2 procenata.<\/p>\n<p>Pored <a href=\"https:\/\/balkangreenenergynews.com\/rs\/iea-globalna-energetska-kriza-izazvala-snazan-rast-koriscenja-toplotnih-pumpi\/\">energetske krize<\/a>, podizanju koli\u010dine CO2 ispu\u0161tenog u atmosferu doprineli su ekstremni vremenski doga\u0111aji kao \u0161to su su\u0161e i toplotni talasi te neuobi\u010dajeno velik broj nuklearnih elektrana van mre\u017ee.<\/p>\n<blockquote><p>Ekspanzijom u primeni tehnologija \u010diste energije izbegnuto je ispu\u0161tanje 550 miliona tona CO2 u vazduh<\/p><\/blockquote>\n<p>S druge strane, 550 miliona tona u emisijama ugljen-dioksida je izbegnuto povec\u0301anom primenom tehnologija \u010diste energije, tvrdi IEA.<\/p>\n<h3>Naje\u0107i porast emisija je iz nafte<\/h3>\n<p>Bez \u010diste energije, rast emisija CO2 bio bi skoro tri puta vec\u0301i, istakao je izvr\u0161ni direktor IEA <a href=\"https:\/\/balkangreenenergynews.com\/rs\/birol-iea-svet-je-u-prvoj-globalnoj-energetskoj-krizi\/\">Fatih Birol<\/a>.<\/p>\n<p>\u201eMe\u0111utim, jo\u0161 uvek vidimo da se pove\u0107avaju emisije iz fosilnih goriva, ometajuc\u0301i napore da se ispune svetski klimatski ciljevi. Me\u0111unarodne i nacionalne kompanije za fosilna goriva ostvaruju rekordne prihode i treba da preuzmu svoj deo odgovornosti u skladu sa svojim javnim obec\u0301anjima da \u0107e ispuniti klimatske ciljeve&#8220;, rekao je Birol.<\/p>\n<p>Emisije CO2 iz uglja porasle su 1,6 procenata, jer je energetska kriza nastavila da podsti\u010de talas prelaska sa gasa na ugalj u Aziji, a u manjoj meri u Evropi, napominju u IEA.<\/p>\n<p>Emisije iz nafte su zabele\u017eile najve\u0107i porast, 2,5 procenata, ali su ostale ispod nivoa od pre pandemije.<\/p>\n<p>U Evropskoj uniji je ispu\u0161teno 2,5 odsto manje CO2, zahvaljujuc\u0301i rekordnoj upotrebi obnovljivih izvora energije, zaklju\u010dila je agencija.<\/p>\n<p>Kada se ura\u010dunaju i metan i azot-suboksid, tako\u0111e gasovi s efektom staklene ba\u0161te, emisije su 2022. uve\u0107ane za jedan procenat na dosad nezabele\u017eenih 41,3 gigatone ekvivalenta ugljen-dioksida.<\/p>\n","protected":false},"excerpt":{"rendered":"<p>Ekspanzija upotrebe energije iz obnovljivih izvora je spre\u010dila da se 2022. emisije ugljen-dioksida znatno pove\u0107aju, ali jesu dostigle rekord<\/p>\n","protected":false},"author":30,"featured_media":56651,"comment_status":"open","ping_status":"open","sticky":false,"template":"","format":"standard","meta":{"_acf_changed":false,"_monsterinsights_skip_tracking":false,"_monsterinsights_sitenote_active":false,"_monsterinsights_sitenote_note":"","_monsterinsights_sitenote_category":0,"footnotes":""},"categories":[6295,5909,1],"tags":[509,6087,4220,6177,6513,2946,754],"class_list":["post-56646","post","type-post","status-publish","format-standard","has-post-thumbnail","hentry","category-energetska-kriza","category-klimatske-promene","category-obnovljivi-izvori-energije","tag-co2","tag-co2-emisije","tag-emisije-gasova-sa-efektom-staklene-baste","tag-energetska-kriza","tag-fatih-birol","tag-iea","tag-oie","country-svet"],"acf":[],"yoast_head":"<!-- This site is optimized with the Yoast SEO plugin v27.4 - https:\/\/yoast.com\/product\/yoast-seo-wordpress\/ -->\n<title>IEA: Globalne emisije CO2 u manjem porastu nego \u0161to se strahovalo<\/title>\n<meta name=\"description\" content=\"Ekspanzija upotrebe energije iz obnovljivih izvora je spre\u010dila da se 2022. emisije ugljen-dioksida znatno pove\u0107aju, ali jesu dostigle rekord.\" \/>\n<meta name=\"robots\" content=\"index, follow, max-snippet:-1, max-image-preview:large, max-video-preview:-1\" \/>\n<link rel=\"canonical\" href=\"https:\/\/balkangreenenergynews.com\/rs\/iea-emisije-co2-u-manjem-porastu-nego-sto-se-strahovalo\/\" \/>\n<meta property=\"og:locale\" content=\"sr_RS\" \/>\n<meta property=\"og:type\" content=\"article\" \/>\n<meta property=\"og:title\" content=\"IEA: Globalne emisije CO2 u manjem porastu nego \u0161to se strahovalo\" \/>\n<meta property=\"og:description\" content=\"Ekspanzija upotrebe energije iz obnovljivih izvora je spre\u010dila da se 2022. emisije ugljen-dioksida znatno pove\u0107aju, ali jesu dostigle rekord.\" \/>\n<meta property=\"og:url\" content=\"https:\/\/balkangreenenergynews.com\/rs\/iea-emisije-co2-u-manjem-porastu-nego-sto-se-strahovalo\/\" \/>\n<meta property=\"og:site_name\" content=\"Balkan Green Energy News\" \/>\n<meta property=\"article:published_time\" content=\"2023-03-02T12:12:38+00:00\" \/>\n<meta property=\"og:image\" content=\"https:\/\/balkangreenenergynews.com\/rs\/wp-content\/uploads\/2023\/03\/smoke-gf33a0387f_1280-1.jpg\" \/>\n\t<meta property=\"og:image:width\" content=\"840\" \/>\n\t<meta property=\"og:image:height\" content=\"430\" \/>\n\t<meta property=\"og:image:type\" content=\"image\/jpeg\" \/>\n<meta name=\"author\" content=\"Mihajlo Vujasin\" \/>\n<meta name=\"twitter:card\" content=\"summary_large_image\" \/>\n<meta name=\"twitter:label1\" content=\"\u041d\u0430\u043f\u0438\u0441\u0430\u043d\u043e \u043e\u0434\" \/>\n\t<meta name=\"twitter:data1\" content=\"Mihajlo Vujasin\" \/>\n\t<meta name=\"twitter:label2\" content=\"\u041f\u0440\u043e\u0446\u0435\u045a\u0435\u043d\u043e \u0432\u0440\u0435\u043c\u0435 \u0447\u0438\u0442\u0430\u045a\u0430\" \/>\n\t<meta name=\"twitter:data2\" content=\"3 \u043c\u0438\u043d\u0443\u0442\u0430\" \/>\n<script type=\"application\/ld+json\" class=\"yoast-schema-graph\">{\"@context\":\"https:\\\/\\\/schema.org\",\"@graph\":[{\"@type\":\"Article\",\"@id\":\"https:\\\/\\\/balkangreenenergynews.com\\\/rs\\\/iea-emisije-co2-u-manjem-porastu-nego-sto-se-strahovalo\\\/#article\",\"isPartOf\":{\"@id\":\"https:\\\/\\\/balkangreenenergynews.com\\\/rs\\\/iea-emisije-co2-u-manjem-porastu-nego-sto-se-strahovalo\\\/\"},\"author\":{\"name\":\"Mihajlo Vujasin\",\"@id\":\"https:\\\/\\\/balkangreenenergynews.com\\\/rs\\\/#\\\/schema\\\/person\\\/6b3cd0445eb192f645c773282d0747ca\"},\"headline\":\"IEA: Emisije CO2 u manjem porastu nego \u0161to se strahovalo\",\"datePublished\":\"2023-03-02T12:12:38+00:00\",\"mainEntityOfPage\":{\"@id\":\"https:\\\/\\\/balkangreenenergynews.com\\\/rs\\\/iea-emisije-co2-u-manjem-porastu-nego-sto-se-strahovalo\\\/\"},\"wordCount\":509,\"commentCount\":0,\"image\":{\"@id\":\"https:\\\/\\\/balkangreenenergynews.com\\\/rs\\\/iea-emisije-co2-u-manjem-porastu-nego-sto-se-strahovalo\\\/#primaryimage\"},\"thumbnailUrl\":\"https:\\\/\\\/balkangreenenergynews.com\\\/rs\\\/wp-content\\\/uploads\\\/2023\\\/03\\\/smoke-gf33a0387f_1280-1.jpg?wsr\",\"keywords\":[\"CO2\",\"CO2 emisije\",\"emisije gasova sa efektom staklene ba\u0161te\",\"energetska kriza\",\"Fatih Birol\",\"IEA\",\"OIE\"],\"articleSection\":[\"Energetska kriza\",\"Klimatske promene\",\"OIE\"],\"inLanguage\":\"sr-RS\",\"potentialAction\":[{\"@type\":\"CommentAction\",\"name\":\"Comment\",\"target\":[\"https:\\\/\\\/balkangreenenergynews.com\\\/rs\\\/iea-emisije-co2-u-manjem-porastu-nego-sto-se-strahovalo\\\/#respond\"]}]},{\"@type\":\"WebPage\",\"@id\":\"https:\\\/\\\/balkangreenenergynews.com\\\/rs\\\/iea-emisije-co2-u-manjem-porastu-nego-sto-se-strahovalo\\\/\",\"url\":\"https:\\\/\\\/balkangreenenergynews.com\\\/rs\\\/iea-emisije-co2-u-manjem-porastu-nego-sto-se-strahovalo\\\/\",\"name\":\"IEA: Globalne emisije CO2 u manjem porastu nego \u0161to se strahovalo\",\"isPartOf\":{\"@id\":\"https:\\\/\\\/balkangreenenergynews.com\\\/rs\\\/#website\"},\"primaryImageOfPage\":{\"@id\":\"https:\\\/\\\/balkangreenenergynews.com\\\/rs\\\/iea-emisije-co2-u-manjem-porastu-nego-sto-se-strahovalo\\\/#primaryimage\"},\"image\":{\"@id\":\"https:\\\/\\\/balkangreenenergynews.com\\\/rs\\\/iea-emisije-co2-u-manjem-porastu-nego-sto-se-strahovalo\\\/#primaryimage\"},\"thumbnailUrl\":\"https:\\\/\\\/balkangreenenergynews.com\\\/rs\\\/wp-content\\\/uploads\\\/2023\\\/03\\\/smoke-gf33a0387f_1280-1.jpg?wsr\",\"datePublished\":\"2023-03-02T12:12:38+00:00\",\"author\":{\"@id\":\"https:\\\/\\\/balkangreenenergynews.com\\\/rs\\\/#\\\/schema\\\/person\\\/6b3cd0445eb192f645c773282d0747ca\"},\"description\":\"Ekspanzija upotrebe energije iz obnovljivih izvora je spre\u010dila da se 2022. emisije ugljen-dioksida znatno pove\u0107aju, ali jesu dostigle rekord.\",\"breadcrumb\":{\"@id\":\"https:\\\/\\\/balkangreenenergynews.com\\\/rs\\\/iea-emisije-co2-u-manjem-porastu-nego-sto-se-strahovalo\\\/#breadcrumb\"},\"inLanguage\":\"sr-RS\",\"potentialAction\":[{\"@type\":\"ReadAction\",\"target\":[\"https:\\\/\\\/balkangreenenergynews.com\\\/rs\\\/iea-emisije-co2-u-manjem-porastu-nego-sto-se-strahovalo\\\/\"]}]},{\"@type\":\"ImageObject\",\"inLanguage\":\"sr-RS\",\"@id\":\"https:\\\/\\\/balkangreenenergynews.com\\\/rs\\\/iea-emisije-co2-u-manjem-porastu-nego-sto-se-strahovalo\\\/#primaryimage\",\"url\":\"https:\\\/\\\/balkangreenenergynews.com\\\/rs\\\/wp-content\\\/uploads\\\/2023\\\/03\\\/smoke-gf33a0387f_1280-1.jpg?wsr\",\"contentUrl\":\"https:\\\/\\\/balkangreenenergynews.com\\\/rs\\\/wp-content\\\/uploads\\\/2023\\\/03\\\/smoke-gf33a0387f_1280-1.jpg?wsr\",\"width\":840,\"height\":430,\"caption\":\"IEA: Globalne emisije CO2 u manjem porastu nego \u0161to se prvobitno strahovalo\"},{\"@type\":\"BreadcrumbList\",\"@id\":\"https:\\\/\\\/balkangreenenergynews.com\\\/rs\\\/iea-emisije-co2-u-manjem-porastu-nego-sto-se-strahovalo\\\/#breadcrumb\",\"itemListElement\":[{\"@type\":\"ListItem\",\"position\":1,\"name\":\"Po\u010detna\",\"item\":\"https:\\\/\\\/balkangreenenergynews.com\\\/rs\\\/\"},{\"@type\":\"ListItem\",\"position\":2,\"name\":\"Klimatske promene\",\"item\":\"https:\\\/\\\/balkangreenenergynews.com\\\/rs\\\/kategorija\\\/klimatske-promene\\\/\"},{\"@type\":\"ListItem\",\"position\":3,\"name\":\"IEA: Emisije CO2 u manjem porastu nego \u0161to se strahovalo\"}]},{\"@type\":\"WebSite\",\"@id\":\"https:\\\/\\\/balkangreenenergynews.com\\\/rs\\\/#website\",\"url\":\"https:\\\/\\\/balkangreenenergynews.com\\\/rs\\\/\",\"name\":\"Balkan Green Energy News\",\"description\":\"Naj\u0161iri izbor vesti sa Balkana o zelenoj energiji\",\"potentialAction\":[{\"@type\":\"SearchAction\",\"target\":{\"@type\":\"EntryPoint\",\"urlTemplate\":\"https:\\\/\\\/balkangreenenergynews.com\\\/rs\\\/?s={search_term_string}\"},\"query-input\":{\"@type\":\"PropertyValueSpecification\",\"valueRequired\":true,\"valueName\":\"search_term_string\"}}],\"inLanguage\":\"sr-RS\"},{\"@type\":\"Person\",\"@id\":\"https:\\\/\\\/balkangreenenergynews.com\\\/rs\\\/#\\\/schema\\\/person\\\/6b3cd0445eb192f645c773282d0747ca\",\"name\":\"Mihajlo Vujasin\",\"url\":\"https:\\\/\\\/balkangreenenergynews.com\\\/rs\\\/author\\\/mihajlo-vujasin\\\/\"}]}<\/script>\n<!-- \/ Yoast SEO plugin. -->","yoast_head_json":{"title":"IEA: Globalne emisije CO2 u manjem porastu nego \u0161to se strahovalo","description":"Ekspanzija upotrebe energije iz obnovljivih izvora je spre\u010dila da se 2022. emisije ugljen-dioksida znatno pove\u0107aju, ali jesu dostigle rekord.","robots":{"index":"index","follow":"follow","max-snippet":"max-snippet:-1","max-image-preview":"max-image-preview:large","max-video-preview":"max-video-preview:-1"},"canonical":"https:\/\/balkangreenenergynews.com\/rs\/iea-emisije-co2-u-manjem-porastu-nego-sto-se-strahovalo\/","og_locale":"sr_RS","og_type":"article","og_title":"IEA: Globalne emisije CO2 u manjem porastu nego \u0161to se strahovalo","og_description":"Ekspanzija upotrebe energije iz obnovljivih izvora je spre\u010dila da se 2022. emisije ugljen-dioksida znatno pove\u0107aju, ali jesu dostigle rekord.","og_url":"https:\/\/balkangreenenergynews.com\/rs\/iea-emisije-co2-u-manjem-porastu-nego-sto-se-strahovalo\/","og_site_name":"Balkan Green Energy News","article_published_time":"2023-03-02T12:12:38+00:00","og_image":[{"width":840,"height":430,"url":"https:\/\/balkangreenenergynews.com\/rs\/wp-content\/uploads\/2023\/03\/smoke-gf33a0387f_1280-1.jpg","type":"image\/jpeg"}],"author":"Mihajlo Vujasin","twitter_card":"summary_large_image","twitter_misc":{"\u041d\u0430\u043f\u0438\u0441\u0430\u043d\u043e \u043e\u0434":"Mihajlo Vujasin","\u041f\u0440\u043e\u0446\u0435\u045a\u0435\u043d\u043e \u0432\u0440\u0435\u043c\u0435 \u0447\u0438\u0442\u0430\u045a\u0430":"3 \u043c\u0438\u043d\u0443\u0442\u0430"},"schema":{"@context":"https:\/\/schema.org","@graph":[{"@type":"Article","@id":"https:\/\/balkangreenenergynews.com\/rs\/iea-emisije-co2-u-manjem-porastu-nego-sto-se-strahovalo\/#article","isPartOf":{"@id":"https:\/\/balkangreenenergynews.com\/rs\/iea-emisije-co2-u-manjem-porastu-nego-sto-se-strahovalo\/"},"author":{"name":"Mihajlo Vujasin","@id":"https:\/\/balkangreenenergynews.com\/rs\/#\/schema\/person\/6b3cd0445eb192f645c773282d0747ca"},"headline":"IEA: Emisije CO2 u manjem porastu nego \u0161to se strahovalo","datePublished":"2023-03-02T12:12:38+00:00","mainEntityOfPage":{"@id":"https:\/\/balkangreenenergynews.com\/rs\/iea-emisije-co2-u-manjem-porastu-nego-sto-se-strahovalo\/"},"wordCount":509,"commentCount":0,"image":{"@id":"https:\/\/balkangreenenergynews.com\/rs\/iea-emisije-co2-u-manjem-porastu-nego-sto-se-strahovalo\/#primaryimage"},"thumbnailUrl":"https:\/\/balkangreenenergynews.com\/rs\/wp-content\/uploads\/2023\/03\/smoke-gf33a0387f_1280-1.jpg?wsr","keywords":["CO2","CO2 emisije","emisije gasova sa efektom staklene ba\u0161te","energetska kriza","Fatih Birol","IEA","OIE"],"articleSection":["Energetska kriza","Klimatske promene","OIE"],"inLanguage":"sr-RS","potentialAction":[{"@type":"CommentAction","name":"Comment","target":["https:\/\/balkangreenenergynews.com\/rs\/iea-emisije-co2-u-manjem-porastu-nego-sto-se-strahovalo\/#respond"]}]},{"@type":"WebPage","@id":"https:\/\/balkangreenenergynews.com\/rs\/iea-emisije-co2-u-manjem-porastu-nego-sto-se-strahovalo\/","url":"https:\/\/balkangreenenergynews.com\/rs\/iea-emisije-co2-u-manjem-porastu-nego-sto-se-strahovalo\/","name":"IEA: Globalne emisije CO2 u manjem porastu nego \u0161to se strahovalo","isPartOf":{"@id":"https:\/\/balkangreenenergynews.com\/rs\/#website"},"primaryImageOfPage":{"@id":"https:\/\/balkangreenenergynews.com\/rs\/iea-emisije-co2-u-manjem-porastu-nego-sto-se-strahovalo\/#primaryimage"},"image":{"@id":"https:\/\/balkangreenenergynews.com\/rs\/iea-emisije-co2-u-manjem-porastu-nego-sto-se-strahovalo\/#primaryimage"},"thumbnailUrl":"https:\/\/balkangreenenergynews.com\/rs\/wp-content\/uploads\/2023\/03\/smoke-gf33a0387f_1280-1.jpg?wsr","datePublished":"2023-03-02T12:12:38+00:00","author":{"@id":"https:\/\/balkangreenenergynews.com\/rs\/#\/schema\/person\/6b3cd0445eb192f645c773282d0747ca"},"description":"Ekspanzija upotrebe energije iz obnovljivih izvora je spre\u010dila da se 2022. emisije ugljen-dioksida znatno pove\u0107aju, ali jesu dostigle rekord.","breadcrumb":{"@id":"https:\/\/balkangreenenergynews.com\/rs\/iea-emisije-co2-u-manjem-porastu-nego-sto-se-strahovalo\/#breadcrumb"},"inLanguage":"sr-RS","potentialAction":[{"@type":"ReadAction","target":["https:\/\/balkangreenenergynews.com\/rs\/iea-emisije-co2-u-manjem-porastu-nego-sto-se-strahovalo\/"]}]},{"@type":"ImageObject","inLanguage":"sr-RS","@id":"https:\/\/balkangreenenergynews.com\/rs\/iea-emisije-co2-u-manjem-porastu-nego-sto-se-strahovalo\/#primaryimage","url":"https:\/\/balkangreenenergynews.com\/rs\/wp-content\/uploads\/2023\/03\/smoke-gf33a0387f_1280-1.jpg?wsr","contentUrl":"https:\/\/balkangreenenergynews.com\/rs\/wp-content\/uploads\/2023\/03\/smoke-gf33a0387f_1280-1.jpg?wsr","width":840,"height":430,"caption":"IEA: Globalne emisije CO2 u manjem porastu nego \u0161to se prvobitno strahovalo"},{"@type":"BreadcrumbList","@id":"https:\/\/balkangreenenergynews.com\/rs\/iea-emisije-co2-u-manjem-porastu-nego-sto-se-strahovalo\/#breadcrumb","itemListElement":[{"@type":"ListItem","position":1,"name":"Po\u010detna","item":"https:\/\/balkangreenenergynews.com\/rs\/"},{"@type":"ListItem","position":2,"name":"Klimatske promene","item":"https:\/\/balkangreenenergynews.com\/rs\/kategorija\/klimatske-promene\/"},{"@type":"ListItem","position":3,"name":"IEA: Emisije CO2 u manjem porastu nego \u0161to se strahovalo"}]},{"@type":"WebSite","@id":"https:\/\/balkangreenenergynews.com\/rs\/#website","url":"https:\/\/balkangreenenergynews.com\/rs\/","name":"Balkan Green Energy News","description":"Naj\u0161iri izbor vesti sa Balkana o zelenoj energiji","potentialAction":[{"@type":"SearchAction","target":{"@type":"EntryPoint","urlTemplate":"https:\/\/balkangreenenergynews.com\/rs\/?s={search_term_string}"},"query-input":{"@type":"PropertyValueSpecification","valueRequired":true,"valueName":"search_term_string"}}],"inLanguage":"sr-RS"},{"@type":"Person","@id":"https:\/\/balkangreenenergynews.com\/rs\/#\/schema\/person\/6b3cd0445eb192f645c773282d0747ca","name":"Mihajlo Vujasin","url":"https:\/\/balkangreenenergynews.com\/rs\/author\/mihajlo-vujasin\/"}]}},"_links":{"self":[{"href":"https:\/\/balkangreenenergynews.com\/rs\/wp-json\/wp\/v2\/posts\/56646","targetHints":{"allow":["GET"]}}],"collection":[{"href":"https:\/\/balkangreenenergynews.com\/rs\/wp-json\/wp\/v2\/posts"}],"about":[{"href":"https:\/\/balkangreenenergynews.com\/rs\/wp-json\/wp\/v2\/types\/post"}],"author":[{"embeddable":true,"href":"https:\/\/balkangreenenergynews.com\/rs\/wp-json\/wp\/v2\/users\/30"}],"replies":[{"embeddable":true,"href":"https:\/\/balkangreenenergynews.com\/rs\/wp-json\/wp\/v2\/comments?post=56646"}],"version-history":[{"count":0,"href":"https:\/\/balkangreenenergynews.com\/rs\/wp-json\/wp\/v2\/posts\/56646\/revisions"}],"wp:featuredmedia":[{"embeddable":true,"href":"https:\/\/balkangreenenergynews.com\/rs\/wp-json\/wp\/v2\/media\/56651"}],"wp:attachment":[{"href":"https:\/\/balkangreenenergynews.com\/rs\/wp-json\/wp\/v2\/media?parent=56646"}],"wp:term":[{"taxonomy":"category","embeddable":true,"href":"https:\/\/balkangreenenergynews.com\/rs\/wp-json\/wp\/v2\/categories?post=56646"},{"taxonomy":"post_tag","embeddable":true,"href":"https:\/\/balkangreenenergynews.com\/rs\/wp-json\/wp\/v2\/tags?post=56646"}],"curies":[{"name":"wp","href":"https:\/\/api.w.org\/{rel}","templated":true}]}}