{"id":56047,"date":"2023-02-16T09:30:02","date_gmt":"2023-02-16T08:30:02","guid":{"rendered":"https:\/\/balkangreenenergynews.com\/rs\/?p=56047"},"modified":"2023-02-16T13:36:16","modified_gmt":"2023-02-16T12:36:16","slug":"izlozenost-zagadjenom-vazduhu-povecava-rizik-od-depresije-i-anksioznosti","status":"publish","type":"post","link":"https:\/\/balkangreenenergynews.com\/rs\/izlozenost-zagadjenom-vazduhu-povecava-rizik-od-depresije-i-anksioznosti\/","title":{"rendered":"Izlo\u017eenost zaga\u0111enom vazduhu pove\u0107ava rizik od depresije i anksioznosti"},"content":{"rendered":"<h2>Dugotrajna izlo\u017eenost zaga\u0111enom vazduhu dovedena je u vezu sa pojavom depresije i anksioznosti, pi\u0161e u novoj studiji koja je obuhvatila skoro 400 hiljada stanovnika Velike Britanije. Autori navode da se zaga\u0111enje vazduha sve vi\u0161e prepoznaje kao va\u017ean ekolo\u0161ki faktor rizika po mentalno zdravlje.<\/h2>\n<p>Rezultati istra\u017eivanja, objavljeni u \u010dasopisu <a href=\"https:\/\/jamanetwork.com\/journals\/jamapsychiatry\/fullarticle\/2801116?guestAccessKey=7e73695e-44c9-4d61-b97e-438e0df756eb&amp;utm_source=For_The_Media&amp;utm_medium=referral&amp;utm_campaign=ftm_links&amp;utm_content=tfl&amp;utm_term=020123\">JAMA Psychiatry,<\/a> pokazali su vezu dugotrajne izlo\u017eenosti \u010dak i relativno niskim nivoima zaga\u0111enja vazduha sa povec\u0301anim rizikom od incidentne depresije i anksioznosti.<\/p>\n<p>Studiju su sproveli istra\u017eiva\u010di sa Pekin\u0161kog univerziteta, Univerziteta u Oksfordu i Kraljevskog koled\u017ea u Londonu.<\/p>\n<p>Analizirana je srednja godi\u0161nja koncentracija zaga\u0111enja vazduha \u010desticama PM2.5 i PM10, azot-dioksidom (NO2) i azot-oksidom (NO). Informacije o drugim zaga\u0111iva\u010dima vazduha, poput ozona, sumpor-dioksida i ugljen-monoksida nisu bile dostupne tokom istra\u017eivanja.<\/p>\n<h3>Uzorak od skoro 400 hiljada ljudi<\/h3>\n<p>Istra\u017eivanje je obuhvatilo 389.185 ljudi u Velikoj Britaniji. Ispitanicima uglavnom do tada nije bila dijagnostikovana depresija ili anksioznost. Prose\u010dna starost u\u010desnika je 56,7 godina i oni su pra\u0107eni 10 godina od 2006, dok su ukupni rezultati analizirani pro\u0161le godine.<\/p>\n<p>Prvo su prikupljeni podaci gde su ispitanici \u017eiveli, njihovi medicinski kartoni, na\u010din \u017eivota i podaci o zaga\u0111enju vazduha. Zatim su podeljeni u \u010detiri grupe, prema stepenu izlo\u017eenosti.<\/p>\n<p>Me\u0111u pra\u0107enim oblicima mentalnih bolesti su depresivne epizode i poremec\u0301aji, fobi\u010dni anksiozni poremec\u0301aji, opsesivno-kompulzivni poremec\u0301aji, reakcije na te\u0161ki stres i poremec\u0301aji prilago\u0111avanja, disocijativni poremec\u0301aji i drugi.<\/p>\n<p>Pokazalo se da su mu\u0161karci bili podlo\u017eniji uticaju PM \u010destica nego \u017eene. Analiza podgrupa je pokazala da je veza izme\u0111u PM2.5 i rizika od anksioznosti bila vec\u0301a kod mu\u0161kih ispitanika.<\/p>\n<blockquote><p>Zabele\u017eeni su povec\u0301ani rizici od anksioznosti povezani sa zaga\u0111iva\u010dima PM2.5, NO2 i NO<\/p><\/blockquote>\n<p>Uo\u010den je neznatno povec\u0301ani rizik od depresije povezan sa PM \u010desticama. Sli\u010dno tome, zabele\u017eeni su povec\u0301ani rizici od anksioznosti povezani sa zaga\u0111iva\u010dima PM2.5, NO2 i NO, ali ne i sa PM \u010desticama.<\/p>\n<p>U istra\u017eivanju su isklju\u010deni slu\u010dajevi depresije i anksioznosti koji su se desili u prve dve godine prac\u0301enja.<\/p>\n<h3>Zaga\u0111enost vazduha je jedan od glavnih uzroka zdravstvenih tegoba<\/h3>\n<p>Istra\u017eiva\u010di su istakli da je zaga\u0111enje spoljnog vazduha jedan od glavnih uzroka zdravstvenih tegoba \u0161irom sveta. Navode da su depresija i anksioznost najrasprostranjeniji mentalni poremec\u0301aji, a i da naj\u010de\u0161\u0107e koegzistiraju.<\/p>\n<blockquote><p>Depresija i anksioznost su najrasprostranjeniji mentalni poremec\u0301aji a i naj\u010de\u0161\u0107e koegzistiraju<\/p><\/blockquote>\n<p>Istra\u017eiva\u010di navode i druge unakrsne studije slu\u010daja, koje su dokumentovale povezanost izme\u0111u kratkotrajne izlo\u017eenosti zaga\u0111enom vazduhu i hospitalizacije kao i medicinskih intervencija zbog depresije i anksioznosti.<\/p>\n<p>S obzirom na to da su depresija i anksioznost u porastu, identifikovanje faktora rizika koji se mogu promeniti i razvoj preventivnih mera jesu hitan prioritet u domenu javnog zdravlja, navode autori.<\/p>\n<p><a href=\"https:\/\/balkangreenenergynews.com\/rs\/vlada-srbije-usvojila-program-zastite-vazduha-do-2030-s-akcionim-planom\/\">Standardi za kvalitet vazduha<\/a> su u mnogim zemljama i dalje <a href=\"https:\/\/balkangreenenergynews.com\/rs\/valjevci-105-dana-ove-godine-disali-zagadjen-vazduh-popovcanima-i-uzicanima-nista-bolje\/\">labaviji<\/a> od smernica Svetske zdravstvene organizacije, pa autori predla\u017eu <a href=\"https:\/\/balkangreenenergynews.com\/rs\/tri-kljucne-reci-o-stanju-kvaliteta-vazduha-u-srbiji-2021-katastrofa-istina-i-odgovornost\/\">stro\u017eu kontrolu zaga\u0111ivanja.<\/a><\/p>\n<blockquote><p>Autori predla\u017eu da se zaga\u0111ivanje vazduha stro\u017ee kontroli\u0161e<\/p><\/blockquote>\n<p>Istra\u017eiva\u010di su tako\u0111e naveli da se u praksi mentalni poremec\u0301aji ne dijagnostikuju odmah. Oni su pretpostavili da jedan deo ispitanika sa anksiozno\u0161c\u0301u i depresijom nije dijagnostikovan te da je tako uzro\u010dna veza zaga\u0111enja s poreme\u0107ajima mentalnog zdravlja zapravo potcenjena.<\/p>\n<p>Autori su konstatovali da su potrebna dalja istra\u017eivanja kako bi se razjasnili mehanizmi u okviru navedenog fenomena.<\/p>\n","protected":false},"excerpt":{"rendered":"<p>Dugotrajna izlo\u017eenost zaga\u0111enom vazduhu dovedena je u vezu sa pojavom depresije i anksioznosti, pokazuje nova britanska studija<\/p>\n","protected":false},"author":30,"featured_media":56129,"comment_status":"open","ping_status":"open","sticky":false,"template":"","format":"standard","meta":{"_acf_changed":false,"_monsterinsights_skip_tracking":false,"_monsterinsights_sitenote_active":false,"_monsterinsights_sitenote_note":"","_monsterinsights_sitenote_category":0,"footnotes":""},"categories":[4],"tags":[6737,1231,6738,3441,5921],"class_list":["post-56047","post","type-post","status-publish","format-standard","has-post-thumbnail","hentry","category-zivotna-sredina","tag-javno-zdravlje","tag-kvalitet-vazduha","tag-mentalno-zdravlje","tag-zagadenost-vazduha","tag-zivotna-sredina","country-svet"],"acf":[],"yoast_head":"<!-- This site is optimized with the Yoast SEO plugin v27.4 - https:\/\/yoast.com\/product\/yoast-seo-wordpress\/ -->\n<title>Izlo\u017eenost zaga\u0111enom vazduhu pove\u0107ava rizik od depresije i anksioznosti<\/title>\n<meta name=\"description\" content=\"Dugotrajna izlo\u017eenost zaga\u0111enom vazduhu dovedena je u vezu sa pojavom depresije i anksioznosti, pokazuje nova britanska studija\" \/>\n<meta name=\"robots\" content=\"index, follow, max-snippet:-1, max-image-preview:large, max-video-preview:-1\" \/>\n<link rel=\"canonical\" href=\"https:\/\/balkangreenenergynews.com\/rs\/izlozenost-zagadjenom-vazduhu-povecava-rizik-od-depresije-i-anksioznosti\/\" \/>\n<meta property=\"og:locale\" content=\"sr_RS\" \/>\n<meta property=\"og:type\" content=\"article\" \/>\n<meta property=\"og:title\" content=\"Izlo\u017eenost zaga\u0111enom vazduhu pove\u0107ava rizik od depresije i anksioznosti\" \/>\n<meta property=\"og:description\" content=\"Dugotrajna izlo\u017eenost zaga\u0111enom vazduhu dovedena je u vezu sa pojavom depresije i anksioznosti, pokazuje nova britanska studija\" \/>\n<meta property=\"og:url\" content=\"https:\/\/balkangreenenergynews.com\/rs\/izlozenost-zagadjenom-vazduhu-povecava-rizik-od-depresije-i-anksioznosti\/\" \/>\n<meta property=\"og:site_name\" content=\"Balkan Green Energy News\" \/>\n<meta property=\"article:published_time\" content=\"2023-02-16T08:30:02+00:00\" \/>\n<meta property=\"article:modified_time\" content=\"2023-02-16T12:36:16+00:00\" \/>\n<meta property=\"og:image\" content=\"https:\/\/balkangreenenergynews.com\/rs\/wp-content\/uploads\/2023\/02\/Izlozenost-zagadjenom-vazduhu-povecava-rizik-od-depresije-i-anksioznosti.jpg\" \/>\n\t<meta property=\"og:image:width\" content=\"840\" \/>\n\t<meta property=\"og:image:height\" content=\"430\" \/>\n\t<meta property=\"og:image:type\" content=\"image\/jpeg\" \/>\n<meta name=\"author\" content=\"Mihajlo Vujasin\" \/>\n<meta name=\"twitter:card\" content=\"summary_large_image\" \/>\n<meta name=\"twitter:label1\" content=\"\u041d\u0430\u043f\u0438\u0441\u0430\u043d\u043e \u043e\u0434\" \/>\n\t<meta name=\"twitter:data1\" content=\"Mihajlo Vujasin\" \/>\n\t<meta name=\"twitter:label2\" content=\"\u041f\u0440\u043e\u0446\u0435\u045a\u0435\u043d\u043e \u0432\u0440\u0435\u043c\u0435 \u0447\u0438\u0442\u0430\u045a\u0430\" \/>\n\t<meta name=\"twitter:data2\" content=\"3 \u043c\u0438\u043d\u0443\u0442\u0430\" \/>\n<script type=\"application\/ld+json\" class=\"yoast-schema-graph\">{\"@context\":\"https:\\\/\\\/schema.org\",\"@graph\":[{\"@type\":\"Article\",\"@id\":\"https:\\\/\\\/balkangreenenergynews.com\\\/rs\\\/izlozenost-zagadjenom-vazduhu-povecava-rizik-od-depresije-i-anksioznosti\\\/#article\",\"isPartOf\":{\"@id\":\"https:\\\/\\\/balkangreenenergynews.com\\\/rs\\\/izlozenost-zagadjenom-vazduhu-povecava-rizik-od-depresije-i-anksioznosti\\\/\"},\"author\":{\"name\":\"Mihajlo Vujasin\",\"@id\":\"https:\\\/\\\/balkangreenenergynews.com\\\/rs\\\/#\\\/schema\\\/person\\\/6b3cd0445eb192f645c773282d0747ca\"},\"headline\":\"Izlo\u017eenost zaga\u0111enom vazduhu pove\u0107ava rizik od depresije i anksioznosti\",\"datePublished\":\"2023-02-16T08:30:02+00:00\",\"dateModified\":\"2023-02-16T12:36:16+00:00\",\"mainEntityOfPage\":{\"@id\":\"https:\\\/\\\/balkangreenenergynews.com\\\/rs\\\/izlozenost-zagadjenom-vazduhu-povecava-rizik-od-depresije-i-anksioznosti\\\/\"},\"wordCount\":596,\"commentCount\":0,\"image\":{\"@id\":\"https:\\\/\\\/balkangreenenergynews.com\\\/rs\\\/izlozenost-zagadjenom-vazduhu-povecava-rizik-od-depresije-i-anksioznosti\\\/#primaryimage\"},\"thumbnailUrl\":\"https:\\\/\\\/balkangreenenergynews.com\\\/rs\\\/wp-content\\\/uploads\\\/2023\\\/02\\\/Izlozenost-zagadjenom-vazduhu-povecava-rizik-od-depresije-i-anksioznosti.jpg?wsr\",\"keywords\":[\"javno zdravlje\",\"kvalitet vazduha\",\"mentalno zdravlje\",\"zaga\u0111enost vazduha\",\"\u017eivotna sredina\"],\"articleSection\":[\"\u017divotna sredina\"],\"inLanguage\":\"sr-RS\",\"potentialAction\":[{\"@type\":\"CommentAction\",\"name\":\"Comment\",\"target\":[\"https:\\\/\\\/balkangreenenergynews.com\\\/rs\\\/izlozenost-zagadjenom-vazduhu-povecava-rizik-od-depresije-i-anksioznosti\\\/#respond\"]}]},{\"@type\":\"WebPage\",\"@id\":\"https:\\\/\\\/balkangreenenergynews.com\\\/rs\\\/izlozenost-zagadjenom-vazduhu-povecava-rizik-od-depresije-i-anksioznosti\\\/\",\"url\":\"https:\\\/\\\/balkangreenenergynews.com\\\/rs\\\/izlozenost-zagadjenom-vazduhu-povecava-rizik-od-depresije-i-anksioznosti\\\/\",\"name\":\"Izlo\u017eenost zaga\u0111enom vazduhu pove\u0107ava rizik od depresije i anksioznosti\",\"isPartOf\":{\"@id\":\"https:\\\/\\\/balkangreenenergynews.com\\\/rs\\\/#website\"},\"primaryImageOfPage\":{\"@id\":\"https:\\\/\\\/balkangreenenergynews.com\\\/rs\\\/izlozenost-zagadjenom-vazduhu-povecava-rizik-od-depresije-i-anksioznosti\\\/#primaryimage\"},\"image\":{\"@id\":\"https:\\\/\\\/balkangreenenergynews.com\\\/rs\\\/izlozenost-zagadjenom-vazduhu-povecava-rizik-od-depresije-i-anksioznosti\\\/#primaryimage\"},\"thumbnailUrl\":\"https:\\\/\\\/balkangreenenergynews.com\\\/rs\\\/wp-content\\\/uploads\\\/2023\\\/02\\\/Izlozenost-zagadjenom-vazduhu-povecava-rizik-od-depresije-i-anksioznosti.jpg?wsr\",\"datePublished\":\"2023-02-16T08:30:02+00:00\",\"dateModified\":\"2023-02-16T12:36:16+00:00\",\"author\":{\"@id\":\"https:\\\/\\\/balkangreenenergynews.com\\\/rs\\\/#\\\/schema\\\/person\\\/6b3cd0445eb192f645c773282d0747ca\"},\"description\":\"Dugotrajna izlo\u017eenost zaga\u0111enom vazduhu dovedena je u vezu sa pojavom depresije i anksioznosti, pokazuje nova britanska studija\",\"breadcrumb\":{\"@id\":\"https:\\\/\\\/balkangreenenergynews.com\\\/rs\\\/izlozenost-zagadjenom-vazduhu-povecava-rizik-od-depresije-i-anksioznosti\\\/#breadcrumb\"},\"inLanguage\":\"sr-RS\",\"potentialAction\":[{\"@type\":\"ReadAction\",\"target\":[\"https:\\\/\\\/balkangreenenergynews.com\\\/rs\\\/izlozenost-zagadjenom-vazduhu-povecava-rizik-od-depresije-i-anksioznosti\\\/\"]}]},{\"@type\":\"ImageObject\",\"inLanguage\":\"sr-RS\",\"@id\":\"https:\\\/\\\/balkangreenenergynews.com\\\/rs\\\/izlozenost-zagadjenom-vazduhu-povecava-rizik-od-depresije-i-anksioznosti\\\/#primaryimage\",\"url\":\"https:\\\/\\\/balkangreenenergynews.com\\\/rs\\\/wp-content\\\/uploads\\\/2023\\\/02\\\/Izlozenost-zagadjenom-vazduhu-povecava-rizik-od-depresije-i-anksioznosti.jpg?wsr\",\"contentUrl\":\"https:\\\/\\\/balkangreenenergynews.com\\\/rs\\\/wp-content\\\/uploads\\\/2023\\\/02\\\/Izlozenost-zagadjenom-vazduhu-povecava-rizik-od-depresije-i-anksioznosti.jpg?wsr\",\"width\":840,\"height\":430,\"caption\":\"Izlozenost zagadjenom vazduhu povecava rizik od depresije i anksioznosti\"},{\"@type\":\"BreadcrumbList\",\"@id\":\"https:\\\/\\\/balkangreenenergynews.com\\\/rs\\\/izlozenost-zagadjenom-vazduhu-povecava-rizik-od-depresije-i-anksioznosti\\\/#breadcrumb\",\"itemListElement\":[{\"@type\":\"ListItem\",\"position\":1,\"name\":\"Po\u010detna\",\"item\":\"https:\\\/\\\/balkangreenenergynews.com\\\/rs\\\/\"},{\"@type\":\"ListItem\",\"position\":2,\"name\":\"Vesti\",\"item\":\"https:\\\/\\\/balkangreenenergynews.com\\\/rs\\\/kategorija\\\/vesti\\\/\"},{\"@type\":\"ListItem\",\"position\":3,\"name\":\"\u017divotna sredina\",\"item\":\"https:\\\/\\\/balkangreenenergynews.com\\\/rs\\\/kategorija\\\/vesti\\\/zivotna-sredina\\\/\"},{\"@type\":\"ListItem\",\"position\":4,\"name\":\"Izlo\u017eenost zaga\u0111enom vazduhu pove\u0107ava rizik od depresije i anksioznosti\"}]},{\"@type\":\"WebSite\",\"@id\":\"https:\\\/\\\/balkangreenenergynews.com\\\/rs\\\/#website\",\"url\":\"https:\\\/\\\/balkangreenenergynews.com\\\/rs\\\/\",\"name\":\"Balkan Green Energy News\",\"description\":\"Naj\u0161iri izbor vesti sa Balkana o zelenoj energiji\",\"potentialAction\":[{\"@type\":\"SearchAction\",\"target\":{\"@type\":\"EntryPoint\",\"urlTemplate\":\"https:\\\/\\\/balkangreenenergynews.com\\\/rs\\\/?s={search_term_string}\"},\"query-input\":{\"@type\":\"PropertyValueSpecification\",\"valueRequired\":true,\"valueName\":\"search_term_string\"}}],\"inLanguage\":\"sr-RS\"},{\"@type\":\"Person\",\"@id\":\"https:\\\/\\\/balkangreenenergynews.com\\\/rs\\\/#\\\/schema\\\/person\\\/6b3cd0445eb192f645c773282d0747ca\",\"name\":\"Mihajlo Vujasin\",\"url\":\"https:\\\/\\\/balkangreenenergynews.com\\\/rs\\\/author\\\/mihajlo-vujasin\\\/\"}]}<\/script>\n<!-- \/ Yoast SEO plugin. -->","yoast_head_json":{"title":"Izlo\u017eenost zaga\u0111enom vazduhu pove\u0107ava rizik od depresije i anksioznosti","description":"Dugotrajna izlo\u017eenost zaga\u0111enom vazduhu dovedena je u vezu sa pojavom depresije i anksioznosti, pokazuje nova britanska studija","robots":{"index":"index","follow":"follow","max-snippet":"max-snippet:-1","max-image-preview":"max-image-preview:large","max-video-preview":"max-video-preview:-1"},"canonical":"https:\/\/balkangreenenergynews.com\/rs\/izlozenost-zagadjenom-vazduhu-povecava-rizik-od-depresije-i-anksioznosti\/","og_locale":"sr_RS","og_type":"article","og_title":"Izlo\u017eenost zaga\u0111enom vazduhu pove\u0107ava rizik od depresije i anksioznosti","og_description":"Dugotrajna izlo\u017eenost zaga\u0111enom vazduhu dovedena je u vezu sa pojavom depresije i anksioznosti, pokazuje nova britanska studija","og_url":"https:\/\/balkangreenenergynews.com\/rs\/izlozenost-zagadjenom-vazduhu-povecava-rizik-od-depresije-i-anksioznosti\/","og_site_name":"Balkan Green Energy News","article_published_time":"2023-02-16T08:30:02+00:00","article_modified_time":"2023-02-16T12:36:16+00:00","og_image":[{"width":840,"height":430,"url":"https:\/\/balkangreenenergynews.com\/rs\/wp-content\/uploads\/2023\/02\/Izlozenost-zagadjenom-vazduhu-povecava-rizik-od-depresije-i-anksioznosti.jpg","type":"image\/jpeg"}],"author":"Mihajlo Vujasin","twitter_card":"summary_large_image","twitter_misc":{"\u041d\u0430\u043f\u0438\u0441\u0430\u043d\u043e \u043e\u0434":"Mihajlo Vujasin","\u041f\u0440\u043e\u0446\u0435\u045a\u0435\u043d\u043e \u0432\u0440\u0435\u043c\u0435 \u0447\u0438\u0442\u0430\u045a\u0430":"3 \u043c\u0438\u043d\u0443\u0442\u0430"},"schema":{"@context":"https:\/\/schema.org","@graph":[{"@type":"Article","@id":"https:\/\/balkangreenenergynews.com\/rs\/izlozenost-zagadjenom-vazduhu-povecava-rizik-od-depresije-i-anksioznosti\/#article","isPartOf":{"@id":"https:\/\/balkangreenenergynews.com\/rs\/izlozenost-zagadjenom-vazduhu-povecava-rizik-od-depresije-i-anksioznosti\/"},"author":{"name":"Mihajlo Vujasin","@id":"https:\/\/balkangreenenergynews.com\/rs\/#\/schema\/person\/6b3cd0445eb192f645c773282d0747ca"},"headline":"Izlo\u017eenost zaga\u0111enom vazduhu pove\u0107ava rizik od depresije i anksioznosti","datePublished":"2023-02-16T08:30:02+00:00","dateModified":"2023-02-16T12:36:16+00:00","mainEntityOfPage":{"@id":"https:\/\/balkangreenenergynews.com\/rs\/izlozenost-zagadjenom-vazduhu-povecava-rizik-od-depresije-i-anksioznosti\/"},"wordCount":596,"commentCount":0,"image":{"@id":"https:\/\/balkangreenenergynews.com\/rs\/izlozenost-zagadjenom-vazduhu-povecava-rizik-od-depresije-i-anksioznosti\/#primaryimage"},"thumbnailUrl":"https:\/\/balkangreenenergynews.com\/rs\/wp-content\/uploads\/2023\/02\/Izlozenost-zagadjenom-vazduhu-povecava-rizik-od-depresije-i-anksioznosti.jpg?wsr","keywords":["javno zdravlje","kvalitet vazduha","mentalno zdravlje","zaga\u0111enost vazduha","\u017eivotna sredina"],"articleSection":["\u017divotna sredina"],"inLanguage":"sr-RS","potentialAction":[{"@type":"CommentAction","name":"Comment","target":["https:\/\/balkangreenenergynews.com\/rs\/izlozenost-zagadjenom-vazduhu-povecava-rizik-od-depresije-i-anksioznosti\/#respond"]}]},{"@type":"WebPage","@id":"https:\/\/balkangreenenergynews.com\/rs\/izlozenost-zagadjenom-vazduhu-povecava-rizik-od-depresije-i-anksioznosti\/","url":"https:\/\/balkangreenenergynews.com\/rs\/izlozenost-zagadjenom-vazduhu-povecava-rizik-od-depresije-i-anksioznosti\/","name":"Izlo\u017eenost zaga\u0111enom vazduhu pove\u0107ava rizik od depresije i anksioznosti","isPartOf":{"@id":"https:\/\/balkangreenenergynews.com\/rs\/#website"},"primaryImageOfPage":{"@id":"https:\/\/balkangreenenergynews.com\/rs\/izlozenost-zagadjenom-vazduhu-povecava-rizik-od-depresije-i-anksioznosti\/#primaryimage"},"image":{"@id":"https:\/\/balkangreenenergynews.com\/rs\/izlozenost-zagadjenom-vazduhu-povecava-rizik-od-depresije-i-anksioznosti\/#primaryimage"},"thumbnailUrl":"https:\/\/balkangreenenergynews.com\/rs\/wp-content\/uploads\/2023\/02\/Izlozenost-zagadjenom-vazduhu-povecava-rizik-od-depresije-i-anksioznosti.jpg?wsr","datePublished":"2023-02-16T08:30:02+00:00","dateModified":"2023-02-16T12:36:16+00:00","author":{"@id":"https:\/\/balkangreenenergynews.com\/rs\/#\/schema\/person\/6b3cd0445eb192f645c773282d0747ca"},"description":"Dugotrajna izlo\u017eenost zaga\u0111enom vazduhu dovedena je u vezu sa pojavom depresije i anksioznosti, pokazuje nova britanska studija","breadcrumb":{"@id":"https:\/\/balkangreenenergynews.com\/rs\/izlozenost-zagadjenom-vazduhu-povecava-rizik-od-depresije-i-anksioznosti\/#breadcrumb"},"inLanguage":"sr-RS","potentialAction":[{"@type":"ReadAction","target":["https:\/\/balkangreenenergynews.com\/rs\/izlozenost-zagadjenom-vazduhu-povecava-rizik-od-depresije-i-anksioznosti\/"]}]},{"@type":"ImageObject","inLanguage":"sr-RS","@id":"https:\/\/balkangreenenergynews.com\/rs\/izlozenost-zagadjenom-vazduhu-povecava-rizik-od-depresije-i-anksioznosti\/#primaryimage","url":"https:\/\/balkangreenenergynews.com\/rs\/wp-content\/uploads\/2023\/02\/Izlozenost-zagadjenom-vazduhu-povecava-rizik-od-depresije-i-anksioznosti.jpg?wsr","contentUrl":"https:\/\/balkangreenenergynews.com\/rs\/wp-content\/uploads\/2023\/02\/Izlozenost-zagadjenom-vazduhu-povecava-rizik-od-depresije-i-anksioznosti.jpg?wsr","width":840,"height":430,"caption":"Izlozenost zagadjenom vazduhu povecava rizik od depresije i anksioznosti"},{"@type":"BreadcrumbList","@id":"https:\/\/balkangreenenergynews.com\/rs\/izlozenost-zagadjenom-vazduhu-povecava-rizik-od-depresije-i-anksioznosti\/#breadcrumb","itemListElement":[{"@type":"ListItem","position":1,"name":"Po\u010detna","item":"https:\/\/balkangreenenergynews.com\/rs\/"},{"@type":"ListItem","position":2,"name":"Vesti","item":"https:\/\/balkangreenenergynews.com\/rs\/kategorija\/vesti\/"},{"@type":"ListItem","position":3,"name":"\u017divotna sredina","item":"https:\/\/balkangreenenergynews.com\/rs\/kategorija\/vesti\/zivotna-sredina\/"},{"@type":"ListItem","position":4,"name":"Izlo\u017eenost zaga\u0111enom vazduhu pove\u0107ava rizik od depresije i anksioznosti"}]},{"@type":"WebSite","@id":"https:\/\/balkangreenenergynews.com\/rs\/#website","url":"https:\/\/balkangreenenergynews.com\/rs\/","name":"Balkan Green Energy News","description":"Naj\u0161iri izbor vesti sa Balkana o zelenoj energiji","potentialAction":[{"@type":"SearchAction","target":{"@type":"EntryPoint","urlTemplate":"https:\/\/balkangreenenergynews.com\/rs\/?s={search_term_string}"},"query-input":{"@type":"PropertyValueSpecification","valueRequired":true,"valueName":"search_term_string"}}],"inLanguage":"sr-RS"},{"@type":"Person","@id":"https:\/\/balkangreenenergynews.com\/rs\/#\/schema\/person\/6b3cd0445eb192f645c773282d0747ca","name":"Mihajlo Vujasin","url":"https:\/\/balkangreenenergynews.com\/rs\/author\/mihajlo-vujasin\/"}]}},"_links":{"self":[{"href":"https:\/\/balkangreenenergynews.com\/rs\/wp-json\/wp\/v2\/posts\/56047","targetHints":{"allow":["GET"]}}],"collection":[{"href":"https:\/\/balkangreenenergynews.com\/rs\/wp-json\/wp\/v2\/posts"}],"about":[{"href":"https:\/\/balkangreenenergynews.com\/rs\/wp-json\/wp\/v2\/types\/post"}],"author":[{"embeddable":true,"href":"https:\/\/balkangreenenergynews.com\/rs\/wp-json\/wp\/v2\/users\/30"}],"replies":[{"embeddable":true,"href":"https:\/\/balkangreenenergynews.com\/rs\/wp-json\/wp\/v2\/comments?post=56047"}],"version-history":[{"count":0,"href":"https:\/\/balkangreenenergynews.com\/rs\/wp-json\/wp\/v2\/posts\/56047\/revisions"}],"wp:featuredmedia":[{"embeddable":true,"href":"https:\/\/balkangreenenergynews.com\/rs\/wp-json\/wp\/v2\/media\/56129"}],"wp:attachment":[{"href":"https:\/\/balkangreenenergynews.com\/rs\/wp-json\/wp\/v2\/media?parent=56047"}],"wp:term":[{"taxonomy":"category","embeddable":true,"href":"https:\/\/balkangreenenergynews.com\/rs\/wp-json\/wp\/v2\/categories?post=56047"},{"taxonomy":"post_tag","embeddable":true,"href":"https:\/\/balkangreenenergynews.com\/rs\/wp-json\/wp\/v2\/tags?post=56047"}],"curies":[{"name":"wp","href":"https:\/\/api.w.org\/{rel}","templated":true}]}}