{"id":55985,"date":"2023-02-15T11:03:32","date_gmt":"2023-02-15T10:03:32","guid":{"rendered":"https:\/\/balkangreenenergynews.com\/rs\/?p=55985"},"modified":"2023-02-16T09:49:45","modified_gmt":"2023-02-16T08:49:45","slug":"najveci-deo-ekoloskog-ceha-potrosnje-u-eu-snose-druge-zemlje","status":"publish","type":"post","link":"https:\/\/balkangreenenergynews.com\/rs\/najveci-deo-ekoloskog-ceha-potrosnje-u-eu-snose-druge-zemlje\/","title":{"rendered":"Najve\u0107i deo ekolo\u0161kog ceha potro\u0161nje u EU snose druge zemlje"},"content":{"rendered":"<h2>Teret od potro\u0161a\u010dkog na\u010dina \u017eivota u Evropskoj uniji u najve\u0107oj meri snose zemlje Isto\u010dne Evrope, pokazuju rezultati novog istra\u017eivanja. U analizi &#8216;Ekolo\u0161ki neravnopravne razmene izazvane potro\u0161njom u EU&#8217; koju je objavio \u010dasopis <a href=\"https:\/\/www.nature.com\/articles\/s41893-022-01055-8.epdf?sharing_token=6U8gZXpJqr8zI4t8EhFTjtRgN0jAjWel9jnR3ZoTv0Ni9ciWSRqmSvqLpt7wQP7RtzHrfzTK3tZ0EXNQUKKgICfrd97aboxnCeewPiwT7FvQRiH5vd69haQbb95AZVev6Z0XLjtyjn6rvq76hjIBqzRv3s5X6s7TVEKbNeCNfurt56kse9apuVMZcDaex4aa6gg6O77L8rzCBDvSWq5gbyEjTDOSFYH_FVO5m8QjXEo%3D&amp;tracking_referrer=www.carbonbrief.org\">Nature Sustainability,<\/a> finansijska korist od potro\u0161nje upore\u0111ena je sa ekolo\u0161kim pritiscima i posledicama koje izaziva. Grupa autora je obuhvatila period od 1995. do 2019. godine.<\/h2>\n<p>Neke od najrazvijenih privreda sveta pripadaju Evropskoj uniji. Ve\u0107i prihodi sa sobom povla\u010de i ve\u0107u potro\u0161nju, \u0161to zemlje EU svrstava me\u0111u one sa najve\u0107om stopom potro\u0161nje. Pritiske i uticaje na \u017eivotnu sredinu koji poti\u010du od potro\u0161nje autori su predstavili kroz kvantifikaciju otisaka od potro\u0161nje proizvoda kao i pru\u017eanja usluga.<\/p>\n<p>U istra\u017eivanju je kori\u0161\u0107eno deset pokazatelja: emisije <a href=\"https:\/\/balkangreenenergynews.com\/rs\/cestitke-covecanstvu-nivo-gasova-s-efektom-staklene-baste-u-atmosferi-i-dalje-rusi-rekorde\/\">gasova s efektom staklene ba\u0161te<\/a>, potro\u0161nja materijala, kori\u0161\u0107enje zemlji\u0161ta, potro\u0161nja <a href=\"https:\/\/balkangreenenergynews.com\/rs\/svetski-dan-voda-2022-znacaj-podzemnih-voda-sve-veci\/\">povr\u0161inskih i podzemnih voda<\/a>, koje se zajedno nazivaju plavom vodom, formiranje zaga\u0111uju\u0107ih mikroskopskih \u010destica (PM) u vazduhu, ekotoksi\u010dnost slatke vode, ekotoksi\u010dnost morske vode, kopnena ekotoksi\u010dnost, fotohemijska oksidacija i uru\u0161avanje kvaliteta ekosistema zbog zauzimanja zemlji\u0161ta, koje se meri gubitkom biodiverziteta.<\/p>\n<p>Potro\u0161nja u EU dovodi do pritisaka i uticaja na \u017eivotnu sredinu \u0161irom sveta, dok tako\u0111e stvara dodatu vrednost odnosno uve\u0107ava bruto doma\u0107i proizvod (BDP).<\/p>\n<p>Dodata vrednost ima tendenciju da bude ve\u0107a u onim zemljama u kojima se sama potro\u0161nja odvija. Postoji op\u0161ti obrazac da zemlje koje imaju ve\u0107i BDP trpe manje pritiske i uticaje na \u017eivotnu sredinu. Jedan od faktora su veliki neto tokovi resursa kroz trgovanje u smeru od siroma\u0161nijih ka bogatijim zemljama, takozvana ekolo\u0161ki nejednaka razmena.<\/p>\n<p>Distribucija dodate vrednosti i pritisaka nije jednako raspore\u0111ena unutar EU. Zemlje koje su se u\u010dlanile pre 1995. zadr\u017eavale su mnogo ve\u0107u dodatu vrednost uz mnogo manje pritisaka. U novim \u010dlanicama situacija je obrnuta.<\/p>\n<p>Istra\u017eiva\u010di su pore\u0111enjem indikatora uticaja na okolinu i BDP-a izra\u010dunali koliki je pritisak na koju zemlju.<\/p>\n<h3>\u0160ta ka\u017eu pokazatelji<\/h3>\n<p>Tokom posmatranog vremenskog perioda, od 66 do 77 odsto gasova sa efektom staklene ba\u0161te ispu\u0161teno je unutar EU, a ostatak van njenih granica. Potro\u0161nja materijala u okviru EU iznosila je od 62 do 73 procenata.<\/p>\n<p>Nasuprot tome, potro\u0161nja plave vode bila je konstantno vec\u0301a u zemljama van EU nego unutar nje. Kori\u0161c\u0301enje zemlji\u0161ta i gubitak biodiverziteta je gotovo jednak i u EU i van nje, tokom analiziranog perioda. Me\u0111utim, po svim ostalim indikatorima primetan je trend povec\u0301anja van EU. Ipak, trendovi za neke indikatore nisu potpuno stabilni, jer su se iz godine u godinu menjali.<\/p>\n<figure id=\"attachment_55990\" aria-describedby=\"caption-attachment-55990\" style=\"width: 839px\" class=\"wp-caption aligncenter\"><img loading=\"lazy\" decoding=\"async\" class=\"wp-image-55990 size-full\" src=\"https:\/\/balkangreenenergynews.com\/rs\/wp-content\/uploads\/2023\/02\/Pokazatelji.jpg\" alt=\"Ekonomska korist nasuprot \u0161tete nanete prirodi\" width=\"839\" height=\"430\" srcset=\"https:\/\/balkangreenenergynews.com\/rs\/wp-content\/uploads\/2023\/02\/Pokazatelji.jpg 839w, https:\/\/balkangreenenergynews.com\/rs\/wp-content\/uploads\/2023\/02\/Pokazatelji-500x256.jpg 500w, https:\/\/balkangreenenergynews.com\/rs\/wp-content\/uploads\/2023\/02\/Pokazatelji-768x394.jpg 768w, https:\/\/balkangreenenergynews.com\/rs\/wp-content\/uploads\/2023\/02\/Pokazatelji-300x154.jpg 300w\" sizes=\"auto, (max-width: 839px) 100vw, 839px\" \/><figcaption id=\"caption-attachment-55990\" class=\"wp-caption-text\">Foto: Ekolo\u0161ki neravnopravne razmene izazvane potro\u0161njom u EU<\/figcaption><\/figure>\n<h3>Kategorije proizvoda<\/h3>\n<p>Autori su izdvojili \u0161est kategorija proizvoda: hrana, ode\u0107a, saobra\u0107aj, usluge, proizvodi i sme\u0161taj, kako bi pokazali koliki je njihov pritisak i uticaj na \u017eivotnu sredinu.<\/p>\n<p>U zemljama izvan EU, potro\u0161nja hrane u tom bloku 27 zemalja je najvi\u0161e doprinela kori\u0161c\u0301enju zemlji\u0161ta i gubitku biodiverziteta i izazvala je vi\u0161e od 50 posto potro\u0161nje plave vode. Saobra\u0107aj i proizvodnja su van EU izazvali najvec\u0301u koli\u010dinu ekotoksi\u010dnosti, fotohemijske oksidacije, emisija gasova sa efektom staklene ba\u0161te kao i najve\u0107e formiranje \u010destica.<\/p>\n<p>Saobra\u0107aj je povezan sa vi\u0161e od 40 odsto pritiska ekotoksi\u010dnosti unutar unije. Gasovi sa efektom staklene ba\u0161te emitovani unutar EU su uglavnom izazvani potro\u0161njom vezanom za sme\u0161taj, usluge i hranu. Potro\u0161nja odec\u0301e izvan EU je u emisijama u\u010destvovala sa osam procenata. Sama EU je u tom segmentu bila odgovorna za dva odsto.<\/p>\n<p>Glavni zaklju\u010dak je da se unutar same EU izme\u0111u 1995. i 2019. smanjilo pet od deset ekolo\u0161kih pritisaka i uticaja izazvanih potro\u0161njom. Nasuprot tome, pritisci i uticaji na \u017eivotnu sredinu van EU, izazvani potro\u0161njom u EU, uglavnom su porasli.<\/p>\n<p>Rezultati jo\u0161 otkrivaju da su se pritisci i uticaji na \u017eivotnu sredinu izazvani potro\u0161njom u EU smanjili i u najrazvijenim zemljama \u2013 Sjedinjenim Dr\u017eavama i Kanadi. Nasuprot tome, svi analizirani uticaji i pritisci porasli su u Brazilu, Kini, Indiji i Japanu, kao i regionima Isto\u010dne Evrope i Bliskog istoka.<\/p>\n<h3>Finansijska korist<\/h3>\n<p>Dodata vrednost od potro\u0161nje EU porasla je sa 6,2 biliona evra, iz 1995, na 13,4 biliona, zabele\u017eenih za 2019. godinu. U analiziranom periodu, 86-91 odsto ostvarene dodate vrednosti ostalo je unutar EU. Sjedinjene Dr\u017eave, Velika Britanija i Kina su dobile najve\u0107i deo ostatka.<\/p>\n<p>Srbija, Crna Gora i Albanija, kao i novi kandidati za \u010dlanstvo \u2013 Ukrajina i Moldavija, konstantno su tokom te 24 godine primale najni\u017ei udeo dodate vrednosti u odnosu na pritiske i uticaj koji potro\u0161nja u EU njima stvara.<\/p>\n<h3>Re\u0161enje je u smanjenju potro\u0161nje u EU<\/h3>\n<p>Da bi se izbegli dalji \u0161tetni uticaji na ljudsko zdravlje i ekosisteme unutar EU kao i van nje, od presudne je va\u017enosti smanjiti pritiske na \u017eivotnu sredinu i uticaje povezane sa potro\u0161njom u EU, nagla\u0161avaju autori. \u00a0Neke opcije za potro\u0161nju, kao \u0161to su na\u010din prevoza i promena <a href=\"https:\/\/balkangreenenergynews.com\/rs\/izracunaj-koliko-hrane-bacas-i-prepolovi-kolicinu-radi-ustede-i-zastite-prirode\/\">na\u010dina ishrane<\/a>, mogu zna\u010dajno smanjiti pritiske i uticaje na \u017eivotnu sredinu.<\/p>\n<p>\u0160tavi\u0161e, u usmeravanju trgovinske politike EU treba da se uzmu u obzir pritisci na \u017eivotnu sredinu i uticaji proizvoda i usluga, kako bi se spre\u010dilo dalje prelivanje van EU, stoji u studiji.<\/p>\n","protected":false},"excerpt":{"rendered":"<p>Teret od potro\u0161a\u010dkog na\u010dina \u017eivota u Evropskoj uniji u najve\u0107oj meri snose zemlje Isto\u010dne Evrope, pokazuju rezultati novog istra\u017eivanja<\/p>\n","protected":false},"author":34,"featured_media":56126,"comment_status":"open","ping_status":"open","sticky":false,"template":"","format":"standard","meta":{"_acf_changed":false,"_monsterinsights_skip_tracking":false,"_monsterinsights_sitenote_active":false,"_monsterinsights_sitenote_note":"","_monsterinsights_sitenote_category":0,"footnotes":""},"categories":[4],"tags":[1739,195,1689,6539,4265,4993,5921],"class_list":["post-55985","post","type-post","status-publish","format-standard","has-post-thumbnail","hentry","category-zivotna-sredina","tag-biodiverzitet","tag-eu","tag-gasovi-sa-efektom-staklene-baste","tag-hrana","tag-sopstvena-potrosnja","tag-voda","tag-zivotna-sredina","country-regioneu"],"acf":[],"yoast_head":"<!-- This site is optimized with the Yoast SEO plugin v27.4 - https:\/\/yoast.com\/product\/yoast-seo-wordpress\/ -->\n<title>Najve\u0107i deo ekolo\u0161kog ceha potro\u0161nje u EU snose druge zemlje<\/title>\n<meta name=\"description\" content=\"Teret od potro\u0161a\u010dkog na\u010dina \u017eivota u Evropskoj uniji u najve\u0107oj meri snose zemlje Isto\u010dne Evrope, pokazuju rezultati novog istra\u017eivanja.\" \/>\n<meta name=\"robots\" content=\"index, follow, max-snippet:-1, max-image-preview:large, max-video-preview:-1\" \/>\n<link rel=\"canonical\" href=\"https:\/\/balkangreenenergynews.com\/rs\/najveci-deo-ekoloskog-ceha-potrosnje-u-eu-snose-druge-zemlje\/\" \/>\n<meta property=\"og:locale\" content=\"sr_RS\" \/>\n<meta property=\"og:type\" content=\"article\" \/>\n<meta property=\"og:title\" content=\"Najve\u0107i deo ekolo\u0161kog ceha potro\u0161nje u EU snose druge zemlje\" \/>\n<meta property=\"og:description\" content=\"Teret od potro\u0161a\u010dkog na\u010dina \u017eivota u Evropskoj uniji u najve\u0107oj meri snose zemlje Isto\u010dne Evrope, pokazuju rezultati novog istra\u017eivanja.\" \/>\n<meta property=\"og:url\" content=\"https:\/\/balkangreenenergynews.com\/rs\/najveci-deo-ekoloskog-ceha-potrosnje-u-eu-snose-druge-zemlje\/\" \/>\n<meta property=\"og:site_name\" content=\"Balkan Green Energy News\" \/>\n<meta property=\"article:published_time\" content=\"2023-02-15T10:03:32+00:00\" \/>\n<meta property=\"article:modified_time\" content=\"2023-02-16T08:49:45+00:00\" \/>\n<meta property=\"og:image\" content=\"https:\/\/balkangreenenergynews.com\/rs\/wp-content\/uploads\/2023\/02\/Najveci-deo-ekoloskog-ceha-potrosnje-u-EU-snose-druge-zemlje.jpg\" \/>\n\t<meta property=\"og:image:width\" content=\"840\" \/>\n\t<meta property=\"og:image:height\" content=\"430\" \/>\n\t<meta property=\"og:image:type\" content=\"image\/jpeg\" \/>\n<meta name=\"author\" content=\"Jelisaveta Peri\u0161i\u0107\" \/>\n<meta name=\"twitter:card\" content=\"summary_large_image\" \/>\n<meta name=\"twitter:label1\" content=\"\u041d\u0430\u043f\u0438\u0441\u0430\u043d\u043e \u043e\u0434\" \/>\n\t<meta name=\"twitter:data1\" content=\"Jelisaveta Peri\u0161i\u0107\" \/>\n\t<meta name=\"twitter:label2\" content=\"\u041f\u0440\u043e\u0446\u0435\u045a\u0435\u043d\u043e \u0432\u0440\u0435\u043c\u0435 \u0447\u0438\u0442\u0430\u045a\u0430\" \/>\n\t<meta name=\"twitter:data2\" content=\"5 \u043c\u0438\u043d\u0443\u0442\u0430\" \/>\n<script type=\"application\/ld+json\" class=\"yoast-schema-graph\">{\"@context\":\"https:\\\/\\\/schema.org\",\"@graph\":[{\"@type\":\"Article\",\"@id\":\"https:\\\/\\\/balkangreenenergynews.com\\\/rs\\\/najveci-deo-ekoloskog-ceha-potrosnje-u-eu-snose-druge-zemlje\\\/#article\",\"isPartOf\":{\"@id\":\"https:\\\/\\\/balkangreenenergynews.com\\\/rs\\\/najveci-deo-ekoloskog-ceha-potrosnje-u-eu-snose-druge-zemlje\\\/\"},\"author\":{\"name\":\"Jelisaveta Peri\u0161i\u0107\",\"@id\":\"https:\\\/\\\/balkangreenenergynews.com\\\/rs\\\/#\\\/schema\\\/person\\\/4b3c5831bbc05a72630d12560df2b3f8\"},\"headline\":\"Najve\u0107i deo ekolo\u0161kog ceha potro\u0161nje u EU snose druge zemlje\",\"datePublished\":\"2023-02-15T10:03:32+00:00\",\"dateModified\":\"2023-02-16T08:49:45+00:00\",\"mainEntityOfPage\":{\"@id\":\"https:\\\/\\\/balkangreenenergynews.com\\\/rs\\\/najveci-deo-ekoloskog-ceha-potrosnje-u-eu-snose-druge-zemlje\\\/\"},\"wordCount\":913,\"commentCount\":0,\"image\":{\"@id\":\"https:\\\/\\\/balkangreenenergynews.com\\\/rs\\\/najveci-deo-ekoloskog-ceha-potrosnje-u-eu-snose-druge-zemlje\\\/#primaryimage\"},\"thumbnailUrl\":\"https:\\\/\\\/balkangreenenergynews.com\\\/rs\\\/wp-content\\\/uploads\\\/2023\\\/02\\\/Najveci-deo-ekoloskog-ceha-potrosnje-u-EU-snose-druge-zemlje.jpg?wsr\",\"keywords\":[\"biodiverzitet\",\"EU\",\"gasovi sa efektom staklene ba\u0161te\",\"hrana\",\"sopstvena potro\u0161nja\",\"voda\",\"\u017eivotna sredina\"],\"articleSection\":[\"\u017divotna sredina\"],\"inLanguage\":\"sr-RS\",\"potentialAction\":[{\"@type\":\"CommentAction\",\"name\":\"Comment\",\"target\":[\"https:\\\/\\\/balkangreenenergynews.com\\\/rs\\\/najveci-deo-ekoloskog-ceha-potrosnje-u-eu-snose-druge-zemlje\\\/#respond\"]}]},{\"@type\":\"WebPage\",\"@id\":\"https:\\\/\\\/balkangreenenergynews.com\\\/rs\\\/najveci-deo-ekoloskog-ceha-potrosnje-u-eu-snose-druge-zemlje\\\/\",\"url\":\"https:\\\/\\\/balkangreenenergynews.com\\\/rs\\\/najveci-deo-ekoloskog-ceha-potrosnje-u-eu-snose-druge-zemlje\\\/\",\"name\":\"Najve\u0107i deo ekolo\u0161kog ceha potro\u0161nje u EU snose druge zemlje\",\"isPartOf\":{\"@id\":\"https:\\\/\\\/balkangreenenergynews.com\\\/rs\\\/#website\"},\"primaryImageOfPage\":{\"@id\":\"https:\\\/\\\/balkangreenenergynews.com\\\/rs\\\/najveci-deo-ekoloskog-ceha-potrosnje-u-eu-snose-druge-zemlje\\\/#primaryimage\"},\"image\":{\"@id\":\"https:\\\/\\\/balkangreenenergynews.com\\\/rs\\\/najveci-deo-ekoloskog-ceha-potrosnje-u-eu-snose-druge-zemlje\\\/#primaryimage\"},\"thumbnailUrl\":\"https:\\\/\\\/balkangreenenergynews.com\\\/rs\\\/wp-content\\\/uploads\\\/2023\\\/02\\\/Najveci-deo-ekoloskog-ceha-potrosnje-u-EU-snose-druge-zemlje.jpg?wsr\",\"datePublished\":\"2023-02-15T10:03:32+00:00\",\"dateModified\":\"2023-02-16T08:49:45+00:00\",\"author\":{\"@id\":\"https:\\\/\\\/balkangreenenergynews.com\\\/rs\\\/#\\\/schema\\\/person\\\/4b3c5831bbc05a72630d12560df2b3f8\"},\"description\":\"Teret od potro\u0161a\u010dkog na\u010dina \u017eivota u Evropskoj uniji u najve\u0107oj meri snose zemlje Isto\u010dne Evrope, pokazuju rezultati novog istra\u017eivanja.\",\"breadcrumb\":{\"@id\":\"https:\\\/\\\/balkangreenenergynews.com\\\/rs\\\/najveci-deo-ekoloskog-ceha-potrosnje-u-eu-snose-druge-zemlje\\\/#breadcrumb\"},\"inLanguage\":\"sr-RS\",\"potentialAction\":[{\"@type\":\"ReadAction\",\"target\":[\"https:\\\/\\\/balkangreenenergynews.com\\\/rs\\\/najveci-deo-ekoloskog-ceha-potrosnje-u-eu-snose-druge-zemlje\\\/\"]}]},{\"@type\":\"ImageObject\",\"inLanguage\":\"sr-RS\",\"@id\":\"https:\\\/\\\/balkangreenenergynews.com\\\/rs\\\/najveci-deo-ekoloskog-ceha-potrosnje-u-eu-snose-druge-zemlje\\\/#primaryimage\",\"url\":\"https:\\\/\\\/balkangreenenergynews.com\\\/rs\\\/wp-content\\\/uploads\\\/2023\\\/02\\\/Najveci-deo-ekoloskog-ceha-potrosnje-u-EU-snose-druge-zemlje.jpg?wsr\",\"contentUrl\":\"https:\\\/\\\/balkangreenenergynews.com\\\/rs\\\/wp-content\\\/uploads\\\/2023\\\/02\\\/Najveci-deo-ekoloskog-ceha-potrosnje-u-EU-snose-druge-zemlje.jpg?wsr\",\"width\":840,\"height\":430,\"caption\":\"Najve\u0107i deo ekolo\u0161kog ceha potro\u0161nje u EU snose druge zemlje\"},{\"@type\":\"BreadcrumbList\",\"@id\":\"https:\\\/\\\/balkangreenenergynews.com\\\/rs\\\/najveci-deo-ekoloskog-ceha-potrosnje-u-eu-snose-druge-zemlje\\\/#breadcrumb\",\"itemListElement\":[{\"@type\":\"ListItem\",\"position\":1,\"name\":\"Po\u010detna\",\"item\":\"https:\\\/\\\/balkangreenenergynews.com\\\/rs\\\/\"},{\"@type\":\"ListItem\",\"position\":2,\"name\":\"Vesti\",\"item\":\"https:\\\/\\\/balkangreenenergynews.com\\\/rs\\\/kategorija\\\/vesti\\\/\"},{\"@type\":\"ListItem\",\"position\":3,\"name\":\"\u017divotna sredina\",\"item\":\"https:\\\/\\\/balkangreenenergynews.com\\\/rs\\\/kategorija\\\/vesti\\\/zivotna-sredina\\\/\"},{\"@type\":\"ListItem\",\"position\":4,\"name\":\"Najve\u0107i deo ekolo\u0161kog ceha potro\u0161nje u EU snose druge zemlje\"}]},{\"@type\":\"WebSite\",\"@id\":\"https:\\\/\\\/balkangreenenergynews.com\\\/rs\\\/#website\",\"url\":\"https:\\\/\\\/balkangreenenergynews.com\\\/rs\\\/\",\"name\":\"Balkan Green Energy News\",\"description\":\"Naj\u0161iri izbor vesti sa Balkana o zelenoj energiji\",\"potentialAction\":[{\"@type\":\"SearchAction\",\"target\":{\"@type\":\"EntryPoint\",\"urlTemplate\":\"https:\\\/\\\/balkangreenenergynews.com\\\/rs\\\/?s={search_term_string}\"},\"query-input\":{\"@type\":\"PropertyValueSpecification\",\"valueRequired\":true,\"valueName\":\"search_term_string\"}}],\"inLanguage\":\"sr-RS\"},{\"@type\":\"Person\",\"@id\":\"https:\\\/\\\/balkangreenenergynews.com\\\/rs\\\/#\\\/schema\\\/person\\\/4b3c5831bbc05a72630d12560df2b3f8\",\"name\":\"Jelisaveta Peri\u0161i\u0107\",\"url\":\"https:\\\/\\\/balkangreenenergynews.com\\\/rs\\\/author\\\/jelisavet-perisic\\\/\"}]}<\/script>\n<!-- \/ Yoast SEO plugin. -->","yoast_head_json":{"title":"Najve\u0107i deo ekolo\u0161kog ceha potro\u0161nje u EU snose druge zemlje","description":"Teret od potro\u0161a\u010dkog na\u010dina \u017eivota u Evropskoj uniji u najve\u0107oj meri snose zemlje Isto\u010dne Evrope, pokazuju rezultati novog istra\u017eivanja.","robots":{"index":"index","follow":"follow","max-snippet":"max-snippet:-1","max-image-preview":"max-image-preview:large","max-video-preview":"max-video-preview:-1"},"canonical":"https:\/\/balkangreenenergynews.com\/rs\/najveci-deo-ekoloskog-ceha-potrosnje-u-eu-snose-druge-zemlje\/","og_locale":"sr_RS","og_type":"article","og_title":"Najve\u0107i deo ekolo\u0161kog ceha potro\u0161nje u EU snose druge zemlje","og_description":"Teret od potro\u0161a\u010dkog na\u010dina \u017eivota u Evropskoj uniji u najve\u0107oj meri snose zemlje Isto\u010dne Evrope, pokazuju rezultati novog istra\u017eivanja.","og_url":"https:\/\/balkangreenenergynews.com\/rs\/najveci-deo-ekoloskog-ceha-potrosnje-u-eu-snose-druge-zemlje\/","og_site_name":"Balkan Green Energy News","article_published_time":"2023-02-15T10:03:32+00:00","article_modified_time":"2023-02-16T08:49:45+00:00","og_image":[{"width":840,"height":430,"url":"https:\/\/balkangreenenergynews.com\/rs\/wp-content\/uploads\/2023\/02\/Najveci-deo-ekoloskog-ceha-potrosnje-u-EU-snose-druge-zemlje.jpg","type":"image\/jpeg"}],"author":"Jelisaveta Peri\u0161i\u0107","twitter_card":"summary_large_image","twitter_misc":{"\u041d\u0430\u043f\u0438\u0441\u0430\u043d\u043e \u043e\u0434":"Jelisaveta Peri\u0161i\u0107","\u041f\u0440\u043e\u0446\u0435\u045a\u0435\u043d\u043e \u0432\u0440\u0435\u043c\u0435 \u0447\u0438\u0442\u0430\u045a\u0430":"5 \u043c\u0438\u043d\u0443\u0442\u0430"},"schema":{"@context":"https:\/\/schema.org","@graph":[{"@type":"Article","@id":"https:\/\/balkangreenenergynews.com\/rs\/najveci-deo-ekoloskog-ceha-potrosnje-u-eu-snose-druge-zemlje\/#article","isPartOf":{"@id":"https:\/\/balkangreenenergynews.com\/rs\/najveci-deo-ekoloskog-ceha-potrosnje-u-eu-snose-druge-zemlje\/"},"author":{"name":"Jelisaveta Peri\u0161i\u0107","@id":"https:\/\/balkangreenenergynews.com\/rs\/#\/schema\/person\/4b3c5831bbc05a72630d12560df2b3f8"},"headline":"Najve\u0107i deo ekolo\u0161kog ceha potro\u0161nje u EU snose druge zemlje","datePublished":"2023-02-15T10:03:32+00:00","dateModified":"2023-02-16T08:49:45+00:00","mainEntityOfPage":{"@id":"https:\/\/balkangreenenergynews.com\/rs\/najveci-deo-ekoloskog-ceha-potrosnje-u-eu-snose-druge-zemlje\/"},"wordCount":913,"commentCount":0,"image":{"@id":"https:\/\/balkangreenenergynews.com\/rs\/najveci-deo-ekoloskog-ceha-potrosnje-u-eu-snose-druge-zemlje\/#primaryimage"},"thumbnailUrl":"https:\/\/balkangreenenergynews.com\/rs\/wp-content\/uploads\/2023\/02\/Najveci-deo-ekoloskog-ceha-potrosnje-u-EU-snose-druge-zemlje.jpg?wsr","keywords":["biodiverzitet","EU","gasovi sa efektom staklene ba\u0161te","hrana","sopstvena potro\u0161nja","voda","\u017eivotna sredina"],"articleSection":["\u017divotna sredina"],"inLanguage":"sr-RS","potentialAction":[{"@type":"CommentAction","name":"Comment","target":["https:\/\/balkangreenenergynews.com\/rs\/najveci-deo-ekoloskog-ceha-potrosnje-u-eu-snose-druge-zemlje\/#respond"]}]},{"@type":"WebPage","@id":"https:\/\/balkangreenenergynews.com\/rs\/najveci-deo-ekoloskog-ceha-potrosnje-u-eu-snose-druge-zemlje\/","url":"https:\/\/balkangreenenergynews.com\/rs\/najveci-deo-ekoloskog-ceha-potrosnje-u-eu-snose-druge-zemlje\/","name":"Najve\u0107i deo ekolo\u0161kog ceha potro\u0161nje u EU snose druge zemlje","isPartOf":{"@id":"https:\/\/balkangreenenergynews.com\/rs\/#website"},"primaryImageOfPage":{"@id":"https:\/\/balkangreenenergynews.com\/rs\/najveci-deo-ekoloskog-ceha-potrosnje-u-eu-snose-druge-zemlje\/#primaryimage"},"image":{"@id":"https:\/\/balkangreenenergynews.com\/rs\/najveci-deo-ekoloskog-ceha-potrosnje-u-eu-snose-druge-zemlje\/#primaryimage"},"thumbnailUrl":"https:\/\/balkangreenenergynews.com\/rs\/wp-content\/uploads\/2023\/02\/Najveci-deo-ekoloskog-ceha-potrosnje-u-EU-snose-druge-zemlje.jpg?wsr","datePublished":"2023-02-15T10:03:32+00:00","dateModified":"2023-02-16T08:49:45+00:00","author":{"@id":"https:\/\/balkangreenenergynews.com\/rs\/#\/schema\/person\/4b3c5831bbc05a72630d12560df2b3f8"},"description":"Teret od potro\u0161a\u010dkog na\u010dina \u017eivota u Evropskoj uniji u najve\u0107oj meri snose zemlje Isto\u010dne Evrope, pokazuju rezultati novog istra\u017eivanja.","breadcrumb":{"@id":"https:\/\/balkangreenenergynews.com\/rs\/najveci-deo-ekoloskog-ceha-potrosnje-u-eu-snose-druge-zemlje\/#breadcrumb"},"inLanguage":"sr-RS","potentialAction":[{"@type":"ReadAction","target":["https:\/\/balkangreenenergynews.com\/rs\/najveci-deo-ekoloskog-ceha-potrosnje-u-eu-snose-druge-zemlje\/"]}]},{"@type":"ImageObject","inLanguage":"sr-RS","@id":"https:\/\/balkangreenenergynews.com\/rs\/najveci-deo-ekoloskog-ceha-potrosnje-u-eu-snose-druge-zemlje\/#primaryimage","url":"https:\/\/balkangreenenergynews.com\/rs\/wp-content\/uploads\/2023\/02\/Najveci-deo-ekoloskog-ceha-potrosnje-u-EU-snose-druge-zemlje.jpg?wsr","contentUrl":"https:\/\/balkangreenenergynews.com\/rs\/wp-content\/uploads\/2023\/02\/Najveci-deo-ekoloskog-ceha-potrosnje-u-EU-snose-druge-zemlje.jpg?wsr","width":840,"height":430,"caption":"Najve\u0107i deo ekolo\u0161kog ceha potro\u0161nje u EU snose druge zemlje"},{"@type":"BreadcrumbList","@id":"https:\/\/balkangreenenergynews.com\/rs\/najveci-deo-ekoloskog-ceha-potrosnje-u-eu-snose-druge-zemlje\/#breadcrumb","itemListElement":[{"@type":"ListItem","position":1,"name":"Po\u010detna","item":"https:\/\/balkangreenenergynews.com\/rs\/"},{"@type":"ListItem","position":2,"name":"Vesti","item":"https:\/\/balkangreenenergynews.com\/rs\/kategorija\/vesti\/"},{"@type":"ListItem","position":3,"name":"\u017divotna sredina","item":"https:\/\/balkangreenenergynews.com\/rs\/kategorija\/vesti\/zivotna-sredina\/"},{"@type":"ListItem","position":4,"name":"Najve\u0107i deo ekolo\u0161kog ceha potro\u0161nje u EU snose druge zemlje"}]},{"@type":"WebSite","@id":"https:\/\/balkangreenenergynews.com\/rs\/#website","url":"https:\/\/balkangreenenergynews.com\/rs\/","name":"Balkan Green Energy News","description":"Naj\u0161iri izbor vesti sa Balkana o zelenoj energiji","potentialAction":[{"@type":"SearchAction","target":{"@type":"EntryPoint","urlTemplate":"https:\/\/balkangreenenergynews.com\/rs\/?s={search_term_string}"},"query-input":{"@type":"PropertyValueSpecification","valueRequired":true,"valueName":"search_term_string"}}],"inLanguage":"sr-RS"},{"@type":"Person","@id":"https:\/\/balkangreenenergynews.com\/rs\/#\/schema\/person\/4b3c5831bbc05a72630d12560df2b3f8","name":"Jelisaveta Peri\u0161i\u0107","url":"https:\/\/balkangreenenergynews.com\/rs\/author\/jelisavet-perisic\/"}]}},"_links":{"self":[{"href":"https:\/\/balkangreenenergynews.com\/rs\/wp-json\/wp\/v2\/posts\/55985","targetHints":{"allow":["GET"]}}],"collection":[{"href":"https:\/\/balkangreenenergynews.com\/rs\/wp-json\/wp\/v2\/posts"}],"about":[{"href":"https:\/\/balkangreenenergynews.com\/rs\/wp-json\/wp\/v2\/types\/post"}],"author":[{"embeddable":true,"href":"https:\/\/balkangreenenergynews.com\/rs\/wp-json\/wp\/v2\/users\/34"}],"replies":[{"embeddable":true,"href":"https:\/\/balkangreenenergynews.com\/rs\/wp-json\/wp\/v2\/comments?post=55985"}],"version-history":[{"count":0,"href":"https:\/\/balkangreenenergynews.com\/rs\/wp-json\/wp\/v2\/posts\/55985\/revisions"}],"wp:featuredmedia":[{"embeddable":true,"href":"https:\/\/balkangreenenergynews.com\/rs\/wp-json\/wp\/v2\/media\/56126"}],"wp:attachment":[{"href":"https:\/\/balkangreenenergynews.com\/rs\/wp-json\/wp\/v2\/media?parent=55985"}],"wp:term":[{"taxonomy":"category","embeddable":true,"href":"https:\/\/balkangreenenergynews.com\/rs\/wp-json\/wp\/v2\/categories?post=55985"},{"taxonomy":"post_tag","embeddable":true,"href":"https:\/\/balkangreenenergynews.com\/rs\/wp-json\/wp\/v2\/tags?post=55985"}],"curies":[{"name":"wp","href":"https:\/\/api.w.org\/{rel}","templated":true}]}}