{"id":55780,"date":"2023-02-07T14:50:50","date_gmt":"2023-02-07T13:50:50","guid":{"rendered":"https:\/\/balkangreenenergynews.com\/rs\/?p=55780"},"modified":"2023-02-07T14:52:51","modified_gmt":"2023-02-07T13:52:51","slug":"solc-u-nemackoj-ce-svakog-dana-biti-instalirano-cetiri-do-pet-kopnenih-vetroturbina","status":"publish","type":"post","link":"https:\/\/balkangreenenergynews.com\/rs\/solc-u-nemackoj-ce-svakog-dana-biti-instalirano-cetiri-do-pet-kopnenih-vetroturbina\/","title":{"rendered":"\u0160olc: U Nema\u010dkoj \u0107e svakog dana biti instalirano \u010detiri do pet kopnenih vetroturbina"},"content":{"rendered":"<h2>Nema\u010dka \u0107e iskoristiti zamah nastao proteklih meseci da postigne stvaran napredak u pove\u0107anju kapaciteta iz solara i vetra i smanji zavisnost o fosilnim gorivima, kazao je kancelar Olaf \u0160olc. &#8222;Najkasnije 2030. \u0107e svakog dana biti prose\u010dno po \u010detiri do pet novih kopnenih vetroturbina&#8220; na mre\u017ei, tvrdi \u0161ef vlade.<\/h2>\n<p>Najve\u0107a evropska privreda <a href=\"https:\/\/balkangreenenergynews.com\/rs\/evropske-aukcije-za-vetroparkove-sve-vise-vrednuju-biodiverzitet-i-integraciju-u-sistem-u-odnosu-na-cenu\/\">gazi<\/a> ogromnim <a href=\"https:\/\/balkangreenenergynews.com\/rs\/ember-vetar-i-solar-proizveli-vise-struje-nego-gas-u-eu\/\">koracima<\/a> u <a href=\"https:\/\/balkangreenenergynews.com\/rs\/novi-kapaciteti-vetroelektrana-u-eu-skocili-33-uprkos-izazovima\/\">ispunjavanju<\/a> ciljeva za energetsku tranziciju i <a href=\"https:\/\/balkangreenenergynews.com\/rs\/handelsblatt-nemacka-zeli-rudnik-litijuma-u-srbiji-kako-bi-evropa-smanjila-zavisnost-od-kine\/\">klimu,<\/a> ali stopa uve\u0107anja kapaciteta vetroparkova i solarnih elektrana jo\u0161 nije dovoljno visoka. Upitan u intervjuu za <a href=\"https:\/\/www.bild.de\/politik\/inland\/politik-inland\/olaf-scholz-im-bams-interview-klimakleber-viele-schuetteln-den-kopf-ich-auch-82789486.bild.html\">Bild<\/a> o pro\u0161logodi\u0161njoj relativno niskoj novoinstaliranoj snazi u sektoru vetra, nema\u010dki kancelar Olaf \u0160olc rekao je da njegov kabinet pristupa tom pitanju sa &#8222;vojnom precizno\u0161\u0107u&#8220;.<\/p>\n<p>Zakon koji reguli\u0161e kopnene vetroelektrane usvojen je pro\u0161le godine, a upravo je stupio na snagu. \u0160olc je izjavio da njegov kabinet priprema raspored sa rokovima za uve\u0107anje kapaciteta kako bi se postigli ciljevi za teku\u0107u deceniju. &#8222;Najkasnije 2030. \u0107e svakog dana biti prose\u010dno po \u010detiri do pet novih kopnenih vetroturbina&#8220; na mre\u017ei, tvrdi \u0161ef vlade.<\/p>\n<h3>Kapacitet iz vetra mora da se udvostru\u010di pre kraja 2030. godine<\/h3>\n<p>Cilj u navedenom segmentu je 115 gigavata, u pore\u0111enju s trenutnih 58 gigavata na mre\u017ei \u2013 Nema\u010dka je pro\u0161le godine dodala samo 2,4 gigavata. Ipak, novi kapacitet je bio impresivnih 25 odsto ve\u0107i nego 2021. godine. Po novim propisima, 2032. \u0107e ukupno dva odsto zemlji\u0161ta morati da bude izdvojeno za vetroparkove.<\/p>\n<blockquote><p>Sastanci sa zvani\u010dnicima iz svih 16 saveznih pokrajina bi\u0107e odr\u017eavani svakog meseca<\/p><\/blockquote>\n<p>\u0160olc je obe\u0107ao da \u0107e iskoristiti zamah iz prethodnih meseci da se ostvari opipljiv napredak u instaliranju vetroturbina i solarnih panela i smanji zavisnost od <a href=\"https:\/\/balkangreenenergynews.com\/rs\/nemacka-ne-odustaje-od-prirodnog-gasa-kao-tranzicionog-goriva\/\">fosilnog gasa,<\/a> nafte i <a href=\"https:\/\/balkangreenenergynews.com\/rs\/ugalj-klima-10-ili-kako-je-klimatska-akcija-dozivela-poraz-u-malom-nemackom-selu\/\">uglja.<\/a> Izjavio je da \u0107e se svakog meseca odr\u017eavati sastanci s visokim zvani\u010dnicima iz svih 16 saveznih pokrajina, radi procene i pove\u0107anja stopa ekspanzije.<\/p>\n<h3>Nema\u010dka ostaje glavno tr\u017ei\u0161te za solar u EU<\/h3>\n<p>Po podacima Nema\u010dke solarne asocijacije \u2013 BSW-Solar, kapacitet proizvodnje struje iz energije sunca je 2022. pove\u0107an 28 procenata ili 7,2 gigavata, na 66,5 gigavata. Cilj za 2030. je 215 gigavata. Fotonaponski sistemi su u proizvodnji elektri\u010dne energije u\u010destvovali sa 12 odsto.<\/p>\n<blockquote><p>Kapacitet fotonaponskih sistema mora da se utrostru\u010di najkasnije do kraja decenije<\/p><\/blockquote>\n<p>U svom novom izve\u0161taju, SolarPower Europe je saop\u0161tio da je Nema\u010dka pro\u0161le godine uve\u0107ala kapacitet za 7,9 gigavata i tako ostala najve\u0107e tr\u017ei\u0161te u tom sektoru u Evropskoj uniji, sa ukupno 68,5 gigavata.<\/p>\n<p>Nema\u010dka asocijacija energetike i industrije vode (BDEW) i konsultantska ku\u0107a EY procenili su da su u ovoj zemlji za ispunjavanje ciljeva za energetsku tranziciju za 2030 potrebna ulaganja od 600 milijardi evra. Nema\u010dka planira da postane ugljeni\u010dno neutralna ve\u0107 2045. godine.<\/p>\n","protected":false},"excerpt":{"rendered":"<p>Nema\u010dka \u0107e iskoristiti zamah nastao proteklih meseci da postigne stvaran napredak u pove\u0107anju kapaciteta iz solara i vetra<\/p>\n","protected":false},"author":27,"featured_media":55793,"comment_status":"open","ping_status":"open","sticky":false,"template":"","format":"standard","meta":{"_acf_changed":false,"_monsterinsights_skip_tracking":false,"_monsterinsights_sitenote_active":false,"_monsterinsights_sitenote_note":"","_monsterinsights_sitenote_category":0,"footnotes":""},"categories":[504,1],"tags":[3279,669,1854,6415,647,6721,1890,2341],"class_list":["post-55780","post","type-post","status-publish","format-standard","has-post-thumbnail","hentry","category-elektricna-energija","category-obnovljivi-izvori-energije","tag-dekarbonizacija","tag-elektricna-energija","tag-energetska-tranzicija","tag-izjava-dana","tag-obnovljivi-izvori-energije","tag-olaf-solc","tag-solarne-elektrane","tag-vetroelektrane","country-regioneu"],"acf":[],"yoast_head":"<!-- This site is optimized with the Yoast SEO plugin v27.4 - https:\/\/yoast.com\/product\/yoast-seo-wordpress\/ -->\n<title>\u0160olc: U Nema\u010dkoj \u0107e svakog dana biti instalirano \u010detiri do pet kopnenih vetroturbina<\/title>\n<meta name=\"description\" content=\"Nema\u010dka \u0107e iskoristiti zamah nastao proteklih meseci da postigne stvaran napredak u pove\u0107anju kapaciteta iz solara i vetra.\" \/>\n<meta name=\"robots\" content=\"index, follow, max-snippet:-1, max-image-preview:large, max-video-preview:-1\" \/>\n<link rel=\"canonical\" href=\"https:\/\/balkangreenenergynews.com\/rs\/solc-u-nemackoj-ce-svakog-dana-biti-instalirano-cetiri-do-pet-kopnenih-vetroturbina\/\" \/>\n<meta property=\"og:locale\" content=\"sr_RS\" \/>\n<meta property=\"og:type\" content=\"article\" \/>\n<meta property=\"og:title\" content=\"\u0160olc: U Nema\u010dkoj \u0107e svakog dana biti instalirano \u010detiri do pet kopnenih vetroturbina\" \/>\n<meta property=\"og:description\" content=\"Nema\u010dka \u0107e iskoristiti zamah nastao proteklih meseci da postigne stvaran napredak u pove\u0107anju kapaciteta iz solara i vetra.\" \/>\n<meta property=\"og:url\" content=\"https:\/\/balkangreenenergynews.com\/rs\/solc-u-nemackoj-ce-svakog-dana-biti-instalirano-cetiri-do-pet-kopnenih-vetroturbina\/\" \/>\n<meta property=\"og:site_name\" content=\"Balkan Green Energy News\" \/>\n<meta property=\"article:published_time\" content=\"2023-02-07T13:50:50+00:00\" \/>\n<meta property=\"article:modified_time\" content=\"2023-02-07T13:52:51+00:00\" \/>\n<meta property=\"og:image\" content=\"https:\/\/balkangreenenergynews.com\/rs\/wp-content\/uploads\/2023\/02\/Solc-U-Nemackoj-svakog-dana-instalirano-cetiri-pet-kopnenih-vetroturbina.jpg\" \/>\n\t<meta property=\"og:image:width\" content=\"840\" \/>\n\t<meta property=\"og:image:height\" content=\"430\" \/>\n\t<meta property=\"og:image:type\" content=\"image\/jpeg\" \/>\n<meta name=\"author\" content=\"Igor Todorovi\u0107\" \/>\n<meta name=\"twitter:card\" content=\"summary_large_image\" \/>\n<meta name=\"twitter:label1\" content=\"\u041d\u0430\u043f\u0438\u0441\u0430\u043d\u043e \u043e\u0434\" \/>\n\t<meta name=\"twitter:data1\" content=\"Igor Todorovi\u0107\" \/>\n\t<meta name=\"twitter:label2\" content=\"\u041f\u0440\u043e\u0446\u0435\u045a\u0435\u043d\u043e \u0432\u0440\u0435\u043c\u0435 \u0447\u0438\u0442\u0430\u045a\u0430\" \/>\n\t<meta name=\"twitter:data2\" content=\"3 \u043c\u0438\u043d\u0443\u0442\u0430\" \/>\n<script type=\"application\/ld+json\" class=\"yoast-schema-graph\">{\"@context\":\"https:\\\/\\\/schema.org\",\"@graph\":[{\"@type\":\"Article\",\"@id\":\"https:\\\/\\\/balkangreenenergynews.com\\\/rs\\\/solc-u-nemackoj-ce-svakog-dana-biti-instalirano-cetiri-do-pet-kopnenih-vetroturbina\\\/#article\",\"isPartOf\":{\"@id\":\"https:\\\/\\\/balkangreenenergynews.com\\\/rs\\\/solc-u-nemackoj-ce-svakog-dana-biti-instalirano-cetiri-do-pet-kopnenih-vetroturbina\\\/\"},\"author\":{\"name\":\"Igor Todorovi\u0107\",\"@id\":\"https:\\\/\\\/balkangreenenergynews.com\\\/rs\\\/#\\\/schema\\\/person\\\/d8f80a244c4e9f2b55e4f6968c253246\"},\"headline\":\"\u0160olc: U Nema\u010dkoj \u0107e svakog dana biti instalirano \u010detiri do pet kopnenih vetroturbina\",\"datePublished\":\"2023-02-07T13:50:50+00:00\",\"dateModified\":\"2023-02-07T13:52:51+00:00\",\"mainEntityOfPage\":{\"@id\":\"https:\\\/\\\/balkangreenenergynews.com\\\/rs\\\/solc-u-nemackoj-ce-svakog-dana-biti-instalirano-cetiri-do-pet-kopnenih-vetroturbina\\\/\"},\"wordCount\":458,\"commentCount\":0,\"image\":{\"@id\":\"https:\\\/\\\/balkangreenenergynews.com\\\/rs\\\/solc-u-nemackoj-ce-svakog-dana-biti-instalirano-cetiri-do-pet-kopnenih-vetroturbina\\\/#primaryimage\"},\"thumbnailUrl\":\"https:\\\/\\\/balkangreenenergynews.com\\\/rs\\\/wp-content\\\/uploads\\\/2023\\\/02\\\/Solc-U-Nemackoj-svakog-dana-instalirano-cetiri-pet-kopnenih-vetroturbina.jpg?wsr\",\"keywords\":[\"dekarbonizacija\",\"elektri\u010dna energija\",\"energetska tranzicija\",\"Izjava dana\",\"obnovljivi izvori energije\",\"Olaf \u0160olc\",\"solarne elektrane\",\"vetroelektrane\"],\"articleSection\":[\"Elektri\u010dna energija\",\"OIE\"],\"inLanguage\":\"sr-RS\",\"potentialAction\":[{\"@type\":\"CommentAction\",\"name\":\"Comment\",\"target\":[\"https:\\\/\\\/balkangreenenergynews.com\\\/rs\\\/solc-u-nemackoj-ce-svakog-dana-biti-instalirano-cetiri-do-pet-kopnenih-vetroturbina\\\/#respond\"]}]},{\"@type\":\"WebPage\",\"@id\":\"https:\\\/\\\/balkangreenenergynews.com\\\/rs\\\/solc-u-nemackoj-ce-svakog-dana-biti-instalirano-cetiri-do-pet-kopnenih-vetroturbina\\\/\",\"url\":\"https:\\\/\\\/balkangreenenergynews.com\\\/rs\\\/solc-u-nemackoj-ce-svakog-dana-biti-instalirano-cetiri-do-pet-kopnenih-vetroturbina\\\/\",\"name\":\"\u0160olc: U Nema\u010dkoj \u0107e svakog dana biti instalirano \u010detiri do pet kopnenih vetroturbina\",\"isPartOf\":{\"@id\":\"https:\\\/\\\/balkangreenenergynews.com\\\/rs\\\/#website\"},\"primaryImageOfPage\":{\"@id\":\"https:\\\/\\\/balkangreenenergynews.com\\\/rs\\\/solc-u-nemackoj-ce-svakog-dana-biti-instalirano-cetiri-do-pet-kopnenih-vetroturbina\\\/#primaryimage\"},\"image\":{\"@id\":\"https:\\\/\\\/balkangreenenergynews.com\\\/rs\\\/solc-u-nemackoj-ce-svakog-dana-biti-instalirano-cetiri-do-pet-kopnenih-vetroturbina\\\/#primaryimage\"},\"thumbnailUrl\":\"https:\\\/\\\/balkangreenenergynews.com\\\/rs\\\/wp-content\\\/uploads\\\/2023\\\/02\\\/Solc-U-Nemackoj-svakog-dana-instalirano-cetiri-pet-kopnenih-vetroturbina.jpg?wsr\",\"datePublished\":\"2023-02-07T13:50:50+00:00\",\"dateModified\":\"2023-02-07T13:52:51+00:00\",\"author\":{\"@id\":\"https:\\\/\\\/balkangreenenergynews.com\\\/rs\\\/#\\\/schema\\\/person\\\/d8f80a244c4e9f2b55e4f6968c253246\"},\"description\":\"Nema\u010dka \u0107e iskoristiti zamah nastao proteklih meseci da postigne stvaran napredak u pove\u0107anju kapaciteta iz solara i vetra.\",\"breadcrumb\":{\"@id\":\"https:\\\/\\\/balkangreenenergynews.com\\\/rs\\\/solc-u-nemackoj-ce-svakog-dana-biti-instalirano-cetiri-do-pet-kopnenih-vetroturbina\\\/#breadcrumb\"},\"inLanguage\":\"sr-RS\",\"potentialAction\":[{\"@type\":\"ReadAction\",\"target\":[\"https:\\\/\\\/balkangreenenergynews.com\\\/rs\\\/solc-u-nemackoj-ce-svakog-dana-biti-instalirano-cetiri-do-pet-kopnenih-vetroturbina\\\/\"]}]},{\"@type\":\"ImageObject\",\"inLanguage\":\"sr-RS\",\"@id\":\"https:\\\/\\\/balkangreenenergynews.com\\\/rs\\\/solc-u-nemackoj-ce-svakog-dana-biti-instalirano-cetiri-do-pet-kopnenih-vetroturbina\\\/#primaryimage\",\"url\":\"https:\\\/\\\/balkangreenenergynews.com\\\/rs\\\/wp-content\\\/uploads\\\/2023\\\/02\\\/Solc-U-Nemackoj-svakog-dana-instalirano-cetiri-pet-kopnenih-vetroturbina.jpg?wsr\",\"contentUrl\":\"https:\\\/\\\/balkangreenenergynews.com\\\/rs\\\/wp-content\\\/uploads\\\/2023\\\/02\\\/Solc-U-Nemackoj-svakog-dana-instalirano-cetiri-pet-kopnenih-vetroturbina.jpg?wsr\",\"width\":840,\"height\":430,\"caption\":\"Solc U Nemackoj svakog dana instalirano cetiri pet kopnenih vetroturbina\"},{\"@type\":\"BreadcrumbList\",\"@id\":\"https:\\\/\\\/balkangreenenergynews.com\\\/rs\\\/solc-u-nemackoj-ce-svakog-dana-biti-instalirano-cetiri-do-pet-kopnenih-vetroturbina\\\/#breadcrumb\",\"itemListElement\":[{\"@type\":\"ListItem\",\"position\":1,\"name\":\"Po\u010detna\",\"item\":\"https:\\\/\\\/balkangreenenergynews.com\\\/rs\\\/\"},{\"@type\":\"ListItem\",\"position\":2,\"name\":\"Vesti\",\"item\":\"https:\\\/\\\/balkangreenenergynews.com\\\/rs\\\/kategorija\\\/vesti\\\/\"},{\"@type\":\"ListItem\",\"position\":3,\"name\":\"OIE\",\"item\":\"https:\\\/\\\/balkangreenenergynews.com\\\/rs\\\/kategorija\\\/vesti\\\/obnovljivi-izvori-energije\\\/\"},{\"@type\":\"ListItem\",\"position\":4,\"name\":\"\u0160olc: U Nema\u010dkoj \u0107e svakog dana biti instalirano \u010detiri do pet kopnenih vetroturbina\"}]},{\"@type\":\"WebSite\",\"@id\":\"https:\\\/\\\/balkangreenenergynews.com\\\/rs\\\/#website\",\"url\":\"https:\\\/\\\/balkangreenenergynews.com\\\/rs\\\/\",\"name\":\"Balkan Green Energy News\",\"description\":\"Naj\u0161iri izbor vesti sa Balkana o zelenoj energiji\",\"potentialAction\":[{\"@type\":\"SearchAction\",\"target\":{\"@type\":\"EntryPoint\",\"urlTemplate\":\"https:\\\/\\\/balkangreenenergynews.com\\\/rs\\\/?s={search_term_string}\"},\"query-input\":{\"@type\":\"PropertyValueSpecification\",\"valueRequired\":true,\"valueName\":\"search_term_string\"}}],\"inLanguage\":\"sr-RS\"},{\"@type\":\"Person\",\"@id\":\"https:\\\/\\\/balkangreenenergynews.com\\\/rs\\\/#\\\/schema\\\/person\\\/d8f80a244c4e9f2b55e4f6968c253246\",\"name\":\"Igor Todorovi\u0107\",\"url\":\"https:\\\/\\\/balkangreenenergynews.com\\\/rs\\\/author\\\/igor-todorovic\\\/\"}]}<\/script>\n<!-- \/ Yoast SEO plugin. -->","yoast_head_json":{"title":"\u0160olc: U Nema\u010dkoj \u0107e svakog dana biti instalirano \u010detiri do pet kopnenih vetroturbina","description":"Nema\u010dka \u0107e iskoristiti zamah nastao proteklih meseci da postigne stvaran napredak u pove\u0107anju kapaciteta iz solara i vetra.","robots":{"index":"index","follow":"follow","max-snippet":"max-snippet:-1","max-image-preview":"max-image-preview:large","max-video-preview":"max-video-preview:-1"},"canonical":"https:\/\/balkangreenenergynews.com\/rs\/solc-u-nemackoj-ce-svakog-dana-biti-instalirano-cetiri-do-pet-kopnenih-vetroturbina\/","og_locale":"sr_RS","og_type":"article","og_title":"\u0160olc: U Nema\u010dkoj \u0107e svakog dana biti instalirano \u010detiri do pet kopnenih vetroturbina","og_description":"Nema\u010dka \u0107e iskoristiti zamah nastao proteklih meseci da postigne stvaran napredak u pove\u0107anju kapaciteta iz solara i vetra.","og_url":"https:\/\/balkangreenenergynews.com\/rs\/solc-u-nemackoj-ce-svakog-dana-biti-instalirano-cetiri-do-pet-kopnenih-vetroturbina\/","og_site_name":"Balkan Green Energy News","article_published_time":"2023-02-07T13:50:50+00:00","article_modified_time":"2023-02-07T13:52:51+00:00","og_image":[{"width":840,"height":430,"url":"https:\/\/balkangreenenergynews.com\/rs\/wp-content\/uploads\/2023\/02\/Solc-U-Nemackoj-svakog-dana-instalirano-cetiri-pet-kopnenih-vetroturbina.jpg","type":"image\/jpeg"}],"author":"Igor Todorovi\u0107","twitter_card":"summary_large_image","twitter_misc":{"\u041d\u0430\u043f\u0438\u0441\u0430\u043d\u043e \u043e\u0434":"Igor Todorovi\u0107","\u041f\u0440\u043e\u0446\u0435\u045a\u0435\u043d\u043e \u0432\u0440\u0435\u043c\u0435 \u0447\u0438\u0442\u0430\u045a\u0430":"3 \u043c\u0438\u043d\u0443\u0442\u0430"},"schema":{"@context":"https:\/\/schema.org","@graph":[{"@type":"Article","@id":"https:\/\/balkangreenenergynews.com\/rs\/solc-u-nemackoj-ce-svakog-dana-biti-instalirano-cetiri-do-pet-kopnenih-vetroturbina\/#article","isPartOf":{"@id":"https:\/\/balkangreenenergynews.com\/rs\/solc-u-nemackoj-ce-svakog-dana-biti-instalirano-cetiri-do-pet-kopnenih-vetroturbina\/"},"author":{"name":"Igor Todorovi\u0107","@id":"https:\/\/balkangreenenergynews.com\/rs\/#\/schema\/person\/d8f80a244c4e9f2b55e4f6968c253246"},"headline":"\u0160olc: U Nema\u010dkoj \u0107e svakog dana biti instalirano \u010detiri do pet kopnenih vetroturbina","datePublished":"2023-02-07T13:50:50+00:00","dateModified":"2023-02-07T13:52:51+00:00","mainEntityOfPage":{"@id":"https:\/\/balkangreenenergynews.com\/rs\/solc-u-nemackoj-ce-svakog-dana-biti-instalirano-cetiri-do-pet-kopnenih-vetroturbina\/"},"wordCount":458,"commentCount":0,"image":{"@id":"https:\/\/balkangreenenergynews.com\/rs\/solc-u-nemackoj-ce-svakog-dana-biti-instalirano-cetiri-do-pet-kopnenih-vetroturbina\/#primaryimage"},"thumbnailUrl":"https:\/\/balkangreenenergynews.com\/rs\/wp-content\/uploads\/2023\/02\/Solc-U-Nemackoj-svakog-dana-instalirano-cetiri-pet-kopnenih-vetroturbina.jpg?wsr","keywords":["dekarbonizacija","elektri\u010dna energija","energetska tranzicija","Izjava dana","obnovljivi izvori energije","Olaf \u0160olc","solarne elektrane","vetroelektrane"],"articleSection":["Elektri\u010dna energija","OIE"],"inLanguage":"sr-RS","potentialAction":[{"@type":"CommentAction","name":"Comment","target":["https:\/\/balkangreenenergynews.com\/rs\/solc-u-nemackoj-ce-svakog-dana-biti-instalirano-cetiri-do-pet-kopnenih-vetroturbina\/#respond"]}]},{"@type":"WebPage","@id":"https:\/\/balkangreenenergynews.com\/rs\/solc-u-nemackoj-ce-svakog-dana-biti-instalirano-cetiri-do-pet-kopnenih-vetroturbina\/","url":"https:\/\/balkangreenenergynews.com\/rs\/solc-u-nemackoj-ce-svakog-dana-biti-instalirano-cetiri-do-pet-kopnenih-vetroturbina\/","name":"\u0160olc: U Nema\u010dkoj \u0107e svakog dana biti instalirano \u010detiri do pet kopnenih vetroturbina","isPartOf":{"@id":"https:\/\/balkangreenenergynews.com\/rs\/#website"},"primaryImageOfPage":{"@id":"https:\/\/balkangreenenergynews.com\/rs\/solc-u-nemackoj-ce-svakog-dana-biti-instalirano-cetiri-do-pet-kopnenih-vetroturbina\/#primaryimage"},"image":{"@id":"https:\/\/balkangreenenergynews.com\/rs\/solc-u-nemackoj-ce-svakog-dana-biti-instalirano-cetiri-do-pet-kopnenih-vetroturbina\/#primaryimage"},"thumbnailUrl":"https:\/\/balkangreenenergynews.com\/rs\/wp-content\/uploads\/2023\/02\/Solc-U-Nemackoj-svakog-dana-instalirano-cetiri-pet-kopnenih-vetroturbina.jpg?wsr","datePublished":"2023-02-07T13:50:50+00:00","dateModified":"2023-02-07T13:52:51+00:00","author":{"@id":"https:\/\/balkangreenenergynews.com\/rs\/#\/schema\/person\/d8f80a244c4e9f2b55e4f6968c253246"},"description":"Nema\u010dka \u0107e iskoristiti zamah nastao proteklih meseci da postigne stvaran napredak u pove\u0107anju kapaciteta iz solara i vetra.","breadcrumb":{"@id":"https:\/\/balkangreenenergynews.com\/rs\/solc-u-nemackoj-ce-svakog-dana-biti-instalirano-cetiri-do-pet-kopnenih-vetroturbina\/#breadcrumb"},"inLanguage":"sr-RS","potentialAction":[{"@type":"ReadAction","target":["https:\/\/balkangreenenergynews.com\/rs\/solc-u-nemackoj-ce-svakog-dana-biti-instalirano-cetiri-do-pet-kopnenih-vetroturbina\/"]}]},{"@type":"ImageObject","inLanguage":"sr-RS","@id":"https:\/\/balkangreenenergynews.com\/rs\/solc-u-nemackoj-ce-svakog-dana-biti-instalirano-cetiri-do-pet-kopnenih-vetroturbina\/#primaryimage","url":"https:\/\/balkangreenenergynews.com\/rs\/wp-content\/uploads\/2023\/02\/Solc-U-Nemackoj-svakog-dana-instalirano-cetiri-pet-kopnenih-vetroturbina.jpg?wsr","contentUrl":"https:\/\/balkangreenenergynews.com\/rs\/wp-content\/uploads\/2023\/02\/Solc-U-Nemackoj-svakog-dana-instalirano-cetiri-pet-kopnenih-vetroturbina.jpg?wsr","width":840,"height":430,"caption":"Solc U Nemackoj svakog dana instalirano cetiri pet kopnenih vetroturbina"},{"@type":"BreadcrumbList","@id":"https:\/\/balkangreenenergynews.com\/rs\/solc-u-nemackoj-ce-svakog-dana-biti-instalirano-cetiri-do-pet-kopnenih-vetroturbina\/#breadcrumb","itemListElement":[{"@type":"ListItem","position":1,"name":"Po\u010detna","item":"https:\/\/balkangreenenergynews.com\/rs\/"},{"@type":"ListItem","position":2,"name":"Vesti","item":"https:\/\/balkangreenenergynews.com\/rs\/kategorija\/vesti\/"},{"@type":"ListItem","position":3,"name":"OIE","item":"https:\/\/balkangreenenergynews.com\/rs\/kategorija\/vesti\/obnovljivi-izvori-energije\/"},{"@type":"ListItem","position":4,"name":"\u0160olc: U Nema\u010dkoj \u0107e svakog dana biti instalirano \u010detiri do pet kopnenih vetroturbina"}]},{"@type":"WebSite","@id":"https:\/\/balkangreenenergynews.com\/rs\/#website","url":"https:\/\/balkangreenenergynews.com\/rs\/","name":"Balkan Green Energy News","description":"Naj\u0161iri izbor vesti sa Balkana o zelenoj energiji","potentialAction":[{"@type":"SearchAction","target":{"@type":"EntryPoint","urlTemplate":"https:\/\/balkangreenenergynews.com\/rs\/?s={search_term_string}"},"query-input":{"@type":"PropertyValueSpecification","valueRequired":true,"valueName":"search_term_string"}}],"inLanguage":"sr-RS"},{"@type":"Person","@id":"https:\/\/balkangreenenergynews.com\/rs\/#\/schema\/person\/d8f80a244c4e9f2b55e4f6968c253246","name":"Igor Todorovi\u0107","url":"https:\/\/balkangreenenergynews.com\/rs\/author\/igor-todorovic\/"}]}},"_links":{"self":[{"href":"https:\/\/balkangreenenergynews.com\/rs\/wp-json\/wp\/v2\/posts\/55780","targetHints":{"allow":["GET"]}}],"collection":[{"href":"https:\/\/balkangreenenergynews.com\/rs\/wp-json\/wp\/v2\/posts"}],"about":[{"href":"https:\/\/balkangreenenergynews.com\/rs\/wp-json\/wp\/v2\/types\/post"}],"author":[{"embeddable":true,"href":"https:\/\/balkangreenenergynews.com\/rs\/wp-json\/wp\/v2\/users\/27"}],"replies":[{"embeddable":true,"href":"https:\/\/balkangreenenergynews.com\/rs\/wp-json\/wp\/v2\/comments?post=55780"}],"version-history":[{"count":0,"href":"https:\/\/balkangreenenergynews.com\/rs\/wp-json\/wp\/v2\/posts\/55780\/revisions"}],"wp:featuredmedia":[{"embeddable":true,"href":"https:\/\/balkangreenenergynews.com\/rs\/wp-json\/wp\/v2\/media\/55793"}],"wp:attachment":[{"href":"https:\/\/balkangreenenergynews.com\/rs\/wp-json\/wp\/v2\/media?parent=55780"}],"wp:term":[{"taxonomy":"category","embeddable":true,"href":"https:\/\/balkangreenenergynews.com\/rs\/wp-json\/wp\/v2\/categories?post=55780"},{"taxonomy":"post_tag","embeddable":true,"href":"https:\/\/balkangreenenergynews.com\/rs\/wp-json\/wp\/v2\/tags?post=55780"}],"curies":[{"name":"wp","href":"https:\/\/api.w.org\/{rel}","templated":true}]}}