{"id":55518,"date":"2023-01-30T19:30:40","date_gmt":"2023-01-30T18:30:40","guid":{"rendered":"https:\/\/balkangreenenergynews.com\/rs\/?p=55518"},"modified":"2023-01-31T00:21:20","modified_gmt":"2023-01-30T23:21:20","slug":"epcg-ozivljava-inicijativu-za-drugi-blok-u-te-pljevlja","status":"publish","type":"post","link":"https:\/\/balkangreenenergynews.com\/rs\/epcg-ozivljava-inicijativu-za-drugi-blok-u-te-pljevlja\/","title":{"rendered":"EPCG o\u017eivljava inicijativu za drugi blok u TE Pljevlja"},"content":{"rendered":"<h2>Izvr\u0161ni direktor Elektroprivrede Crne Gore <a href=\"https:\/\/balkangreenenergynews.com\/rs\/nikola-rovcanin-novi-direktor-elektroprivrede-crne-gore\/\">Nikola Rov\u010danin<\/a> smatra da treba izgraditi drugi blok Termoelektrane Pljevlja, koji bi kao energent koristio me\u0161avinu uglja i biomase. Na taj na\u010din bi se iskoristili ogromni resursi na ekolo\u0161ki odr\u017eiv na\u010din, koji podrazumeva i sistem cirkularne ekonomije, izjavio je.<\/h2>\n<p>Kori\u0161\u0107enjem goriva u vidu me\u0161avine uglja i biomase, kao tehnologije koja je za\u017eivela u praksi u brojnim dr\u017eavama sveta, stekli bi se uslovi za dalji razvoj <a href=\"https:\/\/balkangreenenergynews.com\/rs\/lorkovski-energetska-zajednica-ce-razmotriti-zahteve-da-se-produzi-rad-elektrana-na-ugalj\/\">energetskog kompleksa<\/a> u <a href=\"https:\/\/balkangreenenergynews.com\/rs\/u-pljevljima-ekstremno-zagadjenje-epcg-salje-gradjane-na-svez-vazduh-i-umanjuje-racune-za-struju\/\">Pljevljima,<\/a> kazao je Rov\u010danin, prenose <a href=\"https:\/\/www.vijesti.me\/vijesti\/drustvo\/640691\/rovcanin-treba-graditi-drugi-blok-te-pljevlja-koji-ce-raditi-na-mjesavinu-uglja-i-biomase\">Vijesti.<\/a> Po njegovim re\u010dima, interesovanje investitora za realizaciju ovog projekta postoji, mada nije naveo o kome je re\u010d.<\/p>\n<blockquote><p>Blok na ugalj i biomasu u sistemu Termoelektrane Pljevlja imao bi do 90 procenata manje emisija CO2, tvrdi Rov\u010danin<\/p><\/blockquote>\n<p>Ideje o izgradnji energetsko-privrednog kompleksa podrazumevaju izgradnju recikla\u017enog centra, selekcije i prerade otpada i biomase, objasnio je izvr\u0161ni direktor EPCG-a. Upotrebom uglja i biomase bi se eliminisalo i do 90 procenata emisija ugljen-dioksida, tvrdi Rov\u010danin. Ovakva vrsta termoelektrane radila bi na oba energenta u \u017eeljenoj razmeri, naglasio je.<\/p>\n<p>\u201ePrimjera radi, mo\u017ee da radi 90 odsto na biomasu, a 10 odsto na ugalj, a mo\u017ee i druga srazmjera. Ako je na ovoj srazmjeri, onda je CO2 na izuzetno malom procentu&#8220;, rekao je Rov\u010danin i dodao da je navedeno re\u0161enje ekolo\u0161ki prihvatljivo &#8222;po svim direktivama&#8220;.<\/p>\n<p>Kao najva\u017enije je istakao mogu\u0107nost kori\u0161\u0107enja nusproizvoda iz termoelektrane i rudnika uglja kroz izgradnju cementare i fabrike gipsa i gipsanih plo\u010da te drugih materijala. Time bi se potpuno zaokru\u017eio sistem i dobilo na efikasnosti, smatra Rov\u010danin.<\/p>\n<blockquote><p>Crna Gora ima priliku da svoje energetske potencijale iskoristi na najbolji na\u010din u skladu sa svojim interesima i po\u0161tuju\u0107i direktive Evropske unije iz oblasti za\u0161tite \u017eivotne sredine<\/p><\/blockquote>\n<p>&#8222;Ideja izgradnje drugog bloka Termoelektrane Pljevlja, koja je 2016. godine pokrenuta, ali iste godine i <a href=\"https:\/\/balkangreenenergynews.com\/rs\/prekinuti-pregovori-novom-bloku-vlada-obavlja-ekolosku-obnovu-pljevlja\/\">zaklju\u010dana,<\/a> mogla bi svoje ishodi\u0161te da na\u0111e u vidu modifikovane ideje izgradnje ekolo\u0161kog bloka, za \u0161ta postoji interesovanje sa nivoa me\u0111unarodnih kompanija. Crna Gora ima idealnu priliku da svoje energetske potencijale iskoristi na najbolji mogu\u0107i na\u010din u skladu sa svojim interesima i po\u0161tuju\u0107i sve <a href=\"https:\/\/balkangreenenergynews.com\/rs\/epcg-zapocela-ekolosku-rekonstrukciju-te-pljevlja\/\">direktive EU<\/a> iz oblasti za\u0161tite \u017eivotne sredine&#8220;, rekao je Rov\u010danin.<\/p>\n","protected":false},"excerpt":{"rendered":"<p>Izvr\u0161ni direktor EPCG-a Nikola Rov\u010danin smatra da treba izgraditi drugi blok Termoelektrane Pljevlja i koristiti i ugalj i biomasu<\/p>\n","protected":false},"author":34,"featured_media":55521,"comment_status":"open","ping_status":"open","sticky":false,"template":"","format":"standard","meta":{"_acf_changed":false,"_monsterinsights_skip_tracking":false,"_monsterinsights_sitenote_active":false,"_monsterinsights_sitenote_note":"","_monsterinsights_sitenote_category":0,"footnotes":""},"categories":[504],"tags":[948,646,652,6090,5357,6681,692,691],"class_list":["post-55518","post","type-post","status-publish","format-standard","has-post-thumbnail","hentry","category-elektricna-energija","tag-cirkularna-ekonomija","tag-energetska-efikasnost","tag-investicije","tag-nikola-rovcanin","tag-te-pljevlja","tag-temoelektrane-na-ugalj","tag-termoelektrana","tag-ugalj","country-crna-gora"],"acf":[],"yoast_head":"<!-- This site is optimized with the Yoast SEO plugin v27.4 - https:\/\/yoast.com\/product\/yoast-seo-wordpress\/ -->\n<title>EPCG o\u017eivljava inicijativu za drugi blok u TE Pljevlja<\/title>\n<meta name=\"description\" content=\"Izvr\u0161ni direktor EPCG-a Nikola Rov\u010danin smatra da treba izgraditi drugi blok Termoelektrane Pljevlja i koristiti i ugalj i biomasu.\" \/>\n<meta name=\"robots\" content=\"index, follow, max-snippet:-1, max-image-preview:large, max-video-preview:-1\" \/>\n<link rel=\"canonical\" href=\"https:\/\/balkangreenenergynews.com\/rs\/epcg-ozivljava-inicijativu-za-drugi-blok-u-te-pljevlja\/\" \/>\n<meta property=\"og:locale\" content=\"sr_RS\" \/>\n<meta property=\"og:type\" content=\"article\" \/>\n<meta property=\"og:title\" content=\"EPCG o\u017eivljava inicijativu za drugi blok u TE Pljevlja\" \/>\n<meta property=\"og:description\" content=\"Izvr\u0161ni direktor EPCG-a Nikola Rov\u010danin smatra da treba izgraditi drugi blok Termoelektrane Pljevlja i koristiti i ugalj i biomasu.\" \/>\n<meta property=\"og:url\" content=\"https:\/\/balkangreenenergynews.com\/rs\/epcg-ozivljava-inicijativu-za-drugi-blok-u-te-pljevlja\/\" \/>\n<meta property=\"og:site_name\" content=\"Balkan Green Energy News\" \/>\n<meta property=\"article:published_time\" content=\"2023-01-30T18:30:40+00:00\" \/>\n<meta property=\"article:modified_time\" content=\"2023-01-30T23:21:20+00:00\" \/>\n<meta property=\"og:image\" content=\"https:\/\/balkangreenenergynews.com\/rs\/wp-content\/uploads\/2023\/01\/TEP.jpg\" \/>\n\t<meta property=\"og:image:width\" content=\"840\" \/>\n\t<meta property=\"og:image:height\" content=\"430\" \/>\n\t<meta property=\"og:image:type\" content=\"image\/jpeg\" \/>\n<meta name=\"author\" content=\"Jelisaveta Peri\u0161i\u0107\" \/>\n<meta name=\"twitter:card\" content=\"summary_large_image\" \/>\n<meta name=\"twitter:label1\" content=\"\u041d\u0430\u043f\u0438\u0441\u0430\u043d\u043e \u043e\u0434\" \/>\n\t<meta name=\"twitter:data1\" content=\"Jelisaveta Peri\u0161i\u0107\" \/>\n\t<meta name=\"twitter:label2\" content=\"\u041f\u0440\u043e\u0446\u0435\u045a\u0435\u043d\u043e \u0432\u0440\u0435\u043c\u0435 \u0447\u0438\u0442\u0430\u045a\u0430\" \/>\n\t<meta name=\"twitter:data2\" content=\"2 \u043c\u0438\u043d\u0443\u0442\u0430\" \/>\n<script type=\"application\/ld+json\" class=\"yoast-schema-graph\">{\"@context\":\"https:\\\/\\\/schema.org\",\"@graph\":[{\"@type\":\"Article\",\"@id\":\"https:\\\/\\\/balkangreenenergynews.com\\\/rs\\\/epcg-ozivljava-inicijativu-za-drugi-blok-u-te-pljevlja\\\/#article\",\"isPartOf\":{\"@id\":\"https:\\\/\\\/balkangreenenergynews.com\\\/rs\\\/epcg-ozivljava-inicijativu-za-drugi-blok-u-te-pljevlja\\\/\"},\"author\":{\"name\":\"Jelisaveta Peri\u0161i\u0107\",\"@id\":\"https:\\\/\\\/balkangreenenergynews.com\\\/rs\\\/#\\\/schema\\\/person\\\/4b3c5831bbc05a72630d12560df2b3f8\"},\"headline\":\"EPCG o\u017eivljava inicijativu za drugi blok u TE Pljevlja\",\"datePublished\":\"2023-01-30T18:30:40+00:00\",\"dateModified\":\"2023-01-30T23:21:20+00:00\",\"mainEntityOfPage\":{\"@id\":\"https:\\\/\\\/balkangreenenergynews.com\\\/rs\\\/epcg-ozivljava-inicijativu-za-drugi-blok-u-te-pljevlja\\\/\"},\"wordCount\":388,\"commentCount\":0,\"image\":{\"@id\":\"https:\\\/\\\/balkangreenenergynews.com\\\/rs\\\/epcg-ozivljava-inicijativu-za-drugi-blok-u-te-pljevlja\\\/#primaryimage\"},\"thumbnailUrl\":\"https:\\\/\\\/balkangreenenergynews.com\\\/rs\\\/wp-content\\\/uploads\\\/2023\\\/01\\\/TEP.jpg?wsr\",\"keywords\":[\"cirkularna ekonomija\",\"energetska efikasnost\",\"investicije\",\"Nikola Rov\u010danin\",\"TE Pljevlja\",\"temoelektrane na ugalj\",\"termoelektrana\",\"ugalj\"],\"articleSection\":[\"Elektri\u010dna energija\"],\"inLanguage\":\"sr-RS\",\"potentialAction\":[{\"@type\":\"CommentAction\",\"name\":\"Comment\",\"target\":[\"https:\\\/\\\/balkangreenenergynews.com\\\/rs\\\/epcg-ozivljava-inicijativu-za-drugi-blok-u-te-pljevlja\\\/#respond\"]}]},{\"@type\":\"WebPage\",\"@id\":\"https:\\\/\\\/balkangreenenergynews.com\\\/rs\\\/epcg-ozivljava-inicijativu-za-drugi-blok-u-te-pljevlja\\\/\",\"url\":\"https:\\\/\\\/balkangreenenergynews.com\\\/rs\\\/epcg-ozivljava-inicijativu-za-drugi-blok-u-te-pljevlja\\\/\",\"name\":\"EPCG o\u017eivljava inicijativu za drugi blok u TE Pljevlja\",\"isPartOf\":{\"@id\":\"https:\\\/\\\/balkangreenenergynews.com\\\/rs\\\/#website\"},\"primaryImageOfPage\":{\"@id\":\"https:\\\/\\\/balkangreenenergynews.com\\\/rs\\\/epcg-ozivljava-inicijativu-za-drugi-blok-u-te-pljevlja\\\/#primaryimage\"},\"image\":{\"@id\":\"https:\\\/\\\/balkangreenenergynews.com\\\/rs\\\/epcg-ozivljava-inicijativu-za-drugi-blok-u-te-pljevlja\\\/#primaryimage\"},\"thumbnailUrl\":\"https:\\\/\\\/balkangreenenergynews.com\\\/rs\\\/wp-content\\\/uploads\\\/2023\\\/01\\\/TEP.jpg?wsr\",\"datePublished\":\"2023-01-30T18:30:40+00:00\",\"dateModified\":\"2023-01-30T23:21:20+00:00\",\"author\":{\"@id\":\"https:\\\/\\\/balkangreenenergynews.com\\\/rs\\\/#\\\/schema\\\/person\\\/4b3c5831bbc05a72630d12560df2b3f8\"},\"description\":\"Izvr\u0161ni direktor EPCG-a Nikola Rov\u010danin smatra da treba izgraditi drugi blok Termoelektrane Pljevlja i koristiti i ugalj i biomasu.\",\"breadcrumb\":{\"@id\":\"https:\\\/\\\/balkangreenenergynews.com\\\/rs\\\/epcg-ozivljava-inicijativu-za-drugi-blok-u-te-pljevlja\\\/#breadcrumb\"},\"inLanguage\":\"sr-RS\",\"potentialAction\":[{\"@type\":\"ReadAction\",\"target\":[\"https:\\\/\\\/balkangreenenergynews.com\\\/rs\\\/epcg-ozivljava-inicijativu-za-drugi-blok-u-te-pljevlja\\\/\"]}]},{\"@type\":\"ImageObject\",\"inLanguage\":\"sr-RS\",\"@id\":\"https:\\\/\\\/balkangreenenergynews.com\\\/rs\\\/epcg-ozivljava-inicijativu-za-drugi-blok-u-te-pljevlja\\\/#primaryimage\",\"url\":\"https:\\\/\\\/balkangreenenergynews.com\\\/rs\\\/wp-content\\\/uploads\\\/2023\\\/01\\\/TEP.jpg?wsr\",\"contentUrl\":\"https:\\\/\\\/balkangreenenergynews.com\\\/rs\\\/wp-content\\\/uploads\\\/2023\\\/01\\\/TEP.jpg?wsr\",\"width\":840,\"height\":430,\"caption\":\"U planu izgradnja drugog bloka TE Pljevlja koja \u0107e raditi na me\u0161avinu uglja i biomase\"},{\"@type\":\"BreadcrumbList\",\"@id\":\"https:\\\/\\\/balkangreenenergynews.com\\\/rs\\\/epcg-ozivljava-inicijativu-za-drugi-blok-u-te-pljevlja\\\/#breadcrumb\",\"itemListElement\":[{\"@type\":\"ListItem\",\"position\":1,\"name\":\"Po\u010detna\",\"item\":\"https:\\\/\\\/balkangreenenergynews.com\\\/rs\\\/\"},{\"@type\":\"ListItem\",\"position\":2,\"name\":\"Vesti\",\"item\":\"https:\\\/\\\/balkangreenenergynews.com\\\/rs\\\/kategorija\\\/vesti\\\/\"},{\"@type\":\"ListItem\",\"position\":3,\"name\":\"Elektri\u010dna energija\",\"item\":\"https:\\\/\\\/balkangreenenergynews.com\\\/rs\\\/kategorija\\\/vesti\\\/elektricna-energija\\\/\"},{\"@type\":\"ListItem\",\"position\":4,\"name\":\"EPCG o\u017eivljava inicijativu za drugi blok u TE Pljevlja\"}]},{\"@type\":\"WebSite\",\"@id\":\"https:\\\/\\\/balkangreenenergynews.com\\\/rs\\\/#website\",\"url\":\"https:\\\/\\\/balkangreenenergynews.com\\\/rs\\\/\",\"name\":\"Balkan Green Energy News\",\"description\":\"Naj\u0161iri izbor vesti sa Balkana o zelenoj energiji\",\"potentialAction\":[{\"@type\":\"SearchAction\",\"target\":{\"@type\":\"EntryPoint\",\"urlTemplate\":\"https:\\\/\\\/balkangreenenergynews.com\\\/rs\\\/?s={search_term_string}\"},\"query-input\":{\"@type\":\"PropertyValueSpecification\",\"valueRequired\":true,\"valueName\":\"search_term_string\"}}],\"inLanguage\":\"sr-RS\"},{\"@type\":\"Person\",\"@id\":\"https:\\\/\\\/balkangreenenergynews.com\\\/rs\\\/#\\\/schema\\\/person\\\/4b3c5831bbc05a72630d12560df2b3f8\",\"name\":\"Jelisaveta Peri\u0161i\u0107\",\"url\":\"https:\\\/\\\/balkangreenenergynews.com\\\/rs\\\/author\\\/jelisavet-perisic\\\/\"}]}<\/script>\n<!-- \/ Yoast SEO plugin. -->","yoast_head_json":{"title":"EPCG o\u017eivljava inicijativu za drugi blok u TE Pljevlja","description":"Izvr\u0161ni direktor EPCG-a Nikola Rov\u010danin smatra da treba izgraditi drugi blok Termoelektrane Pljevlja i koristiti i ugalj i biomasu.","robots":{"index":"index","follow":"follow","max-snippet":"max-snippet:-1","max-image-preview":"max-image-preview:large","max-video-preview":"max-video-preview:-1"},"canonical":"https:\/\/balkangreenenergynews.com\/rs\/epcg-ozivljava-inicijativu-za-drugi-blok-u-te-pljevlja\/","og_locale":"sr_RS","og_type":"article","og_title":"EPCG o\u017eivljava inicijativu za drugi blok u TE Pljevlja","og_description":"Izvr\u0161ni direktor EPCG-a Nikola Rov\u010danin smatra da treba izgraditi drugi blok Termoelektrane Pljevlja i koristiti i ugalj i biomasu.","og_url":"https:\/\/balkangreenenergynews.com\/rs\/epcg-ozivljava-inicijativu-za-drugi-blok-u-te-pljevlja\/","og_site_name":"Balkan Green Energy News","article_published_time":"2023-01-30T18:30:40+00:00","article_modified_time":"2023-01-30T23:21:20+00:00","og_image":[{"width":840,"height":430,"url":"https:\/\/balkangreenenergynews.com\/rs\/wp-content\/uploads\/2023\/01\/TEP.jpg","type":"image\/jpeg"}],"author":"Jelisaveta Peri\u0161i\u0107","twitter_card":"summary_large_image","twitter_misc":{"\u041d\u0430\u043f\u0438\u0441\u0430\u043d\u043e \u043e\u0434":"Jelisaveta Peri\u0161i\u0107","\u041f\u0440\u043e\u0446\u0435\u045a\u0435\u043d\u043e \u0432\u0440\u0435\u043c\u0435 \u0447\u0438\u0442\u0430\u045a\u0430":"2 \u043c\u0438\u043d\u0443\u0442\u0430"},"schema":{"@context":"https:\/\/schema.org","@graph":[{"@type":"Article","@id":"https:\/\/balkangreenenergynews.com\/rs\/epcg-ozivljava-inicijativu-za-drugi-blok-u-te-pljevlja\/#article","isPartOf":{"@id":"https:\/\/balkangreenenergynews.com\/rs\/epcg-ozivljava-inicijativu-za-drugi-blok-u-te-pljevlja\/"},"author":{"name":"Jelisaveta Peri\u0161i\u0107","@id":"https:\/\/balkangreenenergynews.com\/rs\/#\/schema\/person\/4b3c5831bbc05a72630d12560df2b3f8"},"headline":"EPCG o\u017eivljava inicijativu za drugi blok u TE Pljevlja","datePublished":"2023-01-30T18:30:40+00:00","dateModified":"2023-01-30T23:21:20+00:00","mainEntityOfPage":{"@id":"https:\/\/balkangreenenergynews.com\/rs\/epcg-ozivljava-inicijativu-za-drugi-blok-u-te-pljevlja\/"},"wordCount":388,"commentCount":0,"image":{"@id":"https:\/\/balkangreenenergynews.com\/rs\/epcg-ozivljava-inicijativu-za-drugi-blok-u-te-pljevlja\/#primaryimage"},"thumbnailUrl":"https:\/\/balkangreenenergynews.com\/rs\/wp-content\/uploads\/2023\/01\/TEP.jpg?wsr","keywords":["cirkularna ekonomija","energetska efikasnost","investicije","Nikola Rov\u010danin","TE Pljevlja","temoelektrane na ugalj","termoelektrana","ugalj"],"articleSection":["Elektri\u010dna energija"],"inLanguage":"sr-RS","potentialAction":[{"@type":"CommentAction","name":"Comment","target":["https:\/\/balkangreenenergynews.com\/rs\/epcg-ozivljava-inicijativu-za-drugi-blok-u-te-pljevlja\/#respond"]}]},{"@type":"WebPage","@id":"https:\/\/balkangreenenergynews.com\/rs\/epcg-ozivljava-inicijativu-za-drugi-blok-u-te-pljevlja\/","url":"https:\/\/balkangreenenergynews.com\/rs\/epcg-ozivljava-inicijativu-za-drugi-blok-u-te-pljevlja\/","name":"EPCG o\u017eivljava inicijativu za drugi blok u TE Pljevlja","isPartOf":{"@id":"https:\/\/balkangreenenergynews.com\/rs\/#website"},"primaryImageOfPage":{"@id":"https:\/\/balkangreenenergynews.com\/rs\/epcg-ozivljava-inicijativu-za-drugi-blok-u-te-pljevlja\/#primaryimage"},"image":{"@id":"https:\/\/balkangreenenergynews.com\/rs\/epcg-ozivljava-inicijativu-za-drugi-blok-u-te-pljevlja\/#primaryimage"},"thumbnailUrl":"https:\/\/balkangreenenergynews.com\/rs\/wp-content\/uploads\/2023\/01\/TEP.jpg?wsr","datePublished":"2023-01-30T18:30:40+00:00","dateModified":"2023-01-30T23:21:20+00:00","author":{"@id":"https:\/\/balkangreenenergynews.com\/rs\/#\/schema\/person\/4b3c5831bbc05a72630d12560df2b3f8"},"description":"Izvr\u0161ni direktor EPCG-a Nikola Rov\u010danin smatra da treba izgraditi drugi blok Termoelektrane Pljevlja i koristiti i ugalj i biomasu.","breadcrumb":{"@id":"https:\/\/balkangreenenergynews.com\/rs\/epcg-ozivljava-inicijativu-za-drugi-blok-u-te-pljevlja\/#breadcrumb"},"inLanguage":"sr-RS","potentialAction":[{"@type":"ReadAction","target":["https:\/\/balkangreenenergynews.com\/rs\/epcg-ozivljava-inicijativu-za-drugi-blok-u-te-pljevlja\/"]}]},{"@type":"ImageObject","inLanguage":"sr-RS","@id":"https:\/\/balkangreenenergynews.com\/rs\/epcg-ozivljava-inicijativu-za-drugi-blok-u-te-pljevlja\/#primaryimage","url":"https:\/\/balkangreenenergynews.com\/rs\/wp-content\/uploads\/2023\/01\/TEP.jpg?wsr","contentUrl":"https:\/\/balkangreenenergynews.com\/rs\/wp-content\/uploads\/2023\/01\/TEP.jpg?wsr","width":840,"height":430,"caption":"U planu izgradnja drugog bloka TE Pljevlja koja \u0107e raditi na me\u0161avinu uglja i biomase"},{"@type":"BreadcrumbList","@id":"https:\/\/balkangreenenergynews.com\/rs\/epcg-ozivljava-inicijativu-za-drugi-blok-u-te-pljevlja\/#breadcrumb","itemListElement":[{"@type":"ListItem","position":1,"name":"Po\u010detna","item":"https:\/\/balkangreenenergynews.com\/rs\/"},{"@type":"ListItem","position":2,"name":"Vesti","item":"https:\/\/balkangreenenergynews.com\/rs\/kategorija\/vesti\/"},{"@type":"ListItem","position":3,"name":"Elektri\u010dna energija","item":"https:\/\/balkangreenenergynews.com\/rs\/kategorija\/vesti\/elektricna-energija\/"},{"@type":"ListItem","position":4,"name":"EPCG o\u017eivljava inicijativu za drugi blok u TE Pljevlja"}]},{"@type":"WebSite","@id":"https:\/\/balkangreenenergynews.com\/rs\/#website","url":"https:\/\/balkangreenenergynews.com\/rs\/","name":"Balkan Green Energy News","description":"Naj\u0161iri izbor vesti sa Balkana o zelenoj energiji","potentialAction":[{"@type":"SearchAction","target":{"@type":"EntryPoint","urlTemplate":"https:\/\/balkangreenenergynews.com\/rs\/?s={search_term_string}"},"query-input":{"@type":"PropertyValueSpecification","valueRequired":true,"valueName":"search_term_string"}}],"inLanguage":"sr-RS"},{"@type":"Person","@id":"https:\/\/balkangreenenergynews.com\/rs\/#\/schema\/person\/4b3c5831bbc05a72630d12560df2b3f8","name":"Jelisaveta Peri\u0161i\u0107","url":"https:\/\/balkangreenenergynews.com\/rs\/author\/jelisavet-perisic\/"}]}},"_links":{"self":[{"href":"https:\/\/balkangreenenergynews.com\/rs\/wp-json\/wp\/v2\/posts\/55518","targetHints":{"allow":["GET"]}}],"collection":[{"href":"https:\/\/balkangreenenergynews.com\/rs\/wp-json\/wp\/v2\/posts"}],"about":[{"href":"https:\/\/balkangreenenergynews.com\/rs\/wp-json\/wp\/v2\/types\/post"}],"author":[{"embeddable":true,"href":"https:\/\/balkangreenenergynews.com\/rs\/wp-json\/wp\/v2\/users\/34"}],"replies":[{"embeddable":true,"href":"https:\/\/balkangreenenergynews.com\/rs\/wp-json\/wp\/v2\/comments?post=55518"}],"version-history":[{"count":0,"href":"https:\/\/balkangreenenergynews.com\/rs\/wp-json\/wp\/v2\/posts\/55518\/revisions"}],"wp:featuredmedia":[{"embeddable":true,"href":"https:\/\/balkangreenenergynews.com\/rs\/wp-json\/wp\/v2\/media\/55521"}],"wp:attachment":[{"href":"https:\/\/balkangreenenergynews.com\/rs\/wp-json\/wp\/v2\/media?parent=55518"}],"wp:term":[{"taxonomy":"category","embeddable":true,"href":"https:\/\/balkangreenenergynews.com\/rs\/wp-json\/wp\/v2\/categories?post=55518"},{"taxonomy":"post_tag","embeddable":true,"href":"https:\/\/balkangreenenergynews.com\/rs\/wp-json\/wp\/v2\/tags?post=55518"}],"curies":[{"name":"wp","href":"https:\/\/api.w.org\/{rel}","templated":true}]}}