{"id":54946,"date":"2023-01-10T12:36:21","date_gmt":"2023-01-10T11:36:21","guid":{"rendered":"https:\/\/balkangreenenergynews.com\/rs\/?p=54946"},"modified":"2023-01-13T13:55:47","modified_gmt":"2023-01-13T12:55:47","slug":"2022-godina-klimatskih-i-vremenskih-ekstrema","status":"publish","type":"post","link":"https:\/\/balkangreenenergynews.com\/rs\/2022-godina-klimatskih-i-vremenskih-ekstrema\/","title":{"rendered":"2022 &#8211; godina klimatskih i vremenskih ekstrema"},"content":{"rendered":"<h2>Godina 2022. bila je obele\u017eena rekordnim su\u0161ama, vru\u0107inama, \u0161umskim po\u017earima, poplavama i rekordno niskim nivoom leda iznad mora oko Antarktika, a zajedni\u010dko za sve ove pojave su da je re\u010d o ekstremima, navodi se u izve\u0161taju Kopernikusa, evropskog programa za posmatranje planete Zemlje.<\/h2>\n<p>Po svemu sude\u0107i i prvi dani 2023. godine pokazuju da se trend ekstremnih klimatskih i vremenskih doga\u0111aja nastavlja, pa smo imali <a href=\"https:\/\/balkangreenenergynews.com\/rs\/najtopliji-1-januar-u-istoriji-merenja-temperature\/\">najtopliji 1. januar<\/a> u istoriji merenja temperature.<\/p>\n<p>U 2022. vi\u0161ak odnosno manjak padavina odigrao je klju\u010dnu ulogu u nekoliko vremenskih ili klimatskih ekstrema, sa istorijskim su\u0161ama koje su ugro\u017eavale \u010ditave zajednice i uticale na \u017eivote izazivajuc\u0301i nesigurnost u snabdevanju hranom i vodom u razli\u010ditim regionima.<\/p>\n<p>Tako su intenzivni periodi \u200b\u200bsu\u0161e pogodile regione Evrope, isto\u010dne Afrike, Kine i Ju\u017ene Amerike, dok su, kako navodi Kopernikus, epske poplave ugrozile Australiju i Pakistan, ali i zemlje kao \u0161to su \u010cad, Sudan i Nigerija.<\/p>\n<p>Dugotrajna su\u0161a, zajedno sa rekordnim temperaturama, doprinela je pove\u0107anju rizika od po\u017eara, koji je dostigao vrhunac tokom letnje sezone kako u Evropi, u regionu Mediterana, tako i na severozapadu Sjedinjenih Ameri\u010dkih Dr\u017eava.<\/p>\n<h3>Su\u0161a: spr\u017eena zemlja u Francuskoj<\/h3>\n<p>Su\u0161a koja je pogodila Evropu 2022. mogla bi biti najgora u poslednjih 500 godina. To se mo\u017ee pripisati ozbiljnom nedostatku padavina, u kombinaciji sa nizom ponovljenih toplotnih talasa koji su zahvatili Evropu od maja do oktobra.<\/p>\n<p>Prema Kombinovanom indikatoru su\u0161e (eng. Combined Drought Indicator), koji objavljuje Evropska opservatorija za su\u0161u &#8211; EDO) vi\u0161e od jedne \u010detvrtine teritorije EU po\u010detkom septembra bilo je u stanju &#8222;uzbune&#8220;.<\/p>\n<p><img loading=\"lazy\" decoding=\"async\" class=\"size-full wp-image-54952 aligncenter\" src=\"https:\/\/balkangreenenergynews.com\/rs\/wp-content\/uploads\/2023\/01\/kopernikus-susa-evropa-2022.jpg\" alt=\"kopernikus susa evropa 2022\" width=\"1004\" height=\"1079\" srcset=\"https:\/\/balkangreenenergynews.com\/rs\/wp-content\/uploads\/2023\/01\/kopernikus-susa-evropa-2022.jpg 1004w, https:\/\/balkangreenenergynews.com\/rs\/wp-content\/uploads\/2023\/01\/kopernikus-susa-evropa-2022-500x537.jpg 500w, https:\/\/balkangreenenergynews.com\/rs\/wp-content\/uploads\/2023\/01\/kopernikus-susa-evropa-2022-840x903.jpg 840w, https:\/\/balkangreenenergynews.com\/rs\/wp-content\/uploads\/2023\/01\/kopernikus-susa-evropa-2022-768x825.jpg 768w, https:\/\/balkangreenenergynews.com\/rs\/wp-content\/uploads\/2023\/01\/kopernikus-susa-evropa-2022-279x300.jpg 279w\" sizes=\"auto, (max-width: 1004px) 100vw, 1004px\" \/><\/p>\n<p>Primer je Francuska gde su nivoi u rekama i akumulacijama bili izuzetno niski, \u0161to je primoralo francuske vlasti da uvedu mere ograni\u010denja isporuka: u julu 2022. je 90 od 96 administrativnih departmana bilo pogo\u0111eno.<\/p>\n<p>Sateliti Copernikus Sentinel &#8211; 3 snimili su ove dve slike 21. jula 2021. i 22. jula 2022. i na njima se vidi kako je vegetacija bila spr\u017eena.<\/p>\n<p><img loading=\"lazy\" decoding=\"async\" class=\"size-full wp-image-54955 aligncenter\" src=\"https:\/\/balkangreenenergynews.com\/rs\/wp-content\/uploads\/2023\/01\/kopernikus-susa-evropa-francuska-2022..jpg\" alt=\"kopernikus susa evropa francuska 2022.\" width=\"840\" height=\"485\" srcset=\"https:\/\/balkangreenenergynews.com\/rs\/wp-content\/uploads\/2023\/01\/kopernikus-susa-evropa-francuska-2022..jpg 840w, https:\/\/balkangreenenergynews.com\/rs\/wp-content\/uploads\/2023\/01\/kopernikus-susa-evropa-francuska-2022.-500x289.jpg 500w, https:\/\/balkangreenenergynews.com\/rs\/wp-content\/uploads\/2023\/01\/kopernikus-susa-evropa-francuska-2022.-768x443.jpg 768w, https:\/\/balkangreenenergynews.com\/rs\/wp-content\/uploads\/2023\/01\/kopernikus-susa-evropa-francuska-2022.-300x173.jpg 300w\" sizes=\"auto, (max-width: 840px) 100vw, 840px\" \/><\/p>\n<h3>Toplotni talasi: na Grenlandu osam stepeni toplije od proseka<\/h3>\n<p>Kao \u0161to je objavljeno u Biltenu o klimi za jul 2022. koji je objavila Slu\u017eba za klimatske promene Kopernikus, ovaj mesec bio je <a href=\"https:\/\/balkangreenenergynews.com\/rs\/toplotni-talasi-i-susa-sirom-evrope-tokom-treceg-najtoplijeg-jula-u-svetu-ikada\/\">jedan od tri najtoplija jula na globalnom nivou<\/a> i \u0161esti najtopliji u Evropi. Slika ispod prikazuje temperaturnu anomaliju vazduha na povr\u0161ini za jul 2022.<\/p>\n<p>Kao \u0161to je istaknuto najtamnijom crvenom bojom, temperaturne anomalije su dostigle vrhunce od plus \u010detiri\u00a0 stepena Celzijusa u Italiji, Francuskoj i \u0160paniji.<\/p>\n<p><img loading=\"lazy\" decoding=\"async\" class=\"size-full wp-image-54957 aligncenter\" src=\"https:\/\/balkangreenenergynews.com\/rs\/wp-content\/uploads\/2023\/01\/kopernikus-toplotni-talasi-evropa-2022..jpg\" alt=\"kopernikus toplotni talasi evropa 2022.\" width=\"840\" height=\"853\" srcset=\"https:\/\/balkangreenenergynews.com\/rs\/wp-content\/uploads\/2023\/01\/kopernikus-toplotni-talasi-evropa-2022..jpg 840w, https:\/\/balkangreenenergynews.com\/rs\/wp-content\/uploads\/2023\/01\/kopernikus-toplotni-talasi-evropa-2022.-500x508.jpg 500w, https:\/\/balkangreenenergynews.com\/rs\/wp-content\/uploads\/2023\/01\/kopernikus-toplotni-talasi-evropa-2022.-768x780.jpg 768w, https:\/\/balkangreenenergynews.com\/rs\/wp-content\/uploads\/2023\/01\/kopernikus-toplotni-talasi-evropa-2022.-295x300.jpg 295w\" sizes=\"auto, (max-width: 840px) 100vw, 840px\" \/><\/p>\n<p>A, na Grenlandu su zabele\u017eene najvi\u0161e prose\u010dne temperature u septembru od 1979. do danas. Temperature su bile osam stepeni vi\u0161e od proseka u periodu 1991-2020.<\/p>\n<h3>Obim morskog leda: topljenje Arktika i Antarktika se nastavlja<\/h3>\n<p>Jo\u0161 jedan ekstremni fenomen su alarmantne vrednosti obima morskog leda koje je prijavila Slu\u017eba za klimatske promene Kopernikusa. U junu i julu 2022, obim antarkti\u010dkog morskog leda dostigao je najni\u017eu mese\u010dnu vrednost u 44 godine satelitskih podataka, i to devet i sedam odsto ispod proseka.<\/p>\n<p>Alarmantni trend se nastavio tokom cele godine, sa ispodprose\u010dnim koncentracijama morskog leda na Arktiku i Antarktiku \u010dak i u poslednjim mesecima 2022.<\/p>\n<p>Prose\u010dna mese\u010dna povr\u0161ina arkti\u010dkog morskog leda u septembru 2022. dostigla je 5,4 miliona kvadratnih kilomeatara \u0161to je 0,7 miliona ili 11 odsto ispod proseka za period 1991-2020. A, obim antarkti\u010dkog morskog leda je u proseku bio 18,5 miliona kvadratnih kilometara ili 0,6 miliona ili tri odsto ispod proseka za period 1991-2020.<\/p>\n<p><img loading=\"lazy\" decoding=\"async\" class=\"size-full wp-image-54948 aligncenter\" src=\"https:\/\/balkangreenenergynews.com\/rs\/wp-content\/uploads\/2023\/01\/kopernikus-morski-led-2022.-artik.jpg\" alt=\"kopernikus morski led 2022. artik\" width=\"840\" height=\"455\" srcset=\"https:\/\/balkangreenenergynews.com\/rs\/wp-content\/uploads\/2023\/01\/kopernikus-morski-led-2022.-artik.jpg 840w, https:\/\/balkangreenenergynews.com\/rs\/wp-content\/uploads\/2023\/01\/kopernikus-morski-led-2022.-artik-500x271.jpg 500w, https:\/\/balkangreenenergynews.com\/rs\/wp-content\/uploads\/2023\/01\/kopernikus-morski-led-2022.-artik-768x416.jpg 768w, https:\/\/balkangreenenergynews.com\/rs\/wp-content\/uploads\/2023\/01\/kopernikus-morski-led-2022.-artik-300x163.jpg 300w\" sizes=\"auto, (max-width: 840px) 100vw, 840px\" \/><\/p>\n<h3>Poplave: ni\u0161ta ne mo\u017ee da se poredi sa nesre\u0107om u Pakistanu<\/h3>\n<p>Nekoliko zemalja je bilo pogo\u0111eno ekstremnim poplavama tokom 2022, ali nijedna se ne mo\u017ee uporediti sa storijskim poplavama koje su pogodile Pakistan.<\/p>\n<p>Izuzetne monsunske ki\u0161e pogodile su zemlju tokom leta, uzrokujuc\u0301i katastrofalne poplave koje su pogodile vi\u0161e od 33 miliona ljudi i prouzrokovale najmanje 1.400 \u017ertava.<\/p>\n<p>Kao \u0161to je prikazano u kola\u017eu ispod, sastavljenom od tri slike koje su napravili sateliti Copernicus Sentinel-3 26. septembra 2021, 31. avgusta i 10. septembra 2022. (dok su poplave bile u toku), velika podru\u010dja zemlje ostala su poplavljena nedeljama, posebno u regionu Sind, jednom od najte\u017ee pogo\u0111enih podru\u010dja.<\/p>\n<p><img loading=\"lazy\" decoding=\"async\" class=\"size-full wp-image-54949 aligncenter\" src=\"https:\/\/balkangreenenergynews.com\/rs\/wp-content\/uploads\/2023\/01\/kopernikus-poplave-pakistan-2022..jpg\" alt=\"kopernikus poplave pakistan 2022.\" width=\"840\" height=\"484\" srcset=\"https:\/\/balkangreenenergynews.com\/rs\/wp-content\/uploads\/2023\/01\/kopernikus-poplave-pakistan-2022..jpg 840w, https:\/\/balkangreenenergynews.com\/rs\/wp-content\/uploads\/2023\/01\/kopernikus-poplave-pakistan-2022.-500x288.jpg 500w, https:\/\/balkangreenenergynews.com\/rs\/wp-content\/uploads\/2023\/01\/kopernikus-poplave-pakistan-2022.-768x443.jpg 768w, https:\/\/balkangreenenergynews.com\/rs\/wp-content\/uploads\/2023\/01\/kopernikus-poplave-pakistan-2022.-300x173.jpg 300w\" sizes=\"auto, (max-width: 840px) 100vw, 840px\" \/><\/p>\n<h3>Po\u017eari: najvi\u0161e stradala \u0160panija<\/h3>\n<p>Prema Evropskoj slu\u017ebi za informacije o \u0161umskim po\u017earima (EFFIS), do 17. decembra 2022. u Evropskoj uniji je izgorelo vi\u0161e od 786.000 hektara, dok je ukupno zabele\u017eeno vi\u0161e od 2.700 \u0161umskih po\u017eara. Povr\u0161ina spaljena 2022. je skoro 2,5 puta vec\u0301a od proseka u periodu 2006-2021.<\/p>\n<p><a href=\"https:\/\/balkangreenenergynews.com\/rs\/pripremite-se-za-toplotni-talas-sa-temperaturama-do-43-stepena\/\">\u0160panija<\/a> je bila najte\u017ee pogo\u0111ena evropska zemlja, sa vi\u0161e od 300.000 hektara koje je progutala vatra. Kao \u0161to se vidi na slici koju je napravio jedan od satelita Kopernikus Sentinel-2 25. juna, katastrofalan po\u017ear opusto\u0161io je provinciju Zamora, u regionu Kastilja i Leon.<\/p>\n<p><img loading=\"lazy\" decoding=\"async\" class=\"alignnone size-full wp-image-54951\" src=\"https:\/\/balkangreenenergynews.com\/rs\/wp-content\/uploads\/2023\/01\/kopernikus-pozari-spanija-2022..jpg\" alt=\"kopernikus pozari spanija 2022.\" width=\"840\" height=\"484\" srcset=\"https:\/\/balkangreenenergynews.com\/rs\/wp-content\/uploads\/2023\/01\/kopernikus-pozari-spanija-2022..jpg 840w, https:\/\/balkangreenenergynews.com\/rs\/wp-content\/uploads\/2023\/01\/kopernikus-pozari-spanija-2022.-500x288.jpg 500w, https:\/\/balkangreenenergynews.com\/rs\/wp-content\/uploads\/2023\/01\/kopernikus-pozari-spanija-2022.-768x443.jpg 768w, https:\/\/balkangreenenergynews.com\/rs\/wp-content\/uploads\/2023\/01\/kopernikus-pozari-spanija-2022.-300x173.jpg 300w\" sizes=\"auto, (max-width: 840px) 100vw, 840px\" \/><\/p>\n<p>U subotu 23. jula 2022. izbio je \u0161umski po\u017ear na poznatom turisti\u010dkom \u017eari\u0161tu ostrva Lesbos, u Egejskom moru, u Gr\u010dkoj.<\/p>\n<p><img loading=\"lazy\" decoding=\"async\" class=\"size-full wp-image-54950 aligncenter\" src=\"https:\/\/balkangreenenergynews.com\/rs\/wp-content\/uploads\/2023\/01\/kopernikus-pozari-grcka-2022..jpg\" alt=\"\" width=\"840\" height=\"542\" srcset=\"https:\/\/balkangreenenergynews.com\/rs\/wp-content\/uploads\/2023\/01\/kopernikus-pozari-grcka-2022..jpg 840w, https:\/\/balkangreenenergynews.com\/rs\/wp-content\/uploads\/2023\/01\/kopernikus-pozari-grcka-2022.-500x323.jpg 500w, https:\/\/balkangreenenergynews.com\/rs\/wp-content\/uploads\/2023\/01\/kopernikus-pozari-grcka-2022.-768x496.jpg 768w, https:\/\/balkangreenenergynews.com\/rs\/wp-content\/uploads\/2023\/01\/kopernikus-pozari-grcka-2022.-300x194.jpg 300w\" sizes=\"auto, (max-width: 840px) 100vw, 840px\" \/><\/p>\n<h3>Temperature mora: tre\u0107a godina fenomena La Ninja<\/h3>\n<p>Iako nije direktno povezana sa klimatskim promenama, trec\u0301a uzastopna godina fenomena La Ninja doprinela je ekstremnim vremenskim pojavama u nekoliko delova sveta.<\/p>\n<p>U 2022. obrasci padavina u mnogim regionima sveta bili su tipi\u010dni za epizode \u200b\u200bLa Ninje: su\u0161niji od uobi\u010dajenih uslova u Patagoniji u Ju\u017enoj Americi i jugozapadnoj Severnoj Americi, kao i u isto\u010dnoj Afric.<\/p>\n<p>Vizuelizacija dole prikazuje karakteristi\u010dnu negativnu termalnu anomaliju u Tihom okeanu vidljivu u podacima Kopernikove slu\u017ebe za prac\u0301enje morske sredine od 13. septembra 2022.<\/p>\n<p><img loading=\"lazy\" decoding=\"async\" class=\"size-full wp-image-54953 aligncenter\" src=\"https:\/\/balkangreenenergynews.com\/rs\/wp-content\/uploads\/2023\/01\/kopernikus-temperature-mora-2022..jpg\" alt=\"kopernikus temperature mora 2022.\" width=\"840\" height=\"840\" srcset=\"https:\/\/balkangreenenergynews.com\/rs\/wp-content\/uploads\/2023\/01\/kopernikus-temperature-mora-2022..jpg 840w, https:\/\/balkangreenenergynews.com\/rs\/wp-content\/uploads\/2023\/01\/kopernikus-temperature-mora-2022.-500x500.jpg 500w, https:\/\/balkangreenenergynews.com\/rs\/wp-content\/uploads\/2023\/01\/kopernikus-temperature-mora-2022.-370x370.jpg 370w, https:\/\/balkangreenenergynews.com\/rs\/wp-content\/uploads\/2023\/01\/kopernikus-temperature-mora-2022.-768x768.jpg 768w, https:\/\/balkangreenenergynews.com\/rs\/wp-content\/uploads\/2023\/01\/kopernikus-temperature-mora-2022.-300x300.jpg 300w\" sizes=\"auto, (max-width: 840px) 100vw, 840px\" \/><\/p>\n<p>Jo\u0161 jedan ekstremni fenomen 2022. godine bio je morski toplotni talas koji je uticao na Sredozemno more u leto 2022. Temperaturne anomalije mora su dostigle vrhunac od plus pet stepeni iznad proseka u delovima Sredozemnog mora kod italijanske severozapadne i francuske jugoisto\u010dne obale.<\/p>\n","protected":false},"excerpt":{"rendered":"<p>Pro\u0161lu godinu obele\u017eile su rekordne su\u0161e, vru\u0107ine, po\u017eari, poplave, navodi se u izve\u0161taju evropskog programa Kopernikus<\/p>\n","protected":false},"author":23,"featured_media":54959,"comment_status":"open","ping_status":"open","sticky":false,"template":"","format":"standard","meta":{"_acf_changed":false,"_monsterinsights_skip_tracking":false,"_monsterinsights_sitenote_active":false,"_monsterinsights_sitenote_note":"","_monsterinsights_sitenote_category":0,"footnotes":""},"categories":[5909,4],"tags":[6442,766,6685,6502,6614,6478,6684,4993,6504],"class_list":["post-54946","post","type-post","status-publish","format-standard","has-post-thumbnail","hentry","category-klimatske-promene","category-zivotna-sredina","tag-ekstremne-vrucine","tag-klimatske-promene","tag-led","tag-poplave","tag-pozari","tag-susa","tag-toplotni-talasi","tag-voda","tag-vremenski-ekstremi","country-svet"],"acf":[],"yoast_head":"<!-- This site is optimized with the Yoast SEO plugin v27.4 - https:\/\/yoast.com\/product\/yoast-seo-wordpress\/ -->\n<title>2022 - godina klimatskih i vremenskih ekstrema<\/title>\n<meta name=\"description\" content=\"Pro\u0161lu godinu obele\u017eile su rekordne su\u0161e, vru\u0107ine, po\u017eari, poplave, navodi se u izve\u0161taju evropskog programa Kopernikus\" \/>\n<meta name=\"robots\" content=\"index, follow, max-snippet:-1, max-image-preview:large, max-video-preview:-1\" \/>\n<link rel=\"canonical\" href=\"https:\/\/balkangreenenergynews.com\/rs\/2022-godina-klimatskih-i-vremenskih-ekstrema\/\" \/>\n<meta property=\"og:locale\" content=\"sr_RS\" \/>\n<meta property=\"og:type\" content=\"article\" \/>\n<meta property=\"og:title\" content=\"2022 - godina klimatskih i vremenskih ekstrema\" \/>\n<meta property=\"og:description\" content=\"Pro\u0161lu godinu obele\u017eile su rekordne su\u0161e, vru\u0107ine, po\u017eari, poplave, navodi se u izve\u0161taju evropskog programa Kopernikus\" \/>\n<meta property=\"og:url\" content=\"https:\/\/balkangreenenergynews.com\/rs\/2022-godina-klimatskih-i-vremenskih-ekstrema\/\" \/>\n<meta property=\"og:site_name\" content=\"Balkan Green Energy News\" \/>\n<meta property=\"article:published_time\" content=\"2023-01-10T11:36:21+00:00\" \/>\n<meta property=\"article:modified_time\" content=\"2023-01-13T12:55:47+00:00\" \/>\n<meta property=\"og:image\" content=\"https:\/\/balkangreenenergynews.com\/rs\/wp-content\/uploads\/2023\/01\/kopernikus-toplotni-talasi-evropa-2022.-izvestaj.jpg\" \/>\n\t<meta property=\"og:image:width\" content=\"840\" \/>\n\t<meta property=\"og:image:height\" content=\"430\" \/>\n\t<meta property=\"og:image:type\" content=\"image\/jpeg\" \/>\n<meta name=\"author\" content=\"Vladimir Spasi\u0107\" \/>\n<meta name=\"twitter:card\" content=\"summary_large_image\" \/>\n<meta name=\"twitter:label1\" content=\"\u041d\u0430\u043f\u0438\u0441\u0430\u043d\u043e \u043e\u0434\" \/>\n\t<meta name=\"twitter:data1\" content=\"Vladimir Spasi\u0107\" \/>\n\t<meta name=\"twitter:label2\" content=\"\u041f\u0440\u043e\u0446\u0435\u045a\u0435\u043d\u043e \u0432\u0440\u0435\u043c\u0435 \u0447\u0438\u0442\u0430\u045a\u0430\" \/>\n\t<meta name=\"twitter:data2\" content=\"7 \u043c\u0438\u043d\u0443\u0442\u0430\" \/>\n<script type=\"application\/ld+json\" class=\"yoast-schema-graph\">{\"@context\":\"https:\\\/\\\/schema.org\",\"@graph\":[{\"@type\":\"Article\",\"@id\":\"https:\\\/\\\/balkangreenenergynews.com\\\/rs\\\/2022-godina-klimatskih-i-vremenskih-ekstrema\\\/#article\",\"isPartOf\":{\"@id\":\"https:\\\/\\\/balkangreenenergynews.com\\\/rs\\\/2022-godina-klimatskih-i-vremenskih-ekstrema\\\/\"},\"author\":{\"name\":\"Vladimir Spasi\u0107\",\"@id\":\"https:\\\/\\\/balkangreenenergynews.com\\\/rs\\\/#\\\/schema\\\/person\\\/99dc721c46113fea22caffad06ef7317\"},\"headline\":\"2022 &#8211; godina klimatskih i vremenskih ekstrema\",\"datePublished\":\"2023-01-10T11:36:21+00:00\",\"dateModified\":\"2023-01-13T12:55:47+00:00\",\"mainEntityOfPage\":{\"@id\":\"https:\\\/\\\/balkangreenenergynews.com\\\/rs\\\/2022-godina-klimatskih-i-vremenskih-ekstrema\\\/\"},\"wordCount\":930,\"commentCount\":0,\"image\":{\"@id\":\"https:\\\/\\\/balkangreenenergynews.com\\\/rs\\\/2022-godina-klimatskih-i-vremenskih-ekstrema\\\/#primaryimage\"},\"thumbnailUrl\":\"https:\\\/\\\/balkangreenenergynews.com\\\/rs\\\/wp-content\\\/uploads\\\/2023\\\/01\\\/kopernikus-toplotni-talasi-evropa-2022.-izvestaj.jpg?wsr\",\"keywords\":[\"ekstremne vru\u0107ine\",\"klimatske promene\",\"led\",\"poplave\",\"po\u017eari\",\"su\u0161a\",\"toplotni talasi\",\"voda\",\"vremenski ekstremi\"],\"articleSection\":[\"Klimatske promene\",\"\u017divotna sredina\"],\"inLanguage\":\"sr-RS\",\"potentialAction\":[{\"@type\":\"CommentAction\",\"name\":\"Comment\",\"target\":[\"https:\\\/\\\/balkangreenenergynews.com\\\/rs\\\/2022-godina-klimatskih-i-vremenskih-ekstrema\\\/#respond\"]}]},{\"@type\":\"WebPage\",\"@id\":\"https:\\\/\\\/balkangreenenergynews.com\\\/rs\\\/2022-godina-klimatskih-i-vremenskih-ekstrema\\\/\",\"url\":\"https:\\\/\\\/balkangreenenergynews.com\\\/rs\\\/2022-godina-klimatskih-i-vremenskih-ekstrema\\\/\",\"name\":\"2022 - godina klimatskih i vremenskih ekstrema\",\"isPartOf\":{\"@id\":\"https:\\\/\\\/balkangreenenergynews.com\\\/rs\\\/#website\"},\"primaryImageOfPage\":{\"@id\":\"https:\\\/\\\/balkangreenenergynews.com\\\/rs\\\/2022-godina-klimatskih-i-vremenskih-ekstrema\\\/#primaryimage\"},\"image\":{\"@id\":\"https:\\\/\\\/balkangreenenergynews.com\\\/rs\\\/2022-godina-klimatskih-i-vremenskih-ekstrema\\\/#primaryimage\"},\"thumbnailUrl\":\"https:\\\/\\\/balkangreenenergynews.com\\\/rs\\\/wp-content\\\/uploads\\\/2023\\\/01\\\/kopernikus-toplotni-talasi-evropa-2022.-izvestaj.jpg?wsr\",\"datePublished\":\"2023-01-10T11:36:21+00:00\",\"dateModified\":\"2023-01-13T12:55:47+00:00\",\"author\":{\"@id\":\"https:\\\/\\\/balkangreenenergynews.com\\\/rs\\\/#\\\/schema\\\/person\\\/99dc721c46113fea22caffad06ef7317\"},\"description\":\"Pro\u0161lu godinu obele\u017eile su rekordne su\u0161e, vru\u0107ine, po\u017eari, poplave, navodi se u izve\u0161taju evropskog programa Kopernikus\",\"breadcrumb\":{\"@id\":\"https:\\\/\\\/balkangreenenergynews.com\\\/rs\\\/2022-godina-klimatskih-i-vremenskih-ekstrema\\\/#breadcrumb\"},\"inLanguage\":\"sr-RS\",\"potentialAction\":[{\"@type\":\"ReadAction\",\"target\":[\"https:\\\/\\\/balkangreenenergynews.com\\\/rs\\\/2022-godina-klimatskih-i-vremenskih-ekstrema\\\/\"]}]},{\"@type\":\"ImageObject\",\"inLanguage\":\"sr-RS\",\"@id\":\"https:\\\/\\\/balkangreenenergynews.com\\\/rs\\\/2022-godina-klimatskih-i-vremenskih-ekstrema\\\/#primaryimage\",\"url\":\"https:\\\/\\\/balkangreenenergynews.com\\\/rs\\\/wp-content\\\/uploads\\\/2023\\\/01\\\/kopernikus-toplotni-talasi-evropa-2022.-izvestaj.jpg?wsr\",\"contentUrl\":\"https:\\\/\\\/balkangreenenergynews.com\\\/rs\\\/wp-content\\\/uploads\\\/2023\\\/01\\\/kopernikus-toplotni-talasi-evropa-2022.-izvestaj.jpg?wsr\",\"width\":840,\"height\":430,\"caption\":\"kopernikus toplotni talasi evropa 2022. izvestaj\"},{\"@type\":\"BreadcrumbList\",\"@id\":\"https:\\\/\\\/balkangreenenergynews.com\\\/rs\\\/2022-godina-klimatskih-i-vremenskih-ekstrema\\\/#breadcrumb\",\"itemListElement\":[{\"@type\":\"ListItem\",\"position\":1,\"name\":\"Po\u010detna\",\"item\":\"https:\\\/\\\/balkangreenenergynews.com\\\/rs\\\/\"},{\"@type\":\"ListItem\",\"position\":2,\"name\":\"Klimatske promene\",\"item\":\"https:\\\/\\\/balkangreenenergynews.com\\\/rs\\\/kategorija\\\/klimatske-promene\\\/\"},{\"@type\":\"ListItem\",\"position\":3,\"name\":\"2022 &#8211; godina klimatskih i vremenskih ekstrema\"}]},{\"@type\":\"WebSite\",\"@id\":\"https:\\\/\\\/balkangreenenergynews.com\\\/rs\\\/#website\",\"url\":\"https:\\\/\\\/balkangreenenergynews.com\\\/rs\\\/\",\"name\":\"Balkan Green Energy News\",\"description\":\"Naj\u0161iri izbor vesti sa Balkana o zelenoj energiji\",\"potentialAction\":[{\"@type\":\"SearchAction\",\"target\":{\"@type\":\"EntryPoint\",\"urlTemplate\":\"https:\\\/\\\/balkangreenenergynews.com\\\/rs\\\/?s={search_term_string}\"},\"query-input\":{\"@type\":\"PropertyValueSpecification\",\"valueRequired\":true,\"valueName\":\"search_term_string\"}}],\"inLanguage\":\"sr-RS\"},{\"@type\":\"Person\",\"@id\":\"https:\\\/\\\/balkangreenenergynews.com\\\/rs\\\/#\\\/schema\\\/person\\\/99dc721c46113fea22caffad06ef7317\",\"name\":\"Vladimir Spasi\u0107\",\"url\":\"https:\\\/\\\/balkangreenenergynews.com\\\/rs\\\/author\\\/vladimir-spasic\\\/\"}]}<\/script>\n<!-- \/ Yoast SEO plugin. -->","yoast_head_json":{"title":"2022 - godina klimatskih i vremenskih ekstrema","description":"Pro\u0161lu godinu obele\u017eile su rekordne su\u0161e, vru\u0107ine, po\u017eari, poplave, navodi se u izve\u0161taju evropskog programa Kopernikus","robots":{"index":"index","follow":"follow","max-snippet":"max-snippet:-1","max-image-preview":"max-image-preview:large","max-video-preview":"max-video-preview:-1"},"canonical":"https:\/\/balkangreenenergynews.com\/rs\/2022-godina-klimatskih-i-vremenskih-ekstrema\/","og_locale":"sr_RS","og_type":"article","og_title":"2022 - godina klimatskih i vremenskih ekstrema","og_description":"Pro\u0161lu godinu obele\u017eile su rekordne su\u0161e, vru\u0107ine, po\u017eari, poplave, navodi se u izve\u0161taju evropskog programa Kopernikus","og_url":"https:\/\/balkangreenenergynews.com\/rs\/2022-godina-klimatskih-i-vremenskih-ekstrema\/","og_site_name":"Balkan Green Energy News","article_published_time":"2023-01-10T11:36:21+00:00","article_modified_time":"2023-01-13T12:55:47+00:00","og_image":[{"width":840,"height":430,"url":"https:\/\/balkangreenenergynews.com\/rs\/wp-content\/uploads\/2023\/01\/kopernikus-toplotni-talasi-evropa-2022.-izvestaj.jpg","type":"image\/jpeg"}],"author":"Vladimir Spasi\u0107","twitter_card":"summary_large_image","twitter_misc":{"\u041d\u0430\u043f\u0438\u0441\u0430\u043d\u043e \u043e\u0434":"Vladimir Spasi\u0107","\u041f\u0440\u043e\u0446\u0435\u045a\u0435\u043d\u043e \u0432\u0440\u0435\u043c\u0435 \u0447\u0438\u0442\u0430\u045a\u0430":"7 \u043c\u0438\u043d\u0443\u0442\u0430"},"schema":{"@context":"https:\/\/schema.org","@graph":[{"@type":"Article","@id":"https:\/\/balkangreenenergynews.com\/rs\/2022-godina-klimatskih-i-vremenskih-ekstrema\/#article","isPartOf":{"@id":"https:\/\/balkangreenenergynews.com\/rs\/2022-godina-klimatskih-i-vremenskih-ekstrema\/"},"author":{"name":"Vladimir Spasi\u0107","@id":"https:\/\/balkangreenenergynews.com\/rs\/#\/schema\/person\/99dc721c46113fea22caffad06ef7317"},"headline":"2022 &#8211; godina klimatskih i vremenskih ekstrema","datePublished":"2023-01-10T11:36:21+00:00","dateModified":"2023-01-13T12:55:47+00:00","mainEntityOfPage":{"@id":"https:\/\/balkangreenenergynews.com\/rs\/2022-godina-klimatskih-i-vremenskih-ekstrema\/"},"wordCount":930,"commentCount":0,"image":{"@id":"https:\/\/balkangreenenergynews.com\/rs\/2022-godina-klimatskih-i-vremenskih-ekstrema\/#primaryimage"},"thumbnailUrl":"https:\/\/balkangreenenergynews.com\/rs\/wp-content\/uploads\/2023\/01\/kopernikus-toplotni-talasi-evropa-2022.-izvestaj.jpg?wsr","keywords":["ekstremne vru\u0107ine","klimatske promene","led","poplave","po\u017eari","su\u0161a","toplotni talasi","voda","vremenski ekstremi"],"articleSection":["Klimatske promene","\u017divotna sredina"],"inLanguage":"sr-RS","potentialAction":[{"@type":"CommentAction","name":"Comment","target":["https:\/\/balkangreenenergynews.com\/rs\/2022-godina-klimatskih-i-vremenskih-ekstrema\/#respond"]}]},{"@type":"WebPage","@id":"https:\/\/balkangreenenergynews.com\/rs\/2022-godina-klimatskih-i-vremenskih-ekstrema\/","url":"https:\/\/balkangreenenergynews.com\/rs\/2022-godina-klimatskih-i-vremenskih-ekstrema\/","name":"2022 - godina klimatskih i vremenskih ekstrema","isPartOf":{"@id":"https:\/\/balkangreenenergynews.com\/rs\/#website"},"primaryImageOfPage":{"@id":"https:\/\/balkangreenenergynews.com\/rs\/2022-godina-klimatskih-i-vremenskih-ekstrema\/#primaryimage"},"image":{"@id":"https:\/\/balkangreenenergynews.com\/rs\/2022-godina-klimatskih-i-vremenskih-ekstrema\/#primaryimage"},"thumbnailUrl":"https:\/\/balkangreenenergynews.com\/rs\/wp-content\/uploads\/2023\/01\/kopernikus-toplotni-talasi-evropa-2022.-izvestaj.jpg?wsr","datePublished":"2023-01-10T11:36:21+00:00","dateModified":"2023-01-13T12:55:47+00:00","author":{"@id":"https:\/\/balkangreenenergynews.com\/rs\/#\/schema\/person\/99dc721c46113fea22caffad06ef7317"},"description":"Pro\u0161lu godinu obele\u017eile su rekordne su\u0161e, vru\u0107ine, po\u017eari, poplave, navodi se u izve\u0161taju evropskog programa Kopernikus","breadcrumb":{"@id":"https:\/\/balkangreenenergynews.com\/rs\/2022-godina-klimatskih-i-vremenskih-ekstrema\/#breadcrumb"},"inLanguage":"sr-RS","potentialAction":[{"@type":"ReadAction","target":["https:\/\/balkangreenenergynews.com\/rs\/2022-godina-klimatskih-i-vremenskih-ekstrema\/"]}]},{"@type":"ImageObject","inLanguage":"sr-RS","@id":"https:\/\/balkangreenenergynews.com\/rs\/2022-godina-klimatskih-i-vremenskih-ekstrema\/#primaryimage","url":"https:\/\/balkangreenenergynews.com\/rs\/wp-content\/uploads\/2023\/01\/kopernikus-toplotni-talasi-evropa-2022.-izvestaj.jpg?wsr","contentUrl":"https:\/\/balkangreenenergynews.com\/rs\/wp-content\/uploads\/2023\/01\/kopernikus-toplotni-talasi-evropa-2022.-izvestaj.jpg?wsr","width":840,"height":430,"caption":"kopernikus toplotni talasi evropa 2022. izvestaj"},{"@type":"BreadcrumbList","@id":"https:\/\/balkangreenenergynews.com\/rs\/2022-godina-klimatskih-i-vremenskih-ekstrema\/#breadcrumb","itemListElement":[{"@type":"ListItem","position":1,"name":"Po\u010detna","item":"https:\/\/balkangreenenergynews.com\/rs\/"},{"@type":"ListItem","position":2,"name":"Klimatske promene","item":"https:\/\/balkangreenenergynews.com\/rs\/kategorija\/klimatske-promene\/"},{"@type":"ListItem","position":3,"name":"2022 &#8211; godina klimatskih i vremenskih ekstrema"}]},{"@type":"WebSite","@id":"https:\/\/balkangreenenergynews.com\/rs\/#website","url":"https:\/\/balkangreenenergynews.com\/rs\/","name":"Balkan Green Energy News","description":"Naj\u0161iri izbor vesti sa Balkana o zelenoj energiji","potentialAction":[{"@type":"SearchAction","target":{"@type":"EntryPoint","urlTemplate":"https:\/\/balkangreenenergynews.com\/rs\/?s={search_term_string}"},"query-input":{"@type":"PropertyValueSpecification","valueRequired":true,"valueName":"search_term_string"}}],"inLanguage":"sr-RS"},{"@type":"Person","@id":"https:\/\/balkangreenenergynews.com\/rs\/#\/schema\/person\/99dc721c46113fea22caffad06ef7317","name":"Vladimir Spasi\u0107","url":"https:\/\/balkangreenenergynews.com\/rs\/author\/vladimir-spasic\/"}]}},"_links":{"self":[{"href":"https:\/\/balkangreenenergynews.com\/rs\/wp-json\/wp\/v2\/posts\/54946","targetHints":{"allow":["GET"]}}],"collection":[{"href":"https:\/\/balkangreenenergynews.com\/rs\/wp-json\/wp\/v2\/posts"}],"about":[{"href":"https:\/\/balkangreenenergynews.com\/rs\/wp-json\/wp\/v2\/types\/post"}],"author":[{"embeddable":true,"href":"https:\/\/balkangreenenergynews.com\/rs\/wp-json\/wp\/v2\/users\/23"}],"replies":[{"embeddable":true,"href":"https:\/\/balkangreenenergynews.com\/rs\/wp-json\/wp\/v2\/comments?post=54946"}],"version-history":[{"count":0,"href":"https:\/\/balkangreenenergynews.com\/rs\/wp-json\/wp\/v2\/posts\/54946\/revisions"}],"wp:featuredmedia":[{"embeddable":true,"href":"https:\/\/balkangreenenergynews.com\/rs\/wp-json\/wp\/v2\/media\/54959"}],"wp:attachment":[{"href":"https:\/\/balkangreenenergynews.com\/rs\/wp-json\/wp\/v2\/media?parent=54946"}],"wp:term":[{"taxonomy":"category","embeddable":true,"href":"https:\/\/balkangreenenergynews.com\/rs\/wp-json\/wp\/v2\/categories?post=54946"},{"taxonomy":"post_tag","embeddable":true,"href":"https:\/\/balkangreenenergynews.com\/rs\/wp-json\/wp\/v2\/tags?post=54946"}],"curies":[{"name":"wp","href":"https:\/\/api.w.org\/{rel}","templated":true}]}}