{"id":54909,"date":"2023-01-09T20:51:14","date_gmt":"2023-01-09T19:51:14","guid":{"rendered":"https:\/\/balkangreenenergynews.com\/rs\/?p=54909"},"modified":"2023-01-10T10:36:06","modified_gmt":"2023-01-10T09:36:06","slug":"aktivisti-na-barikadama-brane-selo-u-nemackoj-od-prosirenja-rudnika-uglja","status":"publish","type":"post","link":"https:\/\/balkangreenenergynews.com\/rs\/aktivisti-na-barikadama-brane-selo-u-nemackoj-od-prosirenja-rudnika-uglja\/","title":{"rendered":"Aktivisti na barikadama brane selo u Nema\u010dkoj od pro\u0161irenja rudnika uglja"},"content":{"rendered":"<h2>Ekolo\u0161ke grupe i udru\u017eenja se mesecima suprotstavljaju planu kompanije RWE i lokalnih vlasti da razru\u0161e selo Licerat u Rajnskoj oblasti, kako bi se nastavila ekspolatacija lignita. Vlasti savezne dr\u017eave Severna Rajna-Vestfalija navode da pro\u0161irenje neophodno kako bi se obezbedilo energetsko snabdevanje. Me\u0111utim, ekolo\u0161ke grupe se suprotstavljaju ru\u0161enju sela i pro\u0161irenju zone eksploatacije. U poslednjih nekoliko dana tenzije su porasle i aktivisti su sada na barikadama.<\/h2>\n<p>Kompanija RWE i vlada savezne dr\u017eave Severna Rajna-Vestfalija nameravaju jo\u0161 od oktobra da isele i razru\u0161e selo Licerat u toj saveznoj pokrajini, kako bi pro\u0161irili povr\u0161inski kop rudnika lignita.<\/p>\n<p>Ovo selo nedaleko od Kelna je sa tri strane okru\u017eeno rudnicima i ve\u0107 du\u017ee vreme je skoro potpuno napu\u0161teno. Mediji navode da je Licerat u junu imao osam stalnih stanovnika.<\/p>\n<p>Me\u0111utim, mesto su naselili i zauzeli ekolo\u0161ki aktivisti, kao liniju odbrane od pro\u0161irenja zone eksploatacije lignita. Ekolo\u0161ke grupe i aktivisti postavljaju barikade, protestuju, sede ispred kordona policije i sprovode nenasilne taktike otpora.<\/p>\n<figure id=\"attachment_54925\" aria-describedby=\"caption-attachment-54925\" style=\"width: 840px\" class=\"wp-caption aligncenter\"><img loading=\"lazy\" decoding=\"async\" class=\"wp-image-54925 size-full\" src=\"https:\/\/balkangreenenergynews.com\/rs\/wp-content\/uploads\/2023\/01\/lucerath-A-840.jpg\" alt=\"\" width=\"840\" height=\"630\" srcset=\"https:\/\/balkangreenenergynews.com\/rs\/wp-content\/uploads\/2023\/01\/lucerath-A-840.jpg 840w, https:\/\/balkangreenenergynews.com\/rs\/wp-content\/uploads\/2023\/01\/lucerath-A-840-500x375.jpg 500w, https:\/\/balkangreenenergynews.com\/rs\/wp-content\/uploads\/2023\/01\/lucerath-A-840-768x576.jpg 768w, https:\/\/balkangreenenergynews.com\/rs\/wp-content\/uploads\/2023\/01\/lucerath-A-840-300x225.jpg 300w\" sizes=\"auto, (max-width: 840px) 100vw, 840px\" \/><figcaption id=\"caption-attachment-54925\" class=\"wp-caption-text\">Foto: @LuetziTickerEn<\/figcaption><\/figure>\n<p>Otpor ru\u0161enju od po\u010detka godine okuplja sve ve\u0107i broj pristalica. Vi\u0161e organizacija i grupa koje deluju u okviru ove inicijative, poput Fridays for Future i <a href=\"https:\/\/balkangreenenergynews.com\/rs\/3-aktivisticke-price-koje-su-obelezile-2022-alarm-za-pospanu-javnost\/\">Last Generation,<\/a> pozvalo je na solidarnost. L\u00fctzerath Lebt je krovna parola za klimatski kamp u ovom selu i za kampanju za zaustavljanje pro\u0161irenja rudnika.<\/p>\n<h3>Odluka vlasti u suprotnosti sa klimatskim ciljevima<\/h3>\n<p>Uni\u0161tenje i posledice klimatskih promena koje su do sada podsticali nema\u010dka politika i biznis moraju da prestanu, isti\u010du aktivisti. Kako ka\u017eu, oni su svesni toga da ugalj &#8222;mora ostati u zemlji&#8220;, ali politi\u010dari se jo\u0161 ne usu\u0111uju da prepoznaju probleme.<\/p>\n<p>Ekolo\u0161ke grupe navode da su ovakvi potezi i strategija vlasti i RWE-a u suprotnosti sa usvojenim klimatskim ciljevima i preuzetim obavezama.<\/p>\n<blockquote><p>Pro\u0161irenje rudnika uglja je u suprotnosti sa usvojenim klimatskim ciljevima i obavezama<\/p><\/blockquote>\n<p>Za mnoge u Nema\u010dkoj, ali i u Evropi, Licerat postao simbol otpora i mesto klimatske borbe.<\/p>\n<h3>Klimatski kamp za odbranu sela<\/h3>\n<p>U klimatski kamp pristi\u017eu aktivisti sa raznih strana Nema\u010dke, koji su prve dane ove godine proveli u podizanju barikada, u nastojanju da zaustave policiju. Na periferiji sela su postavljeni protestni kampovi, a pripremljeni su i programi, poput koncerata i \u0161etnji po selu.<\/p>\n<blockquote class=\"twitter-tweet\" data-width=\"500\" data-dnt=\"true\">\n<p lang=\"en\" dir=\"ltr\">[09.01] Good morning ? After yesterday&#39;s very successful day, we are excited to see what all happens today in <a href=\"https:\/\/twitter.com\/hashtag\/L%C3%BCtzerath?src=hash&amp;ref_src=twsrc%5Etfw\">#L\u00fctzerath<\/a>. Come too \u2014 officially the arrival is still possible until tonight at 23.59. Together we make sure that <a href=\"https:\/\/twitter.com\/hashtag\/L%C3%BCtzerath?src=hash&amp;ref_src=twsrc%5Etfw\">#L\u00fctzerath<\/a> remains unevictable \u2764\ufe0f? <a href=\"https:\/\/t.co\/1DAJTUA0kY\">pic.twitter.com\/1DAJTUA0kY<\/a><\/p>\n<p>&mdash; Action Ticker L\u00fctzerath (@LuetziTickerEn) <a href=\"https:\/\/twitter.com\/LuetziTickerEn\/status\/1612353764610002944?ref_src=twsrc%5Etfw\">January 9, 2023<\/a><\/p><\/blockquote>\n<p><script async src=\"https:\/\/platform.twitter.com\/widgets.js\" charset=\"utf-8\"><\/script><\/p>\n<p>Policija od 3. januara poku\u0161ava da iseli klimatski kamp. Kako navode sami aktivisti, za to \u0107e biti potrebni dani i nedelje, s obzirom na prepreke koje su postavili.<\/p>\n<p>Aktivisti koji su sve brojniji, navode da se potpuna evakuacija sela i klimatskog kampa o\u010dekuje u slede\u0107ih nekoliko dana, a samim tim se i pove\u0107avaju tenzije oko ovog zaseoka u zapadnom delu Nema\u010dke.<\/p>\n<p>Tokom poslednje tri godine pojedini me\u0161tani i ekolo\u0161ke grupe na razne na\u010dine poku\u0161avaju da spre\u010de pro\u0161irenje rudnika Gerzweiler.<\/p>\n<p>Nakon brojnih kampanja u javnosti i poku\u0161aja pregovora sa nadle\u017enima i kompanijom, jedan farmer iz sela je dozvolio aktivistima da sagrade kamp na njegovom imanju. Aktivisti \u017eive i u kuc\u0301ama koje su napustili biv\u0161i stanovnici sela. Tako je uspostavljena &#8222;poslednja linija odbrane&#8220; od ekspanzije uglja.<\/p>\n<h3>Sigurnost snadbevanja ugljom trenutni prioritet vlade<\/h3>\n<p>Stanovni\u0161tvo iz nekoliko mesta u oblasti zapadno Kelna moralo je biti preseljeno kako bi se eksploatisao lignit u kopu Garzweiler, koji je jedan od najve\u0107ih u Evropi.<\/p>\n<p>Vlada savezne dr\u017eave Severna Rajna Vestfalija je skladu sa novim planovima o ekspolataciji uglja, donela odluku da se iseli i razru\u0161i i Licerat.<\/p>\n<blockquote><p>Kako bi se obezbedila elektri\u010dna energije tokom krize, namera vlasti je da dozvoli privremeno pove\u0107anje upotrebe lignita<\/p><\/blockquote>\n<p>Kako bi se obezbedila proizvodnja elektri\u010dne energije tokom energetske krize, namera vlasti je da dozvoli privremeno pove\u0107anje upotrebe lignita, odnosno pro\u0161irenje i ubrzanje eksploatacije. Nema\u010dka vlada je u oktobru pro\u0161le godine najavila da \u0107e ponovo aktivirati dve dodatne termoelektrane na lignit.<\/p>\n<h3>Pro\u0161irena zona eksploatacije<\/h3>\n<p>Kako prenosi <a href=\"https:\/\/www.euractiv.com\/section\/climate-environment\/news\/lutzerath-how-the-government-broke-german-climate-activists-hearts\/\">Euraktiv,<\/a> deo nagodbe izme\u0111u RWE-a i Vlade Nema\u010dke, koji je izme\u0111u ostalog i odredio sudbinu Licerata, bio je da se dve termoelektrane na ugalj snage tri gigavata isklju\u010de 2030. godine, \u0161to je osam godina ranije nego \u0161to zakon predvi\u0111a. Naime, Nema\u010dka je pruzela obavezu da potpuno ukine upotrebu uglja do 2038. godine.<\/p>\n<p>S druge strane, dve elektrane od 1,2 gigavata za koje je planirano ga\u0161enje u 2022, produ\u017ei\u0107e rad do marta 2024.<\/p>\n<blockquote><p>Deo nagodbe vlade i RWE-a\u00a0 je da dve elektrane od 1,2 gigavata za koje je planirano ga\u0161enje u 2022, produ\u017ee rad do marta 2024. godine<\/p><\/blockquote>\n<p>Sa takvom odlukom, RWE je dobio dozvole da iskopa jo\u0161 290 miliona tona uglja, \u0161to ugro\u017eava klimatske ciljeve, upozorile su klimatske grupe. U oktobru je zapo\u010deta <a href=\"https:\/\/balkangreenenergynews.com\/rs\/zbog-prosirenja-rudnika-uglja-uklanja-se-vetropark-u-nemackoj\/\">demonta\u017ea vetroparka<\/a> koji se nalazi u blizini rudnika.<\/p>\n<p>Zona eksploatacije uglja u rudniku Garzweiler se prostire na preko 100 kvadratnih kilometara. Godi\u0161nja proizvodnja lignita iznosi 25 milona tona, dok je trajanje zaliha lignita procenjeno do 2045. godine.<\/p>\n<p>O\u010duvanje sela Licerat ima i simboli\u010dno zna\u010denje. Odbrana sela za mnoge aktiviste predstavlja ostanak na putu ispunjenja klimatskih ciljeva koji su postavljeni Pariskim sporazumom iz 2015. godine.<\/p>\n","protected":false},"excerpt":{"rendered":"<p>Ekolo\u0161ke grupe se mesecima suprotstavljaju planu kompanije RWE i lokalnih vlasti da razru\u0161e selo Licerat i nastave eksploataciju lignita<\/p>\n","protected":false},"author":30,"featured_media":54914,"comment_status":"open","ping_status":"open","sticky":false,"template":"","format":"standard","meta":{"_acf_changed":false,"_monsterinsights_skip_tracking":false,"_monsterinsights_sitenote_active":false,"_monsterinsights_sitenote_note":"","_monsterinsights_sitenote_category":0,"footnotes":""},"categories":[504,4],"tags":[6683,915,6682,1224,6681,691,5921],"class_list":["post-54909","post","type-post","status-publish","format-standard","has-post-thumbnail","hentry","category-elektricna-energija","category-zivotna-sredina","tag-garzweiler","tag-lignit","tag-lutzerath","tag-rwe","tag-temoelektrane-na-ugalj","tag-ugalj","tag-zivotna-sredina","country-regioneu"],"acf":[],"yoast_head":"<!-- This site is optimized with the Yoast SEO plugin v27.4 - https:\/\/yoast.com\/product\/yoast-seo-wordpress\/ -->\n<title>Aktivisti na barikadama brane selo u Nema\u010dkoj od pro\u0161irenja rudnika uglja<\/title>\n<meta name=\"description\" content=\"Ekolo\u0161ke grupe se mesecima suprotstavljaju planu kompanije RWE i lokalnih vlasti da razru\u0161e selo Licerat i nastave ekspolataciju lignita.\" \/>\n<meta name=\"robots\" content=\"index, follow, max-snippet:-1, max-image-preview:large, max-video-preview:-1\" \/>\n<link rel=\"canonical\" href=\"https:\/\/balkangreenenergynews.com\/rs\/aktivisti-na-barikadama-brane-selo-u-nemackoj-od-prosirenja-rudnika-uglja\/\" \/>\n<meta property=\"og:locale\" content=\"sr_RS\" \/>\n<meta property=\"og:type\" content=\"article\" \/>\n<meta property=\"og:title\" content=\"Aktivisti na barikadama brane selo u Nema\u010dkoj od pro\u0161irenja rudnika uglja\" \/>\n<meta property=\"og:description\" content=\"Ekolo\u0161ke grupe se mesecima suprotstavljaju planu kompanije RWE i lokalnih vlasti da razru\u0161e selo Licerat i nastave ekspolataciju lignita.\" \/>\n<meta property=\"og:url\" content=\"https:\/\/balkangreenenergynews.com\/rs\/aktivisti-na-barikadama-brane-selo-u-nemackoj-od-prosirenja-rudnika-uglja\/\" \/>\n<meta property=\"og:site_name\" content=\"Balkan Green Energy News\" \/>\n<meta property=\"article:published_time\" content=\"2023-01-09T19:51:14+00:00\" \/>\n<meta property=\"article:modified_time\" content=\"2023-01-10T09:36:06+00:00\" \/>\n<meta property=\"og:image\" content=\"https:\/\/balkangreenenergynews.com\/rs\/wp-content\/uploads\/2023\/01\/LuetziTickerEn-022.jpg\" \/>\n\t<meta property=\"og:image:width\" content=\"840\" \/>\n\t<meta property=\"og:image:height\" content=\"430\" \/>\n\t<meta property=\"og:image:type\" content=\"image\/jpeg\" \/>\n<meta name=\"author\" content=\"Mihajlo Vujasin\" \/>\n<meta name=\"twitter:card\" content=\"summary_large_image\" \/>\n<meta name=\"twitter:label1\" content=\"\u041d\u0430\u043f\u0438\u0441\u0430\u043d\u043e \u043e\u0434\" \/>\n\t<meta name=\"twitter:data1\" content=\"Mihajlo Vujasin\" \/>\n\t<meta name=\"twitter:label2\" content=\"\u041f\u0440\u043e\u0446\u0435\u045a\u0435\u043d\u043e \u0432\u0440\u0435\u043c\u0435 \u0447\u0438\u0442\u0430\u045a\u0430\" \/>\n\t<meta name=\"twitter:data2\" content=\"5 \u043c\u0438\u043d\u0443\u0442\u0430\" \/>\n<script type=\"application\/ld+json\" class=\"yoast-schema-graph\">{\"@context\":\"https:\\\/\\\/schema.org\",\"@graph\":[{\"@type\":\"Article\",\"@id\":\"https:\\\/\\\/balkangreenenergynews.com\\\/rs\\\/aktivisti-na-barikadama-brane-selo-u-nemackoj-od-prosirenja-rudnika-uglja\\\/#article\",\"isPartOf\":{\"@id\":\"https:\\\/\\\/balkangreenenergynews.com\\\/rs\\\/aktivisti-na-barikadama-brane-selo-u-nemackoj-od-prosirenja-rudnika-uglja\\\/\"},\"author\":{\"name\":\"Mihajlo Vujasin\",\"@id\":\"https:\\\/\\\/balkangreenenergynews.com\\\/rs\\\/#\\\/schema\\\/person\\\/6b3cd0445eb192f645c773282d0747ca\"},\"headline\":\"Aktivisti na barikadama brane selo u Nema\u010dkoj od pro\u0161irenja rudnika uglja\",\"datePublished\":\"2023-01-09T19:51:14+00:00\",\"dateModified\":\"2023-01-10T09:36:06+00:00\",\"mainEntityOfPage\":{\"@id\":\"https:\\\/\\\/balkangreenenergynews.com\\\/rs\\\/aktivisti-na-barikadama-brane-selo-u-nemackoj-od-prosirenja-rudnika-uglja\\\/\"},\"wordCount\":881,\"commentCount\":0,\"image\":{\"@id\":\"https:\\\/\\\/balkangreenenergynews.com\\\/rs\\\/aktivisti-na-barikadama-brane-selo-u-nemackoj-od-prosirenja-rudnika-uglja\\\/#primaryimage\"},\"thumbnailUrl\":\"https:\\\/\\\/balkangreenenergynews.com\\\/rs\\\/wp-content\\\/uploads\\\/2023\\\/01\\\/LuetziTickerEn-022.jpg?wsr\",\"keywords\":[\"Garzweiler\",\"lignit\",\"Lutzerath\",\"RWE\",\"temoelektrane na ugalj\",\"ugalj\",\"\u017eivotna sredina\"],\"articleSection\":[\"Elektri\u010dna energija\",\"\u017divotna sredina\"],\"inLanguage\":\"sr-RS\",\"potentialAction\":[{\"@type\":\"CommentAction\",\"name\":\"Comment\",\"target\":[\"https:\\\/\\\/balkangreenenergynews.com\\\/rs\\\/aktivisti-na-barikadama-brane-selo-u-nemackoj-od-prosirenja-rudnika-uglja\\\/#respond\"]}]},{\"@type\":\"WebPage\",\"@id\":\"https:\\\/\\\/balkangreenenergynews.com\\\/rs\\\/aktivisti-na-barikadama-brane-selo-u-nemackoj-od-prosirenja-rudnika-uglja\\\/\",\"url\":\"https:\\\/\\\/balkangreenenergynews.com\\\/rs\\\/aktivisti-na-barikadama-brane-selo-u-nemackoj-od-prosirenja-rudnika-uglja\\\/\",\"name\":\"Aktivisti na barikadama brane selo u Nema\u010dkoj od pro\u0161irenja rudnika uglja\",\"isPartOf\":{\"@id\":\"https:\\\/\\\/balkangreenenergynews.com\\\/rs\\\/#website\"},\"primaryImageOfPage\":{\"@id\":\"https:\\\/\\\/balkangreenenergynews.com\\\/rs\\\/aktivisti-na-barikadama-brane-selo-u-nemackoj-od-prosirenja-rudnika-uglja\\\/#primaryimage\"},\"image\":{\"@id\":\"https:\\\/\\\/balkangreenenergynews.com\\\/rs\\\/aktivisti-na-barikadama-brane-selo-u-nemackoj-od-prosirenja-rudnika-uglja\\\/#primaryimage\"},\"thumbnailUrl\":\"https:\\\/\\\/balkangreenenergynews.com\\\/rs\\\/wp-content\\\/uploads\\\/2023\\\/01\\\/LuetziTickerEn-022.jpg?wsr\",\"datePublished\":\"2023-01-09T19:51:14+00:00\",\"dateModified\":\"2023-01-10T09:36:06+00:00\",\"author\":{\"@id\":\"https:\\\/\\\/balkangreenenergynews.com\\\/rs\\\/#\\\/schema\\\/person\\\/6b3cd0445eb192f645c773282d0747ca\"},\"description\":\"Ekolo\u0161ke grupe se mesecima suprotstavljaju planu kompanije RWE i lokalnih vlasti da razru\u0161e selo Licerat i nastave ekspolataciju lignita.\",\"breadcrumb\":{\"@id\":\"https:\\\/\\\/balkangreenenergynews.com\\\/rs\\\/aktivisti-na-barikadama-brane-selo-u-nemackoj-od-prosirenja-rudnika-uglja\\\/#breadcrumb\"},\"inLanguage\":\"sr-RS\",\"potentialAction\":[{\"@type\":\"ReadAction\",\"target\":[\"https:\\\/\\\/balkangreenenergynews.com\\\/rs\\\/aktivisti-na-barikadama-brane-selo-u-nemackoj-od-prosirenja-rudnika-uglja\\\/\"]}]},{\"@type\":\"ImageObject\",\"inLanguage\":\"sr-RS\",\"@id\":\"https:\\\/\\\/balkangreenenergynews.com\\\/rs\\\/aktivisti-na-barikadama-brane-selo-u-nemackoj-od-prosirenja-rudnika-uglja\\\/#primaryimage\",\"url\":\"https:\\\/\\\/balkangreenenergynews.com\\\/rs\\\/wp-content\\\/uploads\\\/2023\\\/01\\\/LuetziTickerEn-022.jpg?wsr\",\"contentUrl\":\"https:\\\/\\\/balkangreenenergynews.com\\\/rs\\\/wp-content\\\/uploads\\\/2023\\\/01\\\/LuetziTickerEn-022.jpg?wsr\",\"width\":840,\"height\":430,\"caption\":\"Aktivisti na barikadama brane selo u Nema\u010dkoj od pro\u0161irenja rudnika uglja\"},{\"@type\":\"BreadcrumbList\",\"@id\":\"https:\\\/\\\/balkangreenenergynews.com\\\/rs\\\/aktivisti-na-barikadama-brane-selo-u-nemackoj-od-prosirenja-rudnika-uglja\\\/#breadcrumb\",\"itemListElement\":[{\"@type\":\"ListItem\",\"position\":1,\"name\":\"Po\u010detna\",\"item\":\"https:\\\/\\\/balkangreenenergynews.com\\\/rs\\\/\"},{\"@type\":\"ListItem\",\"position\":2,\"name\":\"Vesti\",\"item\":\"https:\\\/\\\/balkangreenenergynews.com\\\/rs\\\/kategorija\\\/vesti\\\/\"},{\"@type\":\"ListItem\",\"position\":3,\"name\":\"\u017divotna sredina\",\"item\":\"https:\\\/\\\/balkangreenenergynews.com\\\/rs\\\/kategorija\\\/vesti\\\/zivotna-sredina\\\/\"},{\"@type\":\"ListItem\",\"position\":4,\"name\":\"Aktivisti na barikadama brane selo u Nema\u010dkoj od pro\u0161irenja rudnika uglja\"}]},{\"@type\":\"WebSite\",\"@id\":\"https:\\\/\\\/balkangreenenergynews.com\\\/rs\\\/#website\",\"url\":\"https:\\\/\\\/balkangreenenergynews.com\\\/rs\\\/\",\"name\":\"Balkan Green Energy News\",\"description\":\"Naj\u0161iri izbor vesti sa Balkana o zelenoj energiji\",\"potentialAction\":[{\"@type\":\"SearchAction\",\"target\":{\"@type\":\"EntryPoint\",\"urlTemplate\":\"https:\\\/\\\/balkangreenenergynews.com\\\/rs\\\/?s={search_term_string}\"},\"query-input\":{\"@type\":\"PropertyValueSpecification\",\"valueRequired\":true,\"valueName\":\"search_term_string\"}}],\"inLanguage\":\"sr-RS\"},{\"@type\":\"Person\",\"@id\":\"https:\\\/\\\/balkangreenenergynews.com\\\/rs\\\/#\\\/schema\\\/person\\\/6b3cd0445eb192f645c773282d0747ca\",\"name\":\"Mihajlo Vujasin\",\"url\":\"https:\\\/\\\/balkangreenenergynews.com\\\/rs\\\/author\\\/mihajlo-vujasin\\\/\"}]}<\/script>\n<!-- \/ Yoast SEO plugin. -->","yoast_head_json":{"title":"Aktivisti na barikadama brane selo u Nema\u010dkoj od pro\u0161irenja rudnika uglja","description":"Ekolo\u0161ke grupe se mesecima suprotstavljaju planu kompanije RWE i lokalnih vlasti da razru\u0161e selo Licerat i nastave ekspolataciju lignita.","robots":{"index":"index","follow":"follow","max-snippet":"max-snippet:-1","max-image-preview":"max-image-preview:large","max-video-preview":"max-video-preview:-1"},"canonical":"https:\/\/balkangreenenergynews.com\/rs\/aktivisti-na-barikadama-brane-selo-u-nemackoj-od-prosirenja-rudnika-uglja\/","og_locale":"sr_RS","og_type":"article","og_title":"Aktivisti na barikadama brane selo u Nema\u010dkoj od pro\u0161irenja rudnika uglja","og_description":"Ekolo\u0161ke grupe se mesecima suprotstavljaju planu kompanije RWE i lokalnih vlasti da razru\u0161e selo Licerat i nastave ekspolataciju lignita.","og_url":"https:\/\/balkangreenenergynews.com\/rs\/aktivisti-na-barikadama-brane-selo-u-nemackoj-od-prosirenja-rudnika-uglja\/","og_site_name":"Balkan Green Energy News","article_published_time":"2023-01-09T19:51:14+00:00","article_modified_time":"2023-01-10T09:36:06+00:00","og_image":[{"width":840,"height":430,"url":"https:\/\/balkangreenenergynews.com\/rs\/wp-content\/uploads\/2023\/01\/LuetziTickerEn-022.jpg","type":"image\/jpeg"}],"author":"Mihajlo Vujasin","twitter_card":"summary_large_image","twitter_misc":{"\u041d\u0430\u043f\u0438\u0441\u0430\u043d\u043e \u043e\u0434":"Mihajlo Vujasin","\u041f\u0440\u043e\u0446\u0435\u045a\u0435\u043d\u043e \u0432\u0440\u0435\u043c\u0435 \u0447\u0438\u0442\u0430\u045a\u0430":"5 \u043c\u0438\u043d\u0443\u0442\u0430"},"schema":{"@context":"https:\/\/schema.org","@graph":[{"@type":"Article","@id":"https:\/\/balkangreenenergynews.com\/rs\/aktivisti-na-barikadama-brane-selo-u-nemackoj-od-prosirenja-rudnika-uglja\/#article","isPartOf":{"@id":"https:\/\/balkangreenenergynews.com\/rs\/aktivisti-na-barikadama-brane-selo-u-nemackoj-od-prosirenja-rudnika-uglja\/"},"author":{"name":"Mihajlo Vujasin","@id":"https:\/\/balkangreenenergynews.com\/rs\/#\/schema\/person\/6b3cd0445eb192f645c773282d0747ca"},"headline":"Aktivisti na barikadama brane selo u Nema\u010dkoj od pro\u0161irenja rudnika uglja","datePublished":"2023-01-09T19:51:14+00:00","dateModified":"2023-01-10T09:36:06+00:00","mainEntityOfPage":{"@id":"https:\/\/balkangreenenergynews.com\/rs\/aktivisti-na-barikadama-brane-selo-u-nemackoj-od-prosirenja-rudnika-uglja\/"},"wordCount":881,"commentCount":0,"image":{"@id":"https:\/\/balkangreenenergynews.com\/rs\/aktivisti-na-barikadama-brane-selo-u-nemackoj-od-prosirenja-rudnika-uglja\/#primaryimage"},"thumbnailUrl":"https:\/\/balkangreenenergynews.com\/rs\/wp-content\/uploads\/2023\/01\/LuetziTickerEn-022.jpg?wsr","keywords":["Garzweiler","lignit","Lutzerath","RWE","temoelektrane na ugalj","ugalj","\u017eivotna sredina"],"articleSection":["Elektri\u010dna energija","\u017divotna sredina"],"inLanguage":"sr-RS","potentialAction":[{"@type":"CommentAction","name":"Comment","target":["https:\/\/balkangreenenergynews.com\/rs\/aktivisti-na-barikadama-brane-selo-u-nemackoj-od-prosirenja-rudnika-uglja\/#respond"]}]},{"@type":"WebPage","@id":"https:\/\/balkangreenenergynews.com\/rs\/aktivisti-na-barikadama-brane-selo-u-nemackoj-od-prosirenja-rudnika-uglja\/","url":"https:\/\/balkangreenenergynews.com\/rs\/aktivisti-na-barikadama-brane-selo-u-nemackoj-od-prosirenja-rudnika-uglja\/","name":"Aktivisti na barikadama brane selo u Nema\u010dkoj od pro\u0161irenja rudnika uglja","isPartOf":{"@id":"https:\/\/balkangreenenergynews.com\/rs\/#website"},"primaryImageOfPage":{"@id":"https:\/\/balkangreenenergynews.com\/rs\/aktivisti-na-barikadama-brane-selo-u-nemackoj-od-prosirenja-rudnika-uglja\/#primaryimage"},"image":{"@id":"https:\/\/balkangreenenergynews.com\/rs\/aktivisti-na-barikadama-brane-selo-u-nemackoj-od-prosirenja-rudnika-uglja\/#primaryimage"},"thumbnailUrl":"https:\/\/balkangreenenergynews.com\/rs\/wp-content\/uploads\/2023\/01\/LuetziTickerEn-022.jpg?wsr","datePublished":"2023-01-09T19:51:14+00:00","dateModified":"2023-01-10T09:36:06+00:00","author":{"@id":"https:\/\/balkangreenenergynews.com\/rs\/#\/schema\/person\/6b3cd0445eb192f645c773282d0747ca"},"description":"Ekolo\u0161ke grupe se mesecima suprotstavljaju planu kompanije RWE i lokalnih vlasti da razru\u0161e selo Licerat i nastave ekspolataciju lignita.","breadcrumb":{"@id":"https:\/\/balkangreenenergynews.com\/rs\/aktivisti-na-barikadama-brane-selo-u-nemackoj-od-prosirenja-rudnika-uglja\/#breadcrumb"},"inLanguage":"sr-RS","potentialAction":[{"@type":"ReadAction","target":["https:\/\/balkangreenenergynews.com\/rs\/aktivisti-na-barikadama-brane-selo-u-nemackoj-od-prosirenja-rudnika-uglja\/"]}]},{"@type":"ImageObject","inLanguage":"sr-RS","@id":"https:\/\/balkangreenenergynews.com\/rs\/aktivisti-na-barikadama-brane-selo-u-nemackoj-od-prosirenja-rudnika-uglja\/#primaryimage","url":"https:\/\/balkangreenenergynews.com\/rs\/wp-content\/uploads\/2023\/01\/LuetziTickerEn-022.jpg?wsr","contentUrl":"https:\/\/balkangreenenergynews.com\/rs\/wp-content\/uploads\/2023\/01\/LuetziTickerEn-022.jpg?wsr","width":840,"height":430,"caption":"Aktivisti na barikadama brane selo u Nema\u010dkoj od pro\u0161irenja rudnika uglja"},{"@type":"BreadcrumbList","@id":"https:\/\/balkangreenenergynews.com\/rs\/aktivisti-na-barikadama-brane-selo-u-nemackoj-od-prosirenja-rudnika-uglja\/#breadcrumb","itemListElement":[{"@type":"ListItem","position":1,"name":"Po\u010detna","item":"https:\/\/balkangreenenergynews.com\/rs\/"},{"@type":"ListItem","position":2,"name":"Vesti","item":"https:\/\/balkangreenenergynews.com\/rs\/kategorija\/vesti\/"},{"@type":"ListItem","position":3,"name":"\u017divotna sredina","item":"https:\/\/balkangreenenergynews.com\/rs\/kategorija\/vesti\/zivotna-sredina\/"},{"@type":"ListItem","position":4,"name":"Aktivisti na barikadama brane selo u Nema\u010dkoj od pro\u0161irenja rudnika uglja"}]},{"@type":"WebSite","@id":"https:\/\/balkangreenenergynews.com\/rs\/#website","url":"https:\/\/balkangreenenergynews.com\/rs\/","name":"Balkan Green Energy News","description":"Naj\u0161iri izbor vesti sa Balkana o zelenoj energiji","potentialAction":[{"@type":"SearchAction","target":{"@type":"EntryPoint","urlTemplate":"https:\/\/balkangreenenergynews.com\/rs\/?s={search_term_string}"},"query-input":{"@type":"PropertyValueSpecification","valueRequired":true,"valueName":"search_term_string"}}],"inLanguage":"sr-RS"},{"@type":"Person","@id":"https:\/\/balkangreenenergynews.com\/rs\/#\/schema\/person\/6b3cd0445eb192f645c773282d0747ca","name":"Mihajlo Vujasin","url":"https:\/\/balkangreenenergynews.com\/rs\/author\/mihajlo-vujasin\/"}]}},"_links":{"self":[{"href":"https:\/\/balkangreenenergynews.com\/rs\/wp-json\/wp\/v2\/posts\/54909","targetHints":{"allow":["GET"]}}],"collection":[{"href":"https:\/\/balkangreenenergynews.com\/rs\/wp-json\/wp\/v2\/posts"}],"about":[{"href":"https:\/\/balkangreenenergynews.com\/rs\/wp-json\/wp\/v2\/types\/post"}],"author":[{"embeddable":true,"href":"https:\/\/balkangreenenergynews.com\/rs\/wp-json\/wp\/v2\/users\/30"}],"replies":[{"embeddable":true,"href":"https:\/\/balkangreenenergynews.com\/rs\/wp-json\/wp\/v2\/comments?post=54909"}],"version-history":[{"count":0,"href":"https:\/\/balkangreenenergynews.com\/rs\/wp-json\/wp\/v2\/posts\/54909\/revisions"}],"wp:featuredmedia":[{"embeddable":true,"href":"https:\/\/balkangreenenergynews.com\/rs\/wp-json\/wp\/v2\/media\/54914"}],"wp:attachment":[{"href":"https:\/\/balkangreenenergynews.com\/rs\/wp-json\/wp\/v2\/media?parent=54909"}],"wp:term":[{"taxonomy":"category","embeddable":true,"href":"https:\/\/balkangreenenergynews.com\/rs\/wp-json\/wp\/v2\/categories?post=54909"},{"taxonomy":"post_tag","embeddable":true,"href":"https:\/\/balkangreenenergynews.com\/rs\/wp-json\/wp\/v2\/tags?post=54909"}],"curies":[{"name":"wp","href":"https:\/\/api.w.org\/{rel}","templated":true}]}}