{"id":54840,"date":"2023-01-05T16:00:12","date_gmt":"2023-01-05T15:00:12","guid":{"rendered":"https:\/\/balkangreenenergynews.com\/rs\/?p=54840"},"modified":"2023-01-05T16:50:09","modified_gmt":"2023-01-05T15:50:09","slug":"epbih-ocekuje-uvodjenje-poreza-na-co2-u-bih-za-3-8-godina","status":"publish","type":"post","link":"https:\/\/balkangreenenergynews.com\/rs\/epbih-ocekuje-uvodjenje-poreza-na-co2-u-bih-za-3-8-godina\/","title":{"rendered":"EPBiH o\u010dekuje uvo\u0111enje poreza na CO2 u BiH za 3-8 godina"},"content":{"rendered":"<h2>Elektroprivreda BiH (EPBiH) o\u010dekuje uvo\u0111enje oporezivanja emisija ugljen-dioksida (CO2) u Bosni i Hercegovini za tri do osam godina. To je, kako je\u00a0<a href=\"https:\/\/balkangreenenergynews.com\/rs\/epbih-ce-zbog-manjka-uglja-sledece-godine-imati-duplo-manje-struje-za-izvoz\/\">naveo EPBiH u Planu poslovanja<\/a>, jedan od najve\u0107ih rizika u poslovanju kompanije u narednom trogodi\u0161njem periodu, i rashod koji \u0107e smanjiti o\u010dekivanu dobit.<\/h2>\n<p>Uvo\u0111enje takse na CO2 je odluka koja \u010deka sve zemlje Zapadnog Balkana jer su se potpisivanjem\u00a0<a href=\"https:\/\/balkangreenenergynews.com\/rs\/na-sta-su-se-zemlje-zapadnog-balkana-obavezale-potpisivanjem-sofijske-deklaracije-o-zelenoj-agendi\/\">Sofijske deklaracije<\/a>\u00a0obavezale na dekarbonizaciju do 2050. godine.\u00a0<a href=\"https:\/\/balkangreenenergynews.com\/rs\/koje-zemlje-zapadnog-balkana-se-pripremaju-za-uvodjenje-poreza-na-co2\/\">Analiza\u00a0<\/a>pokazuje da polovina zemalja ovog regiona ozbiljno radi na tome, dok ostale prili\u010dno zaostaju.<\/p>\n<p>Obavezuju\u0107i rokovi za uvo\u0111enje poreza na CO2 ne postoje, ali stvari \u0107e verovatno ubrzati nedavna odluka Evropske unije\u00a0<a href=\"https:\/\/balkangreenenergynews.com\/rs\/izvoznici-u-eu-odahnuli-prekogranicni-porez-na-co2-ce-se-u-potpunosti-naplacivati-tek-2034-godine\/\">da 2026. uvede prekograni\u010dni porez na ugljen-dioksid<\/a>\u00a0(eng. carbon border adjustement mechanisam \u2013 CBAM) koji predstavlja oporezivanje odre\u0111enih roba uve\u017eenih iz zemalja koje nemaju oporezivanje emisija \u2013 gde spadaju sve zemlje Zapadnog Balkana.<\/p>\n<blockquote><p>Procena EPBiH poklapa se se po\u010detkom naplate prekograni\u010dne takse na CO2 Evropske unije<\/p><\/blockquote>\n<p>Zanimljivo je da se procena EPBiH da \u0107e porez na CO2 biti uveden za najmanje tri godine poklapa sa uvo\u0111enjem prekograni\u010dne takse EU. Iako ova kompanija oporezivanje CO2 vidi kao rizik, ipak ima manje razloga za brigu od ostalih elektroprivreda u regionu jer je 2021. bar\u00a0<a href=\"https:\/\/balkangreenenergynews.com\/rs\/epbih-ce-interno-obracunavati-cenu-co2-na-poziv-energetske-zajednice\/\">zapo\u010dela<\/a>\u00a0interni obra\u010dun ovog poreza, koji je\u00a0<a href=\"https:\/\/balkangreenenergynews.com\/rs\/esm-ce-do-kraja-godine-poceti-da-obracunava-cenu-emisija-co2-za-svoje-termoelektrane\/\">najavila<\/a>\u00a0i\u00a0<a href=\"https:\/\/balkangreenenergynews.com\/rs\/pametno-promisljanje-energetske-tranzicije-esm-prvi-u-regionu-sagradio-solarnu-elektranu-na-ugljenokopima\/\">Elektrani na Severna Makedonija (ESM)<\/a>.<\/p>\n<p>Ina\u010de, i vlasti u BiH su\u00a0<a href=\"https:\/\/balkangreenenergynews.com\/rs\/bih-ce-do-2026-pripremiti-sistem-za-oporezivanje-emisija-co2\/\">najavile<\/a>\u00a0da \u0107e od 2026. biti spreman sistem za naplatu i trgovanje emisijama ugljen-dioksida, kako bi izbeglo pla\u0107anje prekograni\u010dne takse na CO2.<\/p>\n<blockquote><p>Dr\u017eava i EPBIH moraju da se potrude da uvo\u0111enje poreza bude postepeno<\/p><\/blockquote>\n<p>U\u00a0<a href=\"https:\/\/www.epbih.ba\/upload\/documents\/74SD_Donosenje_Plana_poslovanja_spojeno.pdf\">Planu poslovanja za period od 2023. do 2025. godine<\/a>\u00a0EPBiH navodi se da je sigurno da \u0107e u narednih 3-8 godina biti uvedeno pla\u0107anje taksi ili sli\u010dnih naknada na CO2 emisije iz termoelektrana na prostoru BiH, a na dr\u017eavi i kompaniji je da se izbore da to bude postepeno i uz \u0161to manje tro\u0161kove.<\/p>\n<p>BiH i EPBiH, kako se navodi, moraju pokazati i dokazati spremnost da redukuju emisije CO2 shodno globalnim trendovima, a \u0161to \u0107e biti konkretizovano kroz Nacionalni energetski i klimatski plan (NEKP).<\/p>\n<h3>Taksa na CO2 ozbiljno uti\u010de na poslovni rezultat<\/h3>\n<p>EPBiH upozorava da trenutno visoki nivo tr\u017ei\u0161nih cena ne bi trebalo da bude razlog za opu\u0161tanje i odustajanje od tro\u0161kovne efikasnosti na du\u017ei rok, jer su tr\u017ei\u0161ne cene ve\u0107 za 2024. i 2025. zna\u010dajno ni\u017ee u odnosu na 2023, a sve je izvesnije i uvo\u0111enje pla\u0107anja CO2 taksi.<\/p>\n<p>Obra\u010dunati interni tro\u0161ak emisije CO2 za 2021. iznosio je 23,83 miliona konvertbilnih maraka i to uz udeo besplatne alokacije od 95 odsto. Sa smanjenjem udela besplatne alokacije (po pet odsto godi\u0161nje), te pove\u0107anu tr\u017ei\u0161nu cijenu emisija, interni tro\u0161kovi za 2022. procenjeni su na 67 miliona KM, u 2023. na 101 milion, 2024. na 140 miliona\u00a0 i 2025. na 190 miliona.<\/p>\n<p>Ura\u010dunavanje ovog tro\u0161ka, kako je navedeno u Planu poslovanja, zna\u010dilo bi da je kompanije imala manjak u 2021. i 2022, a ove godine \u0107e biti umanjena na 15 miliona.<\/p>\n","protected":false},"excerpt":{"rendered":"<p>Na dr\u017eavi i kompaniji je da se izbore da to bude postepeno i uz \u0161to manje tro\u0161kove, navela je Elektroprivreda BiH<\/p>\n","protected":false},"author":23,"featured_media":54841,"comment_status":"open","ping_status":"open","sticky":false,"template":"","format":"standard","meta":{"_acf_changed":false,"_monsterinsights_skip_tracking":false,"_monsterinsights_sitenote_active":false,"_monsterinsights_sitenote_note":"","_monsterinsights_sitenote_category":0,"footnotes":""},"categories":[504,5909],"tags":[509,3279,187,5232,5024,5343,5908,6167,5341],"class_list":["post-54840","post","type-post","status-publish","format-standard","has-post-thumbnail","hentry","category-elektricna-energija","category-klimatske-promene","tag-co2","tag-dekarbonizacija","tag-epbih","tag-esm","tag-nekp","tag-porez-na-co2","tag-prekogranicna-taksa-na-co2","tag-sofijska-deklaracija","tag-taksa-na-co2","country-bosna-i-hercegovina"],"acf":[],"yoast_head":"<!-- This site is optimized with the Yoast SEO plugin v27.4 - https:\/\/yoast.com\/product\/yoast-seo-wordpress\/ -->\n<title>EPBiH o\u010dekuje uvo\u0111enje poreza na CO2 u BiH za 3-8 godina<\/title>\n<meta name=\"description\" content=\"Na dr\u017eavi i kompaniji je da se izbore da to bude postepeno i uz \u0161to manje tro\u0161kove, navela je Elektroprivreda BiH\" \/>\n<meta name=\"robots\" content=\"index, follow, max-snippet:-1, max-image-preview:large, max-video-preview:-1\" \/>\n<link rel=\"canonical\" href=\"https:\/\/balkangreenenergynews.com\/rs\/epbih-ocekuje-uvodjenje-poreza-na-co2-u-bih-za-3-8-godina\/\" \/>\n<meta property=\"og:locale\" content=\"sr_RS\" \/>\n<meta property=\"og:type\" content=\"article\" \/>\n<meta property=\"og:title\" content=\"EPBiH o\u010dekuje uvo\u0111enje poreza na CO2 u BiH za 3-8 godina\" \/>\n<meta property=\"og:description\" content=\"Na dr\u017eavi i kompaniji je da se izbore da to bude postepeno i uz \u0161to manje tro\u0161kove, navela je Elektroprivreda BiH\" \/>\n<meta property=\"og:url\" content=\"https:\/\/balkangreenenergynews.com\/rs\/epbih-ocekuje-uvodjenje-poreza-na-co2-u-bih-za-3-8-godina\/\" \/>\n<meta property=\"og:site_name\" content=\"Balkan Green Energy News\" \/>\n<meta property=\"article:published_time\" content=\"2023-01-05T15:00:12+00:00\" \/>\n<meta property=\"article:modified_time\" content=\"2023-01-05T15:50:09+00:00\" \/>\n<meta property=\"og:image\" content=\"https:\/\/balkangreenenergynews.com\/rs\/wp-content\/uploads\/2023\/01\/EPBiH-ocekuje-uvodjenje-poreza-na-CO2-u-BiH-za-3-8-godina.jpg\" \/>\n\t<meta property=\"og:image:width\" content=\"840\" \/>\n\t<meta property=\"og:image:height\" content=\"430\" \/>\n\t<meta property=\"og:image:type\" content=\"image\/jpeg\" \/>\n<meta name=\"author\" content=\"Vladimir Spasi\u0107\" \/>\n<meta name=\"twitter:card\" content=\"summary_large_image\" \/>\n<meta name=\"twitter:label1\" content=\"\u041d\u0430\u043f\u0438\u0441\u0430\u043d\u043e \u043e\u0434\" \/>\n\t<meta name=\"twitter:data1\" content=\"Vladimir Spasi\u0107\" \/>\n\t<meta name=\"twitter:label2\" content=\"\u041f\u0440\u043e\u0446\u0435\u045a\u0435\u043d\u043e \u0432\u0440\u0435\u043c\u0435 \u0447\u0438\u0442\u0430\u045a\u0430\" \/>\n\t<meta name=\"twitter:data2\" content=\"3 \u043c\u0438\u043d\u0443\u0442\u0430\" \/>\n<script type=\"application\/ld+json\" class=\"yoast-schema-graph\">{\"@context\":\"https:\\\/\\\/schema.org\",\"@graph\":[{\"@type\":\"Article\",\"@id\":\"https:\\\/\\\/balkangreenenergynews.com\\\/rs\\\/epbih-ocekuje-uvodjenje-poreza-na-co2-u-bih-za-3-8-godina\\\/#article\",\"isPartOf\":{\"@id\":\"https:\\\/\\\/balkangreenenergynews.com\\\/rs\\\/epbih-ocekuje-uvodjenje-poreza-na-co2-u-bih-za-3-8-godina\\\/\"},\"author\":{\"name\":\"Vladimir Spasi\u0107\",\"@id\":\"https:\\\/\\\/balkangreenenergynews.com\\\/rs\\\/#\\\/schema\\\/person\\\/99dc721c46113fea22caffad06ef7317\"},\"headline\":\"EPBiH o\u010dekuje uvo\u0111enje poreza na CO2 u BiH za 3-8 godina\",\"datePublished\":\"2023-01-05T15:00:12+00:00\",\"dateModified\":\"2023-01-05T15:50:09+00:00\",\"mainEntityOfPage\":{\"@id\":\"https:\\\/\\\/balkangreenenergynews.com\\\/rs\\\/epbih-ocekuje-uvodjenje-poreza-na-co2-u-bih-za-3-8-godina\\\/\"},\"wordCount\":515,\"commentCount\":0,\"image\":{\"@id\":\"https:\\\/\\\/balkangreenenergynews.com\\\/rs\\\/epbih-ocekuje-uvodjenje-poreza-na-co2-u-bih-za-3-8-godina\\\/#primaryimage\"},\"thumbnailUrl\":\"https:\\\/\\\/balkangreenenergynews.com\\\/rs\\\/wp-content\\\/uploads\\\/2023\\\/01\\\/EPBiH-ocekuje-uvodjenje-poreza-na-CO2-u-BiH-za-3-8-godina.jpg?wsr\",\"keywords\":[\"CO2\",\"dekarbonizacija\",\"EPBiH\",\"ESM\",\"NEKP\",\"porez na CO2\",\"prekograni\u010dna taksa na CO2\",\"Sofijska deklaracija\",\"taksa na CO2\"],\"articleSection\":[\"Elektri\u010dna energija\",\"Klimatske promene\"],\"inLanguage\":\"sr-RS\",\"potentialAction\":[{\"@type\":\"CommentAction\",\"name\":\"Comment\",\"target\":[\"https:\\\/\\\/balkangreenenergynews.com\\\/rs\\\/epbih-ocekuje-uvodjenje-poreza-na-co2-u-bih-za-3-8-godina\\\/#respond\"]}]},{\"@type\":\"WebPage\",\"@id\":\"https:\\\/\\\/balkangreenenergynews.com\\\/rs\\\/epbih-ocekuje-uvodjenje-poreza-na-co2-u-bih-za-3-8-godina\\\/\",\"url\":\"https:\\\/\\\/balkangreenenergynews.com\\\/rs\\\/epbih-ocekuje-uvodjenje-poreza-na-co2-u-bih-za-3-8-godina\\\/\",\"name\":\"EPBiH o\u010dekuje uvo\u0111enje poreza na CO2 u BiH za 3-8 godina\",\"isPartOf\":{\"@id\":\"https:\\\/\\\/balkangreenenergynews.com\\\/rs\\\/#website\"},\"primaryImageOfPage\":{\"@id\":\"https:\\\/\\\/balkangreenenergynews.com\\\/rs\\\/epbih-ocekuje-uvodjenje-poreza-na-co2-u-bih-za-3-8-godina\\\/#primaryimage\"},\"image\":{\"@id\":\"https:\\\/\\\/balkangreenenergynews.com\\\/rs\\\/epbih-ocekuje-uvodjenje-poreza-na-co2-u-bih-za-3-8-godina\\\/#primaryimage\"},\"thumbnailUrl\":\"https:\\\/\\\/balkangreenenergynews.com\\\/rs\\\/wp-content\\\/uploads\\\/2023\\\/01\\\/EPBiH-ocekuje-uvodjenje-poreza-na-CO2-u-BiH-za-3-8-godina.jpg?wsr\",\"datePublished\":\"2023-01-05T15:00:12+00:00\",\"dateModified\":\"2023-01-05T15:50:09+00:00\",\"author\":{\"@id\":\"https:\\\/\\\/balkangreenenergynews.com\\\/rs\\\/#\\\/schema\\\/person\\\/99dc721c46113fea22caffad06ef7317\"},\"description\":\"Na dr\u017eavi i kompaniji je da se izbore da to bude postepeno i uz \u0161to manje tro\u0161kove, navela je Elektroprivreda BiH\",\"breadcrumb\":{\"@id\":\"https:\\\/\\\/balkangreenenergynews.com\\\/rs\\\/epbih-ocekuje-uvodjenje-poreza-na-co2-u-bih-za-3-8-godina\\\/#breadcrumb\"},\"inLanguage\":\"sr-RS\",\"potentialAction\":[{\"@type\":\"ReadAction\",\"target\":[\"https:\\\/\\\/balkangreenenergynews.com\\\/rs\\\/epbih-ocekuje-uvodjenje-poreza-na-co2-u-bih-za-3-8-godina\\\/\"]}]},{\"@type\":\"ImageObject\",\"inLanguage\":\"sr-RS\",\"@id\":\"https:\\\/\\\/balkangreenenergynews.com\\\/rs\\\/epbih-ocekuje-uvodjenje-poreza-na-co2-u-bih-za-3-8-godina\\\/#primaryimage\",\"url\":\"https:\\\/\\\/balkangreenenergynews.com\\\/rs\\\/wp-content\\\/uploads\\\/2023\\\/01\\\/EPBiH-ocekuje-uvodjenje-poreza-na-CO2-u-BiH-za-3-8-godina.jpg?wsr\",\"contentUrl\":\"https:\\\/\\\/balkangreenenergynews.com\\\/rs\\\/wp-content\\\/uploads\\\/2023\\\/01\\\/EPBiH-ocekuje-uvodjenje-poreza-na-CO2-u-BiH-za-3-8-godina.jpg?wsr\",\"width\":840,\"height\":430,\"caption\":\"EPBiH ocekuje uvodjenje poreza na CO2 u BiH za 3-8 godina\"},{\"@type\":\"BreadcrumbList\",\"@id\":\"https:\\\/\\\/balkangreenenergynews.com\\\/rs\\\/epbih-ocekuje-uvodjenje-poreza-na-co2-u-bih-za-3-8-godina\\\/#breadcrumb\",\"itemListElement\":[{\"@type\":\"ListItem\",\"position\":1,\"name\":\"Po\u010detna\",\"item\":\"https:\\\/\\\/balkangreenenergynews.com\\\/rs\\\/\"},{\"@type\":\"ListItem\",\"position\":2,\"name\":\"Klimatske promene\",\"item\":\"https:\\\/\\\/balkangreenenergynews.com\\\/rs\\\/kategorija\\\/klimatske-promene\\\/\"},{\"@type\":\"ListItem\",\"position\":3,\"name\":\"EPBiH o\u010dekuje uvo\u0111enje poreza na CO2 u BiH za 3-8 godina\"}]},{\"@type\":\"WebSite\",\"@id\":\"https:\\\/\\\/balkangreenenergynews.com\\\/rs\\\/#website\",\"url\":\"https:\\\/\\\/balkangreenenergynews.com\\\/rs\\\/\",\"name\":\"Balkan Green Energy News\",\"description\":\"Naj\u0161iri izbor vesti sa Balkana o zelenoj energiji\",\"potentialAction\":[{\"@type\":\"SearchAction\",\"target\":{\"@type\":\"EntryPoint\",\"urlTemplate\":\"https:\\\/\\\/balkangreenenergynews.com\\\/rs\\\/?s={search_term_string}\"},\"query-input\":{\"@type\":\"PropertyValueSpecification\",\"valueRequired\":true,\"valueName\":\"search_term_string\"}}],\"inLanguage\":\"sr-RS\"},{\"@type\":\"Person\",\"@id\":\"https:\\\/\\\/balkangreenenergynews.com\\\/rs\\\/#\\\/schema\\\/person\\\/99dc721c46113fea22caffad06ef7317\",\"name\":\"Vladimir Spasi\u0107\",\"url\":\"https:\\\/\\\/balkangreenenergynews.com\\\/rs\\\/author\\\/vladimir-spasic\\\/\"}]}<\/script>\n<!-- \/ Yoast SEO plugin. -->","yoast_head_json":{"title":"EPBiH o\u010dekuje uvo\u0111enje poreza na CO2 u BiH za 3-8 godina","description":"Na dr\u017eavi i kompaniji je da se izbore da to bude postepeno i uz \u0161to manje tro\u0161kove, navela je Elektroprivreda BiH","robots":{"index":"index","follow":"follow","max-snippet":"max-snippet:-1","max-image-preview":"max-image-preview:large","max-video-preview":"max-video-preview:-1"},"canonical":"https:\/\/balkangreenenergynews.com\/rs\/epbih-ocekuje-uvodjenje-poreza-na-co2-u-bih-za-3-8-godina\/","og_locale":"sr_RS","og_type":"article","og_title":"EPBiH o\u010dekuje uvo\u0111enje poreza na CO2 u BiH za 3-8 godina","og_description":"Na dr\u017eavi i kompaniji je da se izbore da to bude postepeno i uz \u0161to manje tro\u0161kove, navela je Elektroprivreda BiH","og_url":"https:\/\/balkangreenenergynews.com\/rs\/epbih-ocekuje-uvodjenje-poreza-na-co2-u-bih-za-3-8-godina\/","og_site_name":"Balkan Green Energy News","article_published_time":"2023-01-05T15:00:12+00:00","article_modified_time":"2023-01-05T15:50:09+00:00","og_image":[{"width":840,"height":430,"url":"https:\/\/balkangreenenergynews.com\/rs\/wp-content\/uploads\/2023\/01\/EPBiH-ocekuje-uvodjenje-poreza-na-CO2-u-BiH-za-3-8-godina.jpg","type":"image\/jpeg"}],"author":"Vladimir Spasi\u0107","twitter_card":"summary_large_image","twitter_misc":{"\u041d\u0430\u043f\u0438\u0441\u0430\u043d\u043e \u043e\u0434":"Vladimir Spasi\u0107","\u041f\u0440\u043e\u0446\u0435\u045a\u0435\u043d\u043e \u0432\u0440\u0435\u043c\u0435 \u0447\u0438\u0442\u0430\u045a\u0430":"3 \u043c\u0438\u043d\u0443\u0442\u0430"},"schema":{"@context":"https:\/\/schema.org","@graph":[{"@type":"Article","@id":"https:\/\/balkangreenenergynews.com\/rs\/epbih-ocekuje-uvodjenje-poreza-na-co2-u-bih-za-3-8-godina\/#article","isPartOf":{"@id":"https:\/\/balkangreenenergynews.com\/rs\/epbih-ocekuje-uvodjenje-poreza-na-co2-u-bih-za-3-8-godina\/"},"author":{"name":"Vladimir Spasi\u0107","@id":"https:\/\/balkangreenenergynews.com\/rs\/#\/schema\/person\/99dc721c46113fea22caffad06ef7317"},"headline":"EPBiH o\u010dekuje uvo\u0111enje poreza na CO2 u BiH za 3-8 godina","datePublished":"2023-01-05T15:00:12+00:00","dateModified":"2023-01-05T15:50:09+00:00","mainEntityOfPage":{"@id":"https:\/\/balkangreenenergynews.com\/rs\/epbih-ocekuje-uvodjenje-poreza-na-co2-u-bih-za-3-8-godina\/"},"wordCount":515,"commentCount":0,"image":{"@id":"https:\/\/balkangreenenergynews.com\/rs\/epbih-ocekuje-uvodjenje-poreza-na-co2-u-bih-za-3-8-godina\/#primaryimage"},"thumbnailUrl":"https:\/\/balkangreenenergynews.com\/rs\/wp-content\/uploads\/2023\/01\/EPBiH-ocekuje-uvodjenje-poreza-na-CO2-u-BiH-za-3-8-godina.jpg?wsr","keywords":["CO2","dekarbonizacija","EPBiH","ESM","NEKP","porez na CO2","prekograni\u010dna taksa na CO2","Sofijska deklaracija","taksa na CO2"],"articleSection":["Elektri\u010dna energija","Klimatske promene"],"inLanguage":"sr-RS","potentialAction":[{"@type":"CommentAction","name":"Comment","target":["https:\/\/balkangreenenergynews.com\/rs\/epbih-ocekuje-uvodjenje-poreza-na-co2-u-bih-za-3-8-godina\/#respond"]}]},{"@type":"WebPage","@id":"https:\/\/balkangreenenergynews.com\/rs\/epbih-ocekuje-uvodjenje-poreza-na-co2-u-bih-za-3-8-godina\/","url":"https:\/\/balkangreenenergynews.com\/rs\/epbih-ocekuje-uvodjenje-poreza-na-co2-u-bih-za-3-8-godina\/","name":"EPBiH o\u010dekuje uvo\u0111enje poreza na CO2 u BiH za 3-8 godina","isPartOf":{"@id":"https:\/\/balkangreenenergynews.com\/rs\/#website"},"primaryImageOfPage":{"@id":"https:\/\/balkangreenenergynews.com\/rs\/epbih-ocekuje-uvodjenje-poreza-na-co2-u-bih-za-3-8-godina\/#primaryimage"},"image":{"@id":"https:\/\/balkangreenenergynews.com\/rs\/epbih-ocekuje-uvodjenje-poreza-na-co2-u-bih-za-3-8-godina\/#primaryimage"},"thumbnailUrl":"https:\/\/balkangreenenergynews.com\/rs\/wp-content\/uploads\/2023\/01\/EPBiH-ocekuje-uvodjenje-poreza-na-CO2-u-BiH-za-3-8-godina.jpg?wsr","datePublished":"2023-01-05T15:00:12+00:00","dateModified":"2023-01-05T15:50:09+00:00","author":{"@id":"https:\/\/balkangreenenergynews.com\/rs\/#\/schema\/person\/99dc721c46113fea22caffad06ef7317"},"description":"Na dr\u017eavi i kompaniji je da se izbore da to bude postepeno i uz \u0161to manje tro\u0161kove, navela je Elektroprivreda BiH","breadcrumb":{"@id":"https:\/\/balkangreenenergynews.com\/rs\/epbih-ocekuje-uvodjenje-poreza-na-co2-u-bih-za-3-8-godina\/#breadcrumb"},"inLanguage":"sr-RS","potentialAction":[{"@type":"ReadAction","target":["https:\/\/balkangreenenergynews.com\/rs\/epbih-ocekuje-uvodjenje-poreza-na-co2-u-bih-za-3-8-godina\/"]}]},{"@type":"ImageObject","inLanguage":"sr-RS","@id":"https:\/\/balkangreenenergynews.com\/rs\/epbih-ocekuje-uvodjenje-poreza-na-co2-u-bih-za-3-8-godina\/#primaryimage","url":"https:\/\/balkangreenenergynews.com\/rs\/wp-content\/uploads\/2023\/01\/EPBiH-ocekuje-uvodjenje-poreza-na-CO2-u-BiH-za-3-8-godina.jpg?wsr","contentUrl":"https:\/\/balkangreenenergynews.com\/rs\/wp-content\/uploads\/2023\/01\/EPBiH-ocekuje-uvodjenje-poreza-na-CO2-u-BiH-za-3-8-godina.jpg?wsr","width":840,"height":430,"caption":"EPBiH ocekuje uvodjenje poreza na CO2 u BiH za 3-8 godina"},{"@type":"BreadcrumbList","@id":"https:\/\/balkangreenenergynews.com\/rs\/epbih-ocekuje-uvodjenje-poreza-na-co2-u-bih-za-3-8-godina\/#breadcrumb","itemListElement":[{"@type":"ListItem","position":1,"name":"Po\u010detna","item":"https:\/\/balkangreenenergynews.com\/rs\/"},{"@type":"ListItem","position":2,"name":"Klimatske promene","item":"https:\/\/balkangreenenergynews.com\/rs\/kategorija\/klimatske-promene\/"},{"@type":"ListItem","position":3,"name":"EPBiH o\u010dekuje uvo\u0111enje poreza na CO2 u BiH za 3-8 godina"}]},{"@type":"WebSite","@id":"https:\/\/balkangreenenergynews.com\/rs\/#website","url":"https:\/\/balkangreenenergynews.com\/rs\/","name":"Balkan Green Energy News","description":"Naj\u0161iri izbor vesti sa Balkana o zelenoj energiji","potentialAction":[{"@type":"SearchAction","target":{"@type":"EntryPoint","urlTemplate":"https:\/\/balkangreenenergynews.com\/rs\/?s={search_term_string}"},"query-input":{"@type":"PropertyValueSpecification","valueRequired":true,"valueName":"search_term_string"}}],"inLanguage":"sr-RS"},{"@type":"Person","@id":"https:\/\/balkangreenenergynews.com\/rs\/#\/schema\/person\/99dc721c46113fea22caffad06ef7317","name":"Vladimir Spasi\u0107","url":"https:\/\/balkangreenenergynews.com\/rs\/author\/vladimir-spasic\/"}]}},"_links":{"self":[{"href":"https:\/\/balkangreenenergynews.com\/rs\/wp-json\/wp\/v2\/posts\/54840","targetHints":{"allow":["GET"]}}],"collection":[{"href":"https:\/\/balkangreenenergynews.com\/rs\/wp-json\/wp\/v2\/posts"}],"about":[{"href":"https:\/\/balkangreenenergynews.com\/rs\/wp-json\/wp\/v2\/types\/post"}],"author":[{"embeddable":true,"href":"https:\/\/balkangreenenergynews.com\/rs\/wp-json\/wp\/v2\/users\/23"}],"replies":[{"embeddable":true,"href":"https:\/\/balkangreenenergynews.com\/rs\/wp-json\/wp\/v2\/comments?post=54840"}],"version-history":[{"count":0,"href":"https:\/\/balkangreenenergynews.com\/rs\/wp-json\/wp\/v2\/posts\/54840\/revisions"}],"wp:featuredmedia":[{"embeddable":true,"href":"https:\/\/balkangreenenergynews.com\/rs\/wp-json\/wp\/v2\/media\/54841"}],"wp:attachment":[{"href":"https:\/\/balkangreenenergynews.com\/rs\/wp-json\/wp\/v2\/media?parent=54840"}],"wp:term":[{"taxonomy":"category","embeddable":true,"href":"https:\/\/balkangreenenergynews.com\/rs\/wp-json\/wp\/v2\/categories?post=54840"},{"taxonomy":"post_tag","embeddable":true,"href":"https:\/\/balkangreenenergynews.com\/rs\/wp-json\/wp\/v2\/tags?post=54840"}],"curies":[{"name":"wp","href":"https:\/\/api.w.org\/{rel}","templated":true}]}}