{"id":54572,"date":"2022-12-27T10:05:57","date_gmt":"2022-12-27T09:05:57","guid":{"rendered":"https:\/\/balkangreenenergynews.com\/rs\/?p=54572"},"modified":"2024-04-09T17:16:15","modified_gmt":"2024-04-09T15:16:15","slug":"osnovana-prva-regionalna-berza-elektricne-energije-adex","status":"publish","type":"post","link":"https:\/\/balkangreenenergynews.com\/rs\/osnovana-prva-regionalna-berza-elektricne-energije-adex\/","title":{"rendered":"Osnovana prva regionalna berza elektri\u010dne energije \u2013 ADEX"},"content":{"rendered":"<h2>Operatori prenosnih sistema u Sloveniji i Srbiji su sa EPEX Spotom pokrenuli prvu regionalnu berzu elektri\u010dne energije za Centralnu i Jugoisto\u010dnu Evropu.<\/h2>\n<p>Osniva\u010di <a href=\"https:\/\/balkangreenenergynews.com\/rs\/zvanicno-pusten-u-rad-dalekovod-koji-povezuje-sloveniju-hrvatsku-madjarsku\/\">ELES,<\/a> Elektromre\u017ea Srbije <a href=\"https:\/\/balkangreenenergynews.com\/rs\/elektromreza-srbije-planira-pet-novih-interkonekcija-sa-susedima\/\">(EMS)<\/a> i Evropska berza struje \u2013 EPEX Spot zvani\u010dno su uspostavili Alpsko-jadransko dunavsku berzu elektri\u010dne energije ADEX, prvu te vrste za region Centralne i Jugoisto\u010dne Evrope (CJIE). Sporazum je potpisan u Ljubljani.<\/p>\n<p>ADEX je nastao korporativnim spajanjem slovena\u010dke energetske berze BSP SouthPool i <a href=\"https:\/\/balkangreenenergynews.com\/rs\/proizvodjaci-elektricne-energije-iz-obnovljivih-izvora-u-hrvatskoj-i-srbiji-napustaju-fid-in-tarife\/\">SEEPEX<\/a> berze elektri\u010dne energije u Srbiji. Sedi\u0161te nove kompanije je u Ljubljani, a glavne stalne kancelarije su i u glavnom gradu Slovenije i u Beogradu. Ponudi\u0107e harmonizovane i jedinstvene <em>(one-stop-shop)<\/em> usluge spot trgovine elektri\u010dnom energijom u Sloveniji i Srbiji, sa ambicijom da svoje poslovanje pro\u0161iri i na ostale zemlje u regionima Centralne i Jugoisto\u010dne Evrope (CJIE).<\/p>\n<h3>Prvi korak ka sna\u017enoj regionalnoj berzi elektri\u010dne energije<\/h3>\n<p>&#8222;Osnivanjem regionalne berze elektri\u010dne energije ADEX, slovena\u010dka berza elektri\u010dne energije BSP, koja je prethodno poslovala samo na slovena\u010dkom tr\u017ei\u0161tu, postaje klju\u010dni igra\u010d na tr\u017ei\u0161tu elektri\u010dne energije i na \u0161irem evropskom prostoru. Ponosan sam \u0161to je ELES, kao stoodstotni vlasnik BSP-a, uspeo da, zajedno sa svojim strate\u0161kim partnerima sa kojima deli jasnu viziju, realizuje ovaj izuzetni cilj, a \u0161to ujedno predstavlja i prvi korak ka uspostavljanju sna\u017ene regionalne berze elektri\u010dne energije&#8220;, izjavio je <a href=\"https:\/\/balkangreenenergynews.com\/rs\/mervar-slovenija-da-sto-pre-odredi-datum-prestanka-upotrebe-uglja\/\">Aleksander Mervar,<\/a> generalni direktor ELES-a, operatora prenosnog sistema elektri\u010dne energije u Sloveniji, i predsednik ELES grupe.<\/p>\n<p>&#8222;Ovo izvanredno dostignuc\u0301e c\u0301e dodatno podstac\u0301i razvoj regionalnog tr\u017ei\u0161ta elektri\u010dne energije i obezbediti sna\u017eno i pouzdano tr\u017ei\u0161no okru\u017eenje neophodno za nove investicije u OIE i odr\u017eivu zelenu tranziciju. Osim toga, verujemo da \u0107e ova inicijativa poslu\u017eiti kao dobar model drugim zemljama Centralne i Jugoisto\u010dne Evrope da se pridru\u017ee ovoj naprednoj poslovnoj infrastrukturi&#8220;, navela je Jelena Matejic\u0301, generalna direktorka EMS-a, operatora prenosnog sistema u Srbiji.<\/p>\n<p>ELES i EMS upravljaju mre\u017eama dalekovoda od 400, 220 i 110 kilovolti.<\/p>\n<figure id=\"attachment_54573\" aria-describedby=\"caption-attachment-54573\" style=\"width: 840px\" class=\"wp-caption aligncenter\"><img loading=\"lazy\" decoding=\"async\" class=\"wp-image-54573 size-full\" src=\"https:\/\/balkangreenenergynews.com\/rs\/wp-content\/uploads\/2022\/12\/Osnovana-prva-regionalna-berza-elektricne-energije-ADEX.jpg\" alt=\"Osnovana prva regionalna berza elektri\u010dne energije ADEX\" width=\"840\" height=\"430\" srcset=\"https:\/\/balkangreenenergynews.com\/rs\/wp-content\/uploads\/2022\/12\/Osnovana-prva-regionalna-berza-elektricne-energije-ADEX.jpg 840w, https:\/\/balkangreenenergynews.com\/rs\/wp-content\/uploads\/2022\/12\/Osnovana-prva-regionalna-berza-elektricne-energije-ADEX-500x256.jpg 500w, https:\/\/balkangreenenergynews.com\/rs\/wp-content\/uploads\/2022\/12\/Osnovana-prva-regionalna-berza-elektricne-energije-ADEX-768x393.jpg 768w, https:\/\/balkangreenenergynews.com\/rs\/wp-content\/uploads\/2022\/12\/Osnovana-prva-regionalna-berza-elektricne-energije-ADEX-300x154.jpg 300w\" sizes=\"auto, (max-width: 840px) 100vw, 840px\" \/><figcaption id=\"caption-attachment-54573\" class=\"wp-caption-text\">Foto: iStock<\/figcaption><\/figure>\n<h3>Srbija \u0107e dobiti unutardnevno tr\u017ei\u0161te<\/h3>\n<p>Najva\u017eniji kratkoro\u010dni ciljevi ADEX-a su da uspostavi unutardnevno tr\u017ei\u0161te u Srbiji i da se tamo\u0161nje tr\u017ei\u0161te za dan unapred spoji s panevropskim jedinstvenim tr\u017ei\u0161tem za dan unapred SDAC.<\/p>\n<p>&#8222;Berza elektri\u010dne energije ADEX \u0107e podstac\u0301i ukupnu trgovinsku aktivnost i razvoj tr\u017ei\u0161ta u Centralnoj i Jugoisto\u010dnoj Evropi. \u010citava Evropa c\u0301e imati koristi od ovog novog centra berzanskih aktivnosti, obzirom da \u0107e dodatno ubrzati regionalne i evropske integracije. To tako\u0111e podrazumeva i udru\u017eivanje snaga izme\u0111u regiona radi uspe\u0161nog sprovo\u0111enja energetske tranzicije&#8220;, rekao je generalni direktor EPEX Spota Ralf Danijelski.<\/p>\n<p>Platforma je otvorena za jo\u0161 mogu\u0107ih partnera.<\/p>\n<p>Do\u0161lo je vreme da dr\u017eave Zapadnog Balkana pristupe jedinstvenom evropskom tr\u017ei\u0161tu elektri\u010dne energije, ka\u017ee generalni direktor kompanije BSP SouthPool An\u017ee Predovnik. ADEX je nazvao dugoo\u010dekivanim odgovorom na potrebu za integrisanjem lokalnih, zasebnih tr\u017ei\u0161ta elektri\u010dne energije u jedinstveno evropsko tr\u017ei\u0161te.<\/p>\n<h3>Zna\u010dajna dodata vrednost za poslovanje<\/h3>\n<p><i>&#8222;<\/i>SEEPEX je, delujuc\u0301i proteklih godina \u00a0kao jedina operativna berza elektri\u010dne energije u regionu WB6, vec\u0301 postao pouzdano regionalno tr\u017ei\u0161te od poverenja za sve na\u0161e \u010dlanove, i ovaj inovativni ADEX kontekst obezbedic\u0301e zna\u010dajnu dodatnu vrednost, ne samo srpskom i slovena\u010dkom spot tr\u017ei\u0161tu elektri\u010dne energije, vec\u0301 i celokupnom poslovnom i investicionom ambijentu u ovom delu Evrope<em>&#8222;<\/em>, izjavio je generalni direktor SEEPEX-a Milo\u0161 Mladenovic\u0301.<\/p>\n<p>BSP Southpool upravlja fizi\u010dkim unutardnevnim i tr\u017ei\u0161tem za dan unapred kao i uslugama uparivanja <em>(coupling)<\/em> tr\u017ei\u0161ta u Sloveniji. Tako\u0111e obavlja i usluge kliringa i finansijskog poravnanja na lokalnom i prekograni\u010dnom nivou. Tokom 2022. godine, njegovih 30 \u010dlanova je dosad istrgovalo 10,5 teravat-sati, a promet je iza\u0161ao na 3,5 milijardi evra.<\/p>\n<p>Kao deo EEX grupe kompanija koje opslu\u017euju me\u0111unarodne robne berze, EPEX Spot je posve\u0107en stvaranju panevropskog tr\u017ei\u0161ta elektri\u010dne energije. Holding evropskih operatora prenosnog sistema HGRT poseduje 49% njegovog akcijskog kapitala.<\/p>\n<p>SEEPEX a.d. Beograd (SEEPEX) je licencirani operator tr\u017ei\u0161ta u Srbiji, osnovan kao akcionarsko dru\u0161tvo u strate\u0161kom partnerstvu EMS-a i EPEX Spota. Od po\u010detka godine, 27 u\u010desnika iz 13 evropskih zemalja istrgovalo je 3,2 teravat-sata na organizovanom tr\u017ei\u0161tu za dan unapred.<\/p>\n","protected":false},"excerpt":{"rendered":"<p>Operatori prenosnih sistema u Sloveniji i Srbiji su sa EPEX SPOT-om pokrenuli prvu regionalnu berzu elektri\u010dne energije<\/p>\n","protected":false},"author":25,"featured_media":54579,"comment_status":"open","ping_status":"open","sticky":false,"template":"","format":"standard","meta":{"_acf_changed":false,"_monsterinsights_skip_tracking":false,"_monsterinsights_sitenote_active":false,"_monsterinsights_sitenote_note":"","_monsterinsights_sitenote_category":0,"footnotes":""},"categories":[504],"tags":[6316,5931,6315,902,2328,669,2500,700,2010,6761,1375,3633,1377,1243,6317],"class_list":["post-54572","post","type-post","status-publish","format-standard","has-post-thumbnail","hentry","category-elektricna-energija","tag-adex","tag-aleksander-mervar","tag-alpskojadranska-dunavska-berza-elektricne-energije","tag-berza-elektricne-energije","tag-dan-unapred-trziste","tag-elektricna-energija","tag-elektromreza-srbije","tag-eles","tag-epex-spot","tag-integracije-i-akvizicije","tag-jelena-matejic","tag-milos-mladenovic","tag-operator-prenosnog-sistema","tag-trziste-elektricne-energije","tag-unutardnevno-trziste","country-regioneu"],"acf":[],"yoast_head":"<!-- This site is optimized with the Yoast SEO plugin v27.4 - https:\/\/yoast.com\/product\/yoast-seo-wordpress\/ -->\n<title>Osnovana prva regionalna berza elektri\u010dne energije \u2013 ADEX<\/title>\n<meta name=\"description\" content=\"Operatori prenosnih sistema u Sloveniji i Srbiji su sa EPEX SPOT-om pokrenuli prvu regionalnu berzu elektri\u010dne energije.\" \/>\n<meta name=\"robots\" content=\"index, follow, max-snippet:-1, max-image-preview:large, max-video-preview:-1\" \/>\n<link rel=\"canonical\" href=\"https:\/\/balkangreenenergynews.com\/rs\/osnovana-prva-regionalna-berza-elektricne-energije-adex\/\" \/>\n<meta property=\"og:locale\" content=\"sr_RS\" \/>\n<meta property=\"og:type\" content=\"article\" \/>\n<meta property=\"og:title\" content=\"Osnovana prva regionalna berza elektri\u010dne energije \u2013 ADEX\" \/>\n<meta property=\"og:description\" content=\"Operatori prenosnih sistema u Sloveniji i Srbiji su sa EPEX SPOT-om pokrenuli prvu regionalnu berzu elektri\u010dne energije.\" \/>\n<meta property=\"og:url\" content=\"https:\/\/balkangreenenergynews.com\/rs\/osnovana-prva-regionalna-berza-elektricne-energije-adex\/\" \/>\n<meta property=\"og:site_name\" content=\"Balkan Green Energy News\" \/>\n<meta property=\"article:published_time\" content=\"2022-12-27T09:05:57+00:00\" \/>\n<meta property=\"article:modified_time\" content=\"2024-04-09T15:16:15+00:00\" \/>\n<meta property=\"og:image\" content=\"https:\/\/balkangreenenergynews.com\/rs\/wp-content\/uploads\/2022\/12\/prva-regionalna-berza-elektricne-energije-ADEX.jpg\" \/>\n\t<meta property=\"og:image:width\" content=\"840\" \/>\n\t<meta property=\"og:image:height\" content=\"430\" \/>\n\t<meta property=\"og:image:type\" content=\"image\/jpeg\" \/>\n<meta name=\"author\" content=\"Balkan Green Energy News\" \/>\n<meta name=\"twitter:card\" content=\"summary_large_image\" \/>\n<meta name=\"twitter:label1\" content=\"\u041d\u0430\u043f\u0438\u0441\u0430\u043d\u043e \u043e\u0434\" \/>\n\t<meta name=\"twitter:data1\" content=\"Balkan Green Energy News\" \/>\n\t<meta name=\"twitter:label2\" content=\"\u041f\u0440\u043e\u0446\u0435\u045a\u0435\u043d\u043e \u0432\u0440\u0435\u043c\u0435 \u0447\u0438\u0442\u0430\u045a\u0430\" \/>\n\t<meta name=\"twitter:data2\" content=\"4 \u043c\u0438\u043d\u0443\u0442\u0430\" \/>\n<script type=\"application\/ld+json\" class=\"yoast-schema-graph\">{\"@context\":\"https:\\\/\\\/schema.org\",\"@graph\":[{\"@type\":\"Article\",\"@id\":\"https:\\\/\\\/balkangreenenergynews.com\\\/rs\\\/osnovana-prva-regionalna-berza-elektricne-energije-adex\\\/#article\",\"isPartOf\":{\"@id\":\"https:\\\/\\\/balkangreenenergynews.com\\\/rs\\\/osnovana-prva-regionalna-berza-elektricne-energije-adex\\\/\"},\"author\":{\"name\":\"Balkan Green Energy News\",\"@id\":\"https:\\\/\\\/balkangreenenergynews.com\\\/rs\\\/#\\\/schema\\\/person\\\/dee275e6036b1a0f7ceaf956d79d4eff\"},\"headline\":\"Osnovana prva regionalna berza elektri\u010dne energije \u2013 ADEX\",\"datePublished\":\"2022-12-27T09:05:57+00:00\",\"dateModified\":\"2024-04-09T15:16:15+00:00\",\"mainEntityOfPage\":{\"@id\":\"https:\\\/\\\/balkangreenenergynews.com\\\/rs\\\/osnovana-prva-regionalna-berza-elektricne-energije-adex\\\/\"},\"wordCount\":741,\"commentCount\":0,\"image\":{\"@id\":\"https:\\\/\\\/balkangreenenergynews.com\\\/rs\\\/osnovana-prva-regionalna-berza-elektricne-energije-adex\\\/#primaryimage\"},\"thumbnailUrl\":\"https:\\\/\\\/balkangreenenergynews.com\\\/rs\\\/wp-content\\\/uploads\\\/2022\\\/12\\\/prva-regionalna-berza-elektricne-energije-ADEX.jpg?wsr\",\"keywords\":[\"ADEX\",\"Aleksander Mervar\",\"Alpskojadranska dunavska berza elektri\u010dne energije\",\"berza elektri\u010dne energije\",\"dan-unapred tr\u017ei\u0161te\",\"elektri\u010dna energija\",\"Elektromre\u017ea Srbije\",\"ELES\",\"EPEX SPOT\",\"integracije i akvizicije\",\"Jelena Mateji\u0107\",\"Milo\u0161 Mladenovi\u0107\",\"operator prenosnog sistema\",\"tr\u017ei\u0161te elektri\u010dne energije\",\"unutardnevno tr\u017ei\u0161te\"],\"articleSection\":[\"Elektri\u010dna energija\"],\"inLanguage\":\"sr-RS\",\"potentialAction\":[{\"@type\":\"CommentAction\",\"name\":\"Comment\",\"target\":[\"https:\\\/\\\/balkangreenenergynews.com\\\/rs\\\/osnovana-prva-regionalna-berza-elektricne-energije-adex\\\/#respond\"]}]},{\"@type\":\"WebPage\",\"@id\":\"https:\\\/\\\/balkangreenenergynews.com\\\/rs\\\/osnovana-prva-regionalna-berza-elektricne-energije-adex\\\/\",\"url\":\"https:\\\/\\\/balkangreenenergynews.com\\\/rs\\\/osnovana-prva-regionalna-berza-elektricne-energije-adex\\\/\",\"name\":\"Osnovana prva regionalna berza elektri\u010dne energije \u2013 ADEX\",\"isPartOf\":{\"@id\":\"https:\\\/\\\/balkangreenenergynews.com\\\/rs\\\/#website\"},\"primaryImageOfPage\":{\"@id\":\"https:\\\/\\\/balkangreenenergynews.com\\\/rs\\\/osnovana-prva-regionalna-berza-elektricne-energije-adex\\\/#primaryimage\"},\"image\":{\"@id\":\"https:\\\/\\\/balkangreenenergynews.com\\\/rs\\\/osnovana-prva-regionalna-berza-elektricne-energije-adex\\\/#primaryimage\"},\"thumbnailUrl\":\"https:\\\/\\\/balkangreenenergynews.com\\\/rs\\\/wp-content\\\/uploads\\\/2022\\\/12\\\/prva-regionalna-berza-elektricne-energije-ADEX.jpg?wsr\",\"datePublished\":\"2022-12-27T09:05:57+00:00\",\"dateModified\":\"2024-04-09T15:16:15+00:00\",\"author\":{\"@id\":\"https:\\\/\\\/balkangreenenergynews.com\\\/rs\\\/#\\\/schema\\\/person\\\/dee275e6036b1a0f7ceaf956d79d4eff\"},\"description\":\"Operatori prenosnih sistema u Sloveniji i Srbiji su sa EPEX SPOT-om pokrenuli prvu regionalnu berzu elektri\u010dne energije.\",\"breadcrumb\":{\"@id\":\"https:\\\/\\\/balkangreenenergynews.com\\\/rs\\\/osnovana-prva-regionalna-berza-elektricne-energije-adex\\\/#breadcrumb\"},\"inLanguage\":\"sr-RS\",\"potentialAction\":[{\"@type\":\"ReadAction\",\"target\":[\"https:\\\/\\\/balkangreenenergynews.com\\\/rs\\\/osnovana-prva-regionalna-berza-elektricne-energije-adex\\\/\"]}]},{\"@type\":\"ImageObject\",\"inLanguage\":\"sr-RS\",\"@id\":\"https:\\\/\\\/balkangreenenergynews.com\\\/rs\\\/osnovana-prva-regionalna-berza-elektricne-energije-adex\\\/#primaryimage\",\"url\":\"https:\\\/\\\/balkangreenenergynews.com\\\/rs\\\/wp-content\\\/uploads\\\/2022\\\/12\\\/prva-regionalna-berza-elektricne-energije-ADEX.jpg?wsr\",\"contentUrl\":\"https:\\\/\\\/balkangreenenergynews.com\\\/rs\\\/wp-content\\\/uploads\\\/2022\\\/12\\\/prva-regionalna-berza-elektricne-energije-ADEX.jpg?wsr\",\"width\":840,\"height\":430,\"caption\":\"prva regionalna berza elektri\u010dne energije ADEX\"},{\"@type\":\"BreadcrumbList\",\"@id\":\"https:\\\/\\\/balkangreenenergynews.com\\\/rs\\\/osnovana-prva-regionalna-berza-elektricne-energije-adex\\\/#breadcrumb\",\"itemListElement\":[{\"@type\":\"ListItem\",\"position\":1,\"name\":\"Po\u010detna\",\"item\":\"https:\\\/\\\/balkangreenenergynews.com\\\/rs\\\/\"},{\"@type\":\"ListItem\",\"position\":2,\"name\":\"Vesti\",\"item\":\"https:\\\/\\\/balkangreenenergynews.com\\\/rs\\\/kategorija\\\/vesti\\\/\"},{\"@type\":\"ListItem\",\"position\":3,\"name\":\"Elektri\u010dna energija\",\"item\":\"https:\\\/\\\/balkangreenenergynews.com\\\/rs\\\/kategorija\\\/vesti\\\/elektricna-energija\\\/\"},{\"@type\":\"ListItem\",\"position\":4,\"name\":\"Osnovana prva regionalna berza elektri\u010dne energije \u2013 ADEX\"}]},{\"@type\":\"WebSite\",\"@id\":\"https:\\\/\\\/balkangreenenergynews.com\\\/rs\\\/#website\",\"url\":\"https:\\\/\\\/balkangreenenergynews.com\\\/rs\\\/\",\"name\":\"Balkan Green Energy News\",\"description\":\"Naj\u0161iri izbor vesti sa Balkana o zelenoj energiji\",\"potentialAction\":[{\"@type\":\"SearchAction\",\"target\":{\"@type\":\"EntryPoint\",\"urlTemplate\":\"https:\\\/\\\/balkangreenenergynews.com\\\/rs\\\/?s={search_term_string}\"},\"query-input\":{\"@type\":\"PropertyValueSpecification\",\"valueRequired\":true,\"valueName\":\"search_term_string\"}}],\"inLanguage\":\"sr-RS\"},{\"@type\":\"Person\",\"@id\":\"https:\\\/\\\/balkangreenenergynews.com\\\/rs\\\/#\\\/schema\\\/person\\\/dee275e6036b1a0f7ceaf956d79d4eff\",\"name\":\"Balkan Green Energy News\",\"url\":\"https:\\\/\\\/balkangreenenergynews.com\\\/rs\\\/author\\\/balkangreenenergynews\\\/\"}]}<\/script>\n<!-- \/ Yoast SEO plugin. -->","yoast_head_json":{"title":"Osnovana prva regionalna berza elektri\u010dne energije \u2013 ADEX","description":"Operatori prenosnih sistema u Sloveniji i Srbiji su sa EPEX SPOT-om pokrenuli prvu regionalnu berzu elektri\u010dne energije.","robots":{"index":"index","follow":"follow","max-snippet":"max-snippet:-1","max-image-preview":"max-image-preview:large","max-video-preview":"max-video-preview:-1"},"canonical":"https:\/\/balkangreenenergynews.com\/rs\/osnovana-prva-regionalna-berza-elektricne-energije-adex\/","og_locale":"sr_RS","og_type":"article","og_title":"Osnovana prva regionalna berza elektri\u010dne energije \u2013 ADEX","og_description":"Operatori prenosnih sistema u Sloveniji i Srbiji su sa EPEX SPOT-om pokrenuli prvu regionalnu berzu elektri\u010dne energije.","og_url":"https:\/\/balkangreenenergynews.com\/rs\/osnovana-prva-regionalna-berza-elektricne-energije-adex\/","og_site_name":"Balkan Green Energy News","article_published_time":"2022-12-27T09:05:57+00:00","article_modified_time":"2024-04-09T15:16:15+00:00","og_image":[{"width":840,"height":430,"url":"https:\/\/balkangreenenergynews.com\/rs\/wp-content\/uploads\/2022\/12\/prva-regionalna-berza-elektricne-energije-ADEX.jpg","type":"image\/jpeg"}],"author":"Balkan Green Energy News","twitter_card":"summary_large_image","twitter_misc":{"\u041d\u0430\u043f\u0438\u0441\u0430\u043d\u043e \u043e\u0434":"Balkan Green Energy News","\u041f\u0440\u043e\u0446\u0435\u045a\u0435\u043d\u043e \u0432\u0440\u0435\u043c\u0435 \u0447\u0438\u0442\u0430\u045a\u0430":"4 \u043c\u0438\u043d\u0443\u0442\u0430"},"schema":{"@context":"https:\/\/schema.org","@graph":[{"@type":"Article","@id":"https:\/\/balkangreenenergynews.com\/rs\/osnovana-prva-regionalna-berza-elektricne-energije-adex\/#article","isPartOf":{"@id":"https:\/\/balkangreenenergynews.com\/rs\/osnovana-prva-regionalna-berza-elektricne-energije-adex\/"},"author":{"name":"Balkan Green Energy News","@id":"https:\/\/balkangreenenergynews.com\/rs\/#\/schema\/person\/dee275e6036b1a0f7ceaf956d79d4eff"},"headline":"Osnovana prva regionalna berza elektri\u010dne energije \u2013 ADEX","datePublished":"2022-12-27T09:05:57+00:00","dateModified":"2024-04-09T15:16:15+00:00","mainEntityOfPage":{"@id":"https:\/\/balkangreenenergynews.com\/rs\/osnovana-prva-regionalna-berza-elektricne-energije-adex\/"},"wordCount":741,"commentCount":0,"image":{"@id":"https:\/\/balkangreenenergynews.com\/rs\/osnovana-prva-regionalna-berza-elektricne-energije-adex\/#primaryimage"},"thumbnailUrl":"https:\/\/balkangreenenergynews.com\/rs\/wp-content\/uploads\/2022\/12\/prva-regionalna-berza-elektricne-energije-ADEX.jpg?wsr","keywords":["ADEX","Aleksander Mervar","Alpskojadranska dunavska berza elektri\u010dne energije","berza elektri\u010dne energije","dan-unapred tr\u017ei\u0161te","elektri\u010dna energija","Elektromre\u017ea Srbije","ELES","EPEX SPOT","integracije i akvizicije","Jelena Mateji\u0107","Milo\u0161 Mladenovi\u0107","operator prenosnog sistema","tr\u017ei\u0161te elektri\u010dne energije","unutardnevno tr\u017ei\u0161te"],"articleSection":["Elektri\u010dna energija"],"inLanguage":"sr-RS","potentialAction":[{"@type":"CommentAction","name":"Comment","target":["https:\/\/balkangreenenergynews.com\/rs\/osnovana-prva-regionalna-berza-elektricne-energije-adex\/#respond"]}]},{"@type":"WebPage","@id":"https:\/\/balkangreenenergynews.com\/rs\/osnovana-prva-regionalna-berza-elektricne-energije-adex\/","url":"https:\/\/balkangreenenergynews.com\/rs\/osnovana-prva-regionalna-berza-elektricne-energije-adex\/","name":"Osnovana prva regionalna berza elektri\u010dne energije \u2013 ADEX","isPartOf":{"@id":"https:\/\/balkangreenenergynews.com\/rs\/#website"},"primaryImageOfPage":{"@id":"https:\/\/balkangreenenergynews.com\/rs\/osnovana-prva-regionalna-berza-elektricne-energije-adex\/#primaryimage"},"image":{"@id":"https:\/\/balkangreenenergynews.com\/rs\/osnovana-prva-regionalna-berza-elektricne-energije-adex\/#primaryimage"},"thumbnailUrl":"https:\/\/balkangreenenergynews.com\/rs\/wp-content\/uploads\/2022\/12\/prva-regionalna-berza-elektricne-energije-ADEX.jpg?wsr","datePublished":"2022-12-27T09:05:57+00:00","dateModified":"2024-04-09T15:16:15+00:00","author":{"@id":"https:\/\/balkangreenenergynews.com\/rs\/#\/schema\/person\/dee275e6036b1a0f7ceaf956d79d4eff"},"description":"Operatori prenosnih sistema u Sloveniji i Srbiji su sa EPEX SPOT-om pokrenuli prvu regionalnu berzu elektri\u010dne energije.","breadcrumb":{"@id":"https:\/\/balkangreenenergynews.com\/rs\/osnovana-prva-regionalna-berza-elektricne-energije-adex\/#breadcrumb"},"inLanguage":"sr-RS","potentialAction":[{"@type":"ReadAction","target":["https:\/\/balkangreenenergynews.com\/rs\/osnovana-prva-regionalna-berza-elektricne-energije-adex\/"]}]},{"@type":"ImageObject","inLanguage":"sr-RS","@id":"https:\/\/balkangreenenergynews.com\/rs\/osnovana-prva-regionalna-berza-elektricne-energije-adex\/#primaryimage","url":"https:\/\/balkangreenenergynews.com\/rs\/wp-content\/uploads\/2022\/12\/prva-regionalna-berza-elektricne-energije-ADEX.jpg?wsr","contentUrl":"https:\/\/balkangreenenergynews.com\/rs\/wp-content\/uploads\/2022\/12\/prva-regionalna-berza-elektricne-energije-ADEX.jpg?wsr","width":840,"height":430,"caption":"prva regionalna berza elektri\u010dne energije ADEX"},{"@type":"BreadcrumbList","@id":"https:\/\/balkangreenenergynews.com\/rs\/osnovana-prva-regionalna-berza-elektricne-energije-adex\/#breadcrumb","itemListElement":[{"@type":"ListItem","position":1,"name":"Po\u010detna","item":"https:\/\/balkangreenenergynews.com\/rs\/"},{"@type":"ListItem","position":2,"name":"Vesti","item":"https:\/\/balkangreenenergynews.com\/rs\/kategorija\/vesti\/"},{"@type":"ListItem","position":3,"name":"Elektri\u010dna energija","item":"https:\/\/balkangreenenergynews.com\/rs\/kategorija\/vesti\/elektricna-energija\/"},{"@type":"ListItem","position":4,"name":"Osnovana prva regionalna berza elektri\u010dne energije \u2013 ADEX"}]},{"@type":"WebSite","@id":"https:\/\/balkangreenenergynews.com\/rs\/#website","url":"https:\/\/balkangreenenergynews.com\/rs\/","name":"Balkan Green Energy News","description":"Naj\u0161iri izbor vesti sa Balkana o zelenoj energiji","potentialAction":[{"@type":"SearchAction","target":{"@type":"EntryPoint","urlTemplate":"https:\/\/balkangreenenergynews.com\/rs\/?s={search_term_string}"},"query-input":{"@type":"PropertyValueSpecification","valueRequired":true,"valueName":"search_term_string"}}],"inLanguage":"sr-RS"},{"@type":"Person","@id":"https:\/\/balkangreenenergynews.com\/rs\/#\/schema\/person\/dee275e6036b1a0f7ceaf956d79d4eff","name":"Balkan Green Energy News","url":"https:\/\/balkangreenenergynews.com\/rs\/author\/balkangreenenergynews\/"}]}},"_links":{"self":[{"href":"https:\/\/balkangreenenergynews.com\/rs\/wp-json\/wp\/v2\/posts\/54572","targetHints":{"allow":["GET"]}}],"collection":[{"href":"https:\/\/balkangreenenergynews.com\/rs\/wp-json\/wp\/v2\/posts"}],"about":[{"href":"https:\/\/balkangreenenergynews.com\/rs\/wp-json\/wp\/v2\/types\/post"}],"author":[{"embeddable":true,"href":"https:\/\/balkangreenenergynews.com\/rs\/wp-json\/wp\/v2\/users\/25"}],"replies":[{"embeddable":true,"href":"https:\/\/balkangreenenergynews.com\/rs\/wp-json\/wp\/v2\/comments?post=54572"}],"version-history":[{"count":0,"href":"https:\/\/balkangreenenergynews.com\/rs\/wp-json\/wp\/v2\/posts\/54572\/revisions"}],"wp:featuredmedia":[{"embeddable":true,"href":"https:\/\/balkangreenenergynews.com\/rs\/wp-json\/wp\/v2\/media\/54579"}],"wp:attachment":[{"href":"https:\/\/balkangreenenergynews.com\/rs\/wp-json\/wp\/v2\/media?parent=54572"}],"wp:term":[{"taxonomy":"category","embeddable":true,"href":"https:\/\/balkangreenenergynews.com\/rs\/wp-json\/wp\/v2\/categories?post=54572"},{"taxonomy":"post_tag","embeddable":true,"href":"https:\/\/balkangreenenergynews.com\/rs\/wp-json\/wp\/v2\/tags?post=54572"}],"curies":[{"name":"wp","href":"https:\/\/api.w.org\/{rel}","templated":true}]}}