{"id":54379,"date":"2022-12-20T00:10:06","date_gmt":"2022-12-19T23:10:06","guid":{"rendered":"https:\/\/balkangreenenergynews.com\/rs\/?p=54379"},"modified":"2022-12-20T08:28:05","modified_gmt":"2022-12-20T07:28:05","slug":"potpisan-sporazum-o-izgradnji-kabla-za-snabdevanje-strujom-iz-azerbejdzana","status":"publish","type":"post","link":"https:\/\/balkangreenenergynews.com\/rs\/potpisan-sporazum-o-izgradnji-kabla-za-snabdevanje-strujom-iz-azerbejdzana\/","title":{"rendered":"Potpisan sporazum o izgradnji kabla za snabdevanje strujom iz Azerbejd\u017eana"},"content":{"rendered":"<h2>Crnomorski elektri\u010dni kabl koji \u0107e snabdevati evropske zemlje strujom iz Azerbajd\u017eana bi\u0107e duga\u010dak preko 1.100 kilometara. Sporazum o izgradnji kabla za prenos azerbejd\u017eanske struje u Evropu potpisali su lideri Ma\u0111arske, Azerbajd\u017eana, Rumunije i Gruzije.<\/h2>\n<p>Sporazum o izgradnji podvodnog elektri\u010dnog kabla ispod Crnog mora za prenos struje iz Azerbejd\u017eana u Evropu potpisali su u Bukure\u0161tu lideri Ma\u0111arske, Rumunije, Gruzije i Azerbajd\u017eana, Viktor Orban, Nicolae Ciuca, Irakli Gariba\u0161vili i Ilham Alijev.<\/p>\n<p>Po\u010detak izgradnje elektroenergetskog kabla predvi\u0111en je za septembar slede\u0107e godine, a pu\u0161tanje u rad planira se najranije 2029. Kabl snage do 1.000 megavata, bi\u010de duga\u010dak 1.195 kilometara i poveziva\u0107e Azerbejd\u017ean sa Ma\u0111arskom, preko Gruzije i Rumunije i ispod Crnog mora.<\/p>\n<p>Potpisivanju sporazuma je prisustvovala i predsednica Evropske komisije Ursula fon der Lajen. Ona je kazala da je strategija Evropske unije da okrene le\u0111a ruskim fosilnim gorivima i diverzifikuje se prema pouzdanim energetskim partnerima. <a href=\"https:\/\/balkangreenenergynews.com\/rs\/fon-der-lajen-zapadnom-balkanu-obecala-grantove-za-energetsku-krizu\/\">Fon der Lajen<\/a> je istakla da je EU spremna da pru\u017ei finansijsku podr\u0161ku ovom projektu kada bude ura\u0111ena studija izvodljivosti.<\/p>\n<blockquote><p>Fon der Lajen: EU je spremna da pru\u017ei finansijsku podr\u0161ku ovom projektu kada bude ura\u0111ena studija izvodljivosti<\/p><\/blockquote>\n<p>&#8222;Kako bismo integrisali rastu\u0107i udeo obnovljivih izvora energije, zaista su nam potrebne ja\u010de elektroenergetske interkonekcije. Zbog toga je crnomorski energetski kabl izme\u0111u Rumunije, Gruzije i Azerbajd\u017eana tako va\u017ean. To \u0107e pomo\u0107i u ja\u010danju na\u0161e sigurnosti snabdevanja dovo\u0111enjem elektri\u010dne energije iz obnovljivih izvora u EU preko Rumunije i kroz Ma\u0111arsku,&#8220; objasnila je Fon der Lajen.<\/p>\n<p>Predsednica Evropske komisije je napomenula da bi crnomorski kabl mogao transformisati Gruziju u energetsko \u010dvori\u0161te elektri\u010dne energije i integrisati je u unutra\u0161nje tr\u017ei\u0161te elektri\u010dne energije EU. Ova interkonekcija \u0107e povezivati dve crnomorske obale, energetski, kao i digitalno, tako da elektri\u010dni kabl ispod Crnog mora pru\u017ea vi\u0161estruke mogu\u0107nosti, navela je Fon der Lajen.<\/p>\n<p>Crnomorski kabl mogao bi da doprema struju i do Moldavije, Ukrajine, kao i do zemalja <a href=\"https:\/\/balkangreenenergynews.com\/rs\/lideri-zapadnobalkanskih-zemalja-obecali-da-ce-zajedno-sprovesti-region-kroz-energetsku-tranziciju\/\">Zapadnog Balkana<\/a>, istaknuto je na sporazumu u Bukure\u0161tu.<\/p>\n","protected":false},"excerpt":{"rendered":"<p>Crnomorski elektri\u010dni kabl koji \u0107e snabdevati evropske zemlje strujom iz Azerbajd\u017eana bi\u0107e duga\u010dak preko 1.100&#8230;<\/p>\n","protected":false},"author":25,"featured_media":54397,"comment_status":"open","ping_status":"open","sticky":false,"template":"","format":"standard","meta":{"_acf_changed":false,"_monsterinsights_skip_tracking":false,"_monsterinsights_sitenote_active":false,"_monsterinsights_sitenote_note":"","_monsterinsights_sitenote_category":0,"footnotes":""},"categories":[504],"tags":[6660,6661,195,6227,5832],"class_list":["post-54379","post","type-post","status-publish","format-standard","has-post-thumbnail","hentry","category-elektricna-energija","tag-azerbejdzan","tag-crnomorski-kabl","tag-eu","tag-interkonekcija","tag-ursula-von-der-leyen","country-regioneu"],"acf":[],"yoast_head":"<!-- This site is optimized with the Yoast SEO plugin v27.4 - https:\/\/yoast.com\/product\/yoast-seo-wordpress\/ -->\n<title>Potpisan sporazum o izgradnji interkonekcije za snabdevanje strujom iz Azerbejd\u017eana<\/title>\n<meta name=\"description\" content=\"Crnomorski elektri\u010dni kabl koji \u0107e snabdevati evropske zemlje strujom iz Azerbajd\u017eana bi\u0107e duga\u010dak preko 1100 kilometara.\" \/>\n<meta name=\"robots\" content=\"index, follow, max-snippet:-1, max-image-preview:large, max-video-preview:-1\" \/>\n<link rel=\"canonical\" href=\"https:\/\/balkangreenenergynews.com\/rs\/potpisan-sporazum-o-izgradnji-kabla-za-snabdevanje-strujom-iz-azerbejdzana\/\" \/>\n<meta property=\"og:locale\" content=\"sr_RS\" \/>\n<meta property=\"og:type\" content=\"article\" \/>\n<meta property=\"og:title\" content=\"Potpisan sporazum o izgradnji interkonekcije za snabdevanje strujom iz Azerbejd\u017eana\" \/>\n<meta property=\"og:description\" content=\"Crnomorski elektri\u010dni kabl koji \u0107e snabdevati evropske zemlje strujom iz Azerbajd\u017eana bi\u0107e duga\u010dak preko 1100 kilometara.\" \/>\n<meta property=\"og:url\" content=\"https:\/\/balkangreenenergynews.com\/rs\/potpisan-sporazum-o-izgradnji-kabla-za-snabdevanje-strujom-iz-azerbejdzana\/\" \/>\n<meta property=\"og:site_name\" content=\"Balkan Green Energy News\" \/>\n<meta property=\"article:published_time\" content=\"2022-12-19T23:10:06+00:00\" \/>\n<meta property=\"article:modified_time\" content=\"2022-12-20T07:28:05+00:00\" \/>\n<meta property=\"og:image\" content=\"https:\/\/balkangreenenergynews.com\/rs\/wp-content\/uploads\/2022\/12\/sea-g25553ffee_1280-840430.jpg\" \/>\n\t<meta property=\"og:image:width\" content=\"840\" \/>\n\t<meta property=\"og:image:height\" content=\"430\" \/>\n\t<meta property=\"og:image:type\" content=\"image\/jpeg\" \/>\n<meta name=\"author\" content=\"Balkan Green Energy News\" \/>\n<meta name=\"twitter:card\" content=\"summary_large_image\" \/>\n<meta name=\"twitter:label1\" content=\"\u041d\u0430\u043f\u0438\u0441\u0430\u043d\u043e \u043e\u0434\" \/>\n\t<meta name=\"twitter:data1\" content=\"Balkan Green Energy News\" \/>\n\t<meta name=\"twitter:label2\" content=\"\u041f\u0440\u043e\u0446\u0435\u045a\u0435\u043d\u043e \u0432\u0440\u0435\u043c\u0435 \u0447\u0438\u0442\u0430\u045a\u0430\" \/>\n\t<meta name=\"twitter:data2\" content=\"2 \u043c\u0438\u043d\u0443\u0442\u0430\" \/>\n<script type=\"application\/ld+json\" class=\"yoast-schema-graph\">{\"@context\":\"https:\\\/\\\/schema.org\",\"@graph\":[{\"@type\":\"Article\",\"@id\":\"https:\\\/\\\/balkangreenenergynews.com\\\/rs\\\/potpisan-sporazum-o-izgradnji-kabla-za-snabdevanje-strujom-iz-azerbejdzana\\\/#article\",\"isPartOf\":{\"@id\":\"https:\\\/\\\/balkangreenenergynews.com\\\/rs\\\/potpisan-sporazum-o-izgradnji-kabla-za-snabdevanje-strujom-iz-azerbejdzana\\\/\"},\"author\":{\"name\":\"Balkan Green Energy News\",\"@id\":\"https:\\\/\\\/balkangreenenergynews.com\\\/rs\\\/#\\\/schema\\\/person\\\/dee275e6036b1a0f7ceaf956d79d4eff\"},\"headline\":\"Potpisan sporazum o izgradnji kabla za snabdevanje strujom iz Azerbejd\u017eana\",\"datePublished\":\"2022-12-19T23:10:06+00:00\",\"dateModified\":\"2022-12-20T07:28:05+00:00\",\"mainEntityOfPage\":{\"@id\":\"https:\\\/\\\/balkangreenenergynews.com\\\/rs\\\/potpisan-sporazum-o-izgradnji-kabla-za-snabdevanje-strujom-iz-azerbejdzana\\\/\"},\"wordCount\":366,\"commentCount\":0,\"image\":{\"@id\":\"https:\\\/\\\/balkangreenenergynews.com\\\/rs\\\/potpisan-sporazum-o-izgradnji-kabla-za-snabdevanje-strujom-iz-azerbejdzana\\\/#primaryimage\"},\"thumbnailUrl\":\"https:\\\/\\\/balkangreenenergynews.com\\\/rs\\\/wp-content\\\/uploads\\\/2022\\\/12\\\/sea-g25553ffee_1280-840430.jpg?wsr\",\"keywords\":[\"Azerbejd\u017ean\",\"crnomorski kabl\",\"EU\",\"interkonekcija\",\"Ursula von der Leyen\"],\"articleSection\":[\"Elektri\u010dna energija\"],\"inLanguage\":\"sr-RS\",\"potentialAction\":[{\"@type\":\"CommentAction\",\"name\":\"Comment\",\"target\":[\"https:\\\/\\\/balkangreenenergynews.com\\\/rs\\\/potpisan-sporazum-o-izgradnji-kabla-za-snabdevanje-strujom-iz-azerbejdzana\\\/#respond\"]}]},{\"@type\":\"WebPage\",\"@id\":\"https:\\\/\\\/balkangreenenergynews.com\\\/rs\\\/potpisan-sporazum-o-izgradnji-kabla-za-snabdevanje-strujom-iz-azerbejdzana\\\/\",\"url\":\"https:\\\/\\\/balkangreenenergynews.com\\\/rs\\\/potpisan-sporazum-o-izgradnji-kabla-za-snabdevanje-strujom-iz-azerbejdzana\\\/\",\"name\":\"Potpisan sporazum o izgradnji interkonekcije za snabdevanje strujom iz Azerbejd\u017eana\",\"isPartOf\":{\"@id\":\"https:\\\/\\\/balkangreenenergynews.com\\\/rs\\\/#website\"},\"primaryImageOfPage\":{\"@id\":\"https:\\\/\\\/balkangreenenergynews.com\\\/rs\\\/potpisan-sporazum-o-izgradnji-kabla-za-snabdevanje-strujom-iz-azerbejdzana\\\/#primaryimage\"},\"image\":{\"@id\":\"https:\\\/\\\/balkangreenenergynews.com\\\/rs\\\/potpisan-sporazum-o-izgradnji-kabla-za-snabdevanje-strujom-iz-azerbejdzana\\\/#primaryimage\"},\"thumbnailUrl\":\"https:\\\/\\\/balkangreenenergynews.com\\\/rs\\\/wp-content\\\/uploads\\\/2022\\\/12\\\/sea-g25553ffee_1280-840430.jpg?wsr\",\"datePublished\":\"2022-12-19T23:10:06+00:00\",\"dateModified\":\"2022-12-20T07:28:05+00:00\",\"author\":{\"@id\":\"https:\\\/\\\/balkangreenenergynews.com\\\/rs\\\/#\\\/schema\\\/person\\\/dee275e6036b1a0f7ceaf956d79d4eff\"},\"description\":\"Crnomorski elektri\u010dni kabl koji \u0107e snabdevati evropske zemlje strujom iz Azerbajd\u017eana bi\u0107e duga\u010dak preko 1100 kilometara.\",\"breadcrumb\":{\"@id\":\"https:\\\/\\\/balkangreenenergynews.com\\\/rs\\\/potpisan-sporazum-o-izgradnji-kabla-za-snabdevanje-strujom-iz-azerbejdzana\\\/#breadcrumb\"},\"inLanguage\":\"sr-RS\",\"potentialAction\":[{\"@type\":\"ReadAction\",\"target\":[\"https:\\\/\\\/balkangreenenergynews.com\\\/rs\\\/potpisan-sporazum-o-izgradnji-kabla-za-snabdevanje-strujom-iz-azerbejdzana\\\/\"]}]},{\"@type\":\"ImageObject\",\"inLanguage\":\"sr-RS\",\"@id\":\"https:\\\/\\\/balkangreenenergynews.com\\\/rs\\\/potpisan-sporazum-o-izgradnji-kabla-za-snabdevanje-strujom-iz-azerbejdzana\\\/#primaryimage\",\"url\":\"https:\\\/\\\/balkangreenenergynews.com\\\/rs\\\/wp-content\\\/uploads\\\/2022\\\/12\\\/sea-g25553ffee_1280-840430.jpg?wsr\",\"contentUrl\":\"https:\\\/\\\/balkangreenenergynews.com\\\/rs\\\/wp-content\\\/uploads\\\/2022\\\/12\\\/sea-g25553ffee_1280-840430.jpg?wsr\",\"width\":840,\"height\":430,\"caption\":\"Potpisan sporazum o izgradnji interkonekcije za snabdevanje strujom iz Azerbejd\u017eana\"},{\"@type\":\"BreadcrumbList\",\"@id\":\"https:\\\/\\\/balkangreenenergynews.com\\\/rs\\\/potpisan-sporazum-o-izgradnji-kabla-za-snabdevanje-strujom-iz-azerbejdzana\\\/#breadcrumb\",\"itemListElement\":[{\"@type\":\"ListItem\",\"position\":1,\"name\":\"Po\u010detna\",\"item\":\"https:\\\/\\\/balkangreenenergynews.com\\\/rs\\\/\"},{\"@type\":\"ListItem\",\"position\":2,\"name\":\"Vesti\",\"item\":\"https:\\\/\\\/balkangreenenergynews.com\\\/rs\\\/kategorija\\\/vesti\\\/\"},{\"@type\":\"ListItem\",\"position\":3,\"name\":\"Elektri\u010dna energija\",\"item\":\"https:\\\/\\\/balkangreenenergynews.com\\\/rs\\\/kategorija\\\/vesti\\\/elektricna-energija\\\/\"},{\"@type\":\"ListItem\",\"position\":4,\"name\":\"Potpisan sporazum o izgradnji kabla za snabdevanje strujom iz Azerbejd\u017eana\"}]},{\"@type\":\"WebSite\",\"@id\":\"https:\\\/\\\/balkangreenenergynews.com\\\/rs\\\/#website\",\"url\":\"https:\\\/\\\/balkangreenenergynews.com\\\/rs\\\/\",\"name\":\"Balkan Green Energy News\",\"description\":\"Naj\u0161iri izbor vesti sa Balkana o zelenoj energiji\",\"potentialAction\":[{\"@type\":\"SearchAction\",\"target\":{\"@type\":\"EntryPoint\",\"urlTemplate\":\"https:\\\/\\\/balkangreenenergynews.com\\\/rs\\\/?s={search_term_string}\"},\"query-input\":{\"@type\":\"PropertyValueSpecification\",\"valueRequired\":true,\"valueName\":\"search_term_string\"}}],\"inLanguage\":\"sr-RS\"},{\"@type\":\"Person\",\"@id\":\"https:\\\/\\\/balkangreenenergynews.com\\\/rs\\\/#\\\/schema\\\/person\\\/dee275e6036b1a0f7ceaf956d79d4eff\",\"name\":\"Balkan Green Energy News\",\"url\":\"https:\\\/\\\/balkangreenenergynews.com\\\/rs\\\/author\\\/balkangreenenergynews\\\/\"}]}<\/script>\n<!-- \/ Yoast SEO plugin. -->","yoast_head_json":{"title":"Potpisan sporazum o izgradnji interkonekcije za snabdevanje strujom iz Azerbejd\u017eana","description":"Crnomorski elektri\u010dni kabl koji \u0107e snabdevati evropske zemlje strujom iz Azerbajd\u017eana bi\u0107e duga\u010dak preko 1100 kilometara.","robots":{"index":"index","follow":"follow","max-snippet":"max-snippet:-1","max-image-preview":"max-image-preview:large","max-video-preview":"max-video-preview:-1"},"canonical":"https:\/\/balkangreenenergynews.com\/rs\/potpisan-sporazum-o-izgradnji-kabla-za-snabdevanje-strujom-iz-azerbejdzana\/","og_locale":"sr_RS","og_type":"article","og_title":"Potpisan sporazum o izgradnji interkonekcije za snabdevanje strujom iz Azerbejd\u017eana","og_description":"Crnomorski elektri\u010dni kabl koji \u0107e snabdevati evropske zemlje strujom iz Azerbajd\u017eana bi\u0107e duga\u010dak preko 1100 kilometara.","og_url":"https:\/\/balkangreenenergynews.com\/rs\/potpisan-sporazum-o-izgradnji-kabla-za-snabdevanje-strujom-iz-azerbejdzana\/","og_site_name":"Balkan Green Energy News","article_published_time":"2022-12-19T23:10:06+00:00","article_modified_time":"2022-12-20T07:28:05+00:00","og_image":[{"width":840,"height":430,"url":"https:\/\/balkangreenenergynews.com\/rs\/wp-content\/uploads\/2022\/12\/sea-g25553ffee_1280-840430.jpg","type":"image\/jpeg"}],"author":"Balkan Green Energy News","twitter_card":"summary_large_image","twitter_misc":{"\u041d\u0430\u043f\u0438\u0441\u0430\u043d\u043e \u043e\u0434":"Balkan Green Energy News","\u041f\u0440\u043e\u0446\u0435\u045a\u0435\u043d\u043e \u0432\u0440\u0435\u043c\u0435 \u0447\u0438\u0442\u0430\u045a\u0430":"2 \u043c\u0438\u043d\u0443\u0442\u0430"},"schema":{"@context":"https:\/\/schema.org","@graph":[{"@type":"Article","@id":"https:\/\/balkangreenenergynews.com\/rs\/potpisan-sporazum-o-izgradnji-kabla-za-snabdevanje-strujom-iz-azerbejdzana\/#article","isPartOf":{"@id":"https:\/\/balkangreenenergynews.com\/rs\/potpisan-sporazum-o-izgradnji-kabla-za-snabdevanje-strujom-iz-azerbejdzana\/"},"author":{"name":"Balkan Green Energy News","@id":"https:\/\/balkangreenenergynews.com\/rs\/#\/schema\/person\/dee275e6036b1a0f7ceaf956d79d4eff"},"headline":"Potpisan sporazum o izgradnji kabla za snabdevanje strujom iz Azerbejd\u017eana","datePublished":"2022-12-19T23:10:06+00:00","dateModified":"2022-12-20T07:28:05+00:00","mainEntityOfPage":{"@id":"https:\/\/balkangreenenergynews.com\/rs\/potpisan-sporazum-o-izgradnji-kabla-za-snabdevanje-strujom-iz-azerbejdzana\/"},"wordCount":366,"commentCount":0,"image":{"@id":"https:\/\/balkangreenenergynews.com\/rs\/potpisan-sporazum-o-izgradnji-kabla-za-snabdevanje-strujom-iz-azerbejdzana\/#primaryimage"},"thumbnailUrl":"https:\/\/balkangreenenergynews.com\/rs\/wp-content\/uploads\/2022\/12\/sea-g25553ffee_1280-840430.jpg?wsr","keywords":["Azerbejd\u017ean","crnomorski kabl","EU","interkonekcija","Ursula von der Leyen"],"articleSection":["Elektri\u010dna energija"],"inLanguage":"sr-RS","potentialAction":[{"@type":"CommentAction","name":"Comment","target":["https:\/\/balkangreenenergynews.com\/rs\/potpisan-sporazum-o-izgradnji-kabla-za-snabdevanje-strujom-iz-azerbejdzana\/#respond"]}]},{"@type":"WebPage","@id":"https:\/\/balkangreenenergynews.com\/rs\/potpisan-sporazum-o-izgradnji-kabla-za-snabdevanje-strujom-iz-azerbejdzana\/","url":"https:\/\/balkangreenenergynews.com\/rs\/potpisan-sporazum-o-izgradnji-kabla-za-snabdevanje-strujom-iz-azerbejdzana\/","name":"Potpisan sporazum o izgradnji interkonekcije za snabdevanje strujom iz Azerbejd\u017eana","isPartOf":{"@id":"https:\/\/balkangreenenergynews.com\/rs\/#website"},"primaryImageOfPage":{"@id":"https:\/\/balkangreenenergynews.com\/rs\/potpisan-sporazum-o-izgradnji-kabla-za-snabdevanje-strujom-iz-azerbejdzana\/#primaryimage"},"image":{"@id":"https:\/\/balkangreenenergynews.com\/rs\/potpisan-sporazum-o-izgradnji-kabla-za-snabdevanje-strujom-iz-azerbejdzana\/#primaryimage"},"thumbnailUrl":"https:\/\/balkangreenenergynews.com\/rs\/wp-content\/uploads\/2022\/12\/sea-g25553ffee_1280-840430.jpg?wsr","datePublished":"2022-12-19T23:10:06+00:00","dateModified":"2022-12-20T07:28:05+00:00","author":{"@id":"https:\/\/balkangreenenergynews.com\/rs\/#\/schema\/person\/dee275e6036b1a0f7ceaf956d79d4eff"},"description":"Crnomorski elektri\u010dni kabl koji \u0107e snabdevati evropske zemlje strujom iz Azerbajd\u017eana bi\u0107e duga\u010dak preko 1100 kilometara.","breadcrumb":{"@id":"https:\/\/balkangreenenergynews.com\/rs\/potpisan-sporazum-o-izgradnji-kabla-za-snabdevanje-strujom-iz-azerbejdzana\/#breadcrumb"},"inLanguage":"sr-RS","potentialAction":[{"@type":"ReadAction","target":["https:\/\/balkangreenenergynews.com\/rs\/potpisan-sporazum-o-izgradnji-kabla-za-snabdevanje-strujom-iz-azerbejdzana\/"]}]},{"@type":"ImageObject","inLanguage":"sr-RS","@id":"https:\/\/balkangreenenergynews.com\/rs\/potpisan-sporazum-o-izgradnji-kabla-za-snabdevanje-strujom-iz-azerbejdzana\/#primaryimage","url":"https:\/\/balkangreenenergynews.com\/rs\/wp-content\/uploads\/2022\/12\/sea-g25553ffee_1280-840430.jpg?wsr","contentUrl":"https:\/\/balkangreenenergynews.com\/rs\/wp-content\/uploads\/2022\/12\/sea-g25553ffee_1280-840430.jpg?wsr","width":840,"height":430,"caption":"Potpisan sporazum o izgradnji interkonekcije za snabdevanje strujom iz Azerbejd\u017eana"},{"@type":"BreadcrumbList","@id":"https:\/\/balkangreenenergynews.com\/rs\/potpisan-sporazum-o-izgradnji-kabla-za-snabdevanje-strujom-iz-azerbejdzana\/#breadcrumb","itemListElement":[{"@type":"ListItem","position":1,"name":"Po\u010detna","item":"https:\/\/balkangreenenergynews.com\/rs\/"},{"@type":"ListItem","position":2,"name":"Vesti","item":"https:\/\/balkangreenenergynews.com\/rs\/kategorija\/vesti\/"},{"@type":"ListItem","position":3,"name":"Elektri\u010dna energija","item":"https:\/\/balkangreenenergynews.com\/rs\/kategorija\/vesti\/elektricna-energija\/"},{"@type":"ListItem","position":4,"name":"Potpisan sporazum o izgradnji kabla za snabdevanje strujom iz Azerbejd\u017eana"}]},{"@type":"WebSite","@id":"https:\/\/balkangreenenergynews.com\/rs\/#website","url":"https:\/\/balkangreenenergynews.com\/rs\/","name":"Balkan Green Energy News","description":"Naj\u0161iri izbor vesti sa Balkana o zelenoj energiji","potentialAction":[{"@type":"SearchAction","target":{"@type":"EntryPoint","urlTemplate":"https:\/\/balkangreenenergynews.com\/rs\/?s={search_term_string}"},"query-input":{"@type":"PropertyValueSpecification","valueRequired":true,"valueName":"search_term_string"}}],"inLanguage":"sr-RS"},{"@type":"Person","@id":"https:\/\/balkangreenenergynews.com\/rs\/#\/schema\/person\/dee275e6036b1a0f7ceaf956d79d4eff","name":"Balkan Green Energy News","url":"https:\/\/balkangreenenergynews.com\/rs\/author\/balkangreenenergynews\/"}]}},"_links":{"self":[{"href":"https:\/\/balkangreenenergynews.com\/rs\/wp-json\/wp\/v2\/posts\/54379","targetHints":{"allow":["GET"]}}],"collection":[{"href":"https:\/\/balkangreenenergynews.com\/rs\/wp-json\/wp\/v2\/posts"}],"about":[{"href":"https:\/\/balkangreenenergynews.com\/rs\/wp-json\/wp\/v2\/types\/post"}],"author":[{"embeddable":true,"href":"https:\/\/balkangreenenergynews.com\/rs\/wp-json\/wp\/v2\/users\/25"}],"replies":[{"embeddable":true,"href":"https:\/\/balkangreenenergynews.com\/rs\/wp-json\/wp\/v2\/comments?post=54379"}],"version-history":[{"count":0,"href":"https:\/\/balkangreenenergynews.com\/rs\/wp-json\/wp\/v2\/posts\/54379\/revisions"}],"wp:featuredmedia":[{"embeddable":true,"href":"https:\/\/balkangreenenergynews.com\/rs\/wp-json\/wp\/v2\/media\/54397"}],"wp:attachment":[{"href":"https:\/\/balkangreenenergynews.com\/rs\/wp-json\/wp\/v2\/media?parent=54379"}],"wp:term":[{"taxonomy":"category","embeddable":true,"href":"https:\/\/balkangreenenergynews.com\/rs\/wp-json\/wp\/v2\/categories?post=54379"},{"taxonomy":"post_tag","embeddable":true,"href":"https:\/\/balkangreenenergynews.com\/rs\/wp-json\/wp\/v2\/tags?post=54379"}],"curies":[{"name":"wp","href":"https:\/\/api.w.org\/{rel}","templated":true}]}}