{"id":54277,"date":"2022-12-14T16:20:45","date_gmt":"2022-12-14T15:20:45","guid":{"rendered":"https:\/\/balkangreenenergynews.com\/rs\/?p=54277"},"modified":"2022-12-14T16:20:45","modified_gmt":"2022-12-14T15:20:45","slug":"evropska-unija-dogovorila-uvodjenje-prekogranicnog-poreza-na-co2","status":"publish","type":"post","link":"https:\/\/balkangreenenergynews.com\/rs\/evropska-unija-dogovorila-uvodjenje-prekogranicnog-poreza-na-co2\/","title":{"rendered":"Evropska unija dogovorila uvo\u0111enje prekograni\u010dnog poreza na CO2"},"content":{"rendered":"<h2>Evropski parlament i Savet Evropske unije postigli su sporazum o uvo\u0111enju prekograni\u010dnog poreza na ugljen-dioksid za odre\u0111ene vrste robe uve\u017eene iz zemalja koje nemaju oporezivanje emisija CO2. Po\u010detak primene bi\u0107e 1. oktobar 2023. godine, \u0161to je kasnije u odnosu na prvobitan plan da to bude 1. januara.<\/h2>\n<p>Evropska komisija je sredinom pro\u0161le godine <a href=\"https:\/\/balkangreenenergynews.com\/rs\/eu-uvodi-prekogranicnu-taksu-na-co2-od-2026-sta-ceka-izvoznike-cementa-celika-gvozda-struje-dubriva-aluminijuma\/\">predstavila predlog<\/a> za uvo\u0111enje <a href=\"https:\/\/balkangreenenergynews.com\/rs\/evroposlanik-kokalis-ne-moze-eu-da-kaznjava-zapadni-balkan-sto-proizvodi-struju-iz-uglja-dok-i-sama-to-radi\/\">prekograni\u010dnog mehanizma za prilago\u0111avanje ugljenika<\/a> (eng. Carbon Border Adjustment Mechanism \u2013 CBAM) kao bi za\u0161titila svoju privredu od, kako je navela, nelojalne konkunkurencije.<\/p>\n<p>Naime, firme u EU su prinu\u0111ene da pla\u0107aju taksu na svoje emisije CO2, dok to nije slu\u010daj u mnogim zemljama (kao \u0161to su na primer dr\u017eave Zapadnog Balkana) koje izvoze svoju robu u evropske zemlje, pa su zbog toga te firme konkurentnije.<\/p>\n<p>Dogovor Evropskog parlamenta i Saveta EU je jedan od najva\u017enijih koraka da prekograni\u010dna taksa na CO2 od predloga postane realnost.<\/p>\n<blockquote><p>Porez \u0107e biti pro\u0161iren i na vodonik<\/p><\/blockquote>\n<p>Ovaj porez \u0107e se, kako je povodom dogovora saop\u0161tio Evropski parlament, obra\u010dunavati na gvo\u017e\u0111e, \u010delik, cement, aluminijum, \u0111ubriva i elektri\u010dnu energiju, kako je i predlo\u017eila Evropska komisija. Ali, bi\u0107e pro\u0161iren i na vodonik i pod odre\u0111enim uslovima na indirektne emisije, kao i na odre\u0111ene sekundarne proizvode, kao \u0161to su \u0161rafovi i sli\u010dni proizvodi od gvo\u017e\u0111a ili \u010delika, naveo je Evropski parlament.<\/p>\n<p>Novi porez bic\u0301e prvi te vrste u svetu i u potpunosti uskla\u0111en sa pravilima Svetske trgovinske organizacije (STO).<\/p>\n<p>CBAM c\u0301e se primjenjivati od 1. oktobra 2023. godine sa prelaznim periodom u kojem c\u0301e obaveze uvoznika biti samo da izve\u0161tavaju o emisijama robe koju uvoze.<\/p>\n<p>Kako bi se izbegla dvostruka za\u0161tita evropske industrije, koja i dalje dobija besplatne dozvole za emitovanje CO2, ta\u010dnije deo emisija ne moraju da pla\u0107aju, du\u017eina tranzicionog perioda i puna primena prekograni\u010dnog poreza bic\u0301e povezana sa postupnim ukidanjem tih besplatnih dozvola u okviru Sistema za trgovanje emisijama EU (EU ETS).<\/p>\n<blockquote><p>O prelaznom periodu \u0107e se pregovarati kasnije ove nedelje<\/p><\/blockquote>\n<p>Ti detalji c\u0301e biti poznati nakon pregovora zakazanih za kraj nedelje, kada \u0107e biti dogovorena i revizija pomenutog sistema EU ETS. Ina\u010de, predlog Evropske komisije bio je da prelazni period traje <a href=\"https:\/\/balkangreenenergynews.com\/rs\/eu-uvodi-prekogranicnu-taksu-na-co2-od-2026-sta-ceka-izvoznike-cementa-celika-gvozda-struje-dubriva-aluminijuma\/\">tri godine<\/a>.<\/p>\n<p>Po zavr\u0161etku prelaznog perioda kompanije koje uvoze u EU bic\u0301e u obavezi da kupe CBAM sertifikate kako bi platile razliku izme\u0111u cene CO2 plac\u0301ene u zemlji proizvodnje i cene u EU, ta\u010dnije u okviru EU ETS-a.<\/p>\n<blockquote><p>Finalni dogovor zavisi od sporazuma o reformi EU ETS-a<\/p><\/blockquote>\n<p>Pri kraju prelaznog perioda Evropska komisija c\u0301e proceniti da li \u0107e se pro\u0161iriti spisak robe na koju se porez pla\u0107a, uklju\u010dujuc\u0301i organske hemikalije i polimere. Cilj EU je da se do 2030. obuhvati sva roba koja je u EU ETS-u.<\/p>\n<p>Tada \u0107e tako\u0111e biti procenjena i metodologija za obra\u010dun indirektnih emisija i moguc\u0301nost uklju\u010divanja vi\u0161e sekundarnih proizvoda, <a href=\"https:\/\/www.europarl.europa.eu\/news\/en\/press-room\/20221212IPR64509\/deal-reached-on-new-carbon-leakage-instrument-to-raise-global-climate-ambition\">saop\u0161tio<\/a> je Parlament.<\/p>\n<p>Dogovor izme\u0111u Parlamenta i Saveta zavisi od sporazuma o reformi EU ETS-a. Ina\u010de, CBAM je deo paketa Fit for 55.<\/p>\n<h3>Porez ne\u0107e pla\u0107ati samo zemlje sa istim klimatskim ambicijama kao EU<\/h3>\n<p>EU, kako se navodi, prekograni\u010dnim porezom na emisije ima za cilj da izjedna\u010di cenu CO2 koja se plac\u0301a za odre\u0111ene vrste proizvoda u okviru EU ETS-a sa cenom CO2 koja se pla\u0107a u zemljama koje te proizvode izvore u EU.<\/p>\n<p>Zakon c\u0301e, kako je naveo Parlament, podstac\u0301i zemlje koje nisu \u010dlanice EU da povec\u0301aju svoje klimatske ambicije, jer c\u0301e samo one \u010dije su klimatske ambicije iste kao EU moc\u0301i da izvoze robu u evropske zemlje bez pla\u0107anja prekograni\u010dnog poreza.<\/p>\n<p>Jasno je da \u0107e CBAM doneti finansijske tro\u0161kove dr\u017eavama Zapadnog Balkana i <a href=\"https:\/\/balkangreenenergynews.com\/rs\/turski-izvoznici-u-eu-morace-da-plate-do-771-milion-evra-na-ime-prekogranicne-takse-na-co2\/\">Turske<\/a> (kada se pogledaju zemlje koje prati Balkan Green Energy News) zbog \u010dega stru\u010dnjaci iz regiona insistiraju da to pitanje mora postati <a href=\"https:\/\/balkangreenenergynews.com\/rs\/prekogranicni-porez-eu-na-co2-mora-postati-jedna-od-glavnih-tema-za-zapadni-balkan\/\">jedna od glavnih tema<\/a> u ovim dr\u017eavama.<\/p>\n<p>Do sada su <a href=\"https:\/\/balkangreenenergynews.com\/rs\/koje-zemlje-zapadnog-balkana-se-pripremaju-za-uvodjenje-poreza-na-co2\/\">tri zemlje<\/a> Zapadnog Balkana preduzele prve korake ka uvo\u0111enju poreza na CO2, dok <a href=\"https:\/\/balkangreenenergynews.com\/rs\/turski-izvoznici-u-eu-morace-da-plate-do-771-milion-evra-na-ime-prekogranicne-takse-na-co2\/\">Turska<\/a> tako\u0111e radi na tome.<\/p>\n","protected":false},"excerpt":{"rendered":"<p>Dogovor Evropskog parlamenta i Saveta EU je jedan od najva\u017enijih koraka da prekograni\u010dna taksa na CO2 od predloga postane realnost<\/p>\n","protected":false},"author":23,"featured_media":54278,"comment_status":"open","ping_status":"open","sticky":false,"template":"","format":"standard","meta":{"_acf_changed":false,"_monsterinsights_skip_tracking":false,"_monsterinsights_sitenote_active":false,"_monsterinsights_sitenote_note":"","_monsterinsights_sitenote_category":0,"footnotes":""},"categories":[504,5909,1,4],"tags":[6153,509,2335,869,5908,2661,5133],"class_list":["post-54277","post","type-post","status-publish","format-standard","has-post-thumbnail","hentry","category-elektricna-energija","category-klimatske-promene","category-obnovljivi-izvori-energije","category-zivotna-sredina","tag-cbam","tag-co2","tag-emisije","tag-evropska-komisija","tag-prekogranicna-taksa-na-co2","tag-ugljen-dioksid","tag-vodonik","country-regioneu"],"acf":[],"yoast_head":"<!-- This site is optimized with the Yoast SEO plugin v27.4 - https:\/\/yoast.com\/product\/yoast-seo-wordpress\/ -->\n<title>Evropska unija dogovorila uvo\u0111enje prekograni\u010dnog poreza na CO2<\/title>\n<meta name=\"description\" content=\"Dogovor Evropskog parlamenta i Saveta EU je jedan od najva\u017enijih koraka da prekograni\u010dna taksa na CO2 od predloga postane realnost\" \/>\n<meta name=\"robots\" content=\"index, follow, max-snippet:-1, max-image-preview:large, max-video-preview:-1\" \/>\n<link rel=\"canonical\" href=\"https:\/\/balkangreenenergynews.com\/rs\/evropska-unija-dogovorila-uvodjenje-prekogranicnog-poreza-na-co2\/\" \/>\n<meta property=\"og:locale\" content=\"sr_RS\" \/>\n<meta property=\"og:type\" content=\"article\" \/>\n<meta property=\"og:title\" content=\"Evropska unija dogovorila uvo\u0111enje prekograni\u010dnog poreza na CO2\" \/>\n<meta property=\"og:description\" content=\"Dogovor Evropskog parlamenta i Saveta EU je jedan od najva\u017enijih koraka da prekograni\u010dna taksa na CO2 od predloga postane realnost\" \/>\n<meta property=\"og:url\" content=\"https:\/\/balkangreenenergynews.com\/rs\/evropska-unija-dogovorila-uvodjenje-prekogranicnog-poreza-na-co2\/\" \/>\n<meta property=\"og:site_name\" content=\"Balkan Green Energy News\" \/>\n<meta property=\"article:published_time\" content=\"2022-12-14T15:20:45+00:00\" \/>\n<meta property=\"og:image\" content=\"https:\/\/balkangreenenergynews.com\/rs\/wp-content\/uploads\/2022\/12\/Evropska-unija-dogovorila-datum-uvodjenja-prekogranicnog-poreza-na-CO2-CBAM.jpg\" \/>\n\t<meta property=\"og:image:width\" content=\"840\" \/>\n\t<meta property=\"og:image:height\" content=\"430\" \/>\n\t<meta property=\"og:image:type\" content=\"image\/jpeg\" \/>\n<meta name=\"author\" content=\"Vladimir Spasi\u0107\" \/>\n<meta name=\"twitter:card\" content=\"summary_large_image\" \/>\n<meta name=\"twitter:label1\" content=\"\u041d\u0430\u043f\u0438\u0441\u0430\u043d\u043e \u043e\u0434\" \/>\n\t<meta name=\"twitter:data1\" content=\"Vladimir Spasi\u0107\" \/>\n\t<meta name=\"twitter:label2\" content=\"\u041f\u0440\u043e\u0446\u0435\u045a\u0435\u043d\u043e \u0432\u0440\u0435\u043c\u0435 \u0447\u0438\u0442\u0430\u045a\u0430\" \/>\n\t<meta name=\"twitter:data2\" content=\"4 \u043c\u0438\u043d\u0443\u0442\u0430\" \/>\n<script type=\"application\/ld+json\" class=\"yoast-schema-graph\">{\"@context\":\"https:\\\/\\\/schema.org\",\"@graph\":[{\"@type\":\"Article\",\"@id\":\"https:\\\/\\\/balkangreenenergynews.com\\\/rs\\\/evropska-unija-dogovorila-uvodjenje-prekogranicnog-poreza-na-co2\\\/#article\",\"isPartOf\":{\"@id\":\"https:\\\/\\\/balkangreenenergynews.com\\\/rs\\\/evropska-unija-dogovorila-uvodjenje-prekogranicnog-poreza-na-co2\\\/\"},\"author\":{\"name\":\"Vladimir Spasi\u0107\",\"@id\":\"https:\\\/\\\/balkangreenenergynews.com\\\/rs\\\/#\\\/schema\\\/person\\\/99dc721c46113fea22caffad06ef7317\"},\"headline\":\"Evropska unija dogovorila uvo\u0111enje prekograni\u010dnog poreza na CO2\",\"datePublished\":\"2022-12-14T15:20:45+00:00\",\"mainEntityOfPage\":{\"@id\":\"https:\\\/\\\/balkangreenenergynews.com\\\/rs\\\/evropska-unija-dogovorila-uvodjenje-prekogranicnog-poreza-na-co2\\\/\"},\"wordCount\":704,\"commentCount\":0,\"image\":{\"@id\":\"https:\\\/\\\/balkangreenenergynews.com\\\/rs\\\/evropska-unija-dogovorila-uvodjenje-prekogranicnog-poreza-na-co2\\\/#primaryimage\"},\"thumbnailUrl\":\"https:\\\/\\\/balkangreenenergynews.com\\\/rs\\\/wp-content\\\/uploads\\\/2022\\\/12\\\/Evropska-unija-dogovorila-datum-uvodjenja-prekogranicnog-poreza-na-CO2-CBAM.jpg?wsr\",\"keywords\":[\"CBAM\",\"CO2\",\"emisije\",\"Evropska komisija\",\"prekograni\u010dna taksa na CO2\",\"ugljen-dioksid\",\"vodonik\"],\"articleSection\":[\"Elektri\u010dna energija\",\"Klimatske promene\",\"OIE\",\"\u017divotna sredina\"],\"inLanguage\":\"sr-RS\",\"potentialAction\":[{\"@type\":\"CommentAction\",\"name\":\"Comment\",\"target\":[\"https:\\\/\\\/balkangreenenergynews.com\\\/rs\\\/evropska-unija-dogovorila-uvodjenje-prekogranicnog-poreza-na-co2\\\/#respond\"]}]},{\"@type\":\"WebPage\",\"@id\":\"https:\\\/\\\/balkangreenenergynews.com\\\/rs\\\/evropska-unija-dogovorila-uvodjenje-prekogranicnog-poreza-na-co2\\\/\",\"url\":\"https:\\\/\\\/balkangreenenergynews.com\\\/rs\\\/evropska-unija-dogovorila-uvodjenje-prekogranicnog-poreza-na-co2\\\/\",\"name\":\"Evropska unija dogovorila uvo\u0111enje prekograni\u010dnog poreza na CO2\",\"isPartOf\":{\"@id\":\"https:\\\/\\\/balkangreenenergynews.com\\\/rs\\\/#website\"},\"primaryImageOfPage\":{\"@id\":\"https:\\\/\\\/balkangreenenergynews.com\\\/rs\\\/evropska-unija-dogovorila-uvodjenje-prekogranicnog-poreza-na-co2\\\/#primaryimage\"},\"image\":{\"@id\":\"https:\\\/\\\/balkangreenenergynews.com\\\/rs\\\/evropska-unija-dogovorila-uvodjenje-prekogranicnog-poreza-na-co2\\\/#primaryimage\"},\"thumbnailUrl\":\"https:\\\/\\\/balkangreenenergynews.com\\\/rs\\\/wp-content\\\/uploads\\\/2022\\\/12\\\/Evropska-unija-dogovorila-datum-uvodjenja-prekogranicnog-poreza-na-CO2-CBAM.jpg?wsr\",\"datePublished\":\"2022-12-14T15:20:45+00:00\",\"author\":{\"@id\":\"https:\\\/\\\/balkangreenenergynews.com\\\/rs\\\/#\\\/schema\\\/person\\\/99dc721c46113fea22caffad06ef7317\"},\"description\":\"Dogovor Evropskog parlamenta i Saveta EU je jedan od najva\u017enijih koraka da prekograni\u010dna taksa na CO2 od predloga postane realnost\",\"breadcrumb\":{\"@id\":\"https:\\\/\\\/balkangreenenergynews.com\\\/rs\\\/evropska-unija-dogovorila-uvodjenje-prekogranicnog-poreza-na-co2\\\/#breadcrumb\"},\"inLanguage\":\"sr-RS\",\"potentialAction\":[{\"@type\":\"ReadAction\",\"target\":[\"https:\\\/\\\/balkangreenenergynews.com\\\/rs\\\/evropska-unija-dogovorila-uvodjenje-prekogranicnog-poreza-na-co2\\\/\"]}]},{\"@type\":\"ImageObject\",\"inLanguage\":\"sr-RS\",\"@id\":\"https:\\\/\\\/balkangreenenergynews.com\\\/rs\\\/evropska-unija-dogovorila-uvodjenje-prekogranicnog-poreza-na-co2\\\/#primaryimage\",\"url\":\"https:\\\/\\\/balkangreenenergynews.com\\\/rs\\\/wp-content\\\/uploads\\\/2022\\\/12\\\/Evropska-unija-dogovorila-datum-uvodjenja-prekogranicnog-poreza-na-CO2-CBAM.jpg?wsr\",\"contentUrl\":\"https:\\\/\\\/balkangreenenergynews.com\\\/rs\\\/wp-content\\\/uploads\\\/2022\\\/12\\\/Evropska-unija-dogovorila-datum-uvodjenja-prekogranicnog-poreza-na-CO2-CBAM.jpg?wsr\",\"width\":840,\"height\":430,\"caption\":\"Evropska unija dogovorila datum uvodjenja prekogranicnog poreza na CO2 CBAM\"},{\"@type\":\"BreadcrumbList\",\"@id\":\"https:\\\/\\\/balkangreenenergynews.com\\\/rs\\\/evropska-unija-dogovorila-uvodjenje-prekogranicnog-poreza-na-co2\\\/#breadcrumb\",\"itemListElement\":[{\"@type\":\"ListItem\",\"position\":1,\"name\":\"Po\u010detna\",\"item\":\"https:\\\/\\\/balkangreenenergynews.com\\\/rs\\\/\"},{\"@type\":\"ListItem\",\"position\":2,\"name\":\"Klimatske promene\",\"item\":\"https:\\\/\\\/balkangreenenergynews.com\\\/rs\\\/kategorija\\\/klimatske-promene\\\/\"},{\"@type\":\"ListItem\",\"position\":3,\"name\":\"Evropska unija dogovorila uvo\u0111enje prekograni\u010dnog poreza na CO2\"}]},{\"@type\":\"WebSite\",\"@id\":\"https:\\\/\\\/balkangreenenergynews.com\\\/rs\\\/#website\",\"url\":\"https:\\\/\\\/balkangreenenergynews.com\\\/rs\\\/\",\"name\":\"Balkan Green Energy News\",\"description\":\"Naj\u0161iri izbor vesti sa Balkana o zelenoj energiji\",\"potentialAction\":[{\"@type\":\"SearchAction\",\"target\":{\"@type\":\"EntryPoint\",\"urlTemplate\":\"https:\\\/\\\/balkangreenenergynews.com\\\/rs\\\/?s={search_term_string}\"},\"query-input\":{\"@type\":\"PropertyValueSpecification\",\"valueRequired\":true,\"valueName\":\"search_term_string\"}}],\"inLanguage\":\"sr-RS\"},{\"@type\":\"Person\",\"@id\":\"https:\\\/\\\/balkangreenenergynews.com\\\/rs\\\/#\\\/schema\\\/person\\\/99dc721c46113fea22caffad06ef7317\",\"name\":\"Vladimir Spasi\u0107\",\"url\":\"https:\\\/\\\/balkangreenenergynews.com\\\/rs\\\/author\\\/vladimir-spasic\\\/\"}]}<\/script>\n<!-- \/ Yoast SEO plugin. -->","yoast_head_json":{"title":"Evropska unija dogovorila uvo\u0111enje prekograni\u010dnog poreza na CO2","description":"Dogovor Evropskog parlamenta i Saveta EU je jedan od najva\u017enijih koraka da prekograni\u010dna taksa na CO2 od predloga postane realnost","robots":{"index":"index","follow":"follow","max-snippet":"max-snippet:-1","max-image-preview":"max-image-preview:large","max-video-preview":"max-video-preview:-1"},"canonical":"https:\/\/balkangreenenergynews.com\/rs\/evropska-unija-dogovorila-uvodjenje-prekogranicnog-poreza-na-co2\/","og_locale":"sr_RS","og_type":"article","og_title":"Evropska unija dogovorila uvo\u0111enje prekograni\u010dnog poreza na CO2","og_description":"Dogovor Evropskog parlamenta i Saveta EU je jedan od najva\u017enijih koraka da prekograni\u010dna taksa na CO2 od predloga postane realnost","og_url":"https:\/\/balkangreenenergynews.com\/rs\/evropska-unija-dogovorila-uvodjenje-prekogranicnog-poreza-na-co2\/","og_site_name":"Balkan Green Energy News","article_published_time":"2022-12-14T15:20:45+00:00","og_image":[{"width":840,"height":430,"url":"https:\/\/balkangreenenergynews.com\/rs\/wp-content\/uploads\/2022\/12\/Evropska-unija-dogovorila-datum-uvodjenja-prekogranicnog-poreza-na-CO2-CBAM.jpg","type":"image\/jpeg"}],"author":"Vladimir Spasi\u0107","twitter_card":"summary_large_image","twitter_misc":{"\u041d\u0430\u043f\u0438\u0441\u0430\u043d\u043e \u043e\u0434":"Vladimir Spasi\u0107","\u041f\u0440\u043e\u0446\u0435\u045a\u0435\u043d\u043e \u0432\u0440\u0435\u043c\u0435 \u0447\u0438\u0442\u0430\u045a\u0430":"4 \u043c\u0438\u043d\u0443\u0442\u0430"},"schema":{"@context":"https:\/\/schema.org","@graph":[{"@type":"Article","@id":"https:\/\/balkangreenenergynews.com\/rs\/evropska-unija-dogovorila-uvodjenje-prekogranicnog-poreza-na-co2\/#article","isPartOf":{"@id":"https:\/\/balkangreenenergynews.com\/rs\/evropska-unija-dogovorila-uvodjenje-prekogranicnog-poreza-na-co2\/"},"author":{"name":"Vladimir Spasi\u0107","@id":"https:\/\/balkangreenenergynews.com\/rs\/#\/schema\/person\/99dc721c46113fea22caffad06ef7317"},"headline":"Evropska unija dogovorila uvo\u0111enje prekograni\u010dnog poreza na CO2","datePublished":"2022-12-14T15:20:45+00:00","mainEntityOfPage":{"@id":"https:\/\/balkangreenenergynews.com\/rs\/evropska-unija-dogovorila-uvodjenje-prekogranicnog-poreza-na-co2\/"},"wordCount":704,"commentCount":0,"image":{"@id":"https:\/\/balkangreenenergynews.com\/rs\/evropska-unija-dogovorila-uvodjenje-prekogranicnog-poreza-na-co2\/#primaryimage"},"thumbnailUrl":"https:\/\/balkangreenenergynews.com\/rs\/wp-content\/uploads\/2022\/12\/Evropska-unija-dogovorila-datum-uvodjenja-prekogranicnog-poreza-na-CO2-CBAM.jpg?wsr","keywords":["CBAM","CO2","emisije","Evropska komisija","prekograni\u010dna taksa na CO2","ugljen-dioksid","vodonik"],"articleSection":["Elektri\u010dna energija","Klimatske promene","OIE","\u017divotna sredina"],"inLanguage":"sr-RS","potentialAction":[{"@type":"CommentAction","name":"Comment","target":["https:\/\/balkangreenenergynews.com\/rs\/evropska-unija-dogovorila-uvodjenje-prekogranicnog-poreza-na-co2\/#respond"]}]},{"@type":"WebPage","@id":"https:\/\/balkangreenenergynews.com\/rs\/evropska-unija-dogovorila-uvodjenje-prekogranicnog-poreza-na-co2\/","url":"https:\/\/balkangreenenergynews.com\/rs\/evropska-unija-dogovorila-uvodjenje-prekogranicnog-poreza-na-co2\/","name":"Evropska unija dogovorila uvo\u0111enje prekograni\u010dnog poreza na CO2","isPartOf":{"@id":"https:\/\/balkangreenenergynews.com\/rs\/#website"},"primaryImageOfPage":{"@id":"https:\/\/balkangreenenergynews.com\/rs\/evropska-unija-dogovorila-uvodjenje-prekogranicnog-poreza-na-co2\/#primaryimage"},"image":{"@id":"https:\/\/balkangreenenergynews.com\/rs\/evropska-unija-dogovorila-uvodjenje-prekogranicnog-poreza-na-co2\/#primaryimage"},"thumbnailUrl":"https:\/\/balkangreenenergynews.com\/rs\/wp-content\/uploads\/2022\/12\/Evropska-unija-dogovorila-datum-uvodjenja-prekogranicnog-poreza-na-CO2-CBAM.jpg?wsr","datePublished":"2022-12-14T15:20:45+00:00","author":{"@id":"https:\/\/balkangreenenergynews.com\/rs\/#\/schema\/person\/99dc721c46113fea22caffad06ef7317"},"description":"Dogovor Evropskog parlamenta i Saveta EU je jedan od najva\u017enijih koraka da prekograni\u010dna taksa na CO2 od predloga postane realnost","breadcrumb":{"@id":"https:\/\/balkangreenenergynews.com\/rs\/evropska-unija-dogovorila-uvodjenje-prekogranicnog-poreza-na-co2\/#breadcrumb"},"inLanguage":"sr-RS","potentialAction":[{"@type":"ReadAction","target":["https:\/\/balkangreenenergynews.com\/rs\/evropska-unija-dogovorila-uvodjenje-prekogranicnog-poreza-na-co2\/"]}]},{"@type":"ImageObject","inLanguage":"sr-RS","@id":"https:\/\/balkangreenenergynews.com\/rs\/evropska-unija-dogovorila-uvodjenje-prekogranicnog-poreza-na-co2\/#primaryimage","url":"https:\/\/balkangreenenergynews.com\/rs\/wp-content\/uploads\/2022\/12\/Evropska-unija-dogovorila-datum-uvodjenja-prekogranicnog-poreza-na-CO2-CBAM.jpg?wsr","contentUrl":"https:\/\/balkangreenenergynews.com\/rs\/wp-content\/uploads\/2022\/12\/Evropska-unija-dogovorila-datum-uvodjenja-prekogranicnog-poreza-na-CO2-CBAM.jpg?wsr","width":840,"height":430,"caption":"Evropska unija dogovorila datum uvodjenja prekogranicnog poreza na CO2 CBAM"},{"@type":"BreadcrumbList","@id":"https:\/\/balkangreenenergynews.com\/rs\/evropska-unija-dogovorila-uvodjenje-prekogranicnog-poreza-na-co2\/#breadcrumb","itemListElement":[{"@type":"ListItem","position":1,"name":"Po\u010detna","item":"https:\/\/balkangreenenergynews.com\/rs\/"},{"@type":"ListItem","position":2,"name":"Klimatske promene","item":"https:\/\/balkangreenenergynews.com\/rs\/kategorija\/klimatske-promene\/"},{"@type":"ListItem","position":3,"name":"Evropska unija dogovorila uvo\u0111enje prekograni\u010dnog poreza na CO2"}]},{"@type":"WebSite","@id":"https:\/\/balkangreenenergynews.com\/rs\/#website","url":"https:\/\/balkangreenenergynews.com\/rs\/","name":"Balkan Green Energy News","description":"Naj\u0161iri izbor vesti sa Balkana o zelenoj energiji","potentialAction":[{"@type":"SearchAction","target":{"@type":"EntryPoint","urlTemplate":"https:\/\/balkangreenenergynews.com\/rs\/?s={search_term_string}"},"query-input":{"@type":"PropertyValueSpecification","valueRequired":true,"valueName":"search_term_string"}}],"inLanguage":"sr-RS"},{"@type":"Person","@id":"https:\/\/balkangreenenergynews.com\/rs\/#\/schema\/person\/99dc721c46113fea22caffad06ef7317","name":"Vladimir Spasi\u0107","url":"https:\/\/balkangreenenergynews.com\/rs\/author\/vladimir-spasic\/"}]}},"_links":{"self":[{"href":"https:\/\/balkangreenenergynews.com\/rs\/wp-json\/wp\/v2\/posts\/54277","targetHints":{"allow":["GET"]}}],"collection":[{"href":"https:\/\/balkangreenenergynews.com\/rs\/wp-json\/wp\/v2\/posts"}],"about":[{"href":"https:\/\/balkangreenenergynews.com\/rs\/wp-json\/wp\/v2\/types\/post"}],"author":[{"embeddable":true,"href":"https:\/\/balkangreenenergynews.com\/rs\/wp-json\/wp\/v2\/users\/23"}],"replies":[{"embeddable":true,"href":"https:\/\/balkangreenenergynews.com\/rs\/wp-json\/wp\/v2\/comments?post=54277"}],"version-history":[{"count":0,"href":"https:\/\/balkangreenenergynews.com\/rs\/wp-json\/wp\/v2\/posts\/54277\/revisions"}],"wp:featuredmedia":[{"embeddable":true,"href":"https:\/\/balkangreenenergynews.com\/rs\/wp-json\/wp\/v2\/media\/54278"}],"wp:attachment":[{"href":"https:\/\/balkangreenenergynews.com\/rs\/wp-json\/wp\/v2\/media?parent=54277"}],"wp:term":[{"taxonomy":"category","embeddable":true,"href":"https:\/\/balkangreenenergynews.com\/rs\/wp-json\/wp\/v2\/categories?post=54277"},{"taxonomy":"post_tag","embeddable":true,"href":"https:\/\/balkangreenenergynews.com\/rs\/wp-json\/wp\/v2\/tags?post=54277"}],"curies":[{"name":"wp","href":"https:\/\/api.w.org\/{rel}","templated":true}]}}