{"id":53564,"date":"2022-11-18T13:40:55","date_gmt":"2022-11-18T12:40:55","guid":{"rendered":"https:\/\/balkangreenenergynews.com\/rs\/?p=53564"},"modified":"2022-11-18T19:09:20","modified_gmt":"2022-11-18T18:09:20","slug":"vucic-moracemo-da-ulozimo-do-33-milijarde-evra-u-energetsku-infrastrukturu","status":"publish","type":"post","link":"https:\/\/balkangreenenergynews.com\/rs\/vucic-moracemo-da-ulozimo-do-33-milijarde-evra-u-energetsku-infrastrukturu\/","title":{"rendered":"Vu\u010di\u0107: Mora\u0107emo da ulo\u017eimo do 33 milijarde evra u energetsku infrastrukturu"},"content":{"rendered":"<h2>Predsednik Srbije Aleksandar Vu\u010di\u0107 je najavio zna\u010dajana ulaganja u energetsku infrastrukturu. Kako je istakao, u narednom periodu Srbiji \u0107e za neophodne reforme u energetskom sektoru biti potrebno do 33 milijarde evra investicija.<\/h2>\n<p>&#8222;Mora\u0107emo da promenimo svoje navike i sprovedemo reforme, da radimo na drugi na\u010din. Moramo to \u0161to pre da uradimo ina\u010de \u0107emo se suo\u010diti sa pravom katastrofom. Re\u010d je o negde oko 16-17 milijardi evra do 32-33 milijarde evra koje moramo da ulo\u017eimo u energetsku infrastrukturu\u201d, rekao je predsednik Srbije Aleksandar Vu\u010di\u0107.<\/p>\n<blockquote><p>Vu\u010di\u0107: Moramo to \u0161to pre da uradimo ina\u010de \u0107emo se suo\u010diti sa pravom katastrofom<\/p><\/blockquote>\n<p>On je ovu neophodnu potrebu za ulaganjima najavio na poslovnoj konferenciji Norve\u0161ka \u2013 Zapadni Balkan: mogu\u0107nosti za ulaganja u energiju iz obnovljivih izvora na Zapadnom Balkanu (<em>Norway \u2013 Western Balkans Business Conference: Investment Opportunities in the Western Balkans<\/em>) koju je organizovala Nordijska poslovna alijansa.<\/p>\n<p>Lideri zemalja <a href=\"https:\/\/balkangreenenergynews.com\/rs\/can-europe-spori-napredak-nacionalnih-klimatskih-i-energetskih-planova-na-zapadnom-balkanu\/\">Zapadnog Balkana<\/a> su na konferenciji obe\u0107ali da \u0107e biti formirano regionalno tr\u017ei\u0161te u oblasti energetike.<\/p>\n<p>&#8222;Ovo je prilika za strane investitore, ali i za sve nas da pove\u0107amo nivo na\u0161eg BDP, da pove\u0107amo stopu rasta, ali bi\u0107e istovremeno te\u0161ko da se odr\u017ei fiskalna stabilnost i da se javne finansije dr\u017ee pod kontrolom u ovim te\u0161kim vremenima. Moramo da delamo zajedno, moramo da radimo zajedno&#8220;, naveo je Vu\u010di\u0107 na zvani\u010dnom Instagram nalogu.<\/p>\n<p>Predsednik Srbije je istakao da su obnovljivi izvori energije, elektri\u010dna mre\u017ea i interkonekcije, najva\u017eniji deo reformi, dok je kao jedan od problema naveo da dr\u017eava nailazi na otpor kada odlu\u010di da negde radi na vetroelektranama i solarnim elektranama.<\/p>\n","protected":false},"excerpt":{"rendered":"<p>Predsednik Srbije Aleksandar Vu\u010di\u0107 je najavio zna\u010dajana ulaganja u energetsku infrastrukturu. Kako je istakao, u&#8230;<\/p>\n","protected":false},"author":25,"featured_media":53596,"comment_status":"open","ping_status":"open","sticky":false,"template":"","format":"standard","meta":{"_acf_changed":false,"_monsterinsights_skip_tracking":false,"_monsterinsights_sitenote_active":false,"_monsterinsights_sitenote_note":"","_monsterinsights_sitenote_category":0,"footnotes":""},"categories":[504,6295],"tags":[988,669,6632,6177,1854,652,6415,6362],"class_list":["post-53564","post","type-post","status-publish","format-standard","has-post-thumbnail","hentry","category-elektricna-energija","category-energetska-kriza","tag-aleksandar-vucic","tag-elektricna-energija","tag-energetska-infrastruktura","tag-energetska-kriza","tag-energetska-tranzicija","tag-investicije","tag-izjava-dana","tag-republika-srbija","country-srbija"],"acf":[],"yoast_head":"<!-- This site is optimized with the Yoast SEO plugin v27.4 - https:\/\/yoast.com\/product\/yoast-seo-wordpress\/ -->\n<title>Vu\u010di\u0107: Mora\u0107emo da ulo\u017eimo do 33 milijarde evra u energetsku infrastrukturu<\/title>\n<meta name=\"description\" content=\"Predsednik Srbije Aleksandar Vu\u010di\u0107 je najavio da \u0107e u narednom periodu u energetskom sektoru biti neophodno do 33 milijarde evra investicija.\" \/>\n<meta name=\"robots\" content=\"index, follow, max-snippet:-1, max-image-preview:large, max-video-preview:-1\" \/>\n<link rel=\"canonical\" href=\"https:\/\/balkangreenenergynews.com\/rs\/vucic-moracemo-da-ulozimo-do-33-milijarde-evra-u-energetsku-infrastrukturu\/\" \/>\n<meta property=\"og:locale\" content=\"sr_RS\" \/>\n<meta property=\"og:type\" content=\"article\" \/>\n<meta property=\"og:title\" content=\"Vu\u010di\u0107: Mora\u0107emo da ulo\u017eimo do 33 milijarde evra u energetsku infrastrukturu\" \/>\n<meta property=\"og:description\" content=\"Predsednik Srbije Aleksandar Vu\u010di\u0107 je najavio da \u0107e u narednom periodu u energetskom sektoru biti neophodno do 33 milijarde evra investicija.\" \/>\n<meta property=\"og:url\" content=\"https:\/\/balkangreenenergynews.com\/rs\/vucic-moracemo-da-ulozimo-do-33-milijarde-evra-u-energetsku-infrastrukturu\/\" \/>\n<meta property=\"og:site_name\" content=\"Balkan Green Energy News\" \/>\n<meta property=\"article:published_time\" content=\"2022-11-18T12:40:55+00:00\" \/>\n<meta property=\"article:modified_time\" content=\"2022-11-18T18:09:20+00:00\" \/>\n<meta property=\"og:image\" content=\"https:\/\/balkangreenenergynews.com\/rs\/wp-content\/uploads\/2022\/11\/vucic-a-84.jpg\" \/>\n\t<meta property=\"og:image:width\" content=\"840\" \/>\n\t<meta property=\"og:image:height\" content=\"430\" \/>\n\t<meta property=\"og:image:type\" content=\"image\/jpeg\" \/>\n<meta name=\"author\" content=\"Balkan Green Energy News\" \/>\n<meta name=\"twitter:card\" content=\"summary_large_image\" \/>\n<meta name=\"twitter:label1\" content=\"\u041d\u0430\u043f\u0438\u0441\u0430\u043d\u043e \u043e\u0434\" \/>\n\t<meta name=\"twitter:data1\" content=\"Balkan Green Energy News\" \/>\n\t<meta name=\"twitter:label2\" content=\"\u041f\u0440\u043e\u0446\u0435\u045a\u0435\u043d\u043e \u0432\u0440\u0435\u043c\u0435 \u0447\u0438\u0442\u0430\u045a\u0430\" \/>\n\t<meta name=\"twitter:data2\" content=\"2 \u043c\u0438\u043d\u0443\u0442\u0430\" \/>\n<script type=\"application\/ld+json\" class=\"yoast-schema-graph\">{\"@context\":\"https:\\\/\\\/schema.org\",\"@graph\":[{\"@type\":\"Article\",\"@id\":\"https:\\\/\\\/balkangreenenergynews.com\\\/rs\\\/vucic-moracemo-da-ulozimo-do-33-milijarde-evra-u-energetsku-infrastrukturu\\\/#article\",\"isPartOf\":{\"@id\":\"https:\\\/\\\/balkangreenenergynews.com\\\/rs\\\/vucic-moracemo-da-ulozimo-do-33-milijarde-evra-u-energetsku-infrastrukturu\\\/\"},\"author\":{\"name\":\"Balkan Green Energy News\",\"@id\":\"https:\\\/\\\/balkangreenenergynews.com\\\/rs\\\/#\\\/schema\\\/person\\\/dee275e6036b1a0f7ceaf956d79d4eff\"},\"headline\":\"Vu\u010di\u0107: Mora\u0107emo da ulo\u017eimo do 33 milijarde evra u energetsku infrastrukturu\",\"datePublished\":\"2022-11-18T12:40:55+00:00\",\"dateModified\":\"2022-11-18T18:09:20+00:00\",\"mainEntityOfPage\":{\"@id\":\"https:\\\/\\\/balkangreenenergynews.com\\\/rs\\\/vucic-moracemo-da-ulozimo-do-33-milijarde-evra-u-energetsku-infrastrukturu\\\/\"},\"wordCount\":293,\"commentCount\":0,\"image\":{\"@id\":\"https:\\\/\\\/balkangreenenergynews.com\\\/rs\\\/vucic-moracemo-da-ulozimo-do-33-milijarde-evra-u-energetsku-infrastrukturu\\\/#primaryimage\"},\"thumbnailUrl\":\"https:\\\/\\\/balkangreenenergynews.com\\\/rs\\\/wp-content\\\/uploads\\\/2022\\\/11\\\/vucic-a-84.jpg?wsr\",\"keywords\":[\"Aleksandar Vu\u010di\u0107\",\"elektri\u010dna energija\",\"energetska infrastruktura\",\"energetska kriza\",\"energetska tranzicija\",\"investicije\",\"Izjava dana\",\"Republika Srbija\"],\"articleSection\":[\"Elektri\u010dna energija\",\"Energetska kriza\"],\"inLanguage\":\"sr-RS\",\"potentialAction\":[{\"@type\":\"CommentAction\",\"name\":\"Comment\",\"target\":[\"https:\\\/\\\/balkangreenenergynews.com\\\/rs\\\/vucic-moracemo-da-ulozimo-do-33-milijarde-evra-u-energetsku-infrastrukturu\\\/#respond\"]}]},{\"@type\":\"WebPage\",\"@id\":\"https:\\\/\\\/balkangreenenergynews.com\\\/rs\\\/vucic-moracemo-da-ulozimo-do-33-milijarde-evra-u-energetsku-infrastrukturu\\\/\",\"url\":\"https:\\\/\\\/balkangreenenergynews.com\\\/rs\\\/vucic-moracemo-da-ulozimo-do-33-milijarde-evra-u-energetsku-infrastrukturu\\\/\",\"name\":\"Vu\u010di\u0107: Mora\u0107emo da ulo\u017eimo do 33 milijarde evra u energetsku infrastrukturu\",\"isPartOf\":{\"@id\":\"https:\\\/\\\/balkangreenenergynews.com\\\/rs\\\/#website\"},\"primaryImageOfPage\":{\"@id\":\"https:\\\/\\\/balkangreenenergynews.com\\\/rs\\\/vucic-moracemo-da-ulozimo-do-33-milijarde-evra-u-energetsku-infrastrukturu\\\/#primaryimage\"},\"image\":{\"@id\":\"https:\\\/\\\/balkangreenenergynews.com\\\/rs\\\/vucic-moracemo-da-ulozimo-do-33-milijarde-evra-u-energetsku-infrastrukturu\\\/#primaryimage\"},\"thumbnailUrl\":\"https:\\\/\\\/balkangreenenergynews.com\\\/rs\\\/wp-content\\\/uploads\\\/2022\\\/11\\\/vucic-a-84.jpg?wsr\",\"datePublished\":\"2022-11-18T12:40:55+00:00\",\"dateModified\":\"2022-11-18T18:09:20+00:00\",\"author\":{\"@id\":\"https:\\\/\\\/balkangreenenergynews.com\\\/rs\\\/#\\\/schema\\\/person\\\/dee275e6036b1a0f7ceaf956d79d4eff\"},\"description\":\"Predsednik Srbije Aleksandar Vu\u010di\u0107 je najavio da \u0107e u narednom periodu u energetskom sektoru biti neophodno do 33 milijarde evra investicija.\",\"breadcrumb\":{\"@id\":\"https:\\\/\\\/balkangreenenergynews.com\\\/rs\\\/vucic-moracemo-da-ulozimo-do-33-milijarde-evra-u-energetsku-infrastrukturu\\\/#breadcrumb\"},\"inLanguage\":\"sr-RS\",\"potentialAction\":[{\"@type\":\"ReadAction\",\"target\":[\"https:\\\/\\\/balkangreenenergynews.com\\\/rs\\\/vucic-moracemo-da-ulozimo-do-33-milijarde-evra-u-energetsku-infrastrukturu\\\/\"]}]},{\"@type\":\"ImageObject\",\"inLanguage\":\"sr-RS\",\"@id\":\"https:\\\/\\\/balkangreenenergynews.com\\\/rs\\\/vucic-moracemo-da-ulozimo-do-33-milijarde-evra-u-energetsku-infrastrukturu\\\/#primaryimage\",\"url\":\"https:\\\/\\\/balkangreenenergynews.com\\\/rs\\\/wp-content\\\/uploads\\\/2022\\\/11\\\/vucic-a-84.jpg?wsr\",\"contentUrl\":\"https:\\\/\\\/balkangreenenergynews.com\\\/rs\\\/wp-content\\\/uploads\\\/2022\\\/11\\\/vucic-a-84.jpg?wsr\",\"width\":840,\"height\":430,\"caption\":\"Vu\u010di\u0107: Mora\u0107emo da ulo\u017eimo do 33 milijarde evra u energetsku infrastrukturu\"},{\"@type\":\"BreadcrumbList\",\"@id\":\"https:\\\/\\\/balkangreenenergynews.com\\\/rs\\\/vucic-moracemo-da-ulozimo-do-33-milijarde-evra-u-energetsku-infrastrukturu\\\/#breadcrumb\",\"itemListElement\":[{\"@type\":\"ListItem\",\"position\":1,\"name\":\"Po\u010detna\",\"item\":\"https:\\\/\\\/balkangreenenergynews.com\\\/rs\\\/\"},{\"@type\":\"ListItem\",\"position\":2,\"name\":\"Vesti\",\"item\":\"https:\\\/\\\/balkangreenenergynews.com\\\/rs\\\/kategorija\\\/vesti\\\/\"},{\"@type\":\"ListItem\",\"position\":3,\"name\":\"Elektri\u010dna energija\",\"item\":\"https:\\\/\\\/balkangreenenergynews.com\\\/rs\\\/kategorija\\\/vesti\\\/elektricna-energija\\\/\"},{\"@type\":\"ListItem\",\"position\":4,\"name\":\"Vu\u010di\u0107: Mora\u0107emo da ulo\u017eimo do 33 milijarde evra u energetsku infrastrukturu\"}]},{\"@type\":\"WebSite\",\"@id\":\"https:\\\/\\\/balkangreenenergynews.com\\\/rs\\\/#website\",\"url\":\"https:\\\/\\\/balkangreenenergynews.com\\\/rs\\\/\",\"name\":\"Balkan Green Energy News\",\"description\":\"Naj\u0161iri izbor vesti sa Balkana o zelenoj energiji\",\"potentialAction\":[{\"@type\":\"SearchAction\",\"target\":{\"@type\":\"EntryPoint\",\"urlTemplate\":\"https:\\\/\\\/balkangreenenergynews.com\\\/rs\\\/?s={search_term_string}\"},\"query-input\":{\"@type\":\"PropertyValueSpecification\",\"valueRequired\":true,\"valueName\":\"search_term_string\"}}],\"inLanguage\":\"sr-RS\"},{\"@type\":\"Person\",\"@id\":\"https:\\\/\\\/balkangreenenergynews.com\\\/rs\\\/#\\\/schema\\\/person\\\/dee275e6036b1a0f7ceaf956d79d4eff\",\"name\":\"Balkan Green Energy News\",\"url\":\"https:\\\/\\\/balkangreenenergynews.com\\\/rs\\\/author\\\/balkangreenenergynews\\\/\"}]}<\/script>\n<!-- \/ Yoast SEO plugin. -->","yoast_head_json":{"title":"Vu\u010di\u0107: Mora\u0107emo da ulo\u017eimo do 33 milijarde evra u energetsku infrastrukturu","description":"Predsednik Srbije Aleksandar Vu\u010di\u0107 je najavio da \u0107e u narednom periodu u energetskom sektoru biti neophodno do 33 milijarde evra investicija.","robots":{"index":"index","follow":"follow","max-snippet":"max-snippet:-1","max-image-preview":"max-image-preview:large","max-video-preview":"max-video-preview:-1"},"canonical":"https:\/\/balkangreenenergynews.com\/rs\/vucic-moracemo-da-ulozimo-do-33-milijarde-evra-u-energetsku-infrastrukturu\/","og_locale":"sr_RS","og_type":"article","og_title":"Vu\u010di\u0107: Mora\u0107emo da ulo\u017eimo do 33 milijarde evra u energetsku infrastrukturu","og_description":"Predsednik Srbije Aleksandar Vu\u010di\u0107 je najavio da \u0107e u narednom periodu u energetskom sektoru biti neophodno do 33 milijarde evra investicija.","og_url":"https:\/\/balkangreenenergynews.com\/rs\/vucic-moracemo-da-ulozimo-do-33-milijarde-evra-u-energetsku-infrastrukturu\/","og_site_name":"Balkan Green Energy News","article_published_time":"2022-11-18T12:40:55+00:00","article_modified_time":"2022-11-18T18:09:20+00:00","og_image":[{"width":840,"height":430,"url":"https:\/\/balkangreenenergynews.com\/rs\/wp-content\/uploads\/2022\/11\/vucic-a-84.jpg","type":"image\/jpeg"}],"author":"Balkan Green Energy News","twitter_card":"summary_large_image","twitter_misc":{"\u041d\u0430\u043f\u0438\u0441\u0430\u043d\u043e \u043e\u0434":"Balkan Green Energy News","\u041f\u0440\u043e\u0446\u0435\u045a\u0435\u043d\u043e \u0432\u0440\u0435\u043c\u0435 \u0447\u0438\u0442\u0430\u045a\u0430":"2 \u043c\u0438\u043d\u0443\u0442\u0430"},"schema":{"@context":"https:\/\/schema.org","@graph":[{"@type":"Article","@id":"https:\/\/balkangreenenergynews.com\/rs\/vucic-moracemo-da-ulozimo-do-33-milijarde-evra-u-energetsku-infrastrukturu\/#article","isPartOf":{"@id":"https:\/\/balkangreenenergynews.com\/rs\/vucic-moracemo-da-ulozimo-do-33-milijarde-evra-u-energetsku-infrastrukturu\/"},"author":{"name":"Balkan Green Energy News","@id":"https:\/\/balkangreenenergynews.com\/rs\/#\/schema\/person\/dee275e6036b1a0f7ceaf956d79d4eff"},"headline":"Vu\u010di\u0107: Mora\u0107emo da ulo\u017eimo do 33 milijarde evra u energetsku infrastrukturu","datePublished":"2022-11-18T12:40:55+00:00","dateModified":"2022-11-18T18:09:20+00:00","mainEntityOfPage":{"@id":"https:\/\/balkangreenenergynews.com\/rs\/vucic-moracemo-da-ulozimo-do-33-milijarde-evra-u-energetsku-infrastrukturu\/"},"wordCount":293,"commentCount":0,"image":{"@id":"https:\/\/balkangreenenergynews.com\/rs\/vucic-moracemo-da-ulozimo-do-33-milijarde-evra-u-energetsku-infrastrukturu\/#primaryimage"},"thumbnailUrl":"https:\/\/balkangreenenergynews.com\/rs\/wp-content\/uploads\/2022\/11\/vucic-a-84.jpg?wsr","keywords":["Aleksandar Vu\u010di\u0107","elektri\u010dna energija","energetska infrastruktura","energetska kriza","energetska tranzicija","investicije","Izjava dana","Republika Srbija"],"articleSection":["Elektri\u010dna energija","Energetska kriza"],"inLanguage":"sr-RS","potentialAction":[{"@type":"CommentAction","name":"Comment","target":["https:\/\/balkangreenenergynews.com\/rs\/vucic-moracemo-da-ulozimo-do-33-milijarde-evra-u-energetsku-infrastrukturu\/#respond"]}]},{"@type":"WebPage","@id":"https:\/\/balkangreenenergynews.com\/rs\/vucic-moracemo-da-ulozimo-do-33-milijarde-evra-u-energetsku-infrastrukturu\/","url":"https:\/\/balkangreenenergynews.com\/rs\/vucic-moracemo-da-ulozimo-do-33-milijarde-evra-u-energetsku-infrastrukturu\/","name":"Vu\u010di\u0107: Mora\u0107emo da ulo\u017eimo do 33 milijarde evra u energetsku infrastrukturu","isPartOf":{"@id":"https:\/\/balkangreenenergynews.com\/rs\/#website"},"primaryImageOfPage":{"@id":"https:\/\/balkangreenenergynews.com\/rs\/vucic-moracemo-da-ulozimo-do-33-milijarde-evra-u-energetsku-infrastrukturu\/#primaryimage"},"image":{"@id":"https:\/\/balkangreenenergynews.com\/rs\/vucic-moracemo-da-ulozimo-do-33-milijarde-evra-u-energetsku-infrastrukturu\/#primaryimage"},"thumbnailUrl":"https:\/\/balkangreenenergynews.com\/rs\/wp-content\/uploads\/2022\/11\/vucic-a-84.jpg?wsr","datePublished":"2022-11-18T12:40:55+00:00","dateModified":"2022-11-18T18:09:20+00:00","author":{"@id":"https:\/\/balkangreenenergynews.com\/rs\/#\/schema\/person\/dee275e6036b1a0f7ceaf956d79d4eff"},"description":"Predsednik Srbije Aleksandar Vu\u010di\u0107 je najavio da \u0107e u narednom periodu u energetskom sektoru biti neophodno do 33 milijarde evra investicija.","breadcrumb":{"@id":"https:\/\/balkangreenenergynews.com\/rs\/vucic-moracemo-da-ulozimo-do-33-milijarde-evra-u-energetsku-infrastrukturu\/#breadcrumb"},"inLanguage":"sr-RS","potentialAction":[{"@type":"ReadAction","target":["https:\/\/balkangreenenergynews.com\/rs\/vucic-moracemo-da-ulozimo-do-33-milijarde-evra-u-energetsku-infrastrukturu\/"]}]},{"@type":"ImageObject","inLanguage":"sr-RS","@id":"https:\/\/balkangreenenergynews.com\/rs\/vucic-moracemo-da-ulozimo-do-33-milijarde-evra-u-energetsku-infrastrukturu\/#primaryimage","url":"https:\/\/balkangreenenergynews.com\/rs\/wp-content\/uploads\/2022\/11\/vucic-a-84.jpg?wsr","contentUrl":"https:\/\/balkangreenenergynews.com\/rs\/wp-content\/uploads\/2022\/11\/vucic-a-84.jpg?wsr","width":840,"height":430,"caption":"Vu\u010di\u0107: Mora\u0107emo da ulo\u017eimo do 33 milijarde evra u energetsku infrastrukturu"},{"@type":"BreadcrumbList","@id":"https:\/\/balkangreenenergynews.com\/rs\/vucic-moracemo-da-ulozimo-do-33-milijarde-evra-u-energetsku-infrastrukturu\/#breadcrumb","itemListElement":[{"@type":"ListItem","position":1,"name":"Po\u010detna","item":"https:\/\/balkangreenenergynews.com\/rs\/"},{"@type":"ListItem","position":2,"name":"Vesti","item":"https:\/\/balkangreenenergynews.com\/rs\/kategorija\/vesti\/"},{"@type":"ListItem","position":3,"name":"Elektri\u010dna energija","item":"https:\/\/balkangreenenergynews.com\/rs\/kategorija\/vesti\/elektricna-energija\/"},{"@type":"ListItem","position":4,"name":"Vu\u010di\u0107: Mora\u0107emo da ulo\u017eimo do 33 milijarde evra u energetsku infrastrukturu"}]},{"@type":"WebSite","@id":"https:\/\/balkangreenenergynews.com\/rs\/#website","url":"https:\/\/balkangreenenergynews.com\/rs\/","name":"Balkan Green Energy News","description":"Naj\u0161iri izbor vesti sa Balkana o zelenoj energiji","potentialAction":[{"@type":"SearchAction","target":{"@type":"EntryPoint","urlTemplate":"https:\/\/balkangreenenergynews.com\/rs\/?s={search_term_string}"},"query-input":{"@type":"PropertyValueSpecification","valueRequired":true,"valueName":"search_term_string"}}],"inLanguage":"sr-RS"},{"@type":"Person","@id":"https:\/\/balkangreenenergynews.com\/rs\/#\/schema\/person\/dee275e6036b1a0f7ceaf956d79d4eff","name":"Balkan Green Energy News","url":"https:\/\/balkangreenenergynews.com\/rs\/author\/balkangreenenergynews\/"}]}},"_links":{"self":[{"href":"https:\/\/balkangreenenergynews.com\/rs\/wp-json\/wp\/v2\/posts\/53564","targetHints":{"allow":["GET"]}}],"collection":[{"href":"https:\/\/balkangreenenergynews.com\/rs\/wp-json\/wp\/v2\/posts"}],"about":[{"href":"https:\/\/balkangreenenergynews.com\/rs\/wp-json\/wp\/v2\/types\/post"}],"author":[{"embeddable":true,"href":"https:\/\/balkangreenenergynews.com\/rs\/wp-json\/wp\/v2\/users\/25"}],"replies":[{"embeddable":true,"href":"https:\/\/balkangreenenergynews.com\/rs\/wp-json\/wp\/v2\/comments?post=53564"}],"version-history":[{"count":0,"href":"https:\/\/balkangreenenergynews.com\/rs\/wp-json\/wp\/v2\/posts\/53564\/revisions"}],"wp:featuredmedia":[{"embeddable":true,"href":"https:\/\/balkangreenenergynews.com\/rs\/wp-json\/wp\/v2\/media\/53596"}],"wp:attachment":[{"href":"https:\/\/balkangreenenergynews.com\/rs\/wp-json\/wp\/v2\/media?parent=53564"}],"wp:term":[{"taxonomy":"category","embeddable":true,"href":"https:\/\/balkangreenenergynews.com\/rs\/wp-json\/wp\/v2\/categories?post=53564"},{"taxonomy":"post_tag","embeddable":true,"href":"https:\/\/balkangreenenergynews.com\/rs\/wp-json\/wp\/v2\/tags?post=53564"}],"curies":[{"name":"wp","href":"https:\/\/api.w.org\/{rel}","templated":true}]}}