{"id":53431,"date":"2022-11-14T14:04:34","date_gmt":"2022-11-14T13:04:34","guid":{"rendered":"https:\/\/balkangreenenergynews.com\/rs\/?p=53431"},"modified":"2022-11-15T17:14:11","modified_gmt":"2022-11-15T16:14:11","slug":"direktor-volvoa-cene-elektricnih-i-konvencionalnih-automobila-izjednacice-se-2025","status":"publish","type":"post","link":"https:\/\/balkangreenenergynews.com\/rs\/direktor-volvoa-cene-elektricnih-i-konvencionalnih-automobila-izjednacice-se-2025\/","title":{"rendered":"Direktor Volvoa: Cene elektri\u010dnih i konvencionalnih automobila izjedna\u010di\u0107e se 2025."},"content":{"rendered":"<h2>D\u017eim Rouan (Jim Rowan), generalni direktor kompanije Volvo, uveren je da \u0107e se cene elektri\u010dnih automobila izjedna\u010diti sa cenama automobila na unutra\u0161nje sagorevanje, i to za nekoliko godina.<\/h2>\n<p>Izjava direktora D\u017eima Rouana o cenama koje se sada razlikuju u proseku za oko 30 odsto, dolazi u trenutku zanimljivih de\u0161avanja na tr\u017ei\u0161tu. Naime, zbog pandemije COVID-19, nesta\u0161ice \u010dipova i drasti\u010dnog rasta cena benzina i dizela pove\u0107ana je tra\u017enja za elektri\u010dnim automobilima, pa je i njihova cena oti\u0161la gore, pi\u0161e Automotive News, preneo je <a href=\"https:\/\/insideevs.com\/news\/621359\/volvo-ceo-evs-price-parity-gas-cars-2025\/\">INSIDEEVs<\/a>.<\/p>\n<p>Tako je u SAD, kako navodi <a href=\"https:\/\/www.nytimes.com\/2022\/11\/13\/business\/electric-vehicles-buyers-mainstream.html\">Njujork Tajms<\/a>, prodaja elektri\u010dnih automobila u prvih devet meseci ove godine pove\u0107ana 70 odsto, a konvencionalnih je smanjena 15 odsto. Rast cena u ovoj zemlji bio je oko sedam odsto.<\/p>\n<blockquote><p>Novi elektri\u010dni automobili se danas mogu kupiti ve\u0107 za 20.000 evra<\/p><\/blockquote>\n<p>Ina\u010de, novi elektri\u010dni automobili se danas mogu kupiti ve\u0107 za <a href=\"https:\/\/balkangreenenergynews.com\/rs\/rumuni-mogu-da-kupe-elektricni-auto-dacija-spring-za-samo-7-700-evra\/\">20.000 evra<\/a>, dok je izbor mnogo ve\u0107i ako neko mo\u017ee da izdvoji oko 30.000 evra. To su cene bez subvencija dr\u017eave, koje se u Evropi kre\u0107u od dve do 12 hiljada evra. Tako\u0111e, treba imati u vidu da je gorivo za elektri\u010dne automobile jeftinije od naftnih derivata, koje tro\u0161e konvencionalna vozila.<\/p>\n<p>Prognoza D\u017eima Rouana, direktora kompanije koja se opredelila da sve karte baci na elektri\u010dna vozila, delimi\u010dno se i razlikuje od dosada\u0161njih sli\u010dnih izjava.<\/p>\n<blockquote><p>Rouan: bi\u0107e potrebno manje baterija nego danas za pokretanje elektri\u010dnih auta<\/p><\/blockquote>\n<p>Oko 2025. bi paritet cena, kako je objasnio, trebalo da bude dostignut jer \u0107e tada biti razvijena tehnologija koja \u0107e pove\u0107ati domet, pa \u0107e biti potrebno manje baterija, rekao je Rouan.<\/p>\n<p>Ono u \u010demu se njegov stav razlikuje je da cena elektri\u010dnih auta ne\u0107e pasti zbog pojeftinjenja baterija, \u0161to je naj\u010de\u0161\u0107a argumentacija, jer je to najve\u0107i tro\u0161ak u njihovoj proizvodnji, ve\u0107 \u0107e razvoj tehnologije momogu\u0107iti da se koristi manje baterija.<\/p>\n<blockquote><p>Novi model Volvoa ko\u0161ta\u0107e 80.000 dolara<\/p><\/blockquote>\n<p>Tako\u0111e, on smatra da automobilske kompanije ne bi trebalo da se oslanjaju na dr\u017eavne subvencije, ve\u0107 da moraju da proizvedu vozila koja \u0107e potro\u0161a\u010di mo\u0107i da kupe.<\/p>\n<p>Rouan je to izgovorio prilikom predstavljanja novog modela kompanije &#8211; SUV-a sa sedam sedi\u0161ta EX90, koji c\u0301e zameniti postoje\u0107i model XC90. Cena modela XC90 je od oko 50.000 dolara, a EX90 ko\u0161tac\u0301e manje od 80.000 dolara.<\/p>\n<p>Direktor Volvoa je za 2023. najavio i model gradskog automobila. To bi, kako je rekao Rouan, trebalo da pomogne kompaniji da proda vi\u0161e automobila i da snizi cene.<\/p>\n<blockquote class=\"twitter-tweet\" data-width=\"500\" data-dnt=\"true\">\n<p lang=\"en\" dir=\"ltr\">Carmakers are reshaping their businesses to keep pace with the deep changes brought on by the electric era, with a growing number choosing to separate EV and legacy divisions.<\/p>\n<p>Volvo Cars CEO Jim Rowan discusses demand, EV, inflation and more <a href=\"https:\/\/t.co\/Soclu6PeFs\">https:\/\/t.co\/Soclu6PeFs<\/a> <a href=\"https:\/\/t.co\/qouizka86q\">pic.twitter.com\/qouizka86q<\/a><\/p>\n<p>&mdash; Bloomberg TV (@BloombergTV) <a href=\"https:\/\/twitter.com\/BloombergTV\/status\/1590414885292081152?ref_src=twsrc%5Etfw\">November 9, 2022<\/a><\/p><\/blockquote>\n<p><script async src=\"https:\/\/platform.twitter.com\/widgets.js\" charset=\"utf-8\"><\/script><\/p>\n","protected":false},"excerpt":{"rendered":"<p>Zbog pandemije COVID-19, nesta\u0161ice \u010dipova i drasti\u010dnog rasta cena benzina i dizela pove\u0107ana je tra\u017enja za elektri\u010dnim automobilima, pa je i njihova cena oti\u0161la gore<\/p>\n","protected":false},"author":23,"featured_media":53435,"comment_status":"open","ping_status":"open","sticky":false,"template":"","format":"standard","meta":{"_acf_changed":false,"_monsterinsights_skip_tracking":false,"_monsterinsights_sitenote_active":false,"_monsterinsights_sitenote_note":"","_monsterinsights_sitenote_category":0,"footnotes":""},"categories":[7],"tags":[4173,1337],"class_list":["post-53431","post","type-post","status-publish","format-standard","has-post-thumbnail","hentry","category-mobilnost","tag-elektricni-automobil","tag-elektricni-automobili","country-svet"],"acf":[],"yoast_head":"<!-- This site is optimized with the Yoast SEO plugin v27.4 - https:\/\/yoast.com\/product\/yoast-seo-wordpress\/ -->\n<title>Direktor Volvoa: Cene elektri\u010dnih i konvencionalnih automobila izjedna\u010di\u0107e se 2025.<\/title>\n<meta name=\"description\" content=\"Zbog pandemije COVID-19, nesta\u0161ice \u010dipova i drasti\u010dnog rasta cena benzina i dizela pove\u0107ana je tra\u017enja za elektri\u010dnim automobilima, pa je i njihova cena oti\u0161la gore\" \/>\n<meta name=\"robots\" content=\"index, follow, max-snippet:-1, max-image-preview:large, max-video-preview:-1\" \/>\n<link rel=\"canonical\" href=\"https:\/\/balkangreenenergynews.com\/rs\/direktor-volvoa-cene-elektricnih-i-konvencionalnih-automobila-izjednacice-se-2025\/\" \/>\n<meta property=\"og:locale\" content=\"sr_RS\" \/>\n<meta property=\"og:type\" content=\"article\" \/>\n<meta property=\"og:title\" content=\"Direktor Volvoa: Cene elektri\u010dnih i konvencionalnih automobila izjedna\u010di\u0107e se 2025.\" \/>\n<meta property=\"og:description\" content=\"Zbog pandemije COVID-19, nesta\u0161ice \u010dipova i drasti\u010dnog rasta cena benzina i dizela pove\u0107ana je tra\u017enja za elektri\u010dnim automobilima, pa je i njihova cena oti\u0161la gore\" \/>\n<meta property=\"og:url\" content=\"https:\/\/balkangreenenergynews.com\/rs\/direktor-volvoa-cene-elektricnih-i-konvencionalnih-automobila-izjednacice-se-2025\/\" \/>\n<meta property=\"og:site_name\" content=\"Balkan Green Energy News\" \/>\n<meta property=\"article:published_time\" content=\"2022-11-14T13:04:34+00:00\" \/>\n<meta property=\"article:modified_time\" content=\"2022-11-15T16:14:11+00:00\" \/>\n<meta property=\"og:image\" content=\"https:\/\/balkangreenenergynews.com\/rs\/wp-content\/uploads\/2022\/11\/volvo-EX90-jim-rowan-electric-cars-prices-ice.jpg\" \/>\n\t<meta property=\"og:image:width\" content=\"840\" \/>\n\t<meta property=\"og:image:height\" content=\"430\" \/>\n\t<meta property=\"og:image:type\" content=\"image\/jpeg\" \/>\n<meta name=\"author\" content=\"Vladimir Spasi\u0107\" \/>\n<meta name=\"twitter:card\" content=\"summary_large_image\" \/>\n<meta name=\"twitter:label1\" content=\"\u041d\u0430\u043f\u0438\u0441\u0430\u043d\u043e \u043e\u0434\" \/>\n\t<meta name=\"twitter:data1\" content=\"Vladimir Spasi\u0107\" \/>\n\t<meta name=\"twitter:label2\" content=\"\u041f\u0440\u043e\u0446\u0435\u045a\u0435\u043d\u043e \u0432\u0440\u0435\u043c\u0435 \u0447\u0438\u0442\u0430\u045a\u0430\" \/>\n\t<meta name=\"twitter:data2\" content=\"3 \u043c\u0438\u043d\u0443\u0442\u0430\" \/>\n<script type=\"application\/ld+json\" class=\"yoast-schema-graph\">{\"@context\":\"https:\\\/\\\/schema.org\",\"@graph\":[{\"@type\":\"Article\",\"@id\":\"https:\\\/\\\/balkangreenenergynews.com\\\/rs\\\/direktor-volvoa-cene-elektricnih-i-konvencionalnih-automobila-izjednacice-se-2025\\\/#article\",\"isPartOf\":{\"@id\":\"https:\\\/\\\/balkangreenenergynews.com\\\/rs\\\/direktor-volvoa-cene-elektricnih-i-konvencionalnih-automobila-izjednacice-se-2025\\\/\"},\"author\":{\"name\":\"Vladimir Spasi\u0107\",\"@id\":\"https:\\\/\\\/balkangreenenergynews.com\\\/rs\\\/#\\\/schema\\\/person\\\/99dc721c46113fea22caffad06ef7317\"},\"headline\":\"Direktor Volvoa: Cene elektri\u010dnih i konvencionalnih automobila izjedna\u010di\u0107e se 2025.\",\"datePublished\":\"2022-11-14T13:04:34+00:00\",\"dateModified\":\"2022-11-15T16:14:11+00:00\",\"mainEntityOfPage\":{\"@id\":\"https:\\\/\\\/balkangreenenergynews.com\\\/rs\\\/direktor-volvoa-cene-elektricnih-i-konvencionalnih-automobila-izjednacice-se-2025\\\/\"},\"wordCount\":452,\"commentCount\":0,\"image\":{\"@id\":\"https:\\\/\\\/balkangreenenergynews.com\\\/rs\\\/direktor-volvoa-cene-elektricnih-i-konvencionalnih-automobila-izjednacice-se-2025\\\/#primaryimage\"},\"thumbnailUrl\":\"https:\\\/\\\/balkangreenenergynews.com\\\/rs\\\/wp-content\\\/uploads\\\/2022\\\/11\\\/volvo-EX90-jim-rowan-electric-cars-prices-ice.jpg?wsr\",\"keywords\":[\"elektri\u010dni automobil\",\"elektri\u010dni automobili\"],\"articleSection\":[\"Mobilnost\"],\"inLanguage\":\"sr-RS\",\"potentialAction\":[{\"@type\":\"CommentAction\",\"name\":\"Comment\",\"target\":[\"https:\\\/\\\/balkangreenenergynews.com\\\/rs\\\/direktor-volvoa-cene-elektricnih-i-konvencionalnih-automobila-izjednacice-se-2025\\\/#respond\"]}]},{\"@type\":\"WebPage\",\"@id\":\"https:\\\/\\\/balkangreenenergynews.com\\\/rs\\\/direktor-volvoa-cene-elektricnih-i-konvencionalnih-automobila-izjednacice-se-2025\\\/\",\"url\":\"https:\\\/\\\/balkangreenenergynews.com\\\/rs\\\/direktor-volvoa-cene-elektricnih-i-konvencionalnih-automobila-izjednacice-se-2025\\\/\",\"name\":\"Direktor Volvoa: Cene elektri\u010dnih i konvencionalnih automobila izjedna\u010di\u0107e se 2025.\",\"isPartOf\":{\"@id\":\"https:\\\/\\\/balkangreenenergynews.com\\\/rs\\\/#website\"},\"primaryImageOfPage\":{\"@id\":\"https:\\\/\\\/balkangreenenergynews.com\\\/rs\\\/direktor-volvoa-cene-elektricnih-i-konvencionalnih-automobila-izjednacice-se-2025\\\/#primaryimage\"},\"image\":{\"@id\":\"https:\\\/\\\/balkangreenenergynews.com\\\/rs\\\/direktor-volvoa-cene-elektricnih-i-konvencionalnih-automobila-izjednacice-se-2025\\\/#primaryimage\"},\"thumbnailUrl\":\"https:\\\/\\\/balkangreenenergynews.com\\\/rs\\\/wp-content\\\/uploads\\\/2022\\\/11\\\/volvo-EX90-jim-rowan-electric-cars-prices-ice.jpg?wsr\",\"datePublished\":\"2022-11-14T13:04:34+00:00\",\"dateModified\":\"2022-11-15T16:14:11+00:00\",\"author\":{\"@id\":\"https:\\\/\\\/balkangreenenergynews.com\\\/rs\\\/#\\\/schema\\\/person\\\/99dc721c46113fea22caffad06ef7317\"},\"description\":\"Zbog pandemije COVID-19, nesta\u0161ice \u010dipova i drasti\u010dnog rasta cena benzina i dizela pove\u0107ana je tra\u017enja za elektri\u010dnim automobilima, pa je i njihova cena oti\u0161la gore\",\"breadcrumb\":{\"@id\":\"https:\\\/\\\/balkangreenenergynews.com\\\/rs\\\/direktor-volvoa-cene-elektricnih-i-konvencionalnih-automobila-izjednacice-se-2025\\\/#breadcrumb\"},\"inLanguage\":\"sr-RS\",\"potentialAction\":[{\"@type\":\"ReadAction\",\"target\":[\"https:\\\/\\\/balkangreenenergynews.com\\\/rs\\\/direktor-volvoa-cene-elektricnih-i-konvencionalnih-automobila-izjednacice-se-2025\\\/\"]}]},{\"@type\":\"ImageObject\",\"inLanguage\":\"sr-RS\",\"@id\":\"https:\\\/\\\/balkangreenenergynews.com\\\/rs\\\/direktor-volvoa-cene-elektricnih-i-konvencionalnih-automobila-izjednacice-se-2025\\\/#primaryimage\",\"url\":\"https:\\\/\\\/balkangreenenergynews.com\\\/rs\\\/wp-content\\\/uploads\\\/2022\\\/11\\\/volvo-EX90-jim-rowan-electric-cars-prices-ice.jpg?wsr\",\"contentUrl\":\"https:\\\/\\\/balkangreenenergynews.com\\\/rs\\\/wp-content\\\/uploads\\\/2022\\\/11\\\/volvo-EX90-jim-rowan-electric-cars-prices-ice.jpg?wsr\",\"width\":840,\"height\":430,\"caption\":\"volvo EX90 jim rowan electric cars prices ice\"},{\"@type\":\"BreadcrumbList\",\"@id\":\"https:\\\/\\\/balkangreenenergynews.com\\\/rs\\\/direktor-volvoa-cene-elektricnih-i-konvencionalnih-automobila-izjednacice-se-2025\\\/#breadcrumb\",\"itemListElement\":[{\"@type\":\"ListItem\",\"position\":1,\"name\":\"Po\u010detna\",\"item\":\"https:\\\/\\\/balkangreenenergynews.com\\\/rs\\\/\"},{\"@type\":\"ListItem\",\"position\":2,\"name\":\"Vesti\",\"item\":\"https:\\\/\\\/balkangreenenergynews.com\\\/rs\\\/kategorija\\\/vesti\\\/\"},{\"@type\":\"ListItem\",\"position\":3,\"name\":\"Mobilnost\",\"item\":\"https:\\\/\\\/balkangreenenergynews.com\\\/rs\\\/kategorija\\\/vesti\\\/mobilnost\\\/\"},{\"@type\":\"ListItem\",\"position\":4,\"name\":\"Direktor Volvoa: Cene elektri\u010dnih i konvencionalnih automobila izjedna\u010di\u0107e se 2025.\"}]},{\"@type\":\"WebSite\",\"@id\":\"https:\\\/\\\/balkangreenenergynews.com\\\/rs\\\/#website\",\"url\":\"https:\\\/\\\/balkangreenenergynews.com\\\/rs\\\/\",\"name\":\"Balkan Green Energy News\",\"description\":\"Naj\u0161iri izbor vesti sa Balkana o zelenoj energiji\",\"potentialAction\":[{\"@type\":\"SearchAction\",\"target\":{\"@type\":\"EntryPoint\",\"urlTemplate\":\"https:\\\/\\\/balkangreenenergynews.com\\\/rs\\\/?s={search_term_string}\"},\"query-input\":{\"@type\":\"PropertyValueSpecification\",\"valueRequired\":true,\"valueName\":\"search_term_string\"}}],\"inLanguage\":\"sr-RS\"},{\"@type\":\"Person\",\"@id\":\"https:\\\/\\\/balkangreenenergynews.com\\\/rs\\\/#\\\/schema\\\/person\\\/99dc721c46113fea22caffad06ef7317\",\"name\":\"Vladimir Spasi\u0107\",\"url\":\"https:\\\/\\\/balkangreenenergynews.com\\\/rs\\\/author\\\/vladimir-spasic\\\/\"}]}<\/script>\n<!-- \/ Yoast SEO plugin. -->","yoast_head_json":{"title":"Direktor Volvoa: Cene elektri\u010dnih i konvencionalnih automobila izjedna\u010di\u0107e se 2025.","description":"Zbog pandemije COVID-19, nesta\u0161ice \u010dipova i drasti\u010dnog rasta cena benzina i dizela pove\u0107ana je tra\u017enja za elektri\u010dnim automobilima, pa je i njihova cena oti\u0161la gore","robots":{"index":"index","follow":"follow","max-snippet":"max-snippet:-1","max-image-preview":"max-image-preview:large","max-video-preview":"max-video-preview:-1"},"canonical":"https:\/\/balkangreenenergynews.com\/rs\/direktor-volvoa-cene-elektricnih-i-konvencionalnih-automobila-izjednacice-se-2025\/","og_locale":"sr_RS","og_type":"article","og_title":"Direktor Volvoa: Cene elektri\u010dnih i konvencionalnih automobila izjedna\u010di\u0107e se 2025.","og_description":"Zbog pandemije COVID-19, nesta\u0161ice \u010dipova i drasti\u010dnog rasta cena benzina i dizela pove\u0107ana je tra\u017enja za elektri\u010dnim automobilima, pa je i njihova cena oti\u0161la gore","og_url":"https:\/\/balkangreenenergynews.com\/rs\/direktor-volvoa-cene-elektricnih-i-konvencionalnih-automobila-izjednacice-se-2025\/","og_site_name":"Balkan Green Energy News","article_published_time":"2022-11-14T13:04:34+00:00","article_modified_time":"2022-11-15T16:14:11+00:00","og_image":[{"width":840,"height":430,"url":"https:\/\/balkangreenenergynews.com\/rs\/wp-content\/uploads\/2022\/11\/volvo-EX90-jim-rowan-electric-cars-prices-ice.jpg","type":"image\/jpeg"}],"author":"Vladimir Spasi\u0107","twitter_card":"summary_large_image","twitter_misc":{"\u041d\u0430\u043f\u0438\u0441\u0430\u043d\u043e \u043e\u0434":"Vladimir Spasi\u0107","\u041f\u0440\u043e\u0446\u0435\u045a\u0435\u043d\u043e \u0432\u0440\u0435\u043c\u0435 \u0447\u0438\u0442\u0430\u045a\u0430":"3 \u043c\u0438\u043d\u0443\u0442\u0430"},"schema":{"@context":"https:\/\/schema.org","@graph":[{"@type":"Article","@id":"https:\/\/balkangreenenergynews.com\/rs\/direktor-volvoa-cene-elektricnih-i-konvencionalnih-automobila-izjednacice-se-2025\/#article","isPartOf":{"@id":"https:\/\/balkangreenenergynews.com\/rs\/direktor-volvoa-cene-elektricnih-i-konvencionalnih-automobila-izjednacice-se-2025\/"},"author":{"name":"Vladimir Spasi\u0107","@id":"https:\/\/balkangreenenergynews.com\/rs\/#\/schema\/person\/99dc721c46113fea22caffad06ef7317"},"headline":"Direktor Volvoa: Cene elektri\u010dnih i konvencionalnih automobila izjedna\u010di\u0107e se 2025.","datePublished":"2022-11-14T13:04:34+00:00","dateModified":"2022-11-15T16:14:11+00:00","mainEntityOfPage":{"@id":"https:\/\/balkangreenenergynews.com\/rs\/direktor-volvoa-cene-elektricnih-i-konvencionalnih-automobila-izjednacice-se-2025\/"},"wordCount":452,"commentCount":0,"image":{"@id":"https:\/\/balkangreenenergynews.com\/rs\/direktor-volvoa-cene-elektricnih-i-konvencionalnih-automobila-izjednacice-se-2025\/#primaryimage"},"thumbnailUrl":"https:\/\/balkangreenenergynews.com\/rs\/wp-content\/uploads\/2022\/11\/volvo-EX90-jim-rowan-electric-cars-prices-ice.jpg?wsr","keywords":["elektri\u010dni automobil","elektri\u010dni automobili"],"articleSection":["Mobilnost"],"inLanguage":"sr-RS","potentialAction":[{"@type":"CommentAction","name":"Comment","target":["https:\/\/balkangreenenergynews.com\/rs\/direktor-volvoa-cene-elektricnih-i-konvencionalnih-automobila-izjednacice-se-2025\/#respond"]}]},{"@type":"WebPage","@id":"https:\/\/balkangreenenergynews.com\/rs\/direktor-volvoa-cene-elektricnih-i-konvencionalnih-automobila-izjednacice-se-2025\/","url":"https:\/\/balkangreenenergynews.com\/rs\/direktor-volvoa-cene-elektricnih-i-konvencionalnih-automobila-izjednacice-se-2025\/","name":"Direktor Volvoa: Cene elektri\u010dnih i konvencionalnih automobila izjedna\u010di\u0107e se 2025.","isPartOf":{"@id":"https:\/\/balkangreenenergynews.com\/rs\/#website"},"primaryImageOfPage":{"@id":"https:\/\/balkangreenenergynews.com\/rs\/direktor-volvoa-cene-elektricnih-i-konvencionalnih-automobila-izjednacice-se-2025\/#primaryimage"},"image":{"@id":"https:\/\/balkangreenenergynews.com\/rs\/direktor-volvoa-cene-elektricnih-i-konvencionalnih-automobila-izjednacice-se-2025\/#primaryimage"},"thumbnailUrl":"https:\/\/balkangreenenergynews.com\/rs\/wp-content\/uploads\/2022\/11\/volvo-EX90-jim-rowan-electric-cars-prices-ice.jpg?wsr","datePublished":"2022-11-14T13:04:34+00:00","dateModified":"2022-11-15T16:14:11+00:00","author":{"@id":"https:\/\/balkangreenenergynews.com\/rs\/#\/schema\/person\/99dc721c46113fea22caffad06ef7317"},"description":"Zbog pandemije COVID-19, nesta\u0161ice \u010dipova i drasti\u010dnog rasta cena benzina i dizela pove\u0107ana je tra\u017enja za elektri\u010dnim automobilima, pa je i njihova cena oti\u0161la gore","breadcrumb":{"@id":"https:\/\/balkangreenenergynews.com\/rs\/direktor-volvoa-cene-elektricnih-i-konvencionalnih-automobila-izjednacice-se-2025\/#breadcrumb"},"inLanguage":"sr-RS","potentialAction":[{"@type":"ReadAction","target":["https:\/\/balkangreenenergynews.com\/rs\/direktor-volvoa-cene-elektricnih-i-konvencionalnih-automobila-izjednacice-se-2025\/"]}]},{"@type":"ImageObject","inLanguage":"sr-RS","@id":"https:\/\/balkangreenenergynews.com\/rs\/direktor-volvoa-cene-elektricnih-i-konvencionalnih-automobila-izjednacice-se-2025\/#primaryimage","url":"https:\/\/balkangreenenergynews.com\/rs\/wp-content\/uploads\/2022\/11\/volvo-EX90-jim-rowan-electric-cars-prices-ice.jpg?wsr","contentUrl":"https:\/\/balkangreenenergynews.com\/rs\/wp-content\/uploads\/2022\/11\/volvo-EX90-jim-rowan-electric-cars-prices-ice.jpg?wsr","width":840,"height":430,"caption":"volvo EX90 jim rowan electric cars prices ice"},{"@type":"BreadcrumbList","@id":"https:\/\/balkangreenenergynews.com\/rs\/direktor-volvoa-cene-elektricnih-i-konvencionalnih-automobila-izjednacice-se-2025\/#breadcrumb","itemListElement":[{"@type":"ListItem","position":1,"name":"Po\u010detna","item":"https:\/\/balkangreenenergynews.com\/rs\/"},{"@type":"ListItem","position":2,"name":"Vesti","item":"https:\/\/balkangreenenergynews.com\/rs\/kategorija\/vesti\/"},{"@type":"ListItem","position":3,"name":"Mobilnost","item":"https:\/\/balkangreenenergynews.com\/rs\/kategorija\/vesti\/mobilnost\/"},{"@type":"ListItem","position":4,"name":"Direktor Volvoa: Cene elektri\u010dnih i konvencionalnih automobila izjedna\u010di\u0107e se 2025."}]},{"@type":"WebSite","@id":"https:\/\/balkangreenenergynews.com\/rs\/#website","url":"https:\/\/balkangreenenergynews.com\/rs\/","name":"Balkan Green Energy News","description":"Naj\u0161iri izbor vesti sa Balkana o zelenoj energiji","potentialAction":[{"@type":"SearchAction","target":{"@type":"EntryPoint","urlTemplate":"https:\/\/balkangreenenergynews.com\/rs\/?s={search_term_string}"},"query-input":{"@type":"PropertyValueSpecification","valueRequired":true,"valueName":"search_term_string"}}],"inLanguage":"sr-RS"},{"@type":"Person","@id":"https:\/\/balkangreenenergynews.com\/rs\/#\/schema\/person\/99dc721c46113fea22caffad06ef7317","name":"Vladimir Spasi\u0107","url":"https:\/\/balkangreenenergynews.com\/rs\/author\/vladimir-spasic\/"}]}},"_links":{"self":[{"href":"https:\/\/balkangreenenergynews.com\/rs\/wp-json\/wp\/v2\/posts\/53431","targetHints":{"allow":["GET"]}}],"collection":[{"href":"https:\/\/balkangreenenergynews.com\/rs\/wp-json\/wp\/v2\/posts"}],"about":[{"href":"https:\/\/balkangreenenergynews.com\/rs\/wp-json\/wp\/v2\/types\/post"}],"author":[{"embeddable":true,"href":"https:\/\/balkangreenenergynews.com\/rs\/wp-json\/wp\/v2\/users\/23"}],"replies":[{"embeddable":true,"href":"https:\/\/balkangreenenergynews.com\/rs\/wp-json\/wp\/v2\/comments?post=53431"}],"version-history":[{"count":0,"href":"https:\/\/balkangreenenergynews.com\/rs\/wp-json\/wp\/v2\/posts\/53431\/revisions"}],"wp:featuredmedia":[{"embeddable":true,"href":"https:\/\/balkangreenenergynews.com\/rs\/wp-json\/wp\/v2\/media\/53435"}],"wp:attachment":[{"href":"https:\/\/balkangreenenergynews.com\/rs\/wp-json\/wp\/v2\/media?parent=53431"}],"wp:term":[{"taxonomy":"category","embeddable":true,"href":"https:\/\/balkangreenenergynews.com\/rs\/wp-json\/wp\/v2\/categories?post=53431"},{"taxonomy":"post_tag","embeddable":true,"href":"https:\/\/balkangreenenergynews.com\/rs\/wp-json\/wp\/v2\/tags?post=53431"}],"curies":[{"name":"wp","href":"https:\/\/api.w.org\/{rel}","templated":true}]}}