{"id":53260,"date":"2022-11-07T19:40:40","date_gmt":"2022-11-07T18:40:40","guid":{"rendered":"https:\/\/balkangreenenergynews.com\/rs\/?p=53260"},"modified":"2022-11-10T13:01:13","modified_gmt":"2022-11-10T12:01:13","slug":"berlinska-deklaracija-potvrdila-jacanje-regionalne-saradnje-u-energetici-na-zapadnom-balkanu","status":"publish","type":"post","link":"https:\/\/balkangreenenergynews.com\/rs\/berlinska-deklaracija-potvrdila-jacanje-regionalne-saradnje-u-energetici-na-zapadnom-balkanu\/","title":{"rendered":"Berlinska deklaracija potvrdila ja\u010danje regionalne saradnje u energetici na Zapadnom Balkanu"},"content":{"rendered":"<h2>Lideri Zapadnog Balkana su na samitu u Berlinu usvojili Deklaraciju o energetskoj bezbednosti i zelenoj tranziciji, kojom je nagla\u0161ena posvec\u0301enost zemalja regiona pobolj\u0161anju saradnje u procesu transformacije energetskih sektora i Evropskom zelenom dogovoru, saop\u0161tio je Sekretarijat Energetske zajednice.<\/h2>\n<p>\u0160est lidera regiona usvojili su zajedni\u010dku Deklaraciju o energetskoj bezbednosti i zelenoj tranziciji na Zapadnom Balkanu.<\/p>\n<p>Osam godina nakon prvog samita Berlinskog procesa za Zapadni Balkan, \u0161efovi vlada Albanije, Bosne i Hercegovine, Kosova*, Crne Gore, Severne Makedonije i Srbije, sastali su se po\u010detkom novembra u Berlinu sa visokim predstavnicima Evropske unije i dr\u017eava \u010dlanica, me\u0111unarodnih i regionalnih tela i organizacija.<\/p>\n<p>Sa samita je upu\u0107en poziv me\u0111unarodnim finansijskim institucijama i donatorima da racionalizuju finansijsku podr\u0161ku politikama, merama i akcijama koje su navedene u nacionalnim energetskim i klimatskim planovima, a koje treba da usvoji i odobri Sekretarijat Energetske zajednice do kraja 2023.<\/p>\n<p>Deklaracija o energetskoj bezbednosti i zelenoj tranziciji predvi\u0111a da c\u0301e posvec\u0301enost Evropskom zelenom dogovoru i pobolj\u0161ana regionalna saradnja biti dalje &#8222;konceptualizovana, podr\u017eana i prac\u0301ena&#8220; u okvirima Energetske zajednice i uskla\u0111ene sa Evropskim zelenim dogovorom.<\/p>\n<p>Samitu je prisustvovao direktor Energetske zajednice Artur Lorkovski, koji je naglasio da \u0107e se ova institucija ulo\u017eiti sve napore da podr\u017ei ugovorne strane Zapadnog Balkana u procesu uskla\u0111ivanja sa evropskim putem ka ekonomiji bez ugljenika do 2050.<\/p>\n<p>U tom kontekstu, prvi naredni korak bic\u0301e usvajanje <a href=\"https:\/\/balkangreenenergynews.com\/rs\/energetska-zajednica-u-decembru-usvaja-energetske-i-klimatske-ciljeve-za-2030\/\">energetskih i klimatskih ciljeva za 2030. godinu<\/a>, pakete za integraciju tr\u017ei\u0161ta elektri\u010dne energije i uredbe za prac\u0301enje, izve\u0161tavanje i verifikaciju emisija gasova staklene ba\u0161te na sastanku Ministarskog saveta Energetske zajednice u decembru 2022. godine.<\/p>\n<blockquote><p>Lideri Zapadnog Balkana su pozvali Energetsku zajednicu da osmisli i predlo\u017ei regionalno koordinisan pristup za postepeno ukidanje proizvodnje elektri\u010dne energije na ugalj<\/p><\/blockquote>\n<p>Lideri su pozvali Energetsku zajednicu da osmisli i predlo\u017ei regionalno koordinisan pristup postepenom ukidanju proizvodnje elektri\u010dne energije na ugalj, kao i mehanizme energetske bezbednosti i \u0161eme cena ugljenika, sa krajnjim ciljem da se pridru\u017ei evropskoj \u0161emi za trgovinu emisijama i izbegne primenu planiranog mehanizma za <a href=\"https:\/\/balkangreenenergynews.com\/rs\/evropski-parlament-odlozio-odluku-o-uvodjenju-prekogranicnog-poreza-na-co2-cbam\/\">prekograni\u010dni porez na ugljen-dioksid (CBAM)<\/a> Evropske unije.<\/p>\n<p>Kako bi se uhvatili u ko\u0161tac sa zaga\u0111enjem vazduha, lideri su se tako\u0111e obavezali da \u0107e se region uskladiti sa Direktivom o velikim postrojenjima za sagorevanje EU, koja postavlja <a href=\"https:\/\/balkangreenenergynews.com\/rs\/evropska-komisija-poostrava-standarde-za-kvalitet-vazduha-vode\/\">nova ograni\u010denja<\/a> za emisije sumpor-dioksida, azotnih oksida i pra\u0161ine.<\/p>\n<p>Tako\u0111e, u\u010desnici su pozvali op\u0161tine i regione balkanskih zemalja da se aktivno anga\u017euju u okviru inicijativa za regione \u010distog vazduha koje sprovodi Sekretarijat Energetske zajednice.<\/p>\n<h3>Energetska bezbednost i tranzicija, zelena agenda i klimatska politika<\/h3>\n<p>Lideri regiona su se obavezali da pro\u0161ire razvoj obnovljivih izvora energije i implementiraju i koriste regionalni sistem uspostavljen u Energetskoj zajednici, za izdavanje i trgovinu garancijama porekla. Slo\u017eili su se i da me\u0111usobno usklade krizne i hitne mere u kontekstu energetske krize, kao i da se usklade po tom pitanju i &#8222;u duhu solidarnosti&#8220; sa dr\u017eavama \u010dlanicama EU i uklone sve prepreke za funkcionisanje tr\u017ei\u0161ta.<\/p>\n<p>U\u010desnici samita su zaklju\u010dili da energetska kriza i prelazak na obnovljive izvore energije mo\u017ee biti ostvareno samo kroz dublju regionalnu saradnju. Slo\u017eili su se da Evropa treba da preispita energetsku bezbednosti i snabdevanje.<\/p>\n<p>Ovo je klju\u010dno ne samo da bi se obezbedila pristupa\u010dna i pouzdana energija, ali i za borbu protiv klimatskih promena i smanjenje zaga\u0111enja \u017eivotne sredine.<\/p>\n<h3>Bosna i Hercegovina jo\u0161 uvek nije potpisala deklaraciju<\/h3>\n<p>Bosna i Hercegovina nije odobrila ovu deklaraciju do usvajanja na samitu i pozvana je da to u\u010dini u kasnijoj fazi, naveo je Sekreterijat Energetske zajednice.<\/p>\n<p>Kako prenose <a href=\"https:\/\/www.nezavisne.com\/ekonomija\/privreda\/EU-odvaja-milijarde-za-energetsku-tranziciju\/743717\">Nezavisne<\/a>, BiH nije potpisala sporazum zbog tehni\u010dkih, ali ne i su\u0161tinskih razloga. U Savetu ministara BiH do trenutka potpisivanja u deklaracije u Berlinu, nije do\u0161lo do uskla\u0111enosti o svim merama koje su ovim dokumentom predvi\u0111ene.<\/p>\n<p>Kako bosanskohercegova\u010di list napominje, iz oba entiteta je do\u0161lo do nedoumica oko zatvaranja termocentrala i velikog broja zaposlenih koji radi u ovim postrojenjima, kao i u rudnicima.<\/p>\n<p>Zvani\u010dnici iz BiH o\u010dekuju razgovore s predstavnicima EU o mogu\u0107im modalitetima tranzicije i pomo\u0107i koju bi BiH trebala da dobije kako bi re\u0161ila ova pitanja, navodi gorepomenuti medij.<\/p>\n<p>Berlinski proces je uspostavljen 2014. godine kao platforma za dr\u017eave Zapadnog Balkana, Albaniju, Bosnu i Hercegovinu, Kosovo*, Crnu Goru, Severnu Makedoniju i Srbiju, za ubrzanje pribli\u017eavanja EU i produbljivanje regionalne integracije i saradnje kao klju\u010dnih za ekonomski razvoj, rast i mir na zapadnom Balkanu.\u00a0U\u010desnici su odlu\u010dili da se sledec\u0301i samit Berlinskog procesa 2023. odr\u017ei u Albaniji.<\/p>\n","protected":false},"excerpt":{"rendered":"<p>Lideri Zapadnog Balkana su na samitu u Berlinu usvojili Deklaraciju o energetskoj bezbednosti i zelenoj&#8230;<\/p>\n","protected":false},"author":30,"featured_media":53263,"comment_status":"open","ping_status":"open","sticky":false,"template":"","format":"standard","meta":{"_acf_changed":false,"_monsterinsights_skip_tracking":false,"_monsterinsights_sitenote_active":false,"_monsterinsights_sitenote_note":"","_monsterinsights_sitenote_category":0,"footnotes":""},"categories":[504,1],"tags":[3279,646,648,4920,779,1689,5546,767,6244,5496],"class_list":["post-53260","post","type-post","status-publish","format-standard","has-post-thumbnail","hentry","category-elektricna-energija","category-obnovljivi-izvori-energije","tag-dekarbonizacija","tag-energetska-efikasnost","tag-energetska-zajednica","tag-energetski-i-klimatski-ciljevi","tag-fosilna-goriva","tag-gasovi-sa-efektom-staklene-baste","tag-klimatska-neutralnost","tag-zapadni-balkan","tag-zelena-agenda","tag-zelena-agenda-za-zapadni-balkan","country-regioneu"],"acf":[],"yoast_head":"<!-- This site is optimized with the Yoast SEO plugin v27.4 - https:\/\/yoast.com\/product\/yoast-seo-wordpress\/ -->\n<title>Berlinska deklaracija potvrdila ja\u010danje regionalne saradnje u energetici na Zapadnom Balkanu<\/title>\n<meta name=\"description\" content=\"Lideri Zapadnog Balkana su usvojili Deklaraciju o energetskoj bezbednosti i zelenoj tranziciji, za pobolj\u0161anje saradnje u regionu.\" \/>\n<meta name=\"robots\" content=\"index, follow, max-snippet:-1, max-image-preview:large, max-video-preview:-1\" \/>\n<link rel=\"canonical\" href=\"https:\/\/balkangreenenergynews.com\/rs\/berlinska-deklaracija-potvrdila-jacanje-regionalne-saradnje-u-energetici-na-zapadnom-balkanu\/\" \/>\n<meta property=\"og:locale\" content=\"sr_RS\" \/>\n<meta property=\"og:type\" content=\"article\" \/>\n<meta property=\"og:title\" content=\"Berlinska deklaracija potvrdila ja\u010danje regionalne saradnje u energetici na Zapadnom Balkanu\" \/>\n<meta property=\"og:description\" content=\"Lideri Zapadnog Balkana su usvojili Deklaraciju o energetskoj bezbednosti i zelenoj tranziciji, za pobolj\u0161anje saradnje u regionu.\" \/>\n<meta property=\"og:url\" content=\"https:\/\/balkangreenenergynews.com\/rs\/berlinska-deklaracija-potvrdila-jacanje-regionalne-saradnje-u-energetici-na-zapadnom-balkanu\/\" \/>\n<meta property=\"og:site_name\" content=\"Balkan Green Energy News\" \/>\n<meta property=\"article:published_time\" content=\"2022-11-07T18:40:40+00:00\" \/>\n<meta property=\"article:modified_time\" content=\"2022-11-10T12:01:13+00:00\" \/>\n<meta property=\"og:image\" content=\"https:\/\/balkangreenenergynews.com\/rs\/wp-content\/uploads\/2022\/11\/Berlin-Summit-2022_family-photo-840-430.jpg\" \/>\n\t<meta property=\"og:image:width\" content=\"840\" \/>\n\t<meta property=\"og:image:height\" content=\"430\" \/>\n\t<meta property=\"og:image:type\" content=\"image\/jpeg\" \/>\n<meta name=\"author\" content=\"Mihajlo Vujasin\" \/>\n<meta name=\"twitter:card\" content=\"summary_large_image\" \/>\n<meta name=\"twitter:label1\" content=\"\u041d\u0430\u043f\u0438\u0441\u0430\u043d\u043e \u043e\u0434\" \/>\n\t<meta name=\"twitter:data1\" content=\"Mihajlo Vujasin\" \/>\n\t<meta name=\"twitter:label2\" content=\"\u041f\u0440\u043e\u0446\u0435\u045a\u0435\u043d\u043e \u0432\u0440\u0435\u043c\u0435 \u0447\u0438\u0442\u0430\u045a\u0430\" \/>\n\t<meta name=\"twitter:data2\" content=\"4 \u043c\u0438\u043d\u0443\u0442\u0430\" \/>\n<script type=\"application\/ld+json\" class=\"yoast-schema-graph\">{\"@context\":\"https:\\\/\\\/schema.org\",\"@graph\":[{\"@type\":\"Article\",\"@id\":\"https:\\\/\\\/balkangreenenergynews.com\\\/rs\\\/berlinska-deklaracija-potvrdila-jacanje-regionalne-saradnje-u-energetici-na-zapadnom-balkanu\\\/#article\",\"isPartOf\":{\"@id\":\"https:\\\/\\\/balkangreenenergynews.com\\\/rs\\\/berlinska-deklaracija-potvrdila-jacanje-regionalne-saradnje-u-energetici-na-zapadnom-balkanu\\\/\"},\"author\":{\"name\":\"Mihajlo Vujasin\",\"@id\":\"https:\\\/\\\/balkangreenenergynews.com\\\/rs\\\/#\\\/schema\\\/person\\\/6b3cd0445eb192f645c773282d0747ca\"},\"headline\":\"Berlinska deklaracija potvrdila ja\u010danje regionalne saradnje u energetici na Zapadnom Balkanu\",\"datePublished\":\"2022-11-07T18:40:40+00:00\",\"dateModified\":\"2022-11-10T12:01:13+00:00\",\"mainEntityOfPage\":{\"@id\":\"https:\\\/\\\/balkangreenenergynews.com\\\/rs\\\/berlinska-deklaracija-potvrdila-jacanje-regionalne-saradnje-u-energetici-na-zapadnom-balkanu\\\/\"},\"wordCount\":784,\"commentCount\":0,\"image\":{\"@id\":\"https:\\\/\\\/balkangreenenergynews.com\\\/rs\\\/berlinska-deklaracija-potvrdila-jacanje-regionalne-saradnje-u-energetici-na-zapadnom-balkanu\\\/#primaryimage\"},\"thumbnailUrl\":\"https:\\\/\\\/balkangreenenergynews.com\\\/rs\\\/wp-content\\\/uploads\\\/2022\\\/11\\\/Berlin-Summit-2022_family-photo-840-430.jpg?wsr\",\"keywords\":[\"dekarbonizacija\",\"energetska efikasnost\",\"Energetska zajednica\",\"energetski i klimatski ciljevi\",\"fosilna goriva\",\"gasovi sa efektom staklene ba\u0161te\",\"klimatska neutralnost\",\"Zapadni Balkan\",\"Zelena agenda\",\"Zelena agenda za Zapadni Balkan\"],\"articleSection\":[\"Elektri\u010dna energija\",\"OIE\"],\"inLanguage\":\"sr-RS\",\"potentialAction\":[{\"@type\":\"CommentAction\",\"name\":\"Comment\",\"target\":[\"https:\\\/\\\/balkangreenenergynews.com\\\/rs\\\/berlinska-deklaracija-potvrdila-jacanje-regionalne-saradnje-u-energetici-na-zapadnom-balkanu\\\/#respond\"]}]},{\"@type\":\"WebPage\",\"@id\":\"https:\\\/\\\/balkangreenenergynews.com\\\/rs\\\/berlinska-deklaracija-potvrdila-jacanje-regionalne-saradnje-u-energetici-na-zapadnom-balkanu\\\/\",\"url\":\"https:\\\/\\\/balkangreenenergynews.com\\\/rs\\\/berlinska-deklaracija-potvrdila-jacanje-regionalne-saradnje-u-energetici-na-zapadnom-balkanu\\\/\",\"name\":\"Berlinska deklaracija potvrdila ja\u010danje regionalne saradnje u energetici na Zapadnom Balkanu\",\"isPartOf\":{\"@id\":\"https:\\\/\\\/balkangreenenergynews.com\\\/rs\\\/#website\"},\"primaryImageOfPage\":{\"@id\":\"https:\\\/\\\/balkangreenenergynews.com\\\/rs\\\/berlinska-deklaracija-potvrdila-jacanje-regionalne-saradnje-u-energetici-na-zapadnom-balkanu\\\/#primaryimage\"},\"image\":{\"@id\":\"https:\\\/\\\/balkangreenenergynews.com\\\/rs\\\/berlinska-deklaracija-potvrdila-jacanje-regionalne-saradnje-u-energetici-na-zapadnom-balkanu\\\/#primaryimage\"},\"thumbnailUrl\":\"https:\\\/\\\/balkangreenenergynews.com\\\/rs\\\/wp-content\\\/uploads\\\/2022\\\/11\\\/Berlin-Summit-2022_family-photo-840-430.jpg?wsr\",\"datePublished\":\"2022-11-07T18:40:40+00:00\",\"dateModified\":\"2022-11-10T12:01:13+00:00\",\"author\":{\"@id\":\"https:\\\/\\\/balkangreenenergynews.com\\\/rs\\\/#\\\/schema\\\/person\\\/6b3cd0445eb192f645c773282d0747ca\"},\"description\":\"Lideri Zapadnog Balkana su usvojili Deklaraciju o energetskoj bezbednosti i zelenoj tranziciji, za pobolj\u0161anje saradnje u regionu.\",\"breadcrumb\":{\"@id\":\"https:\\\/\\\/balkangreenenergynews.com\\\/rs\\\/berlinska-deklaracija-potvrdila-jacanje-regionalne-saradnje-u-energetici-na-zapadnom-balkanu\\\/#breadcrumb\"},\"inLanguage\":\"sr-RS\",\"potentialAction\":[{\"@type\":\"ReadAction\",\"target\":[\"https:\\\/\\\/balkangreenenergynews.com\\\/rs\\\/berlinska-deklaracija-potvrdila-jacanje-regionalne-saradnje-u-energetici-na-zapadnom-balkanu\\\/\"]}]},{\"@type\":\"ImageObject\",\"inLanguage\":\"sr-RS\",\"@id\":\"https:\\\/\\\/balkangreenenergynews.com\\\/rs\\\/berlinska-deklaracija-potvrdila-jacanje-regionalne-saradnje-u-energetici-na-zapadnom-balkanu\\\/#primaryimage\",\"url\":\"https:\\\/\\\/balkangreenenergynews.com\\\/rs\\\/wp-content\\\/uploads\\\/2022\\\/11\\\/Berlin-Summit-2022_family-photo-840-430.jpg?wsr\",\"contentUrl\":\"https:\\\/\\\/balkangreenenergynews.com\\\/rs\\\/wp-content\\\/uploads\\\/2022\\\/11\\\/Berlin-Summit-2022_family-photo-840-430.jpg?wsr\",\"width\":840,\"height\":430,\"caption\":\"Berlinska deklaracija potvrdila ja\u010danje regionalne saradnje u energetici na Zapadnom Balkanu\"},{\"@type\":\"BreadcrumbList\",\"@id\":\"https:\\\/\\\/balkangreenenergynews.com\\\/rs\\\/berlinska-deklaracija-potvrdila-jacanje-regionalne-saradnje-u-energetici-na-zapadnom-balkanu\\\/#breadcrumb\",\"itemListElement\":[{\"@type\":\"ListItem\",\"position\":1,\"name\":\"Po\u010detna\",\"item\":\"https:\\\/\\\/balkangreenenergynews.com\\\/rs\\\/\"},{\"@type\":\"ListItem\",\"position\":2,\"name\":\"Vesti\",\"item\":\"https:\\\/\\\/balkangreenenergynews.com\\\/rs\\\/kategorija\\\/vesti\\\/\"},{\"@type\":\"ListItem\",\"position\":3,\"name\":\"OIE\",\"item\":\"https:\\\/\\\/balkangreenenergynews.com\\\/rs\\\/kategorija\\\/vesti\\\/obnovljivi-izvori-energije\\\/\"},{\"@type\":\"ListItem\",\"position\":4,\"name\":\"Berlinska deklaracija potvrdila ja\u010danje regionalne saradnje u energetici na Zapadnom Balkanu\"}]},{\"@type\":\"WebSite\",\"@id\":\"https:\\\/\\\/balkangreenenergynews.com\\\/rs\\\/#website\",\"url\":\"https:\\\/\\\/balkangreenenergynews.com\\\/rs\\\/\",\"name\":\"Balkan Green Energy News\",\"description\":\"Naj\u0161iri izbor vesti sa Balkana o zelenoj energiji\",\"potentialAction\":[{\"@type\":\"SearchAction\",\"target\":{\"@type\":\"EntryPoint\",\"urlTemplate\":\"https:\\\/\\\/balkangreenenergynews.com\\\/rs\\\/?s={search_term_string}\"},\"query-input\":{\"@type\":\"PropertyValueSpecification\",\"valueRequired\":true,\"valueName\":\"search_term_string\"}}],\"inLanguage\":\"sr-RS\"},{\"@type\":\"Person\",\"@id\":\"https:\\\/\\\/balkangreenenergynews.com\\\/rs\\\/#\\\/schema\\\/person\\\/6b3cd0445eb192f645c773282d0747ca\",\"name\":\"Mihajlo Vujasin\",\"url\":\"https:\\\/\\\/balkangreenenergynews.com\\\/rs\\\/author\\\/mihajlo-vujasin\\\/\"}]}<\/script>\n<!-- \/ Yoast SEO plugin. -->","yoast_head_json":{"title":"Berlinska deklaracija potvrdila ja\u010danje regionalne saradnje u energetici na Zapadnom Balkanu","description":"Lideri Zapadnog Balkana su usvojili Deklaraciju o energetskoj bezbednosti i zelenoj tranziciji, za pobolj\u0161anje saradnje u regionu.","robots":{"index":"index","follow":"follow","max-snippet":"max-snippet:-1","max-image-preview":"max-image-preview:large","max-video-preview":"max-video-preview:-1"},"canonical":"https:\/\/balkangreenenergynews.com\/rs\/berlinska-deklaracija-potvrdila-jacanje-regionalne-saradnje-u-energetici-na-zapadnom-balkanu\/","og_locale":"sr_RS","og_type":"article","og_title":"Berlinska deklaracija potvrdila ja\u010danje regionalne saradnje u energetici na Zapadnom Balkanu","og_description":"Lideri Zapadnog Balkana su usvojili Deklaraciju o energetskoj bezbednosti i zelenoj tranziciji, za pobolj\u0161anje saradnje u regionu.","og_url":"https:\/\/balkangreenenergynews.com\/rs\/berlinska-deklaracija-potvrdila-jacanje-regionalne-saradnje-u-energetici-na-zapadnom-balkanu\/","og_site_name":"Balkan Green Energy News","article_published_time":"2022-11-07T18:40:40+00:00","article_modified_time":"2022-11-10T12:01:13+00:00","og_image":[{"width":840,"height":430,"url":"https:\/\/balkangreenenergynews.com\/rs\/wp-content\/uploads\/2022\/11\/Berlin-Summit-2022_family-photo-840-430.jpg","type":"image\/jpeg"}],"author":"Mihajlo Vujasin","twitter_card":"summary_large_image","twitter_misc":{"\u041d\u0430\u043f\u0438\u0441\u0430\u043d\u043e \u043e\u0434":"Mihajlo Vujasin","\u041f\u0440\u043e\u0446\u0435\u045a\u0435\u043d\u043e \u0432\u0440\u0435\u043c\u0435 \u0447\u0438\u0442\u0430\u045a\u0430":"4 \u043c\u0438\u043d\u0443\u0442\u0430"},"schema":{"@context":"https:\/\/schema.org","@graph":[{"@type":"Article","@id":"https:\/\/balkangreenenergynews.com\/rs\/berlinska-deklaracija-potvrdila-jacanje-regionalne-saradnje-u-energetici-na-zapadnom-balkanu\/#article","isPartOf":{"@id":"https:\/\/balkangreenenergynews.com\/rs\/berlinska-deklaracija-potvrdila-jacanje-regionalne-saradnje-u-energetici-na-zapadnom-balkanu\/"},"author":{"name":"Mihajlo Vujasin","@id":"https:\/\/balkangreenenergynews.com\/rs\/#\/schema\/person\/6b3cd0445eb192f645c773282d0747ca"},"headline":"Berlinska deklaracija potvrdila ja\u010danje regionalne saradnje u energetici na Zapadnom Balkanu","datePublished":"2022-11-07T18:40:40+00:00","dateModified":"2022-11-10T12:01:13+00:00","mainEntityOfPage":{"@id":"https:\/\/balkangreenenergynews.com\/rs\/berlinska-deklaracija-potvrdila-jacanje-regionalne-saradnje-u-energetici-na-zapadnom-balkanu\/"},"wordCount":784,"commentCount":0,"image":{"@id":"https:\/\/balkangreenenergynews.com\/rs\/berlinska-deklaracija-potvrdila-jacanje-regionalne-saradnje-u-energetici-na-zapadnom-balkanu\/#primaryimage"},"thumbnailUrl":"https:\/\/balkangreenenergynews.com\/rs\/wp-content\/uploads\/2022\/11\/Berlin-Summit-2022_family-photo-840-430.jpg?wsr","keywords":["dekarbonizacija","energetska efikasnost","Energetska zajednica","energetski i klimatski ciljevi","fosilna goriva","gasovi sa efektom staklene ba\u0161te","klimatska neutralnost","Zapadni Balkan","Zelena agenda","Zelena agenda za Zapadni Balkan"],"articleSection":["Elektri\u010dna energija","OIE"],"inLanguage":"sr-RS","potentialAction":[{"@type":"CommentAction","name":"Comment","target":["https:\/\/balkangreenenergynews.com\/rs\/berlinska-deklaracija-potvrdila-jacanje-regionalne-saradnje-u-energetici-na-zapadnom-balkanu\/#respond"]}]},{"@type":"WebPage","@id":"https:\/\/balkangreenenergynews.com\/rs\/berlinska-deklaracija-potvrdila-jacanje-regionalne-saradnje-u-energetici-na-zapadnom-balkanu\/","url":"https:\/\/balkangreenenergynews.com\/rs\/berlinska-deklaracija-potvrdila-jacanje-regionalne-saradnje-u-energetici-na-zapadnom-balkanu\/","name":"Berlinska deklaracija potvrdila ja\u010danje regionalne saradnje u energetici na Zapadnom Balkanu","isPartOf":{"@id":"https:\/\/balkangreenenergynews.com\/rs\/#website"},"primaryImageOfPage":{"@id":"https:\/\/balkangreenenergynews.com\/rs\/berlinska-deklaracija-potvrdila-jacanje-regionalne-saradnje-u-energetici-na-zapadnom-balkanu\/#primaryimage"},"image":{"@id":"https:\/\/balkangreenenergynews.com\/rs\/berlinska-deklaracija-potvrdila-jacanje-regionalne-saradnje-u-energetici-na-zapadnom-balkanu\/#primaryimage"},"thumbnailUrl":"https:\/\/balkangreenenergynews.com\/rs\/wp-content\/uploads\/2022\/11\/Berlin-Summit-2022_family-photo-840-430.jpg?wsr","datePublished":"2022-11-07T18:40:40+00:00","dateModified":"2022-11-10T12:01:13+00:00","author":{"@id":"https:\/\/balkangreenenergynews.com\/rs\/#\/schema\/person\/6b3cd0445eb192f645c773282d0747ca"},"description":"Lideri Zapadnog Balkana su usvojili Deklaraciju o energetskoj bezbednosti i zelenoj tranziciji, za pobolj\u0161anje saradnje u regionu.","breadcrumb":{"@id":"https:\/\/balkangreenenergynews.com\/rs\/berlinska-deklaracija-potvrdila-jacanje-regionalne-saradnje-u-energetici-na-zapadnom-balkanu\/#breadcrumb"},"inLanguage":"sr-RS","potentialAction":[{"@type":"ReadAction","target":["https:\/\/balkangreenenergynews.com\/rs\/berlinska-deklaracija-potvrdila-jacanje-regionalne-saradnje-u-energetici-na-zapadnom-balkanu\/"]}]},{"@type":"ImageObject","inLanguage":"sr-RS","@id":"https:\/\/balkangreenenergynews.com\/rs\/berlinska-deklaracija-potvrdila-jacanje-regionalne-saradnje-u-energetici-na-zapadnom-balkanu\/#primaryimage","url":"https:\/\/balkangreenenergynews.com\/rs\/wp-content\/uploads\/2022\/11\/Berlin-Summit-2022_family-photo-840-430.jpg?wsr","contentUrl":"https:\/\/balkangreenenergynews.com\/rs\/wp-content\/uploads\/2022\/11\/Berlin-Summit-2022_family-photo-840-430.jpg?wsr","width":840,"height":430,"caption":"Berlinska deklaracija potvrdila ja\u010danje regionalne saradnje u energetici na Zapadnom Balkanu"},{"@type":"BreadcrumbList","@id":"https:\/\/balkangreenenergynews.com\/rs\/berlinska-deklaracija-potvrdila-jacanje-regionalne-saradnje-u-energetici-na-zapadnom-balkanu\/#breadcrumb","itemListElement":[{"@type":"ListItem","position":1,"name":"Po\u010detna","item":"https:\/\/balkangreenenergynews.com\/rs\/"},{"@type":"ListItem","position":2,"name":"Vesti","item":"https:\/\/balkangreenenergynews.com\/rs\/kategorija\/vesti\/"},{"@type":"ListItem","position":3,"name":"OIE","item":"https:\/\/balkangreenenergynews.com\/rs\/kategorija\/vesti\/obnovljivi-izvori-energije\/"},{"@type":"ListItem","position":4,"name":"Berlinska deklaracija potvrdila ja\u010danje regionalne saradnje u energetici na Zapadnom Balkanu"}]},{"@type":"WebSite","@id":"https:\/\/balkangreenenergynews.com\/rs\/#website","url":"https:\/\/balkangreenenergynews.com\/rs\/","name":"Balkan Green Energy News","description":"Naj\u0161iri izbor vesti sa Balkana o zelenoj energiji","potentialAction":[{"@type":"SearchAction","target":{"@type":"EntryPoint","urlTemplate":"https:\/\/balkangreenenergynews.com\/rs\/?s={search_term_string}"},"query-input":{"@type":"PropertyValueSpecification","valueRequired":true,"valueName":"search_term_string"}}],"inLanguage":"sr-RS"},{"@type":"Person","@id":"https:\/\/balkangreenenergynews.com\/rs\/#\/schema\/person\/6b3cd0445eb192f645c773282d0747ca","name":"Mihajlo Vujasin","url":"https:\/\/balkangreenenergynews.com\/rs\/author\/mihajlo-vujasin\/"}]}},"_links":{"self":[{"href":"https:\/\/balkangreenenergynews.com\/rs\/wp-json\/wp\/v2\/posts\/53260","targetHints":{"allow":["GET"]}}],"collection":[{"href":"https:\/\/balkangreenenergynews.com\/rs\/wp-json\/wp\/v2\/posts"}],"about":[{"href":"https:\/\/balkangreenenergynews.com\/rs\/wp-json\/wp\/v2\/types\/post"}],"author":[{"embeddable":true,"href":"https:\/\/balkangreenenergynews.com\/rs\/wp-json\/wp\/v2\/users\/30"}],"replies":[{"embeddable":true,"href":"https:\/\/balkangreenenergynews.com\/rs\/wp-json\/wp\/v2\/comments?post=53260"}],"version-history":[{"count":0,"href":"https:\/\/balkangreenenergynews.com\/rs\/wp-json\/wp\/v2\/posts\/53260\/revisions"}],"wp:featuredmedia":[{"embeddable":true,"href":"https:\/\/balkangreenenergynews.com\/rs\/wp-json\/wp\/v2\/media\/53263"}],"wp:attachment":[{"href":"https:\/\/balkangreenenergynews.com\/rs\/wp-json\/wp\/v2\/media?parent=53260"}],"wp:term":[{"taxonomy":"category","embeddable":true,"href":"https:\/\/balkangreenenergynews.com\/rs\/wp-json\/wp\/v2\/categories?post=53260"},{"taxonomy":"post_tag","embeddable":true,"href":"https:\/\/balkangreenenergynews.com\/rs\/wp-json\/wp\/v2\/tags?post=53260"}],"curies":[{"name":"wp","href":"https:\/\/api.w.org\/{rel}","templated":true}]}}