{"id":52942,"date":"2022-10-27T13:44:12","date_gmt":"2022-10-27T11:44:12","guid":{"rendered":"https:\/\/balkangreenenergynews.com\/rs\/?p=52942"},"modified":"2022-10-27T13:49:38","modified_gmt":"2022-10-27T11:49:38","slug":"sve-vise-evropljana-se-odlucuje-da-licnim-primerom-doprinese-smanjenju-zagadjenja-vazduha","status":"publish","type":"post","link":"https:\/\/balkangreenenergynews.com\/rs\/sve-vise-evropljana-se-odlucuje-da-licnim-primerom-doprinese-smanjenju-zagadjenja-vazduha\/","title":{"rendered":"Sve vi\u0161e Evropljana se odlu\u010duje da li\u010dnim primerom doprinese smanjenju zaga\u0111enja vazduha"},"content":{"rendered":"<h2>Skoro osam od deset Evropljana (78 odsto) je sprovelo najmanje jednu aktivnost za smanjenje \u0161tetnih emisija u vazduh, \u0161to je povec\u0301anje od osam procentnih poena u odnosu na 2019. godinu, pokazali su rezultati najnovije Eurobarometar ankete o stavovima Evropljana o kvalitetu vazduha.<\/h2>\n<p>Eurobarometar istra\u017eivanje o kvalitetu vazduha sprovedeno je u 27 zemalja EU u martu i aprilu 2022. godine i predstavlja a\u017euriranje ankete iz 2019.<\/p>\n<p>Rezultati pokazuju, kako je navela Evropska komisija, da je kvalitet vazduha i dalje ozbiljan problem za gra\u0111ane Evrope.<\/p>\n<blockquote><p>Vec\u0301ina Evropljana smatra da nije informisana o pitanjima kvaliteta vazduha<\/p><\/blockquote>\n<p>Vec\u0301ina Evropljana je odgovorila da i dalje nije informisana o pitanjima kvaliteta vazduha u svojim zemljama (60 odsto), \u0161to je povec\u0301anje od \u0161est procentnih poena u odnosu na 2019. Povec\u0301anje je zabele\u017eeno u 23 od 27 dr\u017eava \u010dlanica, navodi se u rezultatima istra\u017eivanja.<\/p>\n<p>Samo malo manje od tre\u0107ine (27 odsto) gra\u0111ana EU \u010dulo je za standarde kvaliteta vazduha EU, ali velika vec\u0301ina ispitanika koji su \u010duli za njih ka\u017ee da ih treba poo\u0161triti (67 odsto).<\/p>\n<p>Kada je re\u010d o potezima gra\u0111ana, 78 odsto ispitanika je reklo da je sprovelo najmanje jednu akciju za smanjenje zaga\u0111enja vazduha, \u0161to je pove\u0107anje od osam procentnih poena u odnosu na 2019, anvodi se u <a href=\"https:\/\/europa.eu\/eurobarometer\/surveys\/detail\/2660\">rezultatima istra\u017eivanja<\/a>.<\/p>\n<p>Kori\u0161\u0107enje javnog prevoza, vo\u017enja bicikla i pe\u0161a\u010denje umesto vo\u017enje automobila bio je potez koji je navelo 41 odsto anketiranih, i to je rast od \u0161est procentnih poena. Zamena energetski intenzivne opreme i ure\u0111aja sa onima koji su energetski efikasniji je kao odgovor navelo 40 odsto ispitanika, i to je pad od jednog procentnog poena.<\/p>\n<p><img loading=\"lazy\" decoding=\"async\" class=\"size-full wp-image-52943 aligncenter\" src=\"https:\/\/balkangreenenergynews.com\/rs\/wp-content\/uploads\/2022\/10\/zagadjenje-vazduha-evropa-anketa-zemlje.jpg\" alt=\"zagadjenje vazduha evropa anketa zemlje\" width=\"1174\" height=\"560\" srcset=\"https:\/\/balkangreenenergynews.com\/rs\/wp-content\/uploads\/2022\/10\/zagadjenje-vazduha-evropa-anketa-zemlje.jpg 1174w, https:\/\/balkangreenenergynews.com\/rs\/wp-content\/uploads\/2022\/10\/zagadjenje-vazduha-evropa-anketa-zemlje-500x239.jpg 500w, https:\/\/balkangreenenergynews.com\/rs\/wp-content\/uploads\/2022\/10\/zagadjenje-vazduha-evropa-anketa-zemlje-840x401.jpg 840w, https:\/\/balkangreenenergynews.com\/rs\/wp-content\/uploads\/2022\/10\/zagadjenje-vazduha-evropa-anketa-zemlje-768x366.jpg 768w, https:\/\/balkangreenenergynews.com\/rs\/wp-content\/uploads\/2022\/10\/zagadjenje-vazduha-evropa-anketa-zemlje-300x143.jpg 300w\" sizes=\"auto, (max-width: 1174px) 100vw, 1174px\" \/><\/p>\n<p>Javni prevoz, bicikl i hodanje su najzastupljeniji u \u0160vedskoj, Holandiji, Estoniji, Luksemburgu i Finskoj, a zamena ure\u0111aja na Malti, u Austriji Sloveniji i Slova\u010dkoj.<\/p>\n<blockquote><p>Bolje informisani Evropljani c\u0301e najverovatnije preduzeti neku akciju<\/p><\/blockquote>\n<p>Vi\u0161e od jednog od pet (22 odsto) ka\u017ee da su bolje izolovali svoju kuc\u0301u i u\u010dinili je energetski efikasnijom, a 16 odsto da su promenili sistem grejanja svog doma tako \u0161to koriste opremu koja ima manje emisije.<\/p>\n<p>Kupovina elektri\u010dnog vozila je bila potez deset odsto ispitanika.<\/p>\n<p>Da je sve vi\u0161e gra\u0111ana koji smatraju da mogu da urade ne\u0161to kako bi se smanjilo zaga\u0111enje vazduha pokazuje i podatak da je 21 odsto anketiranih reklo da nije preduzelo nijednu od ovih aktivnosti, \u0161to je smanjenje od sedam procentnih poena u odnosu na 2019.<\/p>\n<p>Jedan od zaklju\u010daka autora istra\u017eivanja je da ve\u0107a informisanost gra\u0111ana o kvalitetu vazduha zna\u010di i ve\u0107u verovatnoc\u0301a da \u0107e oni preduzeli mere za re\u0161avanje ovog problema.<\/p>\n<h3>Evropljani su zabrinuti zbog ekolo\u0161kih problema koje zaga\u0111enje vazduha izaziva u vodama<\/h3>\n<p>Vec\u0301ina Evropljana smatra da su zdravstveni problemi, koje izaziva zaga\u0111enje vaduha, kao \u0161to su respiratorne bolesti (89 odsto), astma (88 odsto) i kardiovaskularne bolesti (83 odsto) ozbiljni problemi u njihovim zemljama.<\/p>\n<p>Ispitanici su, tako\u0111e, zabrinuti zbog ekolo\u0161kih problema koje zaga\u0111enje vazduha izaziva na vodenim povr\u0161inama, na primjer zakiseljavanje i eutrofikacija (83 odsto). Zakiseljavanje, kada voda postaje kiselija, i eutrofikacija (prekomerna koli\u010dina hranljivih materija u vodi dovodi do prekomernog rasta algi, koje gu\u0161e druge organizme) su, prema rezultatima istra\u017eivanja, me\u0111u glavnim posledicama pogor\u0161anja kvaliteta voda.<\/p>\n<blockquote><p>Najefikasnija mera za re\u0161avanje problema zaga\u0111enja vazduha je stro\u017ea kontrola zaga\u0111enja<\/p><\/blockquote>\n<p>Evropljani smatraju da velike industrijske instalacije (73 odsto), proizvo\u0111a\u010di energije na bazi fosilnih goriva (66 odsto) i javne vlasti (60%) ne \u010dine dovoljno da spre\u010de i smanje zaga\u0111enje vazduha, a kao najefikasniju mera za re\u0161avanje problema vide stro\u017eu kontrolu zaga\u0111enja iz industrije i proizvodnje energije.<\/p>\n<p>Akciju na me\u0111unarodnom nivou je najbolji na\u010din delovanja za 65 odsto anketiranih gra\u0111ana Evrope, u odnosu na evropski i nacionalni nivo (42 odsto) ili regionalni i lokalni nivo (32 odsto), pokazali su rezultati istra\u017eivanja.<\/p>\n","protected":false},"excerpt":{"rendered":"<p>Raste broj stanovnika Evrope spremnih da urade ne\u0161to konkretno da se pobolj\u0161a kvalitet vazduha, pokazala je Eurobarometar anketa<\/p>\n","protected":false},"author":23,"featured_media":52940,"comment_status":"open","ping_status":"open","sticky":false,"template":"","format":"standard","meta":{"_acf_changed":false,"_monsterinsights_skip_tracking":false,"_monsterinsights_sitenote_active":false,"_monsterinsights_sitenote_note":"","_monsterinsights_sitenote_category":0,"footnotes":""},"categories":[4],"tags":[4911,2335,1231,6109],"class_list":["post-52942","post","type-post","status-publish","format-standard","has-post-thumbnail","hentry","category-zivotna-sredina","tag-bicikli","tag-emisije","tag-kvalitet-vazduha","tag-zagadenje-vazuha","country-regioneu"],"acf":[],"yoast_head":"<!-- This site is optimized with the Yoast SEO plugin v27.4 - https:\/\/yoast.com\/product\/yoast-seo-wordpress\/ -->\n<title>Sve vi\u0161e Evropljana se odlu\u010duje da li\u010dnim primerom doprinese smanjenju zaga\u0111enja vazduha<\/title>\n<meta name=\"description\" content=\"Raste broj stanovnika Evrope spremnih da urade ne\u0161to konkretno da se pobolj\u0161a kvalitet vazduha, pokazala je Eurobarometar anketa\" \/>\n<meta name=\"robots\" content=\"index, follow, max-snippet:-1, max-image-preview:large, max-video-preview:-1\" \/>\n<link rel=\"canonical\" href=\"https:\/\/balkangreenenergynews.com\/rs\/sve-vise-evropljana-se-odlucuje-da-licnim-primerom-doprinese-smanjenju-zagadjenja-vazduha\/\" \/>\n<meta property=\"og:locale\" content=\"sr_RS\" \/>\n<meta property=\"og:type\" content=\"article\" \/>\n<meta property=\"og:title\" content=\"Sve vi\u0161e Evropljana se odlu\u010duje da li\u010dnim primerom doprinese smanjenju zaga\u0111enja vazduha\" \/>\n<meta property=\"og:description\" content=\"Raste broj stanovnika Evrope spremnih da urade ne\u0161to konkretno da se pobolj\u0161a kvalitet vazduha, pokazala je Eurobarometar anketa\" \/>\n<meta property=\"og:url\" content=\"https:\/\/balkangreenenergynews.com\/rs\/sve-vise-evropljana-se-odlucuje-da-licnim-primerom-doprinese-smanjenju-zagadjenja-vazduha\/\" \/>\n<meta property=\"og:site_name\" content=\"Balkan Green Energy News\" \/>\n<meta property=\"article:published_time\" content=\"2022-10-27T11:44:12+00:00\" \/>\n<meta property=\"article:modified_time\" content=\"2022-10-27T11:49:38+00:00\" \/>\n<meta property=\"og:image\" content=\"https:\/\/balkangreenenergynews.com\/rs\/wp-content\/uploads\/2022\/10\/zagadjenje-vazduha-evropa-anketa-bicikl.jpg\" \/>\n\t<meta property=\"og:image:width\" content=\"840\" \/>\n\t<meta property=\"og:image:height\" content=\"430\" \/>\n\t<meta property=\"og:image:type\" content=\"image\/jpeg\" \/>\n<meta name=\"author\" content=\"Vladimir Spasi\u0107\" \/>\n<meta name=\"twitter:card\" content=\"summary_large_image\" \/>\n<meta name=\"twitter:label1\" content=\"\u041d\u0430\u043f\u0438\u0441\u0430\u043d\u043e \u043e\u0434\" \/>\n\t<meta name=\"twitter:data1\" content=\"Vladimir Spasi\u0107\" \/>\n\t<meta name=\"twitter:label2\" content=\"\u041f\u0440\u043e\u0446\u0435\u045a\u0435\u043d\u043e \u0432\u0440\u0435\u043c\u0435 \u0447\u0438\u0442\u0430\u045a\u0430\" \/>\n\t<meta name=\"twitter:data2\" content=\"4 \u043c\u0438\u043d\u0443\u0442\u0430\" \/>\n<script type=\"application\/ld+json\" class=\"yoast-schema-graph\">{\"@context\":\"https:\\\/\\\/schema.org\",\"@graph\":[{\"@type\":\"Article\",\"@id\":\"https:\\\/\\\/balkangreenenergynews.com\\\/rs\\\/sve-vise-evropljana-se-odlucuje-da-licnim-primerom-doprinese-smanjenju-zagadjenja-vazduha\\\/#article\",\"isPartOf\":{\"@id\":\"https:\\\/\\\/balkangreenenergynews.com\\\/rs\\\/sve-vise-evropljana-se-odlucuje-da-licnim-primerom-doprinese-smanjenju-zagadjenja-vazduha\\\/\"},\"author\":{\"name\":\"Vladimir Spasi\u0107\",\"@id\":\"https:\\\/\\\/balkangreenenergynews.com\\\/rs\\\/#\\\/schema\\\/person\\\/99dc721c46113fea22caffad06ef7317\"},\"headline\":\"Sve vi\u0161e Evropljana se odlu\u010duje da li\u010dnim primerom doprinese smanjenju zaga\u0111enja vazduha\",\"datePublished\":\"2022-10-27T11:44:12+00:00\",\"dateModified\":\"2022-10-27T11:49:38+00:00\",\"mainEntityOfPage\":{\"@id\":\"https:\\\/\\\/balkangreenenergynews.com\\\/rs\\\/sve-vise-evropljana-se-odlucuje-da-licnim-primerom-doprinese-smanjenju-zagadjenja-vazduha\\\/\"},\"wordCount\":655,\"commentCount\":0,\"image\":{\"@id\":\"https:\\\/\\\/balkangreenenergynews.com\\\/rs\\\/sve-vise-evropljana-se-odlucuje-da-licnim-primerom-doprinese-smanjenju-zagadjenja-vazduha\\\/#primaryimage\"},\"thumbnailUrl\":\"https:\\\/\\\/balkangreenenergynews.com\\\/rs\\\/wp-content\\\/uploads\\\/2022\\\/10\\\/zagadjenje-vazduha-evropa-anketa-bicikl.jpg?wsr\",\"keywords\":[\"bicikli\",\"emisije\",\"kvalitet vazduha\",\"zaga\u0111enje vazuha\"],\"articleSection\":[\"\u017divotna sredina\"],\"inLanguage\":\"sr-RS\",\"potentialAction\":[{\"@type\":\"CommentAction\",\"name\":\"Comment\",\"target\":[\"https:\\\/\\\/balkangreenenergynews.com\\\/rs\\\/sve-vise-evropljana-se-odlucuje-da-licnim-primerom-doprinese-smanjenju-zagadjenja-vazduha\\\/#respond\"]}]},{\"@type\":\"WebPage\",\"@id\":\"https:\\\/\\\/balkangreenenergynews.com\\\/rs\\\/sve-vise-evropljana-se-odlucuje-da-licnim-primerom-doprinese-smanjenju-zagadjenja-vazduha\\\/\",\"url\":\"https:\\\/\\\/balkangreenenergynews.com\\\/rs\\\/sve-vise-evropljana-se-odlucuje-da-licnim-primerom-doprinese-smanjenju-zagadjenja-vazduha\\\/\",\"name\":\"Sve vi\u0161e Evropljana se odlu\u010duje da li\u010dnim primerom doprinese smanjenju zaga\u0111enja vazduha\",\"isPartOf\":{\"@id\":\"https:\\\/\\\/balkangreenenergynews.com\\\/rs\\\/#website\"},\"primaryImageOfPage\":{\"@id\":\"https:\\\/\\\/balkangreenenergynews.com\\\/rs\\\/sve-vise-evropljana-se-odlucuje-da-licnim-primerom-doprinese-smanjenju-zagadjenja-vazduha\\\/#primaryimage\"},\"image\":{\"@id\":\"https:\\\/\\\/balkangreenenergynews.com\\\/rs\\\/sve-vise-evropljana-se-odlucuje-da-licnim-primerom-doprinese-smanjenju-zagadjenja-vazduha\\\/#primaryimage\"},\"thumbnailUrl\":\"https:\\\/\\\/balkangreenenergynews.com\\\/rs\\\/wp-content\\\/uploads\\\/2022\\\/10\\\/zagadjenje-vazduha-evropa-anketa-bicikl.jpg?wsr\",\"datePublished\":\"2022-10-27T11:44:12+00:00\",\"dateModified\":\"2022-10-27T11:49:38+00:00\",\"author\":{\"@id\":\"https:\\\/\\\/balkangreenenergynews.com\\\/rs\\\/#\\\/schema\\\/person\\\/99dc721c46113fea22caffad06ef7317\"},\"description\":\"Raste broj stanovnika Evrope spremnih da urade ne\u0161to konkretno da se pobolj\u0161a kvalitet vazduha, pokazala je Eurobarometar anketa\",\"breadcrumb\":{\"@id\":\"https:\\\/\\\/balkangreenenergynews.com\\\/rs\\\/sve-vise-evropljana-se-odlucuje-da-licnim-primerom-doprinese-smanjenju-zagadjenja-vazduha\\\/#breadcrumb\"},\"inLanguage\":\"sr-RS\",\"potentialAction\":[{\"@type\":\"ReadAction\",\"target\":[\"https:\\\/\\\/balkangreenenergynews.com\\\/rs\\\/sve-vise-evropljana-se-odlucuje-da-licnim-primerom-doprinese-smanjenju-zagadjenja-vazduha\\\/\"]}]},{\"@type\":\"ImageObject\",\"inLanguage\":\"sr-RS\",\"@id\":\"https:\\\/\\\/balkangreenenergynews.com\\\/rs\\\/sve-vise-evropljana-se-odlucuje-da-licnim-primerom-doprinese-smanjenju-zagadjenja-vazduha\\\/#primaryimage\",\"url\":\"https:\\\/\\\/balkangreenenergynews.com\\\/rs\\\/wp-content\\\/uploads\\\/2022\\\/10\\\/zagadjenje-vazduha-evropa-anketa-bicikl.jpg?wsr\",\"contentUrl\":\"https:\\\/\\\/balkangreenenergynews.com\\\/rs\\\/wp-content\\\/uploads\\\/2022\\\/10\\\/zagadjenje-vazduha-evropa-anketa-bicikl.jpg?wsr\",\"width\":840,\"height\":430,\"caption\":\"zagadjenje vazduha evropa anketa bicikl\"},{\"@type\":\"BreadcrumbList\",\"@id\":\"https:\\\/\\\/balkangreenenergynews.com\\\/rs\\\/sve-vise-evropljana-se-odlucuje-da-licnim-primerom-doprinese-smanjenju-zagadjenja-vazduha\\\/#breadcrumb\",\"itemListElement\":[{\"@type\":\"ListItem\",\"position\":1,\"name\":\"Po\u010detna\",\"item\":\"https:\\\/\\\/balkangreenenergynews.com\\\/rs\\\/\"},{\"@type\":\"ListItem\",\"position\":2,\"name\":\"Vesti\",\"item\":\"https:\\\/\\\/balkangreenenergynews.com\\\/rs\\\/kategorija\\\/vesti\\\/\"},{\"@type\":\"ListItem\",\"position\":3,\"name\":\"\u017divotna sredina\",\"item\":\"https:\\\/\\\/balkangreenenergynews.com\\\/rs\\\/kategorija\\\/vesti\\\/zivotna-sredina\\\/\"},{\"@type\":\"ListItem\",\"position\":4,\"name\":\"Sve vi\u0161e Evropljana se odlu\u010duje da li\u010dnim primerom doprinese smanjenju zaga\u0111enja vazduha\"}]},{\"@type\":\"WebSite\",\"@id\":\"https:\\\/\\\/balkangreenenergynews.com\\\/rs\\\/#website\",\"url\":\"https:\\\/\\\/balkangreenenergynews.com\\\/rs\\\/\",\"name\":\"Balkan Green Energy News\",\"description\":\"Naj\u0161iri izbor vesti sa Balkana o zelenoj energiji\",\"potentialAction\":[{\"@type\":\"SearchAction\",\"target\":{\"@type\":\"EntryPoint\",\"urlTemplate\":\"https:\\\/\\\/balkangreenenergynews.com\\\/rs\\\/?s={search_term_string}\"},\"query-input\":{\"@type\":\"PropertyValueSpecification\",\"valueRequired\":true,\"valueName\":\"search_term_string\"}}],\"inLanguage\":\"sr-RS\"},{\"@type\":\"Person\",\"@id\":\"https:\\\/\\\/balkangreenenergynews.com\\\/rs\\\/#\\\/schema\\\/person\\\/99dc721c46113fea22caffad06ef7317\",\"name\":\"Vladimir Spasi\u0107\",\"url\":\"https:\\\/\\\/balkangreenenergynews.com\\\/rs\\\/author\\\/vladimir-spasic\\\/\"}]}<\/script>\n<!-- \/ Yoast SEO plugin. -->","yoast_head_json":{"title":"Sve vi\u0161e Evropljana se odlu\u010duje da li\u010dnim primerom doprinese smanjenju zaga\u0111enja vazduha","description":"Raste broj stanovnika Evrope spremnih da urade ne\u0161to konkretno da se pobolj\u0161a kvalitet vazduha, pokazala je Eurobarometar anketa","robots":{"index":"index","follow":"follow","max-snippet":"max-snippet:-1","max-image-preview":"max-image-preview:large","max-video-preview":"max-video-preview:-1"},"canonical":"https:\/\/balkangreenenergynews.com\/rs\/sve-vise-evropljana-se-odlucuje-da-licnim-primerom-doprinese-smanjenju-zagadjenja-vazduha\/","og_locale":"sr_RS","og_type":"article","og_title":"Sve vi\u0161e Evropljana se odlu\u010duje da li\u010dnim primerom doprinese smanjenju zaga\u0111enja vazduha","og_description":"Raste broj stanovnika Evrope spremnih da urade ne\u0161to konkretno da se pobolj\u0161a kvalitet vazduha, pokazala je Eurobarometar anketa","og_url":"https:\/\/balkangreenenergynews.com\/rs\/sve-vise-evropljana-se-odlucuje-da-licnim-primerom-doprinese-smanjenju-zagadjenja-vazduha\/","og_site_name":"Balkan Green Energy News","article_published_time":"2022-10-27T11:44:12+00:00","article_modified_time":"2022-10-27T11:49:38+00:00","og_image":[{"width":840,"height":430,"url":"https:\/\/balkangreenenergynews.com\/rs\/wp-content\/uploads\/2022\/10\/zagadjenje-vazduha-evropa-anketa-bicikl.jpg","type":"image\/jpeg"}],"author":"Vladimir Spasi\u0107","twitter_card":"summary_large_image","twitter_misc":{"\u041d\u0430\u043f\u0438\u0441\u0430\u043d\u043e \u043e\u0434":"Vladimir Spasi\u0107","\u041f\u0440\u043e\u0446\u0435\u045a\u0435\u043d\u043e \u0432\u0440\u0435\u043c\u0435 \u0447\u0438\u0442\u0430\u045a\u0430":"4 \u043c\u0438\u043d\u0443\u0442\u0430"},"schema":{"@context":"https:\/\/schema.org","@graph":[{"@type":"Article","@id":"https:\/\/balkangreenenergynews.com\/rs\/sve-vise-evropljana-se-odlucuje-da-licnim-primerom-doprinese-smanjenju-zagadjenja-vazduha\/#article","isPartOf":{"@id":"https:\/\/balkangreenenergynews.com\/rs\/sve-vise-evropljana-se-odlucuje-da-licnim-primerom-doprinese-smanjenju-zagadjenja-vazduha\/"},"author":{"name":"Vladimir Spasi\u0107","@id":"https:\/\/balkangreenenergynews.com\/rs\/#\/schema\/person\/99dc721c46113fea22caffad06ef7317"},"headline":"Sve vi\u0161e Evropljana se odlu\u010duje da li\u010dnim primerom doprinese smanjenju zaga\u0111enja vazduha","datePublished":"2022-10-27T11:44:12+00:00","dateModified":"2022-10-27T11:49:38+00:00","mainEntityOfPage":{"@id":"https:\/\/balkangreenenergynews.com\/rs\/sve-vise-evropljana-se-odlucuje-da-licnim-primerom-doprinese-smanjenju-zagadjenja-vazduha\/"},"wordCount":655,"commentCount":0,"image":{"@id":"https:\/\/balkangreenenergynews.com\/rs\/sve-vise-evropljana-se-odlucuje-da-licnim-primerom-doprinese-smanjenju-zagadjenja-vazduha\/#primaryimage"},"thumbnailUrl":"https:\/\/balkangreenenergynews.com\/rs\/wp-content\/uploads\/2022\/10\/zagadjenje-vazduha-evropa-anketa-bicikl.jpg?wsr","keywords":["bicikli","emisije","kvalitet vazduha","zaga\u0111enje vazuha"],"articleSection":["\u017divotna sredina"],"inLanguage":"sr-RS","potentialAction":[{"@type":"CommentAction","name":"Comment","target":["https:\/\/balkangreenenergynews.com\/rs\/sve-vise-evropljana-se-odlucuje-da-licnim-primerom-doprinese-smanjenju-zagadjenja-vazduha\/#respond"]}]},{"@type":"WebPage","@id":"https:\/\/balkangreenenergynews.com\/rs\/sve-vise-evropljana-se-odlucuje-da-licnim-primerom-doprinese-smanjenju-zagadjenja-vazduha\/","url":"https:\/\/balkangreenenergynews.com\/rs\/sve-vise-evropljana-se-odlucuje-da-licnim-primerom-doprinese-smanjenju-zagadjenja-vazduha\/","name":"Sve vi\u0161e Evropljana se odlu\u010duje da li\u010dnim primerom doprinese smanjenju zaga\u0111enja vazduha","isPartOf":{"@id":"https:\/\/balkangreenenergynews.com\/rs\/#website"},"primaryImageOfPage":{"@id":"https:\/\/balkangreenenergynews.com\/rs\/sve-vise-evropljana-se-odlucuje-da-licnim-primerom-doprinese-smanjenju-zagadjenja-vazduha\/#primaryimage"},"image":{"@id":"https:\/\/balkangreenenergynews.com\/rs\/sve-vise-evropljana-se-odlucuje-da-licnim-primerom-doprinese-smanjenju-zagadjenja-vazduha\/#primaryimage"},"thumbnailUrl":"https:\/\/balkangreenenergynews.com\/rs\/wp-content\/uploads\/2022\/10\/zagadjenje-vazduha-evropa-anketa-bicikl.jpg?wsr","datePublished":"2022-10-27T11:44:12+00:00","dateModified":"2022-10-27T11:49:38+00:00","author":{"@id":"https:\/\/balkangreenenergynews.com\/rs\/#\/schema\/person\/99dc721c46113fea22caffad06ef7317"},"description":"Raste broj stanovnika Evrope spremnih da urade ne\u0161to konkretno da se pobolj\u0161a kvalitet vazduha, pokazala je Eurobarometar anketa","breadcrumb":{"@id":"https:\/\/balkangreenenergynews.com\/rs\/sve-vise-evropljana-se-odlucuje-da-licnim-primerom-doprinese-smanjenju-zagadjenja-vazduha\/#breadcrumb"},"inLanguage":"sr-RS","potentialAction":[{"@type":"ReadAction","target":["https:\/\/balkangreenenergynews.com\/rs\/sve-vise-evropljana-se-odlucuje-da-licnim-primerom-doprinese-smanjenju-zagadjenja-vazduha\/"]}]},{"@type":"ImageObject","inLanguage":"sr-RS","@id":"https:\/\/balkangreenenergynews.com\/rs\/sve-vise-evropljana-se-odlucuje-da-licnim-primerom-doprinese-smanjenju-zagadjenja-vazduha\/#primaryimage","url":"https:\/\/balkangreenenergynews.com\/rs\/wp-content\/uploads\/2022\/10\/zagadjenje-vazduha-evropa-anketa-bicikl.jpg?wsr","contentUrl":"https:\/\/balkangreenenergynews.com\/rs\/wp-content\/uploads\/2022\/10\/zagadjenje-vazduha-evropa-anketa-bicikl.jpg?wsr","width":840,"height":430,"caption":"zagadjenje vazduha evropa anketa bicikl"},{"@type":"BreadcrumbList","@id":"https:\/\/balkangreenenergynews.com\/rs\/sve-vise-evropljana-se-odlucuje-da-licnim-primerom-doprinese-smanjenju-zagadjenja-vazduha\/#breadcrumb","itemListElement":[{"@type":"ListItem","position":1,"name":"Po\u010detna","item":"https:\/\/balkangreenenergynews.com\/rs\/"},{"@type":"ListItem","position":2,"name":"Vesti","item":"https:\/\/balkangreenenergynews.com\/rs\/kategorija\/vesti\/"},{"@type":"ListItem","position":3,"name":"\u017divotna sredina","item":"https:\/\/balkangreenenergynews.com\/rs\/kategorija\/vesti\/zivotna-sredina\/"},{"@type":"ListItem","position":4,"name":"Sve vi\u0161e Evropljana se odlu\u010duje da li\u010dnim primerom doprinese smanjenju zaga\u0111enja vazduha"}]},{"@type":"WebSite","@id":"https:\/\/balkangreenenergynews.com\/rs\/#website","url":"https:\/\/balkangreenenergynews.com\/rs\/","name":"Balkan Green Energy News","description":"Naj\u0161iri izbor vesti sa Balkana o zelenoj energiji","potentialAction":[{"@type":"SearchAction","target":{"@type":"EntryPoint","urlTemplate":"https:\/\/balkangreenenergynews.com\/rs\/?s={search_term_string}"},"query-input":{"@type":"PropertyValueSpecification","valueRequired":true,"valueName":"search_term_string"}}],"inLanguage":"sr-RS"},{"@type":"Person","@id":"https:\/\/balkangreenenergynews.com\/rs\/#\/schema\/person\/99dc721c46113fea22caffad06ef7317","name":"Vladimir Spasi\u0107","url":"https:\/\/balkangreenenergynews.com\/rs\/author\/vladimir-spasic\/"}]}},"_links":{"self":[{"href":"https:\/\/balkangreenenergynews.com\/rs\/wp-json\/wp\/v2\/posts\/52942","targetHints":{"allow":["GET"]}}],"collection":[{"href":"https:\/\/balkangreenenergynews.com\/rs\/wp-json\/wp\/v2\/posts"}],"about":[{"href":"https:\/\/balkangreenenergynews.com\/rs\/wp-json\/wp\/v2\/types\/post"}],"author":[{"embeddable":true,"href":"https:\/\/balkangreenenergynews.com\/rs\/wp-json\/wp\/v2\/users\/23"}],"replies":[{"embeddable":true,"href":"https:\/\/balkangreenenergynews.com\/rs\/wp-json\/wp\/v2\/comments?post=52942"}],"version-history":[{"count":0,"href":"https:\/\/balkangreenenergynews.com\/rs\/wp-json\/wp\/v2\/posts\/52942\/revisions"}],"wp:featuredmedia":[{"embeddable":true,"href":"https:\/\/balkangreenenergynews.com\/rs\/wp-json\/wp\/v2\/media\/52940"}],"wp:attachment":[{"href":"https:\/\/balkangreenenergynews.com\/rs\/wp-json\/wp\/v2\/media?parent=52942"}],"wp:term":[{"taxonomy":"category","embeddable":true,"href":"https:\/\/balkangreenenergynews.com\/rs\/wp-json\/wp\/v2\/categories?post=52942"},{"taxonomy":"post_tag","embeddable":true,"href":"https:\/\/balkangreenenergynews.com\/rs\/wp-json\/wp\/v2\/tags?post=52942"}],"curies":[{"name":"wp","href":"https:\/\/api.w.org\/{rel}","templated":true}]}}