{"id":52377,"date":"2022-10-04T16:40:32","date_gmt":"2022-10-04T14:40:32","guid":{"rendered":"https:\/\/balkangreenenergynews.com\/rs\/?p=52377"},"modified":"2022-10-04T22:28:23","modified_gmt":"2022-10-04T20:28:23","slug":"bezbednost-telekomunikacija-u-slucaju-restrikcija-struje-evo-sta-evropa-radi","status":"publish","type":"post","link":"https:\/\/balkangreenenergynews.com\/rs\/bezbednost-telekomunikacija-u-slucaju-restrikcija-struje-evo-sta-evropa-radi\/","title":{"rendered":"Bezbednost telekomunikacija u slu\u010daju restrikcija struje \u2013 evo \u0161ta Evropa radi"},"content":{"rendered":"<h2>Neadekvatna priprema za mogu\u0107e restrikcije struje u Evropi mo\u017ee da dovede do prekida u telekomunikacijama, ali i u drugim sektorima neophodnim za osnovne ljudske potrebe i bezbednost.<\/h2>\n<p>Operateri telekomunikacionih sistema u Evropi upozoravaju na opasnost da im mre\u017ee na zimu krahiraju ukoliko planovi za restrikcije ne budu racionalniji. Obustave isporuka gasa iz Rusije, <a href=\"https:\/\/balkangreenenergynews.com\/rs\/hidroelektrane-u-srbiji-i-evropi-prinudjene-da-smanje-proizvodnju-elektricne-energije\/\">katastrofalna su\u0161a<\/a> i niz kvarova u nuklearnim elektranama u Francuskoj doveli su Stari kontinent u nezapam\u0107enu nevolju u pogledu energetske bezbednosti.<\/p>\n<p>Nije isklju\u010deno da se dogodi nezamislivo \u2013 da padaju mobilne mre\u017ee, a s njima i protok podataka od su\u0161tinskog zna\u010daja.<\/p>\n<p>Energetska kriza je po\u010dela pre godinu i po dana, a telekomunikacije su i dalje nepripremljene. Od elektri\u010dne energije i interneta zavise bankomati, kase u prodavnicama, naplata karata i putarine u saobra\u0107aju, snabdevanje vodom, pa benzinske pumpe i punionice za elektri\u010dna vozila i vo\u0111enje kartona pacijenata. To su samo neke od najosnovnijih ljudskih potreba za koje su neophodne struja i telekomunikacije.<\/p>\n<h3>Telekomunikacije su u Francuskoj u nadle\u017enosti lokalne samouprave<\/h3>\n<p>Neimenovani direktori velikih kompanija kazali su za\u00a0<a href=\"https:\/\/www.reuters.com\/article\/eu-energy-telecoms-exclusive-idCAKBN2QU0GT\">Reuters<\/a> da nemaju dovoljno kapaciteta za rezervno napajanje svojih stanica strujom da spre\u010de prekide tokom restrikcija. Ovde treba pomenuti da su tornjevi s antenama, koji se postavljaju na uzvisinama, odli\u010dna mesta za <a href=\"https:\/\/balkangreenenergynews.com\/rs\/mikrovetroturbine-daju-energetsku-nezavisnost-telekomunikacionim-tornjevima\/\">male vetroturbine i solarne elektrane<\/a> za potrebe tih jedinica. Ova tehnologija postaje sve prisutnija i na Balkanu.<\/p>\n<p>Na stanicama se dr\u017ee baterije, a ponegde agregati na dizel. U pomenutom izve\u0161taju stoji da je u Evropskoj uniji skoro pola miliona telekomunikacionih tornjeva.<\/p>\n<p>Mre\u017ee pete generacije, 5G, tro\u0161e mnogo vi\u0161e struje od starijih tehnologija, pa se obi\u010dno ta mre\u017ea prva gasi. Logika je da su telefonski pozivi i sms poruke prioritetni.<\/p>\n<blockquote><p>Telekomunikacije u Francuskoj nisu dobile izuze\u0107e iz plana restrikcija<\/p><\/blockquote>\n<p>Francuski operator distributivnog sistema Enedis za najgori scenario planira isklju\u010denja od po dva sata, i to samo za podru\u010dja u najgoroj situaciji, saznao je Reuters. Kompanija je saop\u0161tila da ne\u0107e prekinuti snabdevanje najva\u017enijih slu\u017ebi uklju\u010duju\u0107i bolnice, glavna industrijska postrojenja i vojsku, a da je telekomunikaciona infrastruktura u nadle\u017enosti lokalne samouprave.<\/p>\n<p>Unija francuskih teleoperatera FFT se po\u017ealila da njen sektor nije dobio izuze\u0107e iz plana restrikcija. Anonimni izvor iz francuskog Ministarstva privrede, finansija i industrijske i digitalne suverenosti ocenio je da nije lako odvojiti telekomunikacionu antenu od ostatka strujne mre\u017ee.<\/p>\n<h3>Prekidi snabdevanja strujom bi o\u0161tetili opremu<\/h3>\n<p>Nekoliko osoba upu\u0107enih u pitanje bezbednosti telekomunikacija u \u0160vedskoj i Nema\u010dkoj otkrilo je da su kompanije aktivne u ovoj delatnosti alarmirale svoje vlade, tvrdi ova medijska ku\u0107a.<\/p>\n<p>\u0160vedski regulator za telekomunikacije PTS saop\u0161tio je da kupuje agregate i mobilne bazne stanice.<\/p>\n<blockquote><p>Kriza treba da usmeri telekomunikacione operatere u optimizaciju protoka podataka i rad na energetskoj efikasnosti<\/p><\/blockquote>\n<p>Masimo Sarmi, prvi \u010dovek italijanske asocijacije Asstel, tvrdi da bi iznenadni prekidi u snabdevanju elektri\u010dnom energijom pove\u0107ali mogu\u0107nost kvara elektronskih komponenti.<\/p>\n<p>\u010cetiri neimenovane osobe iz uprave evropskih telekomunikacionih kompanija napomenule su da mora da se radi na \u0161tednji struje i modernizaciji opreme radi smanjenja potro\u0161nje. Osim toga, anonimni izvori su objasnili da ti operateri ve\u0107 preko softvera rade na optimizaciji protoka, stavljaju\u0107i tornjeve na stendbaj i ukidaju\u0107i neke od opsega.<\/p>\n<h3>Nema dovoljno agregata<\/h3>\n<p>Deutsche Telekom, koji upravlja nad 33.000 stanica, priznao je da njegovi mobilni sistemi za napajanje strujom mogu da opslu\u017ee samo mali broj jedinica. Za slu\u010dajeve du\u017eih isklju\u010denja, u kompaniji uglavnom spremaju agregate na dizel-gorivo.<\/p>\n<blockquote><p>Poslanik \u0161vajcarskog parlamenta \u0160tefan Miler-Altermat isti\u010de da bi restrikcije poremetile snabdevanje pija\u0107om vodom<\/p><\/blockquote>\n<p>U Francuskoj ima 62.000 tornjeva za mobilnu telefoniju i ne\u0107e svi mo\u0107i da dobiju nove baterije, kazala je predsednica FFT-a Liza Bellulo.<\/p>\n<p>\u0160vajcarski poslanik \u0160tefan Miler-Altermat iz Dr\u017eavnog saveta, donjeg doma parlamenta, smatra da bi restrikcije poremetile snabdevanje pija\u0107om vodom i preradu otpadnih voda u toj zemlji. On je za medijski servis <a href=\"https:\/\/www.nau.ch\/politik\/bundeshaus\/strommangel-trinkwasser-und-klaranlagen-waren-nicht-alle-geschutzt-66291405\">Nau<\/a> rekao da izuzimanje ovih pogona iz priprema za re\u017eim restrikcija nije svuda tehni\u010dki re\u0161eno, iako vlada jeste propisala tu meru.<\/p>\n","protected":false},"excerpt":{"rendered":"<p>Neadekvatna priprema za restrikcije struje u Evropi mo\u017ee da dovede do prekida u telekomunikacijama, vodosnabdevanju i drugim sektorima<\/p>\n","protected":false},"author":27,"featured_media":52390,"comment_status":"open","ping_status":"open","sticky":false,"template":"","format":"standard","meta":{"_acf_changed":false,"_monsterinsights_skip_tracking":false,"_monsterinsights_sitenote_active":false,"_monsterinsights_sitenote_note":"","_monsterinsights_sitenote_category":0,"footnotes":""},"categories":[504,6295],"tags":[669,6177,6550],"class_list":["post-52377","post","type-post","status-publish","format-standard","has-post-thumbnail","hentry","category-elektricna-energija","category-energetska-kriza","tag-elektricna-energija","tag-energetska-kriza","tag-telekomunikacije","country-regioneu"],"acf":[],"yoast_head":"<!-- This site is optimized with the Yoast SEO plugin v27.4 - https:\/\/yoast.com\/product\/yoast-seo-wordpress\/ -->\n<title>Bezbednost telekomunikacija u slu\u010daju restrikcija struje \u2013 evo \u0161ta Evropa radi<\/title>\n<meta name=\"description\" content=\"Neadekvatna priprema za restrikcije struje u Evropi mo\u017ee da dovede do prekida u telekomunikacijama, vodosnabdevanju i drugim sektorima.\" \/>\n<meta name=\"robots\" content=\"index, follow, max-snippet:-1, max-image-preview:large, max-video-preview:-1\" \/>\n<link rel=\"canonical\" href=\"https:\/\/balkangreenenergynews.com\/rs\/bezbednost-telekomunikacija-u-slucaju-restrikcija-struje-evo-sta-evropa-radi\/\" \/>\n<meta property=\"og:locale\" content=\"sr_RS\" \/>\n<meta property=\"og:type\" content=\"article\" \/>\n<meta property=\"og:title\" content=\"Bezbednost telekomunikacija u slu\u010daju restrikcija struje \u2013 evo \u0161ta Evropa radi\" \/>\n<meta property=\"og:description\" content=\"Neadekvatna priprema za restrikcije struje u Evropi mo\u017ee da dovede do prekida u telekomunikacijama, vodosnabdevanju i drugim sektorima.\" \/>\n<meta property=\"og:url\" content=\"https:\/\/balkangreenenergynews.com\/rs\/bezbednost-telekomunikacija-u-slucaju-restrikcija-struje-evo-sta-evropa-radi\/\" \/>\n<meta property=\"og:site_name\" content=\"Balkan Green Energy News\" \/>\n<meta property=\"article:published_time\" content=\"2022-10-04T14:40:32+00:00\" \/>\n<meta property=\"article:modified_time\" content=\"2022-10-04T20:28:23+00:00\" \/>\n<meta property=\"og:image\" content=\"https:\/\/balkangreenenergynews.com\/rs\/wp-content\/uploads\/2022\/10\/Bezbednost-telekomunikacija-restrikcija-struje-Evropa.jpg\" \/>\n\t<meta property=\"og:image:width\" content=\"840\" \/>\n\t<meta property=\"og:image:height\" content=\"430\" \/>\n\t<meta property=\"og:image:type\" content=\"image\/jpeg\" \/>\n<meta name=\"author\" content=\"Igor Todorovi\u0107\" \/>\n<meta name=\"twitter:card\" content=\"summary_large_image\" \/>\n<meta name=\"twitter:label1\" content=\"\u041d\u0430\u043f\u0438\u0441\u0430\u043d\u043e \u043e\u0434\" \/>\n\t<meta name=\"twitter:data1\" content=\"Igor Todorovi\u0107\" \/>\n\t<meta name=\"twitter:label2\" content=\"\u041f\u0440\u043e\u0446\u0435\u045a\u0435\u043d\u043e \u0432\u0440\u0435\u043c\u0435 \u0447\u0438\u0442\u0430\u045a\u0430\" \/>\n\t<meta name=\"twitter:data2\" content=\"4 \u043c\u0438\u043d\u0443\u0442\u0430\" \/>\n<script type=\"application\/ld+json\" class=\"yoast-schema-graph\">{\"@context\":\"https:\\\/\\\/schema.org\",\"@graph\":[{\"@type\":\"Article\",\"@id\":\"https:\\\/\\\/balkangreenenergynews.com\\\/rs\\\/bezbednost-telekomunikacija-u-slucaju-restrikcija-struje-evo-sta-evropa-radi\\\/#article\",\"isPartOf\":{\"@id\":\"https:\\\/\\\/balkangreenenergynews.com\\\/rs\\\/bezbednost-telekomunikacija-u-slucaju-restrikcija-struje-evo-sta-evropa-radi\\\/\"},\"author\":{\"name\":\"Igor Todorovi\u0107\",\"@id\":\"https:\\\/\\\/balkangreenenergynews.com\\\/rs\\\/#\\\/schema\\\/person\\\/d8f80a244c4e9f2b55e4f6968c253246\"},\"headline\":\"Bezbednost telekomunikacija u slu\u010daju restrikcija struje \u2013 evo \u0161ta Evropa radi\",\"datePublished\":\"2022-10-04T14:40:32+00:00\",\"dateModified\":\"2022-10-04T20:28:23+00:00\",\"mainEntityOfPage\":{\"@id\":\"https:\\\/\\\/balkangreenenergynews.com\\\/rs\\\/bezbednost-telekomunikacija-u-slucaju-restrikcija-struje-evo-sta-evropa-radi\\\/\"},\"wordCount\":692,\"commentCount\":0,\"image\":{\"@id\":\"https:\\\/\\\/balkangreenenergynews.com\\\/rs\\\/bezbednost-telekomunikacija-u-slucaju-restrikcija-struje-evo-sta-evropa-radi\\\/#primaryimage\"},\"thumbnailUrl\":\"https:\\\/\\\/balkangreenenergynews.com\\\/rs\\\/wp-content\\\/uploads\\\/2022\\\/10\\\/Bezbednost-telekomunikacija-restrikcija-struje-Evropa.jpg?wsr\",\"keywords\":[\"elektri\u010dna energija\",\"energetska kriza\",\"telekomunikacije\"],\"articleSection\":[\"Elektri\u010dna energija\",\"Energetska kriza\"],\"inLanguage\":\"sr-RS\",\"potentialAction\":[{\"@type\":\"CommentAction\",\"name\":\"Comment\",\"target\":[\"https:\\\/\\\/balkangreenenergynews.com\\\/rs\\\/bezbednost-telekomunikacija-u-slucaju-restrikcija-struje-evo-sta-evropa-radi\\\/#respond\"]}]},{\"@type\":\"WebPage\",\"@id\":\"https:\\\/\\\/balkangreenenergynews.com\\\/rs\\\/bezbednost-telekomunikacija-u-slucaju-restrikcija-struje-evo-sta-evropa-radi\\\/\",\"url\":\"https:\\\/\\\/balkangreenenergynews.com\\\/rs\\\/bezbednost-telekomunikacija-u-slucaju-restrikcija-struje-evo-sta-evropa-radi\\\/\",\"name\":\"Bezbednost telekomunikacija u slu\u010daju restrikcija struje \u2013 evo \u0161ta Evropa radi\",\"isPartOf\":{\"@id\":\"https:\\\/\\\/balkangreenenergynews.com\\\/rs\\\/#website\"},\"primaryImageOfPage\":{\"@id\":\"https:\\\/\\\/balkangreenenergynews.com\\\/rs\\\/bezbednost-telekomunikacija-u-slucaju-restrikcija-struje-evo-sta-evropa-radi\\\/#primaryimage\"},\"image\":{\"@id\":\"https:\\\/\\\/balkangreenenergynews.com\\\/rs\\\/bezbednost-telekomunikacija-u-slucaju-restrikcija-struje-evo-sta-evropa-radi\\\/#primaryimage\"},\"thumbnailUrl\":\"https:\\\/\\\/balkangreenenergynews.com\\\/rs\\\/wp-content\\\/uploads\\\/2022\\\/10\\\/Bezbednost-telekomunikacija-restrikcija-struje-Evropa.jpg?wsr\",\"datePublished\":\"2022-10-04T14:40:32+00:00\",\"dateModified\":\"2022-10-04T20:28:23+00:00\",\"author\":{\"@id\":\"https:\\\/\\\/balkangreenenergynews.com\\\/rs\\\/#\\\/schema\\\/person\\\/d8f80a244c4e9f2b55e4f6968c253246\"},\"description\":\"Neadekvatna priprema za restrikcije struje u Evropi mo\u017ee da dovede do prekida u telekomunikacijama, vodosnabdevanju i drugim sektorima.\",\"breadcrumb\":{\"@id\":\"https:\\\/\\\/balkangreenenergynews.com\\\/rs\\\/bezbednost-telekomunikacija-u-slucaju-restrikcija-struje-evo-sta-evropa-radi\\\/#breadcrumb\"},\"inLanguage\":\"sr-RS\",\"potentialAction\":[{\"@type\":\"ReadAction\",\"target\":[\"https:\\\/\\\/balkangreenenergynews.com\\\/rs\\\/bezbednost-telekomunikacija-u-slucaju-restrikcija-struje-evo-sta-evropa-radi\\\/\"]}]},{\"@type\":\"ImageObject\",\"inLanguage\":\"sr-RS\",\"@id\":\"https:\\\/\\\/balkangreenenergynews.com\\\/rs\\\/bezbednost-telekomunikacija-u-slucaju-restrikcija-struje-evo-sta-evropa-radi\\\/#primaryimage\",\"url\":\"https:\\\/\\\/balkangreenenergynews.com\\\/rs\\\/wp-content\\\/uploads\\\/2022\\\/10\\\/Bezbednost-telekomunikacija-restrikcija-struje-Evropa.jpg?wsr\",\"contentUrl\":\"https:\\\/\\\/balkangreenenergynews.com\\\/rs\\\/wp-content\\\/uploads\\\/2022\\\/10\\\/Bezbednost-telekomunikacija-restrikcija-struje-Evropa.jpg?wsr\",\"width\":840,\"height\":430,\"caption\":\"Bezbednost telekomunikacija restrikcija struje Evropa\"},{\"@type\":\"BreadcrumbList\",\"@id\":\"https:\\\/\\\/balkangreenenergynews.com\\\/rs\\\/bezbednost-telekomunikacija-u-slucaju-restrikcija-struje-evo-sta-evropa-radi\\\/#breadcrumb\",\"itemListElement\":[{\"@type\":\"ListItem\",\"position\":1,\"name\":\"Po\u010detna\",\"item\":\"https:\\\/\\\/balkangreenenergynews.com\\\/rs\\\/\"},{\"@type\":\"ListItem\",\"position\":2,\"name\":\"Vesti\",\"item\":\"https:\\\/\\\/balkangreenenergynews.com\\\/rs\\\/kategorija\\\/vesti\\\/\"},{\"@type\":\"ListItem\",\"position\":3,\"name\":\"Elektri\u010dna energija\",\"item\":\"https:\\\/\\\/balkangreenenergynews.com\\\/rs\\\/kategorija\\\/vesti\\\/elektricna-energija\\\/\"},{\"@type\":\"ListItem\",\"position\":4,\"name\":\"Bezbednost telekomunikacija u slu\u010daju restrikcija struje \u2013 evo \u0161ta Evropa radi\"}]},{\"@type\":\"WebSite\",\"@id\":\"https:\\\/\\\/balkangreenenergynews.com\\\/rs\\\/#website\",\"url\":\"https:\\\/\\\/balkangreenenergynews.com\\\/rs\\\/\",\"name\":\"Balkan Green Energy News\",\"description\":\"Naj\u0161iri izbor vesti sa Balkana o zelenoj energiji\",\"potentialAction\":[{\"@type\":\"SearchAction\",\"target\":{\"@type\":\"EntryPoint\",\"urlTemplate\":\"https:\\\/\\\/balkangreenenergynews.com\\\/rs\\\/?s={search_term_string}\"},\"query-input\":{\"@type\":\"PropertyValueSpecification\",\"valueRequired\":true,\"valueName\":\"search_term_string\"}}],\"inLanguage\":\"sr-RS\"},{\"@type\":\"Person\",\"@id\":\"https:\\\/\\\/balkangreenenergynews.com\\\/rs\\\/#\\\/schema\\\/person\\\/d8f80a244c4e9f2b55e4f6968c253246\",\"name\":\"Igor Todorovi\u0107\",\"url\":\"https:\\\/\\\/balkangreenenergynews.com\\\/rs\\\/author\\\/igor-todorovic\\\/\"}]}<\/script>\n<!-- \/ Yoast SEO plugin. -->","yoast_head_json":{"title":"Bezbednost telekomunikacija u slu\u010daju restrikcija struje \u2013 evo \u0161ta Evropa radi","description":"Neadekvatna priprema za restrikcije struje u Evropi mo\u017ee da dovede do prekida u telekomunikacijama, vodosnabdevanju i drugim sektorima.","robots":{"index":"index","follow":"follow","max-snippet":"max-snippet:-1","max-image-preview":"max-image-preview:large","max-video-preview":"max-video-preview:-1"},"canonical":"https:\/\/balkangreenenergynews.com\/rs\/bezbednost-telekomunikacija-u-slucaju-restrikcija-struje-evo-sta-evropa-radi\/","og_locale":"sr_RS","og_type":"article","og_title":"Bezbednost telekomunikacija u slu\u010daju restrikcija struje \u2013 evo \u0161ta Evropa radi","og_description":"Neadekvatna priprema za restrikcije struje u Evropi mo\u017ee da dovede do prekida u telekomunikacijama, vodosnabdevanju i drugim sektorima.","og_url":"https:\/\/balkangreenenergynews.com\/rs\/bezbednost-telekomunikacija-u-slucaju-restrikcija-struje-evo-sta-evropa-radi\/","og_site_name":"Balkan Green Energy News","article_published_time":"2022-10-04T14:40:32+00:00","article_modified_time":"2022-10-04T20:28:23+00:00","og_image":[{"width":840,"height":430,"url":"https:\/\/balkangreenenergynews.com\/rs\/wp-content\/uploads\/2022\/10\/Bezbednost-telekomunikacija-restrikcija-struje-Evropa.jpg","type":"image\/jpeg"}],"author":"Igor Todorovi\u0107","twitter_card":"summary_large_image","twitter_misc":{"\u041d\u0430\u043f\u0438\u0441\u0430\u043d\u043e \u043e\u0434":"Igor Todorovi\u0107","\u041f\u0440\u043e\u0446\u0435\u045a\u0435\u043d\u043e \u0432\u0440\u0435\u043c\u0435 \u0447\u0438\u0442\u0430\u045a\u0430":"4 \u043c\u0438\u043d\u0443\u0442\u0430"},"schema":{"@context":"https:\/\/schema.org","@graph":[{"@type":"Article","@id":"https:\/\/balkangreenenergynews.com\/rs\/bezbednost-telekomunikacija-u-slucaju-restrikcija-struje-evo-sta-evropa-radi\/#article","isPartOf":{"@id":"https:\/\/balkangreenenergynews.com\/rs\/bezbednost-telekomunikacija-u-slucaju-restrikcija-struje-evo-sta-evropa-radi\/"},"author":{"name":"Igor Todorovi\u0107","@id":"https:\/\/balkangreenenergynews.com\/rs\/#\/schema\/person\/d8f80a244c4e9f2b55e4f6968c253246"},"headline":"Bezbednost telekomunikacija u slu\u010daju restrikcija struje \u2013 evo \u0161ta Evropa radi","datePublished":"2022-10-04T14:40:32+00:00","dateModified":"2022-10-04T20:28:23+00:00","mainEntityOfPage":{"@id":"https:\/\/balkangreenenergynews.com\/rs\/bezbednost-telekomunikacija-u-slucaju-restrikcija-struje-evo-sta-evropa-radi\/"},"wordCount":692,"commentCount":0,"image":{"@id":"https:\/\/balkangreenenergynews.com\/rs\/bezbednost-telekomunikacija-u-slucaju-restrikcija-struje-evo-sta-evropa-radi\/#primaryimage"},"thumbnailUrl":"https:\/\/balkangreenenergynews.com\/rs\/wp-content\/uploads\/2022\/10\/Bezbednost-telekomunikacija-restrikcija-struje-Evropa.jpg?wsr","keywords":["elektri\u010dna energija","energetska kriza","telekomunikacije"],"articleSection":["Elektri\u010dna energija","Energetska kriza"],"inLanguage":"sr-RS","potentialAction":[{"@type":"CommentAction","name":"Comment","target":["https:\/\/balkangreenenergynews.com\/rs\/bezbednost-telekomunikacija-u-slucaju-restrikcija-struje-evo-sta-evropa-radi\/#respond"]}]},{"@type":"WebPage","@id":"https:\/\/balkangreenenergynews.com\/rs\/bezbednost-telekomunikacija-u-slucaju-restrikcija-struje-evo-sta-evropa-radi\/","url":"https:\/\/balkangreenenergynews.com\/rs\/bezbednost-telekomunikacija-u-slucaju-restrikcija-struje-evo-sta-evropa-radi\/","name":"Bezbednost telekomunikacija u slu\u010daju restrikcija struje \u2013 evo \u0161ta Evropa radi","isPartOf":{"@id":"https:\/\/balkangreenenergynews.com\/rs\/#website"},"primaryImageOfPage":{"@id":"https:\/\/balkangreenenergynews.com\/rs\/bezbednost-telekomunikacija-u-slucaju-restrikcija-struje-evo-sta-evropa-radi\/#primaryimage"},"image":{"@id":"https:\/\/balkangreenenergynews.com\/rs\/bezbednost-telekomunikacija-u-slucaju-restrikcija-struje-evo-sta-evropa-radi\/#primaryimage"},"thumbnailUrl":"https:\/\/balkangreenenergynews.com\/rs\/wp-content\/uploads\/2022\/10\/Bezbednost-telekomunikacija-restrikcija-struje-Evropa.jpg?wsr","datePublished":"2022-10-04T14:40:32+00:00","dateModified":"2022-10-04T20:28:23+00:00","author":{"@id":"https:\/\/balkangreenenergynews.com\/rs\/#\/schema\/person\/d8f80a244c4e9f2b55e4f6968c253246"},"description":"Neadekvatna priprema za restrikcije struje u Evropi mo\u017ee da dovede do prekida u telekomunikacijama, vodosnabdevanju i drugim sektorima.","breadcrumb":{"@id":"https:\/\/balkangreenenergynews.com\/rs\/bezbednost-telekomunikacija-u-slucaju-restrikcija-struje-evo-sta-evropa-radi\/#breadcrumb"},"inLanguage":"sr-RS","potentialAction":[{"@type":"ReadAction","target":["https:\/\/balkangreenenergynews.com\/rs\/bezbednost-telekomunikacija-u-slucaju-restrikcija-struje-evo-sta-evropa-radi\/"]}]},{"@type":"ImageObject","inLanguage":"sr-RS","@id":"https:\/\/balkangreenenergynews.com\/rs\/bezbednost-telekomunikacija-u-slucaju-restrikcija-struje-evo-sta-evropa-radi\/#primaryimage","url":"https:\/\/balkangreenenergynews.com\/rs\/wp-content\/uploads\/2022\/10\/Bezbednost-telekomunikacija-restrikcija-struje-Evropa.jpg?wsr","contentUrl":"https:\/\/balkangreenenergynews.com\/rs\/wp-content\/uploads\/2022\/10\/Bezbednost-telekomunikacija-restrikcija-struje-Evropa.jpg?wsr","width":840,"height":430,"caption":"Bezbednost telekomunikacija restrikcija struje Evropa"},{"@type":"BreadcrumbList","@id":"https:\/\/balkangreenenergynews.com\/rs\/bezbednost-telekomunikacija-u-slucaju-restrikcija-struje-evo-sta-evropa-radi\/#breadcrumb","itemListElement":[{"@type":"ListItem","position":1,"name":"Po\u010detna","item":"https:\/\/balkangreenenergynews.com\/rs\/"},{"@type":"ListItem","position":2,"name":"Vesti","item":"https:\/\/balkangreenenergynews.com\/rs\/kategorija\/vesti\/"},{"@type":"ListItem","position":3,"name":"Elektri\u010dna energija","item":"https:\/\/balkangreenenergynews.com\/rs\/kategorija\/vesti\/elektricna-energija\/"},{"@type":"ListItem","position":4,"name":"Bezbednost telekomunikacija u slu\u010daju restrikcija struje \u2013 evo \u0161ta Evropa radi"}]},{"@type":"WebSite","@id":"https:\/\/balkangreenenergynews.com\/rs\/#website","url":"https:\/\/balkangreenenergynews.com\/rs\/","name":"Balkan Green Energy News","description":"Naj\u0161iri izbor vesti sa Balkana o zelenoj energiji","potentialAction":[{"@type":"SearchAction","target":{"@type":"EntryPoint","urlTemplate":"https:\/\/balkangreenenergynews.com\/rs\/?s={search_term_string}"},"query-input":{"@type":"PropertyValueSpecification","valueRequired":true,"valueName":"search_term_string"}}],"inLanguage":"sr-RS"},{"@type":"Person","@id":"https:\/\/balkangreenenergynews.com\/rs\/#\/schema\/person\/d8f80a244c4e9f2b55e4f6968c253246","name":"Igor Todorovi\u0107","url":"https:\/\/balkangreenenergynews.com\/rs\/author\/igor-todorovic\/"}]}},"_links":{"self":[{"href":"https:\/\/balkangreenenergynews.com\/rs\/wp-json\/wp\/v2\/posts\/52377","targetHints":{"allow":["GET"]}}],"collection":[{"href":"https:\/\/balkangreenenergynews.com\/rs\/wp-json\/wp\/v2\/posts"}],"about":[{"href":"https:\/\/balkangreenenergynews.com\/rs\/wp-json\/wp\/v2\/types\/post"}],"author":[{"embeddable":true,"href":"https:\/\/balkangreenenergynews.com\/rs\/wp-json\/wp\/v2\/users\/27"}],"replies":[{"embeddable":true,"href":"https:\/\/balkangreenenergynews.com\/rs\/wp-json\/wp\/v2\/comments?post=52377"}],"version-history":[{"count":0,"href":"https:\/\/balkangreenenergynews.com\/rs\/wp-json\/wp\/v2\/posts\/52377\/revisions"}],"wp:featuredmedia":[{"embeddable":true,"href":"https:\/\/balkangreenenergynews.com\/rs\/wp-json\/wp\/v2\/media\/52390"}],"wp:attachment":[{"href":"https:\/\/balkangreenenergynews.com\/rs\/wp-json\/wp\/v2\/media?parent=52377"}],"wp:term":[{"taxonomy":"category","embeddable":true,"href":"https:\/\/balkangreenenergynews.com\/rs\/wp-json\/wp\/v2\/categories?post=52377"},{"taxonomy":"post_tag","embeddable":true,"href":"https:\/\/balkangreenenergynews.com\/rs\/wp-json\/wp\/v2\/tags?post=52377"}],"curies":[{"name":"wp","href":"https:\/\/api.w.org\/{rel}","templated":true}]}}