{"id":51622,"date":"2022-09-05T16:28:12","date_gmt":"2022-09-05T14:28:12","guid":{"rendered":"https:\/\/balkangreenenergynews.com\/rs\/?p=51622"},"modified":"2022-09-05T17:36:54","modified_gmt":"2022-09-05T15:36:54","slug":"ko-u-srbiji-prvi-dograbi-vodu-taj-ima-primat-u-njenom-koriscenju","status":"publish","type":"post","link":"https:\/\/balkangreenenergynews.com\/rs\/ko-u-srbiji-prvi-dograbi-vodu-taj-ima-primat-u-njenom-koriscenju\/","title":{"rendered":"Ko u Srbiji prvi dograbi vodu, taj ima primat u njenom kori\u0161\u0107enju"},"content":{"rendered":"<h2>Po nalazima iz istra\u017eivanja <em>Na<strong>vodno<\/strong> pravo \u2013 Pravo na vodu u Republici Srbiji,<\/em> milion stanovnika povremeno ili stalno nema pristup \u010distoj pija\u0107oj vodi. Autori i stru\u010dnjaci upozoravaju da i dalje nema integralnog i strate\u0161kog pristupa razvoju vodnih resursa i njihovoj eksploataciji.<\/h2>\n<p>Istra\u017eiva\u010dki tim inicijative Pravo na vodu je analizirao upravljanje vodom i vodnim dobrima <a href=\"https:\/\/balkangreenenergynews.com\/rs\/povucene-sporne-izmene-zakona-o-vodama-protest-ipak-odrzan\/\">u Srbiji,<\/a> doma\u0107i i me\u0111unarodni pravni okvir koji reguli\u0161u pravo na vodu kao i dostupnost ispravne vode iz perspektive javnog zdravlja. Rezultati koje je Organizacija za politi\u010dku ekologiju (Polekol) objavila u izve\u0161taju <em>Na<strong>vodno<\/strong> pravo \u2013 Pravo na vodu u Republici Srbiji <\/em>objedinjuju javne podatke i informacije dobijene iz serije intervjua s relevantnim stru\u010dnjacima.<\/p>\n<blockquote><p>\u017divkovi\u0107: Institucije treba da budu brana konkurentskim i privatnim interesima<\/p><\/blockquote>\n<p>&#8222;Nema strate\u0161kog pristupa. Ko prvi dograbi resurs, taj \u0107e imati primat. Prirodno je da postoje konkurentski interesi, ali neko to mora da posla\u017ee i mi insistiramo na institucijama zato \u0161to one treba da budu brana tim konkurentskim i privatnim interesima. Na lokalu vidimo da nema ni strate\u0161kog pristupa eksploataciji, nego je to potpuni haos. Trebaju nam institucije. Trebaju nam stru\u010dni ljudi koji \u0107e raditi u na\u0161em, javnom interesu. Jedini na\u010din da to osiguramo je da to bude u javnom vlasni\u0161tvu i pod demokratskom kontrolom&#8220;, izjavila je jedna od autora \u017daklina \u017divkovi\u0107.<\/p>\n<p>Publikacija je namenjena gra\u0111anima i lokalnim organizacijama, rekla je na konferenciji za \u0161tampu u Medija centru u Beogradu. Treba da im pomogne da sagledaju svoje probleme, da se ujedine i da sara\u0111uju, navodi \u017divkovi\u0107.<\/p>\n<h3>Privatizacija pogor\u0161ava stanje izazvano klimatskim promenama i zaga\u0111ivanjem vode<\/h3>\n<p>U dokumentu je nagla\u0161eno da su pro\u0161le godine na teritoriji 23 lokalne samouprave zabele\u017eene restrikcije u vodosnabdevanju. Autori i\u00a0hidrogeolozi, geolozi i gra\u0111evinski in\u017eenjeri s kojima su razgovarali to pripisuju klimatskim promenama ali i privatizaciji i velikom zaga\u0111ivanju vode.<\/p>\n<p>Procenili su da milion gra\u0111ana Srbije povremeno ili stalno nema prostup \u010distoj pija\u0107oj vodi. Pritom je <a href=\"https:\/\/balkangreenenergynews.com\/rs\/zrenjanin-i-metito-potpisali-ugovor-pijaca-voda-stize-2024\/\">Zrenjanin<\/a> ve\u0107 18 godina bez zdrave pija\u0107e vode.<\/p>\n<p>\u017daklina \u017divkovi\u0107 je navela da komercijalna upotreba vode ima primat nau\u0161trb prioriteta po evropskim i svetskim standardima \u2013 vodosnabdevanja i za\u0161tite prirode. U svetlu klimatskih promena i krize koja poga\u0111a vodna dobra, u Srbiji treba da se primeni princip integralnog upravljanja vodama, izjavila je.<\/p>\n<h3>Srbija kr\u0161i me\u0111unarodne obaveze<\/h3>\n<p>Pravni ekspert Danilo \u0106ur\u010di\u0107 je napisao poglavlje o me\u0111unarodnom pravnom okviru za za\u0161titu prava na vodu, s osvrtom na situaciju u Srbiji. Pravo na vodu nije eksplicitno prepoznato u zakonima i dr\u017eavnim strate\u0161kim dokumentima, istakao je i dodao da vlasti ne preduzimaju korake da se to promeni.<\/p>\n<blockquote><p>Posebno je va\u017ena za\u0161tita najugro\u017eenijih, a neophodno je i da se progresivno unapre\u0111uje pristup vodi, upozorio je pravni ekspert Danilo \u0106ur\u010di\u0107<\/p><\/blockquote>\n<p>Navedeni podaci o neadekvatnom pristupu \u010distoj vodi ukazuju na povrede me\u0111unarodnih obaveza Srbije u pogledu po\u0161tovanja prava na vodu i na zdravlje, po njegovim re\u010dima. Posebno je va\u017ena za\u0161tita najugro\u017eenijih, a neophodno je i da se progresivno unapre\u0111uje pristup vodi, upozorio je \u0106ur\u010di\u0107.<\/p>\n<p>Pravo na vodu je eksplicitno prepoznato kao pojedina\u010dno ljudsko pravo 2010. rezolucijom Generalne skup\u0161tine Ujedinjenih nacija. U Jugoisto\u010dnoj Evropi je zna\u010dajan primer Slovenije, koja je 2016. pravo na vodu uvrstila u svoj ustav, a aktivistkinje i aktivisti su pro\u0161le godine izdejstvovali odr\u017eavanje referenduma na kojem su glasa\u010di <a href=\"https:\/\/balkangreenenergynews.com\/rs\/slovenci-na-referendumu-dobili-bitku-za-pijacu-vodu\/\">poni\u0161tili usvajanje Zakona o vodama.<\/a><\/p>\n<h3>Institucijama nedostaju resursi, a pre\u010desto nastupaju sa suprotstavljenih pozicija<\/h3>\n<p>Iskra Krsti\u0107, koja je sa \u017daklinom \u017divkovi\u0107 napisala poglavlje o integralnom upravljanju vodnim dobrima i njihovoj za\u0161titi, kazala je da Srbija ne spada u najugro\u017eenije zemlje, budu\u0107i da ima duplo vi\u0161e vode od nivoa koji su Ujedinjene nacije odredile za vodno siroma\u0161tvo. Ipak, i dalje mo\u017ee postati izuzetno ugro\u017eena, izjavila je.<\/p>\n<blockquote><p>Gra\u0111ani i gra\u0111anke nisu imali mogu\u0107nost da u\u010destvuju u odlu\u010divanju o projektu \u010cista Srbija za izgradnju kanalizacije i pre\u010di\u0161\u0107iva\u010da otpadnih voda<\/p><\/blockquote>\n<p>&#8222;Imamo Vojvodinu, u kojoj je veliki problem sa zaga\u0111enim podzemnim vodama, i imamo centralnu Srbiju, u kojoj je taj problem mnogo manji i u kojoj jo\u0161 ima \u0161anse da se razvijaju upravo podzemna vodoizvori\u0161ta&#8220;, ka\u017ee Krsti\u0107. Stru\u010dnjaci koji su u\u010destvovali u istra\u017eivanju posebno isti\u010du nedostatak podataka i da specijalizovane institucije nemaju resursa te da ne sara\u0111uju i ne dostavljaju ih javnosti, navela je.<\/p>\n<p>Naime, nekoliko ministarstava koja su zadu\u017eena za vodu \u010de\u0161\u0107e su suprotstavljena nego \u0161to sara\u0111uju, dodaje Iskra Krsti\u0107. U aktuelnom sistemu su lokalne samouprave pritom upu\u0107ene na samofinansiranje, izjavila je.<\/p>\n<h3>Vodosnabdevanje vratiti u ruke javnog sektora<\/h3>\n<p>Autori i autorke izme\u0111u ostalog preporu\u010duju da se vodosnabdevanje vrati u ruke javnog sektora, posebno putem izmena Zakona o komunalnim delatnostima, jer je u poslednjoj verziji, usvojenoj radi izgradnje fabrike vode u Zrenjaninu, otvoren put ka privatizaciji. Dalje, mora da se uvede transparentnost za velike investicije i da se gra\u0111ani uklju\u010de u odlu\u010divanje o njima, rekla je Krsti\u0107 i naglasila da se o projektu <a href=\"https:\/\/balkangreenenergynews.com\/rs\/ssrbija-ulaze-milijarde-evra-za-projekte-izgradnje-sistema-za-preciscavanje-otpadnih-voda\/\">\u010cista Srbija<\/a> za izgradnju kanalizacije i pre\u010di\u0161\u0107iva\u010da otpadnih voda \u010dulo samo preko medija.<\/p>\n<p>Prose\u010dni gubici na mre\u017ei u Srbiji iznose 30 odsto, a u nekim mestima su i \u010ditavih 70 procenata. Stru\u010dnjaci obja\u0161njavaju da gubitaka mora biti, ali da su gubici iznad 10 odsto nerentabilni.<\/p>\n","protected":false},"excerpt":{"rendered":"<p>Po nalazima iz istra\u017eivanja Navodno pravo \u2013 Pravo na vodu u Republici Srbiji, milion stanovnika povremeno ili stalno nema pristup \u010distoj vodi<\/p>\n","protected":false},"author":27,"featured_media":51641,"comment_status":"open","ping_status":"open","sticky":false,"template":"","format":"standard","meta":{"_acf_changed":false,"_monsterinsights_skip_tracking":false,"_monsterinsights_sitenote_active":false,"_monsterinsights_sitenote_note":"","_monsterinsights_sitenote_category":0,"footnotes":""},"categories":[6],"tags":[6511,995,3105,6301,4993],"class_list":["post-51622","post","type-post","status-publish","format-standard","has-post-thumbnail","hentry","category-voda","tag-kanalizacija","tag-otpadne-vode","tag-pijaca-voda","tag-pravo-na-vodu","tag-voda","country-srbija"],"acf":[],"yoast_head":"<!-- This site is optimized with the Yoast SEO plugin v27.4 - https:\/\/yoast.com\/product\/yoast-seo-wordpress\/ -->\n<title>Ko u Srbiji prvi dograbi vodu, taj ima primat u njenom kori\u0161\u0107enju<\/title>\n<meta name=\"description\" content=\"Po nalazima iz istra\u017eivanja Navodno pravo \u2013 Pravo na vodu u Republici Srbiji, milion stanovnika povremeno ili stalno nema pristup \u010distoj vodi.\" \/>\n<meta name=\"robots\" content=\"index, follow, max-snippet:-1, max-image-preview:large, max-video-preview:-1\" \/>\n<link rel=\"canonical\" href=\"https:\/\/balkangreenenergynews.com\/rs\/ko-u-srbiji-prvi-dograbi-vodu-taj-ima-primat-u-njenom-koriscenju\/\" \/>\n<meta property=\"og:locale\" content=\"sr_RS\" \/>\n<meta property=\"og:type\" content=\"article\" \/>\n<meta property=\"og:title\" content=\"Ko u Srbiji prvi dograbi vodu, taj ima primat u njenom kori\u0161\u0107enju\" \/>\n<meta property=\"og:description\" content=\"Po nalazima iz istra\u017eivanja Navodno pravo \u2013 Pravo na vodu u Republici Srbiji, milion stanovnika povremeno ili stalno nema pristup \u010distoj vodi.\" \/>\n<meta property=\"og:url\" content=\"https:\/\/balkangreenenergynews.com\/rs\/ko-u-srbiji-prvi-dograbi-vodu-taj-ima-primat-u-njenom-koriscenju\/\" \/>\n<meta property=\"og:site_name\" content=\"Balkan Green Energy News\" \/>\n<meta property=\"article:published_time\" content=\"2022-09-05T14:28:12+00:00\" \/>\n<meta property=\"article:modified_time\" content=\"2022-09-05T15:36:54+00:00\" \/>\n<meta property=\"og:image\" content=\"https:\/\/balkangreenenergynews.com\/rs\/wp-content\/uploads\/2022\/09\/Ko-u-Srbiji-prvi-dograbi-vodu-ima-primat-koriscenju.jpg\" \/>\n\t<meta property=\"og:image:width\" content=\"840\" \/>\n\t<meta property=\"og:image:height\" content=\"430\" \/>\n\t<meta property=\"og:image:type\" content=\"image\/jpeg\" \/>\n<meta name=\"author\" content=\"Igor Todorovi\u0107\" \/>\n<meta name=\"twitter:card\" content=\"summary_large_image\" \/>\n<meta name=\"twitter:label1\" content=\"\u041d\u0430\u043f\u0438\u0441\u0430\u043d\u043e \u043e\u0434\" \/>\n\t<meta name=\"twitter:data1\" content=\"Igor Todorovi\u0107\" \/>\n\t<meta name=\"twitter:label2\" content=\"\u041f\u0440\u043e\u0446\u0435\u045a\u0435\u043d\u043e \u0432\u0440\u0435\u043c\u0435 \u0447\u0438\u0442\u0430\u045a\u0430\" \/>\n\t<meta name=\"twitter:data2\" content=\"5 \u043c\u0438\u043d\u0443\u0442\u0430\" \/>\n<script type=\"application\/ld+json\" class=\"yoast-schema-graph\">{\"@context\":\"https:\\\/\\\/schema.org\",\"@graph\":[{\"@type\":\"Article\",\"@id\":\"https:\\\/\\\/balkangreenenergynews.com\\\/rs\\\/ko-u-srbiji-prvi-dograbi-vodu-taj-ima-primat-u-njenom-koriscenju\\\/#article\",\"isPartOf\":{\"@id\":\"https:\\\/\\\/balkangreenenergynews.com\\\/rs\\\/ko-u-srbiji-prvi-dograbi-vodu-taj-ima-primat-u-njenom-koriscenju\\\/\"},\"author\":{\"name\":\"Igor Todorovi\u0107\",\"@id\":\"https:\\\/\\\/balkangreenenergynews.com\\\/rs\\\/#\\\/schema\\\/person\\\/d8f80a244c4e9f2b55e4f6968c253246\"},\"headline\":\"Ko u Srbiji prvi dograbi vodu, taj ima primat u njenom kori\u0161\u0107enju\",\"datePublished\":\"2022-09-05T14:28:12+00:00\",\"dateModified\":\"2022-09-05T15:36:54+00:00\",\"mainEntityOfPage\":{\"@id\":\"https:\\\/\\\/balkangreenenergynews.com\\\/rs\\\/ko-u-srbiji-prvi-dograbi-vodu-taj-ima-primat-u-njenom-koriscenju\\\/\"},\"wordCount\":919,\"commentCount\":0,\"image\":{\"@id\":\"https:\\\/\\\/balkangreenenergynews.com\\\/rs\\\/ko-u-srbiji-prvi-dograbi-vodu-taj-ima-primat-u-njenom-koriscenju\\\/#primaryimage\"},\"thumbnailUrl\":\"https:\\\/\\\/balkangreenenergynews.com\\\/rs\\\/wp-content\\\/uploads\\\/2022\\\/09\\\/Ko-u-Srbiji-prvi-dograbi-vodu-ima-primat-koriscenju.jpg?wsr\",\"keywords\":[\"kanalizacija\",\"otpadne vode\",\"pija\u0107a voda\",\"pravo na vodu\",\"voda\"],\"articleSection\":[\"Voda\"],\"inLanguage\":\"sr-RS\",\"potentialAction\":[{\"@type\":\"CommentAction\",\"name\":\"Comment\",\"target\":[\"https:\\\/\\\/balkangreenenergynews.com\\\/rs\\\/ko-u-srbiji-prvi-dograbi-vodu-taj-ima-primat-u-njenom-koriscenju\\\/#respond\"]}]},{\"@type\":\"WebPage\",\"@id\":\"https:\\\/\\\/balkangreenenergynews.com\\\/rs\\\/ko-u-srbiji-prvi-dograbi-vodu-taj-ima-primat-u-njenom-koriscenju\\\/\",\"url\":\"https:\\\/\\\/balkangreenenergynews.com\\\/rs\\\/ko-u-srbiji-prvi-dograbi-vodu-taj-ima-primat-u-njenom-koriscenju\\\/\",\"name\":\"Ko u Srbiji prvi dograbi vodu, taj ima primat u njenom kori\u0161\u0107enju\",\"isPartOf\":{\"@id\":\"https:\\\/\\\/balkangreenenergynews.com\\\/rs\\\/#website\"},\"primaryImageOfPage\":{\"@id\":\"https:\\\/\\\/balkangreenenergynews.com\\\/rs\\\/ko-u-srbiji-prvi-dograbi-vodu-taj-ima-primat-u-njenom-koriscenju\\\/#primaryimage\"},\"image\":{\"@id\":\"https:\\\/\\\/balkangreenenergynews.com\\\/rs\\\/ko-u-srbiji-prvi-dograbi-vodu-taj-ima-primat-u-njenom-koriscenju\\\/#primaryimage\"},\"thumbnailUrl\":\"https:\\\/\\\/balkangreenenergynews.com\\\/rs\\\/wp-content\\\/uploads\\\/2022\\\/09\\\/Ko-u-Srbiji-prvi-dograbi-vodu-ima-primat-koriscenju.jpg?wsr\",\"datePublished\":\"2022-09-05T14:28:12+00:00\",\"dateModified\":\"2022-09-05T15:36:54+00:00\",\"author\":{\"@id\":\"https:\\\/\\\/balkangreenenergynews.com\\\/rs\\\/#\\\/schema\\\/person\\\/d8f80a244c4e9f2b55e4f6968c253246\"},\"description\":\"Po nalazima iz istra\u017eivanja Navodno pravo \u2013 Pravo na vodu u Republici Srbiji, milion stanovnika povremeno ili stalno nema pristup \u010distoj vodi.\",\"breadcrumb\":{\"@id\":\"https:\\\/\\\/balkangreenenergynews.com\\\/rs\\\/ko-u-srbiji-prvi-dograbi-vodu-taj-ima-primat-u-njenom-koriscenju\\\/#breadcrumb\"},\"inLanguage\":\"sr-RS\",\"potentialAction\":[{\"@type\":\"ReadAction\",\"target\":[\"https:\\\/\\\/balkangreenenergynews.com\\\/rs\\\/ko-u-srbiji-prvi-dograbi-vodu-taj-ima-primat-u-njenom-koriscenju\\\/\"]}]},{\"@type\":\"ImageObject\",\"inLanguage\":\"sr-RS\",\"@id\":\"https:\\\/\\\/balkangreenenergynews.com\\\/rs\\\/ko-u-srbiji-prvi-dograbi-vodu-taj-ima-primat-u-njenom-koriscenju\\\/#primaryimage\",\"url\":\"https:\\\/\\\/balkangreenenergynews.com\\\/rs\\\/wp-content\\\/uploads\\\/2022\\\/09\\\/Ko-u-Srbiji-prvi-dograbi-vodu-ima-primat-koriscenju.jpg?wsr\",\"contentUrl\":\"https:\\\/\\\/balkangreenenergynews.com\\\/rs\\\/wp-content\\\/uploads\\\/2022\\\/09\\\/Ko-u-Srbiji-prvi-dograbi-vodu-ima-primat-koriscenju.jpg?wsr\",\"width\":840,\"height\":430,\"caption\":\"Ko u Srbiji prvi dograbi vodu ima primat koriscenju pravo na vodu\"},{\"@type\":\"BreadcrumbList\",\"@id\":\"https:\\\/\\\/balkangreenenergynews.com\\\/rs\\\/ko-u-srbiji-prvi-dograbi-vodu-taj-ima-primat-u-njenom-koriscenju\\\/#breadcrumb\",\"itemListElement\":[{\"@type\":\"ListItem\",\"position\":1,\"name\":\"Po\u010detna\",\"item\":\"https:\\\/\\\/balkangreenenergynews.com\\\/rs\\\/\"},{\"@type\":\"ListItem\",\"position\":2,\"name\":\"Vesti\",\"item\":\"https:\\\/\\\/balkangreenenergynews.com\\\/rs\\\/kategorija\\\/vesti\\\/\"},{\"@type\":\"ListItem\",\"position\":3,\"name\":\"Voda\",\"item\":\"https:\\\/\\\/balkangreenenergynews.com\\\/rs\\\/kategorija\\\/vesti\\\/voda\\\/\"},{\"@type\":\"ListItem\",\"position\":4,\"name\":\"Ko u Srbiji prvi dograbi vodu, taj ima primat u njenom kori\u0161\u0107enju\"}]},{\"@type\":\"WebSite\",\"@id\":\"https:\\\/\\\/balkangreenenergynews.com\\\/rs\\\/#website\",\"url\":\"https:\\\/\\\/balkangreenenergynews.com\\\/rs\\\/\",\"name\":\"Balkan Green Energy News\",\"description\":\"Naj\u0161iri izbor vesti sa Balkana o zelenoj energiji\",\"potentialAction\":[{\"@type\":\"SearchAction\",\"target\":{\"@type\":\"EntryPoint\",\"urlTemplate\":\"https:\\\/\\\/balkangreenenergynews.com\\\/rs\\\/?s={search_term_string}\"},\"query-input\":{\"@type\":\"PropertyValueSpecification\",\"valueRequired\":true,\"valueName\":\"search_term_string\"}}],\"inLanguage\":\"sr-RS\"},{\"@type\":\"Person\",\"@id\":\"https:\\\/\\\/balkangreenenergynews.com\\\/rs\\\/#\\\/schema\\\/person\\\/d8f80a244c4e9f2b55e4f6968c253246\",\"name\":\"Igor Todorovi\u0107\",\"url\":\"https:\\\/\\\/balkangreenenergynews.com\\\/rs\\\/author\\\/igor-todorovic\\\/\"}]}<\/script>\n<!-- \/ Yoast SEO plugin. -->","yoast_head_json":{"title":"Ko u Srbiji prvi dograbi vodu, taj ima primat u njenom kori\u0161\u0107enju","description":"Po nalazima iz istra\u017eivanja Navodno pravo \u2013 Pravo na vodu u Republici Srbiji, milion stanovnika povremeno ili stalno nema pristup \u010distoj vodi.","robots":{"index":"index","follow":"follow","max-snippet":"max-snippet:-1","max-image-preview":"max-image-preview:large","max-video-preview":"max-video-preview:-1"},"canonical":"https:\/\/balkangreenenergynews.com\/rs\/ko-u-srbiji-prvi-dograbi-vodu-taj-ima-primat-u-njenom-koriscenju\/","og_locale":"sr_RS","og_type":"article","og_title":"Ko u Srbiji prvi dograbi vodu, taj ima primat u njenom kori\u0161\u0107enju","og_description":"Po nalazima iz istra\u017eivanja Navodno pravo \u2013 Pravo na vodu u Republici Srbiji, milion stanovnika povremeno ili stalno nema pristup \u010distoj vodi.","og_url":"https:\/\/balkangreenenergynews.com\/rs\/ko-u-srbiji-prvi-dograbi-vodu-taj-ima-primat-u-njenom-koriscenju\/","og_site_name":"Balkan Green Energy News","article_published_time":"2022-09-05T14:28:12+00:00","article_modified_time":"2022-09-05T15:36:54+00:00","og_image":[{"width":840,"height":430,"url":"https:\/\/balkangreenenergynews.com\/rs\/wp-content\/uploads\/2022\/09\/Ko-u-Srbiji-prvi-dograbi-vodu-ima-primat-koriscenju.jpg","type":"image\/jpeg"}],"author":"Igor Todorovi\u0107","twitter_card":"summary_large_image","twitter_misc":{"\u041d\u0430\u043f\u0438\u0441\u0430\u043d\u043e \u043e\u0434":"Igor Todorovi\u0107","\u041f\u0440\u043e\u0446\u0435\u045a\u0435\u043d\u043e \u0432\u0440\u0435\u043c\u0435 \u0447\u0438\u0442\u0430\u045a\u0430":"5 \u043c\u0438\u043d\u0443\u0442\u0430"},"schema":{"@context":"https:\/\/schema.org","@graph":[{"@type":"Article","@id":"https:\/\/balkangreenenergynews.com\/rs\/ko-u-srbiji-prvi-dograbi-vodu-taj-ima-primat-u-njenom-koriscenju\/#article","isPartOf":{"@id":"https:\/\/balkangreenenergynews.com\/rs\/ko-u-srbiji-prvi-dograbi-vodu-taj-ima-primat-u-njenom-koriscenju\/"},"author":{"name":"Igor Todorovi\u0107","@id":"https:\/\/balkangreenenergynews.com\/rs\/#\/schema\/person\/d8f80a244c4e9f2b55e4f6968c253246"},"headline":"Ko u Srbiji prvi dograbi vodu, taj ima primat u njenom kori\u0161\u0107enju","datePublished":"2022-09-05T14:28:12+00:00","dateModified":"2022-09-05T15:36:54+00:00","mainEntityOfPage":{"@id":"https:\/\/balkangreenenergynews.com\/rs\/ko-u-srbiji-prvi-dograbi-vodu-taj-ima-primat-u-njenom-koriscenju\/"},"wordCount":919,"commentCount":0,"image":{"@id":"https:\/\/balkangreenenergynews.com\/rs\/ko-u-srbiji-prvi-dograbi-vodu-taj-ima-primat-u-njenom-koriscenju\/#primaryimage"},"thumbnailUrl":"https:\/\/balkangreenenergynews.com\/rs\/wp-content\/uploads\/2022\/09\/Ko-u-Srbiji-prvi-dograbi-vodu-ima-primat-koriscenju.jpg?wsr","keywords":["kanalizacija","otpadne vode","pija\u0107a voda","pravo na vodu","voda"],"articleSection":["Voda"],"inLanguage":"sr-RS","potentialAction":[{"@type":"CommentAction","name":"Comment","target":["https:\/\/balkangreenenergynews.com\/rs\/ko-u-srbiji-prvi-dograbi-vodu-taj-ima-primat-u-njenom-koriscenju\/#respond"]}]},{"@type":"WebPage","@id":"https:\/\/balkangreenenergynews.com\/rs\/ko-u-srbiji-prvi-dograbi-vodu-taj-ima-primat-u-njenom-koriscenju\/","url":"https:\/\/balkangreenenergynews.com\/rs\/ko-u-srbiji-prvi-dograbi-vodu-taj-ima-primat-u-njenom-koriscenju\/","name":"Ko u Srbiji prvi dograbi vodu, taj ima primat u njenom kori\u0161\u0107enju","isPartOf":{"@id":"https:\/\/balkangreenenergynews.com\/rs\/#website"},"primaryImageOfPage":{"@id":"https:\/\/balkangreenenergynews.com\/rs\/ko-u-srbiji-prvi-dograbi-vodu-taj-ima-primat-u-njenom-koriscenju\/#primaryimage"},"image":{"@id":"https:\/\/balkangreenenergynews.com\/rs\/ko-u-srbiji-prvi-dograbi-vodu-taj-ima-primat-u-njenom-koriscenju\/#primaryimage"},"thumbnailUrl":"https:\/\/balkangreenenergynews.com\/rs\/wp-content\/uploads\/2022\/09\/Ko-u-Srbiji-prvi-dograbi-vodu-ima-primat-koriscenju.jpg?wsr","datePublished":"2022-09-05T14:28:12+00:00","dateModified":"2022-09-05T15:36:54+00:00","author":{"@id":"https:\/\/balkangreenenergynews.com\/rs\/#\/schema\/person\/d8f80a244c4e9f2b55e4f6968c253246"},"description":"Po nalazima iz istra\u017eivanja Navodno pravo \u2013 Pravo na vodu u Republici Srbiji, milion stanovnika povremeno ili stalno nema pristup \u010distoj vodi.","breadcrumb":{"@id":"https:\/\/balkangreenenergynews.com\/rs\/ko-u-srbiji-prvi-dograbi-vodu-taj-ima-primat-u-njenom-koriscenju\/#breadcrumb"},"inLanguage":"sr-RS","potentialAction":[{"@type":"ReadAction","target":["https:\/\/balkangreenenergynews.com\/rs\/ko-u-srbiji-prvi-dograbi-vodu-taj-ima-primat-u-njenom-koriscenju\/"]}]},{"@type":"ImageObject","inLanguage":"sr-RS","@id":"https:\/\/balkangreenenergynews.com\/rs\/ko-u-srbiji-prvi-dograbi-vodu-taj-ima-primat-u-njenom-koriscenju\/#primaryimage","url":"https:\/\/balkangreenenergynews.com\/rs\/wp-content\/uploads\/2022\/09\/Ko-u-Srbiji-prvi-dograbi-vodu-ima-primat-koriscenju.jpg?wsr","contentUrl":"https:\/\/balkangreenenergynews.com\/rs\/wp-content\/uploads\/2022\/09\/Ko-u-Srbiji-prvi-dograbi-vodu-ima-primat-koriscenju.jpg?wsr","width":840,"height":430,"caption":"Ko u Srbiji prvi dograbi vodu ima primat koriscenju pravo na vodu"},{"@type":"BreadcrumbList","@id":"https:\/\/balkangreenenergynews.com\/rs\/ko-u-srbiji-prvi-dograbi-vodu-taj-ima-primat-u-njenom-koriscenju\/#breadcrumb","itemListElement":[{"@type":"ListItem","position":1,"name":"Po\u010detna","item":"https:\/\/balkangreenenergynews.com\/rs\/"},{"@type":"ListItem","position":2,"name":"Vesti","item":"https:\/\/balkangreenenergynews.com\/rs\/kategorija\/vesti\/"},{"@type":"ListItem","position":3,"name":"Voda","item":"https:\/\/balkangreenenergynews.com\/rs\/kategorija\/vesti\/voda\/"},{"@type":"ListItem","position":4,"name":"Ko u Srbiji prvi dograbi vodu, taj ima primat u njenom kori\u0161\u0107enju"}]},{"@type":"WebSite","@id":"https:\/\/balkangreenenergynews.com\/rs\/#website","url":"https:\/\/balkangreenenergynews.com\/rs\/","name":"Balkan Green Energy News","description":"Naj\u0161iri izbor vesti sa Balkana o zelenoj energiji","potentialAction":[{"@type":"SearchAction","target":{"@type":"EntryPoint","urlTemplate":"https:\/\/balkangreenenergynews.com\/rs\/?s={search_term_string}"},"query-input":{"@type":"PropertyValueSpecification","valueRequired":true,"valueName":"search_term_string"}}],"inLanguage":"sr-RS"},{"@type":"Person","@id":"https:\/\/balkangreenenergynews.com\/rs\/#\/schema\/person\/d8f80a244c4e9f2b55e4f6968c253246","name":"Igor Todorovi\u0107","url":"https:\/\/balkangreenenergynews.com\/rs\/author\/igor-todorovic\/"}]}},"_links":{"self":[{"href":"https:\/\/balkangreenenergynews.com\/rs\/wp-json\/wp\/v2\/posts\/51622","targetHints":{"allow":["GET"]}}],"collection":[{"href":"https:\/\/balkangreenenergynews.com\/rs\/wp-json\/wp\/v2\/posts"}],"about":[{"href":"https:\/\/balkangreenenergynews.com\/rs\/wp-json\/wp\/v2\/types\/post"}],"author":[{"embeddable":true,"href":"https:\/\/balkangreenenergynews.com\/rs\/wp-json\/wp\/v2\/users\/27"}],"replies":[{"embeddable":true,"href":"https:\/\/balkangreenenergynews.com\/rs\/wp-json\/wp\/v2\/comments?post=51622"}],"version-history":[{"count":0,"href":"https:\/\/balkangreenenergynews.com\/rs\/wp-json\/wp\/v2\/posts\/51622\/revisions"}],"wp:featuredmedia":[{"embeddable":true,"href":"https:\/\/balkangreenenergynews.com\/rs\/wp-json\/wp\/v2\/media\/51641"}],"wp:attachment":[{"href":"https:\/\/balkangreenenergynews.com\/rs\/wp-json\/wp\/v2\/media?parent=51622"}],"wp:term":[{"taxonomy":"category","embeddable":true,"href":"https:\/\/balkangreenenergynews.com\/rs\/wp-json\/wp\/v2\/categories?post=51622"},{"taxonomy":"post_tag","embeddable":true,"href":"https:\/\/balkangreenenergynews.com\/rs\/wp-json\/wp\/v2\/tags?post=51622"}],"curies":[{"name":"wp","href":"https:\/\/api.w.org\/{rel}","templated":true}]}}