{"id":51526,"date":"2022-08-31T19:31:39","date_gmt":"2022-08-31T17:31:39","guid":{"rendered":"https:\/\/balkangreenenergynews.com\/rs\/?p=51526"},"modified":"2022-09-04T14:24:59","modified_gmt":"2022-09-04T12:24:59","slug":"severna-makedonija-sledi-primer-zemalja-iz-regiona-i-uvodi-olaksice-za-prozjumere","status":"publish","type":"post","link":"https:\/\/balkangreenenergynews.com\/rs\/severna-makedonija-sledi-primer-zemalja-iz-regiona-i-uvodi-olaksice-za-prozjumere\/","title":{"rendered":"Severna Makedonija sledi primer zemalja iz regiona i uvodi olak\u0161ice za prozjumere"},"content":{"rendered":"<h2>Jedna po jedna, zemlje regiona po\u010dinju da uvi\u0111aju zna\u010daj prozjumera i proizvodnje sopstvene elektri\u010dne energije u borbi sa energetskom krizom i rekordnim cenama struje. Slede\u0107i primer Hrvatske, Crne Gore, Srbije i Federacije BiH, i Vlada Severne Makedonije sada radi na tome da podstakne doma\u0107instva i firme da po\u010dnu da koriste solarnu energiju, pa je tako predlo\u017eeno da se pojednostavi procedura za postavljanje malih fotonaponskih elektrana na krovovima ku\u0107a i poslovnih zgrada.<\/h2>\n<p>Pojednostavljena procedura, koja \u0107e biti uvedena predlo\u017eenim izmenama zakona o izgradnji, \u0107e va\u017eiti za solarne sisteme snage do 6 kW na privatnim ku\u0107ama i do 40 kW na zgradama u vlasni\u0161tvu pravnih lica.<\/p>\n<blockquote><p>Gra\u0111ani i firme vi\u0161e ne\u0107e morati da pribavljaju odobrenje od op\u0161tine za instaliraje solarne elektrane<\/p><\/blockquote>\n<p><a href=\"https:\/\/balkangreenenergynews.com\/rs\/severna-makedonija-razmatra-mogucnost-promene-modela-za-aukcije-za-zelenu-energiju\/\">Prema predlo\u017eenim zakonskim izmenama,<\/a> gra\u0111anima i firmama vi\u0161e ne\u0107e biti potrebno odobrenje ili odluka op\u0161tine za instaliranje fotonaponske elektrane, kao \u0161to je bio slu\u010daj do sada, objasnio je ministar transporta i komunikacija Blagoj Bo\u010dvarski.<\/p>\n<p>Investitori \u0107e jedino imati obavezu da obaveste lokalne vlasti o postavljanju elektrane i dostave potrebnu dokumentaciju, objasnio je on.<\/p>\n<blockquote><p>Ograni\u010denje od 1 MW za elektrane koje odobrava op\u0161tina se tako\u0111e ukida<\/p><\/blockquote>\n<p>Predlo\u017eenim izmenama \u0107e se ukinuti i ograni\u010denje od 1 MW za elektrane na zgradama koje se postavljaju uz odobrenje lokalne vlasti, rekao je on. \u0160to se ti\u010de stambenih zgrada, solarnu elektranu mo\u017ee instalirati zajednica stanara, uz pismeno odobrenje ve\u0107ine vlasnika stambenih jedinica, dodao je Bo\u010dvarski.<\/p>\n<blockquote><p>Federacija BiH ukida gra\u0111evinske dozvole za male solarne elektrane<\/p><\/blockquote>\n<p>I Federacija BiH je izradila <a href=\"https:\/\/balkangreenenergynews.com\/rs\/pojednostaljaju-se-procedure-za-elektrane-do-1-mw-u-federaciji-bih\/\">nacrt<\/a> izmena zakona kojima \u0107e se olak\u0161ati procedura za instalaciju malih solarnih i vetroelektrana, snage do 1 MW, za doma\u0107instva i firme koje \u017eele da proizvode elektri\u010dnu energiju za sopstvene potrebe, bez predavanja u mre\u017eu. Za takve projekte, kao i za skladi\u0161tenje energije u postrojenjima snage do 500 kW, ne\u0107e biti potrebna gra\u0111evinska dozvola.<\/p>\n<blockquote><p>Hrvatska i Crna Gora ukidaju PDV na solarne panele<\/p><\/blockquote>\n<p>Hrvatska i Crna Gora nameravaju da prozjumere podstaknu tako \u0161to \u0107e ukinuti PDV na solarne panele. Hrvatska vlada se prva u regionu <a href=\"https:\/\/balkangreenenergynews.com\/rs\/solarni-paneli-u-hrvatskoj-prodavace-se-bez-pdv-a\/\">odlu\u010dila<\/a> na takav korak i najavila da \u0107e ukinuti PDV koji iznosi 25%. Nekoliko dana kasnije i crnogorsko ministarstvo ekonomskog razvoja je saop\u0161tilo da \u0107e <a href=\"https:\/\/balkangreenenergynews.com\/rs\/nakon-hrvatske-i-crna-gora-planira-da-ukine-porez-na-solar\/\">predlo\u017eiti<\/a> da se ukine PDV od 21% na solarne panele.<\/p>\n<blockquote><p>Srbija subvencioni\u0161e postavljanje solarnih elektrana, ali je ukupan bud\u017eet svega 1,7 miliona evra<\/p><\/blockquote>\n<p>U Srbiji dr\u017eava subvencioni\u0161e postavljanje solarnih panela, a tro\u0161ak subvencija deli sa sa lokalnim samoupravama. Me\u0111utim, Ministarstvo rudarstva i energetike je za ovu svrhu izdvojilo 100 miliona dinara, a lokalne samouprave treba da daju jo\u0161 toliko, pa \u0107e ukupne subvencije na nivou Srbije iznositi svega 200 miliona dinara (oko 1,7 miliona evra), ili 420,000 dinara po projektu.<\/p>\n","protected":false},"excerpt":{"rendered":"<p>Vlada je predlo\u017eila je da se pojednostavi procedura za postavljanje malih solarnih elektrana na krovovima ku\u0107a i poslovnih zgrada<\/p>\n","protected":false},"author":25,"featured_media":51532,"comment_status":"open","ping_status":"open","sticky":false,"template":"","format":"standard","meta":{"_acf_changed":false,"_monsterinsights_skip_tracking":false,"_monsterinsights_sitenote_active":false,"_monsterinsights_sitenote_note":"","_monsterinsights_sitenote_category":0,"footnotes":""},"categories":[6295,1],"tags":[5837,1445,1890,1109],"class_list":["post-51526","post","type-post","status-publish","format-standard","has-post-thumbnail","hentry","category-energetska-kriza","category-obnovljivi-izvori-energije","tag-krovne-solarne-elektrane","tag-prozjumeri","tag-solarne-elektrane","tag-subvencije","country-makedonija"],"acf":[],"yoast_head":"<!-- This site is optimized with the Yoast SEO plugin v27.4 - https:\/\/yoast.com\/product\/yoast-seo-wordpress\/ -->\n<title>Severna Makedonija sledi primer zemalja iz regiona i uvodi olak\u0161ice za prozjumere<\/title>\n<meta name=\"description\" content=\"Vlada je predlo\u017eila je da se pojednostavi procedura za postavljanje malih solarnih elektrana na krovovima ku\u0107a i poslovnih zgrada\" \/>\n<meta name=\"robots\" content=\"index, follow, max-snippet:-1, max-image-preview:large, max-video-preview:-1\" \/>\n<link rel=\"canonical\" href=\"https:\/\/balkangreenenergynews.com\/rs\/severna-makedonija-sledi-primer-zemalja-iz-regiona-i-uvodi-olaksice-za-prozjumere\/\" \/>\n<meta property=\"og:locale\" content=\"sr_RS\" \/>\n<meta property=\"og:type\" content=\"article\" \/>\n<meta property=\"og:title\" content=\"Severna Makedonija sledi primer zemalja iz regiona i uvodi olak\u0161ice za prozjumere\" \/>\n<meta property=\"og:description\" content=\"Vlada je predlo\u017eila je da se pojednostavi procedura za postavljanje malih solarnih elektrana na krovovima ku\u0107a i poslovnih zgrada\" \/>\n<meta property=\"og:url\" content=\"https:\/\/balkangreenenergynews.com\/rs\/severna-makedonija-sledi-primer-zemalja-iz-regiona-i-uvodi-olaksice-za-prozjumere\/\" \/>\n<meta property=\"og:site_name\" content=\"Balkan Green Energy News\" \/>\n<meta property=\"article:published_time\" content=\"2022-08-31T17:31:39+00:00\" \/>\n<meta property=\"article:modified_time\" content=\"2022-09-04T12:24:59+00:00\" \/>\n<meta property=\"og:image\" content=\"https:\/\/balkangreenenergynews.com\/rs\/wp-content\/uploads\/2022\/08\/krovne-solarne-elektrane.jpg\" \/>\n\t<meta property=\"og:image:width\" content=\"840\" \/>\n\t<meta property=\"og:image:height\" content=\"430\" \/>\n\t<meta property=\"og:image:type\" content=\"image\/jpeg\" \/>\n<meta name=\"author\" content=\"Balkan Green Energy News\" \/>\n<meta name=\"twitter:card\" content=\"summary_large_image\" \/>\n<meta name=\"twitter:label1\" content=\"\u041d\u0430\u043f\u0438\u0441\u0430\u043d\u043e \u043e\u0434\" \/>\n\t<meta name=\"twitter:data1\" content=\"Balkan Green Energy News\" \/>\n\t<meta name=\"twitter:label2\" content=\"\u041f\u0440\u043e\u0446\u0435\u045a\u0435\u043d\u043e \u0432\u0440\u0435\u043c\u0435 \u0447\u0438\u0442\u0430\u045a\u0430\" \/>\n\t<meta name=\"twitter:data2\" content=\"3 \u043c\u0438\u043d\u0443\u0442\u0430\" \/>\n<script type=\"application\/ld+json\" class=\"yoast-schema-graph\">{\"@context\":\"https:\\\/\\\/schema.org\",\"@graph\":[{\"@type\":\"Article\",\"@id\":\"https:\\\/\\\/balkangreenenergynews.com\\\/rs\\\/severna-makedonija-sledi-primer-zemalja-iz-regiona-i-uvodi-olaksice-za-prozjumere\\\/#article\",\"isPartOf\":{\"@id\":\"https:\\\/\\\/balkangreenenergynews.com\\\/rs\\\/severna-makedonija-sledi-primer-zemalja-iz-regiona-i-uvodi-olaksice-za-prozjumere\\\/\"},\"author\":{\"name\":\"Balkan Green Energy News\",\"@id\":\"https:\\\/\\\/balkangreenenergynews.com\\\/rs\\\/#\\\/schema\\\/person\\\/dee275e6036b1a0f7ceaf956d79d4eff\"},\"headline\":\"Severna Makedonija sledi primer zemalja iz regiona i uvodi olak\u0161ice za prozjumere\",\"datePublished\":\"2022-08-31T17:31:39+00:00\",\"dateModified\":\"2022-09-04T12:24:59+00:00\",\"mainEntityOfPage\":{\"@id\":\"https:\\\/\\\/balkangreenenergynews.com\\\/rs\\\/severna-makedonija-sledi-primer-zemalja-iz-regiona-i-uvodi-olaksice-za-prozjumere\\\/\"},\"wordCount\":483,\"commentCount\":0,\"image\":{\"@id\":\"https:\\\/\\\/balkangreenenergynews.com\\\/rs\\\/severna-makedonija-sledi-primer-zemalja-iz-regiona-i-uvodi-olaksice-za-prozjumere\\\/#primaryimage\"},\"thumbnailUrl\":\"https:\\\/\\\/balkangreenenergynews.com\\\/rs\\\/wp-content\\\/uploads\\\/2022\\\/08\\\/krovne-solarne-elektrane.jpg?wsr\",\"keywords\":[\"krovne solarne elektrane\",\"prozjumeri\",\"solarne elektrane\",\"subvencije\"],\"articleSection\":[\"Energetska kriza\",\"OIE\"],\"inLanguage\":\"sr-RS\",\"potentialAction\":[{\"@type\":\"CommentAction\",\"name\":\"Comment\",\"target\":[\"https:\\\/\\\/balkangreenenergynews.com\\\/rs\\\/severna-makedonija-sledi-primer-zemalja-iz-regiona-i-uvodi-olaksice-za-prozjumere\\\/#respond\"]}]},{\"@type\":\"WebPage\",\"@id\":\"https:\\\/\\\/balkangreenenergynews.com\\\/rs\\\/severna-makedonija-sledi-primer-zemalja-iz-regiona-i-uvodi-olaksice-za-prozjumere\\\/\",\"url\":\"https:\\\/\\\/balkangreenenergynews.com\\\/rs\\\/severna-makedonija-sledi-primer-zemalja-iz-regiona-i-uvodi-olaksice-za-prozjumere\\\/\",\"name\":\"Severna Makedonija sledi primer zemalja iz regiona i uvodi olak\u0161ice za prozjumere\",\"isPartOf\":{\"@id\":\"https:\\\/\\\/balkangreenenergynews.com\\\/rs\\\/#website\"},\"primaryImageOfPage\":{\"@id\":\"https:\\\/\\\/balkangreenenergynews.com\\\/rs\\\/severna-makedonija-sledi-primer-zemalja-iz-regiona-i-uvodi-olaksice-za-prozjumere\\\/#primaryimage\"},\"image\":{\"@id\":\"https:\\\/\\\/balkangreenenergynews.com\\\/rs\\\/severna-makedonija-sledi-primer-zemalja-iz-regiona-i-uvodi-olaksice-za-prozjumere\\\/#primaryimage\"},\"thumbnailUrl\":\"https:\\\/\\\/balkangreenenergynews.com\\\/rs\\\/wp-content\\\/uploads\\\/2022\\\/08\\\/krovne-solarne-elektrane.jpg?wsr\",\"datePublished\":\"2022-08-31T17:31:39+00:00\",\"dateModified\":\"2022-09-04T12:24:59+00:00\",\"author\":{\"@id\":\"https:\\\/\\\/balkangreenenergynews.com\\\/rs\\\/#\\\/schema\\\/person\\\/dee275e6036b1a0f7ceaf956d79d4eff\"},\"description\":\"Vlada je predlo\u017eila je da se pojednostavi procedura za postavljanje malih solarnih elektrana na krovovima ku\u0107a i poslovnih zgrada\",\"breadcrumb\":{\"@id\":\"https:\\\/\\\/balkangreenenergynews.com\\\/rs\\\/severna-makedonija-sledi-primer-zemalja-iz-regiona-i-uvodi-olaksice-za-prozjumere\\\/#breadcrumb\"},\"inLanguage\":\"sr-RS\",\"potentialAction\":[{\"@type\":\"ReadAction\",\"target\":[\"https:\\\/\\\/balkangreenenergynews.com\\\/rs\\\/severna-makedonija-sledi-primer-zemalja-iz-regiona-i-uvodi-olaksice-za-prozjumere\\\/\"]}]},{\"@type\":\"ImageObject\",\"inLanguage\":\"sr-RS\",\"@id\":\"https:\\\/\\\/balkangreenenergynews.com\\\/rs\\\/severna-makedonija-sledi-primer-zemalja-iz-regiona-i-uvodi-olaksice-za-prozjumere\\\/#primaryimage\",\"url\":\"https:\\\/\\\/balkangreenenergynews.com\\\/rs\\\/wp-content\\\/uploads\\\/2022\\\/08\\\/krovne-solarne-elektrane.jpg?wsr\",\"contentUrl\":\"https:\\\/\\\/balkangreenenergynews.com\\\/rs\\\/wp-content\\\/uploads\\\/2022\\\/08\\\/krovne-solarne-elektrane.jpg?wsr\",\"width\":840,\"height\":430,\"caption\":\"solarni-paneli-krov\"},{\"@type\":\"BreadcrumbList\",\"@id\":\"https:\\\/\\\/balkangreenenergynews.com\\\/rs\\\/severna-makedonija-sledi-primer-zemalja-iz-regiona-i-uvodi-olaksice-za-prozjumere\\\/#breadcrumb\",\"itemListElement\":[{\"@type\":\"ListItem\",\"position\":1,\"name\":\"Po\u010detna\",\"item\":\"https:\\\/\\\/balkangreenenergynews.com\\\/rs\\\/\"},{\"@type\":\"ListItem\",\"position\":2,\"name\":\"Vesti\",\"item\":\"https:\\\/\\\/balkangreenenergynews.com\\\/rs\\\/kategorija\\\/vesti\\\/\"},{\"@type\":\"ListItem\",\"position\":3,\"name\":\"OIE\",\"item\":\"https:\\\/\\\/balkangreenenergynews.com\\\/rs\\\/kategorija\\\/vesti\\\/obnovljivi-izvori-energije\\\/\"},{\"@type\":\"ListItem\",\"position\":4,\"name\":\"Severna Makedonija sledi primer zemalja iz regiona i uvodi olak\u0161ice za prozjumere\"}]},{\"@type\":\"WebSite\",\"@id\":\"https:\\\/\\\/balkangreenenergynews.com\\\/rs\\\/#website\",\"url\":\"https:\\\/\\\/balkangreenenergynews.com\\\/rs\\\/\",\"name\":\"Balkan Green Energy News\",\"description\":\"Naj\u0161iri izbor vesti sa Balkana o zelenoj energiji\",\"potentialAction\":[{\"@type\":\"SearchAction\",\"target\":{\"@type\":\"EntryPoint\",\"urlTemplate\":\"https:\\\/\\\/balkangreenenergynews.com\\\/rs\\\/?s={search_term_string}\"},\"query-input\":{\"@type\":\"PropertyValueSpecification\",\"valueRequired\":true,\"valueName\":\"search_term_string\"}}],\"inLanguage\":\"sr-RS\"},{\"@type\":\"Person\",\"@id\":\"https:\\\/\\\/balkangreenenergynews.com\\\/rs\\\/#\\\/schema\\\/person\\\/dee275e6036b1a0f7ceaf956d79d4eff\",\"name\":\"Balkan Green Energy News\",\"url\":\"https:\\\/\\\/balkangreenenergynews.com\\\/rs\\\/author\\\/balkangreenenergynews\\\/\"}]}<\/script>\n<!-- \/ Yoast SEO plugin. -->","yoast_head_json":{"title":"Severna Makedonija sledi primer zemalja iz regiona i uvodi olak\u0161ice za prozjumere","description":"Vlada je predlo\u017eila je da se pojednostavi procedura za postavljanje malih solarnih elektrana na krovovima ku\u0107a i poslovnih zgrada","robots":{"index":"index","follow":"follow","max-snippet":"max-snippet:-1","max-image-preview":"max-image-preview:large","max-video-preview":"max-video-preview:-1"},"canonical":"https:\/\/balkangreenenergynews.com\/rs\/severna-makedonija-sledi-primer-zemalja-iz-regiona-i-uvodi-olaksice-za-prozjumere\/","og_locale":"sr_RS","og_type":"article","og_title":"Severna Makedonija sledi primer zemalja iz regiona i uvodi olak\u0161ice za prozjumere","og_description":"Vlada je predlo\u017eila je da se pojednostavi procedura za postavljanje malih solarnih elektrana na krovovima ku\u0107a i poslovnih zgrada","og_url":"https:\/\/balkangreenenergynews.com\/rs\/severna-makedonija-sledi-primer-zemalja-iz-regiona-i-uvodi-olaksice-za-prozjumere\/","og_site_name":"Balkan Green Energy News","article_published_time":"2022-08-31T17:31:39+00:00","article_modified_time":"2022-09-04T12:24:59+00:00","og_image":[{"width":840,"height":430,"url":"https:\/\/balkangreenenergynews.com\/rs\/wp-content\/uploads\/2022\/08\/krovne-solarne-elektrane.jpg","type":"image\/jpeg"}],"author":"Balkan Green Energy News","twitter_card":"summary_large_image","twitter_misc":{"\u041d\u0430\u043f\u0438\u0441\u0430\u043d\u043e \u043e\u0434":"Balkan Green Energy News","\u041f\u0440\u043e\u0446\u0435\u045a\u0435\u043d\u043e \u0432\u0440\u0435\u043c\u0435 \u0447\u0438\u0442\u0430\u045a\u0430":"3 \u043c\u0438\u043d\u0443\u0442\u0430"},"schema":{"@context":"https:\/\/schema.org","@graph":[{"@type":"Article","@id":"https:\/\/balkangreenenergynews.com\/rs\/severna-makedonija-sledi-primer-zemalja-iz-regiona-i-uvodi-olaksice-za-prozjumere\/#article","isPartOf":{"@id":"https:\/\/balkangreenenergynews.com\/rs\/severna-makedonija-sledi-primer-zemalja-iz-regiona-i-uvodi-olaksice-za-prozjumere\/"},"author":{"name":"Balkan Green Energy News","@id":"https:\/\/balkangreenenergynews.com\/rs\/#\/schema\/person\/dee275e6036b1a0f7ceaf956d79d4eff"},"headline":"Severna Makedonija sledi primer zemalja iz regiona i uvodi olak\u0161ice za prozjumere","datePublished":"2022-08-31T17:31:39+00:00","dateModified":"2022-09-04T12:24:59+00:00","mainEntityOfPage":{"@id":"https:\/\/balkangreenenergynews.com\/rs\/severna-makedonija-sledi-primer-zemalja-iz-regiona-i-uvodi-olaksice-za-prozjumere\/"},"wordCount":483,"commentCount":0,"image":{"@id":"https:\/\/balkangreenenergynews.com\/rs\/severna-makedonija-sledi-primer-zemalja-iz-regiona-i-uvodi-olaksice-za-prozjumere\/#primaryimage"},"thumbnailUrl":"https:\/\/balkangreenenergynews.com\/rs\/wp-content\/uploads\/2022\/08\/krovne-solarne-elektrane.jpg?wsr","keywords":["krovne solarne elektrane","prozjumeri","solarne elektrane","subvencije"],"articleSection":["Energetska kriza","OIE"],"inLanguage":"sr-RS","potentialAction":[{"@type":"CommentAction","name":"Comment","target":["https:\/\/balkangreenenergynews.com\/rs\/severna-makedonija-sledi-primer-zemalja-iz-regiona-i-uvodi-olaksice-za-prozjumere\/#respond"]}]},{"@type":"WebPage","@id":"https:\/\/balkangreenenergynews.com\/rs\/severna-makedonija-sledi-primer-zemalja-iz-regiona-i-uvodi-olaksice-za-prozjumere\/","url":"https:\/\/balkangreenenergynews.com\/rs\/severna-makedonija-sledi-primer-zemalja-iz-regiona-i-uvodi-olaksice-za-prozjumere\/","name":"Severna Makedonija sledi primer zemalja iz regiona i uvodi olak\u0161ice za prozjumere","isPartOf":{"@id":"https:\/\/balkangreenenergynews.com\/rs\/#website"},"primaryImageOfPage":{"@id":"https:\/\/balkangreenenergynews.com\/rs\/severna-makedonija-sledi-primer-zemalja-iz-regiona-i-uvodi-olaksice-za-prozjumere\/#primaryimage"},"image":{"@id":"https:\/\/balkangreenenergynews.com\/rs\/severna-makedonija-sledi-primer-zemalja-iz-regiona-i-uvodi-olaksice-za-prozjumere\/#primaryimage"},"thumbnailUrl":"https:\/\/balkangreenenergynews.com\/rs\/wp-content\/uploads\/2022\/08\/krovne-solarne-elektrane.jpg?wsr","datePublished":"2022-08-31T17:31:39+00:00","dateModified":"2022-09-04T12:24:59+00:00","author":{"@id":"https:\/\/balkangreenenergynews.com\/rs\/#\/schema\/person\/dee275e6036b1a0f7ceaf956d79d4eff"},"description":"Vlada je predlo\u017eila je da se pojednostavi procedura za postavljanje malih solarnih elektrana na krovovima ku\u0107a i poslovnih zgrada","breadcrumb":{"@id":"https:\/\/balkangreenenergynews.com\/rs\/severna-makedonija-sledi-primer-zemalja-iz-regiona-i-uvodi-olaksice-za-prozjumere\/#breadcrumb"},"inLanguage":"sr-RS","potentialAction":[{"@type":"ReadAction","target":["https:\/\/balkangreenenergynews.com\/rs\/severna-makedonija-sledi-primer-zemalja-iz-regiona-i-uvodi-olaksice-za-prozjumere\/"]}]},{"@type":"ImageObject","inLanguage":"sr-RS","@id":"https:\/\/balkangreenenergynews.com\/rs\/severna-makedonija-sledi-primer-zemalja-iz-regiona-i-uvodi-olaksice-za-prozjumere\/#primaryimage","url":"https:\/\/balkangreenenergynews.com\/rs\/wp-content\/uploads\/2022\/08\/krovne-solarne-elektrane.jpg?wsr","contentUrl":"https:\/\/balkangreenenergynews.com\/rs\/wp-content\/uploads\/2022\/08\/krovne-solarne-elektrane.jpg?wsr","width":840,"height":430,"caption":"solarni-paneli-krov"},{"@type":"BreadcrumbList","@id":"https:\/\/balkangreenenergynews.com\/rs\/severna-makedonija-sledi-primer-zemalja-iz-regiona-i-uvodi-olaksice-za-prozjumere\/#breadcrumb","itemListElement":[{"@type":"ListItem","position":1,"name":"Po\u010detna","item":"https:\/\/balkangreenenergynews.com\/rs\/"},{"@type":"ListItem","position":2,"name":"Vesti","item":"https:\/\/balkangreenenergynews.com\/rs\/kategorija\/vesti\/"},{"@type":"ListItem","position":3,"name":"OIE","item":"https:\/\/balkangreenenergynews.com\/rs\/kategorija\/vesti\/obnovljivi-izvori-energije\/"},{"@type":"ListItem","position":4,"name":"Severna Makedonija sledi primer zemalja iz regiona i uvodi olak\u0161ice za prozjumere"}]},{"@type":"WebSite","@id":"https:\/\/balkangreenenergynews.com\/rs\/#website","url":"https:\/\/balkangreenenergynews.com\/rs\/","name":"Balkan Green Energy News","description":"Naj\u0161iri izbor vesti sa Balkana o zelenoj energiji","potentialAction":[{"@type":"SearchAction","target":{"@type":"EntryPoint","urlTemplate":"https:\/\/balkangreenenergynews.com\/rs\/?s={search_term_string}"},"query-input":{"@type":"PropertyValueSpecification","valueRequired":true,"valueName":"search_term_string"}}],"inLanguage":"sr-RS"},{"@type":"Person","@id":"https:\/\/balkangreenenergynews.com\/rs\/#\/schema\/person\/dee275e6036b1a0f7ceaf956d79d4eff","name":"Balkan Green Energy News","url":"https:\/\/balkangreenenergynews.com\/rs\/author\/balkangreenenergynews\/"}]}},"_links":{"self":[{"href":"https:\/\/balkangreenenergynews.com\/rs\/wp-json\/wp\/v2\/posts\/51526","targetHints":{"allow":["GET"]}}],"collection":[{"href":"https:\/\/balkangreenenergynews.com\/rs\/wp-json\/wp\/v2\/posts"}],"about":[{"href":"https:\/\/balkangreenenergynews.com\/rs\/wp-json\/wp\/v2\/types\/post"}],"author":[{"embeddable":true,"href":"https:\/\/balkangreenenergynews.com\/rs\/wp-json\/wp\/v2\/users\/25"}],"replies":[{"embeddable":true,"href":"https:\/\/balkangreenenergynews.com\/rs\/wp-json\/wp\/v2\/comments?post=51526"}],"version-history":[{"count":0,"href":"https:\/\/balkangreenenergynews.com\/rs\/wp-json\/wp\/v2\/posts\/51526\/revisions"}],"wp:featuredmedia":[{"embeddable":true,"href":"https:\/\/balkangreenenergynews.com\/rs\/wp-json\/wp\/v2\/media\/51532"}],"wp:attachment":[{"href":"https:\/\/balkangreenenergynews.com\/rs\/wp-json\/wp\/v2\/media?parent=51526"}],"wp:term":[{"taxonomy":"category","embeddable":true,"href":"https:\/\/balkangreenenergynews.com\/rs\/wp-json\/wp\/v2\/categories?post=51526"},{"taxonomy":"post_tag","embeddable":true,"href":"https:\/\/balkangreenenergynews.com\/rs\/wp-json\/wp\/v2\/tags?post=51526"}],"curies":[{"name":"wp","href":"https:\/\/api.w.org\/{rel}","templated":true}]}}