{"id":50683,"date":"2022-08-11T16:58:44","date_gmt":"2022-08-11T14:58:44","guid":{"rendered":"https:\/\/balkangreenenergynews.com\/rs\/?p=50683"},"modified":"2022-09-23T09:48:03","modified_gmt":"2022-09-23T07:48:03","slug":"za-sest-decenija-smanjila-se-povrsina-suma-po-glavi-stanovnika-smanjene-za-60-procenata","status":"publish","type":"post","link":"https:\/\/balkangreenenergynews.com\/rs\/za-sest-decenija-smanjila-se-povrsina-suma-po-glavi-stanovnika-smanjene-za-60-procenata\/","title":{"rendered":"Za \u0161est decenija smanjila se povr\u0161ina \u0161uma po glavi stanovnika za 60 procenata"},"content":{"rendered":"<h2>Tokom proteklih 60 godina, u svetu je nestalo 80 miliona hektara \u0161ume \u0161to je povr\u0161ina deset puta ve\u0107a od povr\u0161ine Srbije. U regiji jugoisto\u010dne Evrope, Crna Gora uz Sloveniju ima i najve\u0107u po\u0161umljenost teritorije i sa oko dve tre\u0107ine pod \u0161umama u samom je evropskom vrhu. Ipak, svetski prosek po\u0161umljenosti po glavi stanovnika konstantno opada i postao je upola manji u poslednjih pola veka.<\/h2>\n<p>Gubitak \u0161uma direktno uti\u010de na \u017eivote 1,6 milijardi ljudi \u0161irom planete, nalazi su <a href=\"https:\/\/phys.org\/news\/2022-08-global-forest-area-capita-decreased.html?s=09\">studije<\/a> koju je objavio tim istra\u017eiva\u010da sa Instituta za istra\u017eivanje \u0161umarstva i \u0161umskih proizvoda iz Japana u nau\u010dnom \u010dasopisu Environmental Research Letters.<\/p>\n<figure id=\"attachment_50939\" aria-describedby=\"caption-attachment-50939\" style=\"width: 672px\" class=\"wp-caption aligncenter\"><img loading=\"lazy\" decoding=\"async\" class=\"wp-image-50939 size-full\" src=\"https:\/\/balkangreenenergynews.com\/rs\/wp-content\/uploads\/2022\/08\/Posumljenost-po-glavi-stanovnika-u-jugoistocnoj-Evropi.png\" alt=\"Posumljenost po glavi stanovnika u jugoisto\u010dnoj Evropi\" width=\"672\" height=\"518\" srcset=\"https:\/\/balkangreenenergynews.com\/rs\/wp-content\/uploads\/2022\/08\/Posumljenost-po-glavi-stanovnika-u-jugoistocnoj-Evropi.png 672w, https:\/\/balkangreenenergynews.com\/rs\/wp-content\/uploads\/2022\/08\/Posumljenost-po-glavi-stanovnika-u-jugoistocnoj-Evropi-500x385.png 500w, https:\/\/balkangreenenergynews.com\/rs\/wp-content\/uploads\/2022\/08\/Posumljenost-po-glavi-stanovnika-u-jugoistocnoj-Evropi-300x231.png 300w\" sizes=\"auto, (max-width: 672px) 100vw, 672px\" \/><figcaption id=\"caption-attachment-50939\" class=\"wp-caption-text\">Po\u0161umljenost po glavi stanovnika u jugoisto\u010dnoj Evropi<\/figcaption><\/figure>\n<p>Ukupan gubitak \u0161uma u periodu od 1960. do 2019. godine iznosi 437,3 miliona hektara, dok povr\u0161ine pod novim \u0161umama iznose 355,6 miliona hektara.<\/p>\n<blockquote><p>Gubitak \u0161uma u poslednji \u0161est decenija doprineo je padu svetskog proseka po\u0161umljenosti po glavi stanovnika za 60 procenata<\/p><\/blockquote>\n<p>Ova razlika i pad po\u0161umljenosti u kombinaciji sa pove\u0107anjem globalne populacije tokom proteklih \u0161est decenija rezultirali su smanjenjem svetskog proseka po\u0161umljenosti po glavi stanovnika za 60 procenata.<\/p>\n<p>Globalni prosek po\u0161umljenosti po \u010doveku iznosio je 1,4 hektara 1960. godine, a danas iznosi 0,5 hektara.<\/p>\n<p>Autori isti\u010du da ovakav konstantni gubitak i degradacija \u0161uma direktno uti\u010de na opstanak i odr\u017eanje biodiverziteta u \u0161umskim ekosistemima.<\/p>\n<h3>Po\u0161umljenost na Balkanu<\/h3>\n<p>U regionu jugoisto\u010dne Evrope, najve\u0107i procenat \u0161uma po glavi stanovnika ima ubedljivo Crna Gora, 1,3 hektara \u0161uma po osobi, \u0161to je duplo vi\u0161e od Slovenije i Bosne i Hercegovine. Srbija sa 0,3 hektara \u0161uma po osobi je ispod globalnog porseka, koji iznosi pola hektara.<\/p>\n<p>Najve\u0107i procenat po\u0161umljenosti u regionu imaju Crna Gora i Slovenija. Dve tre\u0107ine teritorije ovih dr\u017eava je pod \u0161umama, \u0161to ih svrstava u sam evropski vrh.<\/p>\n<figure id=\"attachment_50935\" aria-describedby=\"caption-attachment-50935\" style=\"width: 672px\" class=\"wp-caption aligncenter\"><img loading=\"lazy\" decoding=\"async\" class=\"wp-image-50935 size-full\" src=\"https:\/\/balkangreenenergynews.com\/rs\/wp-content\/uploads\/2022\/08\/povrsine-pod-sumama-u-zemljama-jugoistocne-Evrope.png\" alt=\"Povr\u0161ine pod \u0161umama u zemljama jugoisto\u010dne Evrope\" width=\"672\" height=\"518\" srcset=\"https:\/\/balkangreenenergynews.com\/rs\/wp-content\/uploads\/2022\/08\/povrsine-pod-sumama-u-zemljama-jugoistocne-Evrope.png 672w, https:\/\/balkangreenenergynews.com\/rs\/wp-content\/uploads\/2022\/08\/povrsine-pod-sumama-u-zemljama-jugoistocne-Evrope-500x385.png 500w, https:\/\/balkangreenenergynews.com\/rs\/wp-content\/uploads\/2022\/08\/povrsine-pod-sumama-u-zemljama-jugoistocne-Evrope-300x231.png 300w\" sizes=\"auto, (max-width: 672px) 100vw, 672px\" \/><figcaption id=\"caption-attachment-50935\" class=\"wp-caption-text\">Povr\u0161ine pod \u0161umama u zemljama jugoisto\u010dne Evrope<\/figcaption><\/figure>\n<p>U Evropi, najvi\u0161e \u0161uma ima \u0160vedska, preko 28 miliona hektara, zatim Finska oko 22, \u0160panija koja ima 18 miliona hektara, a ne\u0161to manje ima Francuska.<\/p>\n<p>Najvi\u0161e \u0161uma na svetu ima Rusija, oko 815 miliona hektara, Brazil ima 490, a Kanada 346 miliona hektara pod \u0161umama.<\/p>\n<h3>Veliki deo globalne populacije zavisi od \u0161umskog ekosistema<\/h3>\n<p>Od bogatstva \u0161uma zavisi uglavnom populacija u zemljama u razvoju, navode autori pomenute studije. Najmanje 1,6 milijardi ljudi \u0161irom planete svakodnevno se oslanja na ekosisteme \u0161uma.<\/p>\n<figure id=\"attachment_50937\" aria-describedby=\"caption-attachment-50937\" style=\"width: 672px\" class=\"wp-caption aligncenter\"><img loading=\"lazy\" decoding=\"async\" class=\"wp-image-50937 size-full\" src=\"https:\/\/balkangreenenergynews.com\/rs\/wp-content\/uploads\/2022\/08\/Procenat-posumljenosti-u-jugoistocnoj-Evropi.png\" alt=\"Procenat posumljenosti u jugoisto\u010dnoj Evropi\" width=\"672\" height=\"518\" srcset=\"https:\/\/balkangreenenergynews.com\/rs\/wp-content\/uploads\/2022\/08\/Procenat-posumljenosti-u-jugoistocnoj-Evropi.png 672w, https:\/\/balkangreenenergynews.com\/rs\/wp-content\/uploads\/2022\/08\/Procenat-posumljenosti-u-jugoistocnoj-Evropi-500x385.png 500w, https:\/\/balkangreenenergynews.com\/rs\/wp-content\/uploads\/2022\/08\/Procenat-posumljenosti-u-jugoistocnoj-Evropi-300x231.png 300w\" sizes=\"auto, (max-width: 672px) 100vw, 672px\" \/><figcaption id=\"caption-attachment-50937\" class=\"wp-caption-text\">Procenat po\u0161umljenosti u jugoisto\u010dnoj Evropi<\/figcaption><\/figure>\n<p>Ali rezultati istra\u017eivanja pokazuju i globalnu nesrazmeru. Gubici \u0161uma se javljaju prvenstveno u zemljama sa ni\u017eim dohotkom u tropskim krajevima, dok o\u010duvanje \u0161uma donekle dolazi u sredi\u0161te pa\u017enje u razvijenijim zemljama.<\/p>\n<blockquote><p>Gubici \u0161uma se javljaju prvenstveno u zemljama sa ni\u017eim dohotkom u tropskim krajevima<\/p><\/blockquote>\n<p>Ali treba naglasiti i da su najbolji upravlja\u010di \u0161umama upravo starosedela\u010dke zajednice koje su uskladile svoje vekovne prakse u <a href=\"https:\/\/balkangreenenergynews.com\/rs\/moj-narod-u-amazoniji-zivi-6-000-godina-treba-da-nas-saslusate\/\">ravnote\u017eu sa takvim ekosistemom<\/a>, \u0161to su pokazala i nau\u010dna istra\u017eivanja.<\/p>\n<p>Me\u0111utim, ubrzana potro\u0161nja i industrijska poljoprivreda su devastiraju\u0107a za \u0161umske ekosisteme \u0161irom planete. Dovoljno je pomenuti kr\u010denje pra\u0161ume u Amazonu ili na Borneu, zbog industrijskih \u017eitarica, ili industrije palminog ulja.<\/p>\n<h3>\u0160ume donose ki\u0161u, i obrnuto<\/h3>\n<p>Nauka je tako\u0111e<a href=\"https:\/\/www.science.org\/doi\/10.1126\/science.215.4539.1498\"> dokazala<\/a> \u0161iroko rasprostranjeno mi\u0161ljenje da drve\u0107e stvara ki\u0161u. Gde raste vi\u0161e vegetacije, imamo vi\u0161e ki\u0161e. U proseku, vi\u0161e od 40 procenata padavina na kopnu poti\u010de od isparavanja i transpiracije vode iz biljaka.<\/p>\n<blockquote><p>Ukoliko nema \u0161uma i vegetacije, ki\u0161na sezona dolazi kasnije, a su\u0161ni periodi traju sve du\u017ee<\/p><\/blockquote>\n<p>\u0160ume poput Amazonske pra\u0161ume ne rastu nu\u017eno samo u vla\u017enim podru\u010djima. One stvaraju i odr\u017eavaju uslove u kojima se razvijaju, tako \u0161to pove\u0107avaju koli\u010dine padavina i smanjuju trajanje su\u0161ne sezone. Jednostavno, ukoliko nema \u0161uma i vegetacije, ki\u0161na sezona dolazi kasnije, a su\u0161ni periodi traju sve du\u017ee.<\/p>\n<h3>Zaustaviti dalju degradaciju \u0161uma<\/h3>\n<p>Stanje svetskih \u0161uma je sastavni deo razli\u010ditih <a href=\"https:\/\/balkangreenenergynews.com\/rs\/svet-nije-napredovao-u-ostvarivanju-ciljeva-odrzivog-razvoja-u-protekle-dve-godine\/\">globalnih ekolo\u0161kih i dru\u0161tvenih inicijativa<\/a>, uklju\u010duju\u0107i ciljeve odr\u017eivog razvoja, Pariski klimatski sporazum i Globalni okvir za biodiverzitet posle 2020, napominju nau\u010dnici.<\/p>\n<p>Kako bi se doprinelo u postizanju ciljeva ovih inicijativa, postoji duboka potreba da se preokrene ili barem izravna globalna krivulja gubitka \u0161uma, tako \u0161to \u0107e se o\u010duvati preostale svetske \u0161ume, a tako\u0111e i obnoviti degradirani \u0161umskih pejza\u017ei, poru\u010dili su autori studije.<\/p>\n","protected":false},"excerpt":{"rendered":"<p>Tokom proteklih 60 godina, u svetu je nestalo 80 miliona hektara \u0161ume \u0161to je povr\u0161ina&#8230;<\/p>\n","protected":false},"author":30,"featured_media":50970,"comment_status":"open","ping_status":"open","sticky":false,"template":"","format":"standard","meta":{"_acf_changed":false,"_monsterinsights_skip_tracking":false,"_monsterinsights_sitenote_active":false,"_monsterinsights_sitenote_note":"","_monsterinsights_sitenote_category":0,"footnotes":""},"categories":[5253,4],"tags":[5171,6479,6480,6476,6481,5921],"class_list":["post-50683","post","type-post","status-publish","format-standard","has-post-thumbnail","hentry","category-biodiverzitet","category-zivotna-sredina","tag-posumljavanje","tag-posumljenost-na-balkanu","tag-procenat-posumljenosti","tag-suma","tag-sumski-ekosistem","tag-zivotna-sredina","country-svet"],"acf":[],"yoast_head":"<!-- This site is optimized with the Yoast SEO plugin v27.4 - https:\/\/yoast.com\/product\/yoast-seo-wordpress\/ -->\n<title>Za \u0161est decenija smanjila se povr\u0161ina \u0161uma po glavi stanovnika za 60 procenata<\/title>\n<meta name=\"description\" content=\"Tokom proteklih 60 godina, u svetu je nestalo 80 miliona hektara \u0161ume. Prosek po\u0161umljenosti po stanovniku opada i sada izvosi 0.5 hektara.\" \/>\n<meta name=\"robots\" content=\"index, follow, max-snippet:-1, max-image-preview:large, max-video-preview:-1\" \/>\n<link rel=\"canonical\" href=\"https:\/\/balkangreenenergynews.com\/rs\/za-sest-decenija-smanjila-se-povrsina-suma-po-glavi-stanovnika-smanjene-za-60-procenata\/\" \/>\n<meta property=\"og:locale\" content=\"sr_RS\" \/>\n<meta property=\"og:type\" content=\"article\" \/>\n<meta property=\"og:title\" content=\"Za \u0161est decenija smanjila se povr\u0161ina \u0161uma po glavi stanovnika za 60 procenata\" \/>\n<meta property=\"og:description\" content=\"Tokom proteklih 60 godina, u svetu je nestalo 80 miliona hektara \u0161ume. Prosek po\u0161umljenosti po stanovniku opada i sada izvosi 0.5 hektara.\" \/>\n<meta property=\"og:url\" content=\"https:\/\/balkangreenenergynews.com\/rs\/za-sest-decenija-smanjila-se-povrsina-suma-po-glavi-stanovnika-smanjene-za-60-procenata\/\" \/>\n<meta property=\"og:site_name\" content=\"Balkan Green Energy News\" \/>\n<meta property=\"article:published_time\" content=\"2022-08-11T14:58:44+00:00\" \/>\n<meta property=\"article:modified_time\" content=\"2022-09-23T07:48:03+00:00\" \/>\n<meta property=\"og:image\" content=\"https:\/\/balkangreenenergynews.com\/rs\/wp-content\/uploads\/2022\/08\/Sume_statistika_jugoistocna-Evropa_posumljenost-po-glavi-stanovnika.jpg\" \/>\n\t<meta property=\"og:image:width\" content=\"840\" \/>\n\t<meta property=\"og:image:height\" content=\"430\" \/>\n\t<meta property=\"og:image:type\" content=\"image\/jpeg\" \/>\n<meta name=\"author\" content=\"Mihajlo Vujasin\" \/>\n<meta name=\"twitter:card\" content=\"summary_large_image\" \/>\n<meta name=\"twitter:label1\" content=\"\u041d\u0430\u043f\u0438\u0441\u0430\u043d\u043e \u043e\u0434\" \/>\n\t<meta name=\"twitter:data1\" content=\"Mihajlo Vujasin\" \/>\n\t<meta name=\"twitter:label2\" content=\"\u041f\u0440\u043e\u0446\u0435\u045a\u0435\u043d\u043e \u0432\u0440\u0435\u043c\u0435 \u0447\u0438\u0442\u0430\u045a\u0430\" \/>\n\t<meta name=\"twitter:data2\" content=\"5 \u043c\u0438\u043d\u0443\u0442\u0430\" \/>\n<script type=\"application\/ld+json\" class=\"yoast-schema-graph\">{\"@context\":\"https:\\\/\\\/schema.org\",\"@graph\":[{\"@type\":\"Article\",\"@id\":\"https:\\\/\\\/balkangreenenergynews.com\\\/rs\\\/za-sest-decenija-smanjila-se-povrsina-suma-po-glavi-stanovnika-smanjene-za-60-procenata\\\/#article\",\"isPartOf\":{\"@id\":\"https:\\\/\\\/balkangreenenergynews.com\\\/rs\\\/za-sest-decenija-smanjila-se-povrsina-suma-po-glavi-stanovnika-smanjene-za-60-procenata\\\/\"},\"author\":{\"name\":\"Mihajlo Vujasin\",\"@id\":\"https:\\\/\\\/balkangreenenergynews.com\\\/rs\\\/#\\\/schema\\\/person\\\/6b3cd0445eb192f645c773282d0747ca\"},\"headline\":\"Za \u0161est decenija smanjila se povr\u0161ina \u0161uma po glavi stanovnika za 60 procenata\",\"datePublished\":\"2022-08-11T14:58:44+00:00\",\"dateModified\":\"2022-09-23T07:48:03+00:00\",\"mainEntityOfPage\":{\"@id\":\"https:\\\/\\\/balkangreenenergynews.com\\\/rs\\\/za-sest-decenija-smanjila-se-povrsina-suma-po-glavi-stanovnika-smanjene-za-60-procenata\\\/\"},\"wordCount\":750,\"commentCount\":0,\"image\":{\"@id\":\"https:\\\/\\\/balkangreenenergynews.com\\\/rs\\\/za-sest-decenija-smanjila-se-povrsina-suma-po-glavi-stanovnika-smanjene-za-60-procenata\\\/#primaryimage\"},\"thumbnailUrl\":\"https:\\\/\\\/balkangreenenergynews.com\\\/rs\\\/wp-content\\\/uploads\\\/2022\\\/08\\\/Sume_statistika_jugoistocna-Evropa_posumljenost-po-glavi-stanovnika.jpg?wsr\",\"keywords\":[\"po\u0161umljavanje\",\"Po\u0161umljenost na Balkanu\",\"procenat po\u0161umljenosti\",\"\u0161uma\",\"\u0161umski ekosistem\",\"\u017eivotna sredina\"],\"articleSection\":[\"Biodiverzitet\",\"\u017divotna sredina\"],\"inLanguage\":\"sr-RS\",\"potentialAction\":[{\"@type\":\"CommentAction\",\"name\":\"Comment\",\"target\":[\"https:\\\/\\\/balkangreenenergynews.com\\\/rs\\\/za-sest-decenija-smanjila-se-povrsina-suma-po-glavi-stanovnika-smanjene-za-60-procenata\\\/#respond\"]}]},{\"@type\":\"WebPage\",\"@id\":\"https:\\\/\\\/balkangreenenergynews.com\\\/rs\\\/za-sest-decenija-smanjila-se-povrsina-suma-po-glavi-stanovnika-smanjene-za-60-procenata\\\/\",\"url\":\"https:\\\/\\\/balkangreenenergynews.com\\\/rs\\\/za-sest-decenija-smanjila-se-povrsina-suma-po-glavi-stanovnika-smanjene-za-60-procenata\\\/\",\"name\":\"Za \u0161est decenija smanjila se povr\u0161ina \u0161uma po glavi stanovnika za 60 procenata\",\"isPartOf\":{\"@id\":\"https:\\\/\\\/balkangreenenergynews.com\\\/rs\\\/#website\"},\"primaryImageOfPage\":{\"@id\":\"https:\\\/\\\/balkangreenenergynews.com\\\/rs\\\/za-sest-decenija-smanjila-se-povrsina-suma-po-glavi-stanovnika-smanjene-za-60-procenata\\\/#primaryimage\"},\"image\":{\"@id\":\"https:\\\/\\\/balkangreenenergynews.com\\\/rs\\\/za-sest-decenija-smanjila-se-povrsina-suma-po-glavi-stanovnika-smanjene-za-60-procenata\\\/#primaryimage\"},\"thumbnailUrl\":\"https:\\\/\\\/balkangreenenergynews.com\\\/rs\\\/wp-content\\\/uploads\\\/2022\\\/08\\\/Sume_statistika_jugoistocna-Evropa_posumljenost-po-glavi-stanovnika.jpg?wsr\",\"datePublished\":\"2022-08-11T14:58:44+00:00\",\"dateModified\":\"2022-09-23T07:48:03+00:00\",\"author\":{\"@id\":\"https:\\\/\\\/balkangreenenergynews.com\\\/rs\\\/#\\\/schema\\\/person\\\/6b3cd0445eb192f645c773282d0747ca\"},\"description\":\"Tokom proteklih 60 godina, u svetu je nestalo 80 miliona hektara \u0161ume. Prosek po\u0161umljenosti po stanovniku opada i sada izvosi 0.5 hektara.\",\"breadcrumb\":{\"@id\":\"https:\\\/\\\/balkangreenenergynews.com\\\/rs\\\/za-sest-decenija-smanjila-se-povrsina-suma-po-glavi-stanovnika-smanjene-za-60-procenata\\\/#breadcrumb\"},\"inLanguage\":\"sr-RS\",\"potentialAction\":[{\"@type\":\"ReadAction\",\"target\":[\"https:\\\/\\\/balkangreenenergynews.com\\\/rs\\\/za-sest-decenija-smanjila-se-povrsina-suma-po-glavi-stanovnika-smanjene-za-60-procenata\\\/\"]}]},{\"@type\":\"ImageObject\",\"inLanguage\":\"sr-RS\",\"@id\":\"https:\\\/\\\/balkangreenenergynews.com\\\/rs\\\/za-sest-decenija-smanjila-se-povrsina-suma-po-glavi-stanovnika-smanjene-za-60-procenata\\\/#primaryimage\",\"url\":\"https:\\\/\\\/balkangreenenergynews.com\\\/rs\\\/wp-content\\\/uploads\\\/2022\\\/08\\\/Sume_statistika_jugoistocna-Evropa_posumljenost-po-glavi-stanovnika.jpg?wsr\",\"contentUrl\":\"https:\\\/\\\/balkangreenenergynews.com\\\/rs\\\/wp-content\\\/uploads\\\/2022\\\/08\\\/Sume_statistika_jugoistocna-Evropa_posumljenost-po-glavi-stanovnika.jpg?wsr\",\"width\":840,\"height\":430,\"caption\":\"ekolosko pravo regionalni centar\"},{\"@type\":\"BreadcrumbList\",\"@id\":\"https:\\\/\\\/balkangreenenergynews.com\\\/rs\\\/za-sest-decenija-smanjila-se-povrsina-suma-po-glavi-stanovnika-smanjene-za-60-procenata\\\/#breadcrumb\",\"itemListElement\":[{\"@type\":\"ListItem\",\"position\":1,\"name\":\"Po\u010detna\",\"item\":\"https:\\\/\\\/balkangreenenergynews.com\\\/rs\\\/\"},{\"@type\":\"ListItem\",\"position\":2,\"name\":\"Vesti\",\"item\":\"https:\\\/\\\/balkangreenenergynews.com\\\/rs\\\/kategorija\\\/vesti\\\/\"},{\"@type\":\"ListItem\",\"position\":3,\"name\":\"\u017divotna sredina\",\"item\":\"https:\\\/\\\/balkangreenenergynews.com\\\/rs\\\/kategorija\\\/vesti\\\/zivotna-sredina\\\/\"},{\"@type\":\"ListItem\",\"position\":4,\"name\":\"Za \u0161est decenija smanjila se povr\u0161ina \u0161uma po glavi stanovnika za 60 procenata\"}]},{\"@type\":\"WebSite\",\"@id\":\"https:\\\/\\\/balkangreenenergynews.com\\\/rs\\\/#website\",\"url\":\"https:\\\/\\\/balkangreenenergynews.com\\\/rs\\\/\",\"name\":\"Balkan Green Energy News\",\"description\":\"Naj\u0161iri izbor vesti sa Balkana o zelenoj energiji\",\"potentialAction\":[{\"@type\":\"SearchAction\",\"target\":{\"@type\":\"EntryPoint\",\"urlTemplate\":\"https:\\\/\\\/balkangreenenergynews.com\\\/rs\\\/?s={search_term_string}\"},\"query-input\":{\"@type\":\"PropertyValueSpecification\",\"valueRequired\":true,\"valueName\":\"search_term_string\"}}],\"inLanguage\":\"sr-RS\"},{\"@type\":\"Person\",\"@id\":\"https:\\\/\\\/balkangreenenergynews.com\\\/rs\\\/#\\\/schema\\\/person\\\/6b3cd0445eb192f645c773282d0747ca\",\"name\":\"Mihajlo Vujasin\",\"url\":\"https:\\\/\\\/balkangreenenergynews.com\\\/rs\\\/author\\\/mihajlo-vujasin\\\/\"}]}<\/script>\n<!-- \/ Yoast SEO plugin. -->","yoast_head_json":{"title":"Za \u0161est decenija smanjila se povr\u0161ina \u0161uma po glavi stanovnika za 60 procenata","description":"Tokom proteklih 60 godina, u svetu je nestalo 80 miliona hektara \u0161ume. Prosek po\u0161umljenosti po stanovniku opada i sada izvosi 0.5 hektara.","robots":{"index":"index","follow":"follow","max-snippet":"max-snippet:-1","max-image-preview":"max-image-preview:large","max-video-preview":"max-video-preview:-1"},"canonical":"https:\/\/balkangreenenergynews.com\/rs\/za-sest-decenija-smanjila-se-povrsina-suma-po-glavi-stanovnika-smanjene-za-60-procenata\/","og_locale":"sr_RS","og_type":"article","og_title":"Za \u0161est decenija smanjila se povr\u0161ina \u0161uma po glavi stanovnika za 60 procenata","og_description":"Tokom proteklih 60 godina, u svetu je nestalo 80 miliona hektara \u0161ume. Prosek po\u0161umljenosti po stanovniku opada i sada izvosi 0.5 hektara.","og_url":"https:\/\/balkangreenenergynews.com\/rs\/za-sest-decenija-smanjila-se-povrsina-suma-po-glavi-stanovnika-smanjene-za-60-procenata\/","og_site_name":"Balkan Green Energy News","article_published_time":"2022-08-11T14:58:44+00:00","article_modified_time":"2022-09-23T07:48:03+00:00","og_image":[{"width":840,"height":430,"url":"https:\/\/balkangreenenergynews.com\/rs\/wp-content\/uploads\/2022\/08\/Sume_statistika_jugoistocna-Evropa_posumljenost-po-glavi-stanovnika.jpg","type":"image\/jpeg"}],"author":"Mihajlo Vujasin","twitter_card":"summary_large_image","twitter_misc":{"\u041d\u0430\u043f\u0438\u0441\u0430\u043d\u043e \u043e\u0434":"Mihajlo Vujasin","\u041f\u0440\u043e\u0446\u0435\u045a\u0435\u043d\u043e \u0432\u0440\u0435\u043c\u0435 \u0447\u0438\u0442\u0430\u045a\u0430":"5 \u043c\u0438\u043d\u0443\u0442\u0430"},"schema":{"@context":"https:\/\/schema.org","@graph":[{"@type":"Article","@id":"https:\/\/balkangreenenergynews.com\/rs\/za-sest-decenija-smanjila-se-povrsina-suma-po-glavi-stanovnika-smanjene-za-60-procenata\/#article","isPartOf":{"@id":"https:\/\/balkangreenenergynews.com\/rs\/za-sest-decenija-smanjila-se-povrsina-suma-po-glavi-stanovnika-smanjene-za-60-procenata\/"},"author":{"name":"Mihajlo Vujasin","@id":"https:\/\/balkangreenenergynews.com\/rs\/#\/schema\/person\/6b3cd0445eb192f645c773282d0747ca"},"headline":"Za \u0161est decenija smanjila se povr\u0161ina \u0161uma po glavi stanovnika za 60 procenata","datePublished":"2022-08-11T14:58:44+00:00","dateModified":"2022-09-23T07:48:03+00:00","mainEntityOfPage":{"@id":"https:\/\/balkangreenenergynews.com\/rs\/za-sest-decenija-smanjila-se-povrsina-suma-po-glavi-stanovnika-smanjene-za-60-procenata\/"},"wordCount":750,"commentCount":0,"image":{"@id":"https:\/\/balkangreenenergynews.com\/rs\/za-sest-decenija-smanjila-se-povrsina-suma-po-glavi-stanovnika-smanjene-za-60-procenata\/#primaryimage"},"thumbnailUrl":"https:\/\/balkangreenenergynews.com\/rs\/wp-content\/uploads\/2022\/08\/Sume_statistika_jugoistocna-Evropa_posumljenost-po-glavi-stanovnika.jpg?wsr","keywords":["po\u0161umljavanje","Po\u0161umljenost na Balkanu","procenat po\u0161umljenosti","\u0161uma","\u0161umski ekosistem","\u017eivotna sredina"],"articleSection":["Biodiverzitet","\u017divotna sredina"],"inLanguage":"sr-RS","potentialAction":[{"@type":"CommentAction","name":"Comment","target":["https:\/\/balkangreenenergynews.com\/rs\/za-sest-decenija-smanjila-se-povrsina-suma-po-glavi-stanovnika-smanjene-za-60-procenata\/#respond"]}]},{"@type":"WebPage","@id":"https:\/\/balkangreenenergynews.com\/rs\/za-sest-decenija-smanjila-se-povrsina-suma-po-glavi-stanovnika-smanjene-za-60-procenata\/","url":"https:\/\/balkangreenenergynews.com\/rs\/za-sest-decenija-smanjila-se-povrsina-suma-po-glavi-stanovnika-smanjene-za-60-procenata\/","name":"Za \u0161est decenija smanjila se povr\u0161ina \u0161uma po glavi stanovnika za 60 procenata","isPartOf":{"@id":"https:\/\/balkangreenenergynews.com\/rs\/#website"},"primaryImageOfPage":{"@id":"https:\/\/balkangreenenergynews.com\/rs\/za-sest-decenija-smanjila-se-povrsina-suma-po-glavi-stanovnika-smanjene-za-60-procenata\/#primaryimage"},"image":{"@id":"https:\/\/balkangreenenergynews.com\/rs\/za-sest-decenija-smanjila-se-povrsina-suma-po-glavi-stanovnika-smanjene-za-60-procenata\/#primaryimage"},"thumbnailUrl":"https:\/\/balkangreenenergynews.com\/rs\/wp-content\/uploads\/2022\/08\/Sume_statistika_jugoistocna-Evropa_posumljenost-po-glavi-stanovnika.jpg?wsr","datePublished":"2022-08-11T14:58:44+00:00","dateModified":"2022-09-23T07:48:03+00:00","author":{"@id":"https:\/\/balkangreenenergynews.com\/rs\/#\/schema\/person\/6b3cd0445eb192f645c773282d0747ca"},"description":"Tokom proteklih 60 godina, u svetu je nestalo 80 miliona hektara \u0161ume. Prosek po\u0161umljenosti po stanovniku opada i sada izvosi 0.5 hektara.","breadcrumb":{"@id":"https:\/\/balkangreenenergynews.com\/rs\/za-sest-decenija-smanjila-se-povrsina-suma-po-glavi-stanovnika-smanjene-za-60-procenata\/#breadcrumb"},"inLanguage":"sr-RS","potentialAction":[{"@type":"ReadAction","target":["https:\/\/balkangreenenergynews.com\/rs\/za-sest-decenija-smanjila-se-povrsina-suma-po-glavi-stanovnika-smanjene-za-60-procenata\/"]}]},{"@type":"ImageObject","inLanguage":"sr-RS","@id":"https:\/\/balkangreenenergynews.com\/rs\/za-sest-decenija-smanjila-se-povrsina-suma-po-glavi-stanovnika-smanjene-za-60-procenata\/#primaryimage","url":"https:\/\/balkangreenenergynews.com\/rs\/wp-content\/uploads\/2022\/08\/Sume_statistika_jugoistocna-Evropa_posumljenost-po-glavi-stanovnika.jpg?wsr","contentUrl":"https:\/\/balkangreenenergynews.com\/rs\/wp-content\/uploads\/2022\/08\/Sume_statistika_jugoistocna-Evropa_posumljenost-po-glavi-stanovnika.jpg?wsr","width":840,"height":430,"caption":"ekolosko pravo regionalni centar"},{"@type":"BreadcrumbList","@id":"https:\/\/balkangreenenergynews.com\/rs\/za-sest-decenija-smanjila-se-povrsina-suma-po-glavi-stanovnika-smanjene-za-60-procenata\/#breadcrumb","itemListElement":[{"@type":"ListItem","position":1,"name":"Po\u010detna","item":"https:\/\/balkangreenenergynews.com\/rs\/"},{"@type":"ListItem","position":2,"name":"Vesti","item":"https:\/\/balkangreenenergynews.com\/rs\/kategorija\/vesti\/"},{"@type":"ListItem","position":3,"name":"\u017divotna sredina","item":"https:\/\/balkangreenenergynews.com\/rs\/kategorija\/vesti\/zivotna-sredina\/"},{"@type":"ListItem","position":4,"name":"Za \u0161est decenija smanjila se povr\u0161ina \u0161uma po glavi stanovnika za 60 procenata"}]},{"@type":"WebSite","@id":"https:\/\/balkangreenenergynews.com\/rs\/#website","url":"https:\/\/balkangreenenergynews.com\/rs\/","name":"Balkan Green Energy News","description":"Naj\u0161iri izbor vesti sa Balkana o zelenoj energiji","potentialAction":[{"@type":"SearchAction","target":{"@type":"EntryPoint","urlTemplate":"https:\/\/balkangreenenergynews.com\/rs\/?s={search_term_string}"},"query-input":{"@type":"PropertyValueSpecification","valueRequired":true,"valueName":"search_term_string"}}],"inLanguage":"sr-RS"},{"@type":"Person","@id":"https:\/\/balkangreenenergynews.com\/rs\/#\/schema\/person\/6b3cd0445eb192f645c773282d0747ca","name":"Mihajlo Vujasin","url":"https:\/\/balkangreenenergynews.com\/rs\/author\/mihajlo-vujasin\/"}]}},"_links":{"self":[{"href":"https:\/\/balkangreenenergynews.com\/rs\/wp-json\/wp\/v2\/posts\/50683","targetHints":{"allow":["GET"]}}],"collection":[{"href":"https:\/\/balkangreenenergynews.com\/rs\/wp-json\/wp\/v2\/posts"}],"about":[{"href":"https:\/\/balkangreenenergynews.com\/rs\/wp-json\/wp\/v2\/types\/post"}],"author":[{"embeddable":true,"href":"https:\/\/balkangreenenergynews.com\/rs\/wp-json\/wp\/v2\/users\/30"}],"replies":[{"embeddable":true,"href":"https:\/\/balkangreenenergynews.com\/rs\/wp-json\/wp\/v2\/comments?post=50683"}],"version-history":[{"count":0,"href":"https:\/\/balkangreenenergynews.com\/rs\/wp-json\/wp\/v2\/posts\/50683\/revisions"}],"wp:featuredmedia":[{"embeddable":true,"href":"https:\/\/balkangreenenergynews.com\/rs\/wp-json\/wp\/v2\/media\/50970"}],"wp:attachment":[{"href":"https:\/\/balkangreenenergynews.com\/rs\/wp-json\/wp\/v2\/media?parent=50683"}],"wp:term":[{"taxonomy":"category","embeddable":true,"href":"https:\/\/balkangreenenergynews.com\/rs\/wp-json\/wp\/v2\/categories?post=50683"},{"taxonomy":"post_tag","embeddable":true,"href":"https:\/\/balkangreenenergynews.com\/rs\/wp-json\/wp\/v2\/tags?post=50683"}],"curies":[{"name":"wp","href":"https:\/\/api.w.org\/{rel}","templated":true}]}}