{"id":50514,"date":"2022-07-26T16:46:03","date_gmt":"2022-07-26T14:46:03","guid":{"rendered":"https:\/\/balkangreenenergynews.com\/rs\/?p=50514"},"modified":"2022-07-27T15:56:49","modified_gmt":"2022-07-27T13:56:49","slug":"duic-za-ovu-zimu-trebalo-bi-spremiti-tople-dzempere","status":"publish","type":"post","link":"https:\/\/balkangreenenergynews.com\/rs\/duic-za-ovu-zimu-trebalo-bi-spremiti-tople-dzempere\/","title":{"rendered":"Dui\u0107: Za ovu zimu trebalo bi spremiti tople d\u017eempere"},"content":{"rendered":"<h2>Neven Dui\u0107, profesor na zagreba\u010dkom Fakultetu strojarstva i brodogradnje, rekao je da bi ove zime u Hrvatskoj moglo biti malo hladnije nego do sada. On je govorio na temu poskupljenja energenata u emisiji Dobro jutro Hrvatska na Hrvatskoj radioteleviziji (HRT).<\/h2>\n<p>&#8222;Trebalo bi razmi\u0161ljati o tome da krenemo \u0161tedjeti plin, da kupimo tople d\u017eempere, dekice, jer \u0107emo se mo\u017eda morati grijati na ni\u017eoj temperaturi. Onih kod nas normalnih 25 stepeni Celzijusa nije normalno na Zapadu, tamo se grije do 20 stepeni i sada se govori o tome da se smanji na 19. Ako bi mi u Hrvatskoj smanjili za dva stupnja, to bi bilo i dalje toplih 23 stepeni&#8220;, rekao je <a href=\"https:\/\/balkangreenenergynews.com\/rs\/hrvatska-vlada-je-shvatila-da-su-obnovljivi-izvori-energije-najjeftinije-resenje\/\">Dui\u0107<\/a>, preneo je <a href=\"https:\/\/vijesti.hrt.hr\/gospodarstvo\/koliko-ce-poskupjeti-energenti-8594831\">HRT<\/a>.<\/p>\n<p>Gost u emisiji bila je i Kristina \u010celi\u0107, direktorka Uprave za energetiku u Ministarstvu gospodarstva i odr\u017eivog razvoja, koja je na pitanje ima li Hrvatska dovoljno vlastitih energenata, rekla da ima dobru infrastrukturu kojom energenti mogu do\u0107i u Hrvatsku.<\/p>\n<p>To je jako va\u017eno, to \u010dini, u uslovima poreme\u0107aja, sigurnost snabdevanja vrlo visokom, poru\u010dila je \u010celi\u0107.<\/p>\n<p>\u0160to se ti\u010de vlastite proizvodnje prirodnog gasa, rekla je da i tu Hrvatska stoji bolje od nekih drugih dr\u017eava jer ima sopstvenu proizvodnju.<\/p>\n","protected":false},"excerpt":{"rendered":"<p>Profesor na zagreba\u010dkom Fakultetu strojarstva i brodogradnje rekao je da bi ove zime u Hrvatskoj moglo biti malo hladnije nego dosad<\/p>\n","protected":false},"author":23,"featured_media":50521,"comment_status":"open","ping_status":"open","sticky":false,"template":"","format":"standard","meta":{"_acf_changed":false,"_monsterinsights_skip_tracking":false,"_monsterinsights_sitenote_active":false,"_monsterinsights_sitenote_note":"","_monsterinsights_sitenote_category":0,"footnotes":""},"categories":[504,6295],"tags":[6415,5129,5490],"class_list":["post-50514","post","type-post","status-publish","format-standard","has-post-thumbnail","hentry","category-elektricna-energija","category-energetska-kriza","tag-izjava-dana","tag-neven-duic","tag-prirodni-gas","country-hrvatska"],"acf":[],"yoast_head":"<!-- This site is optimized with the Yoast SEO plugin v27.4 - https:\/\/yoast.com\/product\/yoast-seo-wordpress\/ -->\n<title>Dui\u0107: Za ovu zimu trebalo bi spremiti tople d\u017eempere<\/title>\n<meta name=\"description\" content=\"Profesor na zagreba\u010dkom Fakultetu strojarstva i brodogradnje rekao je da bi ove zime u Hrvatskoj moglo biti malo hladnije nego dosad\" \/>\n<meta name=\"robots\" content=\"index, follow, max-snippet:-1, max-image-preview:large, max-video-preview:-1\" \/>\n<link rel=\"canonical\" href=\"https:\/\/balkangreenenergynews.com\/rs\/duic-za-ovu-zimu-trebalo-bi-spremiti-tople-dzempere\/\" \/>\n<meta property=\"og:locale\" content=\"sr_RS\" \/>\n<meta property=\"og:type\" content=\"article\" \/>\n<meta property=\"og:title\" content=\"Dui\u0107: Za ovu zimu trebalo bi spremiti tople d\u017eempere\" \/>\n<meta property=\"og:description\" content=\"Profesor na zagreba\u010dkom Fakultetu strojarstva i brodogradnje rekao je da bi ove zime u Hrvatskoj moglo biti malo hladnije nego dosad\" \/>\n<meta property=\"og:url\" content=\"https:\/\/balkangreenenergynews.com\/rs\/duic-za-ovu-zimu-trebalo-bi-spremiti-tople-dzempere\/\" \/>\n<meta property=\"og:site_name\" content=\"Balkan Green Energy News\" \/>\n<meta property=\"article:published_time\" content=\"2022-07-26T14:46:03+00:00\" \/>\n<meta property=\"article:modified_time\" content=\"2022-07-27T13:56:49+00:00\" \/>\n<meta property=\"og:image\" content=\"https:\/\/balkangreenenergynews.com\/rs\/wp-content\/uploads\/2022\/07\/neven-duic-plin-zima-dzemperi.jpg\" \/>\n\t<meta property=\"og:image:width\" content=\"840\" \/>\n\t<meta property=\"og:image:height\" content=\"430\" \/>\n\t<meta property=\"og:image:type\" content=\"image\/jpeg\" \/>\n<meta name=\"author\" content=\"Vladimir Spasi\u0107\" \/>\n<meta name=\"twitter:card\" content=\"summary_large_image\" \/>\n<meta name=\"twitter:label1\" content=\"\u041d\u0430\u043f\u0438\u0441\u0430\u043d\u043e \u043e\u0434\" \/>\n\t<meta name=\"twitter:data1\" content=\"Vladimir Spasi\u0107\" \/>\n\t<meta name=\"twitter:label2\" content=\"\u041f\u0440\u043e\u0446\u0435\u045a\u0435\u043d\u043e \u0432\u0440\u0435\u043c\u0435 \u0447\u0438\u0442\u0430\u045a\u0430\" \/>\n\t<meta name=\"twitter:data2\" content=\"2 \u043c\u0438\u043d\u0443\u0442\u0430\" \/>\n<script type=\"application\/ld+json\" class=\"yoast-schema-graph\">{\"@context\":\"https:\\\/\\\/schema.org\",\"@graph\":[{\"@type\":\"Article\",\"@id\":\"https:\\\/\\\/balkangreenenergynews.com\\\/rs\\\/duic-za-ovu-zimu-trebalo-bi-spremiti-tople-dzempere\\\/#article\",\"isPartOf\":{\"@id\":\"https:\\\/\\\/balkangreenenergynews.com\\\/rs\\\/duic-za-ovu-zimu-trebalo-bi-spremiti-tople-dzempere\\\/\"},\"author\":{\"name\":\"Vladimir Spasi\u0107\",\"@id\":\"https:\\\/\\\/balkangreenenergynews.com\\\/rs\\\/#\\\/schema\\\/person\\\/99dc721c46113fea22caffad06ef7317\"},\"headline\":\"Dui\u0107: Za ovu zimu trebalo bi spremiti tople d\u017eempere\",\"datePublished\":\"2022-07-26T14:46:03+00:00\",\"dateModified\":\"2022-07-27T13:56:49+00:00\",\"mainEntityOfPage\":{\"@id\":\"https:\\\/\\\/balkangreenenergynews.com\\\/rs\\\/duic-za-ovu-zimu-trebalo-bi-spremiti-tople-dzempere\\\/\"},\"wordCount\":210,\"commentCount\":0,\"image\":{\"@id\":\"https:\\\/\\\/balkangreenenergynews.com\\\/rs\\\/duic-za-ovu-zimu-trebalo-bi-spremiti-tople-dzempere\\\/#primaryimage\"},\"thumbnailUrl\":\"https:\\\/\\\/balkangreenenergynews.com\\\/rs\\\/wp-content\\\/uploads\\\/2022\\\/07\\\/neven-duic-plin-zima-dzemperi.jpg?wsr\",\"keywords\":[\"Izjava dana\",\"Neven Dui\u0107\",\"prirodni gas\"],\"articleSection\":[\"Elektri\u010dna energija\",\"Energetska kriza\"],\"inLanguage\":\"sr-RS\",\"potentialAction\":[{\"@type\":\"CommentAction\",\"name\":\"Comment\",\"target\":[\"https:\\\/\\\/balkangreenenergynews.com\\\/rs\\\/duic-za-ovu-zimu-trebalo-bi-spremiti-tople-dzempere\\\/#respond\"]}]},{\"@type\":\"WebPage\",\"@id\":\"https:\\\/\\\/balkangreenenergynews.com\\\/rs\\\/duic-za-ovu-zimu-trebalo-bi-spremiti-tople-dzempere\\\/\",\"url\":\"https:\\\/\\\/balkangreenenergynews.com\\\/rs\\\/duic-za-ovu-zimu-trebalo-bi-spremiti-tople-dzempere\\\/\",\"name\":\"Dui\u0107: Za ovu zimu trebalo bi spremiti tople d\u017eempere\",\"isPartOf\":{\"@id\":\"https:\\\/\\\/balkangreenenergynews.com\\\/rs\\\/#website\"},\"primaryImageOfPage\":{\"@id\":\"https:\\\/\\\/balkangreenenergynews.com\\\/rs\\\/duic-za-ovu-zimu-trebalo-bi-spremiti-tople-dzempere\\\/#primaryimage\"},\"image\":{\"@id\":\"https:\\\/\\\/balkangreenenergynews.com\\\/rs\\\/duic-za-ovu-zimu-trebalo-bi-spremiti-tople-dzempere\\\/#primaryimage\"},\"thumbnailUrl\":\"https:\\\/\\\/balkangreenenergynews.com\\\/rs\\\/wp-content\\\/uploads\\\/2022\\\/07\\\/neven-duic-plin-zima-dzemperi.jpg?wsr\",\"datePublished\":\"2022-07-26T14:46:03+00:00\",\"dateModified\":\"2022-07-27T13:56:49+00:00\",\"author\":{\"@id\":\"https:\\\/\\\/balkangreenenergynews.com\\\/rs\\\/#\\\/schema\\\/person\\\/99dc721c46113fea22caffad06ef7317\"},\"description\":\"Profesor na zagreba\u010dkom Fakultetu strojarstva i brodogradnje rekao je da bi ove zime u Hrvatskoj moglo biti malo hladnije nego dosad\",\"breadcrumb\":{\"@id\":\"https:\\\/\\\/balkangreenenergynews.com\\\/rs\\\/duic-za-ovu-zimu-trebalo-bi-spremiti-tople-dzempere\\\/#breadcrumb\"},\"inLanguage\":\"sr-RS\",\"potentialAction\":[{\"@type\":\"ReadAction\",\"target\":[\"https:\\\/\\\/balkangreenenergynews.com\\\/rs\\\/duic-za-ovu-zimu-trebalo-bi-spremiti-tople-dzempere\\\/\"]}]},{\"@type\":\"ImageObject\",\"inLanguage\":\"sr-RS\",\"@id\":\"https:\\\/\\\/balkangreenenergynews.com\\\/rs\\\/duic-za-ovu-zimu-trebalo-bi-spremiti-tople-dzempere\\\/#primaryimage\",\"url\":\"https:\\\/\\\/balkangreenenergynews.com\\\/rs\\\/wp-content\\\/uploads\\\/2022\\\/07\\\/neven-duic-plin-zima-dzemperi.jpg?wsr\",\"contentUrl\":\"https:\\\/\\\/balkangreenenergynews.com\\\/rs\\\/wp-content\\\/uploads\\\/2022\\\/07\\\/neven-duic-plin-zima-dzemperi.jpg?wsr\",\"width\":840,\"height\":430,\"caption\":\"neven duic plin gas zima dzemperi\"},{\"@type\":\"BreadcrumbList\",\"@id\":\"https:\\\/\\\/balkangreenenergynews.com\\\/rs\\\/duic-za-ovu-zimu-trebalo-bi-spremiti-tople-dzempere\\\/#breadcrumb\",\"itemListElement\":[{\"@type\":\"ListItem\",\"position\":1,\"name\":\"Po\u010detna\",\"item\":\"https:\\\/\\\/balkangreenenergynews.com\\\/rs\\\/\"},{\"@type\":\"ListItem\",\"position\":2,\"name\":\"Energetska kriza\",\"item\":\"https:\\\/\\\/balkangreenenergynews.com\\\/rs\\\/kategorija\\\/energetska-kriza\\\/\"},{\"@type\":\"ListItem\",\"position\":3,\"name\":\"Dui\u0107: Za ovu zimu trebalo bi spremiti tople d\u017eempere\"}]},{\"@type\":\"WebSite\",\"@id\":\"https:\\\/\\\/balkangreenenergynews.com\\\/rs\\\/#website\",\"url\":\"https:\\\/\\\/balkangreenenergynews.com\\\/rs\\\/\",\"name\":\"Balkan Green Energy News\",\"description\":\"Naj\u0161iri izbor vesti sa Balkana o zelenoj energiji\",\"potentialAction\":[{\"@type\":\"SearchAction\",\"target\":{\"@type\":\"EntryPoint\",\"urlTemplate\":\"https:\\\/\\\/balkangreenenergynews.com\\\/rs\\\/?s={search_term_string}\"},\"query-input\":{\"@type\":\"PropertyValueSpecification\",\"valueRequired\":true,\"valueName\":\"search_term_string\"}}],\"inLanguage\":\"sr-RS\"},{\"@type\":\"Person\",\"@id\":\"https:\\\/\\\/balkangreenenergynews.com\\\/rs\\\/#\\\/schema\\\/person\\\/99dc721c46113fea22caffad06ef7317\",\"name\":\"Vladimir Spasi\u0107\",\"url\":\"https:\\\/\\\/balkangreenenergynews.com\\\/rs\\\/author\\\/vladimir-spasic\\\/\"}]}<\/script>\n<!-- \/ Yoast SEO plugin. -->","yoast_head_json":{"title":"Dui\u0107: Za ovu zimu trebalo bi spremiti tople d\u017eempere","description":"Profesor na zagreba\u010dkom Fakultetu strojarstva i brodogradnje rekao je da bi ove zime u Hrvatskoj moglo biti malo hladnije nego dosad","robots":{"index":"index","follow":"follow","max-snippet":"max-snippet:-1","max-image-preview":"max-image-preview:large","max-video-preview":"max-video-preview:-1"},"canonical":"https:\/\/balkangreenenergynews.com\/rs\/duic-za-ovu-zimu-trebalo-bi-spremiti-tople-dzempere\/","og_locale":"sr_RS","og_type":"article","og_title":"Dui\u0107: Za ovu zimu trebalo bi spremiti tople d\u017eempere","og_description":"Profesor na zagreba\u010dkom Fakultetu strojarstva i brodogradnje rekao je da bi ove zime u Hrvatskoj moglo biti malo hladnije nego dosad","og_url":"https:\/\/balkangreenenergynews.com\/rs\/duic-za-ovu-zimu-trebalo-bi-spremiti-tople-dzempere\/","og_site_name":"Balkan Green Energy News","article_published_time":"2022-07-26T14:46:03+00:00","article_modified_time":"2022-07-27T13:56:49+00:00","og_image":[{"width":840,"height":430,"url":"https:\/\/balkangreenenergynews.com\/rs\/wp-content\/uploads\/2022\/07\/neven-duic-plin-zima-dzemperi.jpg","type":"image\/jpeg"}],"author":"Vladimir Spasi\u0107","twitter_card":"summary_large_image","twitter_misc":{"\u041d\u0430\u043f\u0438\u0441\u0430\u043d\u043e \u043e\u0434":"Vladimir Spasi\u0107","\u041f\u0440\u043e\u0446\u0435\u045a\u0435\u043d\u043e \u0432\u0440\u0435\u043c\u0435 \u0447\u0438\u0442\u0430\u045a\u0430":"2 \u043c\u0438\u043d\u0443\u0442\u0430"},"schema":{"@context":"https:\/\/schema.org","@graph":[{"@type":"Article","@id":"https:\/\/balkangreenenergynews.com\/rs\/duic-za-ovu-zimu-trebalo-bi-spremiti-tople-dzempere\/#article","isPartOf":{"@id":"https:\/\/balkangreenenergynews.com\/rs\/duic-za-ovu-zimu-trebalo-bi-spremiti-tople-dzempere\/"},"author":{"name":"Vladimir Spasi\u0107","@id":"https:\/\/balkangreenenergynews.com\/rs\/#\/schema\/person\/99dc721c46113fea22caffad06ef7317"},"headline":"Dui\u0107: Za ovu zimu trebalo bi spremiti tople d\u017eempere","datePublished":"2022-07-26T14:46:03+00:00","dateModified":"2022-07-27T13:56:49+00:00","mainEntityOfPage":{"@id":"https:\/\/balkangreenenergynews.com\/rs\/duic-za-ovu-zimu-trebalo-bi-spremiti-tople-dzempere\/"},"wordCount":210,"commentCount":0,"image":{"@id":"https:\/\/balkangreenenergynews.com\/rs\/duic-za-ovu-zimu-trebalo-bi-spremiti-tople-dzempere\/#primaryimage"},"thumbnailUrl":"https:\/\/balkangreenenergynews.com\/rs\/wp-content\/uploads\/2022\/07\/neven-duic-plin-zima-dzemperi.jpg?wsr","keywords":["Izjava dana","Neven Dui\u0107","prirodni gas"],"articleSection":["Elektri\u010dna energija","Energetska kriza"],"inLanguage":"sr-RS","potentialAction":[{"@type":"CommentAction","name":"Comment","target":["https:\/\/balkangreenenergynews.com\/rs\/duic-za-ovu-zimu-trebalo-bi-spremiti-tople-dzempere\/#respond"]}]},{"@type":"WebPage","@id":"https:\/\/balkangreenenergynews.com\/rs\/duic-za-ovu-zimu-trebalo-bi-spremiti-tople-dzempere\/","url":"https:\/\/balkangreenenergynews.com\/rs\/duic-za-ovu-zimu-trebalo-bi-spremiti-tople-dzempere\/","name":"Dui\u0107: Za ovu zimu trebalo bi spremiti tople d\u017eempere","isPartOf":{"@id":"https:\/\/balkangreenenergynews.com\/rs\/#website"},"primaryImageOfPage":{"@id":"https:\/\/balkangreenenergynews.com\/rs\/duic-za-ovu-zimu-trebalo-bi-spremiti-tople-dzempere\/#primaryimage"},"image":{"@id":"https:\/\/balkangreenenergynews.com\/rs\/duic-za-ovu-zimu-trebalo-bi-spremiti-tople-dzempere\/#primaryimage"},"thumbnailUrl":"https:\/\/balkangreenenergynews.com\/rs\/wp-content\/uploads\/2022\/07\/neven-duic-plin-zima-dzemperi.jpg?wsr","datePublished":"2022-07-26T14:46:03+00:00","dateModified":"2022-07-27T13:56:49+00:00","author":{"@id":"https:\/\/balkangreenenergynews.com\/rs\/#\/schema\/person\/99dc721c46113fea22caffad06ef7317"},"description":"Profesor na zagreba\u010dkom Fakultetu strojarstva i brodogradnje rekao je da bi ove zime u Hrvatskoj moglo biti malo hladnije nego dosad","breadcrumb":{"@id":"https:\/\/balkangreenenergynews.com\/rs\/duic-za-ovu-zimu-trebalo-bi-spremiti-tople-dzempere\/#breadcrumb"},"inLanguage":"sr-RS","potentialAction":[{"@type":"ReadAction","target":["https:\/\/balkangreenenergynews.com\/rs\/duic-za-ovu-zimu-trebalo-bi-spremiti-tople-dzempere\/"]}]},{"@type":"ImageObject","inLanguage":"sr-RS","@id":"https:\/\/balkangreenenergynews.com\/rs\/duic-za-ovu-zimu-trebalo-bi-spremiti-tople-dzempere\/#primaryimage","url":"https:\/\/balkangreenenergynews.com\/rs\/wp-content\/uploads\/2022\/07\/neven-duic-plin-zima-dzemperi.jpg?wsr","contentUrl":"https:\/\/balkangreenenergynews.com\/rs\/wp-content\/uploads\/2022\/07\/neven-duic-plin-zima-dzemperi.jpg?wsr","width":840,"height":430,"caption":"neven duic plin gas zima dzemperi"},{"@type":"BreadcrumbList","@id":"https:\/\/balkangreenenergynews.com\/rs\/duic-za-ovu-zimu-trebalo-bi-spremiti-tople-dzempere\/#breadcrumb","itemListElement":[{"@type":"ListItem","position":1,"name":"Po\u010detna","item":"https:\/\/balkangreenenergynews.com\/rs\/"},{"@type":"ListItem","position":2,"name":"Energetska kriza","item":"https:\/\/balkangreenenergynews.com\/rs\/kategorija\/energetska-kriza\/"},{"@type":"ListItem","position":3,"name":"Dui\u0107: Za ovu zimu trebalo bi spremiti tople d\u017eempere"}]},{"@type":"WebSite","@id":"https:\/\/balkangreenenergynews.com\/rs\/#website","url":"https:\/\/balkangreenenergynews.com\/rs\/","name":"Balkan Green Energy News","description":"Naj\u0161iri izbor vesti sa Balkana o zelenoj energiji","potentialAction":[{"@type":"SearchAction","target":{"@type":"EntryPoint","urlTemplate":"https:\/\/balkangreenenergynews.com\/rs\/?s={search_term_string}"},"query-input":{"@type":"PropertyValueSpecification","valueRequired":true,"valueName":"search_term_string"}}],"inLanguage":"sr-RS"},{"@type":"Person","@id":"https:\/\/balkangreenenergynews.com\/rs\/#\/schema\/person\/99dc721c46113fea22caffad06ef7317","name":"Vladimir Spasi\u0107","url":"https:\/\/balkangreenenergynews.com\/rs\/author\/vladimir-spasic\/"}]}},"_links":{"self":[{"href":"https:\/\/balkangreenenergynews.com\/rs\/wp-json\/wp\/v2\/posts\/50514","targetHints":{"allow":["GET"]}}],"collection":[{"href":"https:\/\/balkangreenenergynews.com\/rs\/wp-json\/wp\/v2\/posts"}],"about":[{"href":"https:\/\/balkangreenenergynews.com\/rs\/wp-json\/wp\/v2\/types\/post"}],"author":[{"embeddable":true,"href":"https:\/\/balkangreenenergynews.com\/rs\/wp-json\/wp\/v2\/users\/23"}],"replies":[{"embeddable":true,"href":"https:\/\/balkangreenenergynews.com\/rs\/wp-json\/wp\/v2\/comments?post=50514"}],"version-history":[{"count":0,"href":"https:\/\/balkangreenenergynews.com\/rs\/wp-json\/wp\/v2\/posts\/50514\/revisions"}],"wp:featuredmedia":[{"embeddable":true,"href":"https:\/\/balkangreenenergynews.com\/rs\/wp-json\/wp\/v2\/media\/50521"}],"wp:attachment":[{"href":"https:\/\/balkangreenenergynews.com\/rs\/wp-json\/wp\/v2\/media?parent=50514"}],"wp:term":[{"taxonomy":"category","embeddable":true,"href":"https:\/\/balkangreenenergynews.com\/rs\/wp-json\/wp\/v2\/categories?post=50514"},{"taxonomy":"post_tag","embeddable":true,"href":"https:\/\/balkangreenenergynews.com\/rs\/wp-json\/wp\/v2\/tags?post=50514"}],"curies":[{"name":"wp","href":"https:\/\/api.w.org\/{rel}","templated":true}]}}