{"id":50416,"date":"2022-07-22T10:57:27","date_gmt":"2022-07-22T08:57:27","guid":{"rendered":"https:\/\/balkangreenenergynews.com\/rs\/?p=50416"},"modified":"2023-02-03T17:12:46","modified_gmt":"2023-02-03T16:12:46","slug":"u-portugalu-i-svajcarskoj-pustene-u-rad-reverzibilne-hidroelektrane-ukupne-snage-preko-dva-gigavata","status":"publish","type":"post","link":"https:\/\/balkangreenenergynews.com\/rs\/u-portugalu-i-svajcarskoj-pustene-u-rad-reverzibilne-hidroelektrane-ukupne-snage-preko-dva-gigavata\/","title":{"rendered":"U Portugalu i \u0160vajcarskoj pu\u0161tene u rad reverzibilne hidroelektrane ukupne snage preko dva gigavata"},"content":{"rendered":"<h2>Iberdrola je sve\u010dano otvorila svoju reverzibilnu hidroelektranu T\u00e2mega Gigabattery u Portugalu, a sli\u010dno postrojenje je pu\u0161teno u pogon u \u0160vajcarskoj. Zajedno \u0107e pove\u0107ati kapacitet skladi\u0161tenja energije u Evropi za vi\u0161e od dva gigavata, pa takve sisteme zato zovu i vodenim baterijama.<\/h2>\n<p>Potra\u017enja i snabdevanje u elektroenergetskoj mre\u017ei moraju uvek da se odr\u017eavaju u ravnote\u017ei. Taj zadatak postaje te\u017ei sa svakim vetroparkom i solarnom elektranom koji se puste u rad, budu\u0107i da njihov u\u010dinak zavisi od vremenskih uslova, a oni se \u010desto brzo promene.<\/p>\n<p>Reverzibilne hidroelektrane su jo\u0161 uvek jedina konvencionalna i najisplativija tehnologija za balansiranje elektroenergetskog sistema na \u0161irokom nivou \u2013 re\u0161enja poput baterija i vodonika tek treba da se propnu do ravnopravne uloge na tr\u017ei\u0161tu.<\/p>\n<blockquote><p>Kada ima vi\u0161ka elektri\u010dne energije, takozvane vodene baterije pumpaju vodu u gornju akumulaciju, pa je onda ispu\u0161taju nani\u017ee kroz turbine kada je potrebno i tako proizvode struju<\/p><\/blockquote>\n<p>Kada se proizvodi previ\u0161e struje, reverzibilna hidroelektrana izvla\u010di vodu iz donje u gornju akumulaciju, \u010dime se su\u0161tinski puni baterija. U suprotnom slu\u010daju, kada potro\u0161nja sko\u010di i, recimo, nema dovoljno vetra i sunca, gornja akumulacija se prazni i voda prolazi preko turbina i proizvodi se elektri\u010dna energija. U manjim varijantama voda mo\u017ee da se skladi\u0161ti u tankovima ili bazenima umesto u jezerima.<\/p>\n<p>\u0160tavi\u0161e, reverzibilne hidrocentrale se nazivaju i vodenim baterijama. Obi\u010dne hidroelektrane mogu da poslu\u017ee na sli\u010dan na\u010din. Radi\u0107e samo kada je u sistemu premalo struje. Za funkciju ekvivalentnu skladi\u0161tenju energije, me\u0111utim, ovise o koli\u010dini vode koju \u0107e reke doneti u akumulaciju i mogu da je iskoriste samo jednom.<\/p>\n<h3>Iberdrola pustila u rad deo postrojenja T\u00e2mega Gigabattery u Portugalu<\/h3>\n<p>Ambicije Evropske unije na polju ubla\u017eavanja klimatskih promena su me\u0111u najve\u0107ima na svetu. Nema mnogo vremena da gotovo potpuno obustavi kori\u0161\u0107enje fosilnih goriva i dostigne klimatsku neutralnost. To podrazumeva da \u0107e najve\u0107i deo li\u010dnih i privrednih aktivnosti za koje su potrebni energenti morati da se elektrifikuje i to na obnovljive izvore.<\/p>\n<p>Po podacima Evropske asocijacije za skladi\u0161tenje energije (EASE), za EU \u0107e najkasnije 2030. ve\u0107 biti neophodno 200 gigavata u takvim postrojenjima, a do polovine veka \u010dak 600 gigavata.<\/p>\n<p>\u0160panska Iberdrola je upravo dala doprinos ovom cilju, budu\u0107i da je sve\u010dano otvorila svoj pogon T\u00e2mega Gigabattery u Portugalu. Sa snagom od 1,16 gigavata, to je jedan od najve\u0107ih projekata reverzibilnih hidroelektrana u Evropi u poslednjih 25 godina, saop\u0161teno je.<\/p>\n<blockquote><p>Plan za T\u00e2mega Gigabattery je da se unapredi u hibridnu elektranu tako \u0161to \u0107e se spojiti s dva vetroparka<\/p><\/blockquote>\n<p>Nalazi se na severu zemlje izme\u0111u Porta i \u0161panskog grada Orensea. Postrojenje vredi milijardu i po evra, a zapravo jo\u0161 nije zavr\u0161eno.<\/p>\n<p>Izgradnja je po\u010dela pre osam godina. Dovr\u0161ene su akumulacije Govais i Daivois i njima pripadaju\u0107i generatori od 880 odnosno 118 megavata, a preostali pogon, Alto Tamega, po planu treba da bude pu\u0161ten u rad najkasnije juna 2024. godine.<\/p>\n<p>Sistem \u0107e imati ukupni kapacitet za skladi\u0161tenje od 40 gigavat-sati, \u0161to odgovara potrebama 11 miliona stanovnika za strujom tokom 24 sata, navode u Iberdroli. Brana Govais je na reci Torno, a druge dve su na Tamegi. Dalje, ova energetska kompanija namerava da taj kompleks\u00a0ukombinuje s dve budu\u0107e vetroelektrane od ukupno 300 megavata, \u0161to bi ga u\u010dinilo hibridnom elektranom.<\/p>\n<p>Vredi pomenuti i da je projekat Amari kompanije Terna Energy na Kritu tako\u0111e u planu da se upari s jednim vetroparkom. Taj poduhvat u Gr\u010dkoj ima status strate\u0161ke investicije.<\/p>\n<p><iframe loading=\"lazy\" title=\"Nant de Drance : Comment \u00e7a marche ?\" width=\"500\" height=\"281\" src=\"https:\/\/www.youtube.com\/embed\/TAcVD-79GEQ?feature=oembed\" frameborder=\"0\" allow=\"accelerometer; autoplay; clipboard-write; encrypted-media; gyroscope; picture-in-picture; web-share\" referrerpolicy=\"strict-origin-when-cross-origin\" allowfullscreen><\/iframe><\/p>\n<h3>Reverzibilna hidroelektrana Nant de Drance gra\u0111ena je 14 godina<\/h3>\n<p>Nedavno je na mre\u017eu priklju\u010dena jo\u0161 jedna ogromna reverzibilna hidroelektrana, u \u0160vajcarskoj. Sastoji se od dve akumulacije spojene tunelom, u kojem je ma\u0161inska soba postavljena na 600 metara ispod zemlje.<\/p>\n<p>Sistem Nant de Drance se nalazi u Kantonu Vale na jugozapadu zemlje. Ta vodena baterija od \u0161est turbina i 900 megavata gradila se 14 godina.<\/p>\n<blockquote><p>Najve\u0107a reverzibilna hidroelektrana na svetu se trenutno gradi u Kini<\/p><\/blockquote>\n<p>Gornje jezero Vje Emoson mo\u017ee da dr\u017ei 25 miliona kubnih metara vode ili, u ekvivalenciji, 20 gigavat-sati. Brana je podignuta 21,5 metar i kapacitet je tako udvostru\u010den. Za pra\u017enjenje je potrebno 20 sati. Elektrana je ko\u0161tala vi\u0161e od dve milijarde evra.<\/p>\n<p>Kineska dr\u017eavna kompanija State Grid Corp. of China ili SGCC je u januaru pustila u rad prve dve od 12 reverzibilnih turbina u reverzibilnoj hidroelektrani <a href=\"https:\/\/balkangreenenergynews.com\/rs\/kina-pustila-u-rad-najvecu-svetsku-reverzibilnu-hidroelektranu\/\">Fengning.<\/a> Saop\u0161tila je da \u0107e biti najve\u0107a na svetu, 3,6 gigavata, i sa najve\u0107om podzemnom ma\u0161inskom zgradom.<\/p>\n<p>Sa svojih malo preko tri gigavata snage u proizvodnom re\u017eimu, reverzibilna hidrocentrala Bath Country u Vird\u017einiji u Sjedinjenim Dr\u017eavama je jo\u0161 uvek najve\u0107a na planeti.<\/p>\n","protected":false},"excerpt":{"rendered":"<p>Iberdrola je pustila u rad svoju reverzibilnu hidroelektranu T\u00e2mega Gigabattery u Portugalu, a sli\u010dan pogon je zavr\u0161en u \u0160vajcarskoj<\/p>\n","protected":false},"author":27,"featured_media":50445,"comment_status":"open","ping_status":"open","sticky":false,"template":"","format":"standard","meta":{"_acf_changed":false,"_monsterinsights_skip_tracking":false,"_monsterinsights_sitenote_active":false,"_monsterinsights_sitenote_note":"","_monsterinsights_sitenote_category":0,"footnotes":""},"categories":[504,1],"tags":[669,1854,5637,1202,647,1098,3571],"class_list":["post-50416","post","type-post","status-publish","format-standard","has-post-thumbnail","hentry","category-elektricna-energija","category-obnovljivi-izvori-energije","tag-elektricna-energija","tag-energetska-tranzicija","tag-hibridne-elektrane","tag-hidroelektrane","tag-obnovljivi-izvori-energije","tag-reverzibilna-hidrelektrana","tag-skladistenje-energije","country-regioneu"],"acf":[],"yoast_head":"<!-- This site is optimized with the Yoast SEO plugin v27.4 - https:\/\/yoast.com\/product\/yoast-seo-wordpress\/ -->\n<title>U Portugalu i \u0160vajcarskoj pu\u0161tene u rad reverzibilne hidroelektrane ukupne snage preko dva gigavata<\/title>\n<meta name=\"description\" content=\"Iberdrola je pustila u rad svoju reverzibilnu hidroelektranu T\u00e2mega Gigabattery u Portugalu, a sli\u010dan pogon je zavr\u0161en u \u0160vajcarskoj.\" \/>\n<meta name=\"robots\" content=\"index, follow, max-snippet:-1, max-image-preview:large, max-video-preview:-1\" \/>\n<link rel=\"canonical\" href=\"https:\/\/balkangreenenergynews.com\/rs\/u-portugalu-i-svajcarskoj-pustene-u-rad-reverzibilne-hidroelektrane-ukupne-snage-preko-dva-gigavata\/\" \/>\n<meta property=\"og:locale\" content=\"sr_RS\" \/>\n<meta property=\"og:type\" content=\"article\" \/>\n<meta property=\"og:title\" content=\"U Portugalu i \u0160vajcarskoj pu\u0161tene u rad reverzibilne hidroelektrane ukupne snage preko dva gigavata\" \/>\n<meta property=\"og:description\" content=\"Iberdrola je pustila u rad svoju reverzibilnu hidroelektranu T\u00e2mega Gigabattery u Portugalu, a sli\u010dan pogon je zavr\u0161en u \u0160vajcarskoj.\" \/>\n<meta property=\"og:url\" content=\"https:\/\/balkangreenenergynews.com\/rs\/u-portugalu-i-svajcarskoj-pustene-u-rad-reverzibilne-hidroelektrane-ukupne-snage-preko-dva-gigavata\/\" \/>\n<meta property=\"og:site_name\" content=\"Balkan Green Energy News\" \/>\n<meta property=\"article:published_time\" content=\"2022-07-22T08:57:27+00:00\" \/>\n<meta property=\"article:modified_time\" content=\"2023-02-03T16:12:46+00:00\" \/>\n<meta property=\"og:image\" content=\"https:\/\/balkangreenenergynews.com\/rs\/wp-content\/uploads\/2022\/07\/Portugalu-Svajcarskoj-reverzibilne-hidroelektrane-dva-gigavata.jpg\" \/>\n\t<meta property=\"og:image:width\" content=\"840\" \/>\n\t<meta property=\"og:image:height\" content=\"430\" \/>\n\t<meta property=\"og:image:type\" content=\"image\/jpeg\" \/>\n<meta name=\"author\" content=\"Igor Todorovi\u0107\" \/>\n<meta name=\"twitter:card\" content=\"summary_large_image\" \/>\n<meta name=\"twitter:label1\" content=\"\u041d\u0430\u043f\u0438\u0441\u0430\u043d\u043e \u043e\u0434\" \/>\n\t<meta name=\"twitter:data1\" content=\"Igor Todorovi\u0107\" \/>\n\t<meta name=\"twitter:label2\" content=\"\u041f\u0440\u043e\u0446\u0435\u045a\u0435\u043d\u043e \u0432\u0440\u0435\u043c\u0435 \u0447\u0438\u0442\u0430\u045a\u0430\" \/>\n\t<meta name=\"twitter:data2\" content=\"4 \u043c\u0438\u043d\u0443\u0442\u0430\" \/>\n<script type=\"application\/ld+json\" class=\"yoast-schema-graph\">{\"@context\":\"https:\\\/\\\/schema.org\",\"@graph\":[{\"@type\":\"Article\",\"@id\":\"https:\\\/\\\/balkangreenenergynews.com\\\/rs\\\/u-portugalu-i-svajcarskoj-pustene-u-rad-reverzibilne-hidroelektrane-ukupne-snage-preko-dva-gigavata\\\/#article\",\"isPartOf\":{\"@id\":\"https:\\\/\\\/balkangreenenergynews.com\\\/rs\\\/u-portugalu-i-svajcarskoj-pustene-u-rad-reverzibilne-hidroelektrane-ukupne-snage-preko-dva-gigavata\\\/\"},\"author\":{\"name\":\"Igor Todorovi\u0107\",\"@id\":\"https:\\\/\\\/balkangreenenergynews.com\\\/rs\\\/#\\\/schema\\\/person\\\/d8f80a244c4e9f2b55e4f6968c253246\"},\"headline\":\"U Portugalu i \u0160vajcarskoj pu\u0161tene u rad reverzibilne hidroelektrane ukupne snage preko dva gigavata\",\"datePublished\":\"2022-07-22T08:57:27+00:00\",\"dateModified\":\"2023-02-03T16:12:46+00:00\",\"mainEntityOfPage\":{\"@id\":\"https:\\\/\\\/balkangreenenergynews.com\\\/rs\\\/u-portugalu-i-svajcarskoj-pustene-u-rad-reverzibilne-hidroelektrane-ukupne-snage-preko-dva-gigavata\\\/\"},\"wordCount\":811,\"commentCount\":0,\"image\":{\"@id\":\"https:\\\/\\\/balkangreenenergynews.com\\\/rs\\\/u-portugalu-i-svajcarskoj-pustene-u-rad-reverzibilne-hidroelektrane-ukupne-snage-preko-dva-gigavata\\\/#primaryimage\"},\"thumbnailUrl\":\"https:\\\/\\\/balkangreenenergynews.com\\\/rs\\\/wp-content\\\/uploads\\\/2022\\\/07\\\/Portugalu-Svajcarskoj-reverzibilne-hidroelektrane-dva-gigavata.jpg?wsr\",\"keywords\":[\"elektri\u010dna energija\",\"energetska tranzicija\",\"hibridne elektrane\",\"hidroelektrane\",\"obnovljivi izvori energije\",\"reverzibilna hidroelektrana\",\"skladi\u0161tenje energije\"],\"articleSection\":[\"Elektri\u010dna energija\",\"OIE\"],\"inLanguage\":\"sr-RS\",\"potentialAction\":[{\"@type\":\"CommentAction\",\"name\":\"Comment\",\"target\":[\"https:\\\/\\\/balkangreenenergynews.com\\\/rs\\\/u-portugalu-i-svajcarskoj-pustene-u-rad-reverzibilne-hidroelektrane-ukupne-snage-preko-dva-gigavata\\\/#respond\"]}]},{\"@type\":\"WebPage\",\"@id\":\"https:\\\/\\\/balkangreenenergynews.com\\\/rs\\\/u-portugalu-i-svajcarskoj-pustene-u-rad-reverzibilne-hidroelektrane-ukupne-snage-preko-dva-gigavata\\\/\",\"url\":\"https:\\\/\\\/balkangreenenergynews.com\\\/rs\\\/u-portugalu-i-svajcarskoj-pustene-u-rad-reverzibilne-hidroelektrane-ukupne-snage-preko-dva-gigavata\\\/\",\"name\":\"U Portugalu i \u0160vajcarskoj pu\u0161tene u rad reverzibilne hidroelektrane ukupne snage preko dva gigavata\",\"isPartOf\":{\"@id\":\"https:\\\/\\\/balkangreenenergynews.com\\\/rs\\\/#website\"},\"primaryImageOfPage\":{\"@id\":\"https:\\\/\\\/balkangreenenergynews.com\\\/rs\\\/u-portugalu-i-svajcarskoj-pustene-u-rad-reverzibilne-hidroelektrane-ukupne-snage-preko-dva-gigavata\\\/#primaryimage\"},\"image\":{\"@id\":\"https:\\\/\\\/balkangreenenergynews.com\\\/rs\\\/u-portugalu-i-svajcarskoj-pustene-u-rad-reverzibilne-hidroelektrane-ukupne-snage-preko-dva-gigavata\\\/#primaryimage\"},\"thumbnailUrl\":\"https:\\\/\\\/balkangreenenergynews.com\\\/rs\\\/wp-content\\\/uploads\\\/2022\\\/07\\\/Portugalu-Svajcarskoj-reverzibilne-hidroelektrane-dva-gigavata.jpg?wsr\",\"datePublished\":\"2022-07-22T08:57:27+00:00\",\"dateModified\":\"2023-02-03T16:12:46+00:00\",\"author\":{\"@id\":\"https:\\\/\\\/balkangreenenergynews.com\\\/rs\\\/#\\\/schema\\\/person\\\/d8f80a244c4e9f2b55e4f6968c253246\"},\"description\":\"Iberdrola je pustila u rad svoju reverzibilnu hidroelektranu T\u00e2mega Gigabattery u Portugalu, a sli\u010dan pogon je zavr\u0161en u \u0160vajcarskoj.\",\"breadcrumb\":{\"@id\":\"https:\\\/\\\/balkangreenenergynews.com\\\/rs\\\/u-portugalu-i-svajcarskoj-pustene-u-rad-reverzibilne-hidroelektrane-ukupne-snage-preko-dva-gigavata\\\/#breadcrumb\"},\"inLanguage\":\"sr-RS\",\"potentialAction\":[{\"@type\":\"ReadAction\",\"target\":[\"https:\\\/\\\/balkangreenenergynews.com\\\/rs\\\/u-portugalu-i-svajcarskoj-pustene-u-rad-reverzibilne-hidroelektrane-ukupne-snage-preko-dva-gigavata\\\/\"]}]},{\"@type\":\"ImageObject\",\"inLanguage\":\"sr-RS\",\"@id\":\"https:\\\/\\\/balkangreenenergynews.com\\\/rs\\\/u-portugalu-i-svajcarskoj-pustene-u-rad-reverzibilne-hidroelektrane-ukupne-snage-preko-dva-gigavata\\\/#primaryimage\",\"url\":\"https:\\\/\\\/balkangreenenergynews.com\\\/rs\\\/wp-content\\\/uploads\\\/2022\\\/07\\\/Portugalu-Svajcarskoj-reverzibilne-hidroelektrane-dva-gigavata.jpg?wsr\",\"contentUrl\":\"https:\\\/\\\/balkangreenenergynews.com\\\/rs\\\/wp-content\\\/uploads\\\/2022\\\/07\\\/Portugalu-Svajcarskoj-reverzibilne-hidroelektrane-dva-gigavata.jpg?wsr\",\"width\":840,\"height\":430,\"caption\":\"Portugalu Svajcarskoj reverzibilne hidroelektrane dva gigavata\"},{\"@type\":\"BreadcrumbList\",\"@id\":\"https:\\\/\\\/balkangreenenergynews.com\\\/rs\\\/u-portugalu-i-svajcarskoj-pustene-u-rad-reverzibilne-hidroelektrane-ukupne-snage-preko-dva-gigavata\\\/#breadcrumb\",\"itemListElement\":[{\"@type\":\"ListItem\",\"position\":1,\"name\":\"Po\u010detna\",\"item\":\"https:\\\/\\\/balkangreenenergynews.com\\\/rs\\\/\"},{\"@type\":\"ListItem\",\"position\":2,\"name\":\"Vesti\",\"item\":\"https:\\\/\\\/balkangreenenergynews.com\\\/rs\\\/kategorija\\\/vesti\\\/\"},{\"@type\":\"ListItem\",\"position\":3,\"name\":\"OIE\",\"item\":\"https:\\\/\\\/balkangreenenergynews.com\\\/rs\\\/kategorija\\\/vesti\\\/obnovljivi-izvori-energije\\\/\"},{\"@type\":\"ListItem\",\"position\":4,\"name\":\"U Portugalu i \u0160vajcarskoj pu\u0161tene u rad reverzibilne hidroelektrane ukupne snage preko dva gigavata\"}]},{\"@type\":\"WebSite\",\"@id\":\"https:\\\/\\\/balkangreenenergynews.com\\\/rs\\\/#website\",\"url\":\"https:\\\/\\\/balkangreenenergynews.com\\\/rs\\\/\",\"name\":\"Balkan Green Energy News\",\"description\":\"Naj\u0161iri izbor vesti sa Balkana o zelenoj energiji\",\"potentialAction\":[{\"@type\":\"SearchAction\",\"target\":{\"@type\":\"EntryPoint\",\"urlTemplate\":\"https:\\\/\\\/balkangreenenergynews.com\\\/rs\\\/?s={search_term_string}\"},\"query-input\":{\"@type\":\"PropertyValueSpecification\",\"valueRequired\":true,\"valueName\":\"search_term_string\"}}],\"inLanguage\":\"sr-RS\"},{\"@type\":\"Person\",\"@id\":\"https:\\\/\\\/balkangreenenergynews.com\\\/rs\\\/#\\\/schema\\\/person\\\/d8f80a244c4e9f2b55e4f6968c253246\",\"name\":\"Igor Todorovi\u0107\",\"url\":\"https:\\\/\\\/balkangreenenergynews.com\\\/rs\\\/author\\\/igor-todorovic\\\/\"}]}<\/script>\n<!-- \/ Yoast SEO plugin. -->","yoast_head_json":{"title":"U Portugalu i \u0160vajcarskoj pu\u0161tene u rad reverzibilne hidroelektrane ukupne snage preko dva gigavata","description":"Iberdrola je pustila u rad svoju reverzibilnu hidroelektranu T\u00e2mega Gigabattery u Portugalu, a sli\u010dan pogon je zavr\u0161en u \u0160vajcarskoj.","robots":{"index":"index","follow":"follow","max-snippet":"max-snippet:-1","max-image-preview":"max-image-preview:large","max-video-preview":"max-video-preview:-1"},"canonical":"https:\/\/balkangreenenergynews.com\/rs\/u-portugalu-i-svajcarskoj-pustene-u-rad-reverzibilne-hidroelektrane-ukupne-snage-preko-dva-gigavata\/","og_locale":"sr_RS","og_type":"article","og_title":"U Portugalu i \u0160vajcarskoj pu\u0161tene u rad reverzibilne hidroelektrane ukupne snage preko dva gigavata","og_description":"Iberdrola je pustila u rad svoju reverzibilnu hidroelektranu T\u00e2mega Gigabattery u Portugalu, a sli\u010dan pogon je zavr\u0161en u \u0160vajcarskoj.","og_url":"https:\/\/balkangreenenergynews.com\/rs\/u-portugalu-i-svajcarskoj-pustene-u-rad-reverzibilne-hidroelektrane-ukupne-snage-preko-dva-gigavata\/","og_site_name":"Balkan Green Energy News","article_published_time":"2022-07-22T08:57:27+00:00","article_modified_time":"2023-02-03T16:12:46+00:00","og_image":[{"width":840,"height":430,"url":"https:\/\/balkangreenenergynews.com\/rs\/wp-content\/uploads\/2022\/07\/Portugalu-Svajcarskoj-reverzibilne-hidroelektrane-dva-gigavata.jpg","type":"image\/jpeg"}],"author":"Igor Todorovi\u0107","twitter_card":"summary_large_image","twitter_misc":{"\u041d\u0430\u043f\u0438\u0441\u0430\u043d\u043e \u043e\u0434":"Igor Todorovi\u0107","\u041f\u0440\u043e\u0446\u0435\u045a\u0435\u043d\u043e \u0432\u0440\u0435\u043c\u0435 \u0447\u0438\u0442\u0430\u045a\u0430":"4 \u043c\u0438\u043d\u0443\u0442\u0430"},"schema":{"@context":"https:\/\/schema.org","@graph":[{"@type":"Article","@id":"https:\/\/balkangreenenergynews.com\/rs\/u-portugalu-i-svajcarskoj-pustene-u-rad-reverzibilne-hidroelektrane-ukupne-snage-preko-dva-gigavata\/#article","isPartOf":{"@id":"https:\/\/balkangreenenergynews.com\/rs\/u-portugalu-i-svajcarskoj-pustene-u-rad-reverzibilne-hidroelektrane-ukupne-snage-preko-dva-gigavata\/"},"author":{"name":"Igor Todorovi\u0107","@id":"https:\/\/balkangreenenergynews.com\/rs\/#\/schema\/person\/d8f80a244c4e9f2b55e4f6968c253246"},"headline":"U Portugalu i \u0160vajcarskoj pu\u0161tene u rad reverzibilne hidroelektrane ukupne snage preko dva gigavata","datePublished":"2022-07-22T08:57:27+00:00","dateModified":"2023-02-03T16:12:46+00:00","mainEntityOfPage":{"@id":"https:\/\/balkangreenenergynews.com\/rs\/u-portugalu-i-svajcarskoj-pustene-u-rad-reverzibilne-hidroelektrane-ukupne-snage-preko-dva-gigavata\/"},"wordCount":811,"commentCount":0,"image":{"@id":"https:\/\/balkangreenenergynews.com\/rs\/u-portugalu-i-svajcarskoj-pustene-u-rad-reverzibilne-hidroelektrane-ukupne-snage-preko-dva-gigavata\/#primaryimage"},"thumbnailUrl":"https:\/\/balkangreenenergynews.com\/rs\/wp-content\/uploads\/2022\/07\/Portugalu-Svajcarskoj-reverzibilne-hidroelektrane-dva-gigavata.jpg?wsr","keywords":["elektri\u010dna energija","energetska tranzicija","hibridne elektrane","hidroelektrane","obnovljivi izvori energije","reverzibilna hidroelektrana","skladi\u0161tenje energije"],"articleSection":["Elektri\u010dna energija","OIE"],"inLanguage":"sr-RS","potentialAction":[{"@type":"CommentAction","name":"Comment","target":["https:\/\/balkangreenenergynews.com\/rs\/u-portugalu-i-svajcarskoj-pustene-u-rad-reverzibilne-hidroelektrane-ukupne-snage-preko-dva-gigavata\/#respond"]}]},{"@type":"WebPage","@id":"https:\/\/balkangreenenergynews.com\/rs\/u-portugalu-i-svajcarskoj-pustene-u-rad-reverzibilne-hidroelektrane-ukupne-snage-preko-dva-gigavata\/","url":"https:\/\/balkangreenenergynews.com\/rs\/u-portugalu-i-svajcarskoj-pustene-u-rad-reverzibilne-hidroelektrane-ukupne-snage-preko-dva-gigavata\/","name":"U Portugalu i \u0160vajcarskoj pu\u0161tene u rad reverzibilne hidroelektrane ukupne snage preko dva gigavata","isPartOf":{"@id":"https:\/\/balkangreenenergynews.com\/rs\/#website"},"primaryImageOfPage":{"@id":"https:\/\/balkangreenenergynews.com\/rs\/u-portugalu-i-svajcarskoj-pustene-u-rad-reverzibilne-hidroelektrane-ukupne-snage-preko-dva-gigavata\/#primaryimage"},"image":{"@id":"https:\/\/balkangreenenergynews.com\/rs\/u-portugalu-i-svajcarskoj-pustene-u-rad-reverzibilne-hidroelektrane-ukupne-snage-preko-dva-gigavata\/#primaryimage"},"thumbnailUrl":"https:\/\/balkangreenenergynews.com\/rs\/wp-content\/uploads\/2022\/07\/Portugalu-Svajcarskoj-reverzibilne-hidroelektrane-dva-gigavata.jpg?wsr","datePublished":"2022-07-22T08:57:27+00:00","dateModified":"2023-02-03T16:12:46+00:00","author":{"@id":"https:\/\/balkangreenenergynews.com\/rs\/#\/schema\/person\/d8f80a244c4e9f2b55e4f6968c253246"},"description":"Iberdrola je pustila u rad svoju reverzibilnu hidroelektranu T\u00e2mega Gigabattery u Portugalu, a sli\u010dan pogon je zavr\u0161en u \u0160vajcarskoj.","breadcrumb":{"@id":"https:\/\/balkangreenenergynews.com\/rs\/u-portugalu-i-svajcarskoj-pustene-u-rad-reverzibilne-hidroelektrane-ukupne-snage-preko-dva-gigavata\/#breadcrumb"},"inLanguage":"sr-RS","potentialAction":[{"@type":"ReadAction","target":["https:\/\/balkangreenenergynews.com\/rs\/u-portugalu-i-svajcarskoj-pustene-u-rad-reverzibilne-hidroelektrane-ukupne-snage-preko-dva-gigavata\/"]}]},{"@type":"ImageObject","inLanguage":"sr-RS","@id":"https:\/\/balkangreenenergynews.com\/rs\/u-portugalu-i-svajcarskoj-pustene-u-rad-reverzibilne-hidroelektrane-ukupne-snage-preko-dva-gigavata\/#primaryimage","url":"https:\/\/balkangreenenergynews.com\/rs\/wp-content\/uploads\/2022\/07\/Portugalu-Svajcarskoj-reverzibilne-hidroelektrane-dva-gigavata.jpg?wsr","contentUrl":"https:\/\/balkangreenenergynews.com\/rs\/wp-content\/uploads\/2022\/07\/Portugalu-Svajcarskoj-reverzibilne-hidroelektrane-dva-gigavata.jpg?wsr","width":840,"height":430,"caption":"Portugalu Svajcarskoj reverzibilne hidroelektrane dva gigavata"},{"@type":"BreadcrumbList","@id":"https:\/\/balkangreenenergynews.com\/rs\/u-portugalu-i-svajcarskoj-pustene-u-rad-reverzibilne-hidroelektrane-ukupne-snage-preko-dva-gigavata\/#breadcrumb","itemListElement":[{"@type":"ListItem","position":1,"name":"Po\u010detna","item":"https:\/\/balkangreenenergynews.com\/rs\/"},{"@type":"ListItem","position":2,"name":"Vesti","item":"https:\/\/balkangreenenergynews.com\/rs\/kategorija\/vesti\/"},{"@type":"ListItem","position":3,"name":"OIE","item":"https:\/\/balkangreenenergynews.com\/rs\/kategorija\/vesti\/obnovljivi-izvori-energije\/"},{"@type":"ListItem","position":4,"name":"U Portugalu i \u0160vajcarskoj pu\u0161tene u rad reverzibilne hidroelektrane ukupne snage preko dva gigavata"}]},{"@type":"WebSite","@id":"https:\/\/balkangreenenergynews.com\/rs\/#website","url":"https:\/\/balkangreenenergynews.com\/rs\/","name":"Balkan Green Energy News","description":"Naj\u0161iri izbor vesti sa Balkana o zelenoj energiji","potentialAction":[{"@type":"SearchAction","target":{"@type":"EntryPoint","urlTemplate":"https:\/\/balkangreenenergynews.com\/rs\/?s={search_term_string}"},"query-input":{"@type":"PropertyValueSpecification","valueRequired":true,"valueName":"search_term_string"}}],"inLanguage":"sr-RS"},{"@type":"Person","@id":"https:\/\/balkangreenenergynews.com\/rs\/#\/schema\/person\/d8f80a244c4e9f2b55e4f6968c253246","name":"Igor Todorovi\u0107","url":"https:\/\/balkangreenenergynews.com\/rs\/author\/igor-todorovic\/"}]}},"_links":{"self":[{"href":"https:\/\/balkangreenenergynews.com\/rs\/wp-json\/wp\/v2\/posts\/50416","targetHints":{"allow":["GET"]}}],"collection":[{"href":"https:\/\/balkangreenenergynews.com\/rs\/wp-json\/wp\/v2\/posts"}],"about":[{"href":"https:\/\/balkangreenenergynews.com\/rs\/wp-json\/wp\/v2\/types\/post"}],"author":[{"embeddable":true,"href":"https:\/\/balkangreenenergynews.com\/rs\/wp-json\/wp\/v2\/users\/27"}],"replies":[{"embeddable":true,"href":"https:\/\/balkangreenenergynews.com\/rs\/wp-json\/wp\/v2\/comments?post=50416"}],"version-history":[{"count":0,"href":"https:\/\/balkangreenenergynews.com\/rs\/wp-json\/wp\/v2\/posts\/50416\/revisions"}],"wp:featuredmedia":[{"embeddable":true,"href":"https:\/\/balkangreenenergynews.com\/rs\/wp-json\/wp\/v2\/media\/50445"}],"wp:attachment":[{"href":"https:\/\/balkangreenenergynews.com\/rs\/wp-json\/wp\/v2\/media?parent=50416"}],"wp:term":[{"taxonomy":"category","embeddable":true,"href":"https:\/\/balkangreenenergynews.com\/rs\/wp-json\/wp\/v2\/categories?post=50416"},{"taxonomy":"post_tag","embeddable":true,"href":"https:\/\/balkangreenenergynews.com\/rs\/wp-json\/wp\/v2\/tags?post=50416"}],"curies":[{"name":"wp","href":"https:\/\/api.w.org\/{rel}","templated":true}]}}