{"id":50389,"date":"2022-07-20T16:26:41","date_gmt":"2022-07-20T14:26:41","guid":{"rendered":"https:\/\/balkangreenenergynews.com\/rs\/?p=50389"},"modified":"2022-07-21T10:16:17","modified_gmt":"2022-07-21T08:16:17","slug":"pripremite-se-za-toplotni-talas-sa-temperaturama-do-43-stepena","status":"publish","type":"post","link":"https:\/\/balkangreenenergynews.com\/rs\/pripremite-se-za-toplotni-talas-sa-temperaturama-do-43-stepena\/","title":{"rendered":"Pripremite se za toplotni talas sa temperaturama do 43 stepena!"},"content":{"rendered":"<h2>Gra\u0111ani Srbije i regiona narednih desetak dana iskusi\u0107e na svojoj ko\u017ei toplotni talas sa temperaturama koje \u0107e dostizati i 43 stepena, s tim da maksimalne ne\u0107e biti ni\u017ee od 34 stepeni. Ekstremne temperature bele\u017ee prethodnih dana skoro sve evropske zemlje, pa je u Velikoj Britaniji prvi put u istoriji izmereno 40 stepeni, a \u0161umski po\u017eari zahvatili su Francusku, \u0160paniju, ali i Hrvatsku, Sloveniju, Srbiju.<\/h2>\n<p>Nadle\u017ene slu\u017ebe izdaju upozorenja zbog ekstremnih vru\u0107ina i rekordnih temperatura, a nau\u010dnici podse\u0107aju da su upozorili da \u0107e zbog klimatskih promena toplotni talasi biti \u010de\u0161\u0107i, du\u017ei i ja\u010di. Vladimir \u0110ur\u0111evi\u0107, profesor Fizi\u010dkog fakulteta u Beogradu ka\u017ee za Balkan Green Energy News da klimatske promene nisu pretnja koja sti\u017ee u budu\u0107nosti, ve\u0107 realnost koju \u017eivimo. Umesto i\u0161\u010du\u0111avanja za\u0161to je ovako toplo, trebalo bi se baviti prilago\u0111avanjem na klimatske promene, dodao je on.<\/p>\n<blockquote><p>\u0160panski premijer Pedro S\u00e1nchez: Klimatske promene ubijaju<\/p><\/blockquote>\n<p>Na \u017ealost, za neke je kasno, jer je samo u \u0160paniji i Portugaliji od uzroka koji imaju veze sa velikim vru\u0107inama u poslednjih desetak dana stradalo 1.700 ljudi, a \u0161panski premijer Pedro S\u00e1nchez je rezignirano izjavio: Klimatske promene ubijaju. Ubijaju ljude, na\u0161e ekosisteme, na\u0161 biodiverzitet, rekao je on prilikom posete regionu Extremadura gde besni jedan od tri velika \u0161umska po\u017eara u \u0160paniji.<\/p>\n<p>Toplotni talas koji je zahvatio Evropu do\u0161ao je, kako ka\u017eu meterolozi, iz Afrike.<\/p>\n<p>Republi\u010dki hidrometerolo\u0161ki zavod u Srbiji izdao je upozorenje za podru\u010dje cele zemlje na visoke temperature i naveo da \u0107e u poslednjoj dekadi jula biti veoma toplo.<\/p>\n<blockquote><p>U BiH temperature do 43 stepena, u Srbiji do 40<\/p><\/blockquote>\n<p>Maksimalna temperatura \u0107e danas biti od 32 do 35 stepena, u \u010detvrtak i petak od 34 do 38, a u subotu, koja \u0107e biti najtopliji dan lokalno i do 40, naveo je RHMZ, i najavio od nedelje do utorka manji pad temperature, ali i dalje veoma toplo vreme sa temperaturama od 34 do 37 stepeni.<\/p>\n<p>U BiH temperature \u0107e biti jo\u0161 vi\u0161e nego u Srbiji. Sutra se o\u010dekuje da maksimalna temepratura bude 42, a u petak i subotu \u010dak 43 stepena, saop\u0161tio je Federalni hidrometeorolo\u0161ki zavod. Jutarnje temperature \u0107e se kretati od 16 do \u010dak 23!<\/p>\n<p>Republi\u010dki hidrometerolo\u0161ki zavod Republike Srpske o\u010dekuje ne\u0161to ni\u017ee temperature, koje \u0107e u nekim krajevima dosti\u0107i i 40 stepeni, a sli\u010dne vru\u0107ine prognozirane su i za Crnu Goru u petak i subotu.<\/p>\n<h3>\u0110ur\u0111evi\u0107: \u0161to pre obavimo dekarbonizaciju, to \u0107e budu\u0107e promene biti manje<\/h3>\n<figure id=\"attachment_50391\" aria-describedby=\"caption-attachment-50391\" style=\"width: 1513px\" class=\"wp-caption aligncenter\"><img loading=\"lazy\" decoding=\"async\" class=\"wp-image-50391 size-full\" src=\"https:\/\/balkangreenenergynews.com\/rs\/wp-content\/uploads\/2022\/07\/toplotni-talas-vrucine-klimatske-promene-pozari.jpg\" alt=\"toplotni talas vrucine klimatske promene pozari\" width=\"1513\" height=\"1536\" srcset=\"https:\/\/balkangreenenergynews.com\/rs\/wp-content\/uploads\/2022\/07\/toplotni-talas-vrucine-klimatske-promene-pozari.jpg 1513w, https:\/\/balkangreenenergynews.com\/rs\/wp-content\/uploads\/2022\/07\/toplotni-talas-vrucine-klimatske-promene-pozari-500x508.jpg 500w, https:\/\/balkangreenenergynews.com\/rs\/wp-content\/uploads\/2022\/07\/toplotni-talas-vrucine-klimatske-promene-pozari-840x853.jpg 840w, https:\/\/balkangreenenergynews.com\/rs\/wp-content\/uploads\/2022\/07\/toplotni-talas-vrucine-klimatske-promene-pozari-768x780.jpg 768w, https:\/\/balkangreenenergynews.com\/rs\/wp-content\/uploads\/2022\/07\/toplotni-talas-vrucine-klimatske-promene-pozari-296x300.jpg 296w, https:\/\/balkangreenenergynews.com\/rs\/wp-content\/uploads\/2022\/07\/toplotni-talas-vrucine-klimatske-promene-pozari-1320x1340.jpg 1320w\" sizes=\"auto, (max-width: 1513px) 100vw, 1513px\" \/><figcaption id=\"caption-attachment-50391\" class=\"wp-caption-text\">Opasnost od po\u017eara u Evropi (foto: Copenicus.eu)<\/figcaption><\/figure>\n<p><a href=\"https:\/\/balkangreenenergynews.com\/rs\/klimatski-autobus\/\">Vladimir \u0110ur\u0111evi\u0107<\/a>, profesor Fizi\u010dkog fakulteta, nema dilemu da se toplotni talas, koji je prethodnih dana prvo zahvatio zapadnu Evropu, a koji \u0107e zahvatiti i nas, mo\u017ee apsolutno povezati sa klimatskim promenama, posebno kada pri\u010damo o nekim rekordima koji su zabele\u017eeni u smislu maksimalnih temperatura, kao \u0161to su rekordi u Engleskoj.<\/p>\n<p>&#8222;Temperature ve\u0107e od 40 stepeni u Engleskoj bi prakti\u010dno bile nemogu\u0107e da planeta danas nije u proseku toplija za 1,2 stepena. Klimatske promene i toplija planeta jednostavno zna\u010de da mo\u017eemo o\u010dekivati vi\u0161e toplotnih talasa i da \u0107e oni u proseku biti du\u017ei i intenzivniji&#8220;, isti\u010de \u0110ur\u0111evi\u0107.<\/p>\n<blockquote><p>Srbija je ranije imala jedan ili nijedan toplotni talas, a ovog leta ve\u0107 tri<\/p><\/blockquote>\n<p>U Srbiji su, kako navodi, pojave toplotnih talasa sredinom pro\u0161log veka bile sporadi\u010dne, naj\u010de\u0161\u0107e jedan ili nijedan tokom leta, a danas ih ima skoro svakoga leta tri i vi\u0161e. Ovog leta u Srbiji su ve\u0107 zabele\u017eena dva i na po\u010detku smo tre\u0107eg, a tek je polovina ovog godi\u0161njeg doba.<\/p>\n<p>&#8222;Ono \u0161to treba da nas zabrine, da u budu\u0107nosti mo\u017eemo samo da o\u010dekujemo eskalaciju ovog problema, a obim pogor\u0161anja \u0107e zavisiti koliko \u0107emo brzo napustiti ugalj, naftu i gas. \u0160to pre pro\u0111emo kroz proces dekarbonizacije, to \u0107e budu\u0107e promene biti manje, i lak\u0161e u smislu prilago\u0111avanja na njih&#8220;, savetuje \u0110ur\u0111evi\u0107.<\/p>\n<blockquote><p>\u0160to pre i \u0161to obuhvatnije po\u010deti sa prilago\u0111avanjem na klimatske promene kao jedinim od odgovora na klimatsku krizu<\/p><\/blockquote>\n<p>Sve ovo ukazuje, kako ka\u017ee, da mi apsolutno \u017eivimo sa klimatskim promenama i da one vi\u0161e apsolutno nisu neka pretnja koja nas o\u010dekuje u budu\u0107nosti. Da bi koliko je god to mogu\u0107e smanjili rizike u budu\u0107nosti, koje sa sobom nose toplotni talasi, on savetuje da se \u0161to pre i \u0161to obuhvatnije po\u010dne sa prilago\u0111avanjem na klimatske promene kao jedinim od odgovora na trenutnu klimatsku krizu.<\/p>\n<p>&#8222;Potrebno je \u0161to pre usvojene planove i analize preto\u010diti u konkretne projekte i akcije, jer na \u010du\u0111enje svakog leta &#8216;da li je mogu\u0107e da je ovoliko toplo&#8217; ne\u0107e biti od pomo\u0107i&#8220;, poru\u010dio je \u0110ur\u0111evi\u0107.<\/p>\n","protected":false},"excerpt":{"rendered":"<p>Umesto i\u0161\u010du\u0111avanja da li je mogu\u0107e da je ovako toplo, trebalo bi se baviti prilago\u0111avanjem na klimatske promene, ka\u017ee profesor Vladimir \u0110ur\u0111evi\u0107<\/p>\n","protected":false},"author":23,"featured_media":50409,"comment_status":"open","ping_status":"open","sticky":false,"template":"","format":"standard","meta":{"_acf_changed":false,"_monsterinsights_skip_tracking":false,"_monsterinsights_sitenote_active":false,"_monsterinsights_sitenote_note":"","_monsterinsights_sitenote_category":0,"footnotes":""},"categories":[5909,4],"tags":[3279,766],"class_list":["post-50389","post","type-post","status-publish","format-standard","has-post-thumbnail","hentry","category-klimatske-promene","category-zivotna-sredina","tag-dekarbonizacija","tag-klimatske-promene","country-regioneu"],"acf":[],"yoast_head":"<!-- This site is optimized with the Yoast SEO plugin v27.4 - https:\/\/yoast.com\/product\/yoast-seo-wordpress\/ -->\n<title>Pripremite se za toplotni talas sa temperaturama do 43 stepena!<\/title>\n<meta name=\"description\" content=\"Umesto i\u0161\u010du\u0111avanja da li je mogu\u0107e da je ovako toplo, trebalo bi se baviti prilago\u0111avanjem na klimatske promene, ka\u017ee profesor Vladimir \u0110ur\u0111evi\u0107\" \/>\n<meta name=\"robots\" content=\"index, follow, max-snippet:-1, max-image-preview:large, max-video-preview:-1\" \/>\n<link rel=\"canonical\" href=\"https:\/\/balkangreenenergynews.com\/rs\/pripremite-se-za-toplotni-talas-sa-temperaturama-do-43-stepena\/\" \/>\n<meta property=\"og:locale\" content=\"sr_RS\" \/>\n<meta property=\"og:type\" content=\"article\" \/>\n<meta property=\"og:title\" content=\"Pripremite se za toplotni talas sa temperaturama do 43 stepena!\" \/>\n<meta property=\"og:description\" content=\"Umesto i\u0161\u010du\u0111avanja da li je mogu\u0107e da je ovako toplo, trebalo bi se baviti prilago\u0111avanjem na klimatske promene, ka\u017ee profesor Vladimir \u0110ur\u0111evi\u0107\" \/>\n<meta property=\"og:url\" content=\"https:\/\/balkangreenenergynews.com\/rs\/pripremite-se-za-toplotni-talas-sa-temperaturama-do-43-stepena\/\" \/>\n<meta property=\"og:site_name\" content=\"Balkan Green Energy News\" \/>\n<meta property=\"article:published_time\" content=\"2022-07-20T14:26:41+00:00\" \/>\n<meta property=\"article:modified_time\" content=\"2022-07-21T08:16:17+00:00\" \/>\n<meta property=\"og:image\" content=\"https:\/\/balkangreenenergynews.com\/rs\/wp-content\/uploads\/2022\/07\/toplotni-talas-temperature-do-43-stepena-klimatske-promene.jpg\" \/>\n\t<meta property=\"og:image:width\" content=\"840\" \/>\n\t<meta property=\"og:image:height\" content=\"430\" \/>\n\t<meta property=\"og:image:type\" content=\"image\/jpeg\" \/>\n<meta name=\"author\" content=\"Vladimir Spasi\u0107\" \/>\n<meta name=\"twitter:card\" content=\"summary_large_image\" \/>\n<meta name=\"twitter:label1\" content=\"\u041d\u0430\u043f\u0438\u0441\u0430\u043d\u043e \u043e\u0434\" \/>\n\t<meta name=\"twitter:data1\" content=\"Vladimir Spasi\u0107\" \/>\n\t<meta name=\"twitter:label2\" content=\"\u041f\u0440\u043e\u0446\u0435\u045a\u0435\u043d\u043e \u0432\u0440\u0435\u043c\u0435 \u0447\u0438\u0442\u0430\u045a\u0430\" \/>\n\t<meta name=\"twitter:data2\" content=\"5 \u043c\u0438\u043d\u0443\u0442\u0430\" \/>\n<script type=\"application\/ld+json\" class=\"yoast-schema-graph\">{\"@context\":\"https:\\\/\\\/schema.org\",\"@graph\":[{\"@type\":\"Article\",\"@id\":\"https:\\\/\\\/balkangreenenergynews.com\\\/rs\\\/pripremite-se-za-toplotni-talas-sa-temperaturama-do-43-stepena\\\/#article\",\"isPartOf\":{\"@id\":\"https:\\\/\\\/balkangreenenergynews.com\\\/rs\\\/pripremite-se-za-toplotni-talas-sa-temperaturama-do-43-stepena\\\/\"},\"author\":{\"name\":\"Vladimir Spasi\u0107\",\"@id\":\"https:\\\/\\\/balkangreenenergynews.com\\\/rs\\\/#\\\/schema\\\/person\\\/99dc721c46113fea22caffad06ef7317\"},\"headline\":\"Pripremite se za toplotni talas sa temperaturama do 43 stepena!\",\"datePublished\":\"2022-07-20T14:26:41+00:00\",\"dateModified\":\"2022-07-21T08:16:17+00:00\",\"mainEntityOfPage\":{\"@id\":\"https:\\\/\\\/balkangreenenergynews.com\\\/rs\\\/pripremite-se-za-toplotni-talas-sa-temperaturama-do-43-stepena\\\/\"},\"wordCount\":820,\"commentCount\":0,\"image\":{\"@id\":\"https:\\\/\\\/balkangreenenergynews.com\\\/rs\\\/pripremite-se-za-toplotni-talas-sa-temperaturama-do-43-stepena\\\/#primaryimage\"},\"thumbnailUrl\":\"https:\\\/\\\/balkangreenenergynews.com\\\/rs\\\/wp-content\\\/uploads\\\/2022\\\/07\\\/toplotni-talas-temperature-do-43-stepena-klimatske-promene.jpg?wsr\",\"keywords\":[\"dekarbonizacija\",\"klimatske promene\"],\"articleSection\":[\"Klimatske promene\",\"\u017divotna sredina\"],\"inLanguage\":\"sr-RS\",\"potentialAction\":[{\"@type\":\"CommentAction\",\"name\":\"Comment\",\"target\":[\"https:\\\/\\\/balkangreenenergynews.com\\\/rs\\\/pripremite-se-za-toplotni-talas-sa-temperaturama-do-43-stepena\\\/#respond\"]}]},{\"@type\":\"WebPage\",\"@id\":\"https:\\\/\\\/balkangreenenergynews.com\\\/rs\\\/pripremite-se-za-toplotni-talas-sa-temperaturama-do-43-stepena\\\/\",\"url\":\"https:\\\/\\\/balkangreenenergynews.com\\\/rs\\\/pripremite-se-za-toplotni-talas-sa-temperaturama-do-43-stepena\\\/\",\"name\":\"Pripremite se za toplotni talas sa temperaturama do 43 stepena!\",\"isPartOf\":{\"@id\":\"https:\\\/\\\/balkangreenenergynews.com\\\/rs\\\/#website\"},\"primaryImageOfPage\":{\"@id\":\"https:\\\/\\\/balkangreenenergynews.com\\\/rs\\\/pripremite-se-za-toplotni-talas-sa-temperaturama-do-43-stepena\\\/#primaryimage\"},\"image\":{\"@id\":\"https:\\\/\\\/balkangreenenergynews.com\\\/rs\\\/pripremite-se-za-toplotni-talas-sa-temperaturama-do-43-stepena\\\/#primaryimage\"},\"thumbnailUrl\":\"https:\\\/\\\/balkangreenenergynews.com\\\/rs\\\/wp-content\\\/uploads\\\/2022\\\/07\\\/toplotni-talas-temperature-do-43-stepena-klimatske-promene.jpg?wsr\",\"datePublished\":\"2022-07-20T14:26:41+00:00\",\"dateModified\":\"2022-07-21T08:16:17+00:00\",\"author\":{\"@id\":\"https:\\\/\\\/balkangreenenergynews.com\\\/rs\\\/#\\\/schema\\\/person\\\/99dc721c46113fea22caffad06ef7317\"},\"description\":\"Umesto i\u0161\u010du\u0111avanja da li je mogu\u0107e da je ovako toplo, trebalo bi se baviti prilago\u0111avanjem na klimatske promene, ka\u017ee profesor Vladimir \u0110ur\u0111evi\u0107\",\"breadcrumb\":{\"@id\":\"https:\\\/\\\/balkangreenenergynews.com\\\/rs\\\/pripremite-se-za-toplotni-talas-sa-temperaturama-do-43-stepena\\\/#breadcrumb\"},\"inLanguage\":\"sr-RS\",\"potentialAction\":[{\"@type\":\"ReadAction\",\"target\":[\"https:\\\/\\\/balkangreenenergynews.com\\\/rs\\\/pripremite-se-za-toplotni-talas-sa-temperaturama-do-43-stepena\\\/\"]}]},{\"@type\":\"ImageObject\",\"inLanguage\":\"sr-RS\",\"@id\":\"https:\\\/\\\/balkangreenenergynews.com\\\/rs\\\/pripremite-se-za-toplotni-talas-sa-temperaturama-do-43-stepena\\\/#primaryimage\",\"url\":\"https:\\\/\\\/balkangreenenergynews.com\\\/rs\\\/wp-content\\\/uploads\\\/2022\\\/07\\\/toplotni-talas-temperature-do-43-stepena-klimatske-promene.jpg?wsr\",\"contentUrl\":\"https:\\\/\\\/balkangreenenergynews.com\\\/rs\\\/wp-content\\\/uploads\\\/2022\\\/07\\\/toplotni-talas-temperature-do-43-stepena-klimatske-promene.jpg?wsr\",\"width\":840,\"height\":430,\"caption\":\"toplotni talas temperature do 43 stepena klimatske promene\"},{\"@type\":\"BreadcrumbList\",\"@id\":\"https:\\\/\\\/balkangreenenergynews.com\\\/rs\\\/pripremite-se-za-toplotni-talas-sa-temperaturama-do-43-stepena\\\/#breadcrumb\",\"itemListElement\":[{\"@type\":\"ListItem\",\"position\":1,\"name\":\"Po\u010detna\",\"item\":\"https:\\\/\\\/balkangreenenergynews.com\\\/rs\\\/\"},{\"@type\":\"ListItem\",\"position\":2,\"name\":\"Klimatske promene\",\"item\":\"https:\\\/\\\/balkangreenenergynews.com\\\/rs\\\/kategorija\\\/klimatske-promene\\\/\"},{\"@type\":\"ListItem\",\"position\":3,\"name\":\"Pripremite se za toplotni talas sa temperaturama do 43 stepena!\"}]},{\"@type\":\"WebSite\",\"@id\":\"https:\\\/\\\/balkangreenenergynews.com\\\/rs\\\/#website\",\"url\":\"https:\\\/\\\/balkangreenenergynews.com\\\/rs\\\/\",\"name\":\"Balkan Green Energy News\",\"description\":\"Naj\u0161iri izbor vesti sa Balkana o zelenoj energiji\",\"potentialAction\":[{\"@type\":\"SearchAction\",\"target\":{\"@type\":\"EntryPoint\",\"urlTemplate\":\"https:\\\/\\\/balkangreenenergynews.com\\\/rs\\\/?s={search_term_string}\"},\"query-input\":{\"@type\":\"PropertyValueSpecification\",\"valueRequired\":true,\"valueName\":\"search_term_string\"}}],\"inLanguage\":\"sr-RS\"},{\"@type\":\"Person\",\"@id\":\"https:\\\/\\\/balkangreenenergynews.com\\\/rs\\\/#\\\/schema\\\/person\\\/99dc721c46113fea22caffad06ef7317\",\"name\":\"Vladimir Spasi\u0107\",\"url\":\"https:\\\/\\\/balkangreenenergynews.com\\\/rs\\\/author\\\/vladimir-spasic\\\/\"}]}<\/script>\n<!-- \/ Yoast SEO plugin. -->","yoast_head_json":{"title":"Pripremite se za toplotni talas sa temperaturama do 43 stepena!","description":"Umesto i\u0161\u010du\u0111avanja da li je mogu\u0107e da je ovako toplo, trebalo bi se baviti prilago\u0111avanjem na klimatske promene, ka\u017ee profesor Vladimir \u0110ur\u0111evi\u0107","robots":{"index":"index","follow":"follow","max-snippet":"max-snippet:-1","max-image-preview":"max-image-preview:large","max-video-preview":"max-video-preview:-1"},"canonical":"https:\/\/balkangreenenergynews.com\/rs\/pripremite-se-za-toplotni-talas-sa-temperaturama-do-43-stepena\/","og_locale":"sr_RS","og_type":"article","og_title":"Pripremite se za toplotni talas sa temperaturama do 43 stepena!","og_description":"Umesto i\u0161\u010du\u0111avanja da li je mogu\u0107e da je ovako toplo, trebalo bi se baviti prilago\u0111avanjem na klimatske promene, ka\u017ee profesor Vladimir \u0110ur\u0111evi\u0107","og_url":"https:\/\/balkangreenenergynews.com\/rs\/pripremite-se-za-toplotni-talas-sa-temperaturama-do-43-stepena\/","og_site_name":"Balkan Green Energy News","article_published_time":"2022-07-20T14:26:41+00:00","article_modified_time":"2022-07-21T08:16:17+00:00","og_image":[{"width":840,"height":430,"url":"https:\/\/balkangreenenergynews.com\/rs\/wp-content\/uploads\/2022\/07\/toplotni-talas-temperature-do-43-stepena-klimatske-promene.jpg","type":"image\/jpeg"}],"author":"Vladimir Spasi\u0107","twitter_card":"summary_large_image","twitter_misc":{"\u041d\u0430\u043f\u0438\u0441\u0430\u043d\u043e \u043e\u0434":"Vladimir Spasi\u0107","\u041f\u0440\u043e\u0446\u0435\u045a\u0435\u043d\u043e \u0432\u0440\u0435\u043c\u0435 \u0447\u0438\u0442\u0430\u045a\u0430":"5 \u043c\u0438\u043d\u0443\u0442\u0430"},"schema":{"@context":"https:\/\/schema.org","@graph":[{"@type":"Article","@id":"https:\/\/balkangreenenergynews.com\/rs\/pripremite-se-za-toplotni-talas-sa-temperaturama-do-43-stepena\/#article","isPartOf":{"@id":"https:\/\/balkangreenenergynews.com\/rs\/pripremite-se-za-toplotni-talas-sa-temperaturama-do-43-stepena\/"},"author":{"name":"Vladimir Spasi\u0107","@id":"https:\/\/balkangreenenergynews.com\/rs\/#\/schema\/person\/99dc721c46113fea22caffad06ef7317"},"headline":"Pripremite se za toplotni talas sa temperaturama do 43 stepena!","datePublished":"2022-07-20T14:26:41+00:00","dateModified":"2022-07-21T08:16:17+00:00","mainEntityOfPage":{"@id":"https:\/\/balkangreenenergynews.com\/rs\/pripremite-se-za-toplotni-talas-sa-temperaturama-do-43-stepena\/"},"wordCount":820,"commentCount":0,"image":{"@id":"https:\/\/balkangreenenergynews.com\/rs\/pripremite-se-za-toplotni-talas-sa-temperaturama-do-43-stepena\/#primaryimage"},"thumbnailUrl":"https:\/\/balkangreenenergynews.com\/rs\/wp-content\/uploads\/2022\/07\/toplotni-talas-temperature-do-43-stepena-klimatske-promene.jpg?wsr","keywords":["dekarbonizacija","klimatske promene"],"articleSection":["Klimatske promene","\u017divotna sredina"],"inLanguage":"sr-RS","potentialAction":[{"@type":"CommentAction","name":"Comment","target":["https:\/\/balkangreenenergynews.com\/rs\/pripremite-se-za-toplotni-talas-sa-temperaturama-do-43-stepena\/#respond"]}]},{"@type":"WebPage","@id":"https:\/\/balkangreenenergynews.com\/rs\/pripremite-se-za-toplotni-talas-sa-temperaturama-do-43-stepena\/","url":"https:\/\/balkangreenenergynews.com\/rs\/pripremite-se-za-toplotni-talas-sa-temperaturama-do-43-stepena\/","name":"Pripremite se za toplotni talas sa temperaturama do 43 stepena!","isPartOf":{"@id":"https:\/\/balkangreenenergynews.com\/rs\/#website"},"primaryImageOfPage":{"@id":"https:\/\/balkangreenenergynews.com\/rs\/pripremite-se-za-toplotni-talas-sa-temperaturama-do-43-stepena\/#primaryimage"},"image":{"@id":"https:\/\/balkangreenenergynews.com\/rs\/pripremite-se-za-toplotni-talas-sa-temperaturama-do-43-stepena\/#primaryimage"},"thumbnailUrl":"https:\/\/balkangreenenergynews.com\/rs\/wp-content\/uploads\/2022\/07\/toplotni-talas-temperature-do-43-stepena-klimatske-promene.jpg?wsr","datePublished":"2022-07-20T14:26:41+00:00","dateModified":"2022-07-21T08:16:17+00:00","author":{"@id":"https:\/\/balkangreenenergynews.com\/rs\/#\/schema\/person\/99dc721c46113fea22caffad06ef7317"},"description":"Umesto i\u0161\u010du\u0111avanja da li je mogu\u0107e da je ovako toplo, trebalo bi se baviti prilago\u0111avanjem na klimatske promene, ka\u017ee profesor Vladimir \u0110ur\u0111evi\u0107","breadcrumb":{"@id":"https:\/\/balkangreenenergynews.com\/rs\/pripremite-se-za-toplotni-talas-sa-temperaturama-do-43-stepena\/#breadcrumb"},"inLanguage":"sr-RS","potentialAction":[{"@type":"ReadAction","target":["https:\/\/balkangreenenergynews.com\/rs\/pripremite-se-za-toplotni-talas-sa-temperaturama-do-43-stepena\/"]}]},{"@type":"ImageObject","inLanguage":"sr-RS","@id":"https:\/\/balkangreenenergynews.com\/rs\/pripremite-se-za-toplotni-talas-sa-temperaturama-do-43-stepena\/#primaryimage","url":"https:\/\/balkangreenenergynews.com\/rs\/wp-content\/uploads\/2022\/07\/toplotni-talas-temperature-do-43-stepena-klimatske-promene.jpg?wsr","contentUrl":"https:\/\/balkangreenenergynews.com\/rs\/wp-content\/uploads\/2022\/07\/toplotni-talas-temperature-do-43-stepena-klimatske-promene.jpg?wsr","width":840,"height":430,"caption":"toplotni talas temperature do 43 stepena klimatske promene"},{"@type":"BreadcrumbList","@id":"https:\/\/balkangreenenergynews.com\/rs\/pripremite-se-za-toplotni-talas-sa-temperaturama-do-43-stepena\/#breadcrumb","itemListElement":[{"@type":"ListItem","position":1,"name":"Po\u010detna","item":"https:\/\/balkangreenenergynews.com\/rs\/"},{"@type":"ListItem","position":2,"name":"Klimatske promene","item":"https:\/\/balkangreenenergynews.com\/rs\/kategorija\/klimatske-promene\/"},{"@type":"ListItem","position":3,"name":"Pripremite se za toplotni talas sa temperaturama do 43 stepena!"}]},{"@type":"WebSite","@id":"https:\/\/balkangreenenergynews.com\/rs\/#website","url":"https:\/\/balkangreenenergynews.com\/rs\/","name":"Balkan Green Energy News","description":"Naj\u0161iri izbor vesti sa Balkana o zelenoj energiji","potentialAction":[{"@type":"SearchAction","target":{"@type":"EntryPoint","urlTemplate":"https:\/\/balkangreenenergynews.com\/rs\/?s={search_term_string}"},"query-input":{"@type":"PropertyValueSpecification","valueRequired":true,"valueName":"search_term_string"}}],"inLanguage":"sr-RS"},{"@type":"Person","@id":"https:\/\/balkangreenenergynews.com\/rs\/#\/schema\/person\/99dc721c46113fea22caffad06ef7317","name":"Vladimir Spasi\u0107","url":"https:\/\/balkangreenenergynews.com\/rs\/author\/vladimir-spasic\/"}]}},"_links":{"self":[{"href":"https:\/\/balkangreenenergynews.com\/rs\/wp-json\/wp\/v2\/posts\/50389","targetHints":{"allow":["GET"]}}],"collection":[{"href":"https:\/\/balkangreenenergynews.com\/rs\/wp-json\/wp\/v2\/posts"}],"about":[{"href":"https:\/\/balkangreenenergynews.com\/rs\/wp-json\/wp\/v2\/types\/post"}],"author":[{"embeddable":true,"href":"https:\/\/balkangreenenergynews.com\/rs\/wp-json\/wp\/v2\/users\/23"}],"replies":[{"embeddable":true,"href":"https:\/\/balkangreenenergynews.com\/rs\/wp-json\/wp\/v2\/comments?post=50389"}],"version-history":[{"count":0,"href":"https:\/\/balkangreenenergynews.com\/rs\/wp-json\/wp\/v2\/posts\/50389\/revisions"}],"wp:featuredmedia":[{"embeddable":true,"href":"https:\/\/balkangreenenergynews.com\/rs\/wp-json\/wp\/v2\/media\/50409"}],"wp:attachment":[{"href":"https:\/\/balkangreenenergynews.com\/rs\/wp-json\/wp\/v2\/media?parent=50389"}],"wp:term":[{"taxonomy":"category","embeddable":true,"href":"https:\/\/balkangreenenergynews.com\/rs\/wp-json\/wp\/v2\/categories?post=50389"},{"taxonomy":"post_tag","embeddable":true,"href":"https:\/\/balkangreenenergynews.com\/rs\/wp-json\/wp\/v2\/tags?post=50389"}],"curies":[{"name":"wp","href":"https:\/\/api.w.org\/{rel}","templated":true}]}}