{"id":49973,"date":"2022-07-05T21:17:47","date_gmt":"2022-07-05T19:17:47","guid":{"rendered":"https:\/\/balkangreenenergynews.com\/rs\/?p=49973"},"modified":"2024-06-17T14:01:20","modified_gmt":"2024-06-17T12:01:20","slug":"jadarska-deklaracija-udruzeni-u-borbi-protiv-iskopavanja-litijuma","status":"publish","type":"post","link":"https:\/\/balkangreenenergynews.com\/rs\/jadarska-deklaracija-udruzeni-u-borbi-protiv-iskopavanja-litijuma\/","title":{"rendered":"Jadarska deklaracija &#8211; udru\u017eeni u borbi protiv iskopavanja litijuma"},"content":{"rendered":"<h2>Uspostavljanje me\u0111unarodne mre\u017ee aktivista koja se bavi \u0161tetnim efektima eksploatacije litijuma zapo\u010deto je na inicijativu ekolo\u0161kih organizacija iz Srbije i bi\u0107e formalno obele\u017eeno potpisivanjem Jadarske deklaracije u Gornjim Nedeljicama. Predstavljanje ove deklaracije bi\u0107e odr\u017eano u petak u Beogradu.<\/h2>\n<p>Na inicijativu doma\u0107ih ekolo\u0161kih organizacija i pokreta Mar\u0161 sa Drine, uspostavlja se mre\u017ea organizacija koje se protive istra\u017eivanju i iskopavanju litijuma.<\/p>\n<p>Mre\u017ea za sada okuplja aktiviste iz Velike Britanije, Argentine, \u0160panije, \u010cilea, Portugala, Nema\u010dke i Srbije, koji \u0107e saradnju ozvani\u010diti potpisivanjem Jadarske deklaracije. Dokument podrazumeva utvr\u0111ivanje solidarnog i zajedni\u010dkog delovanja u borbi protiv interesa korporacija koje zarad ostvarivanja profita ugro\u017eavaju \u017eivotnu sredinu, isti\u010du ekolozi.<\/p>\n<blockquote><p>Dokument podrazumeva utvr\u0111ivanje solidarnog i zajedni\u010dkog delovanja u borbi protiv interesa korporacija koje zarad ostvarivanja profita ugro\u017eavaju \u017eivotnu sredinu<\/p><\/blockquote>\n<p>EKO Dru\u0161tvena akcija i <a href=\"https:\/\/balkangreenenergynews.com\/rs\/rio-tinto-tvrdi-da-je-privremeno-obustavio-aktivnosti-u-srbiji-ali-sta-se-stvarno-desava-na-terenu\/\">pokret Mar\u0161 sa Drine<\/a> predstavi\u0107e na konferenciji za \u0161tampu Jadarsku deklaraciju u petak, 8. jula, u 12 sati u prostoru Miljenko Dereta u Dobra\u010dinoj 55a u Beogradu.<\/p>\n<p>Namera organizatora je da se u javnosti diskutuje o Jadarskoj deklaraciji kao i uspostavljanju nove me\u0111unarodne mre\u017ee.<\/p>\n<p>Nakon toga, u subotu 9. jula bi\u0107e organizovano potpisivanje ove me\u0111unarodne deklaracije ispred sedi\u0161ta Rio Tinta u Gornjim Nedeljicama, ka\u017eu aktivisti.<\/p>\n<p>Tom prilikom, bi\u0107e organizovan prevoz i poseta Gornjim Nedeljicama. U okviru mre\u017ee koja \u0107e se stvoriti na osnovu ovih potpisnica, bi\u0107e uspostavljeni principi jedinstva u vidu razmene informacija, pravovremenog upozoravanja i me\u0111unarodne podr\u0161ke <a href=\"https:\/\/balkangreenenergynews.com\/rs\/dragana-djordjevic-istrazne-busotine-rio-tinta-zatrovale-jadar-borom-arsenom-i-litijumom\/\">u slu\u010daju nano\u0161enja \u0161tete \u017eivotnoj sredini<\/a> na teritorijama njenih \u010dlanica, napominju u organizaciji EKO Dru\u0161tvena akcija.<\/p>\n<p>Doga\u0111aji su deo programa Ekolo\u0161ki pokreti i dru\u0161tvena kritika, u okviru kojeg se tokom juna i jula u Srbiji odr\u017eava serija aktivisti\u010dkih doga\u0111aja, na inicijativu udru\u017eenja EKO\u00a0Dru\u0161tvena akcija.<\/p>\n<h3>Tribine o &#8222;zelenom rudarenju&#8220; i politi\u010dkoj ekologiji<\/h3>\n<p>Tribina pod nazivom &#8222;&#8216;Zeleno rudarenje&#8217; i pravedna tranzicija: Svetske borbe i zajedni\u010dke alternative&#8217; bi\u0107e odr\u017eana sedmog jula u 17 \u010dasova u Dru\u0161tvenom centru Crni ovan u Novom Sadu.<\/p>\n<p>Na tribini \u0107e biti re\u010di o zajedni\u010dkim problemima i preprekama s kojima se suo\u010davaju ekolo\u0161ki pokreti iz Portugala, \u010cilea i Srbije kao i o alternativama.<\/p>\n<p>&#8216;Politi\u010dka ekologija: Iskustva sa evropske poluperiferije&#8217; naziv je predavanja Vedrana Horvata sa Instituta za politi\u010dku ekologiju u Zagrebu, tokom kojeg \u0107e biti re\u010di o iskustvima ekolo\u0161kih pokreta na Balkanu u poslednjih 20 godina. Doga\u0111aj \u0107e biti odr\u017ean 13. jula u 19 sati u prostorijama Kulturnog Centra Lab u Novom Sadu.<\/p>\n","protected":false},"excerpt":{"rendered":"<p>Uspostavljanje me\u0111unarodne mre\u017ee aktivista bi\u0107e formalno obele\u017eeno potpisivanjem Jadarske deklaracije u Gornjim Nedeljicama<\/p>\n","protected":false},"author":30,"featured_media":49985,"comment_status":"open","ping_status":"open","sticky":false,"template":"","format":"standard","meta":{"_acf_changed":false,"_monsterinsights_skip_tracking":false,"_monsterinsights_sitenote_active":false,"_monsterinsights_sitenote_note":"","_monsterinsights_sitenote_category":0,"footnotes":""},"categories":[4],"tags":[6451,2899,6449,6450,7071,5921],"class_list":["post-49973","post","type-post","status-publish","format-standard","has-post-thumbnail","hentry","category-zivotna-sredina","tag-eko-drustvena-akcija","tag-litijum","tag-mars-sa-drine","tag-politicka-ekologija","tag-projekat-jadar","tag-zivotna-sredina","country-srbija"],"acf":[],"yoast_head":"<!-- This site is optimized with the Yoast SEO plugin v27.4 - https:\/\/yoast.com\/product\/yoast-seo-wordpress\/ -->\n<title>Jadarska deklaracija - udru\u017eeni u borbi protiv iskopavanja litijuma<\/title>\n<meta name=\"description\" content=\"Uspostavljanje me\u0111unarodne mre\u017ee aktivista bi\u0107e formalno obele\u017eeno potpisivanjem Jadarske deklaracije u Gornjim Nedeljicama.\" \/>\n<meta name=\"robots\" content=\"index, follow, max-snippet:-1, max-image-preview:large, max-video-preview:-1\" \/>\n<link rel=\"canonical\" href=\"https:\/\/balkangreenenergynews.com\/rs\/jadarska-deklaracija-udruzeni-u-borbi-protiv-iskopavanja-litijuma\/\" \/>\n<meta property=\"og:locale\" content=\"sr_RS\" \/>\n<meta property=\"og:type\" content=\"article\" \/>\n<meta property=\"og:title\" content=\"Jadarska deklaracija - udru\u017eeni u borbi protiv iskopavanja litijuma\" \/>\n<meta property=\"og:description\" content=\"Uspostavljanje me\u0111unarodne mre\u017ee aktivista bi\u0107e formalno obele\u017eeno potpisivanjem Jadarske deklaracije u Gornjim Nedeljicama.\" \/>\n<meta property=\"og:url\" content=\"https:\/\/balkangreenenergynews.com\/rs\/jadarska-deklaracija-udruzeni-u-borbi-protiv-iskopavanja-litijuma\/\" \/>\n<meta property=\"og:site_name\" content=\"Balkan Green Energy News\" \/>\n<meta property=\"article:published_time\" content=\"2022-07-05T19:17:47+00:00\" \/>\n<meta property=\"article:modified_time\" content=\"2024-06-17T12:01:20+00:00\" \/>\n<meta property=\"og:image\" content=\"https:\/\/balkangreenenergynews.com\/rs\/wp-content\/uploads\/2022\/07\/marsadrine-840-x-430.jpg\" \/>\n\t<meta property=\"og:image:width\" content=\"840\" \/>\n\t<meta property=\"og:image:height\" content=\"430\" \/>\n\t<meta property=\"og:image:type\" content=\"image\/jpeg\" \/>\n<meta name=\"author\" content=\"Mihajlo Vujasin\" \/>\n<meta name=\"twitter:card\" content=\"summary_large_image\" \/>\n<meta name=\"twitter:label1\" content=\"\u041d\u0430\u043f\u0438\u0441\u0430\u043d\u043e \u043e\u0434\" \/>\n\t<meta name=\"twitter:data1\" content=\"Mihajlo Vujasin\" \/>\n\t<meta name=\"twitter:label2\" content=\"\u041f\u0440\u043e\u0446\u0435\u045a\u0435\u043d\u043e \u0432\u0440\u0435\u043c\u0435 \u0447\u0438\u0442\u0430\u045a\u0430\" \/>\n\t<meta name=\"twitter:data2\" content=\"3 \u043c\u0438\u043d\u0443\u0442\u0430\" \/>\n<script type=\"application\/ld+json\" class=\"yoast-schema-graph\">{\"@context\":\"https:\\\/\\\/schema.org\",\"@graph\":[{\"@type\":\"Article\",\"@id\":\"https:\\\/\\\/balkangreenenergynews.com\\\/rs\\\/jadarska-deklaracija-udruzeni-u-borbi-protiv-iskopavanja-litijuma\\\/#article\",\"isPartOf\":{\"@id\":\"https:\\\/\\\/balkangreenenergynews.com\\\/rs\\\/jadarska-deklaracija-udruzeni-u-borbi-protiv-iskopavanja-litijuma\\\/\"},\"author\":{\"name\":\"Mihajlo Vujasin\",\"@id\":\"https:\\\/\\\/balkangreenenergynews.com\\\/rs\\\/#\\\/schema\\\/person\\\/6b3cd0445eb192f645c773282d0747ca\"},\"headline\":\"Jadarska deklaracija &#8211; udru\u017eeni u borbi protiv iskopavanja litijuma\",\"datePublished\":\"2022-07-05T19:17:47+00:00\",\"dateModified\":\"2024-06-17T12:01:20+00:00\",\"mainEntityOfPage\":{\"@id\":\"https:\\\/\\\/balkangreenenergynews.com\\\/rs\\\/jadarska-deklaracija-udruzeni-u-borbi-protiv-iskopavanja-litijuma\\\/\"},\"wordCount\":443,\"commentCount\":0,\"image\":{\"@id\":\"https:\\\/\\\/balkangreenenergynews.com\\\/rs\\\/jadarska-deklaracija-udruzeni-u-borbi-protiv-iskopavanja-litijuma\\\/#primaryimage\"},\"thumbnailUrl\":\"https:\\\/\\\/balkangreenenergynews.com\\\/rs\\\/wp-content\\\/uploads\\\/2022\\\/07\\\/marsadrine-840-x-430.jpg?wsr\",\"keywords\":[\"EKO Dru\u0161tvena akcija\",\"litijum\",\"Mar\u0161 sa Drine\",\"politi\u010dka ekologija\",\"Projekat Jadar\",\"\u017eivotna sredina\"],\"articleSection\":[\"\u017divotna sredina\"],\"inLanguage\":\"sr-RS\",\"potentialAction\":[{\"@type\":\"CommentAction\",\"name\":\"Comment\",\"target\":[\"https:\\\/\\\/balkangreenenergynews.com\\\/rs\\\/jadarska-deklaracija-udruzeni-u-borbi-protiv-iskopavanja-litijuma\\\/#respond\"]}]},{\"@type\":\"WebPage\",\"@id\":\"https:\\\/\\\/balkangreenenergynews.com\\\/rs\\\/jadarska-deklaracija-udruzeni-u-borbi-protiv-iskopavanja-litijuma\\\/\",\"url\":\"https:\\\/\\\/balkangreenenergynews.com\\\/rs\\\/jadarska-deklaracija-udruzeni-u-borbi-protiv-iskopavanja-litijuma\\\/\",\"name\":\"Jadarska deklaracija - udru\u017eeni u borbi protiv iskopavanja litijuma\",\"isPartOf\":{\"@id\":\"https:\\\/\\\/balkangreenenergynews.com\\\/rs\\\/#website\"},\"primaryImageOfPage\":{\"@id\":\"https:\\\/\\\/balkangreenenergynews.com\\\/rs\\\/jadarska-deklaracija-udruzeni-u-borbi-protiv-iskopavanja-litijuma\\\/#primaryimage\"},\"image\":{\"@id\":\"https:\\\/\\\/balkangreenenergynews.com\\\/rs\\\/jadarska-deklaracija-udruzeni-u-borbi-protiv-iskopavanja-litijuma\\\/#primaryimage\"},\"thumbnailUrl\":\"https:\\\/\\\/balkangreenenergynews.com\\\/rs\\\/wp-content\\\/uploads\\\/2022\\\/07\\\/marsadrine-840-x-430.jpg?wsr\",\"datePublished\":\"2022-07-05T19:17:47+00:00\",\"dateModified\":\"2024-06-17T12:01:20+00:00\",\"author\":{\"@id\":\"https:\\\/\\\/balkangreenenergynews.com\\\/rs\\\/#\\\/schema\\\/person\\\/6b3cd0445eb192f645c773282d0747ca\"},\"description\":\"Uspostavljanje me\u0111unarodne mre\u017ee aktivista bi\u0107e formalno obele\u017eeno potpisivanjem Jadarske deklaracije u Gornjim Nedeljicama.\",\"breadcrumb\":{\"@id\":\"https:\\\/\\\/balkangreenenergynews.com\\\/rs\\\/jadarska-deklaracija-udruzeni-u-borbi-protiv-iskopavanja-litijuma\\\/#breadcrumb\"},\"inLanguage\":\"sr-RS\",\"potentialAction\":[{\"@type\":\"ReadAction\",\"target\":[\"https:\\\/\\\/balkangreenenergynews.com\\\/rs\\\/jadarska-deklaracija-udruzeni-u-borbi-protiv-iskopavanja-litijuma\\\/\"]}]},{\"@type\":\"ImageObject\",\"inLanguage\":\"sr-RS\",\"@id\":\"https:\\\/\\\/balkangreenenergynews.com\\\/rs\\\/jadarska-deklaracija-udruzeni-u-borbi-protiv-iskopavanja-litijuma\\\/#primaryimage\",\"url\":\"https:\\\/\\\/balkangreenenergynews.com\\\/rs\\\/wp-content\\\/uploads\\\/2022\\\/07\\\/marsadrine-840-x-430.jpg?wsr\",\"contentUrl\":\"https:\\\/\\\/balkangreenenergynews.com\\\/rs\\\/wp-content\\\/uploads\\\/2022\\\/07\\\/marsadrine-840-x-430.jpg?wsr\",\"width\":840,\"height\":430,\"caption\":\"Jadarska deklaracija - udru\u017eeni u borbi protiv iskopavanja litijuma\"},{\"@type\":\"BreadcrumbList\",\"@id\":\"https:\\\/\\\/balkangreenenergynews.com\\\/rs\\\/jadarska-deklaracija-udruzeni-u-borbi-protiv-iskopavanja-litijuma\\\/#breadcrumb\",\"itemListElement\":[{\"@type\":\"ListItem\",\"position\":1,\"name\":\"Po\u010detna\",\"item\":\"https:\\\/\\\/balkangreenenergynews.com\\\/rs\\\/\"},{\"@type\":\"ListItem\",\"position\":2,\"name\":\"Vesti\",\"item\":\"https:\\\/\\\/balkangreenenergynews.com\\\/rs\\\/kategorija\\\/vesti\\\/\"},{\"@type\":\"ListItem\",\"position\":3,\"name\":\"\u017divotna sredina\",\"item\":\"https:\\\/\\\/balkangreenenergynews.com\\\/rs\\\/kategorija\\\/vesti\\\/zivotna-sredina\\\/\"},{\"@type\":\"ListItem\",\"position\":4,\"name\":\"Jadarska deklaracija &#8211; udru\u017eeni u borbi protiv iskopavanja litijuma\"}]},{\"@type\":\"WebSite\",\"@id\":\"https:\\\/\\\/balkangreenenergynews.com\\\/rs\\\/#website\",\"url\":\"https:\\\/\\\/balkangreenenergynews.com\\\/rs\\\/\",\"name\":\"Balkan Green Energy News\",\"description\":\"Naj\u0161iri izbor vesti sa Balkana o zelenoj energiji\",\"potentialAction\":[{\"@type\":\"SearchAction\",\"target\":{\"@type\":\"EntryPoint\",\"urlTemplate\":\"https:\\\/\\\/balkangreenenergynews.com\\\/rs\\\/?s={search_term_string}\"},\"query-input\":{\"@type\":\"PropertyValueSpecification\",\"valueRequired\":true,\"valueName\":\"search_term_string\"}}],\"inLanguage\":\"sr-RS\"},{\"@type\":\"Person\",\"@id\":\"https:\\\/\\\/balkangreenenergynews.com\\\/rs\\\/#\\\/schema\\\/person\\\/6b3cd0445eb192f645c773282d0747ca\",\"name\":\"Mihajlo Vujasin\",\"url\":\"https:\\\/\\\/balkangreenenergynews.com\\\/rs\\\/author\\\/mihajlo-vujasin\\\/\"}]}<\/script>\n<!-- \/ Yoast SEO plugin. -->","yoast_head_json":{"title":"Jadarska deklaracija - udru\u017eeni u borbi protiv iskopavanja litijuma","description":"Uspostavljanje me\u0111unarodne mre\u017ee aktivista bi\u0107e formalno obele\u017eeno potpisivanjem Jadarske deklaracije u Gornjim Nedeljicama.","robots":{"index":"index","follow":"follow","max-snippet":"max-snippet:-1","max-image-preview":"max-image-preview:large","max-video-preview":"max-video-preview:-1"},"canonical":"https:\/\/balkangreenenergynews.com\/rs\/jadarska-deklaracija-udruzeni-u-borbi-protiv-iskopavanja-litijuma\/","og_locale":"sr_RS","og_type":"article","og_title":"Jadarska deklaracija - udru\u017eeni u borbi protiv iskopavanja litijuma","og_description":"Uspostavljanje me\u0111unarodne mre\u017ee aktivista bi\u0107e formalno obele\u017eeno potpisivanjem Jadarske deklaracije u Gornjim Nedeljicama.","og_url":"https:\/\/balkangreenenergynews.com\/rs\/jadarska-deklaracija-udruzeni-u-borbi-protiv-iskopavanja-litijuma\/","og_site_name":"Balkan Green Energy News","article_published_time":"2022-07-05T19:17:47+00:00","article_modified_time":"2024-06-17T12:01:20+00:00","og_image":[{"width":840,"height":430,"url":"https:\/\/balkangreenenergynews.com\/rs\/wp-content\/uploads\/2022\/07\/marsadrine-840-x-430.jpg","type":"image\/jpeg"}],"author":"Mihajlo Vujasin","twitter_card":"summary_large_image","twitter_misc":{"\u041d\u0430\u043f\u0438\u0441\u0430\u043d\u043e \u043e\u0434":"Mihajlo Vujasin","\u041f\u0440\u043e\u0446\u0435\u045a\u0435\u043d\u043e \u0432\u0440\u0435\u043c\u0435 \u0447\u0438\u0442\u0430\u045a\u0430":"3 \u043c\u0438\u043d\u0443\u0442\u0430"},"schema":{"@context":"https:\/\/schema.org","@graph":[{"@type":"Article","@id":"https:\/\/balkangreenenergynews.com\/rs\/jadarska-deklaracija-udruzeni-u-borbi-protiv-iskopavanja-litijuma\/#article","isPartOf":{"@id":"https:\/\/balkangreenenergynews.com\/rs\/jadarska-deklaracija-udruzeni-u-borbi-protiv-iskopavanja-litijuma\/"},"author":{"name":"Mihajlo Vujasin","@id":"https:\/\/balkangreenenergynews.com\/rs\/#\/schema\/person\/6b3cd0445eb192f645c773282d0747ca"},"headline":"Jadarska deklaracija &#8211; udru\u017eeni u borbi protiv iskopavanja litijuma","datePublished":"2022-07-05T19:17:47+00:00","dateModified":"2024-06-17T12:01:20+00:00","mainEntityOfPage":{"@id":"https:\/\/balkangreenenergynews.com\/rs\/jadarska-deklaracija-udruzeni-u-borbi-protiv-iskopavanja-litijuma\/"},"wordCount":443,"commentCount":0,"image":{"@id":"https:\/\/balkangreenenergynews.com\/rs\/jadarska-deklaracija-udruzeni-u-borbi-protiv-iskopavanja-litijuma\/#primaryimage"},"thumbnailUrl":"https:\/\/balkangreenenergynews.com\/rs\/wp-content\/uploads\/2022\/07\/marsadrine-840-x-430.jpg?wsr","keywords":["EKO Dru\u0161tvena akcija","litijum","Mar\u0161 sa Drine","politi\u010dka ekologija","Projekat Jadar","\u017eivotna sredina"],"articleSection":["\u017divotna sredina"],"inLanguage":"sr-RS","potentialAction":[{"@type":"CommentAction","name":"Comment","target":["https:\/\/balkangreenenergynews.com\/rs\/jadarska-deklaracija-udruzeni-u-borbi-protiv-iskopavanja-litijuma\/#respond"]}]},{"@type":"WebPage","@id":"https:\/\/balkangreenenergynews.com\/rs\/jadarska-deklaracija-udruzeni-u-borbi-protiv-iskopavanja-litijuma\/","url":"https:\/\/balkangreenenergynews.com\/rs\/jadarska-deklaracija-udruzeni-u-borbi-protiv-iskopavanja-litijuma\/","name":"Jadarska deklaracija - udru\u017eeni u borbi protiv iskopavanja litijuma","isPartOf":{"@id":"https:\/\/balkangreenenergynews.com\/rs\/#website"},"primaryImageOfPage":{"@id":"https:\/\/balkangreenenergynews.com\/rs\/jadarska-deklaracija-udruzeni-u-borbi-protiv-iskopavanja-litijuma\/#primaryimage"},"image":{"@id":"https:\/\/balkangreenenergynews.com\/rs\/jadarska-deklaracija-udruzeni-u-borbi-protiv-iskopavanja-litijuma\/#primaryimage"},"thumbnailUrl":"https:\/\/balkangreenenergynews.com\/rs\/wp-content\/uploads\/2022\/07\/marsadrine-840-x-430.jpg?wsr","datePublished":"2022-07-05T19:17:47+00:00","dateModified":"2024-06-17T12:01:20+00:00","author":{"@id":"https:\/\/balkangreenenergynews.com\/rs\/#\/schema\/person\/6b3cd0445eb192f645c773282d0747ca"},"description":"Uspostavljanje me\u0111unarodne mre\u017ee aktivista bi\u0107e formalno obele\u017eeno potpisivanjem Jadarske deklaracije u Gornjim Nedeljicama.","breadcrumb":{"@id":"https:\/\/balkangreenenergynews.com\/rs\/jadarska-deklaracija-udruzeni-u-borbi-protiv-iskopavanja-litijuma\/#breadcrumb"},"inLanguage":"sr-RS","potentialAction":[{"@type":"ReadAction","target":["https:\/\/balkangreenenergynews.com\/rs\/jadarska-deklaracija-udruzeni-u-borbi-protiv-iskopavanja-litijuma\/"]}]},{"@type":"ImageObject","inLanguage":"sr-RS","@id":"https:\/\/balkangreenenergynews.com\/rs\/jadarska-deklaracija-udruzeni-u-borbi-protiv-iskopavanja-litijuma\/#primaryimage","url":"https:\/\/balkangreenenergynews.com\/rs\/wp-content\/uploads\/2022\/07\/marsadrine-840-x-430.jpg?wsr","contentUrl":"https:\/\/balkangreenenergynews.com\/rs\/wp-content\/uploads\/2022\/07\/marsadrine-840-x-430.jpg?wsr","width":840,"height":430,"caption":"Jadarska deklaracija - udru\u017eeni u borbi protiv iskopavanja litijuma"},{"@type":"BreadcrumbList","@id":"https:\/\/balkangreenenergynews.com\/rs\/jadarska-deklaracija-udruzeni-u-borbi-protiv-iskopavanja-litijuma\/#breadcrumb","itemListElement":[{"@type":"ListItem","position":1,"name":"Po\u010detna","item":"https:\/\/balkangreenenergynews.com\/rs\/"},{"@type":"ListItem","position":2,"name":"Vesti","item":"https:\/\/balkangreenenergynews.com\/rs\/kategorija\/vesti\/"},{"@type":"ListItem","position":3,"name":"\u017divotna sredina","item":"https:\/\/balkangreenenergynews.com\/rs\/kategorija\/vesti\/zivotna-sredina\/"},{"@type":"ListItem","position":4,"name":"Jadarska deklaracija &#8211; udru\u017eeni u borbi protiv iskopavanja litijuma"}]},{"@type":"WebSite","@id":"https:\/\/balkangreenenergynews.com\/rs\/#website","url":"https:\/\/balkangreenenergynews.com\/rs\/","name":"Balkan Green Energy News","description":"Naj\u0161iri izbor vesti sa Balkana o zelenoj energiji","potentialAction":[{"@type":"SearchAction","target":{"@type":"EntryPoint","urlTemplate":"https:\/\/balkangreenenergynews.com\/rs\/?s={search_term_string}"},"query-input":{"@type":"PropertyValueSpecification","valueRequired":true,"valueName":"search_term_string"}}],"inLanguage":"sr-RS"},{"@type":"Person","@id":"https:\/\/balkangreenenergynews.com\/rs\/#\/schema\/person\/6b3cd0445eb192f645c773282d0747ca","name":"Mihajlo Vujasin","url":"https:\/\/balkangreenenergynews.com\/rs\/author\/mihajlo-vujasin\/"}]}},"_links":{"self":[{"href":"https:\/\/balkangreenenergynews.com\/rs\/wp-json\/wp\/v2\/posts\/49973","targetHints":{"allow":["GET"]}}],"collection":[{"href":"https:\/\/balkangreenenergynews.com\/rs\/wp-json\/wp\/v2\/posts"}],"about":[{"href":"https:\/\/balkangreenenergynews.com\/rs\/wp-json\/wp\/v2\/types\/post"}],"author":[{"embeddable":true,"href":"https:\/\/balkangreenenergynews.com\/rs\/wp-json\/wp\/v2\/users\/30"}],"replies":[{"embeddable":true,"href":"https:\/\/balkangreenenergynews.com\/rs\/wp-json\/wp\/v2\/comments?post=49973"}],"version-history":[{"count":0,"href":"https:\/\/balkangreenenergynews.com\/rs\/wp-json\/wp\/v2\/posts\/49973\/revisions"}],"wp:featuredmedia":[{"embeddable":true,"href":"https:\/\/balkangreenenergynews.com\/rs\/wp-json\/wp\/v2\/media\/49985"}],"wp:attachment":[{"href":"https:\/\/balkangreenenergynews.com\/rs\/wp-json\/wp\/v2\/media?parent=49973"}],"wp:term":[{"taxonomy":"category","embeddable":true,"href":"https:\/\/balkangreenenergynews.com\/rs\/wp-json\/wp\/v2\/categories?post=49973"},{"taxonomy":"post_tag","embeddable":true,"href":"https:\/\/balkangreenenergynews.com\/rs\/wp-json\/wp\/v2\/tags?post=49973"}],"curies":[{"name":"wp","href":"https:\/\/api.w.org\/{rel}","templated":true}]}}