{"id":49931,"date":"2022-07-03T01:25:23","date_gmt":"2022-07-02T23:25:23","guid":{"rendered":"https:\/\/balkangreenenergynews.com\/rs\/?p=49931"},"modified":"2022-07-03T01:44:20","modified_gmt":"2022-07-02T23:44:20","slug":"dan-bez-kesa-juli-bez-plastike-nisu-odgovorni-samo-potrosaci","status":"publish","type":"post","link":"https:\/\/balkangreenenergynews.com\/rs\/dan-bez-kesa-juli-bez-plastike-nisu-odgovorni-samo-potrosaci\/","title":{"rendered":"Dan bez kesa, Juli bez plastike \u2013 nisu odgovorni samo potro\u0161a\u010di"},"content":{"rendered":"<h2>U kalendaru za\u0161tite \u017eivotne sredine, juli je mesec bez plastike, dok se 3. jula obele\u017eava Dan bez plasti\u010dnih kesa. Va\u017eno je kako se svako ponaosob pona\u0161a, ali ceo sistem treba da se promeni, isti\u010du ekolozi. Poslednje studije pokazuju da zaga\u0111enje mikroplastikom poprima nove oblike i forme koje ugro\u017eavaju ljudsko zdravlje.<\/h2>\n<p>Kako bi se \u010dove\u010danstvo upozorilo na potrebu da se smanji potro\u0161nja i prekomerna upotreba jednokratnih plasti\u010dnih kesa, tre\u0107eg jula obele\u017eava se Me\u0111unarodni dan bez plasti\u010dnih kesa.<\/p>\n<p>Na globalnom nivou se sprovodi i inicijativa Juli bez plastike, koja se odr\u017eava od 2011. godine. Sve vi\u0161e pojedinaca postaje svesno da jednostavnim postupcima i navikama mogu da umanje svoj takozvani plasti\u010dni otisak. Tokom jula, kao i tokom cele godine.<\/p>\n<blockquote><p>Indija je 1. jula zabranila odre\u0111ene plasti\u010dne proizvode za jednokratnu upotrebu<\/p><\/blockquote>\n<p>Indija je 1. jula zabranila odre\u0111ene plasti\u010dne proizvode za jednokratnu upotrebu, uklju\u010duju\u0107i jednokratne slamke i \u010da\u0161e, \u0161to je deo plana za postepeno ukidanje ovog sveprisutnog materijala u zemlji od skoro 1,4 milijarde ljudi. Samo 2020. godine u Indiji je proizvedeno preko 4,1 milion tona plasti\u010dnog otpada.<\/p>\n<p>Ujedinjene nacije <a href=\"https:\/\/news.un.org\/en\/story\/2021\/10\/1103692\">navode<\/a>\u00a0da su 2015. godine emisije gasova staklene ba\u0161te iz plastike iznosile 1,7 gigatona ekvivalenta ugljen-dioksida. Predvi\u0111a se da \u0107e se do 2050. emisije povec\u0301ati na pribli\u017eno 6,5 gigatona.<\/p>\n<p>\u010cesto se kao re\u0161enje problema sa plastikom pominje upotreba biorazgradivih kesa i <a href=\"https:\/\/balkangreenenergynews.com\/rs\/globalni-dan-reciklaze-sedmi-resurs-za-ocuvanje-planete\/\">recikla\u017ea<\/a>, a odgovornost se delom prebacuje na potro\u0161a\u010da i na izbore koje on pravi.<\/p>\n<p>Plastika za jednokratnu upotrebu je skoro pa nezaobilazna u sektoru robe \u0161iroke potro\u0161nje. Ponuda je ogromna, u plasti\u010dnim posudama za poneti, fla\u0161ama za gazirana pi\u0107a i vodu i u sveprisutnim kesama za jednokratnu uoptrebu.<\/p>\n<p>Ali, iako su pojedina\u010dni izbori va\u017eni, oni \u010dine samo mali trag u ogromnom problemu sa plastikom sa kojima se svakodnevno susre\u0107emo, isti\u010de Greenpeace.<\/p>\n<h3>Virusi i nove forme zaga\u0111enja<\/h3>\n<p>Ve\u0107ina plasti\u010dnog otpada zavr\u0161ava u vodotokovima i zatim u okeanima. Posebno opasan deo tog otpada je upravo mikroplastika, koja dospeva u \u010dovekov krvotok, plu\u0107a i sve organe.<\/p>\n<p>U jednoj novoj <a href=\"https:\/\/www.sciencedirect.com\/science\/article\/pii\/S0269749122008089#\">studiji je dokazano<\/a> da odre\u0111eni virusi mogu da pre\u017eive do tri dana u \u010desticama mikroplastike. Oni mogu ostati zarazni tako \u0161to se ve\u017eu za plastiku u slatkovodnom okru\u017eenju.<\/p>\n<p>Istra\u017eiva\u010di su na obalama Kanarskih ostrva <a href=\"https:\/\/www.sciencedirect.com\/science\/article\/pii\/S0048969722033587#!\">otkrili<\/a> plastitar, novu vrstu zaga\u0111uju\u0107e materije, iz koje toksi\u010dne hemikalije mogu da dospeju u okeane. Plastitar je me\u0161avina katrana i mikroplastike.<\/p>\n<blockquote><p>Plastitar je me\u0161avina katrana i mikroplastike<\/p><\/blockquote>\n<p>Nau\u010dnici navode da to otkric\u0301e upotpunjuje sliku globalnog kru\u017eenja plastike, koja se krec\u0301e kroz atmosferu, okeane i kopno na na\u010din koji podra\u017eava prirodne procese kao \u0161to je ciklus ugljenika.<\/p>\n<h3><span lang=\"sr-Latn-RS\">Plasti\u010dni konzumerizam<\/span><\/h3>\n<p><span lang=\"sr-Latn-RS\">Danas je najnormalnije da dobijete supu u plasti\u010dnoj kesi ili da vam dostavlja\u010di donesu ru\u010dak u pakovanju od stiropora sa plasti\u010dnim escajgom. Dostava hrane dodatno uti\u010de na problem sa plastikom kao i na emisije ugljen-dioksida, izve\u0161tava <\/span><a href=\"https:\/\/english.elpais.com\/society\/2022-06-29\/the-negative-effects-of-food-delivery-from-pollution-from-malnutrition.html\">El Pa\u00eds<\/a>.<\/p>\n<p><span lang=\"sr-Latn-RS\">Najve\u0107i proizvo\u0111a\u010di plasti\u010dnog otpada su ujedno najve\u0107e svetske kompanije<\/span><span lang=\"sr-Latn-RS\">. I<\/span><span lang=\"sr-Latn-RS\">mena korporacija su irelevantna, jer jednu kompaniju \u0107e zameniti neka druga. P<\/span><span lang=\"sr-Latn-RS\">oenta je u tome \u0161to princip poslovanja ostaje isti, dok se plasti\u010dni otpad i profiti gomilaju<\/span><span lang=\"sr-Latn-RS\">. V<\/span><span lang=\"sr-Latn-RS\">oda se i dalje u velikoj meri konzumira iz jednokratnih plasti\u010dnih fla\u0161a.<\/span><\/p>\n","protected":false},"excerpt":{"rendered":"<p>Poslednje studije pokazuju da zaga\u0111enje mikroplastikom poprima nove oblike i forme koje ugro\u017eavaju ljudsko zdravlje<\/p>\n","protected":false},"author":30,"featured_media":49932,"comment_status":"open","ping_status":"open","sticky":false,"template":"","format":"standard","meta":{"_acf_changed":false,"_monsterinsights_skip_tracking":false,"_monsterinsights_sitenote_active":false,"_monsterinsights_sitenote_note":"","_monsterinsights_sitenote_category":0,"footnotes":""},"categories":[5,4],"tags":[6107,6444,3390,1517,4995,4277,5921],"class_list":["post-49931","post","type-post","status-publish","format-standard","has-post-thumbnail","hentry","category-otpad","category-zivotna-sredina","tag-jul-bez-plastike","tag-mikroplastika","tag-plasticne-kese","tag-plasticni-otpad","tag-plastika","tag-plastika-za-jednokratnu-upotrebu","tag-zivotna-sredina","country-svet"],"acf":[],"yoast_head":"<!-- This site is optimized with the Yoast SEO plugin v27.4 - https:\/\/yoast.com\/product\/yoast-seo-wordpress\/ -->\n<title>Dan bez kesa, Juli bez plastike \u2013 nisu odgovorni samo potro\u0161a\u010di<\/title>\n<meta name=\"description\" content=\"Poslednje studije pokazuju da zaga\u0111enje mikroplastikom poprima nove oblike i forme koje ugro\u017eavaju ljudsko zdravlje.\" \/>\n<meta name=\"robots\" content=\"index, follow, max-snippet:-1, max-image-preview:large, max-video-preview:-1\" \/>\n<link rel=\"canonical\" href=\"https:\/\/balkangreenenergynews.com\/rs\/dan-bez-kesa-juli-bez-plastike-nisu-odgovorni-samo-potrosaci\/\" \/>\n<meta property=\"og:locale\" content=\"sr_RS\" \/>\n<meta property=\"og:type\" content=\"article\" \/>\n<meta property=\"og:title\" content=\"Dan bez kesa, Juli bez plastike \u2013 nisu odgovorni samo potro\u0161a\u010di\" \/>\n<meta property=\"og:description\" content=\"Poslednje studije pokazuju da zaga\u0111enje mikroplastikom poprima nove oblike i forme koje ugro\u017eavaju ljudsko zdravlje.\" \/>\n<meta property=\"og:url\" content=\"https:\/\/balkangreenenergynews.com\/rs\/dan-bez-kesa-juli-bez-plastike-nisu-odgovorni-samo-potrosaci\/\" \/>\n<meta property=\"og:site_name\" content=\"Balkan Green Energy News\" \/>\n<meta property=\"article:published_time\" content=\"2022-07-02T23:25:23+00:00\" \/>\n<meta property=\"article:modified_time\" content=\"2022-07-02T23:44:20+00:00\" \/>\n<meta property=\"og:image\" content=\"https:\/\/balkangreenenergynews.com\/rs\/wp-content\/uploads\/2022\/07\/pexels-anna-shvets-4167538-840x430-1.jpg\" \/>\n\t<meta property=\"og:image:width\" content=\"840\" \/>\n\t<meta property=\"og:image:height\" content=\"430\" \/>\n\t<meta property=\"og:image:type\" content=\"image\/jpeg\" \/>\n<meta name=\"author\" content=\"Mihajlo Vujasin\" \/>\n<meta name=\"twitter:card\" content=\"summary_large_image\" \/>\n<meta name=\"twitter:label1\" content=\"\u041d\u0430\u043f\u0438\u0441\u0430\u043d\u043e \u043e\u0434\" \/>\n\t<meta name=\"twitter:data1\" content=\"Mihajlo Vujasin\" \/>\n\t<meta name=\"twitter:label2\" content=\"\u041f\u0440\u043e\u0446\u0435\u045a\u0435\u043d\u043e \u0432\u0440\u0435\u043c\u0435 \u0447\u0438\u0442\u0430\u045a\u0430\" \/>\n\t<meta name=\"twitter:data2\" content=\"3 \u043c\u0438\u043d\u0443\u0442\u0430\" \/>\n<script type=\"application\/ld+json\" class=\"yoast-schema-graph\">{\"@context\":\"https:\\\/\\\/schema.org\",\"@graph\":[{\"@type\":\"Article\",\"@id\":\"https:\\\/\\\/balkangreenenergynews.com\\\/rs\\\/dan-bez-kesa-juli-bez-plastike-nisu-odgovorni-samo-potrosaci\\\/#article\",\"isPartOf\":{\"@id\":\"https:\\\/\\\/balkangreenenergynews.com\\\/rs\\\/dan-bez-kesa-juli-bez-plastike-nisu-odgovorni-samo-potrosaci\\\/\"},\"author\":{\"name\":\"Mihajlo Vujasin\",\"@id\":\"https:\\\/\\\/balkangreenenergynews.com\\\/rs\\\/#\\\/schema\\\/person\\\/6b3cd0445eb192f645c773282d0747ca\"},\"headline\":\"Dan bez kesa, Juli bez plastike \u2013 nisu odgovorni samo potro\u0161a\u010di\",\"datePublished\":\"2022-07-02T23:25:23+00:00\",\"dateModified\":\"2022-07-02T23:44:20+00:00\",\"mainEntityOfPage\":{\"@id\":\"https:\\\/\\\/balkangreenenergynews.com\\\/rs\\\/dan-bez-kesa-juli-bez-plastike-nisu-odgovorni-samo-potrosaci\\\/\"},\"wordCount\":584,\"commentCount\":1,\"image\":{\"@id\":\"https:\\\/\\\/balkangreenenergynews.com\\\/rs\\\/dan-bez-kesa-juli-bez-plastike-nisu-odgovorni-samo-potrosaci\\\/#primaryimage\"},\"thumbnailUrl\":\"https:\\\/\\\/balkangreenenergynews.com\\\/rs\\\/wp-content\\\/uploads\\\/2022\\\/07\\\/pexels-anna-shvets-4167538-840x430-1.jpg?wsr\",\"keywords\":[\"Jul bez plastike\",\"mikroplastika\",\"plasti\u010dne kese\",\"plasti\u010dni otpad\",\"plastika\",\"plastika za jednokratnu upotrebu\",\"\u017eivotna sredina\"],\"articleSection\":[\"Otpad\",\"\u017divotna sredina\"],\"inLanguage\":\"sr-RS\",\"potentialAction\":[{\"@type\":\"CommentAction\",\"name\":\"Comment\",\"target\":[\"https:\\\/\\\/balkangreenenergynews.com\\\/rs\\\/dan-bez-kesa-juli-bez-plastike-nisu-odgovorni-samo-potrosaci\\\/#respond\"]}]},{\"@type\":\"WebPage\",\"@id\":\"https:\\\/\\\/balkangreenenergynews.com\\\/rs\\\/dan-bez-kesa-juli-bez-plastike-nisu-odgovorni-samo-potrosaci\\\/\",\"url\":\"https:\\\/\\\/balkangreenenergynews.com\\\/rs\\\/dan-bez-kesa-juli-bez-plastike-nisu-odgovorni-samo-potrosaci\\\/\",\"name\":\"Dan bez kesa, Juli bez plastike \u2013 nisu odgovorni samo potro\u0161a\u010di\",\"isPartOf\":{\"@id\":\"https:\\\/\\\/balkangreenenergynews.com\\\/rs\\\/#website\"},\"primaryImageOfPage\":{\"@id\":\"https:\\\/\\\/balkangreenenergynews.com\\\/rs\\\/dan-bez-kesa-juli-bez-plastike-nisu-odgovorni-samo-potrosaci\\\/#primaryimage\"},\"image\":{\"@id\":\"https:\\\/\\\/balkangreenenergynews.com\\\/rs\\\/dan-bez-kesa-juli-bez-plastike-nisu-odgovorni-samo-potrosaci\\\/#primaryimage\"},\"thumbnailUrl\":\"https:\\\/\\\/balkangreenenergynews.com\\\/rs\\\/wp-content\\\/uploads\\\/2022\\\/07\\\/pexels-anna-shvets-4167538-840x430-1.jpg?wsr\",\"datePublished\":\"2022-07-02T23:25:23+00:00\",\"dateModified\":\"2022-07-02T23:44:20+00:00\",\"author\":{\"@id\":\"https:\\\/\\\/balkangreenenergynews.com\\\/rs\\\/#\\\/schema\\\/person\\\/6b3cd0445eb192f645c773282d0747ca\"},\"description\":\"Poslednje studije pokazuju da zaga\u0111enje mikroplastikom poprima nove oblike i forme koje ugro\u017eavaju ljudsko zdravlje.\",\"breadcrumb\":{\"@id\":\"https:\\\/\\\/balkangreenenergynews.com\\\/rs\\\/dan-bez-kesa-juli-bez-plastike-nisu-odgovorni-samo-potrosaci\\\/#breadcrumb\"},\"inLanguage\":\"sr-RS\",\"potentialAction\":[{\"@type\":\"ReadAction\",\"target\":[\"https:\\\/\\\/balkangreenenergynews.com\\\/rs\\\/dan-bez-kesa-juli-bez-plastike-nisu-odgovorni-samo-potrosaci\\\/\"]}]},{\"@type\":\"ImageObject\",\"inLanguage\":\"sr-RS\",\"@id\":\"https:\\\/\\\/balkangreenenergynews.com\\\/rs\\\/dan-bez-kesa-juli-bez-plastike-nisu-odgovorni-samo-potrosaci\\\/#primaryimage\",\"url\":\"https:\\\/\\\/balkangreenenergynews.com\\\/rs\\\/wp-content\\\/uploads\\\/2022\\\/07\\\/pexels-anna-shvets-4167538-840x430-1.jpg?wsr\",\"contentUrl\":\"https:\\\/\\\/balkangreenenergynews.com\\\/rs\\\/wp-content\\\/uploads\\\/2022\\\/07\\\/pexels-anna-shvets-4167538-840x430-1.jpg?wsr\",\"width\":840,\"height\":430,\"caption\":\"Dan bez kese, juli bez plastike, a otpad se udvostru\u010duje do 2030. godine\"},{\"@type\":\"BreadcrumbList\",\"@id\":\"https:\\\/\\\/balkangreenenergynews.com\\\/rs\\\/dan-bez-kesa-juli-bez-plastike-nisu-odgovorni-samo-potrosaci\\\/#breadcrumb\",\"itemListElement\":[{\"@type\":\"ListItem\",\"position\":1,\"name\":\"Po\u010detna\",\"item\":\"https:\\\/\\\/balkangreenenergynews.com\\\/rs\\\/\"},{\"@type\":\"ListItem\",\"position\":2,\"name\":\"Vesti\",\"item\":\"https:\\\/\\\/balkangreenenergynews.com\\\/rs\\\/kategorija\\\/vesti\\\/\"},{\"@type\":\"ListItem\",\"position\":3,\"name\":\"\u017divotna sredina\",\"item\":\"https:\\\/\\\/balkangreenenergynews.com\\\/rs\\\/kategorija\\\/vesti\\\/zivotna-sredina\\\/\"},{\"@type\":\"ListItem\",\"position\":4,\"name\":\"Dan bez kesa, Juli bez plastike \u2013 nisu odgovorni samo potro\u0161a\u010di\"}]},{\"@type\":\"WebSite\",\"@id\":\"https:\\\/\\\/balkangreenenergynews.com\\\/rs\\\/#website\",\"url\":\"https:\\\/\\\/balkangreenenergynews.com\\\/rs\\\/\",\"name\":\"Balkan Green Energy News\",\"description\":\"Naj\u0161iri izbor vesti sa Balkana o zelenoj energiji\",\"potentialAction\":[{\"@type\":\"SearchAction\",\"target\":{\"@type\":\"EntryPoint\",\"urlTemplate\":\"https:\\\/\\\/balkangreenenergynews.com\\\/rs\\\/?s={search_term_string}\"},\"query-input\":{\"@type\":\"PropertyValueSpecification\",\"valueRequired\":true,\"valueName\":\"search_term_string\"}}],\"inLanguage\":\"sr-RS\"},{\"@type\":\"Person\",\"@id\":\"https:\\\/\\\/balkangreenenergynews.com\\\/rs\\\/#\\\/schema\\\/person\\\/6b3cd0445eb192f645c773282d0747ca\",\"name\":\"Mihajlo Vujasin\",\"url\":\"https:\\\/\\\/balkangreenenergynews.com\\\/rs\\\/author\\\/mihajlo-vujasin\\\/\"}]}<\/script>\n<!-- \/ Yoast SEO plugin. -->","yoast_head_json":{"title":"Dan bez kesa, Juli bez plastike \u2013 nisu odgovorni samo potro\u0161a\u010di","description":"Poslednje studije pokazuju da zaga\u0111enje mikroplastikom poprima nove oblike i forme koje ugro\u017eavaju ljudsko zdravlje.","robots":{"index":"index","follow":"follow","max-snippet":"max-snippet:-1","max-image-preview":"max-image-preview:large","max-video-preview":"max-video-preview:-1"},"canonical":"https:\/\/balkangreenenergynews.com\/rs\/dan-bez-kesa-juli-bez-plastike-nisu-odgovorni-samo-potrosaci\/","og_locale":"sr_RS","og_type":"article","og_title":"Dan bez kesa, Juli bez plastike \u2013 nisu odgovorni samo potro\u0161a\u010di","og_description":"Poslednje studije pokazuju da zaga\u0111enje mikroplastikom poprima nove oblike i forme koje ugro\u017eavaju ljudsko zdravlje.","og_url":"https:\/\/balkangreenenergynews.com\/rs\/dan-bez-kesa-juli-bez-plastike-nisu-odgovorni-samo-potrosaci\/","og_site_name":"Balkan Green Energy News","article_published_time":"2022-07-02T23:25:23+00:00","article_modified_time":"2022-07-02T23:44:20+00:00","og_image":[{"width":840,"height":430,"url":"https:\/\/balkangreenenergynews.com\/rs\/wp-content\/uploads\/2022\/07\/pexels-anna-shvets-4167538-840x430-1.jpg","type":"image\/jpeg"}],"author":"Mihajlo Vujasin","twitter_card":"summary_large_image","twitter_misc":{"\u041d\u0430\u043f\u0438\u0441\u0430\u043d\u043e \u043e\u0434":"Mihajlo Vujasin","\u041f\u0440\u043e\u0446\u0435\u045a\u0435\u043d\u043e \u0432\u0440\u0435\u043c\u0435 \u0447\u0438\u0442\u0430\u045a\u0430":"3 \u043c\u0438\u043d\u0443\u0442\u0430"},"schema":{"@context":"https:\/\/schema.org","@graph":[{"@type":"Article","@id":"https:\/\/balkangreenenergynews.com\/rs\/dan-bez-kesa-juli-bez-plastike-nisu-odgovorni-samo-potrosaci\/#article","isPartOf":{"@id":"https:\/\/balkangreenenergynews.com\/rs\/dan-bez-kesa-juli-bez-plastike-nisu-odgovorni-samo-potrosaci\/"},"author":{"name":"Mihajlo Vujasin","@id":"https:\/\/balkangreenenergynews.com\/rs\/#\/schema\/person\/6b3cd0445eb192f645c773282d0747ca"},"headline":"Dan bez kesa, Juli bez plastike \u2013 nisu odgovorni samo potro\u0161a\u010di","datePublished":"2022-07-02T23:25:23+00:00","dateModified":"2022-07-02T23:44:20+00:00","mainEntityOfPage":{"@id":"https:\/\/balkangreenenergynews.com\/rs\/dan-bez-kesa-juli-bez-plastike-nisu-odgovorni-samo-potrosaci\/"},"wordCount":584,"commentCount":1,"image":{"@id":"https:\/\/balkangreenenergynews.com\/rs\/dan-bez-kesa-juli-bez-plastike-nisu-odgovorni-samo-potrosaci\/#primaryimage"},"thumbnailUrl":"https:\/\/balkangreenenergynews.com\/rs\/wp-content\/uploads\/2022\/07\/pexels-anna-shvets-4167538-840x430-1.jpg?wsr","keywords":["Jul bez plastike","mikroplastika","plasti\u010dne kese","plasti\u010dni otpad","plastika","plastika za jednokratnu upotrebu","\u017eivotna sredina"],"articleSection":["Otpad","\u017divotna sredina"],"inLanguage":"sr-RS","potentialAction":[{"@type":"CommentAction","name":"Comment","target":["https:\/\/balkangreenenergynews.com\/rs\/dan-bez-kesa-juli-bez-plastike-nisu-odgovorni-samo-potrosaci\/#respond"]}]},{"@type":"WebPage","@id":"https:\/\/balkangreenenergynews.com\/rs\/dan-bez-kesa-juli-bez-plastike-nisu-odgovorni-samo-potrosaci\/","url":"https:\/\/balkangreenenergynews.com\/rs\/dan-bez-kesa-juli-bez-plastike-nisu-odgovorni-samo-potrosaci\/","name":"Dan bez kesa, Juli bez plastike \u2013 nisu odgovorni samo potro\u0161a\u010di","isPartOf":{"@id":"https:\/\/balkangreenenergynews.com\/rs\/#website"},"primaryImageOfPage":{"@id":"https:\/\/balkangreenenergynews.com\/rs\/dan-bez-kesa-juli-bez-plastike-nisu-odgovorni-samo-potrosaci\/#primaryimage"},"image":{"@id":"https:\/\/balkangreenenergynews.com\/rs\/dan-bez-kesa-juli-bez-plastike-nisu-odgovorni-samo-potrosaci\/#primaryimage"},"thumbnailUrl":"https:\/\/balkangreenenergynews.com\/rs\/wp-content\/uploads\/2022\/07\/pexels-anna-shvets-4167538-840x430-1.jpg?wsr","datePublished":"2022-07-02T23:25:23+00:00","dateModified":"2022-07-02T23:44:20+00:00","author":{"@id":"https:\/\/balkangreenenergynews.com\/rs\/#\/schema\/person\/6b3cd0445eb192f645c773282d0747ca"},"description":"Poslednje studije pokazuju da zaga\u0111enje mikroplastikom poprima nove oblike i forme koje ugro\u017eavaju ljudsko zdravlje.","breadcrumb":{"@id":"https:\/\/balkangreenenergynews.com\/rs\/dan-bez-kesa-juli-bez-plastike-nisu-odgovorni-samo-potrosaci\/#breadcrumb"},"inLanguage":"sr-RS","potentialAction":[{"@type":"ReadAction","target":["https:\/\/balkangreenenergynews.com\/rs\/dan-bez-kesa-juli-bez-plastike-nisu-odgovorni-samo-potrosaci\/"]}]},{"@type":"ImageObject","inLanguage":"sr-RS","@id":"https:\/\/balkangreenenergynews.com\/rs\/dan-bez-kesa-juli-bez-plastike-nisu-odgovorni-samo-potrosaci\/#primaryimage","url":"https:\/\/balkangreenenergynews.com\/rs\/wp-content\/uploads\/2022\/07\/pexels-anna-shvets-4167538-840x430-1.jpg?wsr","contentUrl":"https:\/\/balkangreenenergynews.com\/rs\/wp-content\/uploads\/2022\/07\/pexels-anna-shvets-4167538-840x430-1.jpg?wsr","width":840,"height":430,"caption":"Dan bez kese, juli bez plastike, a otpad se udvostru\u010duje do 2030. godine"},{"@type":"BreadcrumbList","@id":"https:\/\/balkangreenenergynews.com\/rs\/dan-bez-kesa-juli-bez-plastike-nisu-odgovorni-samo-potrosaci\/#breadcrumb","itemListElement":[{"@type":"ListItem","position":1,"name":"Po\u010detna","item":"https:\/\/balkangreenenergynews.com\/rs\/"},{"@type":"ListItem","position":2,"name":"Vesti","item":"https:\/\/balkangreenenergynews.com\/rs\/kategorija\/vesti\/"},{"@type":"ListItem","position":3,"name":"\u017divotna sredina","item":"https:\/\/balkangreenenergynews.com\/rs\/kategorija\/vesti\/zivotna-sredina\/"},{"@type":"ListItem","position":4,"name":"Dan bez kesa, Juli bez plastike \u2013 nisu odgovorni samo potro\u0161a\u010di"}]},{"@type":"WebSite","@id":"https:\/\/balkangreenenergynews.com\/rs\/#website","url":"https:\/\/balkangreenenergynews.com\/rs\/","name":"Balkan Green Energy News","description":"Naj\u0161iri izbor vesti sa Balkana o zelenoj energiji","potentialAction":[{"@type":"SearchAction","target":{"@type":"EntryPoint","urlTemplate":"https:\/\/balkangreenenergynews.com\/rs\/?s={search_term_string}"},"query-input":{"@type":"PropertyValueSpecification","valueRequired":true,"valueName":"search_term_string"}}],"inLanguage":"sr-RS"},{"@type":"Person","@id":"https:\/\/balkangreenenergynews.com\/rs\/#\/schema\/person\/6b3cd0445eb192f645c773282d0747ca","name":"Mihajlo Vujasin","url":"https:\/\/balkangreenenergynews.com\/rs\/author\/mihajlo-vujasin\/"}]}},"_links":{"self":[{"href":"https:\/\/balkangreenenergynews.com\/rs\/wp-json\/wp\/v2\/posts\/49931","targetHints":{"allow":["GET"]}}],"collection":[{"href":"https:\/\/balkangreenenergynews.com\/rs\/wp-json\/wp\/v2\/posts"}],"about":[{"href":"https:\/\/balkangreenenergynews.com\/rs\/wp-json\/wp\/v2\/types\/post"}],"author":[{"embeddable":true,"href":"https:\/\/balkangreenenergynews.com\/rs\/wp-json\/wp\/v2\/users\/30"}],"replies":[{"embeddable":true,"href":"https:\/\/balkangreenenergynews.com\/rs\/wp-json\/wp\/v2\/comments?post=49931"}],"version-history":[{"count":0,"href":"https:\/\/balkangreenenergynews.com\/rs\/wp-json\/wp\/v2\/posts\/49931\/revisions"}],"wp:featuredmedia":[{"embeddable":true,"href":"https:\/\/balkangreenenergynews.com\/rs\/wp-json\/wp\/v2\/media\/49932"}],"wp:attachment":[{"href":"https:\/\/balkangreenenergynews.com\/rs\/wp-json\/wp\/v2\/media?parent=49931"}],"wp:term":[{"taxonomy":"category","embeddable":true,"href":"https:\/\/balkangreenenergynews.com\/rs\/wp-json\/wp\/v2\/categories?post=49931"},{"taxonomy":"post_tag","embeddable":true,"href":"https:\/\/balkangreenenergynews.com\/rs\/wp-json\/wp\/v2\/tags?post=49931"}],"curies":[{"name":"wp","href":"https:\/\/api.w.org\/{rel}","templated":true}]}}