{"id":49826,"date":"2022-06-29T19:47:15","date_gmt":"2022-06-29T17:47:15","guid":{"rendered":"https:\/\/balkangreenenergynews.com\/rs\/?p=49826"},"modified":"2022-06-30T01:08:50","modified_gmt":"2022-06-29T23:08:50","slug":"spanski-grad-sevilja-poceo-da-imenuje-klasifikuje-toplotne-talase","status":"publish","type":"post","link":"https:\/\/balkangreenenergynews.com\/rs\/spanski-grad-sevilja-poceo-da-imenuje-klasifikuje-toplotne-talase\/","title":{"rendered":"\u0160panski grad Sevilja po\u010deo da imenuje i klasifikuje toplotne talase"},"content":{"rendered":"<h2>Do\u0161lo je vreme da toplotnim talasima dajemo imena, kao tropskim olujama i tajfunima, izme\u0111u ostalog, jer \u0107e neke od tih nepogoda imati istorijski zna\u010daj zbog \u0161tete, migracija ili pomora koje izazovu. Kako biste nazvali ovonedeljni toplotni talas kod nas, a kako slede\u0107i koji nadolazi? Sevilja je prvi grad u svetu koji je po\u010deo to da radi.<\/h2>\n<p>Nakon kalendarski veoma ranog toplotnog udara, kada je polovinom juna temperatura dostigla 43 stepeni, Sevilja je pokrenula inicijativu da se imenuju i klasifikuju sve \u010de\u0161\u0107i toplotne talase koji poga\u0111aju ovaj grad u Andaluziji, na jugu \u0160panije.<\/p>\n<p>Program <a href=\"https:\/\/prometeosevilla.com\/sevilla-primera-ciudad-del-mundo-en-probar-un-sistema-piloto-que-clasifica-y-nombra-las-olas-de-calor\/\">proMETEOSevilla<\/a> \u0107e imati tri kategorije, a stanovni\u0161tvo \u0107e dobijati upozorenja i do pet dana pre po\u010detka ekstremnih vru\u0107ina, usled mogu\u0107ih <a href=\"https:\/\/balkangreenenergynews.com\/rs\/klimatske-promene-na-delu-severna-hemisfera-docekala-leto-sa-ekstremnim-temperaturama\/\">\u0161tetne posledice vremenskih ekstrema<\/a> po zdravlje ljudi.<\/p>\n<p>Sevilja \u0107e toplotne talase imenovati na isti na\u010din na koji se nazivaju tropske oluje ili uragani u drugim delovima sveta. Toplotni talasi koji dostignu najve\u0107u tre\u0107u kategoriju bi\u0107e imenovani obrnutim abecednim redom. Prvih pet \u0107e se zvati Zoe, Yago, Xsenia, Wenceslao i Vega.<\/p>\n<blockquote><p>Toplotni talasi koji dostignu najve\u0107u tre\u0107u kategoriju bi\u0107e imenovani obrnutim abecednim redom<\/p><\/blockquote>\n<p>Na ovaj na\u010din se mogu preduzeti preventivne mere kako bi se izbegle posledice ekstremnih vru\u0107ina, a u osnovi programa je algoritam koji predvi\u0111a dolazak toplotnih talasa i kategorizuje ih na osnovu potencijalne opasnosti i uticaja na ljudsko zdravlje.<\/p>\n<blockquote><p>Program predvi\u0111a dolazak toplotnih talasa i kategorizuje ih na osnovu potencijalne opasnosti i uticaja na ljudsko zdravlje<\/p><\/blockquote>\n<p>Svaka od tri kategorije toplotnih talasa \u0107e biti povezana sa posebnim merama, poput otvaranja op\u0161tinskih bazena ili slanja zdravstvenih radnika da provere starije i druge osobe pod rizikom.<\/p>\n<h3>Fenomen u\u010destalih toplotnih talasa<\/h3>\n<p>Toplotni talasi su postali meteorolo\u0161ki fenomen koji uti\u010de na svakodnevni \u017eivot velikog broja gra\u0111ana, prevazilaze\u0107i bilo koji drugi klimatski doga\u0111aj, i negativno uti\u010du, ako se ne preduzmu mere, na 75 procenata ljudi na planeti, navode realizatori ovog koncepta iz proMETEOSevilla.<\/p>\n<p>U gradu Sevilji tako\u0111e isti\u010du da je neophodno je da se dopre do \u0161to ve\u0107eg broja ljudi kako bi se podigla svest o opasnosti od toplotnih talasa i njihovom mogu\u0107em uticaju na zdravlje.<\/p>\n<p>Sa velikim vru\u0107inama u \u0160paniji poslednjih nedelja izbili su i \u0161umski po\u017eari. Posle ovogodi\u0161njeg toplotnog talasa koji je do\u0161ao najranije u poslednjih 40 godina, strahuje se da \u0107e ekstremne vru\u0107ine i su\u0161e postati u\u010destalije i du\u017ee <a href=\"https:\/\/balkangreenenergynews.com\/rs\/klimatske-promene-sve-je-blize-tacka-bez-povratka\/\">usled klimatskih promena<\/a>.<\/p>\n<blockquote><p>U\u010destalost toplotnih talasa u \u0160paniji se poslednjih decenija udvostru\u010dila<\/p><\/blockquote>\n<p>Pionirski program dolazi nekoliko dana nakon \u0161to je \u0160panija pro\u0161la kroz jedan od svojih najranijih toplotnih talasa u istoriji i nakon maja koji je rangiran kao najtopliji u poslednjih 58 godina. U\u010destalost toplotnih talasa u \u0160paniji se udvostru\u010dila u pore\u0111enju sa prethodnim decenijama, prema podacima dr\u017eavne meteorolo\u0161ke agencije Aemet.<\/p>\n","protected":false},"excerpt":{"rendered":"<p>Kako da se nazove ovonedeljni toplotni talas, a kako slede\u0107i koji nadolazi? Sevilja je prvi grad u svetu koji je zapo\u010deo takvu praksu.<\/p>\n","protected":false},"author":30,"featured_media":49830,"comment_status":"open","ping_status":"open","sticky":false,"template":"","format":"standard","meta":{"_acf_changed":false,"_monsterinsights_skip_tracking":false,"_monsterinsights_sitenote_active":false,"_monsterinsights_sitenote_note":"","_monsterinsights_sitenote_category":0,"footnotes":""},"categories":[5909],"tags":[6442,5201,766,6429],"class_list":["post-49826","post","type-post","status-publish","format-standard","has-post-thumbnail","hentry","category-klimatske-promene","tag-ekstremne-vrucine","tag-klimatska-kriza","tag-klimatske-promene","tag-toplotni-talas","country-regioneu"],"acf":[],"yoast_head":"<!-- This site is optimized with the Yoast SEO plugin v27.4 - https:\/\/yoast.com\/product\/yoast-seo-wordpress\/ -->\n<title>\u0160panski grad Sevilja po\u010deo da imenuje i klasifikuje toplotne talase<\/title>\n<meta name=\"description\" content=\"Kako da se nazove ovonedeljni toplotni talas, a kako slede\u0107i koji nadolazi? Sevilja je prvi grad u svetu koji je zapo\u010deo takvu praksu.\" \/>\n<meta name=\"robots\" content=\"index, follow, max-snippet:-1, max-image-preview:large, max-video-preview:-1\" \/>\n<link rel=\"canonical\" href=\"https:\/\/balkangreenenergynews.com\/rs\/spanski-grad-sevilja-poceo-da-imenuje-klasifikuje-toplotne-talase\/\" \/>\n<meta property=\"og:locale\" content=\"sr_RS\" \/>\n<meta property=\"og:type\" content=\"article\" \/>\n<meta property=\"og:title\" content=\"\u0160panski grad Sevilja po\u010deo da imenuje i klasifikuje toplotne talase\" \/>\n<meta property=\"og:description\" content=\"Kako da se nazove ovonedeljni toplotni talas, a kako slede\u0107i koji nadolazi? Sevilja je prvi grad u svetu koji je zapo\u010deo takvu praksu.\" \/>\n<meta property=\"og:url\" content=\"https:\/\/balkangreenenergynews.com\/rs\/spanski-grad-sevilja-poceo-da-imenuje-klasifikuje-toplotne-talase\/\" \/>\n<meta property=\"og:site_name\" content=\"Balkan Green Energy News\" \/>\n<meta property=\"article:published_time\" content=\"2022-06-29T17:47:15+00:00\" \/>\n<meta property=\"article:modified_time\" content=\"2022-06-29T23:08:50+00:00\" \/>\n<meta property=\"og:image\" content=\"https:\/\/balkangreenenergynews.com\/rs\/wp-content\/uploads\/2022\/06\/sevilla-g85ad32661_1280-840-x-430.jpg\" \/>\n\t<meta property=\"og:image:width\" content=\"840\" \/>\n\t<meta property=\"og:image:height\" content=\"430\" \/>\n\t<meta property=\"og:image:type\" content=\"image\/jpeg\" \/>\n<meta name=\"author\" content=\"Mihajlo Vujasin\" \/>\n<meta name=\"twitter:card\" content=\"summary_large_image\" \/>\n<meta name=\"twitter:label1\" content=\"\u041d\u0430\u043f\u0438\u0441\u0430\u043d\u043e \u043e\u0434\" \/>\n\t<meta name=\"twitter:data1\" content=\"Mihajlo Vujasin\" \/>\n\t<meta name=\"twitter:label2\" content=\"\u041f\u0440\u043e\u0446\u0435\u045a\u0435\u043d\u043e \u0432\u0440\u0435\u043c\u0435 \u0447\u0438\u0442\u0430\u045a\u0430\" \/>\n\t<meta name=\"twitter:data2\" content=\"3 \u043c\u0438\u043d\u0443\u0442\u0430\" \/>\n<script type=\"application\/ld+json\" class=\"yoast-schema-graph\">{\"@context\":\"https:\\\/\\\/schema.org\",\"@graph\":[{\"@type\":\"Article\",\"@id\":\"https:\\\/\\\/balkangreenenergynews.com\\\/rs\\\/spanski-grad-sevilja-poceo-da-imenuje-klasifikuje-toplotne-talase\\\/#article\",\"isPartOf\":{\"@id\":\"https:\\\/\\\/balkangreenenergynews.com\\\/rs\\\/spanski-grad-sevilja-poceo-da-imenuje-klasifikuje-toplotne-talase\\\/\"},\"author\":{\"name\":\"Mihajlo Vujasin\",\"@id\":\"https:\\\/\\\/balkangreenenergynews.com\\\/rs\\\/#\\\/schema\\\/person\\\/6b3cd0445eb192f645c773282d0747ca\"},\"headline\":\"\u0160panski grad Sevilja po\u010deo da imenuje i klasifikuje toplotne talase\",\"datePublished\":\"2022-06-29T17:47:15+00:00\",\"dateModified\":\"2022-06-29T23:08:50+00:00\",\"mainEntityOfPage\":{\"@id\":\"https:\\\/\\\/balkangreenenergynews.com\\\/rs\\\/spanski-grad-sevilja-poceo-da-imenuje-klasifikuje-toplotne-talase\\\/\"},\"wordCount\":489,\"commentCount\":0,\"image\":{\"@id\":\"https:\\\/\\\/balkangreenenergynews.com\\\/rs\\\/spanski-grad-sevilja-poceo-da-imenuje-klasifikuje-toplotne-talase\\\/#primaryimage\"},\"thumbnailUrl\":\"https:\\\/\\\/balkangreenenergynews.com\\\/rs\\\/wp-content\\\/uploads\\\/2022\\\/06\\\/sevilla-g85ad32661_1280-840-x-430.jpg?wsr\",\"keywords\":[\"ekstremne vru\u0107ine\",\"klimatska kriza\",\"klimatske promene\",\"toplotni talas\"],\"articleSection\":[\"Klimatske promene\"],\"inLanguage\":\"sr-RS\",\"potentialAction\":[{\"@type\":\"CommentAction\",\"name\":\"Comment\",\"target\":[\"https:\\\/\\\/balkangreenenergynews.com\\\/rs\\\/spanski-grad-sevilja-poceo-da-imenuje-klasifikuje-toplotne-talase\\\/#respond\"]}]},{\"@type\":\"WebPage\",\"@id\":\"https:\\\/\\\/balkangreenenergynews.com\\\/rs\\\/spanski-grad-sevilja-poceo-da-imenuje-klasifikuje-toplotne-talase\\\/\",\"url\":\"https:\\\/\\\/balkangreenenergynews.com\\\/rs\\\/spanski-grad-sevilja-poceo-da-imenuje-klasifikuje-toplotne-talase\\\/\",\"name\":\"\u0160panski grad Sevilja po\u010deo da imenuje i klasifikuje toplotne talase\",\"isPartOf\":{\"@id\":\"https:\\\/\\\/balkangreenenergynews.com\\\/rs\\\/#website\"},\"primaryImageOfPage\":{\"@id\":\"https:\\\/\\\/balkangreenenergynews.com\\\/rs\\\/spanski-grad-sevilja-poceo-da-imenuje-klasifikuje-toplotne-talase\\\/#primaryimage\"},\"image\":{\"@id\":\"https:\\\/\\\/balkangreenenergynews.com\\\/rs\\\/spanski-grad-sevilja-poceo-da-imenuje-klasifikuje-toplotne-talase\\\/#primaryimage\"},\"thumbnailUrl\":\"https:\\\/\\\/balkangreenenergynews.com\\\/rs\\\/wp-content\\\/uploads\\\/2022\\\/06\\\/sevilla-g85ad32661_1280-840-x-430.jpg?wsr\",\"datePublished\":\"2022-06-29T17:47:15+00:00\",\"dateModified\":\"2022-06-29T23:08:50+00:00\",\"author\":{\"@id\":\"https:\\\/\\\/balkangreenenergynews.com\\\/rs\\\/#\\\/schema\\\/person\\\/6b3cd0445eb192f645c773282d0747ca\"},\"description\":\"Kako da se nazove ovonedeljni toplotni talas, a kako slede\u0107i koji nadolazi? Sevilja je prvi grad u svetu koji je zapo\u010deo takvu praksu.\",\"breadcrumb\":{\"@id\":\"https:\\\/\\\/balkangreenenergynews.com\\\/rs\\\/spanski-grad-sevilja-poceo-da-imenuje-klasifikuje-toplotne-talase\\\/#breadcrumb\"},\"inLanguage\":\"sr-RS\",\"potentialAction\":[{\"@type\":\"ReadAction\",\"target\":[\"https:\\\/\\\/balkangreenenergynews.com\\\/rs\\\/spanski-grad-sevilja-poceo-da-imenuje-klasifikuje-toplotne-talase\\\/\"]}]},{\"@type\":\"ImageObject\",\"inLanguage\":\"sr-RS\",\"@id\":\"https:\\\/\\\/balkangreenenergynews.com\\\/rs\\\/spanski-grad-sevilja-poceo-da-imenuje-klasifikuje-toplotne-talase\\\/#primaryimage\",\"url\":\"https:\\\/\\\/balkangreenenergynews.com\\\/rs\\\/wp-content\\\/uploads\\\/2022\\\/06\\\/sevilla-g85ad32661_1280-840-x-430.jpg?wsr\",\"contentUrl\":\"https:\\\/\\\/balkangreenenergynews.com\\\/rs\\\/wp-content\\\/uploads\\\/2022\\\/06\\\/sevilla-g85ad32661_1280-840-x-430.jpg?wsr\",\"width\":840,\"height\":430,\"caption\":\"Toplotni talasi dobijaju ime i klasifikaciju, poput uragana i tajfuna\"},{\"@type\":\"BreadcrumbList\",\"@id\":\"https:\\\/\\\/balkangreenenergynews.com\\\/rs\\\/spanski-grad-sevilja-poceo-da-imenuje-klasifikuje-toplotne-talase\\\/#breadcrumb\",\"itemListElement\":[{\"@type\":\"ListItem\",\"position\":1,\"name\":\"Po\u010detna\",\"item\":\"https:\\\/\\\/balkangreenenergynews.com\\\/rs\\\/\"},{\"@type\":\"ListItem\",\"position\":2,\"name\":\"Klimatske promene\",\"item\":\"https:\\\/\\\/balkangreenenergynews.com\\\/rs\\\/kategorija\\\/klimatske-promene\\\/\"},{\"@type\":\"ListItem\",\"position\":3,\"name\":\"\u0160panski grad Sevilja po\u010deo da imenuje i klasifikuje toplotne talase\"}]},{\"@type\":\"WebSite\",\"@id\":\"https:\\\/\\\/balkangreenenergynews.com\\\/rs\\\/#website\",\"url\":\"https:\\\/\\\/balkangreenenergynews.com\\\/rs\\\/\",\"name\":\"Balkan Green Energy News\",\"description\":\"Naj\u0161iri izbor vesti sa Balkana o zelenoj energiji\",\"potentialAction\":[{\"@type\":\"SearchAction\",\"target\":{\"@type\":\"EntryPoint\",\"urlTemplate\":\"https:\\\/\\\/balkangreenenergynews.com\\\/rs\\\/?s={search_term_string}\"},\"query-input\":{\"@type\":\"PropertyValueSpecification\",\"valueRequired\":true,\"valueName\":\"search_term_string\"}}],\"inLanguage\":\"sr-RS\"},{\"@type\":\"Person\",\"@id\":\"https:\\\/\\\/balkangreenenergynews.com\\\/rs\\\/#\\\/schema\\\/person\\\/6b3cd0445eb192f645c773282d0747ca\",\"name\":\"Mihajlo Vujasin\",\"url\":\"https:\\\/\\\/balkangreenenergynews.com\\\/rs\\\/author\\\/mihajlo-vujasin\\\/\"}]}<\/script>\n<!-- \/ Yoast SEO plugin. -->","yoast_head_json":{"title":"\u0160panski grad Sevilja po\u010deo da imenuje i klasifikuje toplotne talase","description":"Kako da se nazove ovonedeljni toplotni talas, a kako slede\u0107i koji nadolazi? Sevilja je prvi grad u svetu koji je zapo\u010deo takvu praksu.","robots":{"index":"index","follow":"follow","max-snippet":"max-snippet:-1","max-image-preview":"max-image-preview:large","max-video-preview":"max-video-preview:-1"},"canonical":"https:\/\/balkangreenenergynews.com\/rs\/spanski-grad-sevilja-poceo-da-imenuje-klasifikuje-toplotne-talase\/","og_locale":"sr_RS","og_type":"article","og_title":"\u0160panski grad Sevilja po\u010deo da imenuje i klasifikuje toplotne talase","og_description":"Kako da se nazove ovonedeljni toplotni talas, a kako slede\u0107i koji nadolazi? Sevilja je prvi grad u svetu koji je zapo\u010deo takvu praksu.","og_url":"https:\/\/balkangreenenergynews.com\/rs\/spanski-grad-sevilja-poceo-da-imenuje-klasifikuje-toplotne-talase\/","og_site_name":"Balkan Green Energy News","article_published_time":"2022-06-29T17:47:15+00:00","article_modified_time":"2022-06-29T23:08:50+00:00","og_image":[{"width":840,"height":430,"url":"https:\/\/balkangreenenergynews.com\/rs\/wp-content\/uploads\/2022\/06\/sevilla-g85ad32661_1280-840-x-430.jpg","type":"image\/jpeg"}],"author":"Mihajlo Vujasin","twitter_card":"summary_large_image","twitter_misc":{"\u041d\u0430\u043f\u0438\u0441\u0430\u043d\u043e \u043e\u0434":"Mihajlo Vujasin","\u041f\u0440\u043e\u0446\u0435\u045a\u0435\u043d\u043e \u0432\u0440\u0435\u043c\u0435 \u0447\u0438\u0442\u0430\u045a\u0430":"3 \u043c\u0438\u043d\u0443\u0442\u0430"},"schema":{"@context":"https:\/\/schema.org","@graph":[{"@type":"Article","@id":"https:\/\/balkangreenenergynews.com\/rs\/spanski-grad-sevilja-poceo-da-imenuje-klasifikuje-toplotne-talase\/#article","isPartOf":{"@id":"https:\/\/balkangreenenergynews.com\/rs\/spanski-grad-sevilja-poceo-da-imenuje-klasifikuje-toplotne-talase\/"},"author":{"name":"Mihajlo Vujasin","@id":"https:\/\/balkangreenenergynews.com\/rs\/#\/schema\/person\/6b3cd0445eb192f645c773282d0747ca"},"headline":"\u0160panski grad Sevilja po\u010deo da imenuje i klasifikuje toplotne talase","datePublished":"2022-06-29T17:47:15+00:00","dateModified":"2022-06-29T23:08:50+00:00","mainEntityOfPage":{"@id":"https:\/\/balkangreenenergynews.com\/rs\/spanski-grad-sevilja-poceo-da-imenuje-klasifikuje-toplotne-talase\/"},"wordCount":489,"commentCount":0,"image":{"@id":"https:\/\/balkangreenenergynews.com\/rs\/spanski-grad-sevilja-poceo-da-imenuje-klasifikuje-toplotne-talase\/#primaryimage"},"thumbnailUrl":"https:\/\/balkangreenenergynews.com\/rs\/wp-content\/uploads\/2022\/06\/sevilla-g85ad32661_1280-840-x-430.jpg?wsr","keywords":["ekstremne vru\u0107ine","klimatska kriza","klimatske promene","toplotni talas"],"articleSection":["Klimatske promene"],"inLanguage":"sr-RS","potentialAction":[{"@type":"CommentAction","name":"Comment","target":["https:\/\/balkangreenenergynews.com\/rs\/spanski-grad-sevilja-poceo-da-imenuje-klasifikuje-toplotne-talase\/#respond"]}]},{"@type":"WebPage","@id":"https:\/\/balkangreenenergynews.com\/rs\/spanski-grad-sevilja-poceo-da-imenuje-klasifikuje-toplotne-talase\/","url":"https:\/\/balkangreenenergynews.com\/rs\/spanski-grad-sevilja-poceo-da-imenuje-klasifikuje-toplotne-talase\/","name":"\u0160panski grad Sevilja po\u010deo da imenuje i klasifikuje toplotne talase","isPartOf":{"@id":"https:\/\/balkangreenenergynews.com\/rs\/#website"},"primaryImageOfPage":{"@id":"https:\/\/balkangreenenergynews.com\/rs\/spanski-grad-sevilja-poceo-da-imenuje-klasifikuje-toplotne-talase\/#primaryimage"},"image":{"@id":"https:\/\/balkangreenenergynews.com\/rs\/spanski-grad-sevilja-poceo-da-imenuje-klasifikuje-toplotne-talase\/#primaryimage"},"thumbnailUrl":"https:\/\/balkangreenenergynews.com\/rs\/wp-content\/uploads\/2022\/06\/sevilla-g85ad32661_1280-840-x-430.jpg?wsr","datePublished":"2022-06-29T17:47:15+00:00","dateModified":"2022-06-29T23:08:50+00:00","author":{"@id":"https:\/\/balkangreenenergynews.com\/rs\/#\/schema\/person\/6b3cd0445eb192f645c773282d0747ca"},"description":"Kako da se nazove ovonedeljni toplotni talas, a kako slede\u0107i koji nadolazi? Sevilja je prvi grad u svetu koji je zapo\u010deo takvu praksu.","breadcrumb":{"@id":"https:\/\/balkangreenenergynews.com\/rs\/spanski-grad-sevilja-poceo-da-imenuje-klasifikuje-toplotne-talase\/#breadcrumb"},"inLanguage":"sr-RS","potentialAction":[{"@type":"ReadAction","target":["https:\/\/balkangreenenergynews.com\/rs\/spanski-grad-sevilja-poceo-da-imenuje-klasifikuje-toplotne-talase\/"]}]},{"@type":"ImageObject","inLanguage":"sr-RS","@id":"https:\/\/balkangreenenergynews.com\/rs\/spanski-grad-sevilja-poceo-da-imenuje-klasifikuje-toplotne-talase\/#primaryimage","url":"https:\/\/balkangreenenergynews.com\/rs\/wp-content\/uploads\/2022\/06\/sevilla-g85ad32661_1280-840-x-430.jpg?wsr","contentUrl":"https:\/\/balkangreenenergynews.com\/rs\/wp-content\/uploads\/2022\/06\/sevilla-g85ad32661_1280-840-x-430.jpg?wsr","width":840,"height":430,"caption":"Toplotni talasi dobijaju ime i klasifikaciju, poput uragana i tajfuna"},{"@type":"BreadcrumbList","@id":"https:\/\/balkangreenenergynews.com\/rs\/spanski-grad-sevilja-poceo-da-imenuje-klasifikuje-toplotne-talase\/#breadcrumb","itemListElement":[{"@type":"ListItem","position":1,"name":"Po\u010detna","item":"https:\/\/balkangreenenergynews.com\/rs\/"},{"@type":"ListItem","position":2,"name":"Klimatske promene","item":"https:\/\/balkangreenenergynews.com\/rs\/kategorija\/klimatske-promene\/"},{"@type":"ListItem","position":3,"name":"\u0160panski grad Sevilja po\u010deo da imenuje i klasifikuje toplotne talase"}]},{"@type":"WebSite","@id":"https:\/\/balkangreenenergynews.com\/rs\/#website","url":"https:\/\/balkangreenenergynews.com\/rs\/","name":"Balkan Green Energy News","description":"Naj\u0161iri izbor vesti sa Balkana o zelenoj energiji","potentialAction":[{"@type":"SearchAction","target":{"@type":"EntryPoint","urlTemplate":"https:\/\/balkangreenenergynews.com\/rs\/?s={search_term_string}"},"query-input":{"@type":"PropertyValueSpecification","valueRequired":true,"valueName":"search_term_string"}}],"inLanguage":"sr-RS"},{"@type":"Person","@id":"https:\/\/balkangreenenergynews.com\/rs\/#\/schema\/person\/6b3cd0445eb192f645c773282d0747ca","name":"Mihajlo Vujasin","url":"https:\/\/balkangreenenergynews.com\/rs\/author\/mihajlo-vujasin\/"}]}},"_links":{"self":[{"href":"https:\/\/balkangreenenergynews.com\/rs\/wp-json\/wp\/v2\/posts\/49826","targetHints":{"allow":["GET"]}}],"collection":[{"href":"https:\/\/balkangreenenergynews.com\/rs\/wp-json\/wp\/v2\/posts"}],"about":[{"href":"https:\/\/balkangreenenergynews.com\/rs\/wp-json\/wp\/v2\/types\/post"}],"author":[{"embeddable":true,"href":"https:\/\/balkangreenenergynews.com\/rs\/wp-json\/wp\/v2\/users\/30"}],"replies":[{"embeddable":true,"href":"https:\/\/balkangreenenergynews.com\/rs\/wp-json\/wp\/v2\/comments?post=49826"}],"version-history":[{"count":0,"href":"https:\/\/balkangreenenergynews.com\/rs\/wp-json\/wp\/v2\/posts\/49826\/revisions"}],"wp:featuredmedia":[{"embeddable":true,"href":"https:\/\/balkangreenenergynews.com\/rs\/wp-json\/wp\/v2\/media\/49830"}],"wp:attachment":[{"href":"https:\/\/balkangreenenergynews.com\/rs\/wp-json\/wp\/v2\/media?parent=49826"}],"wp:term":[{"taxonomy":"category","embeddable":true,"href":"https:\/\/balkangreenenergynews.com\/rs\/wp-json\/wp\/v2\/categories?post=49826"},{"taxonomy":"post_tag","embeddable":true,"href":"https:\/\/balkangreenenergynews.com\/rs\/wp-json\/wp\/v2\/tags?post=49826"}],"curies":[{"name":"wp","href":"https:\/\/api.w.org\/{rel}","templated":true}]}}