{"id":49677,"date":"2022-06-22T16:22:25","date_gmt":"2022-06-22T14:22:25","guid":{"rendered":"https:\/\/balkangreenenergynews.com\/rs\/?p=49677"},"modified":"2022-06-23T12:02:50","modified_gmt":"2022-06-23T10:02:50","slug":"nemacki-rwe-i-privreda-partneri-u-buducem-ofsor-vetroparku-od-1-gw","status":"publish","type":"post","link":"https:\/\/balkangreenenergynews.com\/rs\/nemacki-rwe-i-privreda-partneri-u-buducem-ofsor-vetroparku-od-1-gw\/","title":{"rendered":"Nema\u010dki RWE i privreda partneri u budu\u0107em of\u0161or vetroparku od 1 GW"},"content":{"rendered":"<h2>Energetska kompanija RWE i Commerzbank osmislili su ideju za koju ka\u017eu da je podjednako i inovativna i razumna. Naime, ponudi\u0107e srednjim firmama da se direktno snabdevanju zelenom enegijom iz vetroparka snage jedan gigavat (GW).<\/h2>\n<p>RWE i Commerzbank nameravaju da osnuju &#8222;Green Mittelstand fund&#8220; kako bi preduze\u0107ima srednje veli\u010dine u Nema\u010dkoj ponudili mogu\u0107nost da obezbede snabdevanje zelenom elektri\u010dnom energijom, saop\u0161tile su dve kompanije posle potpisivanja Memoranduma o razumevanju.<\/p>\n<p>RWE i Commerzbank planiraju da izgrade of\u0161or vetropark sa instalisanim kapacitetom od jednog gigavata, a za lokaciju \u0107e konkurisati na aukcijama koje se o\u010dekuju 2023.<\/p>\n<p>Vetropark \u0107e razvijati, graditi i njime upravljati kompanija RWE, koja \u0107e imati 51 odsto akcija, dok c\u0301e preostalih 49 Kommerzbank ponuditi srednjim preduzec\u0301ima preko fonda &#8222;Green Mittelstand&#8220;, saop\u0161tile su dve kompanije.<\/p>\n<blockquote><p>Firmama c\u0301e biti ponu\u0111ene dve opcije za obezbe\u0111ivanje zelene struje<\/p><\/blockquote>\n<p>Firme srednje veli\u010dine ima\u0107e dve opcije. Fond c\u0301e ponuditi potpisivanje dugoro\u010dnih ugovora o otkupu elektri\u010dne energije (eng. power purchase agreements &#8211; PPA), \u0161to je mogu\u0107nost koja je dosad mahom bila rezervisana za velike kompanije. Ideja je da se po\u010dne sa ugovorima koji se odnose na kapacitet od 5 MW, \u0161to je mera koja je, kako je navedeno, prilago\u0111ena potrebama srednjih preduzec\u0301a.<\/p>\n<p>Druga opcija je da ove firme putem individualnog finansiranja i kredita postanu suvlasnici vetroparka. Postoja\u0107e i mogu\u0107nost da firme kombinuju obe opcije &#8211; ugovore o otkupu i udeo u vlasni\u0161tvu, saop\u0161tili su RWE i Commerzbank.<\/p>\n<p>Michael Kotzbauer, \u010dlan Odbora direktora u banci Commerzbank, izjavio je da se ovim inovativnim re\u0161enjem srednjim preduze\u0107im omoguc\u0301ava pristup proizvodnji zelene elektri\u010dne energije iz vetroparkova na moru i doprinosi finansiranju energetske tranzicije u Nema\u010dkoj.<\/p>\n<blockquote><p>Zakon o energiji vetra na moru mora biti izmenjen kako bi se omoguc\u0301ila ulaganja<\/p><\/blockquote>\n<p>Ina\u010de, Nema\u010dka planira da izmeni zakon o energiji vetra na moru kako bi povec\u0301ala proizvodnju obnovljive energije i dostigla klimatsku neutralnost do 2045. godine.<\/p>\n<p>Ulf Kerstin, komercijalni direktor sektora za of\u0161or vetroparkove kompanije RWE, istakao je da koncept planiranog fonda mo\u017ee da podr\u017ei kompanije i energetsku tranziciju, i dodao da se elektri\u010dna energija iz of\u0161or vetroparkova mo\u017ee ponuditi po konkurentnim cenama.<\/p>\n","protected":false},"excerpt":{"rendered":"<p>RWE i Commerzbank ponudi\u0107e srednjim firmama da se direktno snabdevanju zelenom enegijom iz vetroparka snage jedan gigavat<\/p>\n","protected":false},"author":23,"featured_media":49679,"comment_status":"open","ping_status":"open","sticky":false,"template":"","format":"standard","meta":{"_acf_changed":false,"_monsterinsights_skip_tracking":false,"_monsterinsights_sitenote_active":false,"_monsterinsights_sitenote_note":"","_monsterinsights_sitenote_category":0,"footnotes":""},"categories":[504,6295,1],"tags":[1854,652,1224,6428,719],"class_list":["post-49677","post","type-post","status-publish","format-standard","has-post-thumbnail","hentry","category-elektricna-energija","category-energetska-kriza","category-obnovljivi-izvori-energije","tag-energetska-tranzicija","tag-investicije","tag-rwe","tag-ugovori-o-otkupu-elektricne-energije","tag-vetropark","country-regioneu"],"acf":[],"yoast_head":"<!-- This site is optimized with the Yoast SEO plugin v27.4 - https:\/\/yoast.com\/product\/yoast-seo-wordpress\/ -->\n<title>Nema\u010dki RWE i privreda partneri u budu\u0107em of\u0161or vetroparku od 1 GW<\/title>\n<meta name=\"description\" content=\"RWE i Commerzbank ponudi\u0107e srednjim firmama da se direktno snabdevanju zelenom enegijom iz vetroparka snage jedan gigavat\" \/>\n<meta name=\"robots\" content=\"index, follow, max-snippet:-1, max-image-preview:large, max-video-preview:-1\" \/>\n<link rel=\"canonical\" href=\"https:\/\/balkangreenenergynews.com\/rs\/nemacki-rwe-i-privreda-partneri-u-buducem-ofsor-vetroparku-od-1-gw\/\" \/>\n<meta property=\"og:locale\" content=\"sr_RS\" \/>\n<meta property=\"og:type\" content=\"article\" \/>\n<meta property=\"og:title\" content=\"Nema\u010dki RWE i privreda partneri u budu\u0107em of\u0161or vetroparku od 1 GW\" \/>\n<meta property=\"og:description\" content=\"RWE i Commerzbank ponudi\u0107e srednjim firmama da se direktno snabdevanju zelenom enegijom iz vetroparka snage jedan gigavat\" \/>\n<meta property=\"og:url\" content=\"https:\/\/balkangreenenergynews.com\/rs\/nemacki-rwe-i-privreda-partneri-u-buducem-ofsor-vetroparku-od-1-gw\/\" \/>\n<meta property=\"og:site_name\" content=\"Balkan Green Energy News\" \/>\n<meta property=\"article:published_time\" content=\"2022-06-22T14:22:25+00:00\" \/>\n<meta property=\"article:modified_time\" content=\"2022-06-23T10:02:50+00:00\" \/>\n<meta property=\"og:image\" content=\"https:\/\/balkangreenenergynews.com\/rs\/wp-content\/uploads\/2022\/06\/RWE-Commerzbank-vetropark-srednja-preduzeca-snabdevanje-zelena-energija.jpg\" \/>\n\t<meta property=\"og:image:width\" content=\"840\" \/>\n\t<meta property=\"og:image:height\" content=\"430\" \/>\n\t<meta property=\"og:image:type\" content=\"image\/jpeg\" \/>\n<meta name=\"author\" content=\"Vladimir Spasi\u0107\" \/>\n<meta name=\"twitter:card\" content=\"summary_large_image\" \/>\n<meta name=\"twitter:label1\" content=\"\u041d\u0430\u043f\u0438\u0441\u0430\u043d\u043e \u043e\u0434\" \/>\n\t<meta name=\"twitter:data1\" content=\"Vladimir Spasi\u0107\" \/>\n\t<meta name=\"twitter:label2\" content=\"\u041f\u0440\u043e\u0446\u0435\u045a\u0435\u043d\u043e \u0432\u0440\u0435\u043c\u0435 \u0447\u0438\u0442\u0430\u045a\u0430\" \/>\n\t<meta name=\"twitter:data2\" content=\"2 \u043c\u0438\u043d\u0443\u0442\u0430\" \/>\n<script type=\"application\/ld+json\" class=\"yoast-schema-graph\">{\"@context\":\"https:\\\/\\\/schema.org\",\"@graph\":[{\"@type\":\"Article\",\"@id\":\"https:\\\/\\\/balkangreenenergynews.com\\\/rs\\\/nemacki-rwe-i-privreda-partneri-u-buducem-ofsor-vetroparku-od-1-gw\\\/#article\",\"isPartOf\":{\"@id\":\"https:\\\/\\\/balkangreenenergynews.com\\\/rs\\\/nemacki-rwe-i-privreda-partneri-u-buducem-ofsor-vetroparku-od-1-gw\\\/\"},\"author\":{\"name\":\"Vladimir Spasi\u0107\",\"@id\":\"https:\\\/\\\/balkangreenenergynews.com\\\/rs\\\/#\\\/schema\\\/person\\\/99dc721c46113fea22caffad06ef7317\"},\"headline\":\"Nema\u010dki RWE i privreda partneri u budu\u0107em of\u0161or vetroparku od 1 GW\",\"datePublished\":\"2022-06-22T14:22:25+00:00\",\"dateModified\":\"2022-06-23T10:02:50+00:00\",\"mainEntityOfPage\":{\"@id\":\"https:\\\/\\\/balkangreenenergynews.com\\\/rs\\\/nemacki-rwe-i-privreda-partneri-u-buducem-ofsor-vetroparku-od-1-gw\\\/\"},\"wordCount\":391,\"commentCount\":0,\"image\":{\"@id\":\"https:\\\/\\\/balkangreenenergynews.com\\\/rs\\\/nemacki-rwe-i-privreda-partneri-u-buducem-ofsor-vetroparku-od-1-gw\\\/#primaryimage\"},\"thumbnailUrl\":\"https:\\\/\\\/balkangreenenergynews.com\\\/rs\\\/wp-content\\\/uploads\\\/2022\\\/06\\\/RWE-Commerzbank-vetropark-srednja-preduzeca-snabdevanje-zelena-energija.jpg?wsr\",\"keywords\":[\"energetska tranzicija\",\"investicije\",\"RWE\",\"ugovori o otkupu elektri\u010dne energije\",\"vetropark\"],\"articleSection\":[\"Elektri\u010dna energija\",\"Energetska kriza\",\"OIE\"],\"inLanguage\":\"sr-RS\",\"potentialAction\":[{\"@type\":\"CommentAction\",\"name\":\"Comment\",\"target\":[\"https:\\\/\\\/balkangreenenergynews.com\\\/rs\\\/nemacki-rwe-i-privreda-partneri-u-buducem-ofsor-vetroparku-od-1-gw\\\/#respond\"]}]},{\"@type\":\"WebPage\",\"@id\":\"https:\\\/\\\/balkangreenenergynews.com\\\/rs\\\/nemacki-rwe-i-privreda-partneri-u-buducem-ofsor-vetroparku-od-1-gw\\\/\",\"url\":\"https:\\\/\\\/balkangreenenergynews.com\\\/rs\\\/nemacki-rwe-i-privreda-partneri-u-buducem-ofsor-vetroparku-od-1-gw\\\/\",\"name\":\"Nema\u010dki RWE i privreda partneri u budu\u0107em of\u0161or vetroparku od 1 GW\",\"isPartOf\":{\"@id\":\"https:\\\/\\\/balkangreenenergynews.com\\\/rs\\\/#website\"},\"primaryImageOfPage\":{\"@id\":\"https:\\\/\\\/balkangreenenergynews.com\\\/rs\\\/nemacki-rwe-i-privreda-partneri-u-buducem-ofsor-vetroparku-od-1-gw\\\/#primaryimage\"},\"image\":{\"@id\":\"https:\\\/\\\/balkangreenenergynews.com\\\/rs\\\/nemacki-rwe-i-privreda-partneri-u-buducem-ofsor-vetroparku-od-1-gw\\\/#primaryimage\"},\"thumbnailUrl\":\"https:\\\/\\\/balkangreenenergynews.com\\\/rs\\\/wp-content\\\/uploads\\\/2022\\\/06\\\/RWE-Commerzbank-vetropark-srednja-preduzeca-snabdevanje-zelena-energija.jpg?wsr\",\"datePublished\":\"2022-06-22T14:22:25+00:00\",\"dateModified\":\"2022-06-23T10:02:50+00:00\",\"author\":{\"@id\":\"https:\\\/\\\/balkangreenenergynews.com\\\/rs\\\/#\\\/schema\\\/person\\\/99dc721c46113fea22caffad06ef7317\"},\"description\":\"RWE i Commerzbank ponudi\u0107e srednjim firmama da se direktno snabdevanju zelenom enegijom iz vetroparka snage jedan gigavat\",\"breadcrumb\":{\"@id\":\"https:\\\/\\\/balkangreenenergynews.com\\\/rs\\\/nemacki-rwe-i-privreda-partneri-u-buducem-ofsor-vetroparku-od-1-gw\\\/#breadcrumb\"},\"inLanguage\":\"sr-RS\",\"potentialAction\":[{\"@type\":\"ReadAction\",\"target\":[\"https:\\\/\\\/balkangreenenergynews.com\\\/rs\\\/nemacki-rwe-i-privreda-partneri-u-buducem-ofsor-vetroparku-od-1-gw\\\/\"]}]},{\"@type\":\"ImageObject\",\"inLanguage\":\"sr-RS\",\"@id\":\"https:\\\/\\\/balkangreenenergynews.com\\\/rs\\\/nemacki-rwe-i-privreda-partneri-u-buducem-ofsor-vetroparku-od-1-gw\\\/#primaryimage\",\"url\":\"https:\\\/\\\/balkangreenenergynews.com\\\/rs\\\/wp-content\\\/uploads\\\/2022\\\/06\\\/RWE-Commerzbank-vetropark-srednja-preduzeca-snabdevanje-zelena-energija.jpg?wsr\",\"contentUrl\":\"https:\\\/\\\/balkangreenenergynews.com\\\/rs\\\/wp-content\\\/uploads\\\/2022\\\/06\\\/RWE-Commerzbank-vetropark-srednja-preduzeca-snabdevanje-zelena-energija.jpg?wsr\",\"width\":840,\"height\":430,\"caption\":\"RWE Commerzbank vetropark srednja preduzeca snabdevanje zelena energija\"},{\"@type\":\"BreadcrumbList\",\"@id\":\"https:\\\/\\\/balkangreenenergynews.com\\\/rs\\\/nemacki-rwe-i-privreda-partneri-u-buducem-ofsor-vetroparku-od-1-gw\\\/#breadcrumb\",\"itemListElement\":[{\"@type\":\"ListItem\",\"position\":1,\"name\":\"Po\u010detna\",\"item\":\"https:\\\/\\\/balkangreenenergynews.com\\\/rs\\\/\"},{\"@type\":\"ListItem\",\"position\":2,\"name\":\"Vesti\",\"item\":\"https:\\\/\\\/balkangreenenergynews.com\\\/rs\\\/kategorija\\\/vesti\\\/\"},{\"@type\":\"ListItem\",\"position\":3,\"name\":\"OIE\",\"item\":\"https:\\\/\\\/balkangreenenergynews.com\\\/rs\\\/kategorija\\\/vesti\\\/obnovljivi-izvori-energije\\\/\"},{\"@type\":\"ListItem\",\"position\":4,\"name\":\"Nema\u010dki RWE i privreda partneri u budu\u0107em of\u0161or vetroparku od 1 GW\"}]},{\"@type\":\"WebSite\",\"@id\":\"https:\\\/\\\/balkangreenenergynews.com\\\/rs\\\/#website\",\"url\":\"https:\\\/\\\/balkangreenenergynews.com\\\/rs\\\/\",\"name\":\"Balkan Green Energy News\",\"description\":\"Naj\u0161iri izbor vesti sa Balkana o zelenoj energiji\",\"potentialAction\":[{\"@type\":\"SearchAction\",\"target\":{\"@type\":\"EntryPoint\",\"urlTemplate\":\"https:\\\/\\\/balkangreenenergynews.com\\\/rs\\\/?s={search_term_string}\"},\"query-input\":{\"@type\":\"PropertyValueSpecification\",\"valueRequired\":true,\"valueName\":\"search_term_string\"}}],\"inLanguage\":\"sr-RS\"},{\"@type\":\"Person\",\"@id\":\"https:\\\/\\\/balkangreenenergynews.com\\\/rs\\\/#\\\/schema\\\/person\\\/99dc721c46113fea22caffad06ef7317\",\"name\":\"Vladimir Spasi\u0107\",\"url\":\"https:\\\/\\\/balkangreenenergynews.com\\\/rs\\\/author\\\/vladimir-spasic\\\/\"}]}<\/script>\n<!-- \/ Yoast SEO plugin. -->","yoast_head_json":{"title":"Nema\u010dki RWE i privreda partneri u budu\u0107em of\u0161or vetroparku od 1 GW","description":"RWE i Commerzbank ponudi\u0107e srednjim firmama da se direktno snabdevanju zelenom enegijom iz vetroparka snage jedan gigavat","robots":{"index":"index","follow":"follow","max-snippet":"max-snippet:-1","max-image-preview":"max-image-preview:large","max-video-preview":"max-video-preview:-1"},"canonical":"https:\/\/balkangreenenergynews.com\/rs\/nemacki-rwe-i-privreda-partneri-u-buducem-ofsor-vetroparku-od-1-gw\/","og_locale":"sr_RS","og_type":"article","og_title":"Nema\u010dki RWE i privreda partneri u budu\u0107em of\u0161or vetroparku od 1 GW","og_description":"RWE i Commerzbank ponudi\u0107e srednjim firmama da se direktno snabdevanju zelenom enegijom iz vetroparka snage jedan gigavat","og_url":"https:\/\/balkangreenenergynews.com\/rs\/nemacki-rwe-i-privreda-partneri-u-buducem-ofsor-vetroparku-od-1-gw\/","og_site_name":"Balkan Green Energy News","article_published_time":"2022-06-22T14:22:25+00:00","article_modified_time":"2022-06-23T10:02:50+00:00","og_image":[{"width":840,"height":430,"url":"https:\/\/balkangreenenergynews.com\/rs\/wp-content\/uploads\/2022\/06\/RWE-Commerzbank-vetropark-srednja-preduzeca-snabdevanje-zelena-energija.jpg","type":"image\/jpeg"}],"author":"Vladimir Spasi\u0107","twitter_card":"summary_large_image","twitter_misc":{"\u041d\u0430\u043f\u0438\u0441\u0430\u043d\u043e \u043e\u0434":"Vladimir Spasi\u0107","\u041f\u0440\u043e\u0446\u0435\u045a\u0435\u043d\u043e \u0432\u0440\u0435\u043c\u0435 \u0447\u0438\u0442\u0430\u045a\u0430":"2 \u043c\u0438\u043d\u0443\u0442\u0430"},"schema":{"@context":"https:\/\/schema.org","@graph":[{"@type":"Article","@id":"https:\/\/balkangreenenergynews.com\/rs\/nemacki-rwe-i-privreda-partneri-u-buducem-ofsor-vetroparku-od-1-gw\/#article","isPartOf":{"@id":"https:\/\/balkangreenenergynews.com\/rs\/nemacki-rwe-i-privreda-partneri-u-buducem-ofsor-vetroparku-od-1-gw\/"},"author":{"name":"Vladimir Spasi\u0107","@id":"https:\/\/balkangreenenergynews.com\/rs\/#\/schema\/person\/99dc721c46113fea22caffad06ef7317"},"headline":"Nema\u010dki RWE i privreda partneri u budu\u0107em of\u0161or vetroparku od 1 GW","datePublished":"2022-06-22T14:22:25+00:00","dateModified":"2022-06-23T10:02:50+00:00","mainEntityOfPage":{"@id":"https:\/\/balkangreenenergynews.com\/rs\/nemacki-rwe-i-privreda-partneri-u-buducem-ofsor-vetroparku-od-1-gw\/"},"wordCount":391,"commentCount":0,"image":{"@id":"https:\/\/balkangreenenergynews.com\/rs\/nemacki-rwe-i-privreda-partneri-u-buducem-ofsor-vetroparku-od-1-gw\/#primaryimage"},"thumbnailUrl":"https:\/\/balkangreenenergynews.com\/rs\/wp-content\/uploads\/2022\/06\/RWE-Commerzbank-vetropark-srednja-preduzeca-snabdevanje-zelena-energija.jpg?wsr","keywords":["energetska tranzicija","investicije","RWE","ugovori o otkupu elektri\u010dne energije","vetropark"],"articleSection":["Elektri\u010dna energija","Energetska kriza","OIE"],"inLanguage":"sr-RS","potentialAction":[{"@type":"CommentAction","name":"Comment","target":["https:\/\/balkangreenenergynews.com\/rs\/nemacki-rwe-i-privreda-partneri-u-buducem-ofsor-vetroparku-od-1-gw\/#respond"]}]},{"@type":"WebPage","@id":"https:\/\/balkangreenenergynews.com\/rs\/nemacki-rwe-i-privreda-partneri-u-buducem-ofsor-vetroparku-od-1-gw\/","url":"https:\/\/balkangreenenergynews.com\/rs\/nemacki-rwe-i-privreda-partneri-u-buducem-ofsor-vetroparku-od-1-gw\/","name":"Nema\u010dki RWE i privreda partneri u budu\u0107em of\u0161or vetroparku od 1 GW","isPartOf":{"@id":"https:\/\/balkangreenenergynews.com\/rs\/#website"},"primaryImageOfPage":{"@id":"https:\/\/balkangreenenergynews.com\/rs\/nemacki-rwe-i-privreda-partneri-u-buducem-ofsor-vetroparku-od-1-gw\/#primaryimage"},"image":{"@id":"https:\/\/balkangreenenergynews.com\/rs\/nemacki-rwe-i-privreda-partneri-u-buducem-ofsor-vetroparku-od-1-gw\/#primaryimage"},"thumbnailUrl":"https:\/\/balkangreenenergynews.com\/rs\/wp-content\/uploads\/2022\/06\/RWE-Commerzbank-vetropark-srednja-preduzeca-snabdevanje-zelena-energija.jpg?wsr","datePublished":"2022-06-22T14:22:25+00:00","dateModified":"2022-06-23T10:02:50+00:00","author":{"@id":"https:\/\/balkangreenenergynews.com\/rs\/#\/schema\/person\/99dc721c46113fea22caffad06ef7317"},"description":"RWE i Commerzbank ponudi\u0107e srednjim firmama da se direktno snabdevanju zelenom enegijom iz vetroparka snage jedan gigavat","breadcrumb":{"@id":"https:\/\/balkangreenenergynews.com\/rs\/nemacki-rwe-i-privreda-partneri-u-buducem-ofsor-vetroparku-od-1-gw\/#breadcrumb"},"inLanguage":"sr-RS","potentialAction":[{"@type":"ReadAction","target":["https:\/\/balkangreenenergynews.com\/rs\/nemacki-rwe-i-privreda-partneri-u-buducem-ofsor-vetroparku-od-1-gw\/"]}]},{"@type":"ImageObject","inLanguage":"sr-RS","@id":"https:\/\/balkangreenenergynews.com\/rs\/nemacki-rwe-i-privreda-partneri-u-buducem-ofsor-vetroparku-od-1-gw\/#primaryimage","url":"https:\/\/balkangreenenergynews.com\/rs\/wp-content\/uploads\/2022\/06\/RWE-Commerzbank-vetropark-srednja-preduzeca-snabdevanje-zelena-energija.jpg?wsr","contentUrl":"https:\/\/balkangreenenergynews.com\/rs\/wp-content\/uploads\/2022\/06\/RWE-Commerzbank-vetropark-srednja-preduzeca-snabdevanje-zelena-energija.jpg?wsr","width":840,"height":430,"caption":"RWE Commerzbank vetropark srednja preduzeca snabdevanje zelena energija"},{"@type":"BreadcrumbList","@id":"https:\/\/balkangreenenergynews.com\/rs\/nemacki-rwe-i-privreda-partneri-u-buducem-ofsor-vetroparku-od-1-gw\/#breadcrumb","itemListElement":[{"@type":"ListItem","position":1,"name":"Po\u010detna","item":"https:\/\/balkangreenenergynews.com\/rs\/"},{"@type":"ListItem","position":2,"name":"Vesti","item":"https:\/\/balkangreenenergynews.com\/rs\/kategorija\/vesti\/"},{"@type":"ListItem","position":3,"name":"OIE","item":"https:\/\/balkangreenenergynews.com\/rs\/kategorija\/vesti\/obnovljivi-izvori-energije\/"},{"@type":"ListItem","position":4,"name":"Nema\u010dki RWE i privreda partneri u budu\u0107em of\u0161or vetroparku od 1 GW"}]},{"@type":"WebSite","@id":"https:\/\/balkangreenenergynews.com\/rs\/#website","url":"https:\/\/balkangreenenergynews.com\/rs\/","name":"Balkan Green Energy News","description":"Naj\u0161iri izbor vesti sa Balkana o zelenoj energiji","potentialAction":[{"@type":"SearchAction","target":{"@type":"EntryPoint","urlTemplate":"https:\/\/balkangreenenergynews.com\/rs\/?s={search_term_string}"},"query-input":{"@type":"PropertyValueSpecification","valueRequired":true,"valueName":"search_term_string"}}],"inLanguage":"sr-RS"},{"@type":"Person","@id":"https:\/\/balkangreenenergynews.com\/rs\/#\/schema\/person\/99dc721c46113fea22caffad06ef7317","name":"Vladimir Spasi\u0107","url":"https:\/\/balkangreenenergynews.com\/rs\/author\/vladimir-spasic\/"}]}},"_links":{"self":[{"href":"https:\/\/balkangreenenergynews.com\/rs\/wp-json\/wp\/v2\/posts\/49677","targetHints":{"allow":["GET"]}}],"collection":[{"href":"https:\/\/balkangreenenergynews.com\/rs\/wp-json\/wp\/v2\/posts"}],"about":[{"href":"https:\/\/balkangreenenergynews.com\/rs\/wp-json\/wp\/v2\/types\/post"}],"author":[{"embeddable":true,"href":"https:\/\/balkangreenenergynews.com\/rs\/wp-json\/wp\/v2\/users\/23"}],"replies":[{"embeddable":true,"href":"https:\/\/balkangreenenergynews.com\/rs\/wp-json\/wp\/v2\/comments?post=49677"}],"version-history":[{"count":0,"href":"https:\/\/balkangreenenergynews.com\/rs\/wp-json\/wp\/v2\/posts\/49677\/revisions"}],"wp:featuredmedia":[{"embeddable":true,"href":"https:\/\/balkangreenenergynews.com\/rs\/wp-json\/wp\/v2\/media\/49679"}],"wp:attachment":[{"href":"https:\/\/balkangreenenergynews.com\/rs\/wp-json\/wp\/v2\/media?parent=49677"}],"wp:term":[{"taxonomy":"category","embeddable":true,"href":"https:\/\/balkangreenenergynews.com\/rs\/wp-json\/wp\/v2\/categories?post=49677"},{"taxonomy":"post_tag","embeddable":true,"href":"https:\/\/balkangreenenergynews.com\/rs\/wp-json\/wp\/v2\/tags?post=49677"}],"curies":[{"name":"wp","href":"https:\/\/api.w.org\/{rel}","templated":true}]}}