{"id":49172,"date":"2022-06-03T08:39:11","date_gmt":"2022-06-03T06:39:11","guid":{"rendered":"https:\/\/balkangreenenergynews.com\/rs\/?p=49172"},"modified":"2022-06-03T13:09:37","modified_gmt":"2022-06-03T11:09:37","slug":"cena-elektricne-energije-za-privredu-u-srbiji-ostaje-ista-do-kraja-avgusta","status":"publish","type":"post","link":"https:\/\/balkangreenenergynews.com\/rs\/cena-elektricne-energije-za-privredu-u-srbiji-ostaje-ista-do-kraja-avgusta\/","title":{"rendered":"Cena elektri\u010dne energije za privredu u Srbiji ostaje ista do kraja avgusta"},"content":{"rendered":"<h2>Cena elektri\u010dne energije za privredu, koju snabdeva Elektroprivreda Srbije (EPS), bi\u0107e ista i posle 30. juna &#8211; 75 evra za megavat-sat (MWh). Nepromenjena \u0107e ostati i cena za rezervno snabdevanje &#8211; 97,5 evra.<\/h2>\n<p>Vlada Srbije je odlu\u010dila da se nastavi zamrzavanje cena elektri\u010dne energije, s obzirom da je prema jo\u0161 va\u017ee\u0107oj odluci <a href=\"https:\/\/balkangreenenergynews.com\/rs\/cena-elektricne-energije-za-privredu-u-srbiji-fiksirana-na-75-evra-rezervno-snabdevanje-poskupelo\/\">cena bila ograni\u010dena na 75 evra<\/a> od 1. januara do 30. juna, i da se tako bori sa energetskom krizom u kojoj je cena u jednom trenutku dostigla \u010dak <a href=\"https:\/\/balkangreenenergynews.com\/rs\/rekordna-cena-elektricne-energije-na-seepex-u-540-evra-za-mwh\/\">540 evra<\/a>.<\/p>\n<p>Ina\u010de, EPS je pre nekoliko nedelja zbog zatra\u017eio poskupljenje struje od 20 do 40 odsto. Na to je Zorana Mihajlovi\u0107, ministarka rudarstva i energetike, <a href=\"https:\/\/balkangreenenergynews.com\/rs\/mihajlovic-realno-je-da-poskupi-elektricna-energija-za-domacinstva\/\">rekla<\/a> da bi to trebalo da se desi \u0161to pre, a predsednik Aleksandar Vu\u010di\u0107 da \u0107e struja poskupeti, ali ne odmah.<\/p>\n<p>Sada je Vlada Srbije saop\u0161tila da je u cilju za\u0161tite tr\u017ei\u0161ta, privrede i sigurnosti gra\u0111ana, donela odluku da od 1. jula do 31. avgusta 2022. godine cena struje kupcima na komercijalnom tr\u017ei\u0161tu bude 75 evra\/MWh bez PDV-a, saop\u0161tila je Vlada Srbije.<\/p>\n<blockquote><p>EPS je za isporuke posle 30. juna nudio cenu od 220 evra<\/p><\/blockquote>\n<p>Tako\u0111e se navodi da je imaju\u0107i u vidu drasti\u010dno poskupljenje elektri\u010dne energije na berzama u poslednjih nekoliko meseci, Vlada usvojila zaklju\u010dak kojim se EPS-u preporu\u010duje da se rezervno snabdevanje elektri\u010dnom energijom krajnjih kupaca, koji nemaju pravo na garantovano snabdevanje, u istom periodu obavlja po ceni od 97,50 evra\/MWh bez PDV-a, kako se ne bi ugrozilo poslovanje i privredni ambijent u Srbiji.<\/p>\n<p>Ina\u010de, trenutne cene na evropskim berzama kre\u0107u se od 140 do 250 evra po MWh, a u regionu jugoisto\u010dne Evrope od 160 do 190 evra.<\/p>\n<p>S obzirom da je vladina odluka o zamrzavanju cena do 30. juna uskoro trebala da istekne, kupci struje koji nisu doma\u0107instva ve\u0107 su krenuli u nabavku. Tako su pojedini fakulteti Univerziteta u Beogradu dobili ponudu EPS- za snabdevanje koja je iznosila 220 evra, \u0161to je tri puta vi\u0161e od dosada\u0161nje cene od 75.<\/p>\n<h3>Za neke pojeftinjenje, a za neke poskupljenje<\/h3>\n<p>Da podsetimo, prvu odluku da interveni\u0161e na tr\u017ei\u0161tu gde se cene formiraju slobodno dr\u017eava je <a href=\"https:\/\/balkangreenenergynews.com\/rs\/vlada-srbije-zamrzla-cene-elektricne-energije-za-privredu-u-novembru\/\">donela u novembru<\/a> kada je EPS-u nalo\u017eila da ne menja cene svima kojima ugovori isti\u010du u tom mesecu. Tada im je pretilo poskupljenje i do 135 odsto. Zatim je ista odluka <a href=\"https:\/\/balkangreenenergynews.com\/rs\/cene-elektricne-energije-za-privredu-u-srbiji-zamrznute-i-u-decembru\/\">produ\u017eena i na decembar<\/a>.<\/p>\n<p>Promena je napravljena za period 1. januar-30. jun ove godine kada je odlu\u010deno da cena za privredu bude 75 evra po MWh, kao i da se pove\u0107a cena za rezervno snabdevanje sa 67 na 97,5 evra.<\/p>\n<p>Fiksiranje cene na 75 evra za neke je zna\u010dilo pojeftinjenje, a za neke poskupljenje jer je pitanje po kojim cenama su se snabdevali pre 1. novembra odnosno do kraja decembra.<\/p>\n","protected":false},"excerpt":{"rendered":"<p>Vlada Srbije tako je odlu\u010dila da se nastavi zamrzavanje cena elektri\u010dne energije koje je trebalo da istekne 30. juna<\/p>\n","protected":false},"author":23,"featured_media":49173,"comment_status":"open","ping_status":"open","sticky":false,"template":"","format":"standard","meta":{"_acf_changed":false,"_monsterinsights_skip_tracking":false,"_monsterinsights_sitenote_active":false,"_monsterinsights_sitenote_note":"","_monsterinsights_sitenote_category":0,"footnotes":""},"categories":[504,6295],"tags":[2056,190],"class_list":["post-49172","post","type-post","status-publish","format-standard","has-post-thumbnail","hentry","category-elektricna-energija","category-energetska-kriza","tag-cena-elektricne-energije","tag-eps","country-srbija"],"acf":[],"yoast_head":"<!-- This site is optimized with the Yoast SEO plugin v27.4 - https:\/\/yoast.com\/product\/yoast-seo-wordpress\/ -->\n<title>Cena elektri\u010dne energije za privredu u Srbiji ostaje ista do kraja avgusta<\/title>\n<meta name=\"description\" content=\"Vlada Srbije tako je odlu\u010dila da se nastavi zamrzavanje cena elektri\u010dne energije koje je trebalo da istekne 30. juna\" \/>\n<meta name=\"robots\" content=\"index, follow, max-snippet:-1, max-image-preview:large, max-video-preview:-1\" \/>\n<link rel=\"canonical\" href=\"https:\/\/balkangreenenergynews.com\/rs\/cena-elektricne-energije-za-privredu-u-srbiji-ostaje-ista-do-kraja-avgusta\/\" \/>\n<meta property=\"og:locale\" content=\"sr_RS\" \/>\n<meta property=\"og:type\" content=\"article\" \/>\n<meta property=\"og:title\" content=\"Cena elektri\u010dne energije za privredu u Srbiji ostaje ista do kraja avgusta\" \/>\n<meta property=\"og:description\" content=\"Vlada Srbije tako je odlu\u010dila da se nastavi zamrzavanje cena elektri\u010dne energije koje je trebalo da istekne 30. juna\" \/>\n<meta property=\"og:url\" content=\"https:\/\/balkangreenenergynews.com\/rs\/cena-elektricne-energije-za-privredu-u-srbiji-ostaje-ista-do-kraja-avgusta\/\" \/>\n<meta property=\"og:site_name\" content=\"Balkan Green Energy News\" \/>\n<meta property=\"article:published_time\" content=\"2022-06-03T06:39:11+00:00\" \/>\n<meta property=\"article:modified_time\" content=\"2022-06-03T11:09:37+00:00\" \/>\n<meta property=\"og:image\" content=\"https:\/\/balkangreenenergynews.com\/rs\/wp-content\/uploads\/2022\/06\/struja-cena-poskupljenje-privreda-vlada-srbije.jpg\" \/>\n\t<meta property=\"og:image:width\" content=\"840\" \/>\n\t<meta property=\"og:image:height\" content=\"430\" \/>\n\t<meta property=\"og:image:type\" content=\"image\/jpeg\" \/>\n<meta name=\"author\" content=\"Vladimir Spasi\u0107\" \/>\n<meta name=\"twitter:card\" content=\"summary_large_image\" \/>\n<meta name=\"twitter:label1\" content=\"\u041d\u0430\u043f\u0438\u0441\u0430\u043d\u043e \u043e\u0434\" \/>\n\t<meta name=\"twitter:data1\" content=\"Vladimir Spasi\u0107\" \/>\n\t<meta name=\"twitter:label2\" content=\"\u041f\u0440\u043e\u0446\u0435\u045a\u0435\u043d\u043e \u0432\u0440\u0435\u043c\u0435 \u0447\u0438\u0442\u0430\u045a\u0430\" \/>\n\t<meta name=\"twitter:data2\" content=\"3 \u043c\u0438\u043d\u0443\u0442\u0430\" \/>\n<script type=\"application\/ld+json\" class=\"yoast-schema-graph\">{\"@context\":\"https:\\\/\\\/schema.org\",\"@graph\":[{\"@type\":\"Article\",\"@id\":\"https:\\\/\\\/balkangreenenergynews.com\\\/rs\\\/cena-elektricne-energije-za-privredu-u-srbiji-ostaje-ista-do-kraja-avgusta\\\/#article\",\"isPartOf\":{\"@id\":\"https:\\\/\\\/balkangreenenergynews.com\\\/rs\\\/cena-elektricne-energije-za-privredu-u-srbiji-ostaje-ista-do-kraja-avgusta\\\/\"},\"author\":{\"name\":\"Vladimir Spasi\u0107\",\"@id\":\"https:\\\/\\\/balkangreenenergynews.com\\\/rs\\\/#\\\/schema\\\/person\\\/99dc721c46113fea22caffad06ef7317\"},\"headline\":\"Cena elektri\u010dne energije za privredu u Srbiji ostaje ista do kraja avgusta\",\"datePublished\":\"2022-06-03T06:39:11+00:00\",\"dateModified\":\"2022-06-03T11:09:37+00:00\",\"mainEntityOfPage\":{\"@id\":\"https:\\\/\\\/balkangreenenergynews.com\\\/rs\\\/cena-elektricne-energije-za-privredu-u-srbiji-ostaje-ista-do-kraja-avgusta\\\/\"},\"wordCount\":469,\"commentCount\":0,\"image\":{\"@id\":\"https:\\\/\\\/balkangreenenergynews.com\\\/rs\\\/cena-elektricne-energije-za-privredu-u-srbiji-ostaje-ista-do-kraja-avgusta\\\/#primaryimage\"},\"thumbnailUrl\":\"https:\\\/\\\/balkangreenenergynews.com\\\/rs\\\/wp-content\\\/uploads\\\/2022\\\/06\\\/struja-cena-poskupljenje-privreda-vlada-srbije.jpg?wsr\",\"keywords\":[\"cena elektri\u010dne energije\",\"EPS\"],\"articleSection\":[\"Elektri\u010dna energija\",\"Energetska kriza\"],\"inLanguage\":\"sr-RS\",\"potentialAction\":[{\"@type\":\"CommentAction\",\"name\":\"Comment\",\"target\":[\"https:\\\/\\\/balkangreenenergynews.com\\\/rs\\\/cena-elektricne-energije-za-privredu-u-srbiji-ostaje-ista-do-kraja-avgusta\\\/#respond\"]}]},{\"@type\":\"WebPage\",\"@id\":\"https:\\\/\\\/balkangreenenergynews.com\\\/rs\\\/cena-elektricne-energije-za-privredu-u-srbiji-ostaje-ista-do-kraja-avgusta\\\/\",\"url\":\"https:\\\/\\\/balkangreenenergynews.com\\\/rs\\\/cena-elektricne-energije-za-privredu-u-srbiji-ostaje-ista-do-kraja-avgusta\\\/\",\"name\":\"Cena elektri\u010dne energije za privredu u Srbiji ostaje ista do kraja avgusta\",\"isPartOf\":{\"@id\":\"https:\\\/\\\/balkangreenenergynews.com\\\/rs\\\/#website\"},\"primaryImageOfPage\":{\"@id\":\"https:\\\/\\\/balkangreenenergynews.com\\\/rs\\\/cena-elektricne-energije-za-privredu-u-srbiji-ostaje-ista-do-kraja-avgusta\\\/#primaryimage\"},\"image\":{\"@id\":\"https:\\\/\\\/balkangreenenergynews.com\\\/rs\\\/cena-elektricne-energije-za-privredu-u-srbiji-ostaje-ista-do-kraja-avgusta\\\/#primaryimage\"},\"thumbnailUrl\":\"https:\\\/\\\/balkangreenenergynews.com\\\/rs\\\/wp-content\\\/uploads\\\/2022\\\/06\\\/struja-cena-poskupljenje-privreda-vlada-srbije.jpg?wsr\",\"datePublished\":\"2022-06-03T06:39:11+00:00\",\"dateModified\":\"2022-06-03T11:09:37+00:00\",\"author\":{\"@id\":\"https:\\\/\\\/balkangreenenergynews.com\\\/rs\\\/#\\\/schema\\\/person\\\/99dc721c46113fea22caffad06ef7317\"},\"description\":\"Vlada Srbije tako je odlu\u010dila da se nastavi zamrzavanje cena elektri\u010dne energije koje je trebalo da istekne 30. juna\",\"breadcrumb\":{\"@id\":\"https:\\\/\\\/balkangreenenergynews.com\\\/rs\\\/cena-elektricne-energije-za-privredu-u-srbiji-ostaje-ista-do-kraja-avgusta\\\/#breadcrumb\"},\"inLanguage\":\"sr-RS\",\"potentialAction\":[{\"@type\":\"ReadAction\",\"target\":[\"https:\\\/\\\/balkangreenenergynews.com\\\/rs\\\/cena-elektricne-energije-za-privredu-u-srbiji-ostaje-ista-do-kraja-avgusta\\\/\"]}]},{\"@type\":\"ImageObject\",\"inLanguage\":\"sr-RS\",\"@id\":\"https:\\\/\\\/balkangreenenergynews.com\\\/rs\\\/cena-elektricne-energije-za-privredu-u-srbiji-ostaje-ista-do-kraja-avgusta\\\/#primaryimage\",\"url\":\"https:\\\/\\\/balkangreenenergynews.com\\\/rs\\\/wp-content\\\/uploads\\\/2022\\\/06\\\/struja-cena-poskupljenje-privreda-vlada-srbije.jpg?wsr\",\"contentUrl\":\"https:\\\/\\\/balkangreenenergynews.com\\\/rs\\\/wp-content\\\/uploads\\\/2022\\\/06\\\/struja-cena-poskupljenje-privreda-vlada-srbije.jpg?wsr\",\"width\":840,\"height\":430,\"caption\":\"struja cena poskupljenje privreda vlada srbije\"},{\"@type\":\"BreadcrumbList\",\"@id\":\"https:\\\/\\\/balkangreenenergynews.com\\\/rs\\\/cena-elektricne-energije-za-privredu-u-srbiji-ostaje-ista-do-kraja-avgusta\\\/#breadcrumb\",\"itemListElement\":[{\"@type\":\"ListItem\",\"position\":1,\"name\":\"Po\u010detna\",\"item\":\"https:\\\/\\\/balkangreenenergynews.com\\\/rs\\\/\"},{\"@type\":\"ListItem\",\"position\":2,\"name\":\"Energetska kriza\",\"item\":\"https:\\\/\\\/balkangreenenergynews.com\\\/rs\\\/kategorija\\\/energetska-kriza\\\/\"},{\"@type\":\"ListItem\",\"position\":3,\"name\":\"Cena elektri\u010dne energije za privredu u Srbiji ostaje ista do kraja avgusta\"}]},{\"@type\":\"WebSite\",\"@id\":\"https:\\\/\\\/balkangreenenergynews.com\\\/rs\\\/#website\",\"url\":\"https:\\\/\\\/balkangreenenergynews.com\\\/rs\\\/\",\"name\":\"Balkan Green Energy News\",\"description\":\"Naj\u0161iri izbor vesti sa Balkana o zelenoj energiji\",\"potentialAction\":[{\"@type\":\"SearchAction\",\"target\":{\"@type\":\"EntryPoint\",\"urlTemplate\":\"https:\\\/\\\/balkangreenenergynews.com\\\/rs\\\/?s={search_term_string}\"},\"query-input\":{\"@type\":\"PropertyValueSpecification\",\"valueRequired\":true,\"valueName\":\"search_term_string\"}}],\"inLanguage\":\"sr-RS\"},{\"@type\":\"Person\",\"@id\":\"https:\\\/\\\/balkangreenenergynews.com\\\/rs\\\/#\\\/schema\\\/person\\\/99dc721c46113fea22caffad06ef7317\",\"name\":\"Vladimir Spasi\u0107\",\"url\":\"https:\\\/\\\/balkangreenenergynews.com\\\/rs\\\/author\\\/vladimir-spasic\\\/\"}]}<\/script>\n<!-- \/ Yoast SEO plugin. -->","yoast_head_json":{"title":"Cena elektri\u010dne energije za privredu u Srbiji ostaje ista do kraja avgusta","description":"Vlada Srbije tako je odlu\u010dila da se nastavi zamrzavanje cena elektri\u010dne energije koje je trebalo da istekne 30. juna","robots":{"index":"index","follow":"follow","max-snippet":"max-snippet:-1","max-image-preview":"max-image-preview:large","max-video-preview":"max-video-preview:-1"},"canonical":"https:\/\/balkangreenenergynews.com\/rs\/cena-elektricne-energije-za-privredu-u-srbiji-ostaje-ista-do-kraja-avgusta\/","og_locale":"sr_RS","og_type":"article","og_title":"Cena elektri\u010dne energije za privredu u Srbiji ostaje ista do kraja avgusta","og_description":"Vlada Srbije tako je odlu\u010dila da se nastavi zamrzavanje cena elektri\u010dne energije koje je trebalo da istekne 30. juna","og_url":"https:\/\/balkangreenenergynews.com\/rs\/cena-elektricne-energije-za-privredu-u-srbiji-ostaje-ista-do-kraja-avgusta\/","og_site_name":"Balkan Green Energy News","article_published_time":"2022-06-03T06:39:11+00:00","article_modified_time":"2022-06-03T11:09:37+00:00","og_image":[{"width":840,"height":430,"url":"https:\/\/balkangreenenergynews.com\/rs\/wp-content\/uploads\/2022\/06\/struja-cena-poskupljenje-privreda-vlada-srbije.jpg","type":"image\/jpeg"}],"author":"Vladimir Spasi\u0107","twitter_card":"summary_large_image","twitter_misc":{"\u041d\u0430\u043f\u0438\u0441\u0430\u043d\u043e \u043e\u0434":"Vladimir Spasi\u0107","\u041f\u0440\u043e\u0446\u0435\u045a\u0435\u043d\u043e \u0432\u0440\u0435\u043c\u0435 \u0447\u0438\u0442\u0430\u045a\u0430":"3 \u043c\u0438\u043d\u0443\u0442\u0430"},"schema":{"@context":"https:\/\/schema.org","@graph":[{"@type":"Article","@id":"https:\/\/balkangreenenergynews.com\/rs\/cena-elektricne-energije-za-privredu-u-srbiji-ostaje-ista-do-kraja-avgusta\/#article","isPartOf":{"@id":"https:\/\/balkangreenenergynews.com\/rs\/cena-elektricne-energije-za-privredu-u-srbiji-ostaje-ista-do-kraja-avgusta\/"},"author":{"name":"Vladimir Spasi\u0107","@id":"https:\/\/balkangreenenergynews.com\/rs\/#\/schema\/person\/99dc721c46113fea22caffad06ef7317"},"headline":"Cena elektri\u010dne energije za privredu u Srbiji ostaje ista do kraja avgusta","datePublished":"2022-06-03T06:39:11+00:00","dateModified":"2022-06-03T11:09:37+00:00","mainEntityOfPage":{"@id":"https:\/\/balkangreenenergynews.com\/rs\/cena-elektricne-energije-za-privredu-u-srbiji-ostaje-ista-do-kraja-avgusta\/"},"wordCount":469,"commentCount":0,"image":{"@id":"https:\/\/balkangreenenergynews.com\/rs\/cena-elektricne-energije-za-privredu-u-srbiji-ostaje-ista-do-kraja-avgusta\/#primaryimage"},"thumbnailUrl":"https:\/\/balkangreenenergynews.com\/rs\/wp-content\/uploads\/2022\/06\/struja-cena-poskupljenje-privreda-vlada-srbije.jpg?wsr","keywords":["cena elektri\u010dne energije","EPS"],"articleSection":["Elektri\u010dna energija","Energetska kriza"],"inLanguage":"sr-RS","potentialAction":[{"@type":"CommentAction","name":"Comment","target":["https:\/\/balkangreenenergynews.com\/rs\/cena-elektricne-energije-za-privredu-u-srbiji-ostaje-ista-do-kraja-avgusta\/#respond"]}]},{"@type":"WebPage","@id":"https:\/\/balkangreenenergynews.com\/rs\/cena-elektricne-energije-za-privredu-u-srbiji-ostaje-ista-do-kraja-avgusta\/","url":"https:\/\/balkangreenenergynews.com\/rs\/cena-elektricne-energije-za-privredu-u-srbiji-ostaje-ista-do-kraja-avgusta\/","name":"Cena elektri\u010dne energije za privredu u Srbiji ostaje ista do kraja avgusta","isPartOf":{"@id":"https:\/\/balkangreenenergynews.com\/rs\/#website"},"primaryImageOfPage":{"@id":"https:\/\/balkangreenenergynews.com\/rs\/cena-elektricne-energije-za-privredu-u-srbiji-ostaje-ista-do-kraja-avgusta\/#primaryimage"},"image":{"@id":"https:\/\/balkangreenenergynews.com\/rs\/cena-elektricne-energije-za-privredu-u-srbiji-ostaje-ista-do-kraja-avgusta\/#primaryimage"},"thumbnailUrl":"https:\/\/balkangreenenergynews.com\/rs\/wp-content\/uploads\/2022\/06\/struja-cena-poskupljenje-privreda-vlada-srbije.jpg?wsr","datePublished":"2022-06-03T06:39:11+00:00","dateModified":"2022-06-03T11:09:37+00:00","author":{"@id":"https:\/\/balkangreenenergynews.com\/rs\/#\/schema\/person\/99dc721c46113fea22caffad06ef7317"},"description":"Vlada Srbije tako je odlu\u010dila da se nastavi zamrzavanje cena elektri\u010dne energije koje je trebalo da istekne 30. juna","breadcrumb":{"@id":"https:\/\/balkangreenenergynews.com\/rs\/cena-elektricne-energije-za-privredu-u-srbiji-ostaje-ista-do-kraja-avgusta\/#breadcrumb"},"inLanguage":"sr-RS","potentialAction":[{"@type":"ReadAction","target":["https:\/\/balkangreenenergynews.com\/rs\/cena-elektricne-energije-za-privredu-u-srbiji-ostaje-ista-do-kraja-avgusta\/"]}]},{"@type":"ImageObject","inLanguage":"sr-RS","@id":"https:\/\/balkangreenenergynews.com\/rs\/cena-elektricne-energije-za-privredu-u-srbiji-ostaje-ista-do-kraja-avgusta\/#primaryimage","url":"https:\/\/balkangreenenergynews.com\/rs\/wp-content\/uploads\/2022\/06\/struja-cena-poskupljenje-privreda-vlada-srbije.jpg?wsr","contentUrl":"https:\/\/balkangreenenergynews.com\/rs\/wp-content\/uploads\/2022\/06\/struja-cena-poskupljenje-privreda-vlada-srbije.jpg?wsr","width":840,"height":430,"caption":"struja cena poskupljenje privreda vlada srbije"},{"@type":"BreadcrumbList","@id":"https:\/\/balkangreenenergynews.com\/rs\/cena-elektricne-energije-za-privredu-u-srbiji-ostaje-ista-do-kraja-avgusta\/#breadcrumb","itemListElement":[{"@type":"ListItem","position":1,"name":"Po\u010detna","item":"https:\/\/balkangreenenergynews.com\/rs\/"},{"@type":"ListItem","position":2,"name":"Energetska kriza","item":"https:\/\/balkangreenenergynews.com\/rs\/kategorija\/energetska-kriza\/"},{"@type":"ListItem","position":3,"name":"Cena elektri\u010dne energije za privredu u Srbiji ostaje ista do kraja avgusta"}]},{"@type":"WebSite","@id":"https:\/\/balkangreenenergynews.com\/rs\/#website","url":"https:\/\/balkangreenenergynews.com\/rs\/","name":"Balkan Green Energy News","description":"Naj\u0161iri izbor vesti sa Balkana o zelenoj energiji","potentialAction":[{"@type":"SearchAction","target":{"@type":"EntryPoint","urlTemplate":"https:\/\/balkangreenenergynews.com\/rs\/?s={search_term_string}"},"query-input":{"@type":"PropertyValueSpecification","valueRequired":true,"valueName":"search_term_string"}}],"inLanguage":"sr-RS"},{"@type":"Person","@id":"https:\/\/balkangreenenergynews.com\/rs\/#\/schema\/person\/99dc721c46113fea22caffad06ef7317","name":"Vladimir Spasi\u0107","url":"https:\/\/balkangreenenergynews.com\/rs\/author\/vladimir-spasic\/"}]}},"_links":{"self":[{"href":"https:\/\/balkangreenenergynews.com\/rs\/wp-json\/wp\/v2\/posts\/49172","targetHints":{"allow":["GET"]}}],"collection":[{"href":"https:\/\/balkangreenenergynews.com\/rs\/wp-json\/wp\/v2\/posts"}],"about":[{"href":"https:\/\/balkangreenenergynews.com\/rs\/wp-json\/wp\/v2\/types\/post"}],"author":[{"embeddable":true,"href":"https:\/\/balkangreenenergynews.com\/rs\/wp-json\/wp\/v2\/users\/23"}],"replies":[{"embeddable":true,"href":"https:\/\/balkangreenenergynews.com\/rs\/wp-json\/wp\/v2\/comments?post=49172"}],"version-history":[{"count":0,"href":"https:\/\/balkangreenenergynews.com\/rs\/wp-json\/wp\/v2\/posts\/49172\/revisions"}],"wp:featuredmedia":[{"embeddable":true,"href":"https:\/\/balkangreenenergynews.com\/rs\/wp-json\/wp\/v2\/media\/49173"}],"wp:attachment":[{"href":"https:\/\/balkangreenenergynews.com\/rs\/wp-json\/wp\/v2\/media?parent=49172"}],"wp:term":[{"taxonomy":"category","embeddable":true,"href":"https:\/\/balkangreenenergynews.com\/rs\/wp-json\/wp\/v2\/categories?post=49172"},{"taxonomy":"post_tag","embeddable":true,"href":"https:\/\/balkangreenenergynews.com\/rs\/wp-json\/wp\/v2\/tags?post=49172"}],"curies":[{"name":"wp","href":"https:\/\/api.w.org\/{rel}","templated":true}]}}