{"id":49128,"date":"2022-06-01T15:22:32","date_gmt":"2022-06-01T13:22:32","guid":{"rendered":"https:\/\/balkangreenenergynews.com\/rs\/?p=49128"},"modified":"2022-06-07T16:21:18","modified_gmt":"2022-06-07T14:21:18","slug":"solarni-paneli-i-na-zgradi-televizije-hrt","status":"publish","type":"post","link":"https:\/\/balkangreenenergynews.com\/rs\/solarni-paneli-i-na-zgradi-televizije-hrt\/","title":{"rendered":"Solarni paneli i na zgradi televizije HRT"},"content":{"rendered":"<h2 style=\"text-align: left;\">Hrvatska radiotelevizija (HRT) instalira\u0107e solarnu elektranu snage 1-1,5 megavata na krovovima i nadstre\u0161nicama parkinga i tako postati prva televizija u regionu koja sama proizvodi energiju koju tro\u0161i. HRT se priklju\u010duje solarnom bumu u regionu i \u0161alje poruku da proizvodnjom energije za sopstvenu potro\u0161nju ne moraju da se bave samo doma\u0107instva ili klasi\u010dne proizvodne firme.<\/h2>\n<p>Hrvatska radiotelevizija (HRT) i Regionalna energetska agencija Sjeverozapadne Hrvatske (REGEA) potpisali su sporazum na osnovu kojeg \u0107e ova agencija pru\u017eiti tehni\u010dku pomo\u0107 dr\u017eavnoj televiziji da izgradi krovne solarne elektrane. Re\u010d je o izradi studije za\u00a0 solarne elektrane na Prisavlju, a tender za izbor izvo\u0111a\u010da radova trebalo bi da bude raspisan do kraja godine.<\/p>\n<blockquote><p>Solarni paneli \u0107e doprineti finansijskoj odr\u017eivosti HRT-a<\/p><\/blockquote>\n<p>Julije Domac, direktor agencije REGEA, rekao je da se ovim sporazumom pokazuje konkretna namera da se uti\u010de na klimatske promene u delu u kojem HRT to mo\u017ee, na krovovima i na nadstre\u0161nicama parkinga HRT-a.<\/p>\n<p>Domac isti\u010de da \u0107e se na ovaj na\u010din doprineti i finansijskoj odr\u017eivosti HRT-a koji \u0107e imati jeftiniju elektri\u010dnu energiju.<br \/>\nOno \u0161to je mo\u017eda va\u017enije od tih kilovat-sati koji \u0107e biti proizvedeni je poruka koju \u0161aljemo sa HRT-a, a to je poruka odr\u017eivosti i odgovornosti prema vlastitoj energiji i obnovljivim izvorima energije kojima je Hrvatska izuzetno bogata, rekao je Domac, preneo je HRT.<\/p>\n<p>Opcija za finansiranje je i.WSCO<\/p>\n<p>U ime HRT-a sporazum je potpisao direktor Robert \u0160veb, koji je rekao da tranzicija ka obnovljivim izvorima energije nema alternativu.<\/p>\n<p>HRT \u017eeli da na ovaj na\u010din podstakne i ostale institucije, ali i gra\u0111ane Hrvatske da se pridru\u017ee kako bi svi zajedno dali doprinos u smanjenju emisija gasova sa efektomstaklene ba\u0161te, dodao je on.<br \/>\n\u0160veb je istakao da je namera HRT-a da instalaciju finansira iz fondova EU ili kroz ESCO model.<\/p>\n","protected":false},"excerpt":{"rendered":"<p>Hrvatska radiotelevizija \u0107e u pripremi projekta imati pomo\u0107 Regionalne energetske agencije Sjeverozapadne Hrvatske (REGEA)<\/p>\n","protected":false},"author":23,"featured_media":49143,"comment_status":"open","ping_status":"open","sticky":false,"template":"","format":"standard","meta":{"_acf_changed":false,"_monsterinsights_skip_tracking":false,"_monsterinsights_sitenote_active":false,"_monsterinsights_sitenote_note":"","_monsterinsights_sitenote_category":0,"footnotes":""},"categories":[504,1],"tags":[194,652,6144,370,1890],"class_list":["post-49128","post","type-post","status-publish","format-standard","has-post-thumbnail","hentry","category-elektricna-energija","category-obnovljivi-izvori-energije","tag-esco","tag-investicije","tag-julije-domac","tag-regea","tag-solarne-elektrane","country-hrvatska"],"acf":[],"yoast_head":"<!-- This site is optimized with the Yoast SEO plugin v27.4 - https:\/\/yoast.com\/product\/yoast-seo-wordpress\/ -->\n<title>Solarni paneli i na zgradi televizije HRT<\/title>\n<meta name=\"description\" content=\"Hrvatska radiotelevizija \u0107e u pripremi projekta imati pomo\u0107 Regionalne energetske agencije Sjeverozapadne Hrvatske (REGEA)\" \/>\n<meta name=\"robots\" content=\"index, follow, max-snippet:-1, max-image-preview:large, max-video-preview:-1\" \/>\n<link rel=\"canonical\" href=\"https:\/\/balkangreenenergynews.com\/rs\/solarni-paneli-i-na-zgradi-televizije-hrt\/\" \/>\n<meta property=\"og:locale\" content=\"sr_RS\" \/>\n<meta property=\"og:type\" content=\"article\" \/>\n<meta property=\"og:title\" content=\"Solarni paneli i na zgradi televizije HRT\" \/>\n<meta property=\"og:description\" content=\"Hrvatska radiotelevizija \u0107e u pripremi projekta imati pomo\u0107 Regionalne energetske agencije Sjeverozapadne Hrvatske (REGEA)\" \/>\n<meta property=\"og:url\" content=\"https:\/\/balkangreenenergynews.com\/rs\/solarni-paneli-i-na-zgradi-televizije-hrt\/\" \/>\n<meta property=\"og:site_name\" content=\"Balkan Green Energy News\" \/>\n<meta property=\"article:published_time\" content=\"2022-06-01T13:22:32+00:00\" \/>\n<meta property=\"article:modified_time\" content=\"2022-06-07T14:21:18+00:00\" \/>\n<meta property=\"og:image\" content=\"https:\/\/balkangreenenergynews.com\/rs\/wp-content\/uploads\/2022\/06\/Solarni-paneli-i-na-zgradi-televizije-HRT.jpg\" \/>\n\t<meta property=\"og:image:width\" content=\"840\" \/>\n\t<meta property=\"og:image:height\" content=\"430\" \/>\n\t<meta property=\"og:image:type\" content=\"image\/jpeg\" \/>\n<meta name=\"author\" content=\"Vladimir Spasi\u0107\" \/>\n<meta name=\"twitter:card\" content=\"summary_large_image\" \/>\n<meta name=\"twitter:label1\" content=\"\u041d\u0430\u043f\u0438\u0441\u0430\u043d\u043e \u043e\u0434\" \/>\n\t<meta name=\"twitter:data1\" content=\"Vladimir Spasi\u0107\" \/>\n\t<meta name=\"twitter:label2\" content=\"\u041f\u0440\u043e\u0446\u0435\u045a\u0435\u043d\u043e \u0432\u0440\u0435\u043c\u0435 \u0447\u0438\u0442\u0430\u045a\u0430\" \/>\n\t<meta name=\"twitter:data2\" content=\"2 \u043c\u0438\u043d\u0443\u0442\u0430\" \/>\n<script type=\"application\/ld+json\" class=\"yoast-schema-graph\">{\"@context\":\"https:\\\/\\\/schema.org\",\"@graph\":[{\"@type\":\"Article\",\"@id\":\"https:\\\/\\\/balkangreenenergynews.com\\\/rs\\\/solarni-paneli-i-na-zgradi-televizije-hrt\\\/#article\",\"isPartOf\":{\"@id\":\"https:\\\/\\\/balkangreenenergynews.com\\\/rs\\\/solarni-paneli-i-na-zgradi-televizije-hrt\\\/\"},\"author\":{\"name\":\"Vladimir Spasi\u0107\",\"@id\":\"https:\\\/\\\/balkangreenenergynews.com\\\/rs\\\/#\\\/schema\\\/person\\\/99dc721c46113fea22caffad06ef7317\"},\"headline\":\"Solarni paneli i na zgradi televizije HRT\",\"datePublished\":\"2022-06-01T13:22:32+00:00\",\"dateModified\":\"2022-06-07T14:21:18+00:00\",\"mainEntityOfPage\":{\"@id\":\"https:\\\/\\\/balkangreenenergynews.com\\\/rs\\\/solarni-paneli-i-na-zgradi-televizije-hrt\\\/\"},\"wordCount\":320,\"commentCount\":0,\"image\":{\"@id\":\"https:\\\/\\\/balkangreenenergynews.com\\\/rs\\\/solarni-paneli-i-na-zgradi-televizije-hrt\\\/#primaryimage\"},\"thumbnailUrl\":\"https:\\\/\\\/balkangreenenergynews.com\\\/rs\\\/wp-content\\\/uploads\\\/2022\\\/06\\\/Solarni-paneli-i-na-zgradi-televizije-HRT.jpg?wsr\",\"keywords\":[\"ESCO\",\"investicije\",\"Julije Domac\",\"REGEA\",\"solarne elektrane\"],\"articleSection\":[\"Elektri\u010dna energija\",\"OIE\"],\"inLanguage\":\"sr-RS\",\"potentialAction\":[{\"@type\":\"CommentAction\",\"name\":\"Comment\",\"target\":[\"https:\\\/\\\/balkangreenenergynews.com\\\/rs\\\/solarni-paneli-i-na-zgradi-televizije-hrt\\\/#respond\"]}]},{\"@type\":\"WebPage\",\"@id\":\"https:\\\/\\\/balkangreenenergynews.com\\\/rs\\\/solarni-paneli-i-na-zgradi-televizije-hrt\\\/\",\"url\":\"https:\\\/\\\/balkangreenenergynews.com\\\/rs\\\/solarni-paneli-i-na-zgradi-televizije-hrt\\\/\",\"name\":\"Solarni paneli i na zgradi televizije HRT\",\"isPartOf\":{\"@id\":\"https:\\\/\\\/balkangreenenergynews.com\\\/rs\\\/#website\"},\"primaryImageOfPage\":{\"@id\":\"https:\\\/\\\/balkangreenenergynews.com\\\/rs\\\/solarni-paneli-i-na-zgradi-televizije-hrt\\\/#primaryimage\"},\"image\":{\"@id\":\"https:\\\/\\\/balkangreenenergynews.com\\\/rs\\\/solarni-paneli-i-na-zgradi-televizije-hrt\\\/#primaryimage\"},\"thumbnailUrl\":\"https:\\\/\\\/balkangreenenergynews.com\\\/rs\\\/wp-content\\\/uploads\\\/2022\\\/06\\\/Solarni-paneli-i-na-zgradi-televizije-HRT.jpg?wsr\",\"datePublished\":\"2022-06-01T13:22:32+00:00\",\"dateModified\":\"2022-06-07T14:21:18+00:00\",\"author\":{\"@id\":\"https:\\\/\\\/balkangreenenergynews.com\\\/rs\\\/#\\\/schema\\\/person\\\/99dc721c46113fea22caffad06ef7317\"},\"description\":\"Hrvatska radiotelevizija \u0107e u pripremi projekta imati pomo\u0107 Regionalne energetske agencije Sjeverozapadne Hrvatske (REGEA)\",\"breadcrumb\":{\"@id\":\"https:\\\/\\\/balkangreenenergynews.com\\\/rs\\\/solarni-paneli-i-na-zgradi-televizije-hrt\\\/#breadcrumb\"},\"inLanguage\":\"sr-RS\",\"potentialAction\":[{\"@type\":\"ReadAction\",\"target\":[\"https:\\\/\\\/balkangreenenergynews.com\\\/rs\\\/solarni-paneli-i-na-zgradi-televizije-hrt\\\/\"]}]},{\"@type\":\"ImageObject\",\"inLanguage\":\"sr-RS\",\"@id\":\"https:\\\/\\\/balkangreenenergynews.com\\\/rs\\\/solarni-paneli-i-na-zgradi-televizije-hrt\\\/#primaryimage\",\"url\":\"https:\\\/\\\/balkangreenenergynews.com\\\/rs\\\/wp-content\\\/uploads\\\/2022\\\/06\\\/Solarni-paneli-i-na-zgradi-televizije-HRT.jpg?wsr\",\"contentUrl\":\"https:\\\/\\\/balkangreenenergynews.com\\\/rs\\\/wp-content\\\/uploads\\\/2022\\\/06\\\/Solarni-paneli-i-na-zgradi-televizije-HRT.jpg?wsr\",\"width\":840,\"height\":430},{\"@type\":\"BreadcrumbList\",\"@id\":\"https:\\\/\\\/balkangreenenergynews.com\\\/rs\\\/solarni-paneli-i-na-zgradi-televizije-hrt\\\/#breadcrumb\",\"itemListElement\":[{\"@type\":\"ListItem\",\"position\":1,\"name\":\"Po\u010detna\",\"item\":\"https:\\\/\\\/balkangreenenergynews.com\\\/rs\\\/\"},{\"@type\":\"ListItem\",\"position\":2,\"name\":\"Vesti\",\"item\":\"https:\\\/\\\/balkangreenenergynews.com\\\/rs\\\/kategorija\\\/vesti\\\/\"},{\"@type\":\"ListItem\",\"position\":3,\"name\":\"OIE\",\"item\":\"https:\\\/\\\/balkangreenenergynews.com\\\/rs\\\/kategorija\\\/vesti\\\/obnovljivi-izvori-energije\\\/\"},{\"@type\":\"ListItem\",\"position\":4,\"name\":\"Solarni paneli i na zgradi televizije HRT\"}]},{\"@type\":\"WebSite\",\"@id\":\"https:\\\/\\\/balkangreenenergynews.com\\\/rs\\\/#website\",\"url\":\"https:\\\/\\\/balkangreenenergynews.com\\\/rs\\\/\",\"name\":\"Balkan Green Energy News\",\"description\":\"Naj\u0161iri izbor vesti sa Balkana o zelenoj energiji\",\"potentialAction\":[{\"@type\":\"SearchAction\",\"target\":{\"@type\":\"EntryPoint\",\"urlTemplate\":\"https:\\\/\\\/balkangreenenergynews.com\\\/rs\\\/?s={search_term_string}\"},\"query-input\":{\"@type\":\"PropertyValueSpecification\",\"valueRequired\":true,\"valueName\":\"search_term_string\"}}],\"inLanguage\":\"sr-RS\"},{\"@type\":\"Person\",\"@id\":\"https:\\\/\\\/balkangreenenergynews.com\\\/rs\\\/#\\\/schema\\\/person\\\/99dc721c46113fea22caffad06ef7317\",\"name\":\"Vladimir Spasi\u0107\",\"url\":\"https:\\\/\\\/balkangreenenergynews.com\\\/rs\\\/author\\\/vladimir-spasic\\\/\"}]}<\/script>\n<!-- \/ Yoast SEO plugin. -->","yoast_head_json":{"title":"Solarni paneli i na zgradi televizije HRT","description":"Hrvatska radiotelevizija \u0107e u pripremi projekta imati pomo\u0107 Regionalne energetske agencije Sjeverozapadne Hrvatske (REGEA)","robots":{"index":"index","follow":"follow","max-snippet":"max-snippet:-1","max-image-preview":"max-image-preview:large","max-video-preview":"max-video-preview:-1"},"canonical":"https:\/\/balkangreenenergynews.com\/rs\/solarni-paneli-i-na-zgradi-televizije-hrt\/","og_locale":"sr_RS","og_type":"article","og_title":"Solarni paneli i na zgradi televizije HRT","og_description":"Hrvatska radiotelevizija \u0107e u pripremi projekta imati pomo\u0107 Regionalne energetske agencije Sjeverozapadne Hrvatske (REGEA)","og_url":"https:\/\/balkangreenenergynews.com\/rs\/solarni-paneli-i-na-zgradi-televizije-hrt\/","og_site_name":"Balkan Green Energy News","article_published_time":"2022-06-01T13:22:32+00:00","article_modified_time":"2022-06-07T14:21:18+00:00","og_image":[{"width":840,"height":430,"url":"https:\/\/balkangreenenergynews.com\/rs\/wp-content\/uploads\/2022\/06\/Solarni-paneli-i-na-zgradi-televizije-HRT.jpg","type":"image\/jpeg"}],"author":"Vladimir Spasi\u0107","twitter_card":"summary_large_image","twitter_misc":{"\u041d\u0430\u043f\u0438\u0441\u0430\u043d\u043e \u043e\u0434":"Vladimir Spasi\u0107","\u041f\u0440\u043e\u0446\u0435\u045a\u0435\u043d\u043e \u0432\u0440\u0435\u043c\u0435 \u0447\u0438\u0442\u0430\u045a\u0430":"2 \u043c\u0438\u043d\u0443\u0442\u0430"},"schema":{"@context":"https:\/\/schema.org","@graph":[{"@type":"Article","@id":"https:\/\/balkangreenenergynews.com\/rs\/solarni-paneli-i-na-zgradi-televizije-hrt\/#article","isPartOf":{"@id":"https:\/\/balkangreenenergynews.com\/rs\/solarni-paneli-i-na-zgradi-televizije-hrt\/"},"author":{"name":"Vladimir Spasi\u0107","@id":"https:\/\/balkangreenenergynews.com\/rs\/#\/schema\/person\/99dc721c46113fea22caffad06ef7317"},"headline":"Solarni paneli i na zgradi televizije HRT","datePublished":"2022-06-01T13:22:32+00:00","dateModified":"2022-06-07T14:21:18+00:00","mainEntityOfPage":{"@id":"https:\/\/balkangreenenergynews.com\/rs\/solarni-paneli-i-na-zgradi-televizije-hrt\/"},"wordCount":320,"commentCount":0,"image":{"@id":"https:\/\/balkangreenenergynews.com\/rs\/solarni-paneli-i-na-zgradi-televizije-hrt\/#primaryimage"},"thumbnailUrl":"https:\/\/balkangreenenergynews.com\/rs\/wp-content\/uploads\/2022\/06\/Solarni-paneli-i-na-zgradi-televizije-HRT.jpg?wsr","keywords":["ESCO","investicije","Julije Domac","REGEA","solarne elektrane"],"articleSection":["Elektri\u010dna energija","OIE"],"inLanguage":"sr-RS","potentialAction":[{"@type":"CommentAction","name":"Comment","target":["https:\/\/balkangreenenergynews.com\/rs\/solarni-paneli-i-na-zgradi-televizije-hrt\/#respond"]}]},{"@type":"WebPage","@id":"https:\/\/balkangreenenergynews.com\/rs\/solarni-paneli-i-na-zgradi-televizije-hrt\/","url":"https:\/\/balkangreenenergynews.com\/rs\/solarni-paneli-i-na-zgradi-televizije-hrt\/","name":"Solarni paneli i na zgradi televizije HRT","isPartOf":{"@id":"https:\/\/balkangreenenergynews.com\/rs\/#website"},"primaryImageOfPage":{"@id":"https:\/\/balkangreenenergynews.com\/rs\/solarni-paneli-i-na-zgradi-televizije-hrt\/#primaryimage"},"image":{"@id":"https:\/\/balkangreenenergynews.com\/rs\/solarni-paneli-i-na-zgradi-televizije-hrt\/#primaryimage"},"thumbnailUrl":"https:\/\/balkangreenenergynews.com\/rs\/wp-content\/uploads\/2022\/06\/Solarni-paneli-i-na-zgradi-televizije-HRT.jpg?wsr","datePublished":"2022-06-01T13:22:32+00:00","dateModified":"2022-06-07T14:21:18+00:00","author":{"@id":"https:\/\/balkangreenenergynews.com\/rs\/#\/schema\/person\/99dc721c46113fea22caffad06ef7317"},"description":"Hrvatska radiotelevizija \u0107e u pripremi projekta imati pomo\u0107 Regionalne energetske agencije Sjeverozapadne Hrvatske (REGEA)","breadcrumb":{"@id":"https:\/\/balkangreenenergynews.com\/rs\/solarni-paneli-i-na-zgradi-televizije-hrt\/#breadcrumb"},"inLanguage":"sr-RS","potentialAction":[{"@type":"ReadAction","target":["https:\/\/balkangreenenergynews.com\/rs\/solarni-paneli-i-na-zgradi-televizije-hrt\/"]}]},{"@type":"ImageObject","inLanguage":"sr-RS","@id":"https:\/\/balkangreenenergynews.com\/rs\/solarni-paneli-i-na-zgradi-televizije-hrt\/#primaryimage","url":"https:\/\/balkangreenenergynews.com\/rs\/wp-content\/uploads\/2022\/06\/Solarni-paneli-i-na-zgradi-televizije-HRT.jpg?wsr","contentUrl":"https:\/\/balkangreenenergynews.com\/rs\/wp-content\/uploads\/2022\/06\/Solarni-paneli-i-na-zgradi-televizije-HRT.jpg?wsr","width":840,"height":430},{"@type":"BreadcrumbList","@id":"https:\/\/balkangreenenergynews.com\/rs\/solarni-paneli-i-na-zgradi-televizije-hrt\/#breadcrumb","itemListElement":[{"@type":"ListItem","position":1,"name":"Po\u010detna","item":"https:\/\/balkangreenenergynews.com\/rs\/"},{"@type":"ListItem","position":2,"name":"Vesti","item":"https:\/\/balkangreenenergynews.com\/rs\/kategorija\/vesti\/"},{"@type":"ListItem","position":3,"name":"OIE","item":"https:\/\/balkangreenenergynews.com\/rs\/kategorija\/vesti\/obnovljivi-izvori-energije\/"},{"@type":"ListItem","position":4,"name":"Solarni paneli i na zgradi televizije HRT"}]},{"@type":"WebSite","@id":"https:\/\/balkangreenenergynews.com\/rs\/#website","url":"https:\/\/balkangreenenergynews.com\/rs\/","name":"Balkan Green Energy News","description":"Naj\u0161iri izbor vesti sa Balkana o zelenoj energiji","potentialAction":[{"@type":"SearchAction","target":{"@type":"EntryPoint","urlTemplate":"https:\/\/balkangreenenergynews.com\/rs\/?s={search_term_string}"},"query-input":{"@type":"PropertyValueSpecification","valueRequired":true,"valueName":"search_term_string"}}],"inLanguage":"sr-RS"},{"@type":"Person","@id":"https:\/\/balkangreenenergynews.com\/rs\/#\/schema\/person\/99dc721c46113fea22caffad06ef7317","name":"Vladimir Spasi\u0107","url":"https:\/\/balkangreenenergynews.com\/rs\/author\/vladimir-spasic\/"}]}},"_links":{"self":[{"href":"https:\/\/balkangreenenergynews.com\/rs\/wp-json\/wp\/v2\/posts\/49128","targetHints":{"allow":["GET"]}}],"collection":[{"href":"https:\/\/balkangreenenergynews.com\/rs\/wp-json\/wp\/v2\/posts"}],"about":[{"href":"https:\/\/balkangreenenergynews.com\/rs\/wp-json\/wp\/v2\/types\/post"}],"author":[{"embeddable":true,"href":"https:\/\/balkangreenenergynews.com\/rs\/wp-json\/wp\/v2\/users\/23"}],"replies":[{"embeddable":true,"href":"https:\/\/balkangreenenergynews.com\/rs\/wp-json\/wp\/v2\/comments?post=49128"}],"version-history":[{"count":0,"href":"https:\/\/balkangreenenergynews.com\/rs\/wp-json\/wp\/v2\/posts\/49128\/revisions"}],"wp:featuredmedia":[{"embeddable":true,"href":"https:\/\/balkangreenenergynews.com\/rs\/wp-json\/wp\/v2\/media\/49143"}],"wp:attachment":[{"href":"https:\/\/balkangreenenergynews.com\/rs\/wp-json\/wp\/v2\/media?parent=49128"}],"wp:term":[{"taxonomy":"category","embeddable":true,"href":"https:\/\/balkangreenenergynews.com\/rs\/wp-json\/wp\/v2\/categories?post=49128"},{"taxonomy":"post_tag","embeddable":true,"href":"https:\/\/balkangreenenergynews.com\/rs\/wp-json\/wp\/v2\/tags?post=49128"}],"curies":[{"name":"wp","href":"https:\/\/api.w.org\/{rel}","templated":true}]}}