{"id":49014,"date":"2022-05-30T14:28:07","date_gmt":"2022-05-30T12:28:07","guid":{"rendered":"https:\/\/balkangreenenergynews.com\/rs\/?p=49014"},"modified":"2022-05-30T17:17:45","modified_gmt":"2022-05-30T15:17:45","slug":"nuredini-vetroelektrane-solar-treba-graditi-na-degradiranom-zemljistu","status":"publish","type":"post","link":"https:\/\/balkangreenenergynews.com\/rs\/nuredini-vetroelektrane-solar-treba-graditi-na-degradiranom-zemljistu\/","title":{"rendered":"Nuredini: Vetroelektrane, solar treba graditi na degradiranom zemlji\u0161tu"},"content":{"rendered":"<h2>Pri pronala\u017eenju pogodnih lokacija za vetroparkove i solarne elektrane u postupku energetskog planiranja, primarno treba uzimati u obzir degradirano zemlji\u0161te, istakao je ministar \u017eivotne sredine i prostornog planiranja Naser Nuredini na predstavljanju studije energetskih re\u0161enja za Severnu Makedoniju sa minimalnim uticajem na \u017eivotnu sredinu.<\/h2>\n<p>The Nature Conservancy <a href=\"https:\/\/balkangreenenergynews.com\/rs\/lokacija-lokacija-lokacija-kako-prostorno-planiranje-moze-ubrzati-razvoj-obnovljive-energije-u-jugoistocnoj-europi\/\">(TNC),<\/a> Makedonska akademija nauka i umetnosti (MANU) i organizacija <a href=\"https:\/\/balkangreenenergynews.com\/rs\/ekolozi-izricito-protiv-najave-otvaranja-rudnika-lignita-u-severnoj-makedoniji\/\">Eko-svest<\/a> odr\u017eali su konferenciju povodom zavr\u0161etka prve faze zajedni\u010dkog istra\u017eivanja raspolo\u017eivih energetskih re\u0161enja s minimalnim uticajem na \u017eivotnu sredinu u Severnoj Makedoniji.<\/p>\n<p>Pri pronala\u017eenju lokacija s velikim potencijalom za solarne i vetroelektrane u okviru postupka energetskog planiranja, treba prvenstveno odabirati degradirano zemlji\u0161te, kako bi se izbegao negativan uticaj na \u017eivotnu sredinu i na kori\u0161\u0107enje plodnog poljoprivrednog zemlji\u0161ta, izjavio je na ovom skupu ministar \u017eivotne sredine i prostornog planiranja Naser Nuredini.<\/p>\n<p><img loading=\"lazy\" decoding=\"async\" class=\"aligncenter wp-image-49047 \" src=\"https:\/\/balkangreenenergynews.com\/rs\/wp-content\/uploads\/2022\/05\/Nuredini-Vetroelektrane-solar-treba-graditi-na-degradiranom-zemljistu.jpg\" alt=\"Nuredini Vetroelektrane solar treba graditi na degradiranom zemljistu\" width=\"691\" height=\"464\" srcset=\"https:\/\/balkangreenenergynews.com\/rs\/wp-content\/uploads\/2022\/05\/Nuredini-Vetroelektrane-solar-treba-graditi-na-degradiranom-zemljistu.jpg 840w, https:\/\/balkangreenenergynews.com\/rs\/wp-content\/uploads\/2022\/05\/Nuredini-Vetroelektrane-solar-treba-graditi-na-degradiranom-zemljistu-500x336.jpg 500w, https:\/\/balkangreenenergynews.com\/rs\/wp-content\/uploads\/2022\/05\/Nuredini-Vetroelektrane-solar-treba-graditi-na-degradiranom-zemljistu-768x516.jpg 768w, https:\/\/balkangreenenergynews.com\/rs\/wp-content\/uploads\/2022\/05\/Nuredini-Vetroelektrane-solar-treba-graditi-na-degradiranom-zemljistu-300x201.jpg 300w\" sizes=\"auto, (max-width: 691px) 100vw, 691px\" \/><\/p>\n<h3>Jalovi\u0161ta, rudnici vi\u0111eni kao najbolje lokacije za vetroelektrane, solar<\/h3>\n<p>Istra\u017eivanje je posebno usmereno ka <a href=\"https:\/\/balkangreenenergynews.com\/rs\/severna-makedonija-izgradila-prvi-solarni-park-na-napustenom-ugljenokopu\/\">jalovi\u0161tima i rudnicima<\/a> kao lokacijama koje bi mogle da se rehabilituju, izjavio je Aleksander Dedinec iz MANU. \u201eRazvoj obnovljivih izvora energije je usko povezan sa mre\u017enim kapacitetima za prenos i distribuciju i lokacijama na kojima \u0107e se graditi. U procesu planiranja treba obratiti pa\u017enju na jedan broj ograni\u010davaju\u0107ih faktora\u201c, po njegovim re\u010dima.<\/p>\n<blockquote><p>Zamisao je da se prona\u0111u najbolja mesta za investicije u solar i vetroelektrane i da se izbegne bilo kakva \u0161teta po lokalne zajednice i biodiverzitet<\/p><\/blockquote>\n<p>Projekat cilja na prevazila\u017eenje izazova u primeni nacionalnog energetskog i klimatskog plana (NEKP ili NECP) i njegovih ambicioznih ciljeva za obnovljivu energiju. Zami\u0161ljeno je da se prona\u0111u najbolja mesta za takve investicije i da se izbegne bilo kakva \u0161teta po lokalne zajednice i biodiverzitet. Rezultati su prikazani donosiocima odluka, predstavnicima i predstavnicama organizacija civilnog dru\u0161tva i drugim zainteresovanim stranama.<\/p>\n<p>\u201eTNC podr\u017eava ovu inicijativu kao jedan od na\u010dina da se razvije lokalna praksa pametnog i inkluzivnog energetskog planiranja. Zadovoljni smo \u0161to vidimo da Vlada Republike Severne Makedonije pru\u017ea podr\u0161ku ovom projektu i nadamo se da \u0107e dr\u017eavne institucije direktno primeniti njegove rezultate kako bi ostvarile postavljene ciljeve\u201c, izjavio je TNC-ov koordinator za energetiku za Jugoisto\u010dnu Evropu Igor Vejnovi\u0107.<\/p>\n<h3>Energetsko planiranje mora da bude inkluzivno<\/h3>\n<p>U projekat je uklju\u010deno identifikovanje stejkholdera i njihovo uklju\u010divanje. Partneri su sprovodili javne ankete, okupljali fokus grupe i prikupljali mi\u0161ljenja vladinih institucija, kompanija u domenu energetike, poljoprivrednika, za\u0161titnika \u017eivotne sredine, organizacija civilnog dru\u0161tva i eksperata koji rade na dru\u0161tvenim i aspektima \u017eivotne sredine.<\/p>\n<p>\u201cIz svog istra\u017eivanja i od fokus grupa smo saznali da su gra\u0111ani veoma zabrinuti zbog mogu\u0107eg negativnog uticaja energetskih projekata na \u017eivotnu sredinu i lokalne zajednice. Zbog toga energetsko planiranje mora da bude inkluzivni process u kojem nikakve potrebe ne\u0107e biti zanemarene\u201d, kazala je Ana \u010colovi\u0107 Le\u0161oska iz Eko-svesti.<\/p>\n<blockquote><p>TNC sprovodi sli\u010dan projekat u Srbiji<\/p><\/blockquote>\n<p>The Nature Conservancy je u Srbiji s lokalnim partnerima pokrenuo sli\u010dan poduhvat, s fokusom na mapiranje zemlji\u0161ta pogodnog za instaliranje fotonaponskih postrojenja. Jedan od ciljeva projekta\u00a0<em>Pametno planiranje za odr\u017eivi razvoj \u2013 Mapiranje solarnih potencijala Srbije<\/em> jeste da izgradi poverenje u dru\u0161tvu putem otvorenog, transparentnog, inkluzivnog procesa za uklju\u010divanje zainteresovanih strana.<\/p>\n<p>Namera je da se izradi model studije slu\u010daja upotrebljiv za prikazivanje vrednosti pristupa odre\u0111ivanju niskokonfliktnih lokacija za solarne kapacitete u drugim zemljama Zapadnog Balkana kao i u \u0161irem evropskom kontekstu. Mape zemlji\u0161ta pogodnog za razvoj solarnih potencijala u Srbiji treba da budu objavljene do kraja godine.<\/p>\n","protected":false},"excerpt":{"rendered":"<p>Pri pronala\u017eenju pogodnih lokacija za vetroparkove i solarne elektrane, primarno treba gledati degradirano zemlji\u0161te, isti\u010de ministar Nuredini<\/p>\n","protected":false},"author":27,"featured_media":49026,"comment_status":"open","ping_status":"open","sticky":false,"template":"","format":"standard","meta":{"_acf_changed":false,"_monsterinsights_skip_tracking":false,"_monsterinsights_sitenote_active":false,"_monsterinsights_sitenote_note":"","_monsterinsights_sitenote_category":0,"footnotes":""},"categories":[504,1,4],"tags":[669,1854,647,1890,2341,5921],"class_list":["post-49014","post","type-post","status-publish","format-standard","has-post-thumbnail","hentry","category-elektricna-energija","category-obnovljivi-izvori-energije","category-zivotna-sredina","tag-elektricna-energija","tag-energetska-tranzicija","tag-obnovljivi-izvori-energije","tag-solarne-elektrane","tag-vetroelektrane","tag-zivotna-sredina","country-makedonija"],"acf":[],"yoast_head":"<!-- This site is optimized with the Yoast SEO plugin v27.4 - https:\/\/yoast.com\/product\/yoast-seo-wordpress\/ -->\n<title>Nuredini: Vetroelektrane, solar treba graditi na degradiranom zemlji\u0161tu<\/title>\n<meta name=\"description\" content=\"Pri pronala\u017eenju pogodnih lokacija za vetroparkove i solarne elektrane, primarno treba gledati degradirano zemlji\u0161te, isti\u010de ministar Nuredini.\" \/>\n<meta name=\"robots\" content=\"index, follow, max-snippet:-1, max-image-preview:large, max-video-preview:-1\" \/>\n<link rel=\"canonical\" href=\"https:\/\/balkangreenenergynews.com\/rs\/nuredini-vetroelektrane-solar-treba-graditi-na-degradiranom-zemljistu\/\" \/>\n<meta property=\"og:locale\" content=\"sr_RS\" \/>\n<meta property=\"og:type\" content=\"article\" \/>\n<meta property=\"og:title\" content=\"Nuredini: Vetroelektrane, solar treba graditi na degradiranom zemlji\u0161tu\" \/>\n<meta property=\"og:description\" content=\"Pri pronala\u017eenju pogodnih lokacija za vetroparkove i solarne elektrane, primarno treba gledati degradirano zemlji\u0161te, isti\u010de ministar Nuredini.\" \/>\n<meta property=\"og:url\" content=\"https:\/\/balkangreenenergynews.com\/rs\/nuredini-vetroelektrane-solar-treba-graditi-na-degradiranom-zemljistu\/\" \/>\n<meta property=\"og:site_name\" content=\"Balkan Green Energy News\" \/>\n<meta property=\"article:published_time\" content=\"2022-05-30T12:28:07+00:00\" \/>\n<meta property=\"article:modified_time\" content=\"2022-05-30T15:17:45+00:00\" \/>\n<meta property=\"og:image\" content=\"https:\/\/balkangreenenergynews.com\/rs\/wp-content\/uploads\/2022\/05\/Nuredini-Vetroelektrane-solar-degradiranom-zemljistu.jpg\" \/>\n\t<meta property=\"og:image:width\" content=\"840\" \/>\n\t<meta property=\"og:image:height\" content=\"430\" \/>\n\t<meta property=\"og:image:type\" content=\"image\/jpeg\" \/>\n<meta name=\"author\" content=\"Igor Todorovi\u0107\" \/>\n<meta name=\"twitter:card\" content=\"summary_large_image\" \/>\n<meta name=\"twitter:label1\" content=\"\u041d\u0430\u043f\u0438\u0441\u0430\u043d\u043e \u043e\u0434\" \/>\n\t<meta name=\"twitter:data1\" content=\"Igor Todorovi\u0107\" \/>\n\t<meta name=\"twitter:label2\" content=\"\u041f\u0440\u043e\u0446\u0435\u045a\u0435\u043d\u043e \u0432\u0440\u0435\u043c\u0435 \u0447\u0438\u0442\u0430\u045a\u0430\" \/>\n\t<meta name=\"twitter:data2\" content=\"4 \u043c\u0438\u043d\u0443\u0442\u0430\" \/>\n<script type=\"application\/ld+json\" class=\"yoast-schema-graph\">{\"@context\":\"https:\\\/\\\/schema.org\",\"@graph\":[{\"@type\":\"Article\",\"@id\":\"https:\\\/\\\/balkangreenenergynews.com\\\/rs\\\/nuredini-vetroelektrane-solar-treba-graditi-na-degradiranom-zemljistu\\\/#article\",\"isPartOf\":{\"@id\":\"https:\\\/\\\/balkangreenenergynews.com\\\/rs\\\/nuredini-vetroelektrane-solar-treba-graditi-na-degradiranom-zemljistu\\\/\"},\"author\":{\"name\":\"Igor Todorovi\u0107\",\"@id\":\"https:\\\/\\\/balkangreenenergynews.com\\\/rs\\\/#\\\/schema\\\/person\\\/d8f80a244c4e9f2b55e4f6968c253246\"},\"headline\":\"Nuredini: Vetroelektrane, solar treba graditi na degradiranom zemlji\u0161tu\",\"datePublished\":\"2022-05-30T12:28:07+00:00\",\"dateModified\":\"2022-05-30T15:17:45+00:00\",\"mainEntityOfPage\":{\"@id\":\"https:\\\/\\\/balkangreenenergynews.com\\\/rs\\\/nuredini-vetroelektrane-solar-treba-graditi-na-degradiranom-zemljistu\\\/\"},\"wordCount\":596,\"commentCount\":0,\"image\":{\"@id\":\"https:\\\/\\\/balkangreenenergynews.com\\\/rs\\\/nuredini-vetroelektrane-solar-treba-graditi-na-degradiranom-zemljistu\\\/#primaryimage\"},\"thumbnailUrl\":\"https:\\\/\\\/balkangreenenergynews.com\\\/rs\\\/wp-content\\\/uploads\\\/2022\\\/05\\\/Nuredini-Vetroelektrane-solar-degradiranom-zemljistu.jpg?wsr\",\"keywords\":[\"elektri\u010dna energija\",\"energetska tranzicija\",\"obnovljivi izvori energije\",\"solarne elektrane\",\"vetroelektrane\",\"\u017eivotna sredina\"],\"articleSection\":[\"Elektri\u010dna energija\",\"OIE\",\"\u017divotna sredina\"],\"inLanguage\":\"sr-RS\",\"potentialAction\":[{\"@type\":\"CommentAction\",\"name\":\"Comment\",\"target\":[\"https:\\\/\\\/balkangreenenergynews.com\\\/rs\\\/nuredini-vetroelektrane-solar-treba-graditi-na-degradiranom-zemljistu\\\/#respond\"]}]},{\"@type\":\"WebPage\",\"@id\":\"https:\\\/\\\/balkangreenenergynews.com\\\/rs\\\/nuredini-vetroelektrane-solar-treba-graditi-na-degradiranom-zemljistu\\\/\",\"url\":\"https:\\\/\\\/balkangreenenergynews.com\\\/rs\\\/nuredini-vetroelektrane-solar-treba-graditi-na-degradiranom-zemljistu\\\/\",\"name\":\"Nuredini: Vetroelektrane, solar treba graditi na degradiranom zemlji\u0161tu\",\"isPartOf\":{\"@id\":\"https:\\\/\\\/balkangreenenergynews.com\\\/rs\\\/#website\"},\"primaryImageOfPage\":{\"@id\":\"https:\\\/\\\/balkangreenenergynews.com\\\/rs\\\/nuredini-vetroelektrane-solar-treba-graditi-na-degradiranom-zemljistu\\\/#primaryimage\"},\"image\":{\"@id\":\"https:\\\/\\\/balkangreenenergynews.com\\\/rs\\\/nuredini-vetroelektrane-solar-treba-graditi-na-degradiranom-zemljistu\\\/#primaryimage\"},\"thumbnailUrl\":\"https:\\\/\\\/balkangreenenergynews.com\\\/rs\\\/wp-content\\\/uploads\\\/2022\\\/05\\\/Nuredini-Vetroelektrane-solar-degradiranom-zemljistu.jpg?wsr\",\"datePublished\":\"2022-05-30T12:28:07+00:00\",\"dateModified\":\"2022-05-30T15:17:45+00:00\",\"author\":{\"@id\":\"https:\\\/\\\/balkangreenenergynews.com\\\/rs\\\/#\\\/schema\\\/person\\\/d8f80a244c4e9f2b55e4f6968c253246\"},\"description\":\"Pri pronala\u017eenju pogodnih lokacija za vetroparkove i solarne elektrane, primarno treba gledati degradirano zemlji\u0161te, isti\u010de ministar Nuredini.\",\"breadcrumb\":{\"@id\":\"https:\\\/\\\/balkangreenenergynews.com\\\/rs\\\/nuredini-vetroelektrane-solar-treba-graditi-na-degradiranom-zemljistu\\\/#breadcrumb\"},\"inLanguage\":\"sr-RS\",\"potentialAction\":[{\"@type\":\"ReadAction\",\"target\":[\"https:\\\/\\\/balkangreenenergynews.com\\\/rs\\\/nuredini-vetroelektrane-solar-treba-graditi-na-degradiranom-zemljistu\\\/\"]}]},{\"@type\":\"ImageObject\",\"inLanguage\":\"sr-RS\",\"@id\":\"https:\\\/\\\/balkangreenenergynews.com\\\/rs\\\/nuredini-vetroelektrane-solar-treba-graditi-na-degradiranom-zemljistu\\\/#primaryimage\",\"url\":\"https:\\\/\\\/balkangreenenergynews.com\\\/rs\\\/wp-content\\\/uploads\\\/2022\\\/05\\\/Nuredini-Vetroelektrane-solar-degradiranom-zemljistu.jpg?wsr\",\"contentUrl\":\"https:\\\/\\\/balkangreenenergynews.com\\\/rs\\\/wp-content\\\/uploads\\\/2022\\\/05\\\/Nuredini-Vetroelektrane-solar-degradiranom-zemljistu.jpg?wsr\",\"width\":840,\"height\":430,\"caption\":\"Nuredini Vetroelektrane solar degradiranom zemljistu\"},{\"@type\":\"BreadcrumbList\",\"@id\":\"https:\\\/\\\/balkangreenenergynews.com\\\/rs\\\/nuredini-vetroelektrane-solar-treba-graditi-na-degradiranom-zemljistu\\\/#breadcrumb\",\"itemListElement\":[{\"@type\":\"ListItem\",\"position\":1,\"name\":\"Po\u010detna\",\"item\":\"https:\\\/\\\/balkangreenenergynews.com\\\/rs\\\/\"},{\"@type\":\"ListItem\",\"position\":2,\"name\":\"Vesti\",\"item\":\"https:\\\/\\\/balkangreenenergynews.com\\\/rs\\\/kategorija\\\/vesti\\\/\"},{\"@type\":\"ListItem\",\"position\":3,\"name\":\"OIE\",\"item\":\"https:\\\/\\\/balkangreenenergynews.com\\\/rs\\\/kategorija\\\/vesti\\\/obnovljivi-izvori-energije\\\/\"},{\"@type\":\"ListItem\",\"position\":4,\"name\":\"Nuredini: Vetroelektrane, solar treba graditi na degradiranom zemlji\u0161tu\"}]},{\"@type\":\"WebSite\",\"@id\":\"https:\\\/\\\/balkangreenenergynews.com\\\/rs\\\/#website\",\"url\":\"https:\\\/\\\/balkangreenenergynews.com\\\/rs\\\/\",\"name\":\"Balkan Green Energy News\",\"description\":\"Naj\u0161iri izbor vesti sa Balkana o zelenoj energiji\",\"potentialAction\":[{\"@type\":\"SearchAction\",\"target\":{\"@type\":\"EntryPoint\",\"urlTemplate\":\"https:\\\/\\\/balkangreenenergynews.com\\\/rs\\\/?s={search_term_string}\"},\"query-input\":{\"@type\":\"PropertyValueSpecification\",\"valueRequired\":true,\"valueName\":\"search_term_string\"}}],\"inLanguage\":\"sr-RS\"},{\"@type\":\"Person\",\"@id\":\"https:\\\/\\\/balkangreenenergynews.com\\\/rs\\\/#\\\/schema\\\/person\\\/d8f80a244c4e9f2b55e4f6968c253246\",\"name\":\"Igor Todorovi\u0107\",\"url\":\"https:\\\/\\\/balkangreenenergynews.com\\\/rs\\\/author\\\/igor-todorovic\\\/\"}]}<\/script>\n<!-- \/ Yoast SEO plugin. -->","yoast_head_json":{"title":"Nuredini: Vetroelektrane, solar treba graditi na degradiranom zemlji\u0161tu","description":"Pri pronala\u017eenju pogodnih lokacija za vetroparkove i solarne elektrane, primarno treba gledati degradirano zemlji\u0161te, isti\u010de ministar Nuredini.","robots":{"index":"index","follow":"follow","max-snippet":"max-snippet:-1","max-image-preview":"max-image-preview:large","max-video-preview":"max-video-preview:-1"},"canonical":"https:\/\/balkangreenenergynews.com\/rs\/nuredini-vetroelektrane-solar-treba-graditi-na-degradiranom-zemljistu\/","og_locale":"sr_RS","og_type":"article","og_title":"Nuredini: Vetroelektrane, solar treba graditi na degradiranom zemlji\u0161tu","og_description":"Pri pronala\u017eenju pogodnih lokacija za vetroparkove i solarne elektrane, primarno treba gledati degradirano zemlji\u0161te, isti\u010de ministar Nuredini.","og_url":"https:\/\/balkangreenenergynews.com\/rs\/nuredini-vetroelektrane-solar-treba-graditi-na-degradiranom-zemljistu\/","og_site_name":"Balkan Green Energy News","article_published_time":"2022-05-30T12:28:07+00:00","article_modified_time":"2022-05-30T15:17:45+00:00","og_image":[{"width":840,"height":430,"url":"https:\/\/balkangreenenergynews.com\/rs\/wp-content\/uploads\/2022\/05\/Nuredini-Vetroelektrane-solar-degradiranom-zemljistu.jpg","type":"image\/jpeg"}],"author":"Igor Todorovi\u0107","twitter_card":"summary_large_image","twitter_misc":{"\u041d\u0430\u043f\u0438\u0441\u0430\u043d\u043e \u043e\u0434":"Igor Todorovi\u0107","\u041f\u0440\u043e\u0446\u0435\u045a\u0435\u043d\u043e \u0432\u0440\u0435\u043c\u0435 \u0447\u0438\u0442\u0430\u045a\u0430":"4 \u043c\u0438\u043d\u0443\u0442\u0430"},"schema":{"@context":"https:\/\/schema.org","@graph":[{"@type":"Article","@id":"https:\/\/balkangreenenergynews.com\/rs\/nuredini-vetroelektrane-solar-treba-graditi-na-degradiranom-zemljistu\/#article","isPartOf":{"@id":"https:\/\/balkangreenenergynews.com\/rs\/nuredini-vetroelektrane-solar-treba-graditi-na-degradiranom-zemljistu\/"},"author":{"name":"Igor Todorovi\u0107","@id":"https:\/\/balkangreenenergynews.com\/rs\/#\/schema\/person\/d8f80a244c4e9f2b55e4f6968c253246"},"headline":"Nuredini: Vetroelektrane, solar treba graditi na degradiranom zemlji\u0161tu","datePublished":"2022-05-30T12:28:07+00:00","dateModified":"2022-05-30T15:17:45+00:00","mainEntityOfPage":{"@id":"https:\/\/balkangreenenergynews.com\/rs\/nuredini-vetroelektrane-solar-treba-graditi-na-degradiranom-zemljistu\/"},"wordCount":596,"commentCount":0,"image":{"@id":"https:\/\/balkangreenenergynews.com\/rs\/nuredini-vetroelektrane-solar-treba-graditi-na-degradiranom-zemljistu\/#primaryimage"},"thumbnailUrl":"https:\/\/balkangreenenergynews.com\/rs\/wp-content\/uploads\/2022\/05\/Nuredini-Vetroelektrane-solar-degradiranom-zemljistu.jpg?wsr","keywords":["elektri\u010dna energija","energetska tranzicija","obnovljivi izvori energije","solarne elektrane","vetroelektrane","\u017eivotna sredina"],"articleSection":["Elektri\u010dna energija","OIE","\u017divotna sredina"],"inLanguage":"sr-RS","potentialAction":[{"@type":"CommentAction","name":"Comment","target":["https:\/\/balkangreenenergynews.com\/rs\/nuredini-vetroelektrane-solar-treba-graditi-na-degradiranom-zemljistu\/#respond"]}]},{"@type":"WebPage","@id":"https:\/\/balkangreenenergynews.com\/rs\/nuredini-vetroelektrane-solar-treba-graditi-na-degradiranom-zemljistu\/","url":"https:\/\/balkangreenenergynews.com\/rs\/nuredini-vetroelektrane-solar-treba-graditi-na-degradiranom-zemljistu\/","name":"Nuredini: Vetroelektrane, solar treba graditi na degradiranom zemlji\u0161tu","isPartOf":{"@id":"https:\/\/balkangreenenergynews.com\/rs\/#website"},"primaryImageOfPage":{"@id":"https:\/\/balkangreenenergynews.com\/rs\/nuredini-vetroelektrane-solar-treba-graditi-na-degradiranom-zemljistu\/#primaryimage"},"image":{"@id":"https:\/\/balkangreenenergynews.com\/rs\/nuredini-vetroelektrane-solar-treba-graditi-na-degradiranom-zemljistu\/#primaryimage"},"thumbnailUrl":"https:\/\/balkangreenenergynews.com\/rs\/wp-content\/uploads\/2022\/05\/Nuredini-Vetroelektrane-solar-degradiranom-zemljistu.jpg?wsr","datePublished":"2022-05-30T12:28:07+00:00","dateModified":"2022-05-30T15:17:45+00:00","author":{"@id":"https:\/\/balkangreenenergynews.com\/rs\/#\/schema\/person\/d8f80a244c4e9f2b55e4f6968c253246"},"description":"Pri pronala\u017eenju pogodnih lokacija za vetroparkove i solarne elektrane, primarno treba gledati degradirano zemlji\u0161te, isti\u010de ministar Nuredini.","breadcrumb":{"@id":"https:\/\/balkangreenenergynews.com\/rs\/nuredini-vetroelektrane-solar-treba-graditi-na-degradiranom-zemljistu\/#breadcrumb"},"inLanguage":"sr-RS","potentialAction":[{"@type":"ReadAction","target":["https:\/\/balkangreenenergynews.com\/rs\/nuredini-vetroelektrane-solar-treba-graditi-na-degradiranom-zemljistu\/"]}]},{"@type":"ImageObject","inLanguage":"sr-RS","@id":"https:\/\/balkangreenenergynews.com\/rs\/nuredini-vetroelektrane-solar-treba-graditi-na-degradiranom-zemljistu\/#primaryimage","url":"https:\/\/balkangreenenergynews.com\/rs\/wp-content\/uploads\/2022\/05\/Nuredini-Vetroelektrane-solar-degradiranom-zemljistu.jpg?wsr","contentUrl":"https:\/\/balkangreenenergynews.com\/rs\/wp-content\/uploads\/2022\/05\/Nuredini-Vetroelektrane-solar-degradiranom-zemljistu.jpg?wsr","width":840,"height":430,"caption":"Nuredini Vetroelektrane solar degradiranom zemljistu"},{"@type":"BreadcrumbList","@id":"https:\/\/balkangreenenergynews.com\/rs\/nuredini-vetroelektrane-solar-treba-graditi-na-degradiranom-zemljistu\/#breadcrumb","itemListElement":[{"@type":"ListItem","position":1,"name":"Po\u010detna","item":"https:\/\/balkangreenenergynews.com\/rs\/"},{"@type":"ListItem","position":2,"name":"Vesti","item":"https:\/\/balkangreenenergynews.com\/rs\/kategorija\/vesti\/"},{"@type":"ListItem","position":3,"name":"OIE","item":"https:\/\/balkangreenenergynews.com\/rs\/kategorija\/vesti\/obnovljivi-izvori-energije\/"},{"@type":"ListItem","position":4,"name":"Nuredini: Vetroelektrane, solar treba graditi na degradiranom zemlji\u0161tu"}]},{"@type":"WebSite","@id":"https:\/\/balkangreenenergynews.com\/rs\/#website","url":"https:\/\/balkangreenenergynews.com\/rs\/","name":"Balkan Green Energy News","description":"Naj\u0161iri izbor vesti sa Balkana o zelenoj energiji","potentialAction":[{"@type":"SearchAction","target":{"@type":"EntryPoint","urlTemplate":"https:\/\/balkangreenenergynews.com\/rs\/?s={search_term_string}"},"query-input":{"@type":"PropertyValueSpecification","valueRequired":true,"valueName":"search_term_string"}}],"inLanguage":"sr-RS"},{"@type":"Person","@id":"https:\/\/balkangreenenergynews.com\/rs\/#\/schema\/person\/d8f80a244c4e9f2b55e4f6968c253246","name":"Igor Todorovi\u0107","url":"https:\/\/balkangreenenergynews.com\/rs\/author\/igor-todorovic\/"}]}},"_links":{"self":[{"href":"https:\/\/balkangreenenergynews.com\/rs\/wp-json\/wp\/v2\/posts\/49014","targetHints":{"allow":["GET"]}}],"collection":[{"href":"https:\/\/balkangreenenergynews.com\/rs\/wp-json\/wp\/v2\/posts"}],"about":[{"href":"https:\/\/balkangreenenergynews.com\/rs\/wp-json\/wp\/v2\/types\/post"}],"author":[{"embeddable":true,"href":"https:\/\/balkangreenenergynews.com\/rs\/wp-json\/wp\/v2\/users\/27"}],"replies":[{"embeddable":true,"href":"https:\/\/balkangreenenergynews.com\/rs\/wp-json\/wp\/v2\/comments?post=49014"}],"version-history":[{"count":0,"href":"https:\/\/balkangreenenergynews.com\/rs\/wp-json\/wp\/v2\/posts\/49014\/revisions"}],"wp:featuredmedia":[{"embeddable":true,"href":"https:\/\/balkangreenenergynews.com\/rs\/wp-json\/wp\/v2\/media\/49026"}],"wp:attachment":[{"href":"https:\/\/balkangreenenergynews.com\/rs\/wp-json\/wp\/v2\/media?parent=49014"}],"wp:term":[{"taxonomy":"category","embeddable":true,"href":"https:\/\/balkangreenenergynews.com\/rs\/wp-json\/wp\/v2\/categories?post=49014"},{"taxonomy":"post_tag","embeddable":true,"href":"https:\/\/balkangreenenergynews.com\/rs\/wp-json\/wp\/v2\/tags?post=49014"}],"curies":[{"name":"wp","href":"https:\/\/api.w.org\/{rel}","templated":true}]}}