{"id":48998,"date":"2022-05-26T16:23:42","date_gmt":"2022-05-26T14:23:42","guid":{"rendered":"https:\/\/balkangreenenergynews.com\/rs\/?p=48998"},"modified":"2023-06-07T15:44:21","modified_gmt":"2023-06-07T13:44:21","slug":"sve-je-spremno-da-zemlje-energetske-zajednice-izdaju-garancije-porekla","status":"publish","type":"post","link":"https:\/\/balkangreenenergynews.com\/rs\/sve-je-spremno-da-zemlje-energetske-zajednice-izdaju-garancije-porekla\/","title":{"rendered":"Sve je spremno da zemlje Energetske zajednice izdaju garancije porekla"},"content":{"rendered":"<h2>Sve je spremno da zemlje regiona Zapadnog Balkana &#8211; Albanija, Bosna i Hercegovina, Crna Gora, Kosovo* i Severna Makedonija zapo\u010dnu sa izdavanjem garancija porekla, a onda i da me\u0111u sobom po\u010dnu njima da trguju u skladu sa pravilima EU, ka\u017ee <a href=\"https:\/\/balkangreenenergynews.com\/how-guarantees-of-origin-can-accelerate-the-energy-transition\/\">Naida Taso<\/a>, ekspertkinja za obnovljivu energiju u Sekretarijatu Energetske zajednice. Potrebno je, kako isti\u010de, da odgovaraju\u0107a nacionalna izdava\u010dka tela potpi\u0161u ugovore o kori\u0161\u0107enju nacionalnih registara direktno sa specijalizovanom firmom Grexel.<\/h2>\n<p>Garancije porekla su dokaz da je energija proizvedena iz obnovljivih izvora i tako potro\u0161a\u010dima omogu\u0107avaju da izaberu zelenu energiju, a proizvo\u0111a\u010dima da odgovore na zahteve kupaca i bolje prodaju svoju robu. Na taj na\u010din su jedan od alata da se ubrza kori\u0161tenje obnovljivih izvora energije i energetska tranzicija, a u regionu Zapadnog Balkana ih je u skladu sa EU propisima <a href=\"https:\/\/balkangreenenergynews.com\/rs\/ems-postao-deo-evropske-platforme-za-trgovinu-garancijama-porekla\/\">izdavala samo Srbija<\/a>.<\/p>\n<p>&#8222;Sekretarijatu su se obratili proizvo\u0111a\u010di zelene energije iz regiona koji su rekli da su im va\u017ene garancije porekla, jer bi tako mogli da izvezu svoju energiju u zemlje koje su zainteresovane za uvoz samo zelene energije&#8220;, ka\u017ee Taso.<\/p>\n<blockquote><p>Proizvo\u0111a\u010di zelene energije lak\u0161e mogu da izvoze energiju sa garancijama porekla<\/p><\/blockquote>\n<p>To je bio povod, ali naravno tu je i obaveza koju \u010dlanice Energetske zajednice imaju u okviru Direktive o obnovljivim izvorima energije (eng. Renewable Energy Directive &#8211; RED II), a to je uspostavljanje nacionalnih elektronskih registara i izdavanja garancija porekla.<\/p>\n<p>Sekretarijat je tako po\u010detkom godine <a href=\"https:\/\/balkangreenenergynews.com\/rs\/energetska-zajednica-pomaze-uvodenje-regionalnog-sistema-za-garancije-porekla\/\">pokrenuo projekat<\/a> za uvo\u0111enje nacionalnih registara i regionalnog sistema za trgovinu garancijama u skladu sa pravilima EU. Posle javnog tendera anga\u017eovana je specijalizovana firma Grexel koja je nedavno zavr\u0161ila posao: registre za pomenute zemlje Zapadnog Balkana, ali i Gruziju, Moldaviju i Ukrajinu, tako\u0111e ugovorne strane Energetske zajednice.<\/p>\n<blockquote><p>Pojedine zemlje su ve\u0107 odvojile novac za potpisivanje ugovora<\/p><\/blockquote>\n<p>Tokom projekta odr\u017eano je nekoliko treninga za izdava\u010dka tela kako bi nau\u010dili da koriste i svojim potrebama prilagode nacionalne registre.<\/p>\n<p>&#8222;Zemlje sada imaju rok od godinu dana, do kraja juna 2023. da potpi\u0161u ugovor za kori\u0161tenje i odr\u017eavanje sa firmom Grexel i njihov nacionalni registar po\u010dinje da radi. U trenutku kada dve zemlje to urade ve\u0107 je mogu\u0107a i trgovina izme\u0111u njih. Svi su jako zainteresovani, i u nekim zemljama je ve\u0107 izdvojen novac za potpisivanje ugovora. Uvereni smo da \u0107e uskoro uslediti i prvi potpisi, ali ima dovoljno vremena da se svi uklju\u010de jer je rok da to urade godinu dana&#8220;, isti\u010de Taso, i dodaje da je i Srbija dobrodo\u0161la da se priklju\u010di ovom regionalnom sistemu.<\/p>\n<h3>Taso: garancije porekla su preduslov da neke kompanije do\u0111u u va\u0161u zemlju<\/h3>\n<p>Ona smatra da je sada pravi trenutak s obzirom na energetsku krizu jer obnovljivi izvori energije zna\u010de doma\u0107u proizvodnju i energetsku sigurnost. Osim \u0161to, kako obja\u0161njava, garancije porekla omogu\u0107avaju potro\u0161a\u010dima da u\u010destvuju u energetskoj tranziciji, a proizvo\u0111a\u010dima da doka\u017eu poreklo svoje robe, one pobolj\u0161avaju i uslove za ekonomski razvoj.<\/p>\n<p>Taso navodi kao primer globalnu inicijativu Renewable 100 (RE100), gde se 371 kompanija obavezalo da \u0107e najkasnije do 2050. koristiti samo obnovljivu energiju.<\/p>\n<p>Te kompanije ne\u0107e poslovati u zemljama gde ne mo\u017ee da im se granatuje da \u0107e koristiti zelenu eneigiju, a re\u010d je o vode\u0107im globalnim kompanijama kao \u0161to su Microsoft, Google, H&amp;M, PepsiCo, Continental\u2026, navodi ona.<\/p>\n<p>Ina\u010de, Sekretarijat Energetske Zajednice je ju\u010de organizovao radionicu na kojoj je predstavnicima nacionalnih tela zadu\u017eenim za izdavanje garancija i drugim u\u010desnicima na tr\u017ei\u0161tu predstavio nacionalne registre i regionalni sistem.<\/p>\n","protected":false},"excerpt":{"rendered":"<p>Potrebno je da nacionalna izdava\u010dka tela potpi\u0161u ugovore o kori\u0161\u0107enju registara sa specijalizovanom firmom Grexel, ka\u017ee Naida Taso<\/p>\n","protected":false},"author":23,"featured_media":48999,"comment_status":"open","ping_status":"open","sticky":false,"template":"","format":"standard","meta":{"_acf_changed":false,"_monsterinsights_skip_tracking":false,"_monsterinsights_sitenote_active":false,"_monsterinsights_sitenote_note":"","_monsterinsights_sitenote_category":0,"footnotes":""},"categories":[504,1],"tags":[1854,648,2998,6390],"class_list":["post-48998","post","type-post","status-publish","format-standard","has-post-thumbnail","hentry","category-elektricna-energija","category-obnovljivi-izvori-energije","tag-energetska-tranzicija","tag-energetska-zajednica","tag-garancije-porekla","tag-naida-taso","country-regioneu"],"acf":[],"yoast_head":"<!-- This site is optimized with the Yoast SEO plugin v27.4 - https:\/\/yoast.com\/product\/yoast-seo-wordpress\/ -->\n<title>Sve je spremno da zemlje Energetske zajednice izdaju garancije porekla<\/title>\n<meta name=\"description\" content=\"Potrebno je da nacionalna izdava\u010dka tela potpi\u0161u ugovore o kori\u0161\u0107enju registara sa specijalizovanom firmom Grexel, ka\u017ee Naida Taso\" \/>\n<meta name=\"robots\" content=\"index, follow, max-snippet:-1, max-image-preview:large, max-video-preview:-1\" \/>\n<link rel=\"canonical\" href=\"https:\/\/balkangreenenergynews.com\/rs\/sve-je-spremno-da-zemlje-energetske-zajednice-izdaju-garancije-porekla\/\" \/>\n<meta property=\"og:locale\" content=\"sr_RS\" \/>\n<meta property=\"og:type\" content=\"article\" \/>\n<meta property=\"og:title\" content=\"Sve je spremno da zemlje Energetske zajednice izdaju garancije porekla\" \/>\n<meta property=\"og:description\" content=\"Potrebno je da nacionalna izdava\u010dka tela potpi\u0161u ugovore o kori\u0161\u0107enju registara sa specijalizovanom firmom Grexel, ka\u017ee Naida Taso\" \/>\n<meta property=\"og:url\" content=\"https:\/\/balkangreenenergynews.com\/rs\/sve-je-spremno-da-zemlje-energetske-zajednice-izdaju-garancije-porekla\/\" \/>\n<meta property=\"og:site_name\" content=\"Balkan Green Energy News\" \/>\n<meta property=\"article:published_time\" content=\"2022-05-26T14:23:42+00:00\" \/>\n<meta property=\"article:modified_time\" content=\"2023-06-07T13:44:21+00:00\" \/>\n<meta property=\"og:image\" content=\"https:\/\/balkangreenenergynews.com\/rs\/wp-content\/uploads\/2022\/05\/garancije-porekla-energetska-zajednica-registri-trgovina.jpg\" \/>\n\t<meta property=\"og:image:width\" content=\"840\" \/>\n\t<meta property=\"og:image:height\" content=\"430\" \/>\n\t<meta property=\"og:image:type\" content=\"image\/jpeg\" \/>\n<meta name=\"author\" content=\"Vladimir Spasi\u0107\" \/>\n<meta name=\"twitter:card\" content=\"summary_large_image\" \/>\n<meta name=\"twitter:label1\" content=\"\u041d\u0430\u043f\u0438\u0441\u0430\u043d\u043e \u043e\u0434\" \/>\n\t<meta name=\"twitter:data1\" content=\"Vladimir Spasi\u0107\" \/>\n\t<meta name=\"twitter:label2\" content=\"\u041f\u0440\u043e\u0446\u0435\u045a\u0435\u043d\u043e \u0432\u0440\u0435\u043c\u0435 \u0447\u0438\u0442\u0430\u045a\u0430\" \/>\n\t<meta name=\"twitter:data2\" content=\"3 \u043c\u0438\u043d\u0443\u0442\u0430\" \/>\n<script type=\"application\/ld+json\" class=\"yoast-schema-graph\">{\"@context\":\"https:\\\/\\\/schema.org\",\"@graph\":[{\"@type\":\"Article\",\"@id\":\"https:\\\/\\\/balkangreenenergynews.com\\\/rs\\\/sve-je-spremno-da-zemlje-energetske-zajednice-izdaju-garancije-porekla\\\/#article\",\"isPartOf\":{\"@id\":\"https:\\\/\\\/balkangreenenergynews.com\\\/rs\\\/sve-je-spremno-da-zemlje-energetske-zajednice-izdaju-garancije-porekla\\\/\"},\"author\":{\"name\":\"Vladimir Spasi\u0107\",\"@id\":\"https:\\\/\\\/balkangreenenergynews.com\\\/rs\\\/#\\\/schema\\\/person\\\/99dc721c46113fea22caffad06ef7317\"},\"headline\":\"Sve je spremno da zemlje Energetske zajednice izdaju garancije porekla\",\"datePublished\":\"2022-05-26T14:23:42+00:00\",\"dateModified\":\"2023-06-07T13:44:21+00:00\",\"mainEntityOfPage\":{\"@id\":\"https:\\\/\\\/balkangreenenergynews.com\\\/rs\\\/sve-je-spremno-da-zemlje-energetske-zajednice-izdaju-garancije-porekla\\\/\"},\"wordCount\":619,\"commentCount\":0,\"image\":{\"@id\":\"https:\\\/\\\/balkangreenenergynews.com\\\/rs\\\/sve-je-spremno-da-zemlje-energetske-zajednice-izdaju-garancije-porekla\\\/#primaryimage\"},\"thumbnailUrl\":\"https:\\\/\\\/balkangreenenergynews.com\\\/rs\\\/wp-content\\\/uploads\\\/2022\\\/05\\\/garancije-porekla-energetska-zajednica-registri-trgovina.jpg?wsr\",\"keywords\":[\"energetska tranzicija\",\"Energetska zajednica\",\"garancije porekla\",\"Naida Taso\"],\"articleSection\":[\"Elektri\u010dna energija\",\"OIE\"],\"inLanguage\":\"sr-RS\",\"potentialAction\":[{\"@type\":\"CommentAction\",\"name\":\"Comment\",\"target\":[\"https:\\\/\\\/balkangreenenergynews.com\\\/rs\\\/sve-je-spremno-da-zemlje-energetske-zajednice-izdaju-garancije-porekla\\\/#respond\"]}]},{\"@type\":\"WebPage\",\"@id\":\"https:\\\/\\\/balkangreenenergynews.com\\\/rs\\\/sve-je-spremno-da-zemlje-energetske-zajednice-izdaju-garancije-porekla\\\/\",\"url\":\"https:\\\/\\\/balkangreenenergynews.com\\\/rs\\\/sve-je-spremno-da-zemlje-energetske-zajednice-izdaju-garancije-porekla\\\/\",\"name\":\"Sve je spremno da zemlje Energetske zajednice izdaju garancije porekla\",\"isPartOf\":{\"@id\":\"https:\\\/\\\/balkangreenenergynews.com\\\/rs\\\/#website\"},\"primaryImageOfPage\":{\"@id\":\"https:\\\/\\\/balkangreenenergynews.com\\\/rs\\\/sve-je-spremno-da-zemlje-energetske-zajednice-izdaju-garancije-porekla\\\/#primaryimage\"},\"image\":{\"@id\":\"https:\\\/\\\/balkangreenenergynews.com\\\/rs\\\/sve-je-spremno-da-zemlje-energetske-zajednice-izdaju-garancije-porekla\\\/#primaryimage\"},\"thumbnailUrl\":\"https:\\\/\\\/balkangreenenergynews.com\\\/rs\\\/wp-content\\\/uploads\\\/2022\\\/05\\\/garancije-porekla-energetska-zajednica-registri-trgovina.jpg?wsr\",\"datePublished\":\"2022-05-26T14:23:42+00:00\",\"dateModified\":\"2023-06-07T13:44:21+00:00\",\"author\":{\"@id\":\"https:\\\/\\\/balkangreenenergynews.com\\\/rs\\\/#\\\/schema\\\/person\\\/99dc721c46113fea22caffad06ef7317\"},\"description\":\"Potrebno je da nacionalna izdava\u010dka tela potpi\u0161u ugovore o kori\u0161\u0107enju registara sa specijalizovanom firmom Grexel, ka\u017ee Naida Taso\",\"breadcrumb\":{\"@id\":\"https:\\\/\\\/balkangreenenergynews.com\\\/rs\\\/sve-je-spremno-da-zemlje-energetske-zajednice-izdaju-garancije-porekla\\\/#breadcrumb\"},\"inLanguage\":\"sr-RS\",\"potentialAction\":[{\"@type\":\"ReadAction\",\"target\":[\"https:\\\/\\\/balkangreenenergynews.com\\\/rs\\\/sve-je-spremno-da-zemlje-energetske-zajednice-izdaju-garancije-porekla\\\/\"]}]},{\"@type\":\"ImageObject\",\"inLanguage\":\"sr-RS\",\"@id\":\"https:\\\/\\\/balkangreenenergynews.com\\\/rs\\\/sve-je-spremno-da-zemlje-energetske-zajednice-izdaju-garancije-porekla\\\/#primaryimage\",\"url\":\"https:\\\/\\\/balkangreenenergynews.com\\\/rs\\\/wp-content\\\/uploads\\\/2022\\\/05\\\/garancije-porekla-energetska-zajednica-registri-trgovina.jpg?wsr\",\"contentUrl\":\"https:\\\/\\\/balkangreenenergynews.com\\\/rs\\\/wp-content\\\/uploads\\\/2022\\\/05\\\/garancije-porekla-energetska-zajednica-registri-trgovina.jpg?wsr\",\"width\":840,\"height\":430,\"caption\":\"garancije porekla energetska zajednica registri trgovina\"},{\"@type\":\"BreadcrumbList\",\"@id\":\"https:\\\/\\\/balkangreenenergynews.com\\\/rs\\\/sve-je-spremno-da-zemlje-energetske-zajednice-izdaju-garancije-porekla\\\/#breadcrumb\",\"itemListElement\":[{\"@type\":\"ListItem\",\"position\":1,\"name\":\"Po\u010detna\",\"item\":\"https:\\\/\\\/balkangreenenergynews.com\\\/rs\\\/\"},{\"@type\":\"ListItem\",\"position\":2,\"name\":\"Vesti\",\"item\":\"https:\\\/\\\/balkangreenenergynews.com\\\/rs\\\/kategorija\\\/vesti\\\/\"},{\"@type\":\"ListItem\",\"position\":3,\"name\":\"OIE\",\"item\":\"https:\\\/\\\/balkangreenenergynews.com\\\/rs\\\/kategorija\\\/vesti\\\/obnovljivi-izvori-energije\\\/\"},{\"@type\":\"ListItem\",\"position\":4,\"name\":\"Sve je spremno da zemlje Energetske zajednice izdaju garancije porekla\"}]},{\"@type\":\"WebSite\",\"@id\":\"https:\\\/\\\/balkangreenenergynews.com\\\/rs\\\/#website\",\"url\":\"https:\\\/\\\/balkangreenenergynews.com\\\/rs\\\/\",\"name\":\"Balkan Green Energy News\",\"description\":\"Naj\u0161iri izbor vesti sa Balkana o zelenoj energiji\",\"potentialAction\":[{\"@type\":\"SearchAction\",\"target\":{\"@type\":\"EntryPoint\",\"urlTemplate\":\"https:\\\/\\\/balkangreenenergynews.com\\\/rs\\\/?s={search_term_string}\"},\"query-input\":{\"@type\":\"PropertyValueSpecification\",\"valueRequired\":true,\"valueName\":\"search_term_string\"}}],\"inLanguage\":\"sr-RS\"},{\"@type\":\"Person\",\"@id\":\"https:\\\/\\\/balkangreenenergynews.com\\\/rs\\\/#\\\/schema\\\/person\\\/99dc721c46113fea22caffad06ef7317\",\"name\":\"Vladimir Spasi\u0107\",\"url\":\"https:\\\/\\\/balkangreenenergynews.com\\\/rs\\\/author\\\/vladimir-spasic\\\/\"}]}<\/script>\n<!-- \/ Yoast SEO plugin. -->","yoast_head_json":{"title":"Sve je spremno da zemlje Energetske zajednice izdaju garancije porekla","description":"Potrebno je da nacionalna izdava\u010dka tela potpi\u0161u ugovore o kori\u0161\u0107enju registara sa specijalizovanom firmom Grexel, ka\u017ee Naida Taso","robots":{"index":"index","follow":"follow","max-snippet":"max-snippet:-1","max-image-preview":"max-image-preview:large","max-video-preview":"max-video-preview:-1"},"canonical":"https:\/\/balkangreenenergynews.com\/rs\/sve-je-spremno-da-zemlje-energetske-zajednice-izdaju-garancije-porekla\/","og_locale":"sr_RS","og_type":"article","og_title":"Sve je spremno da zemlje Energetske zajednice izdaju garancije porekla","og_description":"Potrebno je da nacionalna izdava\u010dka tela potpi\u0161u ugovore o kori\u0161\u0107enju registara sa specijalizovanom firmom Grexel, ka\u017ee Naida Taso","og_url":"https:\/\/balkangreenenergynews.com\/rs\/sve-je-spremno-da-zemlje-energetske-zajednice-izdaju-garancije-porekla\/","og_site_name":"Balkan Green Energy News","article_published_time":"2022-05-26T14:23:42+00:00","article_modified_time":"2023-06-07T13:44:21+00:00","og_image":[{"width":840,"height":430,"url":"https:\/\/balkangreenenergynews.com\/rs\/wp-content\/uploads\/2022\/05\/garancije-porekla-energetska-zajednica-registri-trgovina.jpg","type":"image\/jpeg"}],"author":"Vladimir Spasi\u0107","twitter_card":"summary_large_image","twitter_misc":{"\u041d\u0430\u043f\u0438\u0441\u0430\u043d\u043e \u043e\u0434":"Vladimir Spasi\u0107","\u041f\u0440\u043e\u0446\u0435\u045a\u0435\u043d\u043e \u0432\u0440\u0435\u043c\u0435 \u0447\u0438\u0442\u0430\u045a\u0430":"3 \u043c\u0438\u043d\u0443\u0442\u0430"},"schema":{"@context":"https:\/\/schema.org","@graph":[{"@type":"Article","@id":"https:\/\/balkangreenenergynews.com\/rs\/sve-je-spremno-da-zemlje-energetske-zajednice-izdaju-garancije-porekla\/#article","isPartOf":{"@id":"https:\/\/balkangreenenergynews.com\/rs\/sve-je-spremno-da-zemlje-energetske-zajednice-izdaju-garancije-porekla\/"},"author":{"name":"Vladimir Spasi\u0107","@id":"https:\/\/balkangreenenergynews.com\/rs\/#\/schema\/person\/99dc721c46113fea22caffad06ef7317"},"headline":"Sve je spremno da zemlje Energetske zajednice izdaju garancije porekla","datePublished":"2022-05-26T14:23:42+00:00","dateModified":"2023-06-07T13:44:21+00:00","mainEntityOfPage":{"@id":"https:\/\/balkangreenenergynews.com\/rs\/sve-je-spremno-da-zemlje-energetske-zajednice-izdaju-garancije-porekla\/"},"wordCount":619,"commentCount":0,"image":{"@id":"https:\/\/balkangreenenergynews.com\/rs\/sve-je-spremno-da-zemlje-energetske-zajednice-izdaju-garancije-porekla\/#primaryimage"},"thumbnailUrl":"https:\/\/balkangreenenergynews.com\/rs\/wp-content\/uploads\/2022\/05\/garancije-porekla-energetska-zajednica-registri-trgovina.jpg?wsr","keywords":["energetska tranzicija","Energetska zajednica","garancije porekla","Naida Taso"],"articleSection":["Elektri\u010dna energija","OIE"],"inLanguage":"sr-RS","potentialAction":[{"@type":"CommentAction","name":"Comment","target":["https:\/\/balkangreenenergynews.com\/rs\/sve-je-spremno-da-zemlje-energetske-zajednice-izdaju-garancije-porekla\/#respond"]}]},{"@type":"WebPage","@id":"https:\/\/balkangreenenergynews.com\/rs\/sve-je-spremno-da-zemlje-energetske-zajednice-izdaju-garancije-porekla\/","url":"https:\/\/balkangreenenergynews.com\/rs\/sve-je-spremno-da-zemlje-energetske-zajednice-izdaju-garancije-porekla\/","name":"Sve je spremno da zemlje Energetske zajednice izdaju garancije porekla","isPartOf":{"@id":"https:\/\/balkangreenenergynews.com\/rs\/#website"},"primaryImageOfPage":{"@id":"https:\/\/balkangreenenergynews.com\/rs\/sve-je-spremno-da-zemlje-energetske-zajednice-izdaju-garancije-porekla\/#primaryimage"},"image":{"@id":"https:\/\/balkangreenenergynews.com\/rs\/sve-je-spremno-da-zemlje-energetske-zajednice-izdaju-garancije-porekla\/#primaryimage"},"thumbnailUrl":"https:\/\/balkangreenenergynews.com\/rs\/wp-content\/uploads\/2022\/05\/garancije-porekla-energetska-zajednica-registri-trgovina.jpg?wsr","datePublished":"2022-05-26T14:23:42+00:00","dateModified":"2023-06-07T13:44:21+00:00","author":{"@id":"https:\/\/balkangreenenergynews.com\/rs\/#\/schema\/person\/99dc721c46113fea22caffad06ef7317"},"description":"Potrebno je da nacionalna izdava\u010dka tela potpi\u0161u ugovore o kori\u0161\u0107enju registara sa specijalizovanom firmom Grexel, ka\u017ee Naida Taso","breadcrumb":{"@id":"https:\/\/balkangreenenergynews.com\/rs\/sve-je-spremno-da-zemlje-energetske-zajednice-izdaju-garancije-porekla\/#breadcrumb"},"inLanguage":"sr-RS","potentialAction":[{"@type":"ReadAction","target":["https:\/\/balkangreenenergynews.com\/rs\/sve-je-spremno-da-zemlje-energetske-zajednice-izdaju-garancije-porekla\/"]}]},{"@type":"ImageObject","inLanguage":"sr-RS","@id":"https:\/\/balkangreenenergynews.com\/rs\/sve-je-spremno-da-zemlje-energetske-zajednice-izdaju-garancije-porekla\/#primaryimage","url":"https:\/\/balkangreenenergynews.com\/rs\/wp-content\/uploads\/2022\/05\/garancije-porekla-energetska-zajednica-registri-trgovina.jpg?wsr","contentUrl":"https:\/\/balkangreenenergynews.com\/rs\/wp-content\/uploads\/2022\/05\/garancije-porekla-energetska-zajednica-registri-trgovina.jpg?wsr","width":840,"height":430,"caption":"garancije porekla energetska zajednica registri trgovina"},{"@type":"BreadcrumbList","@id":"https:\/\/balkangreenenergynews.com\/rs\/sve-je-spremno-da-zemlje-energetske-zajednice-izdaju-garancije-porekla\/#breadcrumb","itemListElement":[{"@type":"ListItem","position":1,"name":"Po\u010detna","item":"https:\/\/balkangreenenergynews.com\/rs\/"},{"@type":"ListItem","position":2,"name":"Vesti","item":"https:\/\/balkangreenenergynews.com\/rs\/kategorija\/vesti\/"},{"@type":"ListItem","position":3,"name":"OIE","item":"https:\/\/balkangreenenergynews.com\/rs\/kategorija\/vesti\/obnovljivi-izvori-energije\/"},{"@type":"ListItem","position":4,"name":"Sve je spremno da zemlje Energetske zajednice izdaju garancije porekla"}]},{"@type":"WebSite","@id":"https:\/\/balkangreenenergynews.com\/rs\/#website","url":"https:\/\/balkangreenenergynews.com\/rs\/","name":"Balkan Green Energy News","description":"Naj\u0161iri izbor vesti sa Balkana o zelenoj energiji","potentialAction":[{"@type":"SearchAction","target":{"@type":"EntryPoint","urlTemplate":"https:\/\/balkangreenenergynews.com\/rs\/?s={search_term_string}"},"query-input":{"@type":"PropertyValueSpecification","valueRequired":true,"valueName":"search_term_string"}}],"inLanguage":"sr-RS"},{"@type":"Person","@id":"https:\/\/balkangreenenergynews.com\/rs\/#\/schema\/person\/99dc721c46113fea22caffad06ef7317","name":"Vladimir Spasi\u0107","url":"https:\/\/balkangreenenergynews.com\/rs\/author\/vladimir-spasic\/"}]}},"_links":{"self":[{"href":"https:\/\/balkangreenenergynews.com\/rs\/wp-json\/wp\/v2\/posts\/48998","targetHints":{"allow":["GET"]}}],"collection":[{"href":"https:\/\/balkangreenenergynews.com\/rs\/wp-json\/wp\/v2\/posts"}],"about":[{"href":"https:\/\/balkangreenenergynews.com\/rs\/wp-json\/wp\/v2\/types\/post"}],"author":[{"embeddable":true,"href":"https:\/\/balkangreenenergynews.com\/rs\/wp-json\/wp\/v2\/users\/23"}],"replies":[{"embeddable":true,"href":"https:\/\/balkangreenenergynews.com\/rs\/wp-json\/wp\/v2\/comments?post=48998"}],"version-history":[{"count":0,"href":"https:\/\/balkangreenenergynews.com\/rs\/wp-json\/wp\/v2\/posts\/48998\/revisions"}],"wp:featuredmedia":[{"embeddable":true,"href":"https:\/\/balkangreenenergynews.com\/rs\/wp-json\/wp\/v2\/media\/48999"}],"wp:attachment":[{"href":"https:\/\/balkangreenenergynews.com\/rs\/wp-json\/wp\/v2\/media?parent=48998"}],"wp:term":[{"taxonomy":"category","embeddable":true,"href":"https:\/\/balkangreenenergynews.com\/rs\/wp-json\/wp\/v2\/categories?post=48998"},{"taxonomy":"post_tag","embeddable":true,"href":"https:\/\/balkangreenenergynews.com\/rs\/wp-json\/wp\/v2\/tags?post=48998"}],"curies":[{"name":"wp","href":"https:\/\/api.w.org\/{rel}","templated":true}]}}