{"id":48547,"date":"2022-05-11T00:45:11","date_gmt":"2022-05-10T22:45:11","guid":{"rendered":"https:\/\/balkangreenenergynews.com\/rs\/?p=48547"},"modified":"2022-05-14T09:31:30","modified_gmt":"2022-05-14T07:31:30","slug":"republika-srpska-ce-za-pet-godina-imati-jos-700-mw-u-zelenim-elektranama","status":"publish","type":"post","link":"https:\/\/balkangreenenergynews.com\/rs\/republika-srpska-ce-za-pet-godina-imati-jos-700-mw-u-zelenim-elektranama\/","title":{"rendered":"Republika Srpska \u0107e za pet godina imati jo\u0161 700 MW u zelenim elektranama"},"content":{"rendered":"<h2>Republika Srpska izvozi do 35 odsto proizvedene elektri\u010dne energije i od prodaje \u0107e podsta\u0107i prozjumere, izjavio je ministar energetike i rudarstva Petar \u0110oki\u0107. Po njegovim re\u010dima, aktuelni projekti elektrana na obnovljive izvore od ukupno 700 megavata \u0107e biti zavr\u0161eni u roku od pet godina.<\/h2>\n<p>Ministar energetike i rudarstva Republike Srpske Petar \u0110oki\u0107 izjavio je da ukupna snaga ugovorenih i projekata <a href=\"https:\/\/balkangreenenergynews.com\/rs\/unicredit-banka-odobrila-kredit-ers-u-za-gradnju-hidroelektrana-na-bistrici\/\">hidroelektrana<\/a> i <a href=\"https:\/\/balkangreenenergynews.com\/rs\/lugos-renewables-i-ers-zajedno-grade-solarnu-elektranu-trebinje-1\/\">solarnih<\/a> i vetroelektrana u izgradnji iznosi 700 megavata i da oni vrede 2,2 milijarde konvertibilnih maraka (1,1 milijardu evra). Sve mogu biti zavr\u0161ene za do pet godina, kazao je na konferenciji \u2018Energetika i Balkan: tranzicija ka obnovljivim izvorima i pobolj\u0161anje energetskih veza\u2019 <a href=\"https:\/\/balkangreenenergynews.com\/rs\/mihajlovic-srbija-ce-zastititi-ranjiva-domacinstva-od-skoka-cena-energenata\/\">u organizaciji Confindustrije.<\/a><\/p>\n<p>Manji entitet Bosne i Hercegovine izvozi do 35 odsto proizvedene elektri\u010dne energije i zahvaljuju\u0107i visokim tr\u017ei\u0161nim cenama usled energetske krize \u0107e tim sredstvima finansirati <a href=\"https:\/\/balkangreenenergynews.com\/rs\/ers-pocinje-instalaciju-solarnih-panela-na-krovove-domacinstava-u-trebinju\/\">fotonaponske sisteme na stambenim objektima<\/a> i afirmisati energetske zajednice malih proizvo\u0111a\u010da, istakao je \u0110oki\u0107.<\/p>\n<h3>Republika Srpska o\u010dekuje pomo\u0107 EU za dekarbonizaciju<\/h3>\n<p>Republika Srpska je s 39 malih hidroelektrana dobila 110 megavata kapaciteta i jo\u0161 25 megavata od solara, napomenuo je ministar. Pomenuti projekti iz obnovljivih izvora \u0107e stvoriti potpuno druga\u010diju energetsku sliku, izjavio je \u0110oki\u0107.<\/p>\n<p>Entitetska vlada je posve\u0107ena dekarbonizaciji, ali trenutno nema sredstava i o\u010dekuje od Evropske unije da joj pomogne, naglasio je. \u0110oki\u0107 je rekao da postoje\u0107i <a href=\"https:\/\/balkangreenenergynews.com\/rs\/vlada-republike-srpske-usvojila-izmene-zakona-o-energetici\/\">zakonski okvir<\/a> i u Republici Srpskoj i u BiH omogu\u0107ava za\u0161titu stranih investicija.<\/p>\n<h3>U planu su aukcije za podsticaje<\/h3>\n<p>Republika Srpska sprema podsticaje putem aukcija i odredi\u0107e raspolo\u017eiva sredstva na godi\u0161njem nivou, napomenuo je ministar. Me\u0111utim, po njegovim re\u010dima, podr\u0161ka uop\u0161te nije neophodna s obzirom na aktuelne cene struje i bele\u017ei se veliko interesovanje investitora.<\/p>\n<p>S druge strane, proizvodnja elektri\u010dne energije u termoelektranama na ugalj je postala izuzetno skupa, izjavio je Petar \u0110oki\u0107 i ukazao na rast tro\u0161kova na ime odr\u017eavanja i remonta. Najve\u0107i projekat u toku je <a href=\"https:\/\/balkangreenenergynews.com\/rs\/ers-novom-dokapitalizacijom-i-kreditom-pokusava-da-zavrsi-gradnju-he-na-bistrici-i-he-dabar\/\">hidroelektrana Dabar,<\/a> od 150 megavata, naveo je i pomenuo i da su krenuli radovi na sistemu <a href=\"https:\/\/balkangreenenergynews.com\/rs\/eps-najavio-investicije-u-zelenu-energiju\/\">Gornja Drina<\/a> i da je predvi\u0111eno da ukupna snaga dostigne 90 megavata.<\/p>\n","protected":false},"excerpt":{"rendered":"<p>Republika Srpska izvozi do 35 odsto svoje elektri\u010dne energije i od prodaje \u0107e podsta\u0107i prozjumere, izjavio je ministar energetike i rudarstva Petar \u0110oki\u0107<\/p>\n","protected":false},"author":27,"featured_media":48606,"comment_status":"open","ping_status":"open","sticky":false,"template":"","format":"standard","meta":{"_acf_changed":false,"_monsterinsights_skip_tracking":false,"_monsterinsights_sitenote_active":false,"_monsterinsights_sitenote_note":"","_monsterinsights_sitenote_category":0,"footnotes":""},"categories":[504,6295,1],"tags":[3279,669,1854,3140,5985,975,5919,4369,647,1479],"class_list":["post-48547","post","type-post","status-publish","format-standard","has-post-thumbnail","hentry","category-elektricna-energija","category-energetska-kriza","category-obnovljivi-izvori-energije","tag-dekarbonizacija","tag-elektricna-energija","tag-energetska-tranzicija","tag-energetske-zadruge","tag-energetske-zajednice","tag-he-dabar","tag-hes-gornja-drina","tag-hidroelektrana-dabar","tag-obnovljivi-izvori-energije","tag-petar-dokic","country-bosna-i-hercegovina"],"acf":[],"yoast_head":"<!-- This site is optimized with the Yoast SEO plugin v27.4 - https:\/\/yoast.com\/product\/yoast-seo-wordpress\/ -->\n<title>Republika Srpska \u0107e za pet godina imati jo\u0161 700 MW u zelenim elektranama<\/title>\n<meta name=\"description\" content=\"Republika Srpska izvozi do 35 odsto svoje elektri\u010dne energije i od prodaje \u0107e podsta\u0107i prozjumere, izjavio je ministar energetike i rudarstva Petar \u0110oki\u0107.\" \/>\n<meta name=\"robots\" content=\"index, follow, max-snippet:-1, max-image-preview:large, max-video-preview:-1\" \/>\n<link rel=\"canonical\" href=\"https:\/\/balkangreenenergynews.com\/rs\/republika-srpska-ce-za-pet-godina-imati-jos-700-mw-u-zelenim-elektranama\/\" \/>\n<meta property=\"og:locale\" content=\"sr_RS\" \/>\n<meta property=\"og:type\" content=\"article\" \/>\n<meta property=\"og:title\" content=\"Republika Srpska \u0107e za pet godina imati jo\u0161 700 MW u zelenim elektranama\" \/>\n<meta property=\"og:description\" content=\"Republika Srpska izvozi do 35 odsto svoje elektri\u010dne energije i od prodaje \u0107e podsta\u0107i prozjumere, izjavio je ministar energetike i rudarstva Petar \u0110oki\u0107.\" \/>\n<meta property=\"og:url\" content=\"https:\/\/balkangreenenergynews.com\/rs\/republika-srpska-ce-za-pet-godina-imati-jos-700-mw-u-zelenim-elektranama\/\" \/>\n<meta property=\"og:site_name\" content=\"Balkan Green Energy News\" \/>\n<meta property=\"article:published_time\" content=\"2022-05-10T22:45:11+00:00\" \/>\n<meta property=\"article:modified_time\" content=\"2022-05-14T07:31:30+00:00\" \/>\n<meta property=\"og:image\" content=\"https:\/\/balkangreenenergynews.com\/rs\/wp-content\/uploads\/2022\/05\/Republika-Srpska-za-pet-godina-700-MW-zelenim-elektranama.jpg\" \/>\n\t<meta property=\"og:image:width\" content=\"840\" \/>\n\t<meta property=\"og:image:height\" content=\"430\" \/>\n\t<meta property=\"og:image:type\" content=\"image\/jpeg\" \/>\n<meta name=\"author\" content=\"Igor Todorovi\u0107\" \/>\n<meta name=\"twitter:card\" content=\"summary_large_image\" \/>\n<meta name=\"twitter:label1\" content=\"\u041d\u0430\u043f\u0438\u0441\u0430\u043d\u043e \u043e\u0434\" \/>\n\t<meta name=\"twitter:data1\" content=\"Igor Todorovi\u0107\" \/>\n\t<meta name=\"twitter:label2\" content=\"\u041f\u0440\u043e\u0446\u0435\u045a\u0435\u043d\u043e \u0432\u0440\u0435\u043c\u0435 \u0447\u0438\u0442\u0430\u045a\u0430\" \/>\n\t<meta name=\"twitter:data2\" content=\"2 \u043c\u0438\u043d\u0443\u0442\u0430\" \/>\n<script type=\"application\/ld+json\" class=\"yoast-schema-graph\">{\"@context\":\"https:\\\/\\\/schema.org\",\"@graph\":[{\"@type\":\"Article\",\"@id\":\"https:\\\/\\\/balkangreenenergynews.com\\\/rs\\\/republika-srpska-ce-za-pet-godina-imati-jos-700-mw-u-zelenim-elektranama\\\/#article\",\"isPartOf\":{\"@id\":\"https:\\\/\\\/balkangreenenergynews.com\\\/rs\\\/republika-srpska-ce-za-pet-godina-imati-jos-700-mw-u-zelenim-elektranama\\\/\"},\"author\":{\"name\":\"Igor Todorovi\u0107\",\"@id\":\"https:\\\/\\\/balkangreenenergynews.com\\\/rs\\\/#\\\/schema\\\/person\\\/d8f80a244c4e9f2b55e4f6968c253246\"},\"headline\":\"Republika Srpska \u0107e za pet godina imati jo\u0161 700 MW u zelenim elektranama\",\"datePublished\":\"2022-05-10T22:45:11+00:00\",\"dateModified\":\"2022-05-14T07:31:30+00:00\",\"mainEntityOfPage\":{\"@id\":\"https:\\\/\\\/balkangreenenergynews.com\\\/rs\\\/republika-srpska-ce-za-pet-godina-imati-jos-700-mw-u-zelenim-elektranama\\\/\"},\"wordCount\":359,\"commentCount\":0,\"image\":{\"@id\":\"https:\\\/\\\/balkangreenenergynews.com\\\/rs\\\/republika-srpska-ce-za-pet-godina-imati-jos-700-mw-u-zelenim-elektranama\\\/#primaryimage\"},\"thumbnailUrl\":\"https:\\\/\\\/balkangreenenergynews.com\\\/rs\\\/wp-content\\\/uploads\\\/2022\\\/05\\\/Republika-Srpska-za-pet-godina-700-MW-zelenim-elektranama.jpg?wsr\",\"keywords\":[\"dekarbonizacija\",\"elektri\u010dna energija\",\"energetska tranzicija\",\"energetske zadruge\",\"energetske zajednice\",\"HE Dabar\",\"HES Gornja Drina\",\"Hidroelektrana Dabar\",\"obnovljivi izvori energije\",\"Petar \u0110oki\u0107\"],\"articleSection\":[\"Elektri\u010dna energija\",\"Energetska kriza\",\"OIE\"],\"inLanguage\":\"sr-RS\",\"potentialAction\":[{\"@type\":\"CommentAction\",\"name\":\"Comment\",\"target\":[\"https:\\\/\\\/balkangreenenergynews.com\\\/rs\\\/republika-srpska-ce-za-pet-godina-imati-jos-700-mw-u-zelenim-elektranama\\\/#respond\"]}]},{\"@type\":\"WebPage\",\"@id\":\"https:\\\/\\\/balkangreenenergynews.com\\\/rs\\\/republika-srpska-ce-za-pet-godina-imati-jos-700-mw-u-zelenim-elektranama\\\/\",\"url\":\"https:\\\/\\\/balkangreenenergynews.com\\\/rs\\\/republika-srpska-ce-za-pet-godina-imati-jos-700-mw-u-zelenim-elektranama\\\/\",\"name\":\"Republika Srpska \u0107e za pet godina imati jo\u0161 700 MW u zelenim elektranama\",\"isPartOf\":{\"@id\":\"https:\\\/\\\/balkangreenenergynews.com\\\/rs\\\/#website\"},\"primaryImageOfPage\":{\"@id\":\"https:\\\/\\\/balkangreenenergynews.com\\\/rs\\\/republika-srpska-ce-za-pet-godina-imati-jos-700-mw-u-zelenim-elektranama\\\/#primaryimage\"},\"image\":{\"@id\":\"https:\\\/\\\/balkangreenenergynews.com\\\/rs\\\/republika-srpska-ce-za-pet-godina-imati-jos-700-mw-u-zelenim-elektranama\\\/#primaryimage\"},\"thumbnailUrl\":\"https:\\\/\\\/balkangreenenergynews.com\\\/rs\\\/wp-content\\\/uploads\\\/2022\\\/05\\\/Republika-Srpska-za-pet-godina-700-MW-zelenim-elektranama.jpg?wsr\",\"datePublished\":\"2022-05-10T22:45:11+00:00\",\"dateModified\":\"2022-05-14T07:31:30+00:00\",\"author\":{\"@id\":\"https:\\\/\\\/balkangreenenergynews.com\\\/rs\\\/#\\\/schema\\\/person\\\/d8f80a244c4e9f2b55e4f6968c253246\"},\"description\":\"Republika Srpska izvozi do 35 odsto svoje elektri\u010dne energije i od prodaje \u0107e podsta\u0107i prozjumere, izjavio je ministar energetike i rudarstva Petar \u0110oki\u0107.\",\"breadcrumb\":{\"@id\":\"https:\\\/\\\/balkangreenenergynews.com\\\/rs\\\/republika-srpska-ce-za-pet-godina-imati-jos-700-mw-u-zelenim-elektranama\\\/#breadcrumb\"},\"inLanguage\":\"sr-RS\",\"potentialAction\":[{\"@type\":\"ReadAction\",\"target\":[\"https:\\\/\\\/balkangreenenergynews.com\\\/rs\\\/republika-srpska-ce-za-pet-godina-imati-jos-700-mw-u-zelenim-elektranama\\\/\"]}]},{\"@type\":\"ImageObject\",\"inLanguage\":\"sr-RS\",\"@id\":\"https:\\\/\\\/balkangreenenergynews.com\\\/rs\\\/republika-srpska-ce-za-pet-godina-imati-jos-700-mw-u-zelenim-elektranama\\\/#primaryimage\",\"url\":\"https:\\\/\\\/balkangreenenergynews.com\\\/rs\\\/wp-content\\\/uploads\\\/2022\\\/05\\\/Republika-Srpska-za-pet-godina-700-MW-zelenim-elektranama.jpg?wsr\",\"contentUrl\":\"https:\\\/\\\/balkangreenenergynews.com\\\/rs\\\/wp-content\\\/uploads\\\/2022\\\/05\\\/Republika-Srpska-za-pet-godina-700-MW-zelenim-elektranama.jpg?wsr\",\"width\":840,\"height\":430,\"caption\":\"Republika Srpska za pet godina 700 MW zelenim elektranama\"},{\"@type\":\"BreadcrumbList\",\"@id\":\"https:\\\/\\\/balkangreenenergynews.com\\\/rs\\\/republika-srpska-ce-za-pet-godina-imati-jos-700-mw-u-zelenim-elektranama\\\/#breadcrumb\",\"itemListElement\":[{\"@type\":\"ListItem\",\"position\":1,\"name\":\"Po\u010detna\",\"item\":\"https:\\\/\\\/balkangreenenergynews.com\\\/rs\\\/\"},{\"@type\":\"ListItem\",\"position\":2,\"name\":\"Vesti\",\"item\":\"https:\\\/\\\/balkangreenenergynews.com\\\/rs\\\/kategorija\\\/vesti\\\/\"},{\"@type\":\"ListItem\",\"position\":3,\"name\":\"OIE\",\"item\":\"https:\\\/\\\/balkangreenenergynews.com\\\/rs\\\/kategorija\\\/vesti\\\/obnovljivi-izvori-energije\\\/\"},{\"@type\":\"ListItem\",\"position\":4,\"name\":\"Republika Srpska \u0107e za pet godina imati jo\u0161 700 MW u zelenim elektranama\"}]},{\"@type\":\"WebSite\",\"@id\":\"https:\\\/\\\/balkangreenenergynews.com\\\/rs\\\/#website\",\"url\":\"https:\\\/\\\/balkangreenenergynews.com\\\/rs\\\/\",\"name\":\"Balkan Green Energy News\",\"description\":\"Naj\u0161iri izbor vesti sa Balkana o zelenoj energiji\",\"potentialAction\":[{\"@type\":\"SearchAction\",\"target\":{\"@type\":\"EntryPoint\",\"urlTemplate\":\"https:\\\/\\\/balkangreenenergynews.com\\\/rs\\\/?s={search_term_string}\"},\"query-input\":{\"@type\":\"PropertyValueSpecification\",\"valueRequired\":true,\"valueName\":\"search_term_string\"}}],\"inLanguage\":\"sr-RS\"},{\"@type\":\"Person\",\"@id\":\"https:\\\/\\\/balkangreenenergynews.com\\\/rs\\\/#\\\/schema\\\/person\\\/d8f80a244c4e9f2b55e4f6968c253246\",\"name\":\"Igor Todorovi\u0107\",\"url\":\"https:\\\/\\\/balkangreenenergynews.com\\\/rs\\\/author\\\/igor-todorovic\\\/\"}]}<\/script>\n<!-- \/ Yoast SEO plugin. -->","yoast_head_json":{"title":"Republika Srpska \u0107e za pet godina imati jo\u0161 700 MW u zelenim elektranama","description":"Republika Srpska izvozi do 35 odsto svoje elektri\u010dne energije i od prodaje \u0107e podsta\u0107i prozjumere, izjavio je ministar energetike i rudarstva Petar \u0110oki\u0107.","robots":{"index":"index","follow":"follow","max-snippet":"max-snippet:-1","max-image-preview":"max-image-preview:large","max-video-preview":"max-video-preview:-1"},"canonical":"https:\/\/balkangreenenergynews.com\/rs\/republika-srpska-ce-za-pet-godina-imati-jos-700-mw-u-zelenim-elektranama\/","og_locale":"sr_RS","og_type":"article","og_title":"Republika Srpska \u0107e za pet godina imati jo\u0161 700 MW u zelenim elektranama","og_description":"Republika Srpska izvozi do 35 odsto svoje elektri\u010dne energije i od prodaje \u0107e podsta\u0107i prozjumere, izjavio je ministar energetike i rudarstva Petar \u0110oki\u0107.","og_url":"https:\/\/balkangreenenergynews.com\/rs\/republika-srpska-ce-za-pet-godina-imati-jos-700-mw-u-zelenim-elektranama\/","og_site_name":"Balkan Green Energy News","article_published_time":"2022-05-10T22:45:11+00:00","article_modified_time":"2022-05-14T07:31:30+00:00","og_image":[{"width":840,"height":430,"url":"https:\/\/balkangreenenergynews.com\/rs\/wp-content\/uploads\/2022\/05\/Republika-Srpska-za-pet-godina-700-MW-zelenim-elektranama.jpg","type":"image\/jpeg"}],"author":"Igor Todorovi\u0107","twitter_card":"summary_large_image","twitter_misc":{"\u041d\u0430\u043f\u0438\u0441\u0430\u043d\u043e \u043e\u0434":"Igor Todorovi\u0107","\u041f\u0440\u043e\u0446\u0435\u045a\u0435\u043d\u043e \u0432\u0440\u0435\u043c\u0435 \u0447\u0438\u0442\u0430\u045a\u0430":"2 \u043c\u0438\u043d\u0443\u0442\u0430"},"schema":{"@context":"https:\/\/schema.org","@graph":[{"@type":"Article","@id":"https:\/\/balkangreenenergynews.com\/rs\/republika-srpska-ce-za-pet-godina-imati-jos-700-mw-u-zelenim-elektranama\/#article","isPartOf":{"@id":"https:\/\/balkangreenenergynews.com\/rs\/republika-srpska-ce-za-pet-godina-imati-jos-700-mw-u-zelenim-elektranama\/"},"author":{"name":"Igor Todorovi\u0107","@id":"https:\/\/balkangreenenergynews.com\/rs\/#\/schema\/person\/d8f80a244c4e9f2b55e4f6968c253246"},"headline":"Republika Srpska \u0107e za pet godina imati jo\u0161 700 MW u zelenim elektranama","datePublished":"2022-05-10T22:45:11+00:00","dateModified":"2022-05-14T07:31:30+00:00","mainEntityOfPage":{"@id":"https:\/\/balkangreenenergynews.com\/rs\/republika-srpska-ce-za-pet-godina-imati-jos-700-mw-u-zelenim-elektranama\/"},"wordCount":359,"commentCount":0,"image":{"@id":"https:\/\/balkangreenenergynews.com\/rs\/republika-srpska-ce-za-pet-godina-imati-jos-700-mw-u-zelenim-elektranama\/#primaryimage"},"thumbnailUrl":"https:\/\/balkangreenenergynews.com\/rs\/wp-content\/uploads\/2022\/05\/Republika-Srpska-za-pet-godina-700-MW-zelenim-elektranama.jpg?wsr","keywords":["dekarbonizacija","elektri\u010dna energija","energetska tranzicija","energetske zadruge","energetske zajednice","HE Dabar","HES Gornja Drina","Hidroelektrana Dabar","obnovljivi izvori energije","Petar \u0110oki\u0107"],"articleSection":["Elektri\u010dna energija","Energetska kriza","OIE"],"inLanguage":"sr-RS","potentialAction":[{"@type":"CommentAction","name":"Comment","target":["https:\/\/balkangreenenergynews.com\/rs\/republika-srpska-ce-za-pet-godina-imati-jos-700-mw-u-zelenim-elektranama\/#respond"]}]},{"@type":"WebPage","@id":"https:\/\/balkangreenenergynews.com\/rs\/republika-srpska-ce-za-pet-godina-imati-jos-700-mw-u-zelenim-elektranama\/","url":"https:\/\/balkangreenenergynews.com\/rs\/republika-srpska-ce-za-pet-godina-imati-jos-700-mw-u-zelenim-elektranama\/","name":"Republika Srpska \u0107e za pet godina imati jo\u0161 700 MW u zelenim elektranama","isPartOf":{"@id":"https:\/\/balkangreenenergynews.com\/rs\/#website"},"primaryImageOfPage":{"@id":"https:\/\/balkangreenenergynews.com\/rs\/republika-srpska-ce-za-pet-godina-imati-jos-700-mw-u-zelenim-elektranama\/#primaryimage"},"image":{"@id":"https:\/\/balkangreenenergynews.com\/rs\/republika-srpska-ce-za-pet-godina-imati-jos-700-mw-u-zelenim-elektranama\/#primaryimage"},"thumbnailUrl":"https:\/\/balkangreenenergynews.com\/rs\/wp-content\/uploads\/2022\/05\/Republika-Srpska-za-pet-godina-700-MW-zelenim-elektranama.jpg?wsr","datePublished":"2022-05-10T22:45:11+00:00","dateModified":"2022-05-14T07:31:30+00:00","author":{"@id":"https:\/\/balkangreenenergynews.com\/rs\/#\/schema\/person\/d8f80a244c4e9f2b55e4f6968c253246"},"description":"Republika Srpska izvozi do 35 odsto svoje elektri\u010dne energije i od prodaje \u0107e podsta\u0107i prozjumere, izjavio je ministar energetike i rudarstva Petar \u0110oki\u0107.","breadcrumb":{"@id":"https:\/\/balkangreenenergynews.com\/rs\/republika-srpska-ce-za-pet-godina-imati-jos-700-mw-u-zelenim-elektranama\/#breadcrumb"},"inLanguage":"sr-RS","potentialAction":[{"@type":"ReadAction","target":["https:\/\/balkangreenenergynews.com\/rs\/republika-srpska-ce-za-pet-godina-imati-jos-700-mw-u-zelenim-elektranama\/"]}]},{"@type":"ImageObject","inLanguage":"sr-RS","@id":"https:\/\/balkangreenenergynews.com\/rs\/republika-srpska-ce-za-pet-godina-imati-jos-700-mw-u-zelenim-elektranama\/#primaryimage","url":"https:\/\/balkangreenenergynews.com\/rs\/wp-content\/uploads\/2022\/05\/Republika-Srpska-za-pet-godina-700-MW-zelenim-elektranama.jpg?wsr","contentUrl":"https:\/\/balkangreenenergynews.com\/rs\/wp-content\/uploads\/2022\/05\/Republika-Srpska-za-pet-godina-700-MW-zelenim-elektranama.jpg?wsr","width":840,"height":430,"caption":"Republika Srpska za pet godina 700 MW zelenim elektranama"},{"@type":"BreadcrumbList","@id":"https:\/\/balkangreenenergynews.com\/rs\/republika-srpska-ce-za-pet-godina-imati-jos-700-mw-u-zelenim-elektranama\/#breadcrumb","itemListElement":[{"@type":"ListItem","position":1,"name":"Po\u010detna","item":"https:\/\/balkangreenenergynews.com\/rs\/"},{"@type":"ListItem","position":2,"name":"Vesti","item":"https:\/\/balkangreenenergynews.com\/rs\/kategorija\/vesti\/"},{"@type":"ListItem","position":3,"name":"OIE","item":"https:\/\/balkangreenenergynews.com\/rs\/kategorija\/vesti\/obnovljivi-izvori-energije\/"},{"@type":"ListItem","position":4,"name":"Republika Srpska \u0107e za pet godina imati jo\u0161 700 MW u zelenim elektranama"}]},{"@type":"WebSite","@id":"https:\/\/balkangreenenergynews.com\/rs\/#website","url":"https:\/\/balkangreenenergynews.com\/rs\/","name":"Balkan Green Energy News","description":"Naj\u0161iri izbor vesti sa Balkana o zelenoj energiji","potentialAction":[{"@type":"SearchAction","target":{"@type":"EntryPoint","urlTemplate":"https:\/\/balkangreenenergynews.com\/rs\/?s={search_term_string}"},"query-input":{"@type":"PropertyValueSpecification","valueRequired":true,"valueName":"search_term_string"}}],"inLanguage":"sr-RS"},{"@type":"Person","@id":"https:\/\/balkangreenenergynews.com\/rs\/#\/schema\/person\/d8f80a244c4e9f2b55e4f6968c253246","name":"Igor Todorovi\u0107","url":"https:\/\/balkangreenenergynews.com\/rs\/author\/igor-todorovic\/"}]}},"_links":{"self":[{"href":"https:\/\/balkangreenenergynews.com\/rs\/wp-json\/wp\/v2\/posts\/48547","targetHints":{"allow":["GET"]}}],"collection":[{"href":"https:\/\/balkangreenenergynews.com\/rs\/wp-json\/wp\/v2\/posts"}],"about":[{"href":"https:\/\/balkangreenenergynews.com\/rs\/wp-json\/wp\/v2\/types\/post"}],"author":[{"embeddable":true,"href":"https:\/\/balkangreenenergynews.com\/rs\/wp-json\/wp\/v2\/users\/27"}],"replies":[{"embeddable":true,"href":"https:\/\/balkangreenenergynews.com\/rs\/wp-json\/wp\/v2\/comments?post=48547"}],"version-history":[{"count":0,"href":"https:\/\/balkangreenenergynews.com\/rs\/wp-json\/wp\/v2\/posts\/48547\/revisions"}],"wp:featuredmedia":[{"embeddable":true,"href":"https:\/\/balkangreenenergynews.com\/rs\/wp-json\/wp\/v2\/media\/48606"}],"wp:attachment":[{"href":"https:\/\/balkangreenenergynews.com\/rs\/wp-json\/wp\/v2\/media?parent=48547"}],"wp:term":[{"taxonomy":"category","embeddable":true,"href":"https:\/\/balkangreenenergynews.com\/rs\/wp-json\/wp\/v2\/categories?post=48547"},{"taxonomy":"post_tag","embeddable":true,"href":"https:\/\/balkangreenenergynews.com\/rs\/wp-json\/wp\/v2\/tags?post=48547"}],"curies":[{"name":"wp","href":"https:\/\/api.w.org\/{rel}","templated":true}]}}