{"id":48455,"date":"2022-05-09T17:34:39","date_gmt":"2022-05-09T15:34:39","guid":{"rendered":"https:\/\/balkangreenenergynews.com\/rs\/?p=48455"},"modified":"2024-07-03T21:57:05","modified_gmt":"2024-07-03T19:57:05","slug":"za-i-protiv-nuklearna-energija-u-svetlu-energetske-bezbednosti","status":"publish","type":"post","link":"https:\/\/balkangreenenergynews.com\/rs\/za-i-protiv-nuklearna-energija-u-svetlu-energetske-bezbednosti\/","title":{"rendered":"Za i protiv \u2013 nuklearna energija u svetlu energetske bezbednosti"},"content":{"rendered":"<h2><span lang=\"sr-Latn-RS\">Japan najavljuje povratak nukleark<\/span><span lang=\"sr-Latn-RS\">ama u svom energetskom miksu<\/span><span lang=\"sr-Latn-RS\">, a Nema\u010dka je,<\/span><span lang=\"sr-Latn-RS\"> nakon razmatranja mogu\u0107nosti produ\u017eetka rada postoje\u0107ih nuklearnih elektrana,<\/span><span lang=\"sr-Latn-RS\">\u00a0ipak<\/span><span lang=\"sr-Latn-RS\"> odlu\u010dila da ih zatvori.<\/span><\/h2>\n<p>Japan prevazilazi ranjivost svoje bezbednosti snabdevanja energentima kroz diverzifikaciju nabavke, uvo\u0111enje obnovljivih izvora energije na najvi\u0161em mogu\u0107em nivou i kori\u0161\u0107enje nuklearne energije, najavio je premijer Fumio Kishida.<\/p>\n<p>Japan \u0107e se ponovo okrenuti nuklearnoj energiji u nastojanju da oja\u010da svoju energetsku bezbednost i kako bi smanjio zavisnost od ruskih energenata, poru\u010dio je Kishida.<\/p>\n<p>&#8222;Pored obnovljivih izvora, koristi\u0107emo nuklearne reaktore sa sigurnosnim garancijama kako bismo doprineli smanjenju zavisnosti od ruskih energenata \u0161irom sveta&#8220;, rekao je Kishida u <a href=\"https:\/\/asia.nikkei.com\/Politics\/International-relations\/Transcript-Japan-PM-Kishida-s-speech-in-London\">govoru odr\u017eanom u Londonu<\/a>.<\/p>\n<p>Ponovno pokretanje samo jednog postoje\u0107eg nuklearnog reaktora imalo bi isti efekat kao jedan milion tona te\u010dnog prirodnog gasa (LNG) godi\u0161nje vi\u0161e na globalnom tr\u017ei\u0161tu, pomenuo je premijer.<\/p>\n<blockquote><p>Kishida: Ponovno pokretanje samo jednog postoje\u0107eg nuklearnog reaktora imalo bi isti efekat kao jedan milion tona LNG-a godi\u0161nje<\/p><\/blockquote>\n<p>Kishida je rekao da klimatske promene ostaju hitno pitanje kao i da \u0107e kreativnost i inovacije biti klju\u010dne u talasima digitalne transformacije i dekarbonizacije. Japan \u0107e artikulisati nacionalnu strategiju sa fokusom na oblasti ve\u0161ta\u010dke inteligencije, kvantne tehnologije, biotehnologije, digitalizacije i dekarbonizacije, naveo je.<\/p>\n<p>Premijer je rekao da \u0107e u dugoro\u010dnoj perspektivi Japan ispuniti me\u0111unarodnu obavezu da do 2050. godine spusti neto emisije ugljenika na nulu. Dr\u017eava \u0107e smanjiti emisije gasova sa efektom staklene ba\u0161te za 46 procenata najkasnije 2030. godine, uz obezbe\u0111ivanje stabilnog snabdevanja energijom, ka\u017ee Kishida.<\/p>\n<p>Kako bi se to postiglo, u narednoj deceniji kroz javno-privatna partnerstva treba da se prikupi 150 biliona jena (1,16 biliona dolara) za investicije. U cilju postizanja ugljeni\u010dne neutralnosti do 2050, Japan namerava da razvije tr\u017ei\u0161te zelenih obveznica, najavio je premijer.<\/p>\n<h3>Pronuklearna energetska politika nakon Fuku\u0161ime<\/h3>\n<p>Nuklearna energija je osetljiva tema u Japanu. Zemljotres u martu 2011. godine u blizini japanske obale izazvao je cunami koji je udario u nuklearnu elektranu u regionu Fuku\u0161ima severno od Tokija i izazvao jednu od najgorih nuklearnih nesre\u0107a na svetu.<\/p>\n<p>Japan je isklju\u010dio svojih 50 nuklearnih reaktora nakon Fuku\u0161ime, ali je vlada 2014. odlu\u010dila da ponovo po\u010dne da ih vra\u0107a nakon bezbednosnih provera.<\/p>\n<p>Premijer Kishida je zastupao pronuklearnu energetsku politiku i tokom izbora za lidera vladaju\u0107e Liberalno-demokratske partije (LDP), pro\u0161le godine. On smatra da je ponovno pokretanje nuklearnih elektrana koje su uga\u0161ene nakon katastrofe u Fuku\u0161imi od vitalnog zna\u010daja.<\/p>\n<h3><strong>Nema\u010dka ne\u0107e produ\u017eiti rad svojih nuklearnih elektrana<\/strong><\/h3>\n<p>Incident u Japanu je\u00a0 doprineo odluci Nema\u010dke da 2011. ubrza denuklearizaciju. Iako je Zemlja izlaze\u0107eg sunca u me\u0111uvremenu promenila kurs, vlada u Berlinu ostala u nameri da na kraju ove godine zatvori poslednje tri nuklearke, ukupne snage 4,2 GW.<\/p>\n<p>Strategija je ponovo razmotrena u svetlu energetske krize i rata u Ukrajini, ali vicekancelar i savezni ministar za ekonomske poslove i klimatsku akciju Robert Habeck, iz redova Zelenih, tvrdi da je prekasno, da bi takav potez bio neprakti\u010dan i da nije sigurno da pravni okvir omogu\u0107ava produ\u017eavanje dozvola za rad.<\/p>\n<figure id=\"attachment_48479\" aria-describedby=\"caption-attachment-48479\" style=\"width: 562px\" class=\"wp-caption aligncenter\"><img loading=\"lazy\" decoding=\"async\" class=\"wp-image-48479 size-full\" src=\"https:\/\/balkangreenenergynews.com\/rs\/wp-content\/uploads\/2022\/05\/timetable-nuclear-phase-out-2021-840.jpg\" alt=\"\" width=\"562\" height=\"466\" srcset=\"https:\/\/balkangreenenergynews.com\/rs\/wp-content\/uploads\/2022\/05\/timetable-nuclear-phase-out-2021-840.jpg 562w, https:\/\/balkangreenenergynews.com\/rs\/wp-content\/uploads\/2022\/05\/timetable-nuclear-phase-out-2021-840-500x415.jpg 500w, https:\/\/balkangreenenergynews.com\/rs\/wp-content\/uploads\/2022\/05\/timetable-nuclear-phase-out-2021-840-300x249.jpg 300w\" sizes=\"auto, (max-width: 562px) 100vw, 562px\" \/><figcaption id=\"caption-attachment-48479\" class=\"wp-caption-text\">Raspored postepenog ga\u0161enja nuklearnih elektrana u Nema\u010dkoj<\/figcaption><\/figure>\n<p>Tako\u0111e, pitanje je da li bi moglo da se obezbedi nuklearno gorivo. Produ\u017eenje radnog vremena tri pogona tako\u0111e bi zahtevalo procenu bezbednosti, koja je poslednji put izvr\u0161ena 2009. godine.<\/p>\n<p>Tada su je izvr\u0161ili ministarstva ekonomije i \u017eivotne sredine i procenili da \u0107e do 2028. godine postati dostupne alternative za snabdevanje elektri\u010dnom energijom.<\/p>\n<p>Iako je nova nema\u010dka vlada prvobitno planirala da postupno izbaci ugalj do 2030. godine u najboljem slu\u010daju, sada se obavezala da \u0107e elektrane na to gorivo nastaviti da rade ili ostati u stanju pripravnosti.<\/p>\n<h3>Antinuklearni pokret u Nema\u010dkoj<\/h3>\n<p>Antinuklearni pokret u Nema\u010dkoj je nastao sedamdesetih godina pro\u0161log veka. Demonstranti su uporno protestovali na lokacijama predvi\u0111enim za preradu i skladi\u0161tenje radioaktivnog otpada. Antinuklearni pokret bio je jedan od klju\u010dnih pokreta\u010dkih faktora za osnivanje partije Zelenih (sada B\u00fcndnis 90\/Die Grunen) 1980. godine.<\/p>\n<p>Prema planu iz 2000. poznatom kao \u201enuklearni konsenzus\u201c, svaka nuklearka je dobila kvotu za proizvodnju elektri\u010dne energije do zatvaranja. Budu\u0107i da u\u010dinak mo\u017ee varirati, u planu nije bilo roka za ga\u0161enje, ali je u teoriji poslednje takvo postrojenje trebalo da 2022. okon\u010da svoj \u017eivotni vek.<\/p>\n<p>Posle Fuku\u0161ime i o\u0161tre reakcije javnosti, vlada je u junu 2011. nalo\u017eila ga\u0161enje osam nuklearnih elektrana i ograni\u010dila rad preostalih devet.<\/p>\n<p>Rezultati anketa su narednih godina stalno pokazivali da je ve\u0107ina stanovni\u0161tva za postepeno ukidanje nuklearne energije. Tako\u0111e, k<span style=\"font-size: medium;\"><span lang=\"sr-Latn-RS\">riti\u010dari nuklearne energije ukazuju na pretnju od nuklearnih incidenata i zabrinuti su za skladi\u0161tenje otpada.<\/span><\/span><\/p>\n<h3>Nuklearna energija u globalnom kontekstu<\/h3>\n<p>Nema\u010dka nije jedina zemlja u Evropi koja ukida nuklearnu energiju. Italija, Belgija i \u0160vajcarska su tako\u0111e odlu\u010dile da idu u tom pravcu.<\/p>\n<p>Francuska, Velika Britanija, Poljska, Finska, \u010ce\u0161ka, Slova\u010dka, Ma\u0111arska i Bugarska \u017eele da zadr\u017ee nuklearnu energiju u svom energetskom miksu, dok neke planiraju i izgradnju novih reaktora.<\/p>\n<p>Francuska bazira svoju energetsku bezbednost i napore za postizanje ugljeni\u010dne neutralnosti na nuklearnoj <span lang=\"sr-Latn-RS\">energiji.<\/span><span lang=\"sr-Latn-RS\">\u00a0P<\/span><span lang=\"sr-Latn-RS\">rema<\/span> najavama predsednika Emmanuela Macrona, <a href=\"https:\/\/balkangreenenergynews.com\/rs\/francuska-se-oslanja-na-nuklearnu-energiju-i-najavljuje-izgradnju-14-reaktora\/\">u planu je pro\u0161irenje kapaciteta i izgradnja jo\u0161 najmanje \u0161est reaktora<\/a><span lang=\"sr-Latn-RS\">, a p<\/span><span lang=\"sr-Latn-RS\">rvi bi trebalo da bude pu\u0161ten u rad do 2035. godine. <\/span><\/p>\n<p><span style=\"font-size: medium;\"><span lang=\"sr-Latn-RS\">Uprkos protivljenj<\/span><span lang=\"sr-Latn-RS\">ima dr\u017eava i organizacija za za\u0161titu<\/span><span lang=\"sr-Latn-RS\"> \u017eivotne sredine<\/span><span lang=\"sr-Latn-RS\">, Evropska unija je<\/span><span lang=\"sr-Latn-RS\">\u00a0<a href=\"https:\/\/balkangreenenergynews.com\/rs\/evropska-komisija-prelomila-gas-i-nuklearna-energija-medju-zelenim-investicijama\/\">nuklearnu energiju<\/a><\/span><span lang=\"sr-Latn-RS\"> i fosilni gas<\/span><span lang=\"sr-Latn-RS\"> uvrstila u svoju zelenu taksonomiju za tranziciju ka<\/span><span lang=\"sr-Latn-RS\"> klimatskoj neutralnosti.<\/span><\/span><\/p>\n<p>Ve\u0107ina od 99 operativnih komercijalnih reaktora u Sjedinjenim Dr\u017eavama su u funkciji od pre 2000. godine. Oni zadovoljavaju oko 20 procenata ukupne potro\u0161nje elektri\u010dne energije.<\/p>\n<p>U izve\u0161taju o stanju u sektoru nuklearne industrije u svetu za 2017. navodi se da je njen udeo tada bio oko 10,5 odsto i da je bio u konstantnom padu sa istorijskog maksimuma iz 1996, koji je iznosio 17,6 procenata.<\/p>\n<p>Ukupno 31 zemlja ima nuklearne elektrane. Prose\u010dna starost aktivnih nuklearnih reaktora je 2017. iznosila 29,3 godine.<\/p>\n<p>Polovinom te godine su u izgradnji bila 53 bloka, dok je prose\u010dno vreme takvog poduhvata bilo oko sedam godina.<\/p>\n","protected":false},"excerpt":{"rendered":"<p>Japan se ponovo okre\u0107e ka nuklearnoj energiji, dok Nema\u010dka ne odustaje od zatvaranja svoje poslednje tri nuklearke<\/p>\n","protected":false},"author":30,"featured_media":48463,"comment_status":"open","ping_status":"open","sticky":false,"template":"","format":"standard","meta":{"_acf_changed":false,"_monsterinsights_skip_tracking":false,"_monsterinsights_sitenote_active":false,"_monsterinsights_sitenote_note":"","_monsterinsights_sitenote_category":0,"footnotes":""},"categories":[504,6295],"tags":[669,6177,6033,6063,6878],"class_list":["post-48455","post","type-post","status-publish","format-standard","has-post-thumbnail","hentry","category-elektricna-energija","category-energetska-kriza","tag-elektricna-energija","tag-energetska-kriza","tag-japan","tag-nuklearna-energija","tag-nuklearne-elektrane","country-svet"],"acf":[],"yoast_head":"<!-- This site is optimized with the Yoast SEO plugin v27.4 - https:\/\/yoast.com\/product\/yoast-seo-wordpress\/ -->\n<title>Za i protiv \u2013 nuklearna energija u svetlu energetske bezbednosti<\/title>\n<meta name=\"description\" content=\"Japan se ponovo okre\u0107e ka nuklearnoj energiji, dok Nema\u010dka ne odustaje od zatvaranja svoje poslednje tri nuklearke.\" \/>\n<meta name=\"robots\" content=\"index, follow, max-snippet:-1, max-image-preview:large, max-video-preview:-1\" \/>\n<link rel=\"canonical\" href=\"https:\/\/balkangreenenergynews.com\/rs\/za-i-protiv-nuklearna-energija-u-svetlu-energetske-bezbednosti\/\" \/>\n<meta property=\"og:locale\" content=\"sr_RS\" \/>\n<meta property=\"og:type\" content=\"article\" \/>\n<meta property=\"og:title\" content=\"Za i protiv \u2013 nuklearna energija u svetlu energetske bezbednosti\" \/>\n<meta property=\"og:description\" content=\"Japan se ponovo okre\u0107e ka nuklearnoj energiji, dok Nema\u010dka ne odustaje od zatvaranja svoje poslednje tri nuklearke.\" \/>\n<meta property=\"og:url\" content=\"https:\/\/balkangreenenergynews.com\/rs\/za-i-protiv-nuklearna-energija-u-svetlu-energetske-bezbednosti\/\" \/>\n<meta property=\"og:site_name\" content=\"Balkan Green Energy News\" \/>\n<meta property=\"article:published_time\" content=\"2022-05-09T15:34:39+00:00\" \/>\n<meta property=\"article:modified_time\" content=\"2024-07-03T19:57:05+00:00\" \/>\n<meta property=\"og:image\" content=\"https:\/\/balkangreenenergynews.com\/rs\/wp-content\/uploads\/2022\/05\/nuclear-power-plant-distelAPPArath-430.jpg\" \/>\n\t<meta property=\"og:image:width\" content=\"840\" \/>\n\t<meta property=\"og:image:height\" content=\"430\" \/>\n\t<meta property=\"og:image:type\" content=\"image\/jpeg\" \/>\n<meta name=\"author\" content=\"Mihajlo Vujasin\" \/>\n<meta name=\"twitter:card\" content=\"summary_large_image\" \/>\n<meta name=\"twitter:label1\" content=\"\u041d\u0430\u043f\u0438\u0441\u0430\u043d\u043e \u043e\u0434\" \/>\n\t<meta name=\"twitter:data1\" content=\"Mihajlo Vujasin\" \/>\n\t<meta name=\"twitter:label2\" content=\"\u041f\u0440\u043e\u0446\u0435\u045a\u0435\u043d\u043e \u0432\u0440\u0435\u043c\u0435 \u0447\u0438\u0442\u0430\u045a\u0430\" \/>\n\t<meta name=\"twitter:data2\" content=\"6 \u043c\u0438\u043d\u0443\u0442\u0430\" \/>\n<script type=\"application\/ld+json\" class=\"yoast-schema-graph\">{\"@context\":\"https:\\\/\\\/schema.org\",\"@graph\":[{\"@type\":\"Article\",\"@id\":\"https:\\\/\\\/balkangreenenergynews.com\\\/rs\\\/za-i-protiv-nuklearna-energija-u-svetlu-energetske-bezbednosti\\\/#article\",\"isPartOf\":{\"@id\":\"https:\\\/\\\/balkangreenenergynews.com\\\/rs\\\/za-i-protiv-nuklearna-energija-u-svetlu-energetske-bezbednosti\\\/\"},\"author\":{\"name\":\"Mihajlo Vujasin\",\"@id\":\"https:\\\/\\\/balkangreenenergynews.com\\\/rs\\\/#\\\/schema\\\/person\\\/6b3cd0445eb192f645c773282d0747ca\"},\"headline\":\"Za i protiv \u2013 nuklearna energija u svetlu energetske bezbednosti\",\"datePublished\":\"2022-05-09T15:34:39+00:00\",\"dateModified\":\"2024-07-03T19:57:05+00:00\",\"mainEntityOfPage\":{\"@id\":\"https:\\\/\\\/balkangreenenergynews.com\\\/rs\\\/za-i-protiv-nuklearna-energija-u-svetlu-energetske-bezbednosti\\\/\"},\"wordCount\":1033,\"commentCount\":0,\"image\":{\"@id\":\"https:\\\/\\\/balkangreenenergynews.com\\\/rs\\\/za-i-protiv-nuklearna-energija-u-svetlu-energetske-bezbednosti\\\/#primaryimage\"},\"thumbnailUrl\":\"https:\\\/\\\/balkangreenenergynews.com\\\/rs\\\/wp-content\\\/uploads\\\/2022\\\/05\\\/nuclear-power-plant-distelAPPArath-430.jpg?wsr\",\"keywords\":[\"elektri\u010dna energija\",\"energetska kriza\",\"Japan\",\"nuklearna energija\",\"nuklearne elektrane\"],\"articleSection\":[\"Elektri\u010dna energija\",\"Energetska kriza\"],\"inLanguage\":\"sr-RS\",\"potentialAction\":[{\"@type\":\"CommentAction\",\"name\":\"Comment\",\"target\":[\"https:\\\/\\\/balkangreenenergynews.com\\\/rs\\\/za-i-protiv-nuklearna-energija-u-svetlu-energetske-bezbednosti\\\/#respond\"]}]},{\"@type\":\"WebPage\",\"@id\":\"https:\\\/\\\/balkangreenenergynews.com\\\/rs\\\/za-i-protiv-nuklearna-energija-u-svetlu-energetske-bezbednosti\\\/\",\"url\":\"https:\\\/\\\/balkangreenenergynews.com\\\/rs\\\/za-i-protiv-nuklearna-energija-u-svetlu-energetske-bezbednosti\\\/\",\"name\":\"Za i protiv \u2013 nuklearna energija u svetlu energetske bezbednosti\",\"isPartOf\":{\"@id\":\"https:\\\/\\\/balkangreenenergynews.com\\\/rs\\\/#website\"},\"primaryImageOfPage\":{\"@id\":\"https:\\\/\\\/balkangreenenergynews.com\\\/rs\\\/za-i-protiv-nuklearna-energija-u-svetlu-energetske-bezbednosti\\\/#primaryimage\"},\"image\":{\"@id\":\"https:\\\/\\\/balkangreenenergynews.com\\\/rs\\\/za-i-protiv-nuklearna-energija-u-svetlu-energetske-bezbednosti\\\/#primaryimage\"},\"thumbnailUrl\":\"https:\\\/\\\/balkangreenenergynews.com\\\/rs\\\/wp-content\\\/uploads\\\/2022\\\/05\\\/nuclear-power-plant-distelAPPArath-430.jpg?wsr\",\"datePublished\":\"2022-05-09T15:34:39+00:00\",\"dateModified\":\"2024-07-03T19:57:05+00:00\",\"author\":{\"@id\":\"https:\\\/\\\/balkangreenenergynews.com\\\/rs\\\/#\\\/schema\\\/person\\\/6b3cd0445eb192f645c773282d0747ca\"},\"description\":\"Japan se ponovo okre\u0107e ka nuklearnoj energiji, dok Nema\u010dka ne odustaje od zatvaranja svoje poslednje tri nuklearke.\",\"breadcrumb\":{\"@id\":\"https:\\\/\\\/balkangreenenergynews.com\\\/rs\\\/za-i-protiv-nuklearna-energija-u-svetlu-energetske-bezbednosti\\\/#breadcrumb\"},\"inLanguage\":\"sr-RS\",\"potentialAction\":[{\"@type\":\"ReadAction\",\"target\":[\"https:\\\/\\\/balkangreenenergynews.com\\\/rs\\\/za-i-protiv-nuklearna-energija-u-svetlu-energetske-bezbednosti\\\/\"]}]},{\"@type\":\"ImageObject\",\"inLanguage\":\"sr-RS\",\"@id\":\"https:\\\/\\\/balkangreenenergynews.com\\\/rs\\\/za-i-protiv-nuklearna-energija-u-svetlu-energetske-bezbednosti\\\/#primaryimage\",\"url\":\"https:\\\/\\\/balkangreenenergynews.com\\\/rs\\\/wp-content\\\/uploads\\\/2022\\\/05\\\/nuclear-power-plant-distelAPPArath-430.jpg?wsr\",\"contentUrl\":\"https:\\\/\\\/balkangreenenergynews.com\\\/rs\\\/wp-content\\\/uploads\\\/2022\\\/05\\\/nuclear-power-plant-distelAPPArath-430.jpg?wsr\",\"width\":840,\"height\":430,\"caption\":\"Za i protiv nuklearne energije u svetlu energetske bezbednosti\"},{\"@type\":\"BreadcrumbList\",\"@id\":\"https:\\\/\\\/balkangreenenergynews.com\\\/rs\\\/za-i-protiv-nuklearna-energija-u-svetlu-energetske-bezbednosti\\\/#breadcrumb\",\"itemListElement\":[{\"@type\":\"ListItem\",\"position\":1,\"name\":\"Po\u010detna\",\"item\":\"https:\\\/\\\/balkangreenenergynews.com\\\/rs\\\/\"},{\"@type\":\"ListItem\",\"position\":2,\"name\":\"Vesti\",\"item\":\"https:\\\/\\\/balkangreenenergynews.com\\\/rs\\\/kategorija\\\/vesti\\\/\"},{\"@type\":\"ListItem\",\"position\":3,\"name\":\"Elektri\u010dna energija\",\"item\":\"https:\\\/\\\/balkangreenenergynews.com\\\/rs\\\/kategorija\\\/vesti\\\/elektricna-energija\\\/\"},{\"@type\":\"ListItem\",\"position\":4,\"name\":\"Za i protiv \u2013 nuklearna energija u svetlu energetske bezbednosti\"}]},{\"@type\":\"WebSite\",\"@id\":\"https:\\\/\\\/balkangreenenergynews.com\\\/rs\\\/#website\",\"url\":\"https:\\\/\\\/balkangreenenergynews.com\\\/rs\\\/\",\"name\":\"Balkan Green Energy News\",\"description\":\"Naj\u0161iri izbor vesti sa Balkana o zelenoj energiji\",\"potentialAction\":[{\"@type\":\"SearchAction\",\"target\":{\"@type\":\"EntryPoint\",\"urlTemplate\":\"https:\\\/\\\/balkangreenenergynews.com\\\/rs\\\/?s={search_term_string}\"},\"query-input\":{\"@type\":\"PropertyValueSpecification\",\"valueRequired\":true,\"valueName\":\"search_term_string\"}}],\"inLanguage\":\"sr-RS\"},{\"@type\":\"Person\",\"@id\":\"https:\\\/\\\/balkangreenenergynews.com\\\/rs\\\/#\\\/schema\\\/person\\\/6b3cd0445eb192f645c773282d0747ca\",\"name\":\"Mihajlo Vujasin\",\"url\":\"https:\\\/\\\/balkangreenenergynews.com\\\/rs\\\/author\\\/mihajlo-vujasin\\\/\"}]}<\/script>\n<!-- \/ Yoast SEO plugin. -->","yoast_head_json":{"title":"Za i protiv \u2013 nuklearna energija u svetlu energetske bezbednosti","description":"Japan se ponovo okre\u0107e ka nuklearnoj energiji, dok Nema\u010dka ne odustaje od zatvaranja svoje poslednje tri nuklearke.","robots":{"index":"index","follow":"follow","max-snippet":"max-snippet:-1","max-image-preview":"max-image-preview:large","max-video-preview":"max-video-preview:-1"},"canonical":"https:\/\/balkangreenenergynews.com\/rs\/za-i-protiv-nuklearna-energija-u-svetlu-energetske-bezbednosti\/","og_locale":"sr_RS","og_type":"article","og_title":"Za i protiv \u2013 nuklearna energija u svetlu energetske bezbednosti","og_description":"Japan se ponovo okre\u0107e ka nuklearnoj energiji, dok Nema\u010dka ne odustaje od zatvaranja svoje poslednje tri nuklearke.","og_url":"https:\/\/balkangreenenergynews.com\/rs\/za-i-protiv-nuklearna-energija-u-svetlu-energetske-bezbednosti\/","og_site_name":"Balkan Green Energy News","article_published_time":"2022-05-09T15:34:39+00:00","article_modified_time":"2024-07-03T19:57:05+00:00","og_image":[{"width":840,"height":430,"url":"https:\/\/balkangreenenergynews.com\/rs\/wp-content\/uploads\/2022\/05\/nuclear-power-plant-distelAPPArath-430.jpg","type":"image\/jpeg"}],"author":"Mihajlo Vujasin","twitter_card":"summary_large_image","twitter_misc":{"\u041d\u0430\u043f\u0438\u0441\u0430\u043d\u043e \u043e\u0434":"Mihajlo Vujasin","\u041f\u0440\u043e\u0446\u0435\u045a\u0435\u043d\u043e \u0432\u0440\u0435\u043c\u0435 \u0447\u0438\u0442\u0430\u045a\u0430":"6 \u043c\u0438\u043d\u0443\u0442\u0430"},"schema":{"@context":"https:\/\/schema.org","@graph":[{"@type":"Article","@id":"https:\/\/balkangreenenergynews.com\/rs\/za-i-protiv-nuklearna-energija-u-svetlu-energetske-bezbednosti\/#article","isPartOf":{"@id":"https:\/\/balkangreenenergynews.com\/rs\/za-i-protiv-nuklearna-energija-u-svetlu-energetske-bezbednosti\/"},"author":{"name":"Mihajlo Vujasin","@id":"https:\/\/balkangreenenergynews.com\/rs\/#\/schema\/person\/6b3cd0445eb192f645c773282d0747ca"},"headline":"Za i protiv \u2013 nuklearna energija u svetlu energetske bezbednosti","datePublished":"2022-05-09T15:34:39+00:00","dateModified":"2024-07-03T19:57:05+00:00","mainEntityOfPage":{"@id":"https:\/\/balkangreenenergynews.com\/rs\/za-i-protiv-nuklearna-energija-u-svetlu-energetske-bezbednosti\/"},"wordCount":1033,"commentCount":0,"image":{"@id":"https:\/\/balkangreenenergynews.com\/rs\/za-i-protiv-nuklearna-energija-u-svetlu-energetske-bezbednosti\/#primaryimage"},"thumbnailUrl":"https:\/\/balkangreenenergynews.com\/rs\/wp-content\/uploads\/2022\/05\/nuclear-power-plant-distelAPPArath-430.jpg?wsr","keywords":["elektri\u010dna energija","energetska kriza","Japan","nuklearna energija","nuklearne elektrane"],"articleSection":["Elektri\u010dna energija","Energetska kriza"],"inLanguage":"sr-RS","potentialAction":[{"@type":"CommentAction","name":"Comment","target":["https:\/\/balkangreenenergynews.com\/rs\/za-i-protiv-nuklearna-energija-u-svetlu-energetske-bezbednosti\/#respond"]}]},{"@type":"WebPage","@id":"https:\/\/balkangreenenergynews.com\/rs\/za-i-protiv-nuklearna-energija-u-svetlu-energetske-bezbednosti\/","url":"https:\/\/balkangreenenergynews.com\/rs\/za-i-protiv-nuklearna-energija-u-svetlu-energetske-bezbednosti\/","name":"Za i protiv \u2013 nuklearna energija u svetlu energetske bezbednosti","isPartOf":{"@id":"https:\/\/balkangreenenergynews.com\/rs\/#website"},"primaryImageOfPage":{"@id":"https:\/\/balkangreenenergynews.com\/rs\/za-i-protiv-nuklearna-energija-u-svetlu-energetske-bezbednosti\/#primaryimage"},"image":{"@id":"https:\/\/balkangreenenergynews.com\/rs\/za-i-protiv-nuklearna-energija-u-svetlu-energetske-bezbednosti\/#primaryimage"},"thumbnailUrl":"https:\/\/balkangreenenergynews.com\/rs\/wp-content\/uploads\/2022\/05\/nuclear-power-plant-distelAPPArath-430.jpg?wsr","datePublished":"2022-05-09T15:34:39+00:00","dateModified":"2024-07-03T19:57:05+00:00","author":{"@id":"https:\/\/balkangreenenergynews.com\/rs\/#\/schema\/person\/6b3cd0445eb192f645c773282d0747ca"},"description":"Japan se ponovo okre\u0107e ka nuklearnoj energiji, dok Nema\u010dka ne odustaje od zatvaranja svoje poslednje tri nuklearke.","breadcrumb":{"@id":"https:\/\/balkangreenenergynews.com\/rs\/za-i-protiv-nuklearna-energija-u-svetlu-energetske-bezbednosti\/#breadcrumb"},"inLanguage":"sr-RS","potentialAction":[{"@type":"ReadAction","target":["https:\/\/balkangreenenergynews.com\/rs\/za-i-protiv-nuklearna-energija-u-svetlu-energetske-bezbednosti\/"]}]},{"@type":"ImageObject","inLanguage":"sr-RS","@id":"https:\/\/balkangreenenergynews.com\/rs\/za-i-protiv-nuklearna-energija-u-svetlu-energetske-bezbednosti\/#primaryimage","url":"https:\/\/balkangreenenergynews.com\/rs\/wp-content\/uploads\/2022\/05\/nuclear-power-plant-distelAPPArath-430.jpg?wsr","contentUrl":"https:\/\/balkangreenenergynews.com\/rs\/wp-content\/uploads\/2022\/05\/nuclear-power-plant-distelAPPArath-430.jpg?wsr","width":840,"height":430,"caption":"Za i protiv nuklearne energije u svetlu energetske bezbednosti"},{"@type":"BreadcrumbList","@id":"https:\/\/balkangreenenergynews.com\/rs\/za-i-protiv-nuklearna-energija-u-svetlu-energetske-bezbednosti\/#breadcrumb","itemListElement":[{"@type":"ListItem","position":1,"name":"Po\u010detna","item":"https:\/\/balkangreenenergynews.com\/rs\/"},{"@type":"ListItem","position":2,"name":"Vesti","item":"https:\/\/balkangreenenergynews.com\/rs\/kategorija\/vesti\/"},{"@type":"ListItem","position":3,"name":"Elektri\u010dna energija","item":"https:\/\/balkangreenenergynews.com\/rs\/kategorija\/vesti\/elektricna-energija\/"},{"@type":"ListItem","position":4,"name":"Za i protiv \u2013 nuklearna energija u svetlu energetske bezbednosti"}]},{"@type":"WebSite","@id":"https:\/\/balkangreenenergynews.com\/rs\/#website","url":"https:\/\/balkangreenenergynews.com\/rs\/","name":"Balkan Green Energy News","description":"Naj\u0161iri izbor vesti sa Balkana o zelenoj energiji","potentialAction":[{"@type":"SearchAction","target":{"@type":"EntryPoint","urlTemplate":"https:\/\/balkangreenenergynews.com\/rs\/?s={search_term_string}"},"query-input":{"@type":"PropertyValueSpecification","valueRequired":true,"valueName":"search_term_string"}}],"inLanguage":"sr-RS"},{"@type":"Person","@id":"https:\/\/balkangreenenergynews.com\/rs\/#\/schema\/person\/6b3cd0445eb192f645c773282d0747ca","name":"Mihajlo Vujasin","url":"https:\/\/balkangreenenergynews.com\/rs\/author\/mihajlo-vujasin\/"}]}},"_links":{"self":[{"href":"https:\/\/balkangreenenergynews.com\/rs\/wp-json\/wp\/v2\/posts\/48455","targetHints":{"allow":["GET"]}}],"collection":[{"href":"https:\/\/balkangreenenergynews.com\/rs\/wp-json\/wp\/v2\/posts"}],"about":[{"href":"https:\/\/balkangreenenergynews.com\/rs\/wp-json\/wp\/v2\/types\/post"}],"author":[{"embeddable":true,"href":"https:\/\/balkangreenenergynews.com\/rs\/wp-json\/wp\/v2\/users\/30"}],"replies":[{"embeddable":true,"href":"https:\/\/balkangreenenergynews.com\/rs\/wp-json\/wp\/v2\/comments?post=48455"}],"version-history":[{"count":0,"href":"https:\/\/balkangreenenergynews.com\/rs\/wp-json\/wp\/v2\/posts\/48455\/revisions"}],"wp:featuredmedia":[{"embeddable":true,"href":"https:\/\/balkangreenenergynews.com\/rs\/wp-json\/wp\/v2\/media\/48463"}],"wp:attachment":[{"href":"https:\/\/balkangreenenergynews.com\/rs\/wp-json\/wp\/v2\/media?parent=48455"}],"wp:term":[{"taxonomy":"category","embeddable":true,"href":"https:\/\/balkangreenenergynews.com\/rs\/wp-json\/wp\/v2\/categories?post=48455"},{"taxonomy":"post_tag","embeddable":true,"href":"https:\/\/balkangreenenergynews.com\/rs\/wp-json\/wp\/v2\/tags?post=48455"}],"curies":[{"name":"wp","href":"https:\/\/api.w.org\/{rel}","templated":true}]}}