{"id":47939,"date":"2022-04-14T20:50:33","date_gmt":"2022-04-14T18:50:33","guid":{"rendered":"https:\/\/balkangreenenergynews.com\/rs\/?p=47939"},"modified":"2022-10-21T01:15:10","modified_gmt":"2022-10-20T23:15:10","slug":"evropske-cene-struje-iz-vetra-i-solara-za-korporativne-klijente-skocile-275-odsto-za-godinu-dana","status":"publish","type":"post","link":"https:\/\/balkangreenenergynews.com\/rs\/evropske-cene-struje-iz-vetra-i-solara-za-korporativne-klijente-skocile-275-odsto-za-godinu-dana\/","title":{"rendered":"Evropske cene struje iz vetra i solara za korporativne klijente sko\u010dile 27,5 odsto za godinu dana"},"content":{"rendered":"<h2>Indeks cena iz evropskih korporativnih ugovora o otkupu struje (PPA) od vlasnika projekata elektrana na obnovljive izvore uzleteo je 8,6 odsto u prvom kvartalu i 27,5 procenata na godi\u0161njem nivou.<\/h2>\n<p>Investitori u sektoru vetroelektrana i solarnih parkova u Evropi mu\u010de se da podmire potra\u017enju kompanija za strujom usled izazova koji se javljaju u domenu lanca snabdevanja, interkonekcija i regulative, saop\u0161tio je LevelTen Energy u svom kvartalnom izve\u0161taju o <a href=\"https:\/\/balkangreenenergynews.com\/rs\/korporativni-ugovori-o-otkupu-elektricne-energije-sve-sto-treba-da-znate\/\">ugovorima za otkup struje.<\/a> Ova kompanija upravlja platformom za trgovanje u tom segmentu, a podaci su iz ponude vlasnika projekata koji su jo\u0161 u razvoju.<\/p>\n<p>Me\u0161oviti P25 indeks cena za 14 evropskih zemalja napredovao je 8,6 odsto u prva tri meseca ove godine i 27,5 odsto na godi\u0161njem nivou i dostigao 57 evra po megavat-satu. Radi pore\u0111enja, ekvivalentni pokazatelj za Severnu Ameriku je sko\u010dio 9,7 odnosno 28,5 procenata, ali na samo 39,91 dolara po megavat-satu.<\/p>\n<p>Evropski podindeks ponu\u0111enih cena struje iz solarnih elektrana za PPA ugovore popeo se 4,1 odsto u prvom kvartalu i 20 procenata u prethodnih godinu dana, na 49,92 evra po megavat-satu. Indikator ponu\u0111enih cena za elektri\u010dnu energiju iz vetroparkova uzleteo je 12,4 odnosno 34,1 odsto na 64 evra po megavat-satu.<\/p>\n<h3>Tra\u017enja ne posustaje<\/h3>\n<p>Evropska energetska tr\u017ei\u0161ta su pritisnuta dvema istovremenim krizama: energetskom krizom koja je po\u010dela pro\u0161le godine i uticajem konflikta u Ukrajini na tr\u017ei\u0161te energenata, saop\u0161tila je firma. Taj rat pogor\u0161ava evropsku energetsku krizu i potpiruje potra\u017enju na strani korporativnih kupaca za ugovorima za isporuku struje iz obnovljivih izvora, navode autori izve\u0161taja.<\/p>\n<blockquote><p>Indikator ponu\u0111enih cena za PPA ugovore kojeg izra\u010dunava LevelTen Energy popeo se na 49,92 evra za megavat-sat kod fotonaponskih sistema i na 64 evra za megavat-sat u sektoru vetroelektrana<\/p><\/blockquote>\n<p>Vlasnici projekata ka\u017eu da \u017eele da grade jo\u0161 elektrana na obnovljive izvore, a kupci da i nameravaju da od njih <a href=\"https:\/\/balkangreenenergynews.com\/rs\/korporativni-ugovori-o-otkupu-elektricne-energije-obaraju-sve-rekorde\/\">kupuju jo\u0161 struje<\/a> \u2013 uklju\u010duju\u0107i one u zemljama koje su jako zavisne od ruskog gasa, tvrde u LevelTen Energyju, pozivaju\u0107i se na rezultate svog ispitivanja.<\/p>\n<p>Nestabilnost cena energenata rezultuje astronomskim pove\u0107anjem potra\u017enje za PPA-ovima, jer su oni efikasna alatka za potpunu stabilizaciju cena na dugi rok, saop\u0161tila je ova firma.<\/p>\n<p><img loading=\"lazy\" decoding=\"async\" class=\"aligncenter wp-image-49779 size-full\" src=\"https:\/\/balkangreenenergynews.com\/wp-content\/uploads\/2022\/04\/Wind-solar-PPA-prices-27-5-Europe-year-over.jpg\" alt=\"Wind solar PPA prices 27 5 Europe year over\" width=\"840\" height=\"449\" \/><\/p>\n<h3>Treba vremena dok reforme donesu rezultate<\/h3>\n<p>Italijanski parlament je pro\u0161le godine promenio postupak procenjivanja uticaja na \u017eivotnu sredinu, sa ciljem da ubrza proces, ali treba\u0107e vremena da se efekti tog poteza odraze na tr\u017ei\u0161te, stoji u izve\u0161taju. Italijanske P25 cene PPA ugovora za solar su u prethodnih godinu dana pove\u0107ane 23 odsto na 51,5 evro za megavat-sat.<\/p>\n<p>U nema\u010dkoj je potrebno oko pet godina za dobijanje dozvola za projekte vetroelektrana na kopnu, a povr\u0161ina raspolo\u017eivog zemlji\u0161ta je ograni\u010dena, dodaje LevelTen Energy. Nema\u010dka pojednostavljuje proces izdavanja odobrenja i za projekte vetroparkova je odredila dva odsto ukupnog zemlji\u0161ta.<\/p>\n<p>Ranija reforma propisa je doprinela ekspanziji industrije solarnih elektrana u toj zemlji, navedeno je u izve\u0161taju. Nacionalni PPA indeks za fotonaponska postrojenja je sko\u010dio 25 odsto za godinu dana, na 60 evra po megavat-satu.<\/p>\n","protected":false},"excerpt":{"rendered":"<p>Indeks ponu\u0111enih cena struje za korporativne PPA ugovore u Evropi uzleteo je 8,6 odsto u prvom kvartalu i 27,5 procenata na godi\u0161njem nivou<\/p>\n","protected":false},"author":27,"featured_media":47943,"comment_status":"open","ping_status":"open","sticky":false,"template":"","format":"standard","meta":{"_acf_changed":false,"_monsterinsights_skip_tracking":false,"_monsterinsights_sitenote_active":false,"_monsterinsights_sitenote_note":"","_monsterinsights_sitenote_category":0,"footnotes":""},"categories":[504,6295,1],"tags":[669,6177,5996,647,355,1890,818,2341],"class_list":["post-47939","post","type-post","status-publish","format-standard","has-post-thumbnail","hentry","category-elektricna-energija","category-energetska-kriza","category-obnovljivi-izvori-energije","tag-elektricna-energija","tag-energetska-kriza","tag-korporativni-ugovori-o-otkupu-elektricne-energije","tag-obnovljivi-izvori-energije","tag-ppa","tag-solarne-elektrane","tag-ugovor-o-otkupu-elektricne-energije","tag-vetroelektrane","country-regioneu"],"acf":[],"yoast_head":"<!-- This site is optimized with the Yoast SEO plugin v27.4 - https:\/\/yoast.com\/product\/yoast-seo-wordpress\/ -->\n<title>Evropske cene struje iz vetra i solara za korporativne klijente sko\u010dile 27,5 odsto za godinu dana<\/title>\n<meta name=\"description\" content=\"Indeks ponu\u0111enih cena struje za korporativne PPA ugovore u Evropi uzleteo je 8,6 odsto u prvom kvartalu i 27,5 procenata na godi\u0161njem nivou.\" \/>\n<meta name=\"robots\" content=\"index, follow, max-snippet:-1, max-image-preview:large, max-video-preview:-1\" \/>\n<link rel=\"canonical\" href=\"https:\/\/balkangreenenergynews.com\/rs\/evropske-cene-struje-iz-vetra-i-solara-za-korporativne-klijente-skocile-275-odsto-za-godinu-dana\/\" \/>\n<meta property=\"og:locale\" content=\"sr_RS\" \/>\n<meta property=\"og:type\" content=\"article\" \/>\n<meta property=\"og:title\" content=\"Evropske cene struje iz vetra i solara za korporativne klijente sko\u010dile 27,5 odsto za godinu dana\" \/>\n<meta property=\"og:description\" content=\"Indeks ponu\u0111enih cena struje za korporativne PPA ugovore u Evropi uzleteo je 8,6 odsto u prvom kvartalu i 27,5 procenata na godi\u0161njem nivou.\" \/>\n<meta property=\"og:url\" content=\"https:\/\/balkangreenenergynews.com\/rs\/evropske-cene-struje-iz-vetra-i-solara-za-korporativne-klijente-skocile-275-odsto-za-godinu-dana\/\" \/>\n<meta property=\"og:site_name\" content=\"Balkan Green Energy News\" \/>\n<meta property=\"article:published_time\" content=\"2022-04-14T18:50:33+00:00\" \/>\n<meta property=\"article:modified_time\" content=\"2022-10-20T23:15:10+00:00\" \/>\n<meta property=\"og:image\" content=\"https:\/\/balkangreenenergynews.com\/rs\/wp-content\/uploads\/2022\/04\/Evropske-cene-struje-vetra-solara-poslovne-klijente-skocile-27-5-odsto-godinu.jpg\" \/>\n\t<meta property=\"og:image:width\" content=\"840\" \/>\n\t<meta property=\"og:image:height\" content=\"430\" \/>\n\t<meta property=\"og:image:type\" content=\"image\/jpeg\" \/>\n<meta name=\"author\" content=\"Igor Todorovi\u0107\" \/>\n<meta name=\"twitter:card\" content=\"summary_large_image\" \/>\n<meta name=\"twitter:label1\" content=\"\u041d\u0430\u043f\u0438\u0441\u0430\u043d\u043e \u043e\u0434\" \/>\n\t<meta name=\"twitter:data1\" content=\"Igor Todorovi\u0107\" \/>\n\t<meta name=\"twitter:label2\" content=\"\u041f\u0440\u043e\u0446\u0435\u045a\u0435\u043d\u043e \u0432\u0440\u0435\u043c\u0435 \u0447\u0438\u0442\u0430\u045a\u0430\" \/>\n\t<meta name=\"twitter:data2\" content=\"3 \u043c\u0438\u043d\u0443\u0442\u0430\" \/>\n<script type=\"application\/ld+json\" class=\"yoast-schema-graph\">{\"@context\":\"https:\\\/\\\/schema.org\",\"@graph\":[{\"@type\":\"Article\",\"@id\":\"https:\\\/\\\/balkangreenenergynews.com\\\/rs\\\/evropske-cene-struje-iz-vetra-i-solara-za-korporativne-klijente-skocile-275-odsto-za-godinu-dana\\\/#article\",\"isPartOf\":{\"@id\":\"https:\\\/\\\/balkangreenenergynews.com\\\/rs\\\/evropske-cene-struje-iz-vetra-i-solara-za-korporativne-klijente-skocile-275-odsto-za-godinu-dana\\\/\"},\"author\":{\"name\":\"Igor Todorovi\u0107\",\"@id\":\"https:\\\/\\\/balkangreenenergynews.com\\\/rs\\\/#\\\/schema\\\/person\\\/d8f80a244c4e9f2b55e4f6968c253246\"},\"headline\":\"Evropske cene struje iz vetra i solara za korporativne klijente sko\u010dile 27,5 odsto za godinu dana\",\"datePublished\":\"2022-04-14T18:50:33+00:00\",\"dateModified\":\"2022-10-20T23:15:10+00:00\",\"mainEntityOfPage\":{\"@id\":\"https:\\\/\\\/balkangreenenergynews.com\\\/rs\\\/evropske-cene-struje-iz-vetra-i-solara-za-korporativne-klijente-skocile-275-odsto-za-godinu-dana\\\/\"},\"wordCount\":515,\"commentCount\":0,\"image\":{\"@id\":\"https:\\\/\\\/balkangreenenergynews.com\\\/rs\\\/evropske-cene-struje-iz-vetra-i-solara-za-korporativne-klijente-skocile-275-odsto-za-godinu-dana\\\/#primaryimage\"},\"thumbnailUrl\":\"https:\\\/\\\/balkangreenenergynews.com\\\/rs\\\/wp-content\\\/uploads\\\/2022\\\/04\\\/Evropske-cene-struje-vetra-solara-poslovne-klijente-skocile-27-5-odsto-godinu.jpg?wsr\",\"keywords\":[\"elektri\u010dna energija\",\"energetska kriza\",\"korporativni ugovori o otkupu elektri\u010dne energije\",\"obnovljivi izvori energije\",\"PPA\",\"solarne elektrane\",\"ugovor o otkupu elektri\u010dne energije\",\"vetroelektrane\"],\"articleSection\":[\"Elektri\u010dna energija\",\"Energetska kriza\",\"OIE\"],\"inLanguage\":\"sr-RS\",\"potentialAction\":[{\"@type\":\"CommentAction\",\"name\":\"Comment\",\"target\":[\"https:\\\/\\\/balkangreenenergynews.com\\\/rs\\\/evropske-cene-struje-iz-vetra-i-solara-za-korporativne-klijente-skocile-275-odsto-za-godinu-dana\\\/#respond\"]}]},{\"@type\":\"WebPage\",\"@id\":\"https:\\\/\\\/balkangreenenergynews.com\\\/rs\\\/evropske-cene-struje-iz-vetra-i-solara-za-korporativne-klijente-skocile-275-odsto-za-godinu-dana\\\/\",\"url\":\"https:\\\/\\\/balkangreenenergynews.com\\\/rs\\\/evropske-cene-struje-iz-vetra-i-solara-za-korporativne-klijente-skocile-275-odsto-za-godinu-dana\\\/\",\"name\":\"Evropske cene struje iz vetra i solara za korporativne klijente sko\u010dile 27,5 odsto za godinu dana\",\"isPartOf\":{\"@id\":\"https:\\\/\\\/balkangreenenergynews.com\\\/rs\\\/#website\"},\"primaryImageOfPage\":{\"@id\":\"https:\\\/\\\/balkangreenenergynews.com\\\/rs\\\/evropske-cene-struje-iz-vetra-i-solara-za-korporativne-klijente-skocile-275-odsto-za-godinu-dana\\\/#primaryimage\"},\"image\":{\"@id\":\"https:\\\/\\\/balkangreenenergynews.com\\\/rs\\\/evropske-cene-struje-iz-vetra-i-solara-za-korporativne-klijente-skocile-275-odsto-za-godinu-dana\\\/#primaryimage\"},\"thumbnailUrl\":\"https:\\\/\\\/balkangreenenergynews.com\\\/rs\\\/wp-content\\\/uploads\\\/2022\\\/04\\\/Evropske-cene-struje-vetra-solara-poslovne-klijente-skocile-27-5-odsto-godinu.jpg?wsr\",\"datePublished\":\"2022-04-14T18:50:33+00:00\",\"dateModified\":\"2022-10-20T23:15:10+00:00\",\"author\":{\"@id\":\"https:\\\/\\\/balkangreenenergynews.com\\\/rs\\\/#\\\/schema\\\/person\\\/d8f80a244c4e9f2b55e4f6968c253246\"},\"description\":\"Indeks ponu\u0111enih cena struje za korporativne PPA ugovore u Evropi uzleteo je 8,6 odsto u prvom kvartalu i 27,5 procenata na godi\u0161njem nivou.\",\"breadcrumb\":{\"@id\":\"https:\\\/\\\/balkangreenenergynews.com\\\/rs\\\/evropske-cene-struje-iz-vetra-i-solara-za-korporativne-klijente-skocile-275-odsto-za-godinu-dana\\\/#breadcrumb\"},\"inLanguage\":\"sr-RS\",\"potentialAction\":[{\"@type\":\"ReadAction\",\"target\":[\"https:\\\/\\\/balkangreenenergynews.com\\\/rs\\\/evropske-cene-struje-iz-vetra-i-solara-za-korporativne-klijente-skocile-275-odsto-za-godinu-dana\\\/\"]}]},{\"@type\":\"ImageObject\",\"inLanguage\":\"sr-RS\",\"@id\":\"https:\\\/\\\/balkangreenenergynews.com\\\/rs\\\/evropske-cene-struje-iz-vetra-i-solara-za-korporativne-klijente-skocile-275-odsto-za-godinu-dana\\\/#primaryimage\",\"url\":\"https:\\\/\\\/balkangreenenergynews.com\\\/rs\\\/wp-content\\\/uploads\\\/2022\\\/04\\\/Evropske-cene-struje-vetra-solara-poslovne-klijente-skocile-27-5-odsto-godinu.jpg?wsr\",\"contentUrl\":\"https:\\\/\\\/balkangreenenergynews.com\\\/rs\\\/wp-content\\\/uploads\\\/2022\\\/04\\\/Evropske-cene-struje-vetra-solara-poslovne-klijente-skocile-27-5-odsto-godinu.jpg?wsr\",\"width\":840,\"height\":430,\"caption\":\"Evropske cene struje vetra solara poslovne klijente skocile 27 5 odsto godinu\"},{\"@type\":\"BreadcrumbList\",\"@id\":\"https:\\\/\\\/balkangreenenergynews.com\\\/rs\\\/evropske-cene-struje-iz-vetra-i-solara-za-korporativne-klijente-skocile-275-odsto-za-godinu-dana\\\/#breadcrumb\",\"itemListElement\":[{\"@type\":\"ListItem\",\"position\":1,\"name\":\"Po\u010detna\",\"item\":\"https:\\\/\\\/balkangreenenergynews.com\\\/rs\\\/\"},{\"@type\":\"ListItem\",\"position\":2,\"name\":\"Vesti\",\"item\":\"https:\\\/\\\/balkangreenenergynews.com\\\/rs\\\/kategorija\\\/vesti\\\/\"},{\"@type\":\"ListItem\",\"position\":3,\"name\":\"OIE\",\"item\":\"https:\\\/\\\/balkangreenenergynews.com\\\/rs\\\/kategorija\\\/vesti\\\/obnovljivi-izvori-energije\\\/\"},{\"@type\":\"ListItem\",\"position\":4,\"name\":\"Evropske cene struje iz vetra i solara za korporativne klijente sko\u010dile 27,5 odsto za godinu dana\"}]},{\"@type\":\"WebSite\",\"@id\":\"https:\\\/\\\/balkangreenenergynews.com\\\/rs\\\/#website\",\"url\":\"https:\\\/\\\/balkangreenenergynews.com\\\/rs\\\/\",\"name\":\"Balkan Green Energy News\",\"description\":\"Naj\u0161iri izbor vesti sa Balkana o zelenoj energiji\",\"potentialAction\":[{\"@type\":\"SearchAction\",\"target\":{\"@type\":\"EntryPoint\",\"urlTemplate\":\"https:\\\/\\\/balkangreenenergynews.com\\\/rs\\\/?s={search_term_string}\"},\"query-input\":{\"@type\":\"PropertyValueSpecification\",\"valueRequired\":true,\"valueName\":\"search_term_string\"}}],\"inLanguage\":\"sr-RS\"},{\"@type\":\"Person\",\"@id\":\"https:\\\/\\\/balkangreenenergynews.com\\\/rs\\\/#\\\/schema\\\/person\\\/d8f80a244c4e9f2b55e4f6968c253246\",\"name\":\"Igor Todorovi\u0107\",\"url\":\"https:\\\/\\\/balkangreenenergynews.com\\\/rs\\\/author\\\/igor-todorovic\\\/\"}]}<\/script>\n<!-- \/ Yoast SEO plugin. -->","yoast_head_json":{"title":"Evropske cene struje iz vetra i solara za korporativne klijente sko\u010dile 27,5 odsto za godinu dana","description":"Indeks ponu\u0111enih cena struje za korporativne PPA ugovore u Evropi uzleteo je 8,6 odsto u prvom kvartalu i 27,5 procenata na godi\u0161njem nivou.","robots":{"index":"index","follow":"follow","max-snippet":"max-snippet:-1","max-image-preview":"max-image-preview:large","max-video-preview":"max-video-preview:-1"},"canonical":"https:\/\/balkangreenenergynews.com\/rs\/evropske-cene-struje-iz-vetra-i-solara-za-korporativne-klijente-skocile-275-odsto-za-godinu-dana\/","og_locale":"sr_RS","og_type":"article","og_title":"Evropske cene struje iz vetra i solara za korporativne klijente sko\u010dile 27,5 odsto za godinu dana","og_description":"Indeks ponu\u0111enih cena struje za korporativne PPA ugovore u Evropi uzleteo je 8,6 odsto u prvom kvartalu i 27,5 procenata na godi\u0161njem nivou.","og_url":"https:\/\/balkangreenenergynews.com\/rs\/evropske-cene-struje-iz-vetra-i-solara-za-korporativne-klijente-skocile-275-odsto-za-godinu-dana\/","og_site_name":"Balkan Green Energy News","article_published_time":"2022-04-14T18:50:33+00:00","article_modified_time":"2022-10-20T23:15:10+00:00","og_image":[{"width":840,"height":430,"url":"https:\/\/balkangreenenergynews.com\/rs\/wp-content\/uploads\/2022\/04\/Evropske-cene-struje-vetra-solara-poslovne-klijente-skocile-27-5-odsto-godinu.jpg","type":"image\/jpeg"}],"author":"Igor Todorovi\u0107","twitter_card":"summary_large_image","twitter_misc":{"\u041d\u0430\u043f\u0438\u0441\u0430\u043d\u043e \u043e\u0434":"Igor Todorovi\u0107","\u041f\u0440\u043e\u0446\u0435\u045a\u0435\u043d\u043e \u0432\u0440\u0435\u043c\u0435 \u0447\u0438\u0442\u0430\u045a\u0430":"3 \u043c\u0438\u043d\u0443\u0442\u0430"},"schema":{"@context":"https:\/\/schema.org","@graph":[{"@type":"Article","@id":"https:\/\/balkangreenenergynews.com\/rs\/evropske-cene-struje-iz-vetra-i-solara-za-korporativne-klijente-skocile-275-odsto-za-godinu-dana\/#article","isPartOf":{"@id":"https:\/\/balkangreenenergynews.com\/rs\/evropske-cene-struje-iz-vetra-i-solara-za-korporativne-klijente-skocile-275-odsto-za-godinu-dana\/"},"author":{"name":"Igor Todorovi\u0107","@id":"https:\/\/balkangreenenergynews.com\/rs\/#\/schema\/person\/d8f80a244c4e9f2b55e4f6968c253246"},"headline":"Evropske cene struje iz vetra i solara za korporativne klijente sko\u010dile 27,5 odsto za godinu dana","datePublished":"2022-04-14T18:50:33+00:00","dateModified":"2022-10-20T23:15:10+00:00","mainEntityOfPage":{"@id":"https:\/\/balkangreenenergynews.com\/rs\/evropske-cene-struje-iz-vetra-i-solara-za-korporativne-klijente-skocile-275-odsto-za-godinu-dana\/"},"wordCount":515,"commentCount":0,"image":{"@id":"https:\/\/balkangreenenergynews.com\/rs\/evropske-cene-struje-iz-vetra-i-solara-za-korporativne-klijente-skocile-275-odsto-za-godinu-dana\/#primaryimage"},"thumbnailUrl":"https:\/\/balkangreenenergynews.com\/rs\/wp-content\/uploads\/2022\/04\/Evropske-cene-struje-vetra-solara-poslovne-klijente-skocile-27-5-odsto-godinu.jpg?wsr","keywords":["elektri\u010dna energija","energetska kriza","korporativni ugovori o otkupu elektri\u010dne energije","obnovljivi izvori energije","PPA","solarne elektrane","ugovor o otkupu elektri\u010dne energije","vetroelektrane"],"articleSection":["Elektri\u010dna energija","Energetska kriza","OIE"],"inLanguage":"sr-RS","potentialAction":[{"@type":"CommentAction","name":"Comment","target":["https:\/\/balkangreenenergynews.com\/rs\/evropske-cene-struje-iz-vetra-i-solara-za-korporativne-klijente-skocile-275-odsto-za-godinu-dana\/#respond"]}]},{"@type":"WebPage","@id":"https:\/\/balkangreenenergynews.com\/rs\/evropske-cene-struje-iz-vetra-i-solara-za-korporativne-klijente-skocile-275-odsto-za-godinu-dana\/","url":"https:\/\/balkangreenenergynews.com\/rs\/evropske-cene-struje-iz-vetra-i-solara-za-korporativne-klijente-skocile-275-odsto-za-godinu-dana\/","name":"Evropske cene struje iz vetra i solara za korporativne klijente sko\u010dile 27,5 odsto za godinu dana","isPartOf":{"@id":"https:\/\/balkangreenenergynews.com\/rs\/#website"},"primaryImageOfPage":{"@id":"https:\/\/balkangreenenergynews.com\/rs\/evropske-cene-struje-iz-vetra-i-solara-za-korporativne-klijente-skocile-275-odsto-za-godinu-dana\/#primaryimage"},"image":{"@id":"https:\/\/balkangreenenergynews.com\/rs\/evropske-cene-struje-iz-vetra-i-solara-za-korporativne-klijente-skocile-275-odsto-za-godinu-dana\/#primaryimage"},"thumbnailUrl":"https:\/\/balkangreenenergynews.com\/rs\/wp-content\/uploads\/2022\/04\/Evropske-cene-struje-vetra-solara-poslovne-klijente-skocile-27-5-odsto-godinu.jpg?wsr","datePublished":"2022-04-14T18:50:33+00:00","dateModified":"2022-10-20T23:15:10+00:00","author":{"@id":"https:\/\/balkangreenenergynews.com\/rs\/#\/schema\/person\/d8f80a244c4e9f2b55e4f6968c253246"},"description":"Indeks ponu\u0111enih cena struje za korporativne PPA ugovore u Evropi uzleteo je 8,6 odsto u prvom kvartalu i 27,5 procenata na godi\u0161njem nivou.","breadcrumb":{"@id":"https:\/\/balkangreenenergynews.com\/rs\/evropske-cene-struje-iz-vetra-i-solara-za-korporativne-klijente-skocile-275-odsto-za-godinu-dana\/#breadcrumb"},"inLanguage":"sr-RS","potentialAction":[{"@type":"ReadAction","target":["https:\/\/balkangreenenergynews.com\/rs\/evropske-cene-struje-iz-vetra-i-solara-za-korporativne-klijente-skocile-275-odsto-za-godinu-dana\/"]}]},{"@type":"ImageObject","inLanguage":"sr-RS","@id":"https:\/\/balkangreenenergynews.com\/rs\/evropske-cene-struje-iz-vetra-i-solara-za-korporativne-klijente-skocile-275-odsto-za-godinu-dana\/#primaryimage","url":"https:\/\/balkangreenenergynews.com\/rs\/wp-content\/uploads\/2022\/04\/Evropske-cene-struje-vetra-solara-poslovne-klijente-skocile-27-5-odsto-godinu.jpg?wsr","contentUrl":"https:\/\/balkangreenenergynews.com\/rs\/wp-content\/uploads\/2022\/04\/Evropske-cene-struje-vetra-solara-poslovne-klijente-skocile-27-5-odsto-godinu.jpg?wsr","width":840,"height":430,"caption":"Evropske cene struje vetra solara poslovne klijente skocile 27 5 odsto godinu"},{"@type":"BreadcrumbList","@id":"https:\/\/balkangreenenergynews.com\/rs\/evropske-cene-struje-iz-vetra-i-solara-za-korporativne-klijente-skocile-275-odsto-za-godinu-dana\/#breadcrumb","itemListElement":[{"@type":"ListItem","position":1,"name":"Po\u010detna","item":"https:\/\/balkangreenenergynews.com\/rs\/"},{"@type":"ListItem","position":2,"name":"Vesti","item":"https:\/\/balkangreenenergynews.com\/rs\/kategorija\/vesti\/"},{"@type":"ListItem","position":3,"name":"OIE","item":"https:\/\/balkangreenenergynews.com\/rs\/kategorija\/vesti\/obnovljivi-izvori-energije\/"},{"@type":"ListItem","position":4,"name":"Evropske cene struje iz vetra i solara za korporativne klijente sko\u010dile 27,5 odsto za godinu dana"}]},{"@type":"WebSite","@id":"https:\/\/balkangreenenergynews.com\/rs\/#website","url":"https:\/\/balkangreenenergynews.com\/rs\/","name":"Balkan Green Energy News","description":"Naj\u0161iri izbor vesti sa Balkana o zelenoj energiji","potentialAction":[{"@type":"SearchAction","target":{"@type":"EntryPoint","urlTemplate":"https:\/\/balkangreenenergynews.com\/rs\/?s={search_term_string}"},"query-input":{"@type":"PropertyValueSpecification","valueRequired":true,"valueName":"search_term_string"}}],"inLanguage":"sr-RS"},{"@type":"Person","@id":"https:\/\/balkangreenenergynews.com\/rs\/#\/schema\/person\/d8f80a244c4e9f2b55e4f6968c253246","name":"Igor Todorovi\u0107","url":"https:\/\/balkangreenenergynews.com\/rs\/author\/igor-todorovic\/"}]}},"_links":{"self":[{"href":"https:\/\/balkangreenenergynews.com\/rs\/wp-json\/wp\/v2\/posts\/47939","targetHints":{"allow":["GET"]}}],"collection":[{"href":"https:\/\/balkangreenenergynews.com\/rs\/wp-json\/wp\/v2\/posts"}],"about":[{"href":"https:\/\/balkangreenenergynews.com\/rs\/wp-json\/wp\/v2\/types\/post"}],"author":[{"embeddable":true,"href":"https:\/\/balkangreenenergynews.com\/rs\/wp-json\/wp\/v2\/users\/27"}],"replies":[{"embeddable":true,"href":"https:\/\/balkangreenenergynews.com\/rs\/wp-json\/wp\/v2\/comments?post=47939"}],"version-history":[{"count":0,"href":"https:\/\/balkangreenenergynews.com\/rs\/wp-json\/wp\/v2\/posts\/47939\/revisions"}],"wp:featuredmedia":[{"embeddable":true,"href":"https:\/\/balkangreenenergynews.com\/rs\/wp-json\/wp\/v2\/media\/47943"}],"wp:attachment":[{"href":"https:\/\/balkangreenenergynews.com\/rs\/wp-json\/wp\/v2\/media?parent=47939"}],"wp:term":[{"taxonomy":"category","embeddable":true,"href":"https:\/\/balkangreenenergynews.com\/rs\/wp-json\/wp\/v2\/categories?post=47939"},{"taxonomy":"post_tag","embeddable":true,"href":"https:\/\/balkangreenenergynews.com\/rs\/wp-json\/wp\/v2\/tags?post=47939"}],"curies":[{"name":"wp","href":"https:\/\/api.w.org\/{rel}","templated":true}]}}