{"id":47338,"date":"2022-03-29T00:23:23","date_gmt":"2022-03-28T22:23:23","guid":{"rendered":"https:\/\/balkangreenenergynews.com\/rs\/?p=47338"},"modified":"2022-03-29T00:23:23","modified_gmt":"2022-03-28T22:23:23","slug":"energetska-zajednica-produzavanjem-radnog-veka-termoelektrana-u-fbih-se-krsi-ugovor","status":"publish","type":"post","link":"https:\/\/balkangreenenergynews.com\/rs\/energetska-zajednica-produzavanjem-radnog-veka-termoelektrana-u-fbih-se-krsi-ugovor\/","title":{"rendered":"Energetska zajednica: Produ\u017eavanjem radnog veka termoelektrana u FBiH se kr\u0161i ugovor"},"content":{"rendered":"<h2>Federacija BiH namerava da odr\u017ei dva bloka u termoelektranama na ugalj u pogonu nakon isteka vremenskog limita, \u0161to je Sekretarijat Energetske zajednice proglasio jasnim kr\u0161enjem obaveza.<\/h2>\n<p>Sekretarijat Energetske zajednice je saop\u0161tio da odluka Federacije Bosne i Hercegovine da produ\u017ei rad dva bloka u svojim termoelektranama na ugalj do 2028. pove\u0107ava zabrinutost za \u017eivotnu sredinu. Treba pomenuti da je ta me\u0111unarodna organizacija <a href=\"https:\/\/balkangreenenergynews.com\/rs\/bih-kosovo-severna-makedonija-prekrsili-propise-o-zagadjivanju-vazduha-iz-termoelektrana\/\">u februaru ve\u0107 pokrenula postupak<\/a> protiv BiH zbog prema\u0161ivanja grani\u010dnih vrednosti za ispu\u0161tanje zaga\u0111uju\u0107ih materija u vazduh definisanih Nacionalnim planom za smanjenje emisija.<\/p>\n<p>Dom naroda Parlamenta FBiH je 24. marta usvojio zaklju\u010dak da se za blokove termoelektrana na ugalj Tuzla 4 i Kakanj 5 <a href=\"https:\/\/balkangreenenergynews.com\/rs\/federacija-bih-hoce-da-produzi-rad-dva-bloka-u-termoelektranama-tuzla-kakanj\/\">otkazuje primena opt-aut mehanizma<\/a> koji proishodi iz Direktive Evropske unije o velikim lo\u017ei\u0161tima. Namera je da se njihov rad <a href=\"https:\/\/balkangreenenergynews.com\/rs\/evropa-zbog-energetske-krize-vraca-termoelektrane-na-ugalj-u-igru\/\">produ\u017ei do 2028. godine.<\/a> Po mi\u0161ljenju sekretarijata, takva jednostrana odluka je jasno kr\u0161enje obaveza Bosne i Hercegovine po Ugovoru o osnivanju Energetske zajednice.<\/p>\n<h3>Tuzla 4, Kakanj 4 pred istekom granice od po 20.000 radnih sati<\/h3>\n<p>Dva bloka u termoelektranama Tuzla i Kakanj uklju\u010dena su 2016. u opt-aut mehanizam na sastanku Ministarskog saveta Energetske zajednice. Ubrzo im isti\u010de limit od po 20.000 radnih sati, kada moraju da se zatvore ili, u teoriji, da se rekonstrui\u0161u.<\/p>\n<p>Rad po probijanju zadatog roka negativno uti\u010de na interese svih gra\u0111ana BiH jer zaga\u0111enost vazduha izaziva veliku \u0161tetu po zdravlje i \u017eivotnu sredinu, uklju\u010duju\u0107i prerano umiranje od bolesti respiratornog sistema, a tako\u0111e dovodi do ekstremno visokih tro\u0161kova koje mora da snosi celo dru\u0161tvo, nagla\u0161avaju u sekretarijatu.<\/p>\n<p>Termalne elektrane Tuzla i Kakanj posluju u okviru dr\u017eavne Elektroprivrede Bosne i Hercegovine (EPBiH), jednog od tri takva preduze\u0107a u zemlji. <a href=\"https:\/\/balkangreenenergynews.com\/rs\/epbih-planira-solarni-park-od-56-megavata-na-deponiji-termoelektrane-tuzla\/\">Kompanija<\/a> tako\u0111e sprema i <a href=\"https:\/\/balkangreenenergynews.com\/rs\/epbih-zeli-da-kupi-projekte-ili-gotove-elektrane-na-obnovljive-izvore\/\">kupuje<\/a> projekte za proizvodnju energije <a href=\"https:\/\/balkangreenenergynews.com\/rs\/zavrsena-izgradnja-ve-podvelezje-1-prve-vetroelektrane-u-vlasnistvu-epbih\/\">iz obnovljivih izvora.<\/a><\/p>\n<h3>BiH kr\u0161i propise i u projektu izgradnje bloka Tuzla 7<\/h3>\n<p>\u0160to se ti\u010de plana izgradnje bloka 7 u termoelektrani Tuzla, finansiranog zajmom od kineske izvozno-uvozne Eksim banke, Ministarski savet je pro\u0161le godine zaklju\u010dio da je odlukom Savjeta za dr\u017eavnu pomo\u0107 BiH prekr\u0161en \u010dlan 18 Ugovora o osnivanju Energetske zajednice, budu\u0107i da garancija nije odobrena pod tr\u017ei\u0161nim uslovima.<\/p>\n<p>Sekretarijat je saop\u0161tio da o\u010dekuje da ga vlada ove zemlje do 1. jula obavesti o merama preduzetim da se ispravi prekr\u0161aj protiv tekovina Energetske zajednice.<\/p>\n","protected":false},"excerpt":{"rendered":"<p>FBiH namerava da odr\u017ei dva bloka u termoelektranama na ugalj u pogonu nakon isteka roka, a Sekretarijat Energetske zajednice navodi da se time kr\u0161e obaveze<\/p>\n","protected":false},"author":27,"featured_media":47339,"comment_status":"open","ping_status":"open","sticky":false,"template":"","format":"standard","meta":{"_acf_changed":false,"_monsterinsights_skip_tracking":false,"_monsterinsights_sitenote_active":false,"_monsterinsights_sitenote_note":"","_monsterinsights_sitenote_category":0,"footnotes":""},"categories":[504],"tags":[3035,669,912,3320,648,187,3510,1231,5015,3287,691,5440,3441],"class_list":["post-47338","post","type-post","status-publish","format-standard","has-post-thumbnail","hentry","category-elektricna-energija","tag-direktiva-o-velikim-lozistima","tag-elektricna-energija","tag-elektroprivreda-bih","tag-elektroprivreda-bosne-i-hercegovine","tag-energetska-zajednica","tag-epbih","tag-jp-elektroprivreda-bih","tag-kvalitet-vazduha","tag-nerp","tag-te-tuzla","tag-ugalj","tag-ukidanje-upotrebe-uglja","tag-zagadenost-vazduha","country-bosna-i-hercegovina"],"acf":[],"yoast_head":"<!-- This site is optimized with the Yoast SEO plugin v27.4 - https:\/\/yoast.com\/product\/yoast-seo-wordpress\/ -->\n<title>Energetska zajednica: Produ\u017eavanjem radnog veka termoelektrana se kr\u0161i ugovor<\/title>\n<meta name=\"description\" content=\"FBiH namerava da odr\u017ei dva bloka u termoelektranama na ugalj u pogonu nakon isteka roka, a Sekretarijat Energetske zajednice navodi da se time kr\u0161e obaveze.\" \/>\n<meta name=\"robots\" content=\"index, follow, max-snippet:-1, max-image-preview:large, max-video-preview:-1\" \/>\n<link rel=\"canonical\" href=\"https:\/\/balkangreenenergynews.com\/rs\/energetska-zajednica-produzavanjem-radnog-veka-termoelektrana-u-fbih-se-krsi-ugovor\/\" \/>\n<meta property=\"og:locale\" content=\"sr_RS\" \/>\n<meta property=\"og:type\" content=\"article\" \/>\n<meta property=\"og:title\" content=\"Energetska zajednica: Produ\u017eavanjem radnog veka termoelektrana se kr\u0161i ugovor\" \/>\n<meta property=\"og:description\" content=\"FBiH namerava da odr\u017ei dva bloka u termoelektranama na ugalj u pogonu nakon isteka roka, a Sekretarijat Energetske zajednice navodi da se time kr\u0161e obaveze.\" \/>\n<meta property=\"og:url\" content=\"https:\/\/balkangreenenergynews.com\/rs\/energetska-zajednica-produzavanjem-radnog-veka-termoelektrana-u-fbih-se-krsi-ugovor\/\" \/>\n<meta property=\"og:site_name\" content=\"Balkan Green Energy News\" \/>\n<meta property=\"article:published_time\" content=\"2022-03-28T22:23:23+00:00\" \/>\n<meta property=\"og:image\" content=\"https:\/\/balkangreenenergynews.com\/rs\/wp-content\/uploads\/2022\/03\/Energetska-zajednica-produzavanjem-radnog-veka-termoelektrana-krsi-ugovor.jpg\" \/>\n\t<meta property=\"og:image:width\" content=\"840\" \/>\n\t<meta property=\"og:image:height\" content=\"430\" \/>\n\t<meta property=\"og:image:type\" content=\"image\/jpeg\" \/>\n<meta name=\"author\" content=\"Igor Todorovi\u0107\" \/>\n<meta name=\"twitter:card\" content=\"summary_large_image\" \/>\n<meta name=\"twitter:label1\" content=\"\u041d\u0430\u043f\u0438\u0441\u0430\u043d\u043e \u043e\u0434\" \/>\n\t<meta name=\"twitter:data1\" content=\"Igor Todorovi\u0107\" \/>\n\t<meta name=\"twitter:label2\" content=\"\u041f\u0440\u043e\u0446\u0435\u045a\u0435\u043d\u043e \u0432\u0440\u0435\u043c\u0435 \u0447\u0438\u0442\u0430\u045a\u0430\" \/>\n\t<meta name=\"twitter:data2\" content=\"2 \u043c\u0438\u043d\u0443\u0442\u0430\" \/>\n<script type=\"application\/ld+json\" class=\"yoast-schema-graph\">{\"@context\":\"https:\\\/\\\/schema.org\",\"@graph\":[{\"@type\":\"Article\",\"@id\":\"https:\\\/\\\/balkangreenenergynews.com\\\/rs\\\/energetska-zajednica-produzavanjem-radnog-veka-termoelektrana-u-fbih-se-krsi-ugovor\\\/#article\",\"isPartOf\":{\"@id\":\"https:\\\/\\\/balkangreenenergynews.com\\\/rs\\\/energetska-zajednica-produzavanjem-radnog-veka-termoelektrana-u-fbih-se-krsi-ugovor\\\/\"},\"author\":{\"name\":\"Igor Todorovi\u0107\",\"@id\":\"https:\\\/\\\/balkangreenenergynews.com\\\/rs\\\/#\\\/schema\\\/person\\\/d8f80a244c4e9f2b55e4f6968c253246\"},\"headline\":\"Energetska zajednica: Produ\u017eavanjem radnog veka termoelektrana u FBiH se kr\u0161i ugovor\",\"datePublished\":\"2022-03-28T22:23:23+00:00\",\"mainEntityOfPage\":{\"@id\":\"https:\\\/\\\/balkangreenenergynews.com\\\/rs\\\/energetska-zajednica-produzavanjem-radnog-veka-termoelektrana-u-fbih-se-krsi-ugovor\\\/\"},\"wordCount\":402,\"commentCount\":0,\"image\":{\"@id\":\"https:\\\/\\\/balkangreenenergynews.com\\\/rs\\\/energetska-zajednica-produzavanjem-radnog-veka-termoelektrana-u-fbih-se-krsi-ugovor\\\/#primaryimage\"},\"thumbnailUrl\":\"https:\\\/\\\/balkangreenenergynews.com\\\/rs\\\/wp-content\\\/uploads\\\/2022\\\/03\\\/Energetska-zajednica-produzavanjem-radnog-veka-termoelektrana-krsi-ugovor.jpg?wsr\",\"keywords\":[\"Direktiva o velikim lo\u017ei\u0161tima\",\"elektri\u010dna energija\",\"Elektroprivreda BiH\",\"Elektroprivreda Bosne i Hercegovine\",\"Energetska zajednica\",\"EPBiH\",\"JP Elektroprivreda BiH\",\"kvalitet vazduha\",\"NERP\",\"TE Tuzla\",\"ugalj\",\"ukidanje upotrebe uglja\",\"zaga\u0111enost vazduha\"],\"articleSection\":[\"Elektri\u010dna energija\"],\"inLanguage\":\"sr-RS\",\"potentialAction\":[{\"@type\":\"CommentAction\",\"name\":\"Comment\",\"target\":[\"https:\\\/\\\/balkangreenenergynews.com\\\/rs\\\/energetska-zajednica-produzavanjem-radnog-veka-termoelektrana-u-fbih-se-krsi-ugovor\\\/#respond\"]}]},{\"@type\":\"WebPage\",\"@id\":\"https:\\\/\\\/balkangreenenergynews.com\\\/rs\\\/energetska-zajednica-produzavanjem-radnog-veka-termoelektrana-u-fbih-se-krsi-ugovor\\\/\",\"url\":\"https:\\\/\\\/balkangreenenergynews.com\\\/rs\\\/energetska-zajednica-produzavanjem-radnog-veka-termoelektrana-u-fbih-se-krsi-ugovor\\\/\",\"name\":\"Energetska zajednica: Produ\u017eavanjem radnog veka termoelektrana se kr\u0161i ugovor\",\"isPartOf\":{\"@id\":\"https:\\\/\\\/balkangreenenergynews.com\\\/rs\\\/#website\"},\"primaryImageOfPage\":{\"@id\":\"https:\\\/\\\/balkangreenenergynews.com\\\/rs\\\/energetska-zajednica-produzavanjem-radnog-veka-termoelektrana-u-fbih-se-krsi-ugovor\\\/#primaryimage\"},\"image\":{\"@id\":\"https:\\\/\\\/balkangreenenergynews.com\\\/rs\\\/energetska-zajednica-produzavanjem-radnog-veka-termoelektrana-u-fbih-se-krsi-ugovor\\\/#primaryimage\"},\"thumbnailUrl\":\"https:\\\/\\\/balkangreenenergynews.com\\\/rs\\\/wp-content\\\/uploads\\\/2022\\\/03\\\/Energetska-zajednica-produzavanjem-radnog-veka-termoelektrana-krsi-ugovor.jpg?wsr\",\"datePublished\":\"2022-03-28T22:23:23+00:00\",\"author\":{\"@id\":\"https:\\\/\\\/balkangreenenergynews.com\\\/rs\\\/#\\\/schema\\\/person\\\/d8f80a244c4e9f2b55e4f6968c253246\"},\"description\":\"FBiH namerava da odr\u017ei dva bloka u termoelektranama na ugalj u pogonu nakon isteka roka, a Sekretarijat Energetske zajednice navodi da se time kr\u0161e obaveze.\",\"breadcrumb\":{\"@id\":\"https:\\\/\\\/balkangreenenergynews.com\\\/rs\\\/energetska-zajednica-produzavanjem-radnog-veka-termoelektrana-u-fbih-se-krsi-ugovor\\\/#breadcrumb\"},\"inLanguage\":\"sr-RS\",\"potentialAction\":[{\"@type\":\"ReadAction\",\"target\":[\"https:\\\/\\\/balkangreenenergynews.com\\\/rs\\\/energetska-zajednica-produzavanjem-radnog-veka-termoelektrana-u-fbih-se-krsi-ugovor\\\/\"]}]},{\"@type\":\"ImageObject\",\"inLanguage\":\"sr-RS\",\"@id\":\"https:\\\/\\\/balkangreenenergynews.com\\\/rs\\\/energetska-zajednica-produzavanjem-radnog-veka-termoelektrana-u-fbih-se-krsi-ugovor\\\/#primaryimage\",\"url\":\"https:\\\/\\\/balkangreenenergynews.com\\\/rs\\\/wp-content\\\/uploads\\\/2022\\\/03\\\/Energetska-zajednica-produzavanjem-radnog-veka-termoelektrana-krsi-ugovor.jpg?wsr\",\"contentUrl\":\"https:\\\/\\\/balkangreenenergynews.com\\\/rs\\\/wp-content\\\/uploads\\\/2022\\\/03\\\/Energetska-zajednica-produzavanjem-radnog-veka-termoelektrana-krsi-ugovor.jpg?wsr\",\"width\":840,\"height\":430,\"caption\":\"Energetska zajednica produzavanjem radnog veka termoelektrana krsi ugovor\"},{\"@type\":\"BreadcrumbList\",\"@id\":\"https:\\\/\\\/balkangreenenergynews.com\\\/rs\\\/energetska-zajednica-produzavanjem-radnog-veka-termoelektrana-u-fbih-se-krsi-ugovor\\\/#breadcrumb\",\"itemListElement\":[{\"@type\":\"ListItem\",\"position\":1,\"name\":\"Po\u010detna\",\"item\":\"https:\\\/\\\/balkangreenenergynews.com\\\/rs\\\/\"},{\"@type\":\"ListItem\",\"position\":2,\"name\":\"Vesti\",\"item\":\"https:\\\/\\\/balkangreenenergynews.com\\\/rs\\\/kategorija\\\/vesti\\\/\"},{\"@type\":\"ListItem\",\"position\":3,\"name\":\"Elektri\u010dna energija\",\"item\":\"https:\\\/\\\/balkangreenenergynews.com\\\/rs\\\/kategorija\\\/vesti\\\/elektricna-energija\\\/\"},{\"@type\":\"ListItem\",\"position\":4,\"name\":\"Energetska zajednica: Produ\u017eavanjem radnog veka termoelektrana u FBiH se kr\u0161i ugovor\"}]},{\"@type\":\"WebSite\",\"@id\":\"https:\\\/\\\/balkangreenenergynews.com\\\/rs\\\/#website\",\"url\":\"https:\\\/\\\/balkangreenenergynews.com\\\/rs\\\/\",\"name\":\"Balkan Green Energy News\",\"description\":\"Naj\u0161iri izbor vesti sa Balkana o zelenoj energiji\",\"potentialAction\":[{\"@type\":\"SearchAction\",\"target\":{\"@type\":\"EntryPoint\",\"urlTemplate\":\"https:\\\/\\\/balkangreenenergynews.com\\\/rs\\\/?s={search_term_string}\"},\"query-input\":{\"@type\":\"PropertyValueSpecification\",\"valueRequired\":true,\"valueName\":\"search_term_string\"}}],\"inLanguage\":\"sr-RS\"},{\"@type\":\"Person\",\"@id\":\"https:\\\/\\\/balkangreenenergynews.com\\\/rs\\\/#\\\/schema\\\/person\\\/d8f80a244c4e9f2b55e4f6968c253246\",\"name\":\"Igor Todorovi\u0107\",\"url\":\"https:\\\/\\\/balkangreenenergynews.com\\\/rs\\\/author\\\/igor-todorovic\\\/\"}]}<\/script>\n<!-- \/ Yoast SEO plugin. -->","yoast_head_json":{"title":"Energetska zajednica: Produ\u017eavanjem radnog veka termoelektrana se kr\u0161i ugovor","description":"FBiH namerava da odr\u017ei dva bloka u termoelektranama na ugalj u pogonu nakon isteka roka, a Sekretarijat Energetske zajednice navodi da se time kr\u0161e obaveze.","robots":{"index":"index","follow":"follow","max-snippet":"max-snippet:-1","max-image-preview":"max-image-preview:large","max-video-preview":"max-video-preview:-1"},"canonical":"https:\/\/balkangreenenergynews.com\/rs\/energetska-zajednica-produzavanjem-radnog-veka-termoelektrana-u-fbih-se-krsi-ugovor\/","og_locale":"sr_RS","og_type":"article","og_title":"Energetska zajednica: Produ\u017eavanjem radnog veka termoelektrana se kr\u0161i ugovor","og_description":"FBiH namerava da odr\u017ei dva bloka u termoelektranama na ugalj u pogonu nakon isteka roka, a Sekretarijat Energetske zajednice navodi da se time kr\u0161e obaveze.","og_url":"https:\/\/balkangreenenergynews.com\/rs\/energetska-zajednica-produzavanjem-radnog-veka-termoelektrana-u-fbih-se-krsi-ugovor\/","og_site_name":"Balkan Green Energy News","article_published_time":"2022-03-28T22:23:23+00:00","og_image":[{"width":840,"height":430,"url":"https:\/\/balkangreenenergynews.com\/rs\/wp-content\/uploads\/2022\/03\/Energetska-zajednica-produzavanjem-radnog-veka-termoelektrana-krsi-ugovor.jpg","type":"image\/jpeg"}],"author":"Igor Todorovi\u0107","twitter_card":"summary_large_image","twitter_misc":{"\u041d\u0430\u043f\u0438\u0441\u0430\u043d\u043e \u043e\u0434":"Igor Todorovi\u0107","\u041f\u0440\u043e\u0446\u0435\u045a\u0435\u043d\u043e \u0432\u0440\u0435\u043c\u0435 \u0447\u0438\u0442\u0430\u045a\u0430":"2 \u043c\u0438\u043d\u0443\u0442\u0430"},"schema":{"@context":"https:\/\/schema.org","@graph":[{"@type":"Article","@id":"https:\/\/balkangreenenergynews.com\/rs\/energetska-zajednica-produzavanjem-radnog-veka-termoelektrana-u-fbih-se-krsi-ugovor\/#article","isPartOf":{"@id":"https:\/\/balkangreenenergynews.com\/rs\/energetska-zajednica-produzavanjem-radnog-veka-termoelektrana-u-fbih-se-krsi-ugovor\/"},"author":{"name":"Igor Todorovi\u0107","@id":"https:\/\/balkangreenenergynews.com\/rs\/#\/schema\/person\/d8f80a244c4e9f2b55e4f6968c253246"},"headline":"Energetska zajednica: Produ\u017eavanjem radnog veka termoelektrana u FBiH se kr\u0161i ugovor","datePublished":"2022-03-28T22:23:23+00:00","mainEntityOfPage":{"@id":"https:\/\/balkangreenenergynews.com\/rs\/energetska-zajednica-produzavanjem-radnog-veka-termoelektrana-u-fbih-se-krsi-ugovor\/"},"wordCount":402,"commentCount":0,"image":{"@id":"https:\/\/balkangreenenergynews.com\/rs\/energetska-zajednica-produzavanjem-radnog-veka-termoelektrana-u-fbih-se-krsi-ugovor\/#primaryimage"},"thumbnailUrl":"https:\/\/balkangreenenergynews.com\/rs\/wp-content\/uploads\/2022\/03\/Energetska-zajednica-produzavanjem-radnog-veka-termoelektrana-krsi-ugovor.jpg?wsr","keywords":["Direktiva o velikim lo\u017ei\u0161tima","elektri\u010dna energija","Elektroprivreda BiH","Elektroprivreda Bosne i Hercegovine","Energetska zajednica","EPBiH","JP Elektroprivreda BiH","kvalitet vazduha","NERP","TE Tuzla","ugalj","ukidanje upotrebe uglja","zaga\u0111enost vazduha"],"articleSection":["Elektri\u010dna energija"],"inLanguage":"sr-RS","potentialAction":[{"@type":"CommentAction","name":"Comment","target":["https:\/\/balkangreenenergynews.com\/rs\/energetska-zajednica-produzavanjem-radnog-veka-termoelektrana-u-fbih-se-krsi-ugovor\/#respond"]}]},{"@type":"WebPage","@id":"https:\/\/balkangreenenergynews.com\/rs\/energetska-zajednica-produzavanjem-radnog-veka-termoelektrana-u-fbih-se-krsi-ugovor\/","url":"https:\/\/balkangreenenergynews.com\/rs\/energetska-zajednica-produzavanjem-radnog-veka-termoelektrana-u-fbih-se-krsi-ugovor\/","name":"Energetska zajednica: Produ\u017eavanjem radnog veka termoelektrana se kr\u0161i ugovor","isPartOf":{"@id":"https:\/\/balkangreenenergynews.com\/rs\/#website"},"primaryImageOfPage":{"@id":"https:\/\/balkangreenenergynews.com\/rs\/energetska-zajednica-produzavanjem-radnog-veka-termoelektrana-u-fbih-se-krsi-ugovor\/#primaryimage"},"image":{"@id":"https:\/\/balkangreenenergynews.com\/rs\/energetska-zajednica-produzavanjem-radnog-veka-termoelektrana-u-fbih-se-krsi-ugovor\/#primaryimage"},"thumbnailUrl":"https:\/\/balkangreenenergynews.com\/rs\/wp-content\/uploads\/2022\/03\/Energetska-zajednica-produzavanjem-radnog-veka-termoelektrana-krsi-ugovor.jpg?wsr","datePublished":"2022-03-28T22:23:23+00:00","author":{"@id":"https:\/\/balkangreenenergynews.com\/rs\/#\/schema\/person\/d8f80a244c4e9f2b55e4f6968c253246"},"description":"FBiH namerava da odr\u017ei dva bloka u termoelektranama na ugalj u pogonu nakon isteka roka, a Sekretarijat Energetske zajednice navodi da se time kr\u0161e obaveze.","breadcrumb":{"@id":"https:\/\/balkangreenenergynews.com\/rs\/energetska-zajednica-produzavanjem-radnog-veka-termoelektrana-u-fbih-se-krsi-ugovor\/#breadcrumb"},"inLanguage":"sr-RS","potentialAction":[{"@type":"ReadAction","target":["https:\/\/balkangreenenergynews.com\/rs\/energetska-zajednica-produzavanjem-radnog-veka-termoelektrana-u-fbih-se-krsi-ugovor\/"]}]},{"@type":"ImageObject","inLanguage":"sr-RS","@id":"https:\/\/balkangreenenergynews.com\/rs\/energetska-zajednica-produzavanjem-radnog-veka-termoelektrana-u-fbih-se-krsi-ugovor\/#primaryimage","url":"https:\/\/balkangreenenergynews.com\/rs\/wp-content\/uploads\/2022\/03\/Energetska-zajednica-produzavanjem-radnog-veka-termoelektrana-krsi-ugovor.jpg?wsr","contentUrl":"https:\/\/balkangreenenergynews.com\/rs\/wp-content\/uploads\/2022\/03\/Energetska-zajednica-produzavanjem-radnog-veka-termoelektrana-krsi-ugovor.jpg?wsr","width":840,"height":430,"caption":"Energetska zajednica produzavanjem radnog veka termoelektrana krsi ugovor"},{"@type":"BreadcrumbList","@id":"https:\/\/balkangreenenergynews.com\/rs\/energetska-zajednica-produzavanjem-radnog-veka-termoelektrana-u-fbih-se-krsi-ugovor\/#breadcrumb","itemListElement":[{"@type":"ListItem","position":1,"name":"Po\u010detna","item":"https:\/\/balkangreenenergynews.com\/rs\/"},{"@type":"ListItem","position":2,"name":"Vesti","item":"https:\/\/balkangreenenergynews.com\/rs\/kategorija\/vesti\/"},{"@type":"ListItem","position":3,"name":"Elektri\u010dna energija","item":"https:\/\/balkangreenenergynews.com\/rs\/kategorija\/vesti\/elektricna-energija\/"},{"@type":"ListItem","position":4,"name":"Energetska zajednica: Produ\u017eavanjem radnog veka termoelektrana u FBiH se kr\u0161i ugovor"}]},{"@type":"WebSite","@id":"https:\/\/balkangreenenergynews.com\/rs\/#website","url":"https:\/\/balkangreenenergynews.com\/rs\/","name":"Balkan Green Energy News","description":"Naj\u0161iri izbor vesti sa Balkana o zelenoj energiji","potentialAction":[{"@type":"SearchAction","target":{"@type":"EntryPoint","urlTemplate":"https:\/\/balkangreenenergynews.com\/rs\/?s={search_term_string}"},"query-input":{"@type":"PropertyValueSpecification","valueRequired":true,"valueName":"search_term_string"}}],"inLanguage":"sr-RS"},{"@type":"Person","@id":"https:\/\/balkangreenenergynews.com\/rs\/#\/schema\/person\/d8f80a244c4e9f2b55e4f6968c253246","name":"Igor Todorovi\u0107","url":"https:\/\/balkangreenenergynews.com\/rs\/author\/igor-todorovic\/"}]}},"_links":{"self":[{"href":"https:\/\/balkangreenenergynews.com\/rs\/wp-json\/wp\/v2\/posts\/47338","targetHints":{"allow":["GET"]}}],"collection":[{"href":"https:\/\/balkangreenenergynews.com\/rs\/wp-json\/wp\/v2\/posts"}],"about":[{"href":"https:\/\/balkangreenenergynews.com\/rs\/wp-json\/wp\/v2\/types\/post"}],"author":[{"embeddable":true,"href":"https:\/\/balkangreenenergynews.com\/rs\/wp-json\/wp\/v2\/users\/27"}],"replies":[{"embeddable":true,"href":"https:\/\/balkangreenenergynews.com\/rs\/wp-json\/wp\/v2\/comments?post=47338"}],"version-history":[{"count":0,"href":"https:\/\/balkangreenenergynews.com\/rs\/wp-json\/wp\/v2\/posts\/47338\/revisions"}],"wp:featuredmedia":[{"embeddable":true,"href":"https:\/\/balkangreenenergynews.com\/rs\/wp-json\/wp\/v2\/media\/47339"}],"wp:attachment":[{"href":"https:\/\/balkangreenenergynews.com\/rs\/wp-json\/wp\/v2\/media?parent=47338"}],"wp:term":[{"taxonomy":"category","embeddable":true,"href":"https:\/\/balkangreenenergynews.com\/rs\/wp-json\/wp\/v2\/categories?post=47338"},{"taxonomy":"post_tag","embeddable":true,"href":"https:\/\/balkangreenenergynews.com\/rs\/wp-json\/wp\/v2\/tags?post=47338"}],"curies":[{"name":"wp","href":"https:\/\/api.w.org\/{rel}","templated":true}]}}