{"id":47074,"date":"2022-03-21T21:37:15","date_gmt":"2022-03-21T20:37:15","guid":{"rendered":"https:\/\/balkangreenenergynews.com\/rs\/?p=47074"},"modified":"2022-03-22T08:05:59","modified_gmt":"2022-03-22T07:05:59","slug":"svetski-dan-voda-2022-znacaj-podzemnih-voda-sve-veci","status":"publish","type":"post","link":"https:\/\/balkangreenenergynews.com\/rs\/svetski-dan-voda-2022-znacaj-podzemnih-voda-sve-veci\/","title":{"rendered":"Svetski dan voda 2022 &#8211; zna\u010daj podzemnih voda sve ve\u0107i"},"content":{"rendered":"<h2>22. marta se obele\u017eava Svetski dan voda, pod sloganom &#8222;U\u010diniti nevidljivo vidljivim&#8220; i sa posebnim akcentom na va\u017enost podzemnih voda, koje \u010dine skoro 99 procenata te\u010dne slatke vode na planeti. Samo odr\u017eivim upravljanjem ovim dragocenim resursom mogu\u0107e je obezbediti pitku vodu za budu\u0107e generacije, isti\u010du u Koaliciji za vodu i klimu Ujedinjenih nacija. U Srbiji se ovaj dan obele\u017eava nizom doga\u0111aja mre\u017ee Pravo na vodu, koja okuplja organizacije i pojedince ujedinjene u borbi za pristup vodi.<\/h2>\n<p>Podzemne vode obezbe\u0111uju polovinu vode koja se koristi za ku\u0107nu upotrebu na planeti, kao i pitku vodu za ogromnu ve\u0107inu ruralnog stanovni\u0161tva koje nije priklju\u010deno na sisteme snabdevanja. Oko 25 procenata ukupne koli\u010dine vode za navodnjavanje \u010dine podzemne vode. Ipak, va\u017enost ovog prirodnog resursa se \u010desto potcenjuje i relativizuje, vodom se lo\u0161e upravlja i ona se zloupotrebljava, navode u UN-u.<\/p>\n<blockquote><p>Skoro polovina svetske populacije se suo\u010dava sa ozbiljnim nesta\u0161icama vode, barem u nekom delu godine<\/p><\/blockquote>\n<p>Skoro polovina svetske populacije se suo\u010dava sa ozbiljnim nesta\u0161icama vode, barem u nekom delu godine, dok oko 2,2 miljarde ljudi trenutno nema pristup sve\u017eoj pija\u0107oj vodi. Predvi\u0111a se da \u0107e se ovakva situacija jo\u0161 vi\u0161e pogor\u0161ati, usled klimatskih promena, koje uti\u010du na cikluse padavina i celokupno kru\u017eenje vode na planeti.<\/p>\n<h3>Manje vode za poljoprivredu i pretnje od poplava<\/h3>\n<p>UN isti\u010de da se hidrolo\u0161ke promene usled povla\u010denja gle\u010dera i otapanja permafrosta pribli\u017eavaju &#8222;ta\u010dki bez povratka&#8220;. Novi izve\u0161taj Me\u0111unarodnog panela za klimatske promene (IPPC) ukazuje na razmere nadolaze\u0107e krize dostupnosti vode i ogromne izazove koji predstoje u upravljanju ovim resursom.<\/p>\n<p>Smanji\u0107e se koli\u010dina vode nastala otapanjem snega, \u0161to je glavni izvor za navodnjavanje u nekim delovima sveta, a gubitak mase gle\u010dera dodatno \u0107e smanjiti dostupnost vode u poljoprivredi, kao i za rad hidroelektrana i snabdevanje gradova i naselja, u srednjero\u010dnom i dugoro\u010dnom periodu.<\/p>\n<blockquote><p>Gubitak mase gle\u010dera dodatno \u0107e smanjiti dostupnost vode u poljoprivredi, kao i za rad hidroelektrana<\/p><\/blockquote>\n<p>Promene u kru\u017eenju vode i vremenski ekstremi negativno \u0107e uticati na slatkovodne ekosisteme, dok \u0107e se direktne \u0161tete od poplava pove\u0107avati sa svakim deli\u0107em stepena porasta temperature, upozorio je IPCC.<\/p>\n<h3>Zna\u010daj resursa voda se uve\u0107ava<\/h3>\n<p>Prilago\u0111avanje rizicima i uticajima vezanim za vodu \u010dini ve\u0107inu svih dokumentovanih politika prilago\u0111avanja klimatskim promenama, navodi se u poslednjem izve\u0161taju o klimatskim promenama. Me\u0111utim, rizik predstavljaju i lo\u0161e vo\u0111ene mere prilago\u0111avanja, koje mogu da budu kontraproduktivne. Na primer, projekti navodnjavanja mogu da umanje rizik od su\u0161e, ali istovremeno i da ubrzaju iscrpljivanje podzemnih voda, kao i da uve\u0107aju salinitet zemlji\u0161ta.<\/p>\n<blockquote><p>Rizik predstavljaju i lo\u0161e vo\u0111ene mere prilago\u0111avanja, koje mogu da budu kontraproduktivne<\/p><\/blockquote>\n<p>Na podzemne vode uti\u010de i zaga\u0111enje od upotrebe \u0111ubriva i pesticida u intenzivnoj poljoprivredi, toksi\u010dnih hemikalija u lo\u0161e regulisanoj industriji, a \u010desto i kanalizacija usled lo\u0161ih sanitarnih uslova.<\/p>\n<p>Va\u017enost podzemnih voda \u0107e se samo uve\u0107avati, usled rastu\u0107e potra\u017enje za vodom u svim sektorima i zbog sve ve\u0107ih varijacija i nepredvidivosti atmosferskih padavina.<\/p>\n<p><iframe loading=\"lazy\" title=\"Groundwater - Making the invisible visible\" width=\"500\" height=\"281\" src=\"https:\/\/www.youtube.com\/embed\/HewrayqUscs?feature=oembed\" frameborder=\"0\" allow=\"accelerometer; autoplay; clipboard-write; encrypted-media; gyroscope; picture-in-picture; web-share\" referrerpolicy=\"strict-origin-when-cross-origin\" allowfullscreen><\/iframe><\/p>\n<p>U upravo objavljenom izve\u0161taju <a href=\"https:\/\/www.unwater.org\/publications\/un-world-water-development-report-2022\/\">o razvoju svetskih voda<\/a> navodi se da shvatanje potencijala podzemnih voda zahteva uskla\u0111ene napore u upravljanju i odr\u017eivo kori\u0161\u0107enje ovog resursa. Podzemne vode su klju\u010dne u borbi protiv siroma\u0161tva, za sigurnost i dostupnost hrane i vode, kao i za otpornost dru\u0161tva, ekonomije i zajednica na klimatske promene.<\/p>\n<h3>Zdrave reke za zdrave podzemne vode<\/h3>\n<p>Kampanja Spasimo plavo srce Evrope &#8211; <a href=\"https:\/\/balkangreenenergynews.com\/rs\/spreman-pravni-vodic-za-odbranu-reka-od-izgradnje-hidroelektrana\/\">Save the Blue Heart of Europe<\/a> isti\u010de povezanost izme\u0111u zdravih ekosistema u rekama i podzemnih voda. Reke su sa sistemom podzemnih voda\u00a0u stalnoj razmeni. Voda se vra\u0107a u reku, pro\u010di\u0161\u0107ena, \u010demu doprinosi ekosistem podzemnih voda.<\/p>\n<p>&#8222;Ova zdrava veza izme\u0111u podzemnih voda i reka mo\u017ee biti pogo\u0111ena pogor\u0161anjem stanja reka. Ako se reke kanali\u0161u ili pregrade, na primer, to mo\u017ee dovesti do o\u0161te\u0107enja biodiverziteta podzemnih voda i posledi\u010dno uticati na kvalitet vode&#8220;, napominju u organizaciji.<\/p>\n<blockquote><p>Spasimo plavo srce Evrope: Vodotokove ugro\u017eava preko 3,500 projekata hidroelektrana, \u0161to mo\u017ee da ugrozi resurse podzemnih voda<\/p><\/blockquote>\n<p>Za zdrave reke potrebno za\u0161tititi jedinstveni biodiverzitet podzemnih voda, i obrnuto. U kampanji za za\u0161titu reka na Balkanu navode da vodotokove ugro\u017eava preko 3,500 projekata hidroelektrana i da to u velikoj razmeri mo\u017ee da ugrozi resurse podzemnih voda i dostupnost pija\u0107e vode za lokalne zajednice.<\/p>\n<h3>Pravo na vodu u Srbiji<\/h3>\n<p>Obele\u017eavanje Svetskog dana voda organizuje, nizom akcija u Srbiji, i Pravo na vodu. <a href=\"https:\/\/balkangreenenergynews.com\/rs\/savet-za-borbu-protiv-korupcije-prodaja-instituta-jaroslav-cerni-je-nezakonita-i-mora-biti-ponistena\/\">Ova mre\u017ea organizacija<\/a> upozorava na pretnje po vode u zemlji. <a href=\"https:\/\/www.facebook.com\/events\/649019956388025\/?ref=newsfeed\">Doga\u0111aji su najavljeni<\/a> u Beogradu, Zrenjaninu, Kraljevu, Zaje\u010daru, Kragujevcu i drugim gradovima.<\/p>\n<blockquote><p>Pravo na vodu: Vi\u0161e podru\u010dja je na meti zaga\u0111enja, negde rudarstvom, negde mini hidroelektranama, a skoro sva otpadnim vodama<\/p><\/blockquote>\n<p>&#8222;Najzna\u010dajnija le\u017ei\u0161ta malomineralizovanih podzemnih voda su podru\u010dje Ma\u010dve, dolina Save do u\u0161\u0107a u Dunav, Ku\u010dajsko-beljani\u010dki masiv i dolina Velike Morave. Sva ova podru\u010dja su na meti zaga\u0111enja, negde rudarstvom, negde mini hidroelektranama, a skoro sva otpadnim vodama&#8220;, isti\u010du u Pravu na vodu.<\/p>\n<p>Voda je prirodno bogatstvo, javno dobro i ljudsko pravo, napominju aktivisti. U Srbiji podzemne vode obezbe\u0111uju 75 procenata vode za pi\u0107e.<\/p>\n<blockquote><p>Voda je prirodno bogatstvo, javno dobro i ljudsko pravo<\/p><\/blockquote>\n<p>&#8222;Posebno \u017eelimo da upozorimo na ugro\u017eavanje vodnih dobara talasom rudarskih istra\u017enih radnji \u0161irom Srbije, koje se slabo ili nikako kontroli\u0161u i ve\u0107 ugro\u017eavaju posebno podzemne vode, na \u0161ta je upozorio i SANU u svom poslednjem izve\u0161taju. Vi\u0161e desetina rudnika koji se planira predlogom Prostornog plana, bespovratno bi ugrozio ogromne koli\u010dine podzemnih voda, pored onih povr\u0161inskih kao \u0161to su reke i jezera&#8220;, navode u Pravu na vodu.<\/p>\n","protected":false},"excerpt":{"rendered":"<p>Danas se obele\u017eava Svetski dan voda, s posebnim akcentom na va\u017enost podzemnih voda, koje \u010dine skoro 99 odsto te\u010dne slatke vode na planeti<\/p>\n","protected":false},"author":30,"featured_media":47090,"comment_status":"open","ping_status":"open","sticky":false,"template":"","format":"standard","meta":{"_acf_changed":false,"_monsterinsights_skip_tracking":false,"_monsterinsights_sitenote_active":false,"_monsterinsights_sitenote_note":"","_monsterinsights_sitenote_category":0,"footnotes":""},"categories":[6,4],"tags":[3105,6301,5429,5114,6302,1738,4993,5921],"class_list":["post-47074","post","type-post","status-publish","format-standard","has-post-thumbnail","hentry","category-voda","category-zivotna-sredina","tag-pijaca-voda","tag-pravo-na-vodu","tag-save-the-blue-heart-of-europe","tag-svetski-dan-voda","tag-ujedinjene-nacije","tag-upravljanje-vodama","tag-voda","tag-zivotna-sredina","country-srbija","country-svet"],"acf":[],"yoast_head":"<!-- This site is optimized with the Yoast SEO plugin v27.4 - https:\/\/yoast.com\/product\/yoast-seo-wordpress\/ -->\n<title>Svetski dan voda 2022 - zna\u010daj podzemnih voda sve ve\u0107i<\/title>\n<meta name=\"description\" content=\"Danas se obele\u017eava Svetski dan voda, s posebnim akcentom na va\u017enost podzemnih voda, koje \u010dine skoro 99 odsto te\u010dne slatke vode na planeti.\" \/>\n<meta name=\"robots\" content=\"index, follow, max-snippet:-1, max-image-preview:large, max-video-preview:-1\" \/>\n<link rel=\"canonical\" href=\"https:\/\/balkangreenenergynews.com\/rs\/svetski-dan-voda-2022-znacaj-podzemnih-voda-sve-veci\/\" \/>\n<meta property=\"og:locale\" content=\"sr_RS\" \/>\n<meta property=\"og:type\" content=\"article\" \/>\n<meta property=\"og:title\" content=\"Svetski dan voda 2022 - zna\u010daj podzemnih voda sve ve\u0107i\" \/>\n<meta property=\"og:description\" content=\"Danas se obele\u017eava Svetski dan voda, s posebnim akcentom na va\u017enost podzemnih voda, koje \u010dine skoro 99 odsto te\u010dne slatke vode na planeti.\" \/>\n<meta property=\"og:url\" content=\"https:\/\/balkangreenenergynews.com\/rs\/svetski-dan-voda-2022-znacaj-podzemnih-voda-sve-veci\/\" \/>\n<meta property=\"og:site_name\" content=\"Balkan Green Energy News\" \/>\n<meta property=\"article:published_time\" content=\"2022-03-21T20:37:15+00:00\" \/>\n<meta property=\"article:modified_time\" content=\"2022-03-22T07:05:59+00:00\" \/>\n<meta property=\"og:image\" content=\"https:\/\/balkangreenenergynews.com\/rs\/wp-content\/uploads\/2022\/03\/pexels-pixabay-45229-840-x430.jpg\" \/>\n\t<meta property=\"og:image:width\" content=\"840\" \/>\n\t<meta property=\"og:image:height\" content=\"430\" \/>\n\t<meta property=\"og:image:type\" content=\"image\/jpeg\" \/>\n<meta name=\"author\" content=\"Mihajlo Vujasin\" \/>\n<meta name=\"twitter:card\" content=\"summary_large_image\" \/>\n<meta name=\"twitter:label1\" content=\"\u041d\u0430\u043f\u0438\u0441\u0430\u043d\u043e \u043e\u0434\" \/>\n\t<meta name=\"twitter:data1\" content=\"Mihajlo Vujasin\" \/>\n\t<meta name=\"twitter:label2\" content=\"\u041f\u0440\u043e\u0446\u0435\u045a\u0435\u043d\u043e \u0432\u0440\u0435\u043c\u0435 \u0447\u0438\u0442\u0430\u045a\u0430\" \/>\n\t<meta name=\"twitter:data2\" content=\"5 \u043c\u0438\u043d\u0443\u0442\u0430\" \/>\n<script type=\"application\/ld+json\" class=\"yoast-schema-graph\">{\"@context\":\"https:\\\/\\\/schema.org\",\"@graph\":[{\"@type\":\"Article\",\"@id\":\"https:\\\/\\\/balkangreenenergynews.com\\\/rs\\\/svetski-dan-voda-2022-znacaj-podzemnih-voda-sve-veci\\\/#article\",\"isPartOf\":{\"@id\":\"https:\\\/\\\/balkangreenenergynews.com\\\/rs\\\/svetski-dan-voda-2022-znacaj-podzemnih-voda-sve-veci\\\/\"},\"author\":{\"name\":\"Mihajlo Vujasin\",\"@id\":\"https:\\\/\\\/balkangreenenergynews.com\\\/rs\\\/#\\\/schema\\\/person\\\/6b3cd0445eb192f645c773282d0747ca\"},\"headline\":\"Svetski dan voda 2022 &#8211; zna\u010daj podzemnih voda sve ve\u0107i\",\"datePublished\":\"2022-03-21T20:37:15+00:00\",\"dateModified\":\"2022-03-22T07:05:59+00:00\",\"mainEntityOfPage\":{\"@id\":\"https:\\\/\\\/balkangreenenergynews.com\\\/rs\\\/svetski-dan-voda-2022-znacaj-podzemnih-voda-sve-veci\\\/\"},\"wordCount\":1004,\"commentCount\":0,\"image\":{\"@id\":\"https:\\\/\\\/balkangreenenergynews.com\\\/rs\\\/svetski-dan-voda-2022-znacaj-podzemnih-voda-sve-veci\\\/#primaryimage\"},\"thumbnailUrl\":\"https:\\\/\\\/balkangreenenergynews.com\\\/rs\\\/wp-content\\\/uploads\\\/2022\\\/03\\\/pexels-pixabay-45229-840-x430.jpg?wsr\",\"keywords\":[\"pija\u0107a voda\",\"pravo na vodu\",\"Save the Blue Heart of Europe\",\"Svetski dan voda\",\"Ujedinjene nacije\",\"upravljanje vodama\",\"voda\",\"\u017eivotna sredina\"],\"articleSection\":[\"Voda\",\"\u017divotna sredina\"],\"inLanguage\":\"sr-RS\",\"potentialAction\":[{\"@type\":\"CommentAction\",\"name\":\"Comment\",\"target\":[\"https:\\\/\\\/balkangreenenergynews.com\\\/rs\\\/svetski-dan-voda-2022-znacaj-podzemnih-voda-sve-veci\\\/#respond\"]}]},{\"@type\":\"WebPage\",\"@id\":\"https:\\\/\\\/balkangreenenergynews.com\\\/rs\\\/svetski-dan-voda-2022-znacaj-podzemnih-voda-sve-veci\\\/\",\"url\":\"https:\\\/\\\/balkangreenenergynews.com\\\/rs\\\/svetski-dan-voda-2022-znacaj-podzemnih-voda-sve-veci\\\/\",\"name\":\"Svetski dan voda 2022 - zna\u010daj podzemnih voda sve ve\u0107i\",\"isPartOf\":{\"@id\":\"https:\\\/\\\/balkangreenenergynews.com\\\/rs\\\/#website\"},\"primaryImageOfPage\":{\"@id\":\"https:\\\/\\\/balkangreenenergynews.com\\\/rs\\\/svetski-dan-voda-2022-znacaj-podzemnih-voda-sve-veci\\\/#primaryimage\"},\"image\":{\"@id\":\"https:\\\/\\\/balkangreenenergynews.com\\\/rs\\\/svetski-dan-voda-2022-znacaj-podzemnih-voda-sve-veci\\\/#primaryimage\"},\"thumbnailUrl\":\"https:\\\/\\\/balkangreenenergynews.com\\\/rs\\\/wp-content\\\/uploads\\\/2022\\\/03\\\/pexels-pixabay-45229-840-x430.jpg?wsr\",\"datePublished\":\"2022-03-21T20:37:15+00:00\",\"dateModified\":\"2022-03-22T07:05:59+00:00\",\"author\":{\"@id\":\"https:\\\/\\\/balkangreenenergynews.com\\\/rs\\\/#\\\/schema\\\/person\\\/6b3cd0445eb192f645c773282d0747ca\"},\"description\":\"Danas se obele\u017eava Svetski dan voda, s posebnim akcentom na va\u017enost podzemnih voda, koje \u010dine skoro 99 odsto te\u010dne slatke vode na planeti.\",\"breadcrumb\":{\"@id\":\"https:\\\/\\\/balkangreenenergynews.com\\\/rs\\\/svetski-dan-voda-2022-znacaj-podzemnih-voda-sve-veci\\\/#breadcrumb\"},\"inLanguage\":\"sr-RS\",\"potentialAction\":[{\"@type\":\"ReadAction\",\"target\":[\"https:\\\/\\\/balkangreenenergynews.com\\\/rs\\\/svetski-dan-voda-2022-znacaj-podzemnih-voda-sve-veci\\\/\"]}]},{\"@type\":\"ImageObject\",\"inLanguage\":\"sr-RS\",\"@id\":\"https:\\\/\\\/balkangreenenergynews.com\\\/rs\\\/svetski-dan-voda-2022-znacaj-podzemnih-voda-sve-veci\\\/#primaryimage\",\"url\":\"https:\\\/\\\/balkangreenenergynews.com\\\/rs\\\/wp-content\\\/uploads\\\/2022\\\/03\\\/pexels-pixabay-45229-840-x430.jpg?wsr\",\"contentUrl\":\"https:\\\/\\\/balkangreenenergynews.com\\\/rs\\\/wp-content\\\/uploads\\\/2022\\\/03\\\/pexels-pixabay-45229-840-x430.jpg?wsr\",\"width\":840,\"height\":430,\"caption\":\"Svetski dan voda 2022 - zna\u010daj podzemnih voda sve ve\u0107i\"},{\"@type\":\"BreadcrumbList\",\"@id\":\"https:\\\/\\\/balkangreenenergynews.com\\\/rs\\\/svetski-dan-voda-2022-znacaj-podzemnih-voda-sve-veci\\\/#breadcrumb\",\"itemListElement\":[{\"@type\":\"ListItem\",\"position\":1,\"name\":\"Po\u010detna\",\"item\":\"https:\\\/\\\/balkangreenenergynews.com\\\/rs\\\/\"},{\"@type\":\"ListItem\",\"position\":2,\"name\":\"Vesti\",\"item\":\"https:\\\/\\\/balkangreenenergynews.com\\\/rs\\\/kategorija\\\/vesti\\\/\"},{\"@type\":\"ListItem\",\"position\":3,\"name\":\"Voda\",\"item\":\"https:\\\/\\\/balkangreenenergynews.com\\\/rs\\\/kategorija\\\/vesti\\\/voda\\\/\"},{\"@type\":\"ListItem\",\"position\":4,\"name\":\"Svetski dan voda 2022 &#8211; zna\u010daj podzemnih voda sve ve\u0107i\"}]},{\"@type\":\"WebSite\",\"@id\":\"https:\\\/\\\/balkangreenenergynews.com\\\/rs\\\/#website\",\"url\":\"https:\\\/\\\/balkangreenenergynews.com\\\/rs\\\/\",\"name\":\"Balkan Green Energy News\",\"description\":\"Naj\u0161iri izbor vesti sa Balkana o zelenoj energiji\",\"potentialAction\":[{\"@type\":\"SearchAction\",\"target\":{\"@type\":\"EntryPoint\",\"urlTemplate\":\"https:\\\/\\\/balkangreenenergynews.com\\\/rs\\\/?s={search_term_string}\"},\"query-input\":{\"@type\":\"PropertyValueSpecification\",\"valueRequired\":true,\"valueName\":\"search_term_string\"}}],\"inLanguage\":\"sr-RS\"},{\"@type\":\"Person\",\"@id\":\"https:\\\/\\\/balkangreenenergynews.com\\\/rs\\\/#\\\/schema\\\/person\\\/6b3cd0445eb192f645c773282d0747ca\",\"name\":\"Mihajlo Vujasin\",\"url\":\"https:\\\/\\\/balkangreenenergynews.com\\\/rs\\\/author\\\/mihajlo-vujasin\\\/\"}]}<\/script>\n<!-- \/ Yoast SEO plugin. -->","yoast_head_json":{"title":"Svetski dan voda 2022 - zna\u010daj podzemnih voda sve ve\u0107i","description":"Danas se obele\u017eava Svetski dan voda, s posebnim akcentom na va\u017enost podzemnih voda, koje \u010dine skoro 99 odsto te\u010dne slatke vode na planeti.","robots":{"index":"index","follow":"follow","max-snippet":"max-snippet:-1","max-image-preview":"max-image-preview:large","max-video-preview":"max-video-preview:-1"},"canonical":"https:\/\/balkangreenenergynews.com\/rs\/svetski-dan-voda-2022-znacaj-podzemnih-voda-sve-veci\/","og_locale":"sr_RS","og_type":"article","og_title":"Svetski dan voda 2022 - zna\u010daj podzemnih voda sve ve\u0107i","og_description":"Danas se obele\u017eava Svetski dan voda, s posebnim akcentom na va\u017enost podzemnih voda, koje \u010dine skoro 99 odsto te\u010dne slatke vode na planeti.","og_url":"https:\/\/balkangreenenergynews.com\/rs\/svetski-dan-voda-2022-znacaj-podzemnih-voda-sve-veci\/","og_site_name":"Balkan Green Energy News","article_published_time":"2022-03-21T20:37:15+00:00","article_modified_time":"2022-03-22T07:05:59+00:00","og_image":[{"width":840,"height":430,"url":"https:\/\/balkangreenenergynews.com\/rs\/wp-content\/uploads\/2022\/03\/pexels-pixabay-45229-840-x430.jpg","type":"image\/jpeg"}],"author":"Mihajlo Vujasin","twitter_card":"summary_large_image","twitter_misc":{"\u041d\u0430\u043f\u0438\u0441\u0430\u043d\u043e \u043e\u0434":"Mihajlo Vujasin","\u041f\u0440\u043e\u0446\u0435\u045a\u0435\u043d\u043e \u0432\u0440\u0435\u043c\u0435 \u0447\u0438\u0442\u0430\u045a\u0430":"5 \u043c\u0438\u043d\u0443\u0442\u0430"},"schema":{"@context":"https:\/\/schema.org","@graph":[{"@type":"Article","@id":"https:\/\/balkangreenenergynews.com\/rs\/svetski-dan-voda-2022-znacaj-podzemnih-voda-sve-veci\/#article","isPartOf":{"@id":"https:\/\/balkangreenenergynews.com\/rs\/svetski-dan-voda-2022-znacaj-podzemnih-voda-sve-veci\/"},"author":{"name":"Mihajlo Vujasin","@id":"https:\/\/balkangreenenergynews.com\/rs\/#\/schema\/person\/6b3cd0445eb192f645c773282d0747ca"},"headline":"Svetski dan voda 2022 &#8211; zna\u010daj podzemnih voda sve ve\u0107i","datePublished":"2022-03-21T20:37:15+00:00","dateModified":"2022-03-22T07:05:59+00:00","mainEntityOfPage":{"@id":"https:\/\/balkangreenenergynews.com\/rs\/svetski-dan-voda-2022-znacaj-podzemnih-voda-sve-veci\/"},"wordCount":1004,"commentCount":0,"image":{"@id":"https:\/\/balkangreenenergynews.com\/rs\/svetski-dan-voda-2022-znacaj-podzemnih-voda-sve-veci\/#primaryimage"},"thumbnailUrl":"https:\/\/balkangreenenergynews.com\/rs\/wp-content\/uploads\/2022\/03\/pexels-pixabay-45229-840-x430.jpg?wsr","keywords":["pija\u0107a voda","pravo na vodu","Save the Blue Heart of Europe","Svetski dan voda","Ujedinjene nacije","upravljanje vodama","voda","\u017eivotna sredina"],"articleSection":["Voda","\u017divotna sredina"],"inLanguage":"sr-RS","potentialAction":[{"@type":"CommentAction","name":"Comment","target":["https:\/\/balkangreenenergynews.com\/rs\/svetski-dan-voda-2022-znacaj-podzemnih-voda-sve-veci\/#respond"]}]},{"@type":"WebPage","@id":"https:\/\/balkangreenenergynews.com\/rs\/svetski-dan-voda-2022-znacaj-podzemnih-voda-sve-veci\/","url":"https:\/\/balkangreenenergynews.com\/rs\/svetski-dan-voda-2022-znacaj-podzemnih-voda-sve-veci\/","name":"Svetski dan voda 2022 - zna\u010daj podzemnih voda sve ve\u0107i","isPartOf":{"@id":"https:\/\/balkangreenenergynews.com\/rs\/#website"},"primaryImageOfPage":{"@id":"https:\/\/balkangreenenergynews.com\/rs\/svetski-dan-voda-2022-znacaj-podzemnih-voda-sve-veci\/#primaryimage"},"image":{"@id":"https:\/\/balkangreenenergynews.com\/rs\/svetski-dan-voda-2022-znacaj-podzemnih-voda-sve-veci\/#primaryimage"},"thumbnailUrl":"https:\/\/balkangreenenergynews.com\/rs\/wp-content\/uploads\/2022\/03\/pexels-pixabay-45229-840-x430.jpg?wsr","datePublished":"2022-03-21T20:37:15+00:00","dateModified":"2022-03-22T07:05:59+00:00","author":{"@id":"https:\/\/balkangreenenergynews.com\/rs\/#\/schema\/person\/6b3cd0445eb192f645c773282d0747ca"},"description":"Danas se obele\u017eava Svetski dan voda, s posebnim akcentom na va\u017enost podzemnih voda, koje \u010dine skoro 99 odsto te\u010dne slatke vode na planeti.","breadcrumb":{"@id":"https:\/\/balkangreenenergynews.com\/rs\/svetski-dan-voda-2022-znacaj-podzemnih-voda-sve-veci\/#breadcrumb"},"inLanguage":"sr-RS","potentialAction":[{"@type":"ReadAction","target":["https:\/\/balkangreenenergynews.com\/rs\/svetski-dan-voda-2022-znacaj-podzemnih-voda-sve-veci\/"]}]},{"@type":"ImageObject","inLanguage":"sr-RS","@id":"https:\/\/balkangreenenergynews.com\/rs\/svetski-dan-voda-2022-znacaj-podzemnih-voda-sve-veci\/#primaryimage","url":"https:\/\/balkangreenenergynews.com\/rs\/wp-content\/uploads\/2022\/03\/pexels-pixabay-45229-840-x430.jpg?wsr","contentUrl":"https:\/\/balkangreenenergynews.com\/rs\/wp-content\/uploads\/2022\/03\/pexels-pixabay-45229-840-x430.jpg?wsr","width":840,"height":430,"caption":"Svetski dan voda 2022 - zna\u010daj podzemnih voda sve ve\u0107i"},{"@type":"BreadcrumbList","@id":"https:\/\/balkangreenenergynews.com\/rs\/svetski-dan-voda-2022-znacaj-podzemnih-voda-sve-veci\/#breadcrumb","itemListElement":[{"@type":"ListItem","position":1,"name":"Po\u010detna","item":"https:\/\/balkangreenenergynews.com\/rs\/"},{"@type":"ListItem","position":2,"name":"Vesti","item":"https:\/\/balkangreenenergynews.com\/rs\/kategorija\/vesti\/"},{"@type":"ListItem","position":3,"name":"Voda","item":"https:\/\/balkangreenenergynews.com\/rs\/kategorija\/vesti\/voda\/"},{"@type":"ListItem","position":4,"name":"Svetski dan voda 2022 &#8211; zna\u010daj podzemnih voda sve ve\u0107i"}]},{"@type":"WebSite","@id":"https:\/\/balkangreenenergynews.com\/rs\/#website","url":"https:\/\/balkangreenenergynews.com\/rs\/","name":"Balkan Green Energy News","description":"Naj\u0161iri izbor vesti sa Balkana o zelenoj energiji","potentialAction":[{"@type":"SearchAction","target":{"@type":"EntryPoint","urlTemplate":"https:\/\/balkangreenenergynews.com\/rs\/?s={search_term_string}"},"query-input":{"@type":"PropertyValueSpecification","valueRequired":true,"valueName":"search_term_string"}}],"inLanguage":"sr-RS"},{"@type":"Person","@id":"https:\/\/balkangreenenergynews.com\/rs\/#\/schema\/person\/6b3cd0445eb192f645c773282d0747ca","name":"Mihajlo Vujasin","url":"https:\/\/balkangreenenergynews.com\/rs\/author\/mihajlo-vujasin\/"}]}},"_links":{"self":[{"href":"https:\/\/balkangreenenergynews.com\/rs\/wp-json\/wp\/v2\/posts\/47074","targetHints":{"allow":["GET"]}}],"collection":[{"href":"https:\/\/balkangreenenergynews.com\/rs\/wp-json\/wp\/v2\/posts"}],"about":[{"href":"https:\/\/balkangreenenergynews.com\/rs\/wp-json\/wp\/v2\/types\/post"}],"author":[{"embeddable":true,"href":"https:\/\/balkangreenenergynews.com\/rs\/wp-json\/wp\/v2\/users\/30"}],"replies":[{"embeddable":true,"href":"https:\/\/balkangreenenergynews.com\/rs\/wp-json\/wp\/v2\/comments?post=47074"}],"version-history":[{"count":0,"href":"https:\/\/balkangreenenergynews.com\/rs\/wp-json\/wp\/v2\/posts\/47074\/revisions"}],"wp:featuredmedia":[{"embeddable":true,"href":"https:\/\/balkangreenenergynews.com\/rs\/wp-json\/wp\/v2\/media\/47090"}],"wp:attachment":[{"href":"https:\/\/balkangreenenergynews.com\/rs\/wp-json\/wp\/v2\/media?parent=47074"}],"wp:term":[{"taxonomy":"category","embeddable":true,"href":"https:\/\/balkangreenenergynews.com\/rs\/wp-json\/wp\/v2\/categories?post=47074"},{"taxonomy":"post_tag","embeddable":true,"href":"https:\/\/balkangreenenergynews.com\/rs\/wp-json\/wp\/v2\/tags?post=47074"}],"curies":[{"name":"wp","href":"https:\/\/api.w.org\/{rel}","templated":true}]}}