{"id":46504,"date":"2022-02-28T19:22:36","date_gmt":"2022-02-28T18:22:36","guid":{"rendered":"https:\/\/balkangreenenergynews.com\/rs\/?p=46504"},"modified":"2022-03-03T15:07:35","modified_gmt":"2022-03-03T14:07:35","slug":"federacija-bih-hoce-da-produzi-rad-dva-bloka-u-termoelektranama-tuzla-kakanj","status":"publish","type":"post","link":"https:\/\/balkangreenenergynews.com\/rs\/federacija-bih-hoce-da-produzi-rad-dva-bloka-u-termoelektranama-tuzla-kakanj\/","title":{"rendered":"Federacija BiH ho\u0107e da produ\u017ei rad dva bloka u termoelektranama Tuzla i Kakanj"},"content":{"rendered":"<h2>Vlada Federacije Bosne i Hercegovine predlo\u017eila je Parlamentu Federacije BiH da odobri produ\u017eenje rada bloka 4 u termoelektrani Tuzla i bloka 5 u termoelektrani Kakanj koji bi trebalo da budu zaustavljeni zbog obaveze koju je BiH preuzela primenom Direktive o velikim lo\u017ei\u0161tima Evropske unije.<\/h2>\n<p>Vlada FBiH je je <a href=\"https:\/\/fbihvlada.gov.ba\/bs\/304-sjednica-vlade-fbih\">odluku donela<\/a> na osnovu zahteva Elektroprivrede BiH (EPBiH) da se produ\u017ei rad dva bloka i analize Federalnog ministarstva energije, rudarstva i industrije o primeni <a href=\"https:\/\/balkangreenenergynews.com\/rs\/vlada-federacije-bih-ogranicila-poskupljenje-elektricne-energije-za-privredu\/\">vladine odluke<\/a> o ograni\u010davanju pove\u0107anja cena elektri\u010dne energije. Ina\u010de, blok 4 u TE Tuzla ima snagu od 200 MW, a blok 5 u TE Kakanj 110 MW.<\/p>\n<p>EPBiH je svoj zahtev obrazlo\u017eila obezbe\u0111enjem dovoljnih koli\u010dina elektri\u010dne energije za svoje kupce, o\u010duvanjem stabilnosti elektroenergetskog sistema BiH i energetske nezavinosti, ali i problemima koje bi mogle da izazovu smanjene isporuke prirodnog gasa. Tako\u0111e je navela da bi bez dva bloka bez grejanja ostali Tuzla, Kakanj i Lukavac.<\/p>\n<blockquote><p>BiH se pridru\u017euje Crnoj Gori koja prva nije ispo\u0161tovala obavezu preuzetu kao \u010dlanica Energetske zajednice<\/p><\/blockquote>\n<p>Federacija BiH \u0107e se na ovaj na\u010din pridru\u017eiti Crnoj Gori, jo\u0161 jednoj \u010dlanici Energetske zajednice koja nije ispo\u0161tovala svoje obaveze da zaustavi rad termoelektrana posle iskori\u0161\u0107enih 20.000 radnih sati u opt-out mehanizmu. Re\u010d je o <a href=\"https:\/\/balkangreenenergynews.com\/rs\/rekonstruisati-ili-ne-rekonstruisati-termoelektranu-pljevlja-pitanje-je-sad\/\">TE Pljevlja<\/a>.<\/p>\n<p>Taj <a href=\"https:\/\/balkangreenenergynews.com\/rs\/do-kraja-2023-bih-srbija-i-crna-gora-treba-da-ugase-deset-blokova-u-termoelektranama\/\">mehanizam<\/a> su ove dve zemlje, ali i ostale \u010dlanice Energetske zajednice, me\u0111u kojima je i Srbija, prihvatile kao na\u010din da ispune obavezu primene EU Direktive o velikim lo\u017ei\u0161tima, \u010diji je cilj smanjenje zaga\u0111enja vazduha i smanjenje emisija gasova sa efektom staklene ba\u0161te. Mehanizam nudi dodatno vreme vlasnicima termoelektrana, re\u010d je o deset blokova, da ih modernizuju u skladu sa EU standardima ili da se pripreme za njihovo ga\u0161enje.<\/p>\n<p>Ako po iskori\u0161\u0107enju 20.000 radnih sati elektrana nije modernizovana da ispo\u0161tuje standarde za emisije iz Direktive, onda mora da bude zatvorena. U ovom re\u017eimu je deset blokova termoelektrana u BiH, Crnoj Gori i Srbiji.<\/p>\n<h3>Dva bloka u elektranama BiH iskoristila su 90 odsto dozvoljenih sati krajem 2021.<\/h3>\n<p>U prili\u010dno konfuznim saop\u0161tenjima Vlade FBiH i EPBiH navodi se da su dva bloka u termoelektranama krajem pro\u0161le godine iskoristila 90 odsto od 20.000 radnih sati odobrenih do kraja 2023.<\/p>\n<p>Federalno ministarstvo je navelo da je u narednom periodu planirano zna\u010dajno smanjenje proizvodnje elektri\u010dne energije iz termoelektrana zbog ograni\u010denog rada bloka 4 u TE Tuzla i bloka 5 TE Kakanj.<\/p>\n<p>&#8222;Izlaskom iz pogona ovih blokova ve\u0107 ove godine, a radi iskori\u0161tenja preostalih sati rada do maksimalno 20.000, zna\u010dilo bi i zna\u010dajno smanjenje rezerve u proizvodnom portfoliju. S obzirom na starost ostalih termoblokova u proizvodnom sistemu EPBiH, njihove \u010deste neplanirane izlaske iz pogona zbog kvarova, a u nedostatku rezerve u sistemu, zna\u010dilo bi kupovinu elektri\u010dne energije na tr\u017ei\u0161tu po izuzetno visokim cijenama s ciljem zadovoljenja potreba doma\u0107ih kupaca i ispunjenja ugovornih obaveza. Ovim bi EPBiH bila dovedena u te\u0161ku situaciju&#8220;, navodi se u saop\u0161tenju Vlade FBiH.<\/p>\n<blockquote><p>EPBiH: zatvaranje dva bloka bi dovelo do problema u rudnicima i u grejanju Tuzle, Kaknja i Lukavca<\/p><\/blockquote>\n<p>Situaciju EPBiH, prema navodima Vlade FBiH, dodatno komplikuje to \u0161to je usporena realizacija projekata novih proizvodnih kapaciteta iz obnovljivih izvora energije i &#8222;ka\u0161njenje i neizvesnost izgradnje i pu\u0161tanja u pogon&#8220; zamenskog <a href=\"https:\/\/balkangreenenergynews.com\/rs\/epbih-nastavlja-pregovore-o-gradnji-bloka-7-u-te-tuzla\/\">bloka 7 u TE Tuzla<\/a>.<\/p>\n<p>Manja proizvodnja u termoelektranama, kako se navodi, smanjila bi i proizvodnju u rudnicima uglja i ugrozila njihovo poslovanje. Povrh svega do\u0161lo bi do gubitka izvora toplotne energije za sistem daljinskog grejanja Tuzle, Kaknja i Lukavca, isti\u010de Vlada FBiH.<\/p>\n","protected":false},"excerpt":{"rendered":"<p>Vlada FBiH je je odluku donela na osnovu zahteva Elektroprivrede BiH i analize Ministarstva energije, rudarstva i industrije<\/p>\n","protected":false},"author":23,"featured_media":46505,"comment_status":"open","ping_status":"open","sticky":false,"template":"","format":"standard","meta":{"_acf_changed":false,"_monsterinsights_skip_tracking":false,"_monsterinsights_sitenote_active":false,"_monsterinsights_sitenote_note":"","_monsterinsights_sitenote_category":0,"footnotes":""},"categories":[504,4],"tags":[3035,648,5991,2788,3287,691],"class_list":["post-46504","post","type-post","status-publish","format-standard","has-post-thumbnail","hentry","category-elektricna-energija","category-zivotna-sredina","tag-direktiva-o-velikim-lozistima","tag-energetska-zajednica","tag-opt-aut-mehanizam","tag-te-kakanj","tag-te-tuzla","tag-ugalj","country-bosna-i-hercegovina"],"acf":[],"yoast_head":"<!-- This site is optimized with the Yoast SEO plugin v27.4 - https:\/\/yoast.com\/product\/yoast-seo-wordpress\/ -->\n<title>Federacija BiH ho\u0107e da produ\u017ei rad dva bloka u termoelektranama Tuzla i Kakanj<\/title>\n<meta name=\"description\" content=\"Vlada FBiH je je odluku donela na osnovu zahteva Elektroprivrede BiH i analize Ministarstva energije, rudarstva i industrije\" \/>\n<meta name=\"robots\" content=\"index, follow, max-snippet:-1, max-image-preview:large, max-video-preview:-1\" \/>\n<link rel=\"canonical\" href=\"https:\/\/balkangreenenergynews.com\/rs\/federacija-bih-hoce-da-produzi-rad-dva-bloka-u-termoelektranama-tuzla-kakanj\/\" \/>\n<meta property=\"og:locale\" content=\"sr_RS\" \/>\n<meta property=\"og:type\" content=\"article\" \/>\n<meta property=\"og:title\" content=\"Federacija BiH ho\u0107e da produ\u017ei rad dva bloka u termoelektranama Tuzla i Kakanj\" \/>\n<meta property=\"og:description\" content=\"Vlada FBiH je je odluku donela na osnovu zahteva Elektroprivrede BiH i analize Ministarstva energije, rudarstva i industrije\" \/>\n<meta property=\"og:url\" content=\"https:\/\/balkangreenenergynews.com\/rs\/federacija-bih-hoce-da-produzi-rad-dva-bloka-u-termoelektranama-tuzla-kakanj\/\" \/>\n<meta property=\"og:site_name\" content=\"Balkan Green Energy News\" \/>\n<meta property=\"article:published_time\" content=\"2022-02-28T18:22:36+00:00\" \/>\n<meta property=\"article:modified_time\" content=\"2022-03-03T14:07:35+00:00\" \/>\n<meta property=\"og:image\" content=\"https:\/\/balkangreenenergynews.com\/rs\/wp-content\/uploads\/2022\/02\/Federacija-BiH-produzava-rad-dve-termoelektrane-koje-je-obecala-da-zatvori.jpg\" \/>\n\t<meta property=\"og:image:width\" content=\"840\" \/>\n\t<meta property=\"og:image:height\" content=\"430\" \/>\n\t<meta property=\"og:image:type\" content=\"image\/jpeg\" \/>\n<meta name=\"author\" content=\"Vladimir Spasi\u0107\" \/>\n<meta name=\"twitter:card\" content=\"summary_large_image\" \/>\n<meta name=\"twitter:label1\" content=\"\u041d\u0430\u043f\u0438\u0441\u0430\u043d\u043e \u043e\u0434\" \/>\n\t<meta name=\"twitter:data1\" content=\"Vladimir Spasi\u0107\" \/>\n\t<meta name=\"twitter:label2\" content=\"\u041f\u0440\u043e\u0446\u0435\u045a\u0435\u043d\u043e \u0432\u0440\u0435\u043c\u0435 \u0447\u0438\u0442\u0430\u045a\u0430\" \/>\n\t<meta name=\"twitter:data2\" content=\"3 \u043c\u0438\u043d\u0443\u0442\u0430\" \/>\n<script type=\"application\/ld+json\" class=\"yoast-schema-graph\">{\"@context\":\"https:\\\/\\\/schema.org\",\"@graph\":[{\"@type\":\"Article\",\"@id\":\"https:\\\/\\\/balkangreenenergynews.com\\\/rs\\\/federacija-bih-hoce-da-produzi-rad-dva-bloka-u-termoelektranama-tuzla-kakanj\\\/#article\",\"isPartOf\":{\"@id\":\"https:\\\/\\\/balkangreenenergynews.com\\\/rs\\\/federacija-bih-hoce-da-produzi-rad-dva-bloka-u-termoelektranama-tuzla-kakanj\\\/\"},\"author\":{\"name\":\"Vladimir Spasi\u0107\",\"@id\":\"https:\\\/\\\/balkangreenenergynews.com\\\/rs\\\/#\\\/schema\\\/person\\\/99dc721c46113fea22caffad06ef7317\"},\"headline\":\"Federacija BiH ho\u0107e da produ\u017ei rad dva bloka u termoelektranama Tuzla i Kakanj\",\"datePublished\":\"2022-02-28T18:22:36+00:00\",\"dateModified\":\"2022-03-03T14:07:35+00:00\",\"mainEntityOfPage\":{\"@id\":\"https:\\\/\\\/balkangreenenergynews.com\\\/rs\\\/federacija-bih-hoce-da-produzi-rad-dva-bloka-u-termoelektranama-tuzla-kakanj\\\/\"},\"wordCount\":600,\"commentCount\":0,\"image\":{\"@id\":\"https:\\\/\\\/balkangreenenergynews.com\\\/rs\\\/federacija-bih-hoce-da-produzi-rad-dva-bloka-u-termoelektranama-tuzla-kakanj\\\/#primaryimage\"},\"thumbnailUrl\":\"https:\\\/\\\/balkangreenenergynews.com\\\/rs\\\/wp-content\\\/uploads\\\/2022\\\/02\\\/Federacija-BiH-produzava-rad-dve-termoelektrane-koje-je-obecala-da-zatvori.jpg?wsr\",\"keywords\":[\"Direktiva o velikim lo\u017ei\u0161tima\",\"Energetska zajednica\",\"opt-aut mehanizam\",\"TE Kakanj\",\"TE Tuzla\",\"ugalj\"],\"articleSection\":[\"Elektri\u010dna energija\",\"\u017divotna sredina\"],\"inLanguage\":\"sr-RS\",\"potentialAction\":[{\"@type\":\"CommentAction\",\"name\":\"Comment\",\"target\":[\"https:\\\/\\\/balkangreenenergynews.com\\\/rs\\\/federacija-bih-hoce-da-produzi-rad-dva-bloka-u-termoelektranama-tuzla-kakanj\\\/#respond\"]}]},{\"@type\":\"WebPage\",\"@id\":\"https:\\\/\\\/balkangreenenergynews.com\\\/rs\\\/federacija-bih-hoce-da-produzi-rad-dva-bloka-u-termoelektranama-tuzla-kakanj\\\/\",\"url\":\"https:\\\/\\\/balkangreenenergynews.com\\\/rs\\\/federacija-bih-hoce-da-produzi-rad-dva-bloka-u-termoelektranama-tuzla-kakanj\\\/\",\"name\":\"Federacija BiH ho\u0107e da produ\u017ei rad dva bloka u termoelektranama Tuzla i Kakanj\",\"isPartOf\":{\"@id\":\"https:\\\/\\\/balkangreenenergynews.com\\\/rs\\\/#website\"},\"primaryImageOfPage\":{\"@id\":\"https:\\\/\\\/balkangreenenergynews.com\\\/rs\\\/federacija-bih-hoce-da-produzi-rad-dva-bloka-u-termoelektranama-tuzla-kakanj\\\/#primaryimage\"},\"image\":{\"@id\":\"https:\\\/\\\/balkangreenenergynews.com\\\/rs\\\/federacija-bih-hoce-da-produzi-rad-dva-bloka-u-termoelektranama-tuzla-kakanj\\\/#primaryimage\"},\"thumbnailUrl\":\"https:\\\/\\\/balkangreenenergynews.com\\\/rs\\\/wp-content\\\/uploads\\\/2022\\\/02\\\/Federacija-BiH-produzava-rad-dve-termoelektrane-koje-je-obecala-da-zatvori.jpg?wsr\",\"datePublished\":\"2022-02-28T18:22:36+00:00\",\"dateModified\":\"2022-03-03T14:07:35+00:00\",\"author\":{\"@id\":\"https:\\\/\\\/balkangreenenergynews.com\\\/rs\\\/#\\\/schema\\\/person\\\/99dc721c46113fea22caffad06ef7317\"},\"description\":\"Vlada FBiH je je odluku donela na osnovu zahteva Elektroprivrede BiH i analize Ministarstva energije, rudarstva i industrije\",\"breadcrumb\":{\"@id\":\"https:\\\/\\\/balkangreenenergynews.com\\\/rs\\\/federacija-bih-hoce-da-produzi-rad-dva-bloka-u-termoelektranama-tuzla-kakanj\\\/#breadcrumb\"},\"inLanguage\":\"sr-RS\",\"potentialAction\":[{\"@type\":\"ReadAction\",\"target\":[\"https:\\\/\\\/balkangreenenergynews.com\\\/rs\\\/federacija-bih-hoce-da-produzi-rad-dva-bloka-u-termoelektranama-tuzla-kakanj\\\/\"]}]},{\"@type\":\"ImageObject\",\"inLanguage\":\"sr-RS\",\"@id\":\"https:\\\/\\\/balkangreenenergynews.com\\\/rs\\\/federacija-bih-hoce-da-produzi-rad-dva-bloka-u-termoelektranama-tuzla-kakanj\\\/#primaryimage\",\"url\":\"https:\\\/\\\/balkangreenenergynews.com\\\/rs\\\/wp-content\\\/uploads\\\/2022\\\/02\\\/Federacija-BiH-produzava-rad-dve-termoelektrane-koje-je-obecala-da-zatvori.jpg?wsr\",\"contentUrl\":\"https:\\\/\\\/balkangreenenergynews.com\\\/rs\\\/wp-content\\\/uploads\\\/2022\\\/02\\\/Federacija-BiH-produzava-rad-dve-termoelektrane-koje-je-obecala-da-zatvori.jpg?wsr\",\"width\":840,\"height\":430,\"caption\":\"Federacija BiH produzava rad dve termoelektrane koje je obecala da zatvori\"},{\"@type\":\"BreadcrumbList\",\"@id\":\"https:\\\/\\\/balkangreenenergynews.com\\\/rs\\\/federacija-bih-hoce-da-produzi-rad-dva-bloka-u-termoelektranama-tuzla-kakanj\\\/#breadcrumb\",\"itemListElement\":[{\"@type\":\"ListItem\",\"position\":1,\"name\":\"Po\u010detna\",\"item\":\"https:\\\/\\\/balkangreenenergynews.com\\\/rs\\\/\"},{\"@type\":\"ListItem\",\"position\":2,\"name\":\"Vesti\",\"item\":\"https:\\\/\\\/balkangreenenergynews.com\\\/rs\\\/kategorija\\\/vesti\\\/\"},{\"@type\":\"ListItem\",\"position\":3,\"name\":\"Elektri\u010dna energija\",\"item\":\"https:\\\/\\\/balkangreenenergynews.com\\\/rs\\\/kategorija\\\/vesti\\\/elektricna-energija\\\/\"},{\"@type\":\"ListItem\",\"position\":4,\"name\":\"Federacija BiH ho\u0107e da produ\u017ei rad dva bloka u termoelektranama Tuzla i Kakanj\"}]},{\"@type\":\"WebSite\",\"@id\":\"https:\\\/\\\/balkangreenenergynews.com\\\/rs\\\/#website\",\"url\":\"https:\\\/\\\/balkangreenenergynews.com\\\/rs\\\/\",\"name\":\"Balkan Green Energy News\",\"description\":\"Naj\u0161iri izbor vesti sa Balkana o zelenoj energiji\",\"potentialAction\":[{\"@type\":\"SearchAction\",\"target\":{\"@type\":\"EntryPoint\",\"urlTemplate\":\"https:\\\/\\\/balkangreenenergynews.com\\\/rs\\\/?s={search_term_string}\"},\"query-input\":{\"@type\":\"PropertyValueSpecification\",\"valueRequired\":true,\"valueName\":\"search_term_string\"}}],\"inLanguage\":\"sr-RS\"},{\"@type\":\"Person\",\"@id\":\"https:\\\/\\\/balkangreenenergynews.com\\\/rs\\\/#\\\/schema\\\/person\\\/99dc721c46113fea22caffad06ef7317\",\"name\":\"Vladimir Spasi\u0107\",\"url\":\"https:\\\/\\\/balkangreenenergynews.com\\\/rs\\\/author\\\/vladimir-spasic\\\/\"}]}<\/script>\n<!-- \/ Yoast SEO plugin. -->","yoast_head_json":{"title":"Federacija BiH ho\u0107e da produ\u017ei rad dva bloka u termoelektranama Tuzla i Kakanj","description":"Vlada FBiH je je odluku donela na osnovu zahteva Elektroprivrede BiH i analize Ministarstva energije, rudarstva i industrije","robots":{"index":"index","follow":"follow","max-snippet":"max-snippet:-1","max-image-preview":"max-image-preview:large","max-video-preview":"max-video-preview:-1"},"canonical":"https:\/\/balkangreenenergynews.com\/rs\/federacija-bih-hoce-da-produzi-rad-dva-bloka-u-termoelektranama-tuzla-kakanj\/","og_locale":"sr_RS","og_type":"article","og_title":"Federacija BiH ho\u0107e da produ\u017ei rad dva bloka u termoelektranama Tuzla i Kakanj","og_description":"Vlada FBiH je je odluku donela na osnovu zahteva Elektroprivrede BiH i analize Ministarstva energije, rudarstva i industrije","og_url":"https:\/\/balkangreenenergynews.com\/rs\/federacija-bih-hoce-da-produzi-rad-dva-bloka-u-termoelektranama-tuzla-kakanj\/","og_site_name":"Balkan Green Energy News","article_published_time":"2022-02-28T18:22:36+00:00","article_modified_time":"2022-03-03T14:07:35+00:00","og_image":[{"width":840,"height":430,"url":"https:\/\/balkangreenenergynews.com\/rs\/wp-content\/uploads\/2022\/02\/Federacija-BiH-produzava-rad-dve-termoelektrane-koje-je-obecala-da-zatvori.jpg","type":"image\/jpeg"}],"author":"Vladimir Spasi\u0107","twitter_card":"summary_large_image","twitter_misc":{"\u041d\u0430\u043f\u0438\u0441\u0430\u043d\u043e \u043e\u0434":"Vladimir Spasi\u0107","\u041f\u0440\u043e\u0446\u0435\u045a\u0435\u043d\u043e \u0432\u0440\u0435\u043c\u0435 \u0447\u0438\u0442\u0430\u045a\u0430":"3 \u043c\u0438\u043d\u0443\u0442\u0430"},"schema":{"@context":"https:\/\/schema.org","@graph":[{"@type":"Article","@id":"https:\/\/balkangreenenergynews.com\/rs\/federacija-bih-hoce-da-produzi-rad-dva-bloka-u-termoelektranama-tuzla-kakanj\/#article","isPartOf":{"@id":"https:\/\/balkangreenenergynews.com\/rs\/federacija-bih-hoce-da-produzi-rad-dva-bloka-u-termoelektranama-tuzla-kakanj\/"},"author":{"name":"Vladimir Spasi\u0107","@id":"https:\/\/balkangreenenergynews.com\/rs\/#\/schema\/person\/99dc721c46113fea22caffad06ef7317"},"headline":"Federacija BiH ho\u0107e da produ\u017ei rad dva bloka u termoelektranama Tuzla i Kakanj","datePublished":"2022-02-28T18:22:36+00:00","dateModified":"2022-03-03T14:07:35+00:00","mainEntityOfPage":{"@id":"https:\/\/balkangreenenergynews.com\/rs\/federacija-bih-hoce-da-produzi-rad-dva-bloka-u-termoelektranama-tuzla-kakanj\/"},"wordCount":600,"commentCount":0,"image":{"@id":"https:\/\/balkangreenenergynews.com\/rs\/federacija-bih-hoce-da-produzi-rad-dva-bloka-u-termoelektranama-tuzla-kakanj\/#primaryimage"},"thumbnailUrl":"https:\/\/balkangreenenergynews.com\/rs\/wp-content\/uploads\/2022\/02\/Federacija-BiH-produzava-rad-dve-termoelektrane-koje-je-obecala-da-zatvori.jpg?wsr","keywords":["Direktiva o velikim lo\u017ei\u0161tima","Energetska zajednica","opt-aut mehanizam","TE Kakanj","TE Tuzla","ugalj"],"articleSection":["Elektri\u010dna energija","\u017divotna sredina"],"inLanguage":"sr-RS","potentialAction":[{"@type":"CommentAction","name":"Comment","target":["https:\/\/balkangreenenergynews.com\/rs\/federacija-bih-hoce-da-produzi-rad-dva-bloka-u-termoelektranama-tuzla-kakanj\/#respond"]}]},{"@type":"WebPage","@id":"https:\/\/balkangreenenergynews.com\/rs\/federacija-bih-hoce-da-produzi-rad-dva-bloka-u-termoelektranama-tuzla-kakanj\/","url":"https:\/\/balkangreenenergynews.com\/rs\/federacija-bih-hoce-da-produzi-rad-dva-bloka-u-termoelektranama-tuzla-kakanj\/","name":"Federacija BiH ho\u0107e da produ\u017ei rad dva bloka u termoelektranama Tuzla i Kakanj","isPartOf":{"@id":"https:\/\/balkangreenenergynews.com\/rs\/#website"},"primaryImageOfPage":{"@id":"https:\/\/balkangreenenergynews.com\/rs\/federacija-bih-hoce-da-produzi-rad-dva-bloka-u-termoelektranama-tuzla-kakanj\/#primaryimage"},"image":{"@id":"https:\/\/balkangreenenergynews.com\/rs\/federacija-bih-hoce-da-produzi-rad-dva-bloka-u-termoelektranama-tuzla-kakanj\/#primaryimage"},"thumbnailUrl":"https:\/\/balkangreenenergynews.com\/rs\/wp-content\/uploads\/2022\/02\/Federacija-BiH-produzava-rad-dve-termoelektrane-koje-je-obecala-da-zatvori.jpg?wsr","datePublished":"2022-02-28T18:22:36+00:00","dateModified":"2022-03-03T14:07:35+00:00","author":{"@id":"https:\/\/balkangreenenergynews.com\/rs\/#\/schema\/person\/99dc721c46113fea22caffad06ef7317"},"description":"Vlada FBiH je je odluku donela na osnovu zahteva Elektroprivrede BiH i analize Ministarstva energije, rudarstva i industrije","breadcrumb":{"@id":"https:\/\/balkangreenenergynews.com\/rs\/federacija-bih-hoce-da-produzi-rad-dva-bloka-u-termoelektranama-tuzla-kakanj\/#breadcrumb"},"inLanguage":"sr-RS","potentialAction":[{"@type":"ReadAction","target":["https:\/\/balkangreenenergynews.com\/rs\/federacija-bih-hoce-da-produzi-rad-dva-bloka-u-termoelektranama-tuzla-kakanj\/"]}]},{"@type":"ImageObject","inLanguage":"sr-RS","@id":"https:\/\/balkangreenenergynews.com\/rs\/federacija-bih-hoce-da-produzi-rad-dva-bloka-u-termoelektranama-tuzla-kakanj\/#primaryimage","url":"https:\/\/balkangreenenergynews.com\/rs\/wp-content\/uploads\/2022\/02\/Federacija-BiH-produzava-rad-dve-termoelektrane-koje-je-obecala-da-zatvori.jpg?wsr","contentUrl":"https:\/\/balkangreenenergynews.com\/rs\/wp-content\/uploads\/2022\/02\/Federacija-BiH-produzava-rad-dve-termoelektrane-koje-je-obecala-da-zatvori.jpg?wsr","width":840,"height":430,"caption":"Federacija BiH produzava rad dve termoelektrane koje je obecala da zatvori"},{"@type":"BreadcrumbList","@id":"https:\/\/balkangreenenergynews.com\/rs\/federacija-bih-hoce-da-produzi-rad-dva-bloka-u-termoelektranama-tuzla-kakanj\/#breadcrumb","itemListElement":[{"@type":"ListItem","position":1,"name":"Po\u010detna","item":"https:\/\/balkangreenenergynews.com\/rs\/"},{"@type":"ListItem","position":2,"name":"Vesti","item":"https:\/\/balkangreenenergynews.com\/rs\/kategorija\/vesti\/"},{"@type":"ListItem","position":3,"name":"Elektri\u010dna energija","item":"https:\/\/balkangreenenergynews.com\/rs\/kategorija\/vesti\/elektricna-energija\/"},{"@type":"ListItem","position":4,"name":"Federacija BiH ho\u0107e da produ\u017ei rad dva bloka u termoelektranama Tuzla i Kakanj"}]},{"@type":"WebSite","@id":"https:\/\/balkangreenenergynews.com\/rs\/#website","url":"https:\/\/balkangreenenergynews.com\/rs\/","name":"Balkan Green Energy News","description":"Naj\u0161iri izbor vesti sa Balkana o zelenoj energiji","potentialAction":[{"@type":"SearchAction","target":{"@type":"EntryPoint","urlTemplate":"https:\/\/balkangreenenergynews.com\/rs\/?s={search_term_string}"},"query-input":{"@type":"PropertyValueSpecification","valueRequired":true,"valueName":"search_term_string"}}],"inLanguage":"sr-RS"},{"@type":"Person","@id":"https:\/\/balkangreenenergynews.com\/rs\/#\/schema\/person\/99dc721c46113fea22caffad06ef7317","name":"Vladimir Spasi\u0107","url":"https:\/\/balkangreenenergynews.com\/rs\/author\/vladimir-spasic\/"}]}},"_links":{"self":[{"href":"https:\/\/balkangreenenergynews.com\/rs\/wp-json\/wp\/v2\/posts\/46504","targetHints":{"allow":["GET"]}}],"collection":[{"href":"https:\/\/balkangreenenergynews.com\/rs\/wp-json\/wp\/v2\/posts"}],"about":[{"href":"https:\/\/balkangreenenergynews.com\/rs\/wp-json\/wp\/v2\/types\/post"}],"author":[{"embeddable":true,"href":"https:\/\/balkangreenenergynews.com\/rs\/wp-json\/wp\/v2\/users\/23"}],"replies":[{"embeddable":true,"href":"https:\/\/balkangreenenergynews.com\/rs\/wp-json\/wp\/v2\/comments?post=46504"}],"version-history":[{"count":0,"href":"https:\/\/balkangreenenergynews.com\/rs\/wp-json\/wp\/v2\/posts\/46504\/revisions"}],"wp:featuredmedia":[{"embeddable":true,"href":"https:\/\/balkangreenenergynews.com\/rs\/wp-json\/wp\/v2\/media\/46505"}],"wp:attachment":[{"href":"https:\/\/balkangreenenergynews.com\/rs\/wp-json\/wp\/v2\/media?parent=46504"}],"wp:term":[{"taxonomy":"category","embeddable":true,"href":"https:\/\/balkangreenenergynews.com\/rs\/wp-json\/wp\/v2\/categories?post=46504"},{"taxonomy":"post_tag","embeddable":true,"href":"https:\/\/balkangreenenergynews.com\/rs\/wp-json\/wp\/v2\/tags?post=46504"}],"curies":[{"name":"wp","href":"https:\/\/api.w.org\/{rel}","templated":true}]}}