{"id":46388,"date":"2022-02-24T12:11:07","date_gmt":"2022-02-24T11:11:07","guid":{"rendered":"https:\/\/balkangreenenergynews.com\/rs\/?p=46388"},"modified":"2022-02-26T15:51:42","modified_gmt":"2022-02-26T14:51:42","slug":"poljaci-i-spanci-ce-u-malom-idjosu-graditi-dva-vetroparka","status":"publish","type":"post","link":"https:\/\/balkangreenenergynews.com\/rs\/poljaci-i-spanci-ce-u-malom-idjosu-graditi-dva-vetroparka\/","title":{"rendered":"Poljaci i \u0160panci \u0107e u Malom I\u0111o\u0161u graditi dva vetroparka"},"content":{"rendered":"<h2>Op\u0161tina Mali I\u0111o\u0161 stavila je na rani javni uvid dva plana detaljne regulacije za gradnju vetroparka Lov\u0107enac, snage 300 megavata (MW) i Feketi\u0107, snage 90 MW.<\/h2>\n<p>Investitor u vetroelektranu Lov\u0107enac je firma WPP West Wind iz Beograda u vlasni\u0161tvu poljske kompanije V-Ridium Wind, dok \u0107e Feketi\u0107 graditi Ecoener Wind Power plant iz Beograda \u010diji vlasnik je kompanija Grupo Ecoener iz \u0160panije, prenela je <a href=\"https:\/\/www.ekapija.com\/news\/3596877\/poljaci-i-spanci-planiraju-gradnju-dve-vetroelektrane-snage-300-i-90-mw\">eKapija<\/a>.<\/p>\n<p><a href=\"https:\/\/maliidjos.rs\/index\/page\/lg\/sr\/id\/1045\">Planom detaljne regulacije za vetropark Lov\u0107enac<\/a> je obuhva\u0107eno podru\u010dje povr\u0161ine oko 5.720 hektara, i to deo katastarskih op\u0161tina Lov\u0107enac, Feketi\u0107 i Mali I\u0111o\u0161, koje se ve\u0107im delom prostiru isto\u010dno od autoputa Beograd-Subotica do granice sa op\u0161tinama Be\u010dej, Srbobran i Ba\u010dka Topola.<\/p>\n<blockquote><p>Lov\u0107enac \u0107e imati oko 50 vetrogeneratora, a Feketi\u0107 21<\/p><\/blockquote>\n<p>Zemlji\u0161te predvi\u0111eno za gradnju je prete\u017eno poljoprivredno zemlji\u0161te u privatnoj svojini.<\/p>\n<p>Vetroelektrana Lov\u0107enac ima\u0107e oko 50 vetrogeneratora, a zbog blizine naseljenih mesta Mali I\u0111o\u0161, Lov\u0107enac i Feketi\u0107 biti utvr\u0111ena odre\u0111ena ograni\u010denja u gradnji koja \u0107e biti definisana nakon analiza ura\u0111enih kroz modelovanje disperzije buke i treperenja senki, kao i analize vizuelnog uticaja na naseljena mesta.<\/p>\n<p>Vetropark Feketi\u0107 trebalo bi da ima 21 vetrogenerator, koji \u0107e biti locirani na povr\u0161ini od oko 2.100 hektara ju\u017eno od naseljenog mesta Feketi\u0107. Zemlji\u0161te na kojem je planirana je tako\u0111e poljoprivredno, u privatnoj svojini, navodi se u <a href=\"https:\/\/maliidjos.rs\/index\/page\/lg\/sr\/id\/1044\">Planu detaljne regulacije za vetropark Feketi\u0107<\/a>.<\/p>\n","protected":false},"excerpt":{"rendered":"<p>Op\u0161tina Mali I\u0111o\u0161 stavila je na rani javni uvid dva plana detaljne regulacije za vetroelektrane, koje \u0107e graditi dve strane kompanije<\/p>\n","protected":false},"author":23,"featured_media":46389,"comment_status":"open","ping_status":"open","sticky":false,"template":"","format":"standard","meta":{"_acf_changed":false,"_monsterinsights_skip_tracking":false,"_monsterinsights_sitenote_active":false,"_monsterinsights_sitenote_note":"","_monsterinsights_sitenote_category":0,"footnotes":""},"categories":[504,1],"tags":[652,4891],"class_list":["post-46388","post","type-post","status-publish","format-standard","has-post-thumbnail","hentry","category-elektricna-energija","category-obnovljivi-izvori-energije","tag-investicije","tag-vetroparkovi","country-srbija"],"acf":[],"yoast_head":"<!-- This site is optimized with the Yoast SEO plugin v27.4 - https:\/\/yoast.com\/product\/yoast-seo-wordpress\/ -->\n<title>Poljaci i \u0160panci \u0107e u Malom I\u0111o\u0161u graditi dva vetroparka<\/title>\n<meta name=\"description\" content=\"Op\u0161tina Mali I\u0111o\u0161 stavila je na rani javni uvid dva plana detaljne regulacije za vetroelektrane, koje \u0107e graditi dve strane kompanije\" \/>\n<meta name=\"robots\" content=\"index, follow, max-snippet:-1, max-image-preview:large, max-video-preview:-1\" \/>\n<link rel=\"canonical\" href=\"https:\/\/balkangreenenergynews.com\/rs\/poljaci-i-spanci-ce-u-malom-idjosu-graditi-dva-vetroparka\/\" \/>\n<meta property=\"og:locale\" content=\"sr_RS\" \/>\n<meta property=\"og:type\" content=\"article\" \/>\n<meta property=\"og:title\" content=\"Poljaci i \u0160panci \u0107e u Malom I\u0111o\u0161u graditi dva vetroparka\" \/>\n<meta property=\"og:description\" content=\"Op\u0161tina Mali I\u0111o\u0161 stavila je na rani javni uvid dva plana detaljne regulacije za vetroelektrane, koje \u0107e graditi dve strane kompanije\" \/>\n<meta property=\"og:url\" content=\"https:\/\/balkangreenenergynews.com\/rs\/poljaci-i-spanci-ce-u-malom-idjosu-graditi-dva-vetroparka\/\" \/>\n<meta property=\"og:site_name\" content=\"Balkan Green Energy News\" \/>\n<meta property=\"article:published_time\" content=\"2022-02-24T11:11:07+00:00\" \/>\n<meta property=\"article:modified_time\" content=\"2022-02-26T14:51:42+00:00\" \/>\n<meta property=\"og:image\" content=\"https:\/\/balkangreenenergynews.com\/rs\/wp-content\/uploads\/2022\/02\/mali-idjos-vetrparkovi-spanci-poljaci.jpg\" \/>\n\t<meta property=\"og:image:width\" content=\"840\" \/>\n\t<meta property=\"og:image:height\" content=\"430\" \/>\n\t<meta property=\"og:image:type\" content=\"image\/jpeg\" \/>\n<meta name=\"author\" content=\"Vladimir Spasi\u0107\" \/>\n<meta name=\"twitter:card\" content=\"summary_large_image\" \/>\n<meta name=\"twitter:label1\" content=\"\u041d\u0430\u043f\u0438\u0441\u0430\u043d\u043e \u043e\u0434\" \/>\n\t<meta name=\"twitter:data1\" content=\"Vladimir Spasi\u0107\" \/>\n\t<meta name=\"twitter:label2\" content=\"\u041f\u0440\u043e\u0446\u0435\u045a\u0435\u043d\u043e \u0432\u0440\u0435\u043c\u0435 \u0447\u0438\u0442\u0430\u045a\u0430\" \/>\n\t<meta name=\"twitter:data2\" content=\"2 \u043c\u0438\u043d\u0443\u0442\u0430\" \/>\n<script type=\"application\/ld+json\" class=\"yoast-schema-graph\">{\"@context\":\"https:\\\/\\\/schema.org\",\"@graph\":[{\"@type\":\"Article\",\"@id\":\"https:\\\/\\\/balkangreenenergynews.com\\\/rs\\\/poljaci-i-spanci-ce-u-malom-idjosu-graditi-dva-vetroparka\\\/#article\",\"isPartOf\":{\"@id\":\"https:\\\/\\\/balkangreenenergynews.com\\\/rs\\\/poljaci-i-spanci-ce-u-malom-idjosu-graditi-dva-vetroparka\\\/\"},\"author\":{\"name\":\"Vladimir Spasi\u0107\",\"@id\":\"https:\\\/\\\/balkangreenenergynews.com\\\/rs\\\/#\\\/schema\\\/person\\\/99dc721c46113fea22caffad06ef7317\"},\"headline\":\"Poljaci i \u0160panci \u0107e u Malom I\u0111o\u0161u graditi dva vetroparka\",\"datePublished\":\"2022-02-24T11:11:07+00:00\",\"dateModified\":\"2022-02-26T14:51:42+00:00\",\"mainEntityOfPage\":{\"@id\":\"https:\\\/\\\/balkangreenenergynews.com\\\/rs\\\/poljaci-i-spanci-ce-u-malom-idjosu-graditi-dva-vetroparka\\\/\"},\"wordCount\":250,\"commentCount\":0,\"image\":{\"@id\":\"https:\\\/\\\/balkangreenenergynews.com\\\/rs\\\/poljaci-i-spanci-ce-u-malom-idjosu-graditi-dva-vetroparka\\\/#primaryimage\"},\"thumbnailUrl\":\"https:\\\/\\\/balkangreenenergynews.com\\\/rs\\\/wp-content\\\/uploads\\\/2022\\\/02\\\/mali-idjos-vetrparkovi-spanci-poljaci.jpg?wsr\",\"keywords\":[\"investicije\",\"vetroparkovi\"],\"articleSection\":[\"Elektri\u010dna energija\",\"OIE\"],\"inLanguage\":\"sr-RS\",\"potentialAction\":[{\"@type\":\"CommentAction\",\"name\":\"Comment\",\"target\":[\"https:\\\/\\\/balkangreenenergynews.com\\\/rs\\\/poljaci-i-spanci-ce-u-malom-idjosu-graditi-dva-vetroparka\\\/#respond\"]}]},{\"@type\":\"WebPage\",\"@id\":\"https:\\\/\\\/balkangreenenergynews.com\\\/rs\\\/poljaci-i-spanci-ce-u-malom-idjosu-graditi-dva-vetroparka\\\/\",\"url\":\"https:\\\/\\\/balkangreenenergynews.com\\\/rs\\\/poljaci-i-spanci-ce-u-malom-idjosu-graditi-dva-vetroparka\\\/\",\"name\":\"Poljaci i \u0160panci \u0107e u Malom I\u0111o\u0161u graditi dva vetroparka\",\"isPartOf\":{\"@id\":\"https:\\\/\\\/balkangreenenergynews.com\\\/rs\\\/#website\"},\"primaryImageOfPage\":{\"@id\":\"https:\\\/\\\/balkangreenenergynews.com\\\/rs\\\/poljaci-i-spanci-ce-u-malom-idjosu-graditi-dva-vetroparka\\\/#primaryimage\"},\"image\":{\"@id\":\"https:\\\/\\\/balkangreenenergynews.com\\\/rs\\\/poljaci-i-spanci-ce-u-malom-idjosu-graditi-dva-vetroparka\\\/#primaryimage\"},\"thumbnailUrl\":\"https:\\\/\\\/balkangreenenergynews.com\\\/rs\\\/wp-content\\\/uploads\\\/2022\\\/02\\\/mali-idjos-vetrparkovi-spanci-poljaci.jpg?wsr\",\"datePublished\":\"2022-02-24T11:11:07+00:00\",\"dateModified\":\"2022-02-26T14:51:42+00:00\",\"author\":{\"@id\":\"https:\\\/\\\/balkangreenenergynews.com\\\/rs\\\/#\\\/schema\\\/person\\\/99dc721c46113fea22caffad06ef7317\"},\"description\":\"Op\u0161tina Mali I\u0111o\u0161 stavila je na rani javni uvid dva plana detaljne regulacije za vetroelektrane, koje \u0107e graditi dve strane kompanije\",\"breadcrumb\":{\"@id\":\"https:\\\/\\\/balkangreenenergynews.com\\\/rs\\\/poljaci-i-spanci-ce-u-malom-idjosu-graditi-dva-vetroparka\\\/#breadcrumb\"},\"inLanguage\":\"sr-RS\",\"potentialAction\":[{\"@type\":\"ReadAction\",\"target\":[\"https:\\\/\\\/balkangreenenergynews.com\\\/rs\\\/poljaci-i-spanci-ce-u-malom-idjosu-graditi-dva-vetroparka\\\/\"]}]},{\"@type\":\"ImageObject\",\"inLanguage\":\"sr-RS\",\"@id\":\"https:\\\/\\\/balkangreenenergynews.com\\\/rs\\\/poljaci-i-spanci-ce-u-malom-idjosu-graditi-dva-vetroparka\\\/#primaryimage\",\"url\":\"https:\\\/\\\/balkangreenenergynews.com\\\/rs\\\/wp-content\\\/uploads\\\/2022\\\/02\\\/mali-idjos-vetrparkovi-spanci-poljaci.jpg?wsr\",\"contentUrl\":\"https:\\\/\\\/balkangreenenergynews.com\\\/rs\\\/wp-content\\\/uploads\\\/2022\\\/02\\\/mali-idjos-vetrparkovi-spanci-poljaci.jpg?wsr\",\"width\":840,\"height\":430,\"caption\":\"mali idjos vetrparkovi spanci poljaci\"},{\"@type\":\"BreadcrumbList\",\"@id\":\"https:\\\/\\\/balkangreenenergynews.com\\\/rs\\\/poljaci-i-spanci-ce-u-malom-idjosu-graditi-dva-vetroparka\\\/#breadcrumb\",\"itemListElement\":[{\"@type\":\"ListItem\",\"position\":1,\"name\":\"Po\u010detna\",\"item\":\"https:\\\/\\\/balkangreenenergynews.com\\\/rs\\\/\"},{\"@type\":\"ListItem\",\"position\":2,\"name\":\"Vesti\",\"item\":\"https:\\\/\\\/balkangreenenergynews.com\\\/rs\\\/kategorija\\\/vesti\\\/\"},{\"@type\":\"ListItem\",\"position\":3,\"name\":\"OIE\",\"item\":\"https:\\\/\\\/balkangreenenergynews.com\\\/rs\\\/kategorija\\\/vesti\\\/obnovljivi-izvori-energije\\\/\"},{\"@type\":\"ListItem\",\"position\":4,\"name\":\"Poljaci i \u0160panci \u0107e u Malom I\u0111o\u0161u graditi dva vetroparka\"}]},{\"@type\":\"WebSite\",\"@id\":\"https:\\\/\\\/balkangreenenergynews.com\\\/rs\\\/#website\",\"url\":\"https:\\\/\\\/balkangreenenergynews.com\\\/rs\\\/\",\"name\":\"Balkan Green Energy News\",\"description\":\"Naj\u0161iri izbor vesti sa Balkana o zelenoj energiji\",\"potentialAction\":[{\"@type\":\"SearchAction\",\"target\":{\"@type\":\"EntryPoint\",\"urlTemplate\":\"https:\\\/\\\/balkangreenenergynews.com\\\/rs\\\/?s={search_term_string}\"},\"query-input\":{\"@type\":\"PropertyValueSpecification\",\"valueRequired\":true,\"valueName\":\"search_term_string\"}}],\"inLanguage\":\"sr-RS\"},{\"@type\":\"Person\",\"@id\":\"https:\\\/\\\/balkangreenenergynews.com\\\/rs\\\/#\\\/schema\\\/person\\\/99dc721c46113fea22caffad06ef7317\",\"name\":\"Vladimir Spasi\u0107\",\"url\":\"https:\\\/\\\/balkangreenenergynews.com\\\/rs\\\/author\\\/vladimir-spasic\\\/\"}]}<\/script>\n<!-- \/ Yoast SEO plugin. -->","yoast_head_json":{"title":"Poljaci i \u0160panci \u0107e u Malom I\u0111o\u0161u graditi dva vetroparka","description":"Op\u0161tina Mali I\u0111o\u0161 stavila je na rani javni uvid dva plana detaljne regulacije za vetroelektrane, koje \u0107e graditi dve strane kompanije","robots":{"index":"index","follow":"follow","max-snippet":"max-snippet:-1","max-image-preview":"max-image-preview:large","max-video-preview":"max-video-preview:-1"},"canonical":"https:\/\/balkangreenenergynews.com\/rs\/poljaci-i-spanci-ce-u-malom-idjosu-graditi-dva-vetroparka\/","og_locale":"sr_RS","og_type":"article","og_title":"Poljaci i \u0160panci \u0107e u Malom I\u0111o\u0161u graditi dva vetroparka","og_description":"Op\u0161tina Mali I\u0111o\u0161 stavila je na rani javni uvid dva plana detaljne regulacije za vetroelektrane, koje \u0107e graditi dve strane kompanije","og_url":"https:\/\/balkangreenenergynews.com\/rs\/poljaci-i-spanci-ce-u-malom-idjosu-graditi-dva-vetroparka\/","og_site_name":"Balkan Green Energy News","article_published_time":"2022-02-24T11:11:07+00:00","article_modified_time":"2022-02-26T14:51:42+00:00","og_image":[{"width":840,"height":430,"url":"https:\/\/balkangreenenergynews.com\/rs\/wp-content\/uploads\/2022\/02\/mali-idjos-vetrparkovi-spanci-poljaci.jpg","type":"image\/jpeg"}],"author":"Vladimir Spasi\u0107","twitter_card":"summary_large_image","twitter_misc":{"\u041d\u0430\u043f\u0438\u0441\u0430\u043d\u043e \u043e\u0434":"Vladimir Spasi\u0107","\u041f\u0440\u043e\u0446\u0435\u045a\u0435\u043d\u043e \u0432\u0440\u0435\u043c\u0435 \u0447\u0438\u0442\u0430\u045a\u0430":"2 \u043c\u0438\u043d\u0443\u0442\u0430"},"schema":{"@context":"https:\/\/schema.org","@graph":[{"@type":"Article","@id":"https:\/\/balkangreenenergynews.com\/rs\/poljaci-i-spanci-ce-u-malom-idjosu-graditi-dva-vetroparka\/#article","isPartOf":{"@id":"https:\/\/balkangreenenergynews.com\/rs\/poljaci-i-spanci-ce-u-malom-idjosu-graditi-dva-vetroparka\/"},"author":{"name":"Vladimir Spasi\u0107","@id":"https:\/\/balkangreenenergynews.com\/rs\/#\/schema\/person\/99dc721c46113fea22caffad06ef7317"},"headline":"Poljaci i \u0160panci \u0107e u Malom I\u0111o\u0161u graditi dva vetroparka","datePublished":"2022-02-24T11:11:07+00:00","dateModified":"2022-02-26T14:51:42+00:00","mainEntityOfPage":{"@id":"https:\/\/balkangreenenergynews.com\/rs\/poljaci-i-spanci-ce-u-malom-idjosu-graditi-dva-vetroparka\/"},"wordCount":250,"commentCount":0,"image":{"@id":"https:\/\/balkangreenenergynews.com\/rs\/poljaci-i-spanci-ce-u-malom-idjosu-graditi-dva-vetroparka\/#primaryimage"},"thumbnailUrl":"https:\/\/balkangreenenergynews.com\/rs\/wp-content\/uploads\/2022\/02\/mali-idjos-vetrparkovi-spanci-poljaci.jpg?wsr","keywords":["investicije","vetroparkovi"],"articleSection":["Elektri\u010dna energija","OIE"],"inLanguage":"sr-RS","potentialAction":[{"@type":"CommentAction","name":"Comment","target":["https:\/\/balkangreenenergynews.com\/rs\/poljaci-i-spanci-ce-u-malom-idjosu-graditi-dva-vetroparka\/#respond"]}]},{"@type":"WebPage","@id":"https:\/\/balkangreenenergynews.com\/rs\/poljaci-i-spanci-ce-u-malom-idjosu-graditi-dva-vetroparka\/","url":"https:\/\/balkangreenenergynews.com\/rs\/poljaci-i-spanci-ce-u-malom-idjosu-graditi-dva-vetroparka\/","name":"Poljaci i \u0160panci \u0107e u Malom I\u0111o\u0161u graditi dva vetroparka","isPartOf":{"@id":"https:\/\/balkangreenenergynews.com\/rs\/#website"},"primaryImageOfPage":{"@id":"https:\/\/balkangreenenergynews.com\/rs\/poljaci-i-spanci-ce-u-malom-idjosu-graditi-dva-vetroparka\/#primaryimage"},"image":{"@id":"https:\/\/balkangreenenergynews.com\/rs\/poljaci-i-spanci-ce-u-malom-idjosu-graditi-dva-vetroparka\/#primaryimage"},"thumbnailUrl":"https:\/\/balkangreenenergynews.com\/rs\/wp-content\/uploads\/2022\/02\/mali-idjos-vetrparkovi-spanci-poljaci.jpg?wsr","datePublished":"2022-02-24T11:11:07+00:00","dateModified":"2022-02-26T14:51:42+00:00","author":{"@id":"https:\/\/balkangreenenergynews.com\/rs\/#\/schema\/person\/99dc721c46113fea22caffad06ef7317"},"description":"Op\u0161tina Mali I\u0111o\u0161 stavila je na rani javni uvid dva plana detaljne regulacije za vetroelektrane, koje \u0107e graditi dve strane kompanije","breadcrumb":{"@id":"https:\/\/balkangreenenergynews.com\/rs\/poljaci-i-spanci-ce-u-malom-idjosu-graditi-dva-vetroparka\/#breadcrumb"},"inLanguage":"sr-RS","potentialAction":[{"@type":"ReadAction","target":["https:\/\/balkangreenenergynews.com\/rs\/poljaci-i-spanci-ce-u-malom-idjosu-graditi-dva-vetroparka\/"]}]},{"@type":"ImageObject","inLanguage":"sr-RS","@id":"https:\/\/balkangreenenergynews.com\/rs\/poljaci-i-spanci-ce-u-malom-idjosu-graditi-dva-vetroparka\/#primaryimage","url":"https:\/\/balkangreenenergynews.com\/rs\/wp-content\/uploads\/2022\/02\/mali-idjos-vetrparkovi-spanci-poljaci.jpg?wsr","contentUrl":"https:\/\/balkangreenenergynews.com\/rs\/wp-content\/uploads\/2022\/02\/mali-idjos-vetrparkovi-spanci-poljaci.jpg?wsr","width":840,"height":430,"caption":"mali idjos vetrparkovi spanci poljaci"},{"@type":"BreadcrumbList","@id":"https:\/\/balkangreenenergynews.com\/rs\/poljaci-i-spanci-ce-u-malom-idjosu-graditi-dva-vetroparka\/#breadcrumb","itemListElement":[{"@type":"ListItem","position":1,"name":"Po\u010detna","item":"https:\/\/balkangreenenergynews.com\/rs\/"},{"@type":"ListItem","position":2,"name":"Vesti","item":"https:\/\/balkangreenenergynews.com\/rs\/kategorija\/vesti\/"},{"@type":"ListItem","position":3,"name":"OIE","item":"https:\/\/balkangreenenergynews.com\/rs\/kategorija\/vesti\/obnovljivi-izvori-energije\/"},{"@type":"ListItem","position":4,"name":"Poljaci i \u0160panci \u0107e u Malom I\u0111o\u0161u graditi dva vetroparka"}]},{"@type":"WebSite","@id":"https:\/\/balkangreenenergynews.com\/rs\/#website","url":"https:\/\/balkangreenenergynews.com\/rs\/","name":"Balkan Green Energy News","description":"Naj\u0161iri izbor vesti sa Balkana o zelenoj energiji","potentialAction":[{"@type":"SearchAction","target":{"@type":"EntryPoint","urlTemplate":"https:\/\/balkangreenenergynews.com\/rs\/?s={search_term_string}"},"query-input":{"@type":"PropertyValueSpecification","valueRequired":true,"valueName":"search_term_string"}}],"inLanguage":"sr-RS"},{"@type":"Person","@id":"https:\/\/balkangreenenergynews.com\/rs\/#\/schema\/person\/99dc721c46113fea22caffad06ef7317","name":"Vladimir Spasi\u0107","url":"https:\/\/balkangreenenergynews.com\/rs\/author\/vladimir-spasic\/"}]}},"_links":{"self":[{"href":"https:\/\/balkangreenenergynews.com\/rs\/wp-json\/wp\/v2\/posts\/46388","targetHints":{"allow":["GET"]}}],"collection":[{"href":"https:\/\/balkangreenenergynews.com\/rs\/wp-json\/wp\/v2\/posts"}],"about":[{"href":"https:\/\/balkangreenenergynews.com\/rs\/wp-json\/wp\/v2\/types\/post"}],"author":[{"embeddable":true,"href":"https:\/\/balkangreenenergynews.com\/rs\/wp-json\/wp\/v2\/users\/23"}],"replies":[{"embeddable":true,"href":"https:\/\/balkangreenenergynews.com\/rs\/wp-json\/wp\/v2\/comments?post=46388"}],"version-history":[{"count":0,"href":"https:\/\/balkangreenenergynews.com\/rs\/wp-json\/wp\/v2\/posts\/46388\/revisions"}],"wp:featuredmedia":[{"embeddable":true,"href":"https:\/\/balkangreenenergynews.com\/rs\/wp-json\/wp\/v2\/media\/46389"}],"wp:attachment":[{"href":"https:\/\/balkangreenenergynews.com\/rs\/wp-json\/wp\/v2\/media?parent=46388"}],"wp:term":[{"taxonomy":"category","embeddable":true,"href":"https:\/\/balkangreenenergynews.com\/rs\/wp-json\/wp\/v2\/categories?post=46388"},{"taxonomy":"post_tag","embeddable":true,"href":"https:\/\/balkangreenenergynews.com\/rs\/wp-json\/wp\/v2\/tags?post=46388"}],"curies":[{"name":"wp","href":"https:\/\/api.w.org\/{rel}","templated":true}]}}