{"id":46078,"date":"2022-02-10T23:59:22","date_gmt":"2022-02-10T22:59:22","guid":{"rendered":"https:\/\/balkangreenenergynews.com\/rs\/?p=46078"},"modified":"2024-11-04T11:43:40","modified_gmt":"2024-11-04T10:43:40","slug":"pocelo-je-protestno-kampovanje-za-potpunu-zabranu-istrazivanja-i-rudarenja-litijuma-i-bora","status":"publish","type":"post","link":"https:\/\/balkangreenenergynews.com\/rs\/pocelo-je-protestno-kampovanje-za-potpunu-zabranu-istrazivanja-i-rudarenja-litijuma-i-bora\/","title":{"rendered":"Po\u010delo je protestno kampovanje za potpunu zabranu istra\u017eivanja i rudarenja litijuma i bora"},"content":{"rendered":"<h2>Protest u Beogradu \u0107e trajati do ispunjenja zahteva, a zahtev je jedan &#8211; da se uvede trajna zabrana istra\u017eivanja i iskopavanja ruda koje sadr\u017ee litijum i bor, poru\u010deno je na okupljanju u organizaciji Saveza ekolo\u0161kih organizacija Srbije (SEOS) i inicijative Kreni-promeni. Nakon protestne \u0161etnje otpo\u010delo je kampovanje ispred zgrade Predsedni\u0161tva Srbije koje \u0107e, prema najavama, trajati narednih pet dana ili dok se ne ispuni zahtev.<\/h2>\n<p>Na protestnom skupu ispred zgrade Predsedni\u0161tva u Beogradu bili su i ljudi iz, kako je re\u010deno, ugro\u017eenih krajeva Srbije. Do\u0161li su me\u0161tani iz doline Jadra, iz Lev\u010da, Dobrinje, Gornjih Nedeljica, iz mesta kojima preti uticaj od rudarskih istra\u017eivanja i eksploatacije. Me\u0111utim, oni nisu do\u0161li samo zbog svog sela, ve\u0107 zbog \u010ditave Srbije, re\u010deno je na protestu.<\/p>\n<blockquote><p>Aktivisti isti\u010du podatak da su izdate 172 dozvole za istra\u017ene radnje, a da se po prostornom planu Srbije do 2035. godine planira oko 40 rudnika u dr\u017eavi<\/p><\/blockquote>\n<p>Velike svetske kompanije su re\u0161ene da na\u0161e plodno tle pretvore u jalovi\u0161ta i to ne samo u zapadnoj Srbiji, ve\u0107 i u isto\u010dnoj i centralnoj Srbiji, prakti\u010dno na teritoriji cele zemlje, upozoravaju u SEOS-u. Aktivisti isti\u010du podatak da su izdate 172 dozvole za istra\u017ene radnje, a da se po prostornom planu Srbije do 2035. godine planira oko 40 rudnika u dr\u017eavi.<\/p>\n<h3>Emotivne poruke na skupu<\/h3>\n<p>Protestna atmosfera je podr\u017eana emotivnim govorima ljudi iz ugro\u017eenih krajeva u Srbije. &#8222;Nije nas malo, cela Srbija je tu&#8220;, kazala je glumica Jelena Stupljanin.<\/p>\n<p>Ru\u017eica Filipovi\u0107, penzionerka iz Gornjih Nedeljica, rekla je da je ovo borba za ostanak u dolini Jadra. Milena Oruvi\u0107 \u0110uki\u0107 iz Kosjeri\u0107a je poru\u010dila da ljudi ne treba da budu izbeglice u sopstvenoj zemlji. &#8222;Iako smo mali i siroma\u0161an narod, imamo ne\u0161to \u0161to se za paru ne mo\u017ee kupiti&#8220;, kazala je Ljiljana Bralovi\u0107 iz Pranjana, iz udru\u017eenja Suvoborska greda.<\/p>\n<figure id=\"attachment_46082\" aria-describedby=\"caption-attachment-46082\" style=\"width: 840px\" class=\"wp-caption aligncenter\"><img loading=\"lazy\" decoding=\"async\" class=\"wp-image-46082 size-full\" src=\"https:\/\/balkangreenenergynews.com\/rs\/wp-content\/uploads\/2022\/02\/Ljiljana-Brajovic-SEOS.jpg\" alt=\"\" width=\"840\" height=\"630\" srcset=\"https:\/\/balkangreenenergynews.com\/rs\/wp-content\/uploads\/2022\/02\/Ljiljana-Brajovic-SEOS.jpg 840w, https:\/\/balkangreenenergynews.com\/rs\/wp-content\/uploads\/2022\/02\/Ljiljana-Brajovic-SEOS-500x375.jpg 500w, https:\/\/balkangreenenergynews.com\/rs\/wp-content\/uploads\/2022\/02\/Ljiljana-Brajovic-SEOS-768x576.jpg 768w, https:\/\/balkangreenenergynews.com\/rs\/wp-content\/uploads\/2022\/02\/Ljiljana-Brajovic-SEOS-300x225.jpg 300w\" sizes=\"auto, (max-width: 840px) 100vw, 840px\" \/><figcaption id=\"caption-attachment-46082\" class=\"wp-caption-text\">Foto: Ljiljana Bralovi\u0107 iz SEOS-a (BGEN)<\/figcaption><\/figure>\n<h3>Nastavak protesta u kampu ispred Predsedni\u0161tva<\/h3>\n<p>Protestni skup organizovali su SEOS i Kreni-promeni. Najavili su da \u0107e kampovanje trajati do ispunjenja zahteva. &#8222;Ovo se ti\u010de svih nas i nije ostalo previ\u0161e vremena da se igramo&#8220;, poru\u010duju iz SEOS-a.<\/p>\n<p>\u201eRazlog za radikalizaciju je to \u0161to Rio Tinto i <a href=\"https:\/\/balkangreenenergynews.com\/rs\/seos-nakon-sastanka-u-vladi-srbije-ostale-nejasnoce\/\">pored ukidanja prostornog plana<\/a> i dalje kupuje parcele, a po Gornjim Nedeljicama krstare d\u017eipovi sa NN licima u pratnji policije. \u0160to se ljudima preko no\u0107i se\u010de \u0161uma, i \u0161to im se upada na privatne posede kao da \u017eivimo u hajdu\u010diji a ne u dr\u017eavi\u201c, navodi u saop\u0161tenju Kreni-promeni.<\/p>\n<p>Nakon protestne \u0161etnje do Trga Republike i zgrade RTS-a u povratku, <a href=\"https:\/\/balkangreenenergynews.com\/rs\/od-veceras-kampovanje-ispred-predsednistva-do-zabrane-istrazivanja-i-rudarenja-litijuma-i-bora\/\">otpo\u010delo je protestno kampovanje<\/a> me\u0161tana i aktivista u parku ispred zgrade Predsedni\u0161tva, koje \u0107e trajati do raspu\u0161tanja Narodne skup\u0161tine, koje se o\u010dekuje za pet dana.<\/p>\n<blockquote><p>Najavljeni su svakodnevni programi od 16 i 19 \u010dasova, gde \u0107e aktivisti predstaviti mesta iz kojih dolaze<\/p><\/blockquote>\n<p>SEOS je pozvao gra\u0111ane da svrate, da se upoznaju i razgovaraju sa me\u0161tanima sela o problemima i o borbi koju vode. Najavljeni su svakodnevni programi u 16 i 19 sati, gde \u0107e aktivisti predstaviti mesta iz kojih dolaze, a kako su istakli, dovoljno je i da gra\u0111ani do\u0111u da se pozdrave. Okupljeni u kampu govore da se bore za celu Srbiju, a sada o\u010dekuju u tome i podr\u0161ku od gra\u0111ana Beograda.<\/p>\n","protected":false},"excerpt":{"rendered":"<p>Nakon protestne \u0161etnje otpo\u010delo je kampovanje ispred zgrade Predsedni\u0161tva, koje \u0107e trajati narednih pet dana ili dok se ne ispuni zahtev<\/p>\n","protected":false},"author":30,"featured_media":46083,"comment_status":"open","ping_status":"open","sticky":false,"template":"","format":"standard","meta":{"_acf_changed":false,"_monsterinsights_skip_tracking":false,"_monsterinsights_sitenote_active":false,"_monsterinsights_sitenote_note":"","_monsterinsights_sitenote_category":0,"footnotes":""},"categories":[4],"tags":[6216,2899,7071,5090,5161,6228,5921],"class_list":["post-46078","post","type-post","status-publish","format-standard","has-post-thumbnail","hentry","category-zivotna-sredina","tag-kreni-promeni","tag-litijum","tag-projekat-jadar","tag-protesti","tag-rio-tinto","tag-savez-ekoloskih-organizacija-srbije","tag-zivotna-sredina","country-srbija"],"acf":[],"yoast_head":"<!-- This site is optimized with the Yoast SEO plugin v27.4 - https:\/\/yoast.com\/product\/yoast-seo-wordpress\/ -->\n<title>Po\u010delo je protestno kampovanje za potpunu zabranu istra\u017eivanja i rudarenja litijuma i bora<\/title>\n<meta name=\"description\" content=\"Nakon protestne \u0161etnje otpo\u010delo je kampovanje ispred zgrade Predsedni\u0161tva, koje \u0107e trajati narednih pet dana ili dok se ne ispuni zahtev.\" \/>\n<meta name=\"robots\" content=\"index, follow, max-snippet:-1, max-image-preview:large, max-video-preview:-1\" \/>\n<link rel=\"canonical\" href=\"https:\/\/balkangreenenergynews.com\/rs\/pocelo-je-protestno-kampovanje-za-potpunu-zabranu-istrazivanja-i-rudarenja-litijuma-i-bora\/\" \/>\n<meta property=\"og:locale\" content=\"sr_RS\" \/>\n<meta property=\"og:type\" content=\"article\" \/>\n<meta property=\"og:title\" content=\"Po\u010delo je protestno kampovanje za potpunu zabranu istra\u017eivanja i rudarenja litijuma i bora\" \/>\n<meta property=\"og:description\" content=\"Nakon protestne \u0161etnje otpo\u010delo je kampovanje ispred zgrade Predsedni\u0161tva, koje \u0107e trajati narednih pet dana ili dok se ne ispuni zahtev.\" \/>\n<meta property=\"og:url\" content=\"https:\/\/balkangreenenergynews.com\/rs\/pocelo-je-protestno-kampovanje-za-potpunu-zabranu-istrazivanja-i-rudarenja-litijuma-i-bora\/\" \/>\n<meta property=\"og:site_name\" content=\"Balkan Green Energy News\" \/>\n<meta property=\"article:published_time\" content=\"2022-02-10T22:59:22+00:00\" \/>\n<meta property=\"article:modified_time\" content=\"2024-11-04T10:43:40+00:00\" \/>\n<meta property=\"og:image\" content=\"https:\/\/balkangreenenergynews.com\/rs\/wp-content\/uploads\/2022\/02\/Pocelo-je-protestno-kampovanje.jpg\" \/>\n\t<meta property=\"og:image:width\" content=\"840\" \/>\n\t<meta property=\"og:image:height\" content=\"430\" \/>\n\t<meta property=\"og:image:type\" content=\"image\/jpeg\" \/>\n<meta name=\"author\" content=\"Mihajlo Vujasin\" \/>\n<meta name=\"twitter:card\" content=\"summary_large_image\" \/>\n<meta name=\"twitter:label1\" content=\"\u041d\u0430\u043f\u0438\u0441\u0430\u043d\u043e \u043e\u0434\" \/>\n\t<meta name=\"twitter:data1\" content=\"Mihajlo Vujasin\" \/>\n\t<meta name=\"twitter:label2\" content=\"\u041f\u0440\u043e\u0446\u0435\u045a\u0435\u043d\u043e \u0432\u0440\u0435\u043c\u0435 \u0447\u0438\u0442\u0430\u045a\u0430\" \/>\n\t<meta name=\"twitter:data2\" content=\"4 \u043c\u0438\u043d\u0443\u0442\u0430\" \/>\n<script type=\"application\/ld+json\" class=\"yoast-schema-graph\">{\"@context\":\"https:\\\/\\\/schema.org\",\"@graph\":[{\"@type\":\"Article\",\"@id\":\"https:\\\/\\\/balkangreenenergynews.com\\\/rs\\\/pocelo-je-protestno-kampovanje-za-potpunu-zabranu-istrazivanja-i-rudarenja-litijuma-i-bora\\\/#article\",\"isPartOf\":{\"@id\":\"https:\\\/\\\/balkangreenenergynews.com\\\/rs\\\/pocelo-je-protestno-kampovanje-za-potpunu-zabranu-istrazivanja-i-rudarenja-litijuma-i-bora\\\/\"},\"author\":{\"name\":\"Mihajlo Vujasin\",\"@id\":\"https:\\\/\\\/balkangreenenergynews.com\\\/rs\\\/#\\\/schema\\\/person\\\/6b3cd0445eb192f645c773282d0747ca\"},\"headline\":\"Po\u010delo je protestno kampovanje za potpunu zabranu istra\u017eivanja i rudarenja litijuma i bora\",\"datePublished\":\"2022-02-10T22:59:22+00:00\",\"dateModified\":\"2024-11-04T10:43:40+00:00\",\"mainEntityOfPage\":{\"@id\":\"https:\\\/\\\/balkangreenenergynews.com\\\/rs\\\/pocelo-je-protestno-kampovanje-za-potpunu-zabranu-istrazivanja-i-rudarenja-litijuma-i-bora\\\/\"},\"wordCount\":592,\"commentCount\":0,\"image\":{\"@id\":\"https:\\\/\\\/balkangreenenergynews.com\\\/rs\\\/pocelo-je-protestno-kampovanje-za-potpunu-zabranu-istrazivanja-i-rudarenja-litijuma-i-bora\\\/#primaryimage\"},\"thumbnailUrl\":\"https:\\\/\\\/balkangreenenergynews.com\\\/rs\\\/wp-content\\\/uploads\\\/2022\\\/02\\\/Pocelo-je-protestno-kampovanje.jpg?wsr\",\"keywords\":[\"Kreni-promeni\",\"litijum\",\"Projekat Jadar\",\"protesti\",\"Rio Tinto\",\"Savez ekolo\u0161kih organizacija Srbije\",\"\u017eivotna sredina\"],\"articleSection\":[\"\u017divotna sredina\"],\"inLanguage\":\"sr-RS\",\"potentialAction\":[{\"@type\":\"CommentAction\",\"name\":\"Comment\",\"target\":[\"https:\\\/\\\/balkangreenenergynews.com\\\/rs\\\/pocelo-je-protestno-kampovanje-za-potpunu-zabranu-istrazivanja-i-rudarenja-litijuma-i-bora\\\/#respond\"]}]},{\"@type\":\"WebPage\",\"@id\":\"https:\\\/\\\/balkangreenenergynews.com\\\/rs\\\/pocelo-je-protestno-kampovanje-za-potpunu-zabranu-istrazivanja-i-rudarenja-litijuma-i-bora\\\/\",\"url\":\"https:\\\/\\\/balkangreenenergynews.com\\\/rs\\\/pocelo-je-protestno-kampovanje-za-potpunu-zabranu-istrazivanja-i-rudarenja-litijuma-i-bora\\\/\",\"name\":\"Po\u010delo je protestno kampovanje za potpunu zabranu istra\u017eivanja i rudarenja litijuma i bora\",\"isPartOf\":{\"@id\":\"https:\\\/\\\/balkangreenenergynews.com\\\/rs\\\/#website\"},\"primaryImageOfPage\":{\"@id\":\"https:\\\/\\\/balkangreenenergynews.com\\\/rs\\\/pocelo-je-protestno-kampovanje-za-potpunu-zabranu-istrazivanja-i-rudarenja-litijuma-i-bora\\\/#primaryimage\"},\"image\":{\"@id\":\"https:\\\/\\\/balkangreenenergynews.com\\\/rs\\\/pocelo-je-protestno-kampovanje-za-potpunu-zabranu-istrazivanja-i-rudarenja-litijuma-i-bora\\\/#primaryimage\"},\"thumbnailUrl\":\"https:\\\/\\\/balkangreenenergynews.com\\\/rs\\\/wp-content\\\/uploads\\\/2022\\\/02\\\/Pocelo-je-protestno-kampovanje.jpg?wsr\",\"datePublished\":\"2022-02-10T22:59:22+00:00\",\"dateModified\":\"2024-11-04T10:43:40+00:00\",\"author\":{\"@id\":\"https:\\\/\\\/balkangreenenergynews.com\\\/rs\\\/#\\\/schema\\\/person\\\/6b3cd0445eb192f645c773282d0747ca\"},\"description\":\"Nakon protestne \u0161etnje otpo\u010delo je kampovanje ispred zgrade Predsedni\u0161tva, koje \u0107e trajati narednih pet dana ili dok se ne ispuni zahtev.\",\"breadcrumb\":{\"@id\":\"https:\\\/\\\/balkangreenenergynews.com\\\/rs\\\/pocelo-je-protestno-kampovanje-za-potpunu-zabranu-istrazivanja-i-rudarenja-litijuma-i-bora\\\/#breadcrumb\"},\"inLanguage\":\"sr-RS\",\"potentialAction\":[{\"@type\":\"ReadAction\",\"target\":[\"https:\\\/\\\/balkangreenenergynews.com\\\/rs\\\/pocelo-je-protestno-kampovanje-za-potpunu-zabranu-istrazivanja-i-rudarenja-litijuma-i-bora\\\/\"]}]},{\"@type\":\"ImageObject\",\"inLanguage\":\"sr-RS\",\"@id\":\"https:\\\/\\\/balkangreenenergynews.com\\\/rs\\\/pocelo-je-protestno-kampovanje-za-potpunu-zabranu-istrazivanja-i-rudarenja-litijuma-i-bora\\\/#primaryimage\",\"url\":\"https:\\\/\\\/balkangreenenergynews.com\\\/rs\\\/wp-content\\\/uploads\\\/2022\\\/02\\\/Pocelo-je-protestno-kampovanje.jpg?wsr\",\"contentUrl\":\"https:\\\/\\\/balkangreenenergynews.com\\\/rs\\\/wp-content\\\/uploads\\\/2022\\\/02\\\/Pocelo-je-protestno-kampovanje.jpg?wsr\",\"width\":840,\"height\":430},{\"@type\":\"BreadcrumbList\",\"@id\":\"https:\\\/\\\/balkangreenenergynews.com\\\/rs\\\/pocelo-je-protestno-kampovanje-za-potpunu-zabranu-istrazivanja-i-rudarenja-litijuma-i-bora\\\/#breadcrumb\",\"itemListElement\":[{\"@type\":\"ListItem\",\"position\":1,\"name\":\"Po\u010detna\",\"item\":\"https:\\\/\\\/balkangreenenergynews.com\\\/rs\\\/\"},{\"@type\":\"ListItem\",\"position\":2,\"name\":\"Vesti\",\"item\":\"https:\\\/\\\/balkangreenenergynews.com\\\/rs\\\/kategorija\\\/vesti\\\/\"},{\"@type\":\"ListItem\",\"position\":3,\"name\":\"\u017divotna sredina\",\"item\":\"https:\\\/\\\/balkangreenenergynews.com\\\/rs\\\/kategorija\\\/vesti\\\/zivotna-sredina\\\/\"},{\"@type\":\"ListItem\",\"position\":4,\"name\":\"Po\u010delo je protestno kampovanje za potpunu zabranu istra\u017eivanja i rudarenja litijuma i bora\"}]},{\"@type\":\"WebSite\",\"@id\":\"https:\\\/\\\/balkangreenenergynews.com\\\/rs\\\/#website\",\"url\":\"https:\\\/\\\/balkangreenenergynews.com\\\/rs\\\/\",\"name\":\"Balkan Green Energy News\",\"description\":\"Naj\u0161iri izbor vesti sa Balkana o zelenoj energiji\",\"potentialAction\":[{\"@type\":\"SearchAction\",\"target\":{\"@type\":\"EntryPoint\",\"urlTemplate\":\"https:\\\/\\\/balkangreenenergynews.com\\\/rs\\\/?s={search_term_string}\"},\"query-input\":{\"@type\":\"PropertyValueSpecification\",\"valueRequired\":true,\"valueName\":\"search_term_string\"}}],\"inLanguage\":\"sr-RS\"},{\"@type\":\"Person\",\"@id\":\"https:\\\/\\\/balkangreenenergynews.com\\\/rs\\\/#\\\/schema\\\/person\\\/6b3cd0445eb192f645c773282d0747ca\",\"name\":\"Mihajlo Vujasin\",\"url\":\"https:\\\/\\\/balkangreenenergynews.com\\\/rs\\\/author\\\/mihajlo-vujasin\\\/\"}]}<\/script>\n<!-- \/ Yoast SEO plugin. -->","yoast_head_json":{"title":"Po\u010delo je protestno kampovanje za potpunu zabranu istra\u017eivanja i rudarenja litijuma i bora","description":"Nakon protestne \u0161etnje otpo\u010delo je kampovanje ispred zgrade Predsedni\u0161tva, koje \u0107e trajati narednih pet dana ili dok se ne ispuni zahtev.","robots":{"index":"index","follow":"follow","max-snippet":"max-snippet:-1","max-image-preview":"max-image-preview:large","max-video-preview":"max-video-preview:-1"},"canonical":"https:\/\/balkangreenenergynews.com\/rs\/pocelo-je-protestno-kampovanje-za-potpunu-zabranu-istrazivanja-i-rudarenja-litijuma-i-bora\/","og_locale":"sr_RS","og_type":"article","og_title":"Po\u010delo je protestno kampovanje za potpunu zabranu istra\u017eivanja i rudarenja litijuma i bora","og_description":"Nakon protestne \u0161etnje otpo\u010delo je kampovanje ispred zgrade Predsedni\u0161tva, koje \u0107e trajati narednih pet dana ili dok se ne ispuni zahtev.","og_url":"https:\/\/balkangreenenergynews.com\/rs\/pocelo-je-protestno-kampovanje-za-potpunu-zabranu-istrazivanja-i-rudarenja-litijuma-i-bora\/","og_site_name":"Balkan Green Energy News","article_published_time":"2022-02-10T22:59:22+00:00","article_modified_time":"2024-11-04T10:43:40+00:00","og_image":[{"width":840,"height":430,"url":"https:\/\/balkangreenenergynews.com\/rs\/wp-content\/uploads\/2022\/02\/Pocelo-je-protestno-kampovanje.jpg","type":"image\/jpeg"}],"author":"Mihajlo Vujasin","twitter_card":"summary_large_image","twitter_misc":{"\u041d\u0430\u043f\u0438\u0441\u0430\u043d\u043e \u043e\u0434":"Mihajlo Vujasin","\u041f\u0440\u043e\u0446\u0435\u045a\u0435\u043d\u043e \u0432\u0440\u0435\u043c\u0435 \u0447\u0438\u0442\u0430\u045a\u0430":"4 \u043c\u0438\u043d\u0443\u0442\u0430"},"schema":{"@context":"https:\/\/schema.org","@graph":[{"@type":"Article","@id":"https:\/\/balkangreenenergynews.com\/rs\/pocelo-je-protestno-kampovanje-za-potpunu-zabranu-istrazivanja-i-rudarenja-litijuma-i-bora\/#article","isPartOf":{"@id":"https:\/\/balkangreenenergynews.com\/rs\/pocelo-je-protestno-kampovanje-za-potpunu-zabranu-istrazivanja-i-rudarenja-litijuma-i-bora\/"},"author":{"name":"Mihajlo Vujasin","@id":"https:\/\/balkangreenenergynews.com\/rs\/#\/schema\/person\/6b3cd0445eb192f645c773282d0747ca"},"headline":"Po\u010delo je protestno kampovanje za potpunu zabranu istra\u017eivanja i rudarenja litijuma i bora","datePublished":"2022-02-10T22:59:22+00:00","dateModified":"2024-11-04T10:43:40+00:00","mainEntityOfPage":{"@id":"https:\/\/balkangreenenergynews.com\/rs\/pocelo-je-protestno-kampovanje-za-potpunu-zabranu-istrazivanja-i-rudarenja-litijuma-i-bora\/"},"wordCount":592,"commentCount":0,"image":{"@id":"https:\/\/balkangreenenergynews.com\/rs\/pocelo-je-protestno-kampovanje-za-potpunu-zabranu-istrazivanja-i-rudarenja-litijuma-i-bora\/#primaryimage"},"thumbnailUrl":"https:\/\/balkangreenenergynews.com\/rs\/wp-content\/uploads\/2022\/02\/Pocelo-je-protestno-kampovanje.jpg?wsr","keywords":["Kreni-promeni","litijum","Projekat Jadar","protesti","Rio Tinto","Savez ekolo\u0161kih organizacija Srbije","\u017eivotna sredina"],"articleSection":["\u017divotna sredina"],"inLanguage":"sr-RS","potentialAction":[{"@type":"CommentAction","name":"Comment","target":["https:\/\/balkangreenenergynews.com\/rs\/pocelo-je-protestno-kampovanje-za-potpunu-zabranu-istrazivanja-i-rudarenja-litijuma-i-bora\/#respond"]}]},{"@type":"WebPage","@id":"https:\/\/balkangreenenergynews.com\/rs\/pocelo-je-protestno-kampovanje-za-potpunu-zabranu-istrazivanja-i-rudarenja-litijuma-i-bora\/","url":"https:\/\/balkangreenenergynews.com\/rs\/pocelo-je-protestno-kampovanje-za-potpunu-zabranu-istrazivanja-i-rudarenja-litijuma-i-bora\/","name":"Po\u010delo je protestno kampovanje za potpunu zabranu istra\u017eivanja i rudarenja litijuma i bora","isPartOf":{"@id":"https:\/\/balkangreenenergynews.com\/rs\/#website"},"primaryImageOfPage":{"@id":"https:\/\/balkangreenenergynews.com\/rs\/pocelo-je-protestno-kampovanje-za-potpunu-zabranu-istrazivanja-i-rudarenja-litijuma-i-bora\/#primaryimage"},"image":{"@id":"https:\/\/balkangreenenergynews.com\/rs\/pocelo-je-protestno-kampovanje-za-potpunu-zabranu-istrazivanja-i-rudarenja-litijuma-i-bora\/#primaryimage"},"thumbnailUrl":"https:\/\/balkangreenenergynews.com\/rs\/wp-content\/uploads\/2022\/02\/Pocelo-je-protestno-kampovanje.jpg?wsr","datePublished":"2022-02-10T22:59:22+00:00","dateModified":"2024-11-04T10:43:40+00:00","author":{"@id":"https:\/\/balkangreenenergynews.com\/rs\/#\/schema\/person\/6b3cd0445eb192f645c773282d0747ca"},"description":"Nakon protestne \u0161etnje otpo\u010delo je kampovanje ispred zgrade Predsedni\u0161tva, koje \u0107e trajati narednih pet dana ili dok se ne ispuni zahtev.","breadcrumb":{"@id":"https:\/\/balkangreenenergynews.com\/rs\/pocelo-je-protestno-kampovanje-za-potpunu-zabranu-istrazivanja-i-rudarenja-litijuma-i-bora\/#breadcrumb"},"inLanguage":"sr-RS","potentialAction":[{"@type":"ReadAction","target":["https:\/\/balkangreenenergynews.com\/rs\/pocelo-je-protestno-kampovanje-za-potpunu-zabranu-istrazivanja-i-rudarenja-litijuma-i-bora\/"]}]},{"@type":"ImageObject","inLanguage":"sr-RS","@id":"https:\/\/balkangreenenergynews.com\/rs\/pocelo-je-protestno-kampovanje-za-potpunu-zabranu-istrazivanja-i-rudarenja-litijuma-i-bora\/#primaryimage","url":"https:\/\/balkangreenenergynews.com\/rs\/wp-content\/uploads\/2022\/02\/Pocelo-je-protestno-kampovanje.jpg?wsr","contentUrl":"https:\/\/balkangreenenergynews.com\/rs\/wp-content\/uploads\/2022\/02\/Pocelo-je-protestno-kampovanje.jpg?wsr","width":840,"height":430},{"@type":"BreadcrumbList","@id":"https:\/\/balkangreenenergynews.com\/rs\/pocelo-je-protestno-kampovanje-za-potpunu-zabranu-istrazivanja-i-rudarenja-litijuma-i-bora\/#breadcrumb","itemListElement":[{"@type":"ListItem","position":1,"name":"Po\u010detna","item":"https:\/\/balkangreenenergynews.com\/rs\/"},{"@type":"ListItem","position":2,"name":"Vesti","item":"https:\/\/balkangreenenergynews.com\/rs\/kategorija\/vesti\/"},{"@type":"ListItem","position":3,"name":"\u017divotna sredina","item":"https:\/\/balkangreenenergynews.com\/rs\/kategorija\/vesti\/zivotna-sredina\/"},{"@type":"ListItem","position":4,"name":"Po\u010delo je protestno kampovanje za potpunu zabranu istra\u017eivanja i rudarenja litijuma i bora"}]},{"@type":"WebSite","@id":"https:\/\/balkangreenenergynews.com\/rs\/#website","url":"https:\/\/balkangreenenergynews.com\/rs\/","name":"Balkan Green Energy News","description":"Naj\u0161iri izbor vesti sa Balkana o zelenoj energiji","potentialAction":[{"@type":"SearchAction","target":{"@type":"EntryPoint","urlTemplate":"https:\/\/balkangreenenergynews.com\/rs\/?s={search_term_string}"},"query-input":{"@type":"PropertyValueSpecification","valueRequired":true,"valueName":"search_term_string"}}],"inLanguage":"sr-RS"},{"@type":"Person","@id":"https:\/\/balkangreenenergynews.com\/rs\/#\/schema\/person\/6b3cd0445eb192f645c773282d0747ca","name":"Mihajlo Vujasin","url":"https:\/\/balkangreenenergynews.com\/rs\/author\/mihajlo-vujasin\/"}]}},"_links":{"self":[{"href":"https:\/\/balkangreenenergynews.com\/rs\/wp-json\/wp\/v2\/posts\/46078","targetHints":{"allow":["GET"]}}],"collection":[{"href":"https:\/\/balkangreenenergynews.com\/rs\/wp-json\/wp\/v2\/posts"}],"about":[{"href":"https:\/\/balkangreenenergynews.com\/rs\/wp-json\/wp\/v2\/types\/post"}],"author":[{"embeddable":true,"href":"https:\/\/balkangreenenergynews.com\/rs\/wp-json\/wp\/v2\/users\/30"}],"replies":[{"embeddable":true,"href":"https:\/\/balkangreenenergynews.com\/rs\/wp-json\/wp\/v2\/comments?post=46078"}],"version-history":[{"count":0,"href":"https:\/\/balkangreenenergynews.com\/rs\/wp-json\/wp\/v2\/posts\/46078\/revisions"}],"wp:featuredmedia":[{"embeddable":true,"href":"https:\/\/balkangreenenergynews.com\/rs\/wp-json\/wp\/v2\/media\/46083"}],"wp:attachment":[{"href":"https:\/\/balkangreenenergynews.com\/rs\/wp-json\/wp\/v2\/media?parent=46078"}],"wp:term":[{"taxonomy":"category","embeddable":true,"href":"https:\/\/balkangreenenergynews.com\/rs\/wp-json\/wp\/v2\/categories?post=46078"},{"taxonomy":"post_tag","embeddable":true,"href":"https:\/\/balkangreenenergynews.com\/rs\/wp-json\/wp\/v2\/tags?post=46078"}],"curies":[{"name":"wp","href":"https:\/\/api.w.org\/{rel}","templated":true}]}}