{"id":46048,"date":"2022-02-10T12:12:34","date_gmt":"2022-02-10T11:12:34","guid":{"rendered":"https:\/\/balkangreenenergynews.com\/rs\/?p=46048"},"modified":"2024-11-04T11:42:20","modified_gmt":"2024-11-04T10:42:20","slug":"od-veceras-kampovanje-ispred-predsednistva-do-zabrane-istrazivanja-i-rudarenja-litijuma-i-bora","status":"publish","type":"post","link":"https:\/\/balkangreenenergynews.com\/rs\/od-veceras-kampovanje-ispred-predsednistva-do-zabrane-istrazivanja-i-rudarenja-litijuma-i-bora\/","title":{"rendered":"Od ve\u010deras kampovanje ispred Predsedni\u0161tva do zabrane istra\u017eivanja i rudarenja litijuma i bora"},"content":{"rendered":"<h2>Vlada bi mogla da zabrani istra\u017eivanje i eksploataciju ruda litijuma i bora u roku od 24 sata, izjavio je Savo Manojlovi\u0107 iz Kreni-promeni pred ve\u010dera\u0161nji protest. Aktivisti i aktivistkinje su najavili da \u0107e podi\u0107i \u0161atore ispred zgrade Predsedni\u0161tva Srbije i ostati tu do ispunjenja zahteva.<\/h2>\n<p>Sada je vreme za kona\u010dan udarac nameri da se u Srbiji istra\u017euju i rudare litijum i bor, poru\u010dila je inicijativa Kreni-promeni pred protest koji je sa Savezom ekolo\u0161kih organizacija Srbije (SEOS) zakazala za ve\u010deras u 19 sati ispred zgrade Predsedni\u0161tva Srbije.<\/p>\n<p>Organizatori su poru\u010dili da njihov <a href=\"https:\/\/balkangreenenergynews.com\/rs\/demonstranti-ce-kampovati-ispred-predsednistva-dok-se-ne-donese-odluka-o-zabrani-istrazivanja-i-eksploatacije-litijuma-i-bora\/\">jedini zahtev<\/a> Vlada Srbije mo\u017ee da ispuni &#8222;procedurom koja <a href=\"https:\/\/balkangreenenergynews.com\/rs\/seos-nakon-sastanka-u-vladi-srbije-ostale-nejasnoce\/\">ne traje du\u017ee od 15 minuta&#8220;,<\/a> da zabrani istra\u017eivanje i eksploataciju navedenih ruda u celoj zemlji. Savo Manojlovi\u0107 iz Kreni-promeni je izjavio da bi to moglo da se obavi u roku od 24 sata i da bi zatim Narodna skup\u0161tina mogla da izglasa zakon pre raspisivanja izbora, koje se o\u010dekuje 15. februara.<\/p>\n<h3>Rio Tinto kupuje parcele, se\u010de \u0161umu, upada u posed<\/h3>\n<p>Aktivisti i aktivistkinje, uklju\u010duju\u0107i stanovnike doline Jadra ugro\u017eene projektom rudnika i postrojenja za preradu litijuma kompanije Rio Tinto, spremaju se da kampuju ispred zgrade Predsedni\u0161tva Srbije do ispunjenja zahteva.<\/p>\n<p>U Kreni-promeni podse\u0107aju da su predali 292.000 potpisa protiv projekta i poku\u0161ali da ostvare cilj institucionalnim putem, koriste\u0107i mehanizam Narodne inicijative.<\/p>\n<p>&#8222;Razlog za radikalizaciju je to \u0161to Rio Tinto i pored ukidanja prostornog plana i dalje kupuje parcele, a po Gornjim Nedeljicama krstare d\u017eipovi sa NN licima u pratnji policije. \u0160to se ljudima preko no\u0107i se\u010de \u0161uma, i \u0161to im se upada na privatne posede kao da \u017eivimo u hajdu\u010diji a ne u dr\u017eavi&#8220;, navodi se u saop\u0161tenju.<\/p>\n<blockquote class=\"twitter-tweet\" data-width=\"500\" data-dnt=\"true\">\n<p lang=\"und\" dir=\"ltr\">Rio Sava u \u010dap se\u010de \u0161ume koje su u njihovom vlasni\u0161tvu.Inspekcije su na terenu, naravno odbili su da do\u0111u kao vlasnici, reko\u0161e samo javite se na\u0161em advokatu. Za njih zakon ne va\u017ei.Dr\u017eava nam se zove Rio Tinto!! <a href=\"https:\/\/t.co\/wslqq2pHxR\">pic.twitter.com\/wslqq2pHxR<\/a><\/p>\n<p>&mdash; Udru\u017eenje NE DAMO JADAR (@nedamojadar) <a href=\"https:\/\/twitter.com\/nedamojadar\/status\/1489596488116322314?ref_src=twsrc%5Etfw\">February 4, 2022<\/a><\/p><\/blockquote>\n<p><script async src=\"https:\/\/platform.twitter.com\/widgets.js\" charset=\"utf-8\"><\/script><\/p>\n<p>Brojne javne li\u010dnosti \u0107e me\u0161tanima pru\u017eiti podr\u0161ku kroz razne aktivnosti tokom kampovanja, dodaju u inicijativi i isti\u010du da je u Srbiji u planu otvaranje \u010detrdesetak rudnika.<\/p>\n<h3>Vlada ne da zapisnike sa sednica radne grupe<\/h3>\n<p>Sreten \u0110or\u0111evi\u0107, advokat specijalista u oblasti prava za\u0161tite \u017eivotne sredine, objavio je da je Ministarstvo rudarstva i energetike odbilo zahtev za pristup zapisnicima <a href=\"https:\/\/balkangreenenergynews.com\/rs\/brnabic-vlada-srbije-ponistila-prostorni-plan-za-rio-tintov-projekat-jadar-sve-dozvole\/\">nedavno raspu\u0161tene<\/a> radne grupe za implementaciju projekta Jadar.<\/p>\n<p>Na sednicama se nisu donosile pravno obavezuju\u0107e odluke, navodi se u odgovoru. &#8222;U zapisnicima su izno\u0161eni pojedini li\u010dni stavovi \u010dlanova te radne grupe i davani podaci o navedenom projektu, \u010dije bi izno\u0161enje u javnost imalo za posledicu ugro\u017eavanje javne bezbednosti, imaju\u0107i u vidu nedavne proteste&#8220;, tvrde u ministarstvu.<\/p>\n<p>Radna grupa je na sednicama razmatrala i dalje korake, pa bi objavljivanje moglo &#8222;bitno umanjiti sposobnost dr\u017eave da upravlja ekonomskim procesima u zemlji ili bitno uticati na ote\u017eano ostvarenje opravdanih ekonomskih interesa Republike Srbije&#8220;, pi\u0161e u odbijenici.<\/p>\n<blockquote class=\"twitter-tweet\" data-width=\"500\" data-dnt=\"true\">\n<p lang=\"und\" dir=\"ltr\">Slobodna \u0160umadija <a href=\"https:\/\/t.co\/XLb96yPJzi\">pic.twitter.com\/XLb96yPJzi<\/a><\/p>\n<p>&mdash; Suzana \u0110or\u0111evi\u0107 \uea00 (@suzadj) <a href=\"https:\/\/twitter.com\/suzadj\/status\/1491122281116237827?ref_src=twsrc%5Etfw\">February 8, 2022<\/a><\/p><\/blockquote>\n<p><script async src=\"https:\/\/platform.twitter.com\/widgets.js\" charset=\"utf-8\"><\/script><\/p>\n<p>Kreni-promeni i SEOS su 8. februara odr\u017eali protest u Kragujevcu.<\/p>\n","protected":false},"excerpt":{"rendered":"<p>Vlada bi mogla da zabrani istra\u017eivanje i eksploataciju ruda litijuma i bora u roku od 24 sata, izjavio je Savo Manojlovi\u0107<\/p>\n","protected":false},"author":27,"featured_media":46050,"comment_status":"open","ping_status":"open","sticky":false,"template":"","format":"standard","meta":{"_acf_changed":false,"_monsterinsights_skip_tracking":false,"_monsterinsights_sitenote_active":false,"_monsterinsights_sitenote_note":"","_monsterinsights_sitenote_category":0,"footnotes":""},"categories":[4],"tags":[6216,2899,7071,5090,5161,6228,5921],"class_list":["post-46048","post","type-post","status-publish","format-standard","has-post-thumbnail","hentry","category-zivotna-sredina","tag-kreni-promeni","tag-litijum","tag-projekat-jadar","tag-protesti","tag-rio-tinto","tag-savez-ekoloskih-organizacija-srbije","tag-zivotna-sredina","country-srbija"],"acf":[],"yoast_head":"<!-- This site is optimized with the Yoast SEO plugin v27.4 - https:\/\/yoast.com\/product\/yoast-seo-wordpress\/ -->\n<title>Od ve\u010deras kampovanje ispred Predsedni\u0161tva do zabrane istra\u017eivanja i rudarenja litijuma i bora<\/title>\n<meta name=\"description\" content=\"Vlada bi mogla da zabrani istra\u017eivanje i eksploataciju ruda litijuma i bora u roku od 24 sata, izjavio je Savo Manojlovi\u0107.\" \/>\n<meta name=\"robots\" content=\"index, follow, max-snippet:-1, max-image-preview:large, max-video-preview:-1\" \/>\n<link rel=\"canonical\" href=\"https:\/\/balkangreenenergynews.com\/rs\/od-veceras-kampovanje-ispred-predsednistva-do-zabrane-istrazivanja-i-rudarenja-litijuma-i-bora\/\" \/>\n<meta property=\"og:locale\" content=\"sr_RS\" \/>\n<meta property=\"og:type\" content=\"article\" \/>\n<meta property=\"og:title\" content=\"Od ve\u010deras kampovanje ispred Predsedni\u0161tva do zabrane istra\u017eivanja i rudarenja litijuma i bora\" \/>\n<meta property=\"og:description\" content=\"Vlada bi mogla da zabrani istra\u017eivanje i eksploataciju ruda litijuma i bora u roku od 24 sata, izjavio je Savo Manojlovi\u0107.\" \/>\n<meta property=\"og:url\" content=\"https:\/\/balkangreenenergynews.com\/rs\/od-veceras-kampovanje-ispred-predsednistva-do-zabrane-istrazivanja-i-rudarenja-litijuma-i-bora\/\" \/>\n<meta property=\"og:site_name\" content=\"Balkan Green Energy News\" \/>\n<meta property=\"article:published_time\" content=\"2022-02-10T11:12:34+00:00\" \/>\n<meta property=\"article:modified_time\" content=\"2024-11-04T10:42:20+00:00\" \/>\n<meta property=\"og:image\" content=\"https:\/\/balkangreenenergynews.com\/rs\/wp-content\/uploads\/2022\/02\/kampovanje-Predsednistva-zabrane-istrazivanja-rudarenja-litijuma-bora.jpg\" \/>\n\t<meta property=\"og:image:width\" content=\"840\" \/>\n\t<meta property=\"og:image:height\" content=\"430\" \/>\n\t<meta property=\"og:image:type\" content=\"image\/jpeg\" \/>\n<meta name=\"author\" content=\"Igor Todorovi\u0107\" \/>\n<meta name=\"twitter:card\" content=\"summary_large_image\" \/>\n<meta name=\"twitter:label1\" content=\"\u041d\u0430\u043f\u0438\u0441\u0430\u043d\u043e \u043e\u0434\" \/>\n\t<meta name=\"twitter:data1\" content=\"Igor Todorovi\u0107\" \/>\n\t<meta name=\"twitter:label2\" content=\"\u041f\u0440\u043e\u0446\u0435\u045a\u0435\u043d\u043e \u0432\u0440\u0435\u043c\u0435 \u0447\u0438\u0442\u0430\u045a\u0430\" \/>\n\t<meta name=\"twitter:data2\" content=\"3 \u043c\u0438\u043d\u0443\u0442\u0430\" \/>\n<script type=\"application\/ld+json\" class=\"yoast-schema-graph\">{\"@context\":\"https:\\\/\\\/schema.org\",\"@graph\":[{\"@type\":\"Article\",\"@id\":\"https:\\\/\\\/balkangreenenergynews.com\\\/rs\\\/od-veceras-kampovanje-ispred-predsednistva-do-zabrane-istrazivanja-i-rudarenja-litijuma-i-bora\\\/#article\",\"isPartOf\":{\"@id\":\"https:\\\/\\\/balkangreenenergynews.com\\\/rs\\\/od-veceras-kampovanje-ispred-predsednistva-do-zabrane-istrazivanja-i-rudarenja-litijuma-i-bora\\\/\"},\"author\":{\"name\":\"Igor Todorovi\u0107\",\"@id\":\"https:\\\/\\\/balkangreenenergynews.com\\\/rs\\\/#\\\/schema\\\/person\\\/d8f80a244c4e9f2b55e4f6968c253246\"},\"headline\":\"Od ve\u010deras kampovanje ispred Predsedni\u0161tva do zabrane istra\u017eivanja i rudarenja litijuma i bora\",\"datePublished\":\"2022-02-10T11:12:34+00:00\",\"dateModified\":\"2024-11-04T10:42:20+00:00\",\"mainEntityOfPage\":{\"@id\":\"https:\\\/\\\/balkangreenenergynews.com\\\/rs\\\/od-veceras-kampovanje-ispred-predsednistva-do-zabrane-istrazivanja-i-rudarenja-litijuma-i-bora\\\/\"},\"wordCount\":502,\"commentCount\":0,\"image\":{\"@id\":\"https:\\\/\\\/balkangreenenergynews.com\\\/rs\\\/od-veceras-kampovanje-ispred-predsednistva-do-zabrane-istrazivanja-i-rudarenja-litijuma-i-bora\\\/#primaryimage\"},\"thumbnailUrl\":\"https:\\\/\\\/balkangreenenergynews.com\\\/rs\\\/wp-content\\\/uploads\\\/2022\\\/02\\\/kampovanje-Predsednistva-zabrane-istrazivanja-rudarenja-litijuma-bora.jpg?wsr\",\"keywords\":[\"Kreni-promeni\",\"litijum\",\"Projekat Jadar\",\"protesti\",\"Rio Tinto\",\"Savez ekolo\u0161kih organizacija Srbije\",\"\u017eivotna sredina\"],\"articleSection\":[\"\u017divotna sredina\"],\"inLanguage\":\"sr-RS\",\"potentialAction\":[{\"@type\":\"CommentAction\",\"name\":\"Comment\",\"target\":[\"https:\\\/\\\/balkangreenenergynews.com\\\/rs\\\/od-veceras-kampovanje-ispred-predsednistva-do-zabrane-istrazivanja-i-rudarenja-litijuma-i-bora\\\/#respond\"]}]},{\"@type\":\"WebPage\",\"@id\":\"https:\\\/\\\/balkangreenenergynews.com\\\/rs\\\/od-veceras-kampovanje-ispred-predsednistva-do-zabrane-istrazivanja-i-rudarenja-litijuma-i-bora\\\/\",\"url\":\"https:\\\/\\\/balkangreenenergynews.com\\\/rs\\\/od-veceras-kampovanje-ispred-predsednistva-do-zabrane-istrazivanja-i-rudarenja-litijuma-i-bora\\\/\",\"name\":\"Od ve\u010deras kampovanje ispred Predsedni\u0161tva do zabrane istra\u017eivanja i rudarenja litijuma i bora\",\"isPartOf\":{\"@id\":\"https:\\\/\\\/balkangreenenergynews.com\\\/rs\\\/#website\"},\"primaryImageOfPage\":{\"@id\":\"https:\\\/\\\/balkangreenenergynews.com\\\/rs\\\/od-veceras-kampovanje-ispred-predsednistva-do-zabrane-istrazivanja-i-rudarenja-litijuma-i-bora\\\/#primaryimage\"},\"image\":{\"@id\":\"https:\\\/\\\/balkangreenenergynews.com\\\/rs\\\/od-veceras-kampovanje-ispred-predsednistva-do-zabrane-istrazivanja-i-rudarenja-litijuma-i-bora\\\/#primaryimage\"},\"thumbnailUrl\":\"https:\\\/\\\/balkangreenenergynews.com\\\/rs\\\/wp-content\\\/uploads\\\/2022\\\/02\\\/kampovanje-Predsednistva-zabrane-istrazivanja-rudarenja-litijuma-bora.jpg?wsr\",\"datePublished\":\"2022-02-10T11:12:34+00:00\",\"dateModified\":\"2024-11-04T10:42:20+00:00\",\"author\":{\"@id\":\"https:\\\/\\\/balkangreenenergynews.com\\\/rs\\\/#\\\/schema\\\/person\\\/d8f80a244c4e9f2b55e4f6968c253246\"},\"description\":\"Vlada bi mogla da zabrani istra\u017eivanje i eksploataciju ruda litijuma i bora u roku od 24 sata, izjavio je Savo Manojlovi\u0107.\",\"breadcrumb\":{\"@id\":\"https:\\\/\\\/balkangreenenergynews.com\\\/rs\\\/od-veceras-kampovanje-ispred-predsednistva-do-zabrane-istrazivanja-i-rudarenja-litijuma-i-bora\\\/#breadcrumb\"},\"inLanguage\":\"sr-RS\",\"potentialAction\":[{\"@type\":\"ReadAction\",\"target\":[\"https:\\\/\\\/balkangreenenergynews.com\\\/rs\\\/od-veceras-kampovanje-ispred-predsednistva-do-zabrane-istrazivanja-i-rudarenja-litijuma-i-bora\\\/\"]}]},{\"@type\":\"ImageObject\",\"inLanguage\":\"sr-RS\",\"@id\":\"https:\\\/\\\/balkangreenenergynews.com\\\/rs\\\/od-veceras-kampovanje-ispred-predsednistva-do-zabrane-istrazivanja-i-rudarenja-litijuma-i-bora\\\/#primaryimage\",\"url\":\"https:\\\/\\\/balkangreenenergynews.com\\\/rs\\\/wp-content\\\/uploads\\\/2022\\\/02\\\/kampovanje-Predsednistva-zabrane-istrazivanja-rudarenja-litijuma-bora.jpg?wsr\",\"contentUrl\":\"https:\\\/\\\/balkangreenenergynews.com\\\/rs\\\/wp-content\\\/uploads\\\/2022\\\/02\\\/kampovanje-Predsednistva-zabrane-istrazivanja-rudarenja-litijuma-bora.jpg?wsr\",\"width\":840,\"height\":430,\"caption\":\"kampovanje Predsednistva zabrane istrazivanja rudarenja litijuma bora\"},{\"@type\":\"BreadcrumbList\",\"@id\":\"https:\\\/\\\/balkangreenenergynews.com\\\/rs\\\/od-veceras-kampovanje-ispred-predsednistva-do-zabrane-istrazivanja-i-rudarenja-litijuma-i-bora\\\/#breadcrumb\",\"itemListElement\":[{\"@type\":\"ListItem\",\"position\":1,\"name\":\"Po\u010detna\",\"item\":\"https:\\\/\\\/balkangreenenergynews.com\\\/rs\\\/\"},{\"@type\":\"ListItem\",\"position\":2,\"name\":\"Vesti\",\"item\":\"https:\\\/\\\/balkangreenenergynews.com\\\/rs\\\/kategorija\\\/vesti\\\/\"},{\"@type\":\"ListItem\",\"position\":3,\"name\":\"\u017divotna sredina\",\"item\":\"https:\\\/\\\/balkangreenenergynews.com\\\/rs\\\/kategorija\\\/vesti\\\/zivotna-sredina\\\/\"},{\"@type\":\"ListItem\",\"position\":4,\"name\":\"Od ve\u010deras kampovanje ispred Predsedni\u0161tva do zabrane istra\u017eivanja i rudarenja litijuma i bora\"}]},{\"@type\":\"WebSite\",\"@id\":\"https:\\\/\\\/balkangreenenergynews.com\\\/rs\\\/#website\",\"url\":\"https:\\\/\\\/balkangreenenergynews.com\\\/rs\\\/\",\"name\":\"Balkan Green Energy News\",\"description\":\"Naj\u0161iri izbor vesti sa Balkana o zelenoj energiji\",\"potentialAction\":[{\"@type\":\"SearchAction\",\"target\":{\"@type\":\"EntryPoint\",\"urlTemplate\":\"https:\\\/\\\/balkangreenenergynews.com\\\/rs\\\/?s={search_term_string}\"},\"query-input\":{\"@type\":\"PropertyValueSpecification\",\"valueRequired\":true,\"valueName\":\"search_term_string\"}}],\"inLanguage\":\"sr-RS\"},{\"@type\":\"Person\",\"@id\":\"https:\\\/\\\/balkangreenenergynews.com\\\/rs\\\/#\\\/schema\\\/person\\\/d8f80a244c4e9f2b55e4f6968c253246\",\"name\":\"Igor Todorovi\u0107\",\"url\":\"https:\\\/\\\/balkangreenenergynews.com\\\/rs\\\/author\\\/igor-todorovic\\\/\"}]}<\/script>\n<!-- \/ Yoast SEO plugin. -->","yoast_head_json":{"title":"Od ve\u010deras kampovanje ispred Predsedni\u0161tva do zabrane istra\u017eivanja i rudarenja litijuma i bora","description":"Vlada bi mogla da zabrani istra\u017eivanje i eksploataciju ruda litijuma i bora u roku od 24 sata, izjavio je Savo Manojlovi\u0107.","robots":{"index":"index","follow":"follow","max-snippet":"max-snippet:-1","max-image-preview":"max-image-preview:large","max-video-preview":"max-video-preview:-1"},"canonical":"https:\/\/balkangreenenergynews.com\/rs\/od-veceras-kampovanje-ispred-predsednistva-do-zabrane-istrazivanja-i-rudarenja-litijuma-i-bora\/","og_locale":"sr_RS","og_type":"article","og_title":"Od ve\u010deras kampovanje ispred Predsedni\u0161tva do zabrane istra\u017eivanja i rudarenja litijuma i bora","og_description":"Vlada bi mogla da zabrani istra\u017eivanje i eksploataciju ruda litijuma i bora u roku od 24 sata, izjavio je Savo Manojlovi\u0107.","og_url":"https:\/\/balkangreenenergynews.com\/rs\/od-veceras-kampovanje-ispred-predsednistva-do-zabrane-istrazivanja-i-rudarenja-litijuma-i-bora\/","og_site_name":"Balkan Green Energy News","article_published_time":"2022-02-10T11:12:34+00:00","article_modified_time":"2024-11-04T10:42:20+00:00","og_image":[{"width":840,"height":430,"url":"https:\/\/balkangreenenergynews.com\/rs\/wp-content\/uploads\/2022\/02\/kampovanje-Predsednistva-zabrane-istrazivanja-rudarenja-litijuma-bora.jpg","type":"image\/jpeg"}],"author":"Igor Todorovi\u0107","twitter_card":"summary_large_image","twitter_misc":{"\u041d\u0430\u043f\u0438\u0441\u0430\u043d\u043e \u043e\u0434":"Igor Todorovi\u0107","\u041f\u0440\u043e\u0446\u0435\u045a\u0435\u043d\u043e \u0432\u0440\u0435\u043c\u0435 \u0447\u0438\u0442\u0430\u045a\u0430":"3 \u043c\u0438\u043d\u0443\u0442\u0430"},"schema":{"@context":"https:\/\/schema.org","@graph":[{"@type":"Article","@id":"https:\/\/balkangreenenergynews.com\/rs\/od-veceras-kampovanje-ispred-predsednistva-do-zabrane-istrazivanja-i-rudarenja-litijuma-i-bora\/#article","isPartOf":{"@id":"https:\/\/balkangreenenergynews.com\/rs\/od-veceras-kampovanje-ispred-predsednistva-do-zabrane-istrazivanja-i-rudarenja-litijuma-i-bora\/"},"author":{"name":"Igor Todorovi\u0107","@id":"https:\/\/balkangreenenergynews.com\/rs\/#\/schema\/person\/d8f80a244c4e9f2b55e4f6968c253246"},"headline":"Od ve\u010deras kampovanje ispred Predsedni\u0161tva do zabrane istra\u017eivanja i rudarenja litijuma i bora","datePublished":"2022-02-10T11:12:34+00:00","dateModified":"2024-11-04T10:42:20+00:00","mainEntityOfPage":{"@id":"https:\/\/balkangreenenergynews.com\/rs\/od-veceras-kampovanje-ispred-predsednistva-do-zabrane-istrazivanja-i-rudarenja-litijuma-i-bora\/"},"wordCount":502,"commentCount":0,"image":{"@id":"https:\/\/balkangreenenergynews.com\/rs\/od-veceras-kampovanje-ispred-predsednistva-do-zabrane-istrazivanja-i-rudarenja-litijuma-i-bora\/#primaryimage"},"thumbnailUrl":"https:\/\/balkangreenenergynews.com\/rs\/wp-content\/uploads\/2022\/02\/kampovanje-Predsednistva-zabrane-istrazivanja-rudarenja-litijuma-bora.jpg?wsr","keywords":["Kreni-promeni","litijum","Projekat Jadar","protesti","Rio Tinto","Savez ekolo\u0161kih organizacija Srbije","\u017eivotna sredina"],"articleSection":["\u017divotna sredina"],"inLanguage":"sr-RS","potentialAction":[{"@type":"CommentAction","name":"Comment","target":["https:\/\/balkangreenenergynews.com\/rs\/od-veceras-kampovanje-ispred-predsednistva-do-zabrane-istrazivanja-i-rudarenja-litijuma-i-bora\/#respond"]}]},{"@type":"WebPage","@id":"https:\/\/balkangreenenergynews.com\/rs\/od-veceras-kampovanje-ispred-predsednistva-do-zabrane-istrazivanja-i-rudarenja-litijuma-i-bora\/","url":"https:\/\/balkangreenenergynews.com\/rs\/od-veceras-kampovanje-ispred-predsednistva-do-zabrane-istrazivanja-i-rudarenja-litijuma-i-bora\/","name":"Od ve\u010deras kampovanje ispred Predsedni\u0161tva do zabrane istra\u017eivanja i rudarenja litijuma i bora","isPartOf":{"@id":"https:\/\/balkangreenenergynews.com\/rs\/#website"},"primaryImageOfPage":{"@id":"https:\/\/balkangreenenergynews.com\/rs\/od-veceras-kampovanje-ispred-predsednistva-do-zabrane-istrazivanja-i-rudarenja-litijuma-i-bora\/#primaryimage"},"image":{"@id":"https:\/\/balkangreenenergynews.com\/rs\/od-veceras-kampovanje-ispred-predsednistva-do-zabrane-istrazivanja-i-rudarenja-litijuma-i-bora\/#primaryimage"},"thumbnailUrl":"https:\/\/balkangreenenergynews.com\/rs\/wp-content\/uploads\/2022\/02\/kampovanje-Predsednistva-zabrane-istrazivanja-rudarenja-litijuma-bora.jpg?wsr","datePublished":"2022-02-10T11:12:34+00:00","dateModified":"2024-11-04T10:42:20+00:00","author":{"@id":"https:\/\/balkangreenenergynews.com\/rs\/#\/schema\/person\/d8f80a244c4e9f2b55e4f6968c253246"},"description":"Vlada bi mogla da zabrani istra\u017eivanje i eksploataciju ruda litijuma i bora u roku od 24 sata, izjavio je Savo Manojlovi\u0107.","breadcrumb":{"@id":"https:\/\/balkangreenenergynews.com\/rs\/od-veceras-kampovanje-ispred-predsednistva-do-zabrane-istrazivanja-i-rudarenja-litijuma-i-bora\/#breadcrumb"},"inLanguage":"sr-RS","potentialAction":[{"@type":"ReadAction","target":["https:\/\/balkangreenenergynews.com\/rs\/od-veceras-kampovanje-ispred-predsednistva-do-zabrane-istrazivanja-i-rudarenja-litijuma-i-bora\/"]}]},{"@type":"ImageObject","inLanguage":"sr-RS","@id":"https:\/\/balkangreenenergynews.com\/rs\/od-veceras-kampovanje-ispred-predsednistva-do-zabrane-istrazivanja-i-rudarenja-litijuma-i-bora\/#primaryimage","url":"https:\/\/balkangreenenergynews.com\/rs\/wp-content\/uploads\/2022\/02\/kampovanje-Predsednistva-zabrane-istrazivanja-rudarenja-litijuma-bora.jpg?wsr","contentUrl":"https:\/\/balkangreenenergynews.com\/rs\/wp-content\/uploads\/2022\/02\/kampovanje-Predsednistva-zabrane-istrazivanja-rudarenja-litijuma-bora.jpg?wsr","width":840,"height":430,"caption":"kampovanje Predsednistva zabrane istrazivanja rudarenja litijuma bora"},{"@type":"BreadcrumbList","@id":"https:\/\/balkangreenenergynews.com\/rs\/od-veceras-kampovanje-ispred-predsednistva-do-zabrane-istrazivanja-i-rudarenja-litijuma-i-bora\/#breadcrumb","itemListElement":[{"@type":"ListItem","position":1,"name":"Po\u010detna","item":"https:\/\/balkangreenenergynews.com\/rs\/"},{"@type":"ListItem","position":2,"name":"Vesti","item":"https:\/\/balkangreenenergynews.com\/rs\/kategorija\/vesti\/"},{"@type":"ListItem","position":3,"name":"\u017divotna sredina","item":"https:\/\/balkangreenenergynews.com\/rs\/kategorija\/vesti\/zivotna-sredina\/"},{"@type":"ListItem","position":4,"name":"Od ve\u010deras kampovanje ispred Predsedni\u0161tva do zabrane istra\u017eivanja i rudarenja litijuma i bora"}]},{"@type":"WebSite","@id":"https:\/\/balkangreenenergynews.com\/rs\/#website","url":"https:\/\/balkangreenenergynews.com\/rs\/","name":"Balkan Green Energy News","description":"Naj\u0161iri izbor vesti sa Balkana o zelenoj energiji","potentialAction":[{"@type":"SearchAction","target":{"@type":"EntryPoint","urlTemplate":"https:\/\/balkangreenenergynews.com\/rs\/?s={search_term_string}"},"query-input":{"@type":"PropertyValueSpecification","valueRequired":true,"valueName":"search_term_string"}}],"inLanguage":"sr-RS"},{"@type":"Person","@id":"https:\/\/balkangreenenergynews.com\/rs\/#\/schema\/person\/d8f80a244c4e9f2b55e4f6968c253246","name":"Igor Todorovi\u0107","url":"https:\/\/balkangreenenergynews.com\/rs\/author\/igor-todorovic\/"}]}},"_links":{"self":[{"href":"https:\/\/balkangreenenergynews.com\/rs\/wp-json\/wp\/v2\/posts\/46048","targetHints":{"allow":["GET"]}}],"collection":[{"href":"https:\/\/balkangreenenergynews.com\/rs\/wp-json\/wp\/v2\/posts"}],"about":[{"href":"https:\/\/balkangreenenergynews.com\/rs\/wp-json\/wp\/v2\/types\/post"}],"author":[{"embeddable":true,"href":"https:\/\/balkangreenenergynews.com\/rs\/wp-json\/wp\/v2\/users\/27"}],"replies":[{"embeddable":true,"href":"https:\/\/balkangreenenergynews.com\/rs\/wp-json\/wp\/v2\/comments?post=46048"}],"version-history":[{"count":0,"href":"https:\/\/balkangreenenergynews.com\/rs\/wp-json\/wp\/v2\/posts\/46048\/revisions"}],"wp:featuredmedia":[{"embeddable":true,"href":"https:\/\/balkangreenenergynews.com\/rs\/wp-json\/wp\/v2\/media\/46050"}],"wp:attachment":[{"href":"https:\/\/balkangreenenergynews.com\/rs\/wp-json\/wp\/v2\/media?parent=46048"}],"wp:term":[{"taxonomy":"category","embeddable":true,"href":"https:\/\/balkangreenenergynews.com\/rs\/wp-json\/wp\/v2\/categories?post=46048"},{"taxonomy":"post_tag","embeddable":true,"href":"https:\/\/balkangreenenergynews.com\/rs\/wp-json\/wp\/v2\/tags?post=46048"}],"curies":[{"name":"wp","href":"https:\/\/api.w.org\/{rel}","templated":true}]}}