{"id":45832,"date":"2022-02-03T20:32:09","date_gmt":"2022-02-03T19:32:09","guid":{"rendered":"https:\/\/balkangreenenergynews.com\/rs\/?p=45832"},"modified":"2024-06-17T13:43:01","modified_gmt":"2024-06-17T11:43:01","slug":"demonstranti-ce-kampovati-ispred-predsednistva-dok-se-ne-donese-odluka-o-zabrani-istrazivanja-i-eksploatacije-litijuma-i-bora","status":"publish","type":"post","link":"https:\/\/balkangreenenergynews.com\/rs\/demonstranti-ce-kampovati-ispred-predsednistva-dok-se-ne-donese-odluka-o-zabrani-istrazivanja-i-eksploatacije-litijuma-i-bora\/","title":{"rendered":"Demonstranti \u0107e kampovati ispred Predsedni\u0161tva dok se ne donese odluka o zabrani istra\u017eivanja i eksploatacije litijuma i bora"},"content":{"rendered":"<h2>Srbija nije na prodaju, poru\u010dili su aktivisti za za\u0161titu \u017eivotne sredine na protestu u Beogradu i najavili da \u0107e od slede\u0107eg \u010detvrtka kampovati na tom mestu dok Narodna skup\u0161tina ne usvoji zabranu istra\u017eivanja i iskopavanja ruda litijuma i bora.<\/h2>\n<p><a href=\"https:\/\/balkangreenenergynews.com\/rs\/kreni-promeni-trazimo-zabranu-svih-istrazivanja-litijuma-i-bora-u-srbiji\/\">Ispred zgrade Predsedni\u0161tva Srbije<\/a> u Beogradu odr\u017ean je jo\u0161 jedan u nizu protesta protiv istra\u017eivanja rezervi litijuma i bora i projekata njihove eksploatacije. Skup su, nakon usagla\u0161avanja stavova, ponovo zajedno organizovali inicijativa Kreni-promeni i Savez ekolo\u0161kih organizacija Srbije (SEOS).<\/p>\n<p>Naime, Kreni-promeni je odustao od blokada saobra\u0107aja kada su vlasti u Srbiji u decembru ispunile zahteve vezane za dva sporna zakona, i odlu\u010dio je da se institucionalnim putem bori za moratorijum od dvadeset godina. Sada su se obe organizacije <a href=\"https:\/\/balkangreenenergynews.com\/rs\/seos-i-kreni-promeni-dogovorili-jedan-zajednicki-zahtev-zabrana-istrazivanja-i-iskopavanja-litijuma-i-bora-na-teritoriji-srbije\/\">slo\u017eile<\/a> oko jedinstvenog zahteva: da se u Srbiji <a href=\"https:\/\/balkangreenenergynews.com\/rs\/udruzeni-seos-i-kreni-promeni-pozivaju-na-protest-ispred-predsednistva-u-19h\/\">trajno zabrani istra\u017eivanje i iskopavanje litijuma i bora.<\/a><\/p>\n<p>Grupa od \u010detrdeset akademika, profesora i nau\u010dnika je pred protest objavila otvoreno pismo Narodnoj skup\u0161tini u kojem poziva na uvo\u0111enje navedene zabrane pre nego \u0161to parlament bude raspu\u0161ten zbog predstoje\u0107ih op\u0161tih izbora. Me\u0111u potpisnicima je <a href=\"https:\/\/balkangreenenergynews.com\/rs\/hiljade-ekoloskih-ustanika-trazilo-da-se-poniste-sve-obaveze-srbije-ka-rio-tintu\/\">Nenad Kosti\u0107,<\/a> kao i <a href=\"https:\/\/balkangreenenergynews.com\/rs\/akademik-stevanovic-sanu-nepovratne-posledice-u-slucaju-izgradnje-rudnika-litijuma\/\">Vladimir Stevanovi\u0107,<\/a> Dragana \u0110or\u0111evi\u0107, <a href=\"https:\/\/balkangreenenergynews.com\/rs\/kada-kazes-klimatske-promene-mislis-na\/\">Vladimir \u0110ur\u0111evi\u0107<\/a> i <a href=\"https:\/\/balkangreenenergynews.com\/rs\/gradjani-srbije-treci-put-blokirali-puteve-i-traze-zabranu-istrazivanja-i-rudarenja-litijuma\/\">Ratko Risti\u0107.<\/a><\/p>\n<blockquote class=\"twitter-tweet\" data-width=\"500\" data-dnt=\"true\">\n<p lang=\"und\" dir=\"ltr\">Beograd sada \u2764 Branimo pravo na zdrav zivot! Branimo Srbiju od nesavesnih ! <a href=\"https:\/\/twitter.com\/hashtag\/EvropskamrezaSrbije?src=hash&amp;ref_src=twsrc%5Etfw\">#EvropskamrezaSrbije<\/a> <a href=\"https:\/\/twitter.com\/hashtag\/Krenipromeni?src=hash&amp;ref_src=twsrc%5Etfw\">#Krenipromeni<\/a> <a href=\"https:\/\/twitter.com\/hashtag\/SEOS?src=hash&amp;ref_src=twsrc%5Etfw\">#SEOS<\/a> <a href=\"https:\/\/twitter.com\/hashtag\/Snagazajednistva?src=hash&amp;ref_src=twsrc%5Etfw\">#Snagazajednistva<\/a> <a href=\"https:\/\/t.co\/zypgEL61cv\">pic.twitter.com\/zypgEL61cv<\/a><\/p>\n<p>&mdash; Evropska mre\u017ea Srbije (@ESrbije) <a href=\"https:\/\/twitter.com\/ESrbije\/status\/1489319120621518849?ref_src=twsrc%5Etfw\">February 3, 2022<\/a><\/p><\/blockquote>\n<p><script async src=\"https:\/\/platform.twitter.com\/widgets.js\" charset=\"utf-8\"><\/script><\/p>\n<h3>U Srbiji je danas \u010dast biti zabranjen<\/h3>\n<p>Savo Manojlovi\u0107 iz kampanje Kreni-promeni je rekao da je policija zabranila skup, ali da je &#8222;danas u Srbiji \u010dast biti zabranjen.&#8220; On je najavio da \u0107e, ukoliko Narodna skup\u0161tina ne usvoji zakon o zabrani pre raspu\u0161tanja, aktivisti dr\u017eati proteste i skupljati potpise \u0161irom Srbije.<\/p>\n<blockquote><p>Manojlovi\u0107: Ono \u0161to va\u017ei za Jadar, va\u017ei\u0107e i za Valjevo i celu Srbiju<\/p><\/blockquote>\n<p>&#8222;Ko god do\u0111e na vlast posle izbora, nikada vi\u0161e ne\u0107e mo\u0107i da radi \u0161ta ho\u0107e&#8220;, izjavio je Manojlovi\u0107. Po njegovim re\u010dima, ekolo\u0161ke organizacije su proteklih meseci organizovale blokadu auto-puteva da bi odbranile ustav. &#8222;Ono \u0161to va\u017ei za Jadar, va\u017ei\u0107e i za Valjevo i celu Srbiju. Ono \u0161to va\u017ei za Rio Tinto, va\u017ei\u0107e za sve kompanije&#8220;, dodao je.<\/p>\n<p>Manojlovi\u0107 je kazao da je policija ju\u010de pred protest u Valjevu obavestila organizatore da \u0107e snimati i fotografisati u\u010desnike i prokomentarisao da se po zakonu to mo\u017ee raditi samo ukoliko postoji opasnost po zdravlje gra\u0111ana i imovinu. &#8222;Prava adresa je Andri\u0107ev venac, ali ne kada traju protesti. Prava adresa je unutra. Tada snimajte. To su skupovi gde nastaje \u0161teta po Srbiju. Idite u Nemanjinu kada potpisuju ugovore i dogovaraju se sa Rio Tintom. Tada nastaje \u0161teta po zdravlje gra\u0111ana i imovinu&#8220;, poru\u010dio je.<\/p>\n<blockquote class=\"twitter-tweet\" data-width=\"500\" data-dnt=\"true\">\n<p lang=\"und\" dir=\"ltr\">Nagradno pitanje: koliko ljudi seta od Predsednistva do Vlade Srbije u ovom trenutku? ? <a href=\"https:\/\/t.co\/ie2xVY9Zin\">pic.twitter.com\/ie2xVY9Zin<\/a><\/p>\n<p>&mdash; Maja Vukas (@M2aja) <a href=\"https:\/\/twitter.com\/M2aja\/status\/1489316271262998534?ref_src=twsrc%5Etfw\">February 3, 2022<\/a><\/p><\/blockquote>\n<p><script async src=\"https:\/\/platform.twitter.com\/widgets.js\" charset=\"utf-8\"><\/script><\/p>\n<h3>Istra\u017eivanjima ve\u0107 naneta velika \u0161teta<\/h3>\n<p><a href=\"https:\/\/balkangreenenergynews.com\/rs\/rudnik-jadarita-ce-srbiji-doneti-vise-stete-nego-koristi\/\">Dragana \u0110or\u0111evi\u0107<\/a> iz Instituta za hemiju, tehnologiju i metalurgiju kazala je da je istra\u017eivanjima ve\u0107 nanesena velika \u0161teta zdravlju i \u017eivotnoj sredini i istakla da rudarenje podrazumeva <a href=\"https:\/\/balkangreenenergynews.com\/rs\/kreni-promeni-dao-rok-vladi-srbije-da-do-20-januara-ukine-prostorni-plan-za-rudnik-litijuma\/\">jalovi\u0161ta i curenje toksi\u010dnih materija.<\/a><\/p>\n<p><a href=\"https:\/\/balkangreenenergynews.com\/rs\/ekoloski-aktivisti-nije-gotovo-dok-se-u-celoj-srbiji-ne-zabrani-rudarenje-litijuma-bora\/\">Zlatko Kokanovi\u0107<\/a> iz udru\u017eenja Ne damo Jadar pozvao je &#8222;celu Srbiju&#8220;, uklju\u010duju\u0107i ekolo\u0161ke organizacije i politi\u010dke partije, da slede\u0107eg \u010detvrtka do\u0111e na isto mesto. Aktivisti i aktivistkinje \u0107e tu kampovati sve dok ne bude usvojen zakon o trajnoj zabrani istra\u017eivanja i eksploatacije litijuma i bora, naglasio je.<\/p>\n<p>&#8222;Rio Tinto i dan-danas kupuje parcele u dolini Jadra. Danas su tipovi u pratnji policije i\u0161li u polje da obilaze bu\u0161otine. Ako je zavr\u0161eno s Rio Tintom i stavljena ta\u010dka, \u0161ta dalje tra\u017ee u Loznici i dolini Jadra?&#8220; pita Kokanovi\u0107.<\/p>\n<p>Demonstranti su se zatim pro\u0161etali do Vlade Srbije, gde je skup zavr\u0161en.<\/p>\n","protected":false},"excerpt":{"rendered":"<p>Aktivisti iz Kreni-promeni i SEOS-a najavili su da \u0107e od slede\u0107eg \u010detvrtka kampovati ispred Predsedni\u0161tva sve do zabrane istra\u017eivanja i iskopavanja litijuma i bora<\/p>\n","protected":false},"author":27,"featured_media":45838,"comment_status":"open","ping_status":"open","sticky":false,"template":"","format":"standard","meta":{"_acf_changed":false,"_monsterinsights_skip_tracking":false,"_monsterinsights_sitenote_active":false,"_monsterinsights_sitenote_note":"","_monsterinsights_sitenote_category":0,"footnotes":""},"categories":[4],"tags":[6216,2899,7071,5161,5921],"class_list":["post-45832","post","type-post","status-publish","format-standard","has-post-thumbnail","hentry","category-zivotna-sredina","tag-kreni-promeni","tag-litijum","tag-projekat-jadar","tag-rio-tinto","tag-zivotna-sredina","country-srbija"],"acf":[],"yoast_head":"<!-- This site is optimized with the Yoast SEO plugin v27.4 - https:\/\/yoast.com\/product\/yoast-seo-wordpress\/ -->\n<title>Demonstranti \u0107e kampovati ispred Predsedni\u0161tva dok se ne donese odluka o zabrani istra\u017eivanja i eksploatacije litijuma i bora<\/title>\n<meta name=\"description\" content=\"Aktivisti iz Kreni-promeni i SEOS-a najavili su da \u0107e od slede\u0107eg \u010detvrtka kampovati ispred Predsedni\u0161tva sve do zabrane istra\u017eivanja i iskopavanja litijuma i bora.\" \/>\n<meta name=\"robots\" content=\"index, follow, max-snippet:-1, max-image-preview:large, max-video-preview:-1\" \/>\n<link rel=\"canonical\" href=\"https:\/\/balkangreenenergynews.com\/rs\/demonstranti-ce-kampovati-ispred-predsednistva-dok-se-ne-donese-odluka-o-zabrani-istrazivanja-i-eksploatacije-litijuma-i-bora\/\" \/>\n<meta property=\"og:locale\" content=\"sr_RS\" \/>\n<meta property=\"og:type\" content=\"article\" \/>\n<meta property=\"og:title\" content=\"Demonstranti \u0107e kampovati ispred Predsedni\u0161tva dok se ne donese odluka o zabrani istra\u017eivanja i eksploatacije litijuma i bora\" \/>\n<meta property=\"og:description\" content=\"Aktivisti iz Kreni-promeni i SEOS-a najavili su da \u0107e od slede\u0107eg \u010detvrtka kampovati ispred Predsedni\u0161tva sve do zabrane istra\u017eivanja i iskopavanja litijuma i bora.\" \/>\n<meta property=\"og:url\" content=\"https:\/\/balkangreenenergynews.com\/rs\/demonstranti-ce-kampovati-ispred-predsednistva-dok-se-ne-donese-odluka-o-zabrani-istrazivanja-i-eksploatacije-litijuma-i-bora\/\" \/>\n<meta property=\"og:site_name\" content=\"Balkan Green Energy News\" \/>\n<meta property=\"article:published_time\" content=\"2022-02-03T19:32:09+00:00\" \/>\n<meta property=\"article:modified_time\" content=\"2024-06-17T11:43:01+00:00\" \/>\n<meta property=\"og:image\" content=\"https:\/\/balkangreenenergynews.com\/rs\/wp-content\/uploads\/2022\/02\/Demonstranti-ce-kampovati-Predsednistva-zabrane-za-litijum-i-bor.jpg\" \/>\n\t<meta property=\"og:image:width\" content=\"840\" \/>\n\t<meta property=\"og:image:height\" content=\"430\" \/>\n\t<meta property=\"og:image:type\" content=\"image\/jpeg\" \/>\n<meta name=\"author\" content=\"Igor Todorovi\u0107\" \/>\n<meta name=\"twitter:card\" content=\"summary_large_image\" \/>\n<meta name=\"twitter:label1\" content=\"\u041d\u0430\u043f\u0438\u0441\u0430\u043d\u043e \u043e\u0434\" \/>\n\t<meta name=\"twitter:data1\" content=\"Igor Todorovi\u0107\" \/>\n\t<meta name=\"twitter:label2\" content=\"\u041f\u0440\u043e\u0446\u0435\u045a\u0435\u043d\u043e \u0432\u0440\u0435\u043c\u0435 \u0447\u0438\u0442\u0430\u045a\u0430\" \/>\n\t<meta name=\"twitter:data2\" content=\"3 \u043c\u0438\u043d\u0443\u0442\u0430\" \/>\n<script type=\"application\/ld+json\" class=\"yoast-schema-graph\">{\"@context\":\"https:\\\/\\\/schema.org\",\"@graph\":[{\"@type\":\"Article\",\"@id\":\"https:\\\/\\\/balkangreenenergynews.com\\\/rs\\\/demonstranti-ce-kampovati-ispred-predsednistva-dok-se-ne-donese-odluka-o-zabrani-istrazivanja-i-eksploatacije-litijuma-i-bora\\\/#article\",\"isPartOf\":{\"@id\":\"https:\\\/\\\/balkangreenenergynews.com\\\/rs\\\/demonstranti-ce-kampovati-ispred-predsednistva-dok-se-ne-donese-odluka-o-zabrani-istrazivanja-i-eksploatacije-litijuma-i-bora\\\/\"},\"author\":{\"name\":\"Igor Todorovi\u0107\",\"@id\":\"https:\\\/\\\/balkangreenenergynews.com\\\/rs\\\/#\\\/schema\\\/person\\\/d8f80a244c4e9f2b55e4f6968c253246\"},\"headline\":\"Demonstranti \u0107e kampovati ispred Predsedni\u0161tva dok se ne donese odluka o zabrani istra\u017eivanja i eksploatacije litijuma i bora\",\"datePublished\":\"2022-02-03T19:32:09+00:00\",\"dateModified\":\"2024-06-17T11:43:01+00:00\",\"mainEntityOfPage\":{\"@id\":\"https:\\\/\\\/balkangreenenergynews.com\\\/rs\\\/demonstranti-ce-kampovati-ispred-predsednistva-dok-se-ne-donese-odluka-o-zabrani-istrazivanja-i-eksploatacije-litijuma-i-bora\\\/\"},\"wordCount\":621,\"commentCount\":1,\"image\":{\"@id\":\"https:\\\/\\\/balkangreenenergynews.com\\\/rs\\\/demonstranti-ce-kampovati-ispred-predsednistva-dok-se-ne-donese-odluka-o-zabrani-istrazivanja-i-eksploatacije-litijuma-i-bora\\\/#primaryimage\"},\"thumbnailUrl\":\"https:\\\/\\\/balkangreenenergynews.com\\\/rs\\\/wp-content\\\/uploads\\\/2022\\\/02\\\/Demonstranti-ce-kampovati-Predsednistva-zabrane-za-litijum-i-bor.jpg?wsr\",\"keywords\":[\"Kreni-promeni\",\"litijum\",\"Projekat Jadar\",\"Rio Tinto\",\"\u017eivotna sredina\"],\"articleSection\":[\"\u017divotna sredina\"],\"inLanguage\":\"sr-RS\",\"potentialAction\":[{\"@type\":\"CommentAction\",\"name\":\"Comment\",\"target\":[\"https:\\\/\\\/balkangreenenergynews.com\\\/rs\\\/demonstranti-ce-kampovati-ispred-predsednistva-dok-se-ne-donese-odluka-o-zabrani-istrazivanja-i-eksploatacije-litijuma-i-bora\\\/#respond\"]}]},{\"@type\":\"WebPage\",\"@id\":\"https:\\\/\\\/balkangreenenergynews.com\\\/rs\\\/demonstranti-ce-kampovati-ispred-predsednistva-dok-se-ne-donese-odluka-o-zabrani-istrazivanja-i-eksploatacije-litijuma-i-bora\\\/\",\"url\":\"https:\\\/\\\/balkangreenenergynews.com\\\/rs\\\/demonstranti-ce-kampovati-ispred-predsednistva-dok-se-ne-donese-odluka-o-zabrani-istrazivanja-i-eksploatacije-litijuma-i-bora\\\/\",\"name\":\"Demonstranti \u0107e kampovati ispred Predsedni\u0161tva dok se ne donese odluka o zabrani istra\u017eivanja i eksploatacije litijuma i bora\",\"isPartOf\":{\"@id\":\"https:\\\/\\\/balkangreenenergynews.com\\\/rs\\\/#website\"},\"primaryImageOfPage\":{\"@id\":\"https:\\\/\\\/balkangreenenergynews.com\\\/rs\\\/demonstranti-ce-kampovati-ispred-predsednistva-dok-se-ne-donese-odluka-o-zabrani-istrazivanja-i-eksploatacije-litijuma-i-bora\\\/#primaryimage\"},\"image\":{\"@id\":\"https:\\\/\\\/balkangreenenergynews.com\\\/rs\\\/demonstranti-ce-kampovati-ispred-predsednistva-dok-se-ne-donese-odluka-o-zabrani-istrazivanja-i-eksploatacije-litijuma-i-bora\\\/#primaryimage\"},\"thumbnailUrl\":\"https:\\\/\\\/balkangreenenergynews.com\\\/rs\\\/wp-content\\\/uploads\\\/2022\\\/02\\\/Demonstranti-ce-kampovati-Predsednistva-zabrane-za-litijum-i-bor.jpg?wsr\",\"datePublished\":\"2022-02-03T19:32:09+00:00\",\"dateModified\":\"2024-06-17T11:43:01+00:00\",\"author\":{\"@id\":\"https:\\\/\\\/balkangreenenergynews.com\\\/rs\\\/#\\\/schema\\\/person\\\/d8f80a244c4e9f2b55e4f6968c253246\"},\"description\":\"Aktivisti iz Kreni-promeni i SEOS-a najavili su da \u0107e od slede\u0107eg \u010detvrtka kampovati ispred Predsedni\u0161tva sve do zabrane istra\u017eivanja i iskopavanja litijuma i bora.\",\"breadcrumb\":{\"@id\":\"https:\\\/\\\/balkangreenenergynews.com\\\/rs\\\/demonstranti-ce-kampovati-ispred-predsednistva-dok-se-ne-donese-odluka-o-zabrani-istrazivanja-i-eksploatacije-litijuma-i-bora\\\/#breadcrumb\"},\"inLanguage\":\"sr-RS\",\"potentialAction\":[{\"@type\":\"ReadAction\",\"target\":[\"https:\\\/\\\/balkangreenenergynews.com\\\/rs\\\/demonstranti-ce-kampovati-ispred-predsednistva-dok-se-ne-donese-odluka-o-zabrani-istrazivanja-i-eksploatacije-litijuma-i-bora\\\/\"]}]},{\"@type\":\"ImageObject\",\"inLanguage\":\"sr-RS\",\"@id\":\"https:\\\/\\\/balkangreenenergynews.com\\\/rs\\\/demonstranti-ce-kampovati-ispred-predsednistva-dok-se-ne-donese-odluka-o-zabrani-istrazivanja-i-eksploatacije-litijuma-i-bora\\\/#primaryimage\",\"url\":\"https:\\\/\\\/balkangreenenergynews.com\\\/rs\\\/wp-content\\\/uploads\\\/2022\\\/02\\\/Demonstranti-ce-kampovati-Predsednistva-zabrane-za-litijum-i-bor.jpg?wsr\",\"contentUrl\":\"https:\\\/\\\/balkangreenenergynews.com\\\/rs\\\/wp-content\\\/uploads\\\/2022\\\/02\\\/Demonstranti-ce-kampovati-Predsednistva-zabrane-za-litijum-i-bor.jpg?wsr\",\"width\":840,\"height\":430,\"caption\":\"Demonstranti ce kampovati Predsednistva zabrane za litijum i bor\"},{\"@type\":\"BreadcrumbList\",\"@id\":\"https:\\\/\\\/balkangreenenergynews.com\\\/rs\\\/demonstranti-ce-kampovati-ispred-predsednistva-dok-se-ne-donese-odluka-o-zabrani-istrazivanja-i-eksploatacije-litijuma-i-bora\\\/#breadcrumb\",\"itemListElement\":[{\"@type\":\"ListItem\",\"position\":1,\"name\":\"Po\u010detna\",\"item\":\"https:\\\/\\\/balkangreenenergynews.com\\\/rs\\\/\"},{\"@type\":\"ListItem\",\"position\":2,\"name\":\"Vesti\",\"item\":\"https:\\\/\\\/balkangreenenergynews.com\\\/rs\\\/kategorija\\\/vesti\\\/\"},{\"@type\":\"ListItem\",\"position\":3,\"name\":\"\u017divotna sredina\",\"item\":\"https:\\\/\\\/balkangreenenergynews.com\\\/rs\\\/kategorija\\\/vesti\\\/zivotna-sredina\\\/\"},{\"@type\":\"ListItem\",\"position\":4,\"name\":\"Demonstranti \u0107e kampovati ispred Predsedni\u0161tva dok se ne donese odluka o zabrani istra\u017eivanja i eksploatacije litijuma i bora\"}]},{\"@type\":\"WebSite\",\"@id\":\"https:\\\/\\\/balkangreenenergynews.com\\\/rs\\\/#website\",\"url\":\"https:\\\/\\\/balkangreenenergynews.com\\\/rs\\\/\",\"name\":\"Balkan Green Energy News\",\"description\":\"Naj\u0161iri izbor vesti sa Balkana o zelenoj energiji\",\"potentialAction\":[{\"@type\":\"SearchAction\",\"target\":{\"@type\":\"EntryPoint\",\"urlTemplate\":\"https:\\\/\\\/balkangreenenergynews.com\\\/rs\\\/?s={search_term_string}\"},\"query-input\":{\"@type\":\"PropertyValueSpecification\",\"valueRequired\":true,\"valueName\":\"search_term_string\"}}],\"inLanguage\":\"sr-RS\"},{\"@type\":\"Person\",\"@id\":\"https:\\\/\\\/balkangreenenergynews.com\\\/rs\\\/#\\\/schema\\\/person\\\/d8f80a244c4e9f2b55e4f6968c253246\",\"name\":\"Igor Todorovi\u0107\",\"url\":\"https:\\\/\\\/balkangreenenergynews.com\\\/rs\\\/author\\\/igor-todorovic\\\/\"}]}<\/script>\n<!-- \/ Yoast SEO plugin. -->","yoast_head_json":{"title":"Demonstranti \u0107e kampovati ispred Predsedni\u0161tva dok se ne donese odluka o zabrani istra\u017eivanja i eksploatacije litijuma i bora","description":"Aktivisti iz Kreni-promeni i SEOS-a najavili su da \u0107e od slede\u0107eg \u010detvrtka kampovati ispred Predsedni\u0161tva sve do zabrane istra\u017eivanja i iskopavanja litijuma i bora.","robots":{"index":"index","follow":"follow","max-snippet":"max-snippet:-1","max-image-preview":"max-image-preview:large","max-video-preview":"max-video-preview:-1"},"canonical":"https:\/\/balkangreenenergynews.com\/rs\/demonstranti-ce-kampovati-ispred-predsednistva-dok-se-ne-donese-odluka-o-zabrani-istrazivanja-i-eksploatacije-litijuma-i-bora\/","og_locale":"sr_RS","og_type":"article","og_title":"Demonstranti \u0107e kampovati ispred Predsedni\u0161tva dok se ne donese odluka o zabrani istra\u017eivanja i eksploatacije litijuma i bora","og_description":"Aktivisti iz Kreni-promeni i SEOS-a najavili su da \u0107e od slede\u0107eg \u010detvrtka kampovati ispred Predsedni\u0161tva sve do zabrane istra\u017eivanja i iskopavanja litijuma i bora.","og_url":"https:\/\/balkangreenenergynews.com\/rs\/demonstranti-ce-kampovati-ispred-predsednistva-dok-se-ne-donese-odluka-o-zabrani-istrazivanja-i-eksploatacije-litijuma-i-bora\/","og_site_name":"Balkan Green Energy News","article_published_time":"2022-02-03T19:32:09+00:00","article_modified_time":"2024-06-17T11:43:01+00:00","og_image":[{"width":840,"height":430,"url":"https:\/\/balkangreenenergynews.com\/rs\/wp-content\/uploads\/2022\/02\/Demonstranti-ce-kampovati-Predsednistva-zabrane-za-litijum-i-bor.jpg","type":"image\/jpeg"}],"author":"Igor Todorovi\u0107","twitter_card":"summary_large_image","twitter_misc":{"\u041d\u0430\u043f\u0438\u0441\u0430\u043d\u043e \u043e\u0434":"Igor Todorovi\u0107","\u041f\u0440\u043e\u0446\u0435\u045a\u0435\u043d\u043e \u0432\u0440\u0435\u043c\u0435 \u0447\u0438\u0442\u0430\u045a\u0430":"3 \u043c\u0438\u043d\u0443\u0442\u0430"},"schema":{"@context":"https:\/\/schema.org","@graph":[{"@type":"Article","@id":"https:\/\/balkangreenenergynews.com\/rs\/demonstranti-ce-kampovati-ispred-predsednistva-dok-se-ne-donese-odluka-o-zabrani-istrazivanja-i-eksploatacije-litijuma-i-bora\/#article","isPartOf":{"@id":"https:\/\/balkangreenenergynews.com\/rs\/demonstranti-ce-kampovati-ispred-predsednistva-dok-se-ne-donese-odluka-o-zabrani-istrazivanja-i-eksploatacije-litijuma-i-bora\/"},"author":{"name":"Igor Todorovi\u0107","@id":"https:\/\/balkangreenenergynews.com\/rs\/#\/schema\/person\/d8f80a244c4e9f2b55e4f6968c253246"},"headline":"Demonstranti \u0107e kampovati ispred Predsedni\u0161tva dok se ne donese odluka o zabrani istra\u017eivanja i eksploatacije litijuma i bora","datePublished":"2022-02-03T19:32:09+00:00","dateModified":"2024-06-17T11:43:01+00:00","mainEntityOfPage":{"@id":"https:\/\/balkangreenenergynews.com\/rs\/demonstranti-ce-kampovati-ispred-predsednistva-dok-se-ne-donese-odluka-o-zabrani-istrazivanja-i-eksploatacije-litijuma-i-bora\/"},"wordCount":621,"commentCount":1,"image":{"@id":"https:\/\/balkangreenenergynews.com\/rs\/demonstranti-ce-kampovati-ispred-predsednistva-dok-se-ne-donese-odluka-o-zabrani-istrazivanja-i-eksploatacije-litijuma-i-bora\/#primaryimage"},"thumbnailUrl":"https:\/\/balkangreenenergynews.com\/rs\/wp-content\/uploads\/2022\/02\/Demonstranti-ce-kampovati-Predsednistva-zabrane-za-litijum-i-bor.jpg?wsr","keywords":["Kreni-promeni","litijum","Projekat Jadar","Rio Tinto","\u017eivotna sredina"],"articleSection":["\u017divotna sredina"],"inLanguage":"sr-RS","potentialAction":[{"@type":"CommentAction","name":"Comment","target":["https:\/\/balkangreenenergynews.com\/rs\/demonstranti-ce-kampovati-ispred-predsednistva-dok-se-ne-donese-odluka-o-zabrani-istrazivanja-i-eksploatacije-litijuma-i-bora\/#respond"]}]},{"@type":"WebPage","@id":"https:\/\/balkangreenenergynews.com\/rs\/demonstranti-ce-kampovati-ispred-predsednistva-dok-se-ne-donese-odluka-o-zabrani-istrazivanja-i-eksploatacije-litijuma-i-bora\/","url":"https:\/\/balkangreenenergynews.com\/rs\/demonstranti-ce-kampovati-ispred-predsednistva-dok-se-ne-donese-odluka-o-zabrani-istrazivanja-i-eksploatacije-litijuma-i-bora\/","name":"Demonstranti \u0107e kampovati ispred Predsedni\u0161tva dok se ne donese odluka o zabrani istra\u017eivanja i eksploatacije litijuma i bora","isPartOf":{"@id":"https:\/\/balkangreenenergynews.com\/rs\/#website"},"primaryImageOfPage":{"@id":"https:\/\/balkangreenenergynews.com\/rs\/demonstranti-ce-kampovati-ispred-predsednistva-dok-se-ne-donese-odluka-o-zabrani-istrazivanja-i-eksploatacije-litijuma-i-bora\/#primaryimage"},"image":{"@id":"https:\/\/balkangreenenergynews.com\/rs\/demonstranti-ce-kampovati-ispred-predsednistva-dok-se-ne-donese-odluka-o-zabrani-istrazivanja-i-eksploatacije-litijuma-i-bora\/#primaryimage"},"thumbnailUrl":"https:\/\/balkangreenenergynews.com\/rs\/wp-content\/uploads\/2022\/02\/Demonstranti-ce-kampovati-Predsednistva-zabrane-za-litijum-i-bor.jpg?wsr","datePublished":"2022-02-03T19:32:09+00:00","dateModified":"2024-06-17T11:43:01+00:00","author":{"@id":"https:\/\/balkangreenenergynews.com\/rs\/#\/schema\/person\/d8f80a244c4e9f2b55e4f6968c253246"},"description":"Aktivisti iz Kreni-promeni i SEOS-a najavili su da \u0107e od slede\u0107eg \u010detvrtka kampovati ispred Predsedni\u0161tva sve do zabrane istra\u017eivanja i iskopavanja litijuma i bora.","breadcrumb":{"@id":"https:\/\/balkangreenenergynews.com\/rs\/demonstranti-ce-kampovati-ispred-predsednistva-dok-se-ne-donese-odluka-o-zabrani-istrazivanja-i-eksploatacije-litijuma-i-bora\/#breadcrumb"},"inLanguage":"sr-RS","potentialAction":[{"@type":"ReadAction","target":["https:\/\/balkangreenenergynews.com\/rs\/demonstranti-ce-kampovati-ispred-predsednistva-dok-se-ne-donese-odluka-o-zabrani-istrazivanja-i-eksploatacije-litijuma-i-bora\/"]}]},{"@type":"ImageObject","inLanguage":"sr-RS","@id":"https:\/\/balkangreenenergynews.com\/rs\/demonstranti-ce-kampovati-ispred-predsednistva-dok-se-ne-donese-odluka-o-zabrani-istrazivanja-i-eksploatacije-litijuma-i-bora\/#primaryimage","url":"https:\/\/balkangreenenergynews.com\/rs\/wp-content\/uploads\/2022\/02\/Demonstranti-ce-kampovati-Predsednistva-zabrane-za-litijum-i-bor.jpg?wsr","contentUrl":"https:\/\/balkangreenenergynews.com\/rs\/wp-content\/uploads\/2022\/02\/Demonstranti-ce-kampovati-Predsednistva-zabrane-za-litijum-i-bor.jpg?wsr","width":840,"height":430,"caption":"Demonstranti ce kampovati Predsednistva zabrane za litijum i bor"},{"@type":"BreadcrumbList","@id":"https:\/\/balkangreenenergynews.com\/rs\/demonstranti-ce-kampovati-ispred-predsednistva-dok-se-ne-donese-odluka-o-zabrani-istrazivanja-i-eksploatacije-litijuma-i-bora\/#breadcrumb","itemListElement":[{"@type":"ListItem","position":1,"name":"Po\u010detna","item":"https:\/\/balkangreenenergynews.com\/rs\/"},{"@type":"ListItem","position":2,"name":"Vesti","item":"https:\/\/balkangreenenergynews.com\/rs\/kategorija\/vesti\/"},{"@type":"ListItem","position":3,"name":"\u017divotna sredina","item":"https:\/\/balkangreenenergynews.com\/rs\/kategorija\/vesti\/zivotna-sredina\/"},{"@type":"ListItem","position":4,"name":"Demonstranti \u0107e kampovati ispred Predsedni\u0161tva dok se ne donese odluka o zabrani istra\u017eivanja i eksploatacije litijuma i bora"}]},{"@type":"WebSite","@id":"https:\/\/balkangreenenergynews.com\/rs\/#website","url":"https:\/\/balkangreenenergynews.com\/rs\/","name":"Balkan Green Energy News","description":"Naj\u0161iri izbor vesti sa Balkana o zelenoj energiji","potentialAction":[{"@type":"SearchAction","target":{"@type":"EntryPoint","urlTemplate":"https:\/\/balkangreenenergynews.com\/rs\/?s={search_term_string}"},"query-input":{"@type":"PropertyValueSpecification","valueRequired":true,"valueName":"search_term_string"}}],"inLanguage":"sr-RS"},{"@type":"Person","@id":"https:\/\/balkangreenenergynews.com\/rs\/#\/schema\/person\/d8f80a244c4e9f2b55e4f6968c253246","name":"Igor Todorovi\u0107","url":"https:\/\/balkangreenenergynews.com\/rs\/author\/igor-todorovic\/"}]}},"_links":{"self":[{"href":"https:\/\/balkangreenenergynews.com\/rs\/wp-json\/wp\/v2\/posts\/45832","targetHints":{"allow":["GET"]}}],"collection":[{"href":"https:\/\/balkangreenenergynews.com\/rs\/wp-json\/wp\/v2\/posts"}],"about":[{"href":"https:\/\/balkangreenenergynews.com\/rs\/wp-json\/wp\/v2\/types\/post"}],"author":[{"embeddable":true,"href":"https:\/\/balkangreenenergynews.com\/rs\/wp-json\/wp\/v2\/users\/27"}],"replies":[{"embeddable":true,"href":"https:\/\/balkangreenenergynews.com\/rs\/wp-json\/wp\/v2\/comments?post=45832"}],"version-history":[{"count":0,"href":"https:\/\/balkangreenenergynews.com\/rs\/wp-json\/wp\/v2\/posts\/45832\/revisions"}],"wp:featuredmedia":[{"embeddable":true,"href":"https:\/\/balkangreenenergynews.com\/rs\/wp-json\/wp\/v2\/media\/45838"}],"wp:attachment":[{"href":"https:\/\/balkangreenenergynews.com\/rs\/wp-json\/wp\/v2\/media?parent=45832"}],"wp:term":[{"taxonomy":"category","embeddable":true,"href":"https:\/\/balkangreenenergynews.com\/rs\/wp-json\/wp\/v2\/categories?post=45832"},{"taxonomy":"post_tag","embeddable":true,"href":"https:\/\/balkangreenenergynews.com\/rs\/wp-json\/wp\/v2\/tags?post=45832"}],"curies":[{"name":"wp","href":"https:\/\/api.w.org\/{rel}","templated":true}]}}