{"id":45756,"date":"2022-02-02T15:56:37","date_gmt":"2022-02-02T14:56:37","guid":{"rendered":"https:\/\/balkangreenenergynews.com\/rs\/?p=45756"},"modified":"2024-06-17T13:43:11","modified_gmt":"2024-06-17T11:43:11","slug":"seos-i-kreni-promeni-dogovorili-jedan-zajednicki-zahtev-zabrana-istrazivanja-i-iskopavanja-litijuma-i-bora-na-teritoriji-srbije","status":"publish","type":"post","link":"https:\/\/balkangreenenergynews.com\/rs\/seos-i-kreni-promeni-dogovorili-jedan-zajednicki-zahtev-zabrana-istrazivanja-i-iskopavanja-litijuma-i-bora-na-teritoriji-srbije\/","title":{"rendered":"SEOS i Kreni-promeni dogovorili jedan zajedni\u010dki zahtev: zabrana istra\u017eivanja i iskopavanja litijuma i bora na teritoriji Srbije"},"content":{"rendered":"<h2>Savez ekolo\u0161kih organizacija Srbije (SEOS), Kreni-promeni, kao i druge organizacije \u0161irom Srbije, dogovorile su se da stanu iza jednog zahteva: zabrana istra\u017eivanja i iskopavanja litijuma i bora na teritoriji Srbije. Dogovoreni su, kako su saop\u0161tili Kreni-promeni i SEOS, i zajedni\u010dki protesti koji \u0107e biti radikalizovani do raspu\u0161tanja Narodne skup\u0161tine zbog najavljenih izbora.<\/h2>\n<p>&#8222;Do\u0111ite sutra ispred Predsedni\u0161tva u Beogradu u 19 sati, gde \u0107emo sa me\u0161tanima najaviti naredne korake i radikalizaciju! Hajde da se zajedno izborimo da Srbija bude bolje mesto za \u017eivot i da glasno poru\u010dimo da Srbija nije na prodaju!&#8220;, poru\u010dile su organizacije, i dodale da se danas u 19 sati odr\u017eava protest u Valjevu.<\/p>\n<blockquote><p>Uva\u017een je stav me\u0161tana da moratorijum na najmanje 20 godina nije dobro re\u0161enje<\/p><\/blockquote>\n<p>\u200bKampanja <a href=\"https:\/\/balkangreenenergynews.com\/rs\/kreni-promeni-trazimo-zabranu-svih-istrazivanja-litijuma-i-bora-u-srbiji\/\">Kreni-Promeni<\/a> i SEOS su saop\u0161tili da je uva\u017een stav me\u0161tana da moratorijum na samo 20 godina izaziva zebnju i nesigurnost, kao i da \u0107e se ljudi seliti, a investitori zaobilaziti navedene krajeve i zato se tra\u017ei trajna zabrana. Ina\u010de, Kreni-Promeni je tra\u017eila moratorijum na 20 godina, a ostale ekolo\u0161ke organizacije moratorijum bez ograni\u010denja.<\/p>\n<p>&#8222;Cilj nam je svima isti &#8211; \u017eelimo zdravo okru\u017eenje, \u010distu vodu, \u010dist vazduh i zdravu zemlju koja nas hrani. \u017delimo da ljudi u Jadru i drugim ugro\u017eenim mestima mogu bezbedno da \u017eive u svojim domovima, sa svojim porodicama i da njihova deca ne strepe za svoju budu\u0107nost&#8220;, navodi se u saop\u0161tenju.\u200b<\/p>\n<blockquote><p>Cilj nam je svima isti &#8211; zdravo okru\u017eenje, \u010dista voda, \u010dist vazduh i zdrava zemlja<\/p><\/blockquote>\n<p>Organizacije tra\u017ee da vlast uva\u017ei argumente vode\u0107ih srpskih nau\u010dnika koji jasno ukazuju da je iskopavanje bora i litijuma ekolo\u0161ki neodr\u017eivo, kao i da poslu\u0161a sopstveni narod.\u00a0 Ukoliko je vlast zaista oterala Rio Tinto, isti zakonski tretman i zabrana, kako se dodaje, mora va\u017eiti i za ostale kompanije i za druge delove Srbije.<\/p>\n<p>&#8222;Ako ovde stanemo i Rio Tinto zameni neka druga kompanija, kao \u0161to je Euro Litijum koji sada radi sve to isto u Valjevu, mi smo zaustavili katastrofu, ali ona \u0107e vrebati pod drugim likom iza svakog \u0107o\u0161ka. Hajde da izborimo jo\u0161 za ovo, pa da me\u0161tani kona\u010dno mogu da mirno spavaju i vrate se svojim \u017eivotima. Sigurna sam da ste svi ve\u0107 umorni, ali nema stajanja dok ovo ne zaokru\u017eimo!&#8220;, poru\u010dila je Marina Pavli\u0107 iz Kreni-promeni.<\/p>\n<p>Kreni-promeni poru\u010duje da bez gra\u0111ana ne bi bilo mogu\u0107e posti\u0107i velike uspehe, kao \u0161to je povla\u010denje Zakona o eksproprijaciji, izmena Zakona o referendumu i narodnoj inicijativi, kao i Prostornog plana Loznice. Time je, kako se navodi, Rio Tinto spre\u010den da nastavi sa zapo\u010detim radovima i izvojevana pobeda, pre svega, zahvaljuju\u0107i jedinstvu gra\u0111ana i borbi za ispravne vrednosti.\u200b<\/p>\n","protected":false},"excerpt":{"rendered":"<p>Ekolo\u0161ke organizacije i Kreni-promeni pozivaju gra\u0111ane na protest sutra ispred Predsedni\u0161tva u Beogradu u 19 sati, gde \u0107e saop\u0161titi naredne akcije<\/p>\n","protected":false},"author":23,"featured_media":45761,"comment_status":"open","ping_status":"open","sticky":false,"template":"","format":"standard","meta":{"_acf_changed":false,"_monsterinsights_skip_tracking":false,"_monsterinsights_sitenote_active":false,"_monsterinsights_sitenote_note":"","_monsterinsights_sitenote_category":0,"footnotes":""},"categories":[4],"tags":[6216,2899,7071,5161,6228],"class_list":["post-45756","post","type-post","status-publish","format-standard","has-post-thumbnail","hentry","category-zivotna-sredina","tag-kreni-promeni","tag-litijum","tag-projekat-jadar","tag-rio-tinto","tag-savez-ekoloskih-organizacija-srbije","country-srbija"],"acf":[],"yoast_head":"<!-- This site is optimized with the Yoast SEO plugin v27.4 - https:\/\/yoast.com\/product\/yoast-seo-wordpress\/ -->\n<title>SEOS i Kreni-promeni dogovorili jedan zajedni\u010dki zahtev: zabrana istra\u017eivanja i iskopavanja litijuma i bora na teritoriji Srbije<\/title>\n<meta name=\"description\" content=\"Ekolo\u0161ke organizacije i Kreni-promeni pozivaju gra\u0111ane na protest sutra ispred Predsedni\u0161tva u Beogradu u 19 sati\" \/>\n<meta name=\"robots\" content=\"index, follow, max-snippet:-1, max-image-preview:large, max-video-preview:-1\" \/>\n<link rel=\"canonical\" href=\"https:\/\/balkangreenenergynews.com\/rs\/seos-i-kreni-promeni-dogovorili-jedan-zajednicki-zahtev-zabrana-istrazivanja-i-iskopavanja-litijuma-i-bora-na-teritoriji-srbije\/\" \/>\n<meta property=\"og:locale\" content=\"sr_RS\" \/>\n<meta property=\"og:type\" content=\"article\" \/>\n<meta property=\"og:title\" content=\"SEOS i Kreni-promeni dogovorili jedan zajedni\u010dki zahtev: zabrana istra\u017eivanja i iskopavanja litijuma i bora na teritoriji Srbije\" \/>\n<meta property=\"og:description\" content=\"Ekolo\u0161ke organizacije i Kreni-promeni pozivaju gra\u0111ane na protest sutra ispred Predsedni\u0161tva u Beogradu u 19 sati\" \/>\n<meta property=\"og:url\" content=\"https:\/\/balkangreenenergynews.com\/rs\/seos-i-kreni-promeni-dogovorili-jedan-zajednicki-zahtev-zabrana-istrazivanja-i-iskopavanja-litijuma-i-bora-na-teritoriji-srbije\/\" \/>\n<meta property=\"og:site_name\" content=\"Balkan Green Energy News\" \/>\n<meta property=\"article:published_time\" content=\"2022-02-02T14:56:37+00:00\" \/>\n<meta property=\"article:modified_time\" content=\"2024-06-17T11:43:11+00:00\" \/>\n<meta property=\"og:image\" content=\"https:\/\/balkangreenenergynews.com\/rs\/wp-content\/uploads\/2022\/02\/seos-kreni-promeni-ujedinjenje-zahtev-rio-tinto-litijum.jpg\" \/>\n\t<meta property=\"og:image:width\" content=\"840\" \/>\n\t<meta property=\"og:image:height\" content=\"430\" \/>\n\t<meta property=\"og:image:type\" content=\"image\/jpeg\" \/>\n<meta name=\"author\" content=\"Vladimir Spasi\u0107\" \/>\n<meta name=\"twitter:card\" content=\"summary_large_image\" \/>\n<meta name=\"twitter:label1\" content=\"\u041d\u0430\u043f\u0438\u0441\u0430\u043d\u043e \u043e\u0434\" \/>\n\t<meta name=\"twitter:data1\" content=\"Vladimir Spasi\u0107\" \/>\n\t<meta name=\"twitter:label2\" content=\"\u041f\u0440\u043e\u0446\u0435\u045a\u0435\u043d\u043e \u0432\u0440\u0435\u043c\u0435 \u0447\u0438\u0442\u0430\u045a\u0430\" \/>\n\t<meta name=\"twitter:data2\" content=\"3 \u043c\u0438\u043d\u0443\u0442\u0430\" \/>\n<script type=\"application\/ld+json\" class=\"yoast-schema-graph\">{\"@context\":\"https:\\\/\\\/schema.org\",\"@graph\":[{\"@type\":\"Article\",\"@id\":\"https:\\\/\\\/balkangreenenergynews.com\\\/rs\\\/seos-i-kreni-promeni-dogovorili-jedan-zajednicki-zahtev-zabrana-istrazivanja-i-iskopavanja-litijuma-i-bora-na-teritoriji-srbije\\\/#article\",\"isPartOf\":{\"@id\":\"https:\\\/\\\/balkangreenenergynews.com\\\/rs\\\/seos-i-kreni-promeni-dogovorili-jedan-zajednicki-zahtev-zabrana-istrazivanja-i-iskopavanja-litijuma-i-bora-na-teritoriji-srbije\\\/\"},\"author\":{\"name\":\"Vladimir Spasi\u0107\",\"@id\":\"https:\\\/\\\/balkangreenenergynews.com\\\/rs\\\/#\\\/schema\\\/person\\\/99dc721c46113fea22caffad06ef7317\"},\"headline\":\"SEOS i Kreni-promeni dogovorili jedan zajedni\u010dki zahtev: zabrana istra\u017eivanja i iskopavanja litijuma i bora na teritoriji Srbije\",\"datePublished\":\"2022-02-02T14:56:37+00:00\",\"dateModified\":\"2024-06-17T11:43:11+00:00\",\"mainEntityOfPage\":{\"@id\":\"https:\\\/\\\/balkangreenenergynews.com\\\/rs\\\/seos-i-kreni-promeni-dogovorili-jedan-zajednicki-zahtev-zabrana-istrazivanja-i-iskopavanja-litijuma-i-bora-na-teritoriji-srbije\\\/\"},\"wordCount\":488,\"commentCount\":0,\"image\":{\"@id\":\"https:\\\/\\\/balkangreenenergynews.com\\\/rs\\\/seos-i-kreni-promeni-dogovorili-jedan-zajednicki-zahtev-zabrana-istrazivanja-i-iskopavanja-litijuma-i-bora-na-teritoriji-srbije\\\/#primaryimage\"},\"thumbnailUrl\":\"https:\\\/\\\/balkangreenenergynews.com\\\/rs\\\/wp-content\\\/uploads\\\/2022\\\/02\\\/seos-kreni-promeni-ujedinjenje-zahtev-rio-tinto-litijum.jpg?wsr\",\"keywords\":[\"Kreni-promeni\",\"litijum\",\"Projekat Jadar\",\"Rio Tinto\",\"Savez ekolo\u0161kih organizacija Srbije\"],\"articleSection\":[\"\u017divotna sredina\"],\"inLanguage\":\"sr-RS\",\"potentialAction\":[{\"@type\":\"CommentAction\",\"name\":\"Comment\",\"target\":[\"https:\\\/\\\/balkangreenenergynews.com\\\/rs\\\/seos-i-kreni-promeni-dogovorili-jedan-zajednicki-zahtev-zabrana-istrazivanja-i-iskopavanja-litijuma-i-bora-na-teritoriji-srbije\\\/#respond\"]}]},{\"@type\":\"WebPage\",\"@id\":\"https:\\\/\\\/balkangreenenergynews.com\\\/rs\\\/seos-i-kreni-promeni-dogovorili-jedan-zajednicki-zahtev-zabrana-istrazivanja-i-iskopavanja-litijuma-i-bora-na-teritoriji-srbije\\\/\",\"url\":\"https:\\\/\\\/balkangreenenergynews.com\\\/rs\\\/seos-i-kreni-promeni-dogovorili-jedan-zajednicki-zahtev-zabrana-istrazivanja-i-iskopavanja-litijuma-i-bora-na-teritoriji-srbije\\\/\",\"name\":\"SEOS i Kreni-promeni dogovorili jedan zajedni\u010dki zahtev: zabrana istra\u017eivanja i iskopavanja litijuma i bora na teritoriji Srbije\",\"isPartOf\":{\"@id\":\"https:\\\/\\\/balkangreenenergynews.com\\\/rs\\\/#website\"},\"primaryImageOfPage\":{\"@id\":\"https:\\\/\\\/balkangreenenergynews.com\\\/rs\\\/seos-i-kreni-promeni-dogovorili-jedan-zajednicki-zahtev-zabrana-istrazivanja-i-iskopavanja-litijuma-i-bora-na-teritoriji-srbije\\\/#primaryimage\"},\"image\":{\"@id\":\"https:\\\/\\\/balkangreenenergynews.com\\\/rs\\\/seos-i-kreni-promeni-dogovorili-jedan-zajednicki-zahtev-zabrana-istrazivanja-i-iskopavanja-litijuma-i-bora-na-teritoriji-srbije\\\/#primaryimage\"},\"thumbnailUrl\":\"https:\\\/\\\/balkangreenenergynews.com\\\/rs\\\/wp-content\\\/uploads\\\/2022\\\/02\\\/seos-kreni-promeni-ujedinjenje-zahtev-rio-tinto-litijum.jpg?wsr\",\"datePublished\":\"2022-02-02T14:56:37+00:00\",\"dateModified\":\"2024-06-17T11:43:11+00:00\",\"author\":{\"@id\":\"https:\\\/\\\/balkangreenenergynews.com\\\/rs\\\/#\\\/schema\\\/person\\\/99dc721c46113fea22caffad06ef7317\"},\"description\":\"Ekolo\u0161ke organizacije i Kreni-promeni pozivaju gra\u0111ane na protest sutra ispred Predsedni\u0161tva u Beogradu u 19 sati\",\"breadcrumb\":{\"@id\":\"https:\\\/\\\/balkangreenenergynews.com\\\/rs\\\/seos-i-kreni-promeni-dogovorili-jedan-zajednicki-zahtev-zabrana-istrazivanja-i-iskopavanja-litijuma-i-bora-na-teritoriji-srbije\\\/#breadcrumb\"},\"inLanguage\":\"sr-RS\",\"potentialAction\":[{\"@type\":\"ReadAction\",\"target\":[\"https:\\\/\\\/balkangreenenergynews.com\\\/rs\\\/seos-i-kreni-promeni-dogovorili-jedan-zajednicki-zahtev-zabrana-istrazivanja-i-iskopavanja-litijuma-i-bora-na-teritoriji-srbije\\\/\"]}]},{\"@type\":\"ImageObject\",\"inLanguage\":\"sr-RS\",\"@id\":\"https:\\\/\\\/balkangreenenergynews.com\\\/rs\\\/seos-i-kreni-promeni-dogovorili-jedan-zajednicki-zahtev-zabrana-istrazivanja-i-iskopavanja-litijuma-i-bora-na-teritoriji-srbije\\\/#primaryimage\",\"url\":\"https:\\\/\\\/balkangreenenergynews.com\\\/rs\\\/wp-content\\\/uploads\\\/2022\\\/02\\\/seos-kreni-promeni-ujedinjenje-zahtev-rio-tinto-litijum.jpg?wsr\",\"contentUrl\":\"https:\\\/\\\/balkangreenenergynews.com\\\/rs\\\/wp-content\\\/uploads\\\/2022\\\/02\\\/seos-kreni-promeni-ujedinjenje-zahtev-rio-tinto-litijum.jpg?wsr\",\"width\":840,\"height\":430,\"caption\":\"seos kreni promeni ujedinjenje zahtev rio tinto litijum\"},{\"@type\":\"BreadcrumbList\",\"@id\":\"https:\\\/\\\/balkangreenenergynews.com\\\/rs\\\/seos-i-kreni-promeni-dogovorili-jedan-zajednicki-zahtev-zabrana-istrazivanja-i-iskopavanja-litijuma-i-bora-na-teritoriji-srbije\\\/#breadcrumb\",\"itemListElement\":[{\"@type\":\"ListItem\",\"position\":1,\"name\":\"Po\u010detna\",\"item\":\"https:\\\/\\\/balkangreenenergynews.com\\\/rs\\\/\"},{\"@type\":\"ListItem\",\"position\":2,\"name\":\"Vesti\",\"item\":\"https:\\\/\\\/balkangreenenergynews.com\\\/rs\\\/kategorija\\\/vesti\\\/\"},{\"@type\":\"ListItem\",\"position\":3,\"name\":\"\u017divotna sredina\",\"item\":\"https:\\\/\\\/balkangreenenergynews.com\\\/rs\\\/kategorija\\\/vesti\\\/zivotna-sredina\\\/\"},{\"@type\":\"ListItem\",\"position\":4,\"name\":\"SEOS i Kreni-promeni dogovorili jedan zajedni\u010dki zahtev: zabrana istra\u017eivanja i iskopavanja litijuma i bora na teritoriji Srbije\"}]},{\"@type\":\"WebSite\",\"@id\":\"https:\\\/\\\/balkangreenenergynews.com\\\/rs\\\/#website\",\"url\":\"https:\\\/\\\/balkangreenenergynews.com\\\/rs\\\/\",\"name\":\"Balkan Green Energy News\",\"description\":\"Naj\u0161iri izbor vesti sa Balkana o zelenoj energiji\",\"potentialAction\":[{\"@type\":\"SearchAction\",\"target\":{\"@type\":\"EntryPoint\",\"urlTemplate\":\"https:\\\/\\\/balkangreenenergynews.com\\\/rs\\\/?s={search_term_string}\"},\"query-input\":{\"@type\":\"PropertyValueSpecification\",\"valueRequired\":true,\"valueName\":\"search_term_string\"}}],\"inLanguage\":\"sr-RS\"},{\"@type\":\"Person\",\"@id\":\"https:\\\/\\\/balkangreenenergynews.com\\\/rs\\\/#\\\/schema\\\/person\\\/99dc721c46113fea22caffad06ef7317\",\"name\":\"Vladimir Spasi\u0107\",\"url\":\"https:\\\/\\\/balkangreenenergynews.com\\\/rs\\\/author\\\/vladimir-spasic\\\/\"}]}<\/script>\n<!-- \/ Yoast SEO plugin. -->","yoast_head_json":{"title":"SEOS i Kreni-promeni dogovorili jedan zajedni\u010dki zahtev: zabrana istra\u017eivanja i iskopavanja litijuma i bora na teritoriji Srbije","description":"Ekolo\u0161ke organizacije i Kreni-promeni pozivaju gra\u0111ane na protest sutra ispred Predsedni\u0161tva u Beogradu u 19 sati","robots":{"index":"index","follow":"follow","max-snippet":"max-snippet:-1","max-image-preview":"max-image-preview:large","max-video-preview":"max-video-preview:-1"},"canonical":"https:\/\/balkangreenenergynews.com\/rs\/seos-i-kreni-promeni-dogovorili-jedan-zajednicki-zahtev-zabrana-istrazivanja-i-iskopavanja-litijuma-i-bora-na-teritoriji-srbije\/","og_locale":"sr_RS","og_type":"article","og_title":"SEOS i Kreni-promeni dogovorili jedan zajedni\u010dki zahtev: zabrana istra\u017eivanja i iskopavanja litijuma i bora na teritoriji Srbije","og_description":"Ekolo\u0161ke organizacije i Kreni-promeni pozivaju gra\u0111ane na protest sutra ispred Predsedni\u0161tva u Beogradu u 19 sati","og_url":"https:\/\/balkangreenenergynews.com\/rs\/seos-i-kreni-promeni-dogovorili-jedan-zajednicki-zahtev-zabrana-istrazivanja-i-iskopavanja-litijuma-i-bora-na-teritoriji-srbije\/","og_site_name":"Balkan Green Energy News","article_published_time":"2022-02-02T14:56:37+00:00","article_modified_time":"2024-06-17T11:43:11+00:00","og_image":[{"width":840,"height":430,"url":"https:\/\/balkangreenenergynews.com\/rs\/wp-content\/uploads\/2022\/02\/seos-kreni-promeni-ujedinjenje-zahtev-rio-tinto-litijum.jpg","type":"image\/jpeg"}],"author":"Vladimir Spasi\u0107","twitter_card":"summary_large_image","twitter_misc":{"\u041d\u0430\u043f\u0438\u0441\u0430\u043d\u043e \u043e\u0434":"Vladimir Spasi\u0107","\u041f\u0440\u043e\u0446\u0435\u045a\u0435\u043d\u043e \u0432\u0440\u0435\u043c\u0435 \u0447\u0438\u0442\u0430\u045a\u0430":"3 \u043c\u0438\u043d\u0443\u0442\u0430"},"schema":{"@context":"https:\/\/schema.org","@graph":[{"@type":"Article","@id":"https:\/\/balkangreenenergynews.com\/rs\/seos-i-kreni-promeni-dogovorili-jedan-zajednicki-zahtev-zabrana-istrazivanja-i-iskopavanja-litijuma-i-bora-na-teritoriji-srbije\/#article","isPartOf":{"@id":"https:\/\/balkangreenenergynews.com\/rs\/seos-i-kreni-promeni-dogovorili-jedan-zajednicki-zahtev-zabrana-istrazivanja-i-iskopavanja-litijuma-i-bora-na-teritoriji-srbije\/"},"author":{"name":"Vladimir Spasi\u0107","@id":"https:\/\/balkangreenenergynews.com\/rs\/#\/schema\/person\/99dc721c46113fea22caffad06ef7317"},"headline":"SEOS i Kreni-promeni dogovorili jedan zajedni\u010dki zahtev: zabrana istra\u017eivanja i iskopavanja litijuma i bora na teritoriji Srbije","datePublished":"2022-02-02T14:56:37+00:00","dateModified":"2024-06-17T11:43:11+00:00","mainEntityOfPage":{"@id":"https:\/\/balkangreenenergynews.com\/rs\/seos-i-kreni-promeni-dogovorili-jedan-zajednicki-zahtev-zabrana-istrazivanja-i-iskopavanja-litijuma-i-bora-na-teritoriji-srbije\/"},"wordCount":488,"commentCount":0,"image":{"@id":"https:\/\/balkangreenenergynews.com\/rs\/seos-i-kreni-promeni-dogovorili-jedan-zajednicki-zahtev-zabrana-istrazivanja-i-iskopavanja-litijuma-i-bora-na-teritoriji-srbije\/#primaryimage"},"thumbnailUrl":"https:\/\/balkangreenenergynews.com\/rs\/wp-content\/uploads\/2022\/02\/seos-kreni-promeni-ujedinjenje-zahtev-rio-tinto-litijum.jpg?wsr","keywords":["Kreni-promeni","litijum","Projekat Jadar","Rio Tinto","Savez ekolo\u0161kih organizacija Srbije"],"articleSection":["\u017divotna sredina"],"inLanguage":"sr-RS","potentialAction":[{"@type":"CommentAction","name":"Comment","target":["https:\/\/balkangreenenergynews.com\/rs\/seos-i-kreni-promeni-dogovorili-jedan-zajednicki-zahtev-zabrana-istrazivanja-i-iskopavanja-litijuma-i-bora-na-teritoriji-srbije\/#respond"]}]},{"@type":"WebPage","@id":"https:\/\/balkangreenenergynews.com\/rs\/seos-i-kreni-promeni-dogovorili-jedan-zajednicki-zahtev-zabrana-istrazivanja-i-iskopavanja-litijuma-i-bora-na-teritoriji-srbije\/","url":"https:\/\/balkangreenenergynews.com\/rs\/seos-i-kreni-promeni-dogovorili-jedan-zajednicki-zahtev-zabrana-istrazivanja-i-iskopavanja-litijuma-i-bora-na-teritoriji-srbije\/","name":"SEOS i Kreni-promeni dogovorili jedan zajedni\u010dki zahtev: zabrana istra\u017eivanja i iskopavanja litijuma i bora na teritoriji Srbije","isPartOf":{"@id":"https:\/\/balkangreenenergynews.com\/rs\/#website"},"primaryImageOfPage":{"@id":"https:\/\/balkangreenenergynews.com\/rs\/seos-i-kreni-promeni-dogovorili-jedan-zajednicki-zahtev-zabrana-istrazivanja-i-iskopavanja-litijuma-i-bora-na-teritoriji-srbije\/#primaryimage"},"image":{"@id":"https:\/\/balkangreenenergynews.com\/rs\/seos-i-kreni-promeni-dogovorili-jedan-zajednicki-zahtev-zabrana-istrazivanja-i-iskopavanja-litijuma-i-bora-na-teritoriji-srbije\/#primaryimage"},"thumbnailUrl":"https:\/\/balkangreenenergynews.com\/rs\/wp-content\/uploads\/2022\/02\/seos-kreni-promeni-ujedinjenje-zahtev-rio-tinto-litijum.jpg?wsr","datePublished":"2022-02-02T14:56:37+00:00","dateModified":"2024-06-17T11:43:11+00:00","author":{"@id":"https:\/\/balkangreenenergynews.com\/rs\/#\/schema\/person\/99dc721c46113fea22caffad06ef7317"},"description":"Ekolo\u0161ke organizacije i Kreni-promeni pozivaju gra\u0111ane na protest sutra ispred Predsedni\u0161tva u Beogradu u 19 sati","breadcrumb":{"@id":"https:\/\/balkangreenenergynews.com\/rs\/seos-i-kreni-promeni-dogovorili-jedan-zajednicki-zahtev-zabrana-istrazivanja-i-iskopavanja-litijuma-i-bora-na-teritoriji-srbije\/#breadcrumb"},"inLanguage":"sr-RS","potentialAction":[{"@type":"ReadAction","target":["https:\/\/balkangreenenergynews.com\/rs\/seos-i-kreni-promeni-dogovorili-jedan-zajednicki-zahtev-zabrana-istrazivanja-i-iskopavanja-litijuma-i-bora-na-teritoriji-srbije\/"]}]},{"@type":"ImageObject","inLanguage":"sr-RS","@id":"https:\/\/balkangreenenergynews.com\/rs\/seos-i-kreni-promeni-dogovorili-jedan-zajednicki-zahtev-zabrana-istrazivanja-i-iskopavanja-litijuma-i-bora-na-teritoriji-srbije\/#primaryimage","url":"https:\/\/balkangreenenergynews.com\/rs\/wp-content\/uploads\/2022\/02\/seos-kreni-promeni-ujedinjenje-zahtev-rio-tinto-litijum.jpg?wsr","contentUrl":"https:\/\/balkangreenenergynews.com\/rs\/wp-content\/uploads\/2022\/02\/seos-kreni-promeni-ujedinjenje-zahtev-rio-tinto-litijum.jpg?wsr","width":840,"height":430,"caption":"seos kreni promeni ujedinjenje zahtev rio tinto litijum"},{"@type":"BreadcrumbList","@id":"https:\/\/balkangreenenergynews.com\/rs\/seos-i-kreni-promeni-dogovorili-jedan-zajednicki-zahtev-zabrana-istrazivanja-i-iskopavanja-litijuma-i-bora-na-teritoriji-srbije\/#breadcrumb","itemListElement":[{"@type":"ListItem","position":1,"name":"Po\u010detna","item":"https:\/\/balkangreenenergynews.com\/rs\/"},{"@type":"ListItem","position":2,"name":"Vesti","item":"https:\/\/balkangreenenergynews.com\/rs\/kategorija\/vesti\/"},{"@type":"ListItem","position":3,"name":"\u017divotna sredina","item":"https:\/\/balkangreenenergynews.com\/rs\/kategorija\/vesti\/zivotna-sredina\/"},{"@type":"ListItem","position":4,"name":"SEOS i Kreni-promeni dogovorili jedan zajedni\u010dki zahtev: zabrana istra\u017eivanja i iskopavanja litijuma i bora na teritoriji Srbije"}]},{"@type":"WebSite","@id":"https:\/\/balkangreenenergynews.com\/rs\/#website","url":"https:\/\/balkangreenenergynews.com\/rs\/","name":"Balkan Green Energy News","description":"Naj\u0161iri izbor vesti sa Balkana o zelenoj energiji","potentialAction":[{"@type":"SearchAction","target":{"@type":"EntryPoint","urlTemplate":"https:\/\/balkangreenenergynews.com\/rs\/?s={search_term_string}"},"query-input":{"@type":"PropertyValueSpecification","valueRequired":true,"valueName":"search_term_string"}}],"inLanguage":"sr-RS"},{"@type":"Person","@id":"https:\/\/balkangreenenergynews.com\/rs\/#\/schema\/person\/99dc721c46113fea22caffad06ef7317","name":"Vladimir Spasi\u0107","url":"https:\/\/balkangreenenergynews.com\/rs\/author\/vladimir-spasic\/"}]}},"_links":{"self":[{"href":"https:\/\/balkangreenenergynews.com\/rs\/wp-json\/wp\/v2\/posts\/45756","targetHints":{"allow":["GET"]}}],"collection":[{"href":"https:\/\/balkangreenenergynews.com\/rs\/wp-json\/wp\/v2\/posts"}],"about":[{"href":"https:\/\/balkangreenenergynews.com\/rs\/wp-json\/wp\/v2\/types\/post"}],"author":[{"embeddable":true,"href":"https:\/\/balkangreenenergynews.com\/rs\/wp-json\/wp\/v2\/users\/23"}],"replies":[{"embeddable":true,"href":"https:\/\/balkangreenenergynews.com\/rs\/wp-json\/wp\/v2\/comments?post=45756"}],"version-history":[{"count":0,"href":"https:\/\/balkangreenenergynews.com\/rs\/wp-json\/wp\/v2\/posts\/45756\/revisions"}],"wp:featuredmedia":[{"embeddable":true,"href":"https:\/\/balkangreenenergynews.com\/rs\/wp-json\/wp\/v2\/media\/45761"}],"wp:attachment":[{"href":"https:\/\/balkangreenenergynews.com\/rs\/wp-json\/wp\/v2\/media?parent=45756"}],"wp:term":[{"taxonomy":"category","embeddable":true,"href":"https:\/\/balkangreenenergynews.com\/rs\/wp-json\/wp\/v2\/categories?post=45756"},{"taxonomy":"post_tag","embeddable":true,"href":"https:\/\/balkangreenenergynews.com\/rs\/wp-json\/wp\/v2\/tags?post=45756"}],"curies":[{"name":"wp","href":"https:\/\/api.w.org\/{rel}","templated":true}]}}