{"id":45512,"date":"2022-01-25T22:46:41","date_gmt":"2022-01-25T21:46:41","guid":{"rendered":"https:\/\/balkangreenenergynews.com\/rs\/?p=45512"},"modified":"2022-01-27T12:38:36","modified_gmt":"2022-01-27T11:38:36","slug":"seos-nakon-sastanka-u-vladi-srbije-ostale-nejasnoce","status":"publish","type":"post","link":"https:\/\/balkangreenenergynews.com\/rs\/seos-nakon-sastanka-u-vladi-srbije-ostale-nejasnoce\/","title":{"rendered":"SEOS &#8211; nakon sastanka u Vladi Srbije ostale nejasno\u0107e"},"content":{"rendered":"<h2>&#8222;Pokrenuto je mnogo tema, ali sa sastanka nismo iza\u0161li mnogo sigurniji nego \u0161to smo na njega do\u0161li&#8220;, kazali su predstavnici stanovnika doline Jadra nakon sastanka sa predsednicom Vlade Srbije Anom Brnabi\u0107 o zahtevu za zabranu eksploatacije litijuma i bora na teritoriji cele Srbije.<\/h2>\n<p>&#8222;Postavili smo pitanja koja su ostala nerazja\u0161njena, posle stavljanja van snage uredbe o dono\u0161enju prostornog plana&#8220;, navodi se u saop\u0161tenju za medije Saveza ekolo\u0161kih organizacija Srbije (SEOS) nakon sastanka predstavnika udru\u017eenja Ne damo Jadar sa premijerkom Brnabi\u0107.<\/p>\n<h3>Pitanja za Vladu Srbije i premijerku Brnabi\u0107<\/h3>\n<p>Ono \u0161to grupu Ne damo Jadar i stanovnike Gornjih Nedeljica zanima jeste da li vlada ima saznanja da je kompanija odustala od projekta Jadar i da napu\u0161ta Srbiju. Dalje, oni pitaju ko \u0107e da utvrdi i proceni \u0161tetu nastalu istra\u017eivanjima kompanije Rio Sava i \u0161ta \u0107e biti sa uru\u0161enim ku\u0107ama. Aktiviste zanima kada \u0107e biti podnet zahtev za vra\u0107enje zemlji\u0161ta u poljoprivredno i kada \u0107e biti obra\u010dunat lokalni porez na imovinu u skladu sa poljoprivrednim zemlji\u0161tem.<\/p>\n<h3>Bez jasnih odgovora<\/h3>\n<p>Pored jo\u0161 niza pitanja o budu\u0107oj svakodnevici stanovnika podru\u010dja gornjeg Jadra i okoline, Ne damo Jadar je prilo\u017eio vladi predlog zakona o zabrani istra\u017eivanja i eksploatacije litijuma i bora na celoj teritoriji Srbije.<\/p>\n<blockquote><p>Prilo\u017een je i predlog zakona o zabrani istra\u017eivanja i eksploatacije litijuma i bora u Srbiji<\/p><\/blockquote>\n<p>Postoji dobra volja, ali nema dovoljno vremena da se sprovede procedura dono\u0161enja zakona do raspu\u0161tanja parlamenta 15. februara, uzvratili su u vladi, kako ka\u017eu aktivisti i aktivistkinje. Stanovnici doline Jadra smatraju da ima vremena ako postoji volja. Predlo\u017eeno formiranje radne grupe je samo odlaganje problema do posle izbora, stoji u saop\u0161tenju.<\/p>\n<blockquote><p>Formiranje radne grupe je samo odlaganje problema do posle izbora, saop\u0161tio je SEOS<\/p><\/blockquote>\n<p>&#8222;Re\u010deno nam je da je ju\u010de ukinuto Re\u0161enje o strate\u0161koj proceni uticaja na \u017eivotnu sredinu od strane Ministarstva za\u0161tite \u017eivotne sredine, a da su ostali akti automatski poni\u0161teni ukidanjem ove uredbe&#8220;, dodaje SEOS.<\/p>\n<h3>Ne damo Jadar dostavio vladi i izvod iz banke<\/h3>\n<p>Vladi Srbije je dostavljen &#8222;izvod iz banke da je po\u010dev od dana otvaranja pa do danas ra\u010dun udru\u017eenja &#8216;Ne damo Jadar&#8217; iz Gornjih Nedeljica bez priliva bilo kakvih nov\u010danih sredstava iz zemlje i inostranstva&#8220;.<\/p>\n<p>Pored stanovnika iz doline Jadra, na sastanku su bili Ljilja Bralovi\u0107 iz Pranjana i Dragan Simovi\u0107 iz Dobrinje.<\/p>\n<blockquote><p>U skladu sa postupanjem ili nepostupanjem vlade \u0107e se donositi naredne odluke<\/p><\/blockquote>\n<p>Stanovnici doline Jadra sada \u010dekaju obe\u0107ani dolazak najavljenih inspekcija, kako bi se utvrdila i sanirala \u0161teta na njivama i kako bi se sada normalizovao \u017eivot u okolnim selima. SEOS je istakao da \u0107e odluke donositi u skladu sa postupanjem ili nepostupanjem vlade.<\/p>\n<p>Organizacija je prenela da je pokrenuto mno\u0161tvo tema, ali da aktivisti sa sastanka nisu iza\u0161li mnogo sigurniji nego \u0161to su na njega do\u0161li.<\/p>\n<p>U saop\u0161tenju se navodi da je premijerka izjavila kako su &#8222;zahtevi prihva\u0107eni zbog pritiska naroda, a ne zbog razumevanja razmera katastrofe koja bi nastala otvaranjem rudnika u dolini Jadra&#8220;.<\/p>\n<h3>SEOS poziva na udru\u017eenu akciju<\/h3>\n<p>SEOS isti\u010de da podr\u017eava napore svih organizacija aktivnih u ovoj borbi i da poziva na udru\u017eenu akciju i odbranu onih \u010diji \u017eivoti zavise od potencijalnog otvaranja rudnika. &#8222;Ne odustajemo od na\u0161eg kona\u010dnog cilja, borbe za zabranu eksploatacije litijuma i bora u celoj Srbiji!&#8220;, poru\u010dila je organizacija.<\/p>\n<blockquote><p>Kreni-promeni je najavio protest ispred zgrade Predsedni\u0161tva Srbije za 27. januar u 19 sati<\/p><\/blockquote>\n<p>Tako\u0111e, inicijativa Kreni-promeni je za 27. januar u 19 sati najavila protest ispred zgrade Predsedni\u0161tva Srbije. &#8222;Ostao je jo\u0161 poslednji zahtev &#8211; zabrana istra\u017eivanja litijuma i bora (minimum 20 godina)&#8220;, istaknuto je u pozivu.<\/p>\n","protected":false},"excerpt":{"rendered":"<p>&#8222;Pokrenuto je mnogo tema, ali sa sastanka nismo iza\u0161li mnogo sigurniji nego \u0161to smo na njega do\u0161li&#8220;, navode stanovici doline Jadra<\/p>\n","protected":false},"author":30,"featured_media":45517,"comment_status":"open","ping_status":"open","sticky":false,"template":"","format":"standard","meta":{"_acf_changed":false,"_monsterinsights_skip_tracking":false,"_monsterinsights_sitenote_active":false,"_monsterinsights_sitenote_note":"","_monsterinsights_sitenote_category":0,"footnotes":""},"categories":[4],"tags":[6248,2899,816],"class_list":["post-45512","post","type-post","status-publish","format-standard","has-post-thumbnail","hentry","category-zivotna-sredina","tag-jadar","tag-litijum","tag-vlada-srbije","country-srbija"],"acf":[],"yoast_head":"<!-- This site is optimized with the Yoast SEO plugin v27.4 - https:\/\/yoast.com\/product\/yoast-seo-wordpress\/ -->\n<title>SEOS - nakon sastanka u Vladi Srbije ostale nejasno\u0107e<\/title>\n<meta name=\"description\" content=\"&quot;Pokrenuto je mnogo tema, ali sa sastanka nismo iza\u0161li mnogo sigurniji nego \u0161to smo na njega do\u0161li&quot;, navode stanovici doline Jadra.\" \/>\n<meta name=\"robots\" content=\"index, follow, max-snippet:-1, max-image-preview:large, max-video-preview:-1\" \/>\n<link rel=\"canonical\" href=\"https:\/\/balkangreenenergynews.com\/rs\/seos-nakon-sastanka-u-vladi-srbije-ostale-nejasnoce\/\" \/>\n<meta property=\"og:locale\" content=\"sr_RS\" \/>\n<meta property=\"og:type\" content=\"article\" \/>\n<meta property=\"og:title\" content=\"SEOS - nakon sastanka u Vladi Srbije ostale nejasno\u0107e\" \/>\n<meta property=\"og:description\" content=\"&quot;Pokrenuto je mnogo tema, ali sa sastanka nismo iza\u0161li mnogo sigurniji nego \u0161to smo na njega do\u0161li&quot;, navode stanovici doline Jadra.\" \/>\n<meta property=\"og:url\" content=\"https:\/\/balkangreenenergynews.com\/rs\/seos-nakon-sastanka-u-vladi-srbije-ostale-nejasnoce\/\" \/>\n<meta property=\"og:site_name\" content=\"Balkan Green Energy News\" \/>\n<meta property=\"article:published_time\" content=\"2022-01-25T21:46:41+00:00\" \/>\n<meta property=\"article:modified_time\" content=\"2022-01-27T11:38:36+00:00\" \/>\n<meta property=\"og:image\" content=\"https:\/\/balkangreenenergynews.com\/rs\/wp-content\/uploads\/2022\/01\/SEOS-nakon-sastanka-u-Vladi-Srbije-ostale-su-nejasnoce.jpg\" \/>\n\t<meta property=\"og:image:width\" content=\"840\" \/>\n\t<meta property=\"og:image:height\" content=\"421\" \/>\n\t<meta property=\"og:image:type\" content=\"image\/jpeg\" \/>\n<meta name=\"author\" content=\"Mihajlo Vujasin\" \/>\n<meta name=\"twitter:card\" content=\"summary_large_image\" \/>\n<meta name=\"twitter:label1\" content=\"\u041d\u0430\u043f\u0438\u0441\u0430\u043d\u043e \u043e\u0434\" \/>\n\t<meta name=\"twitter:data1\" content=\"Mihajlo Vujasin\" \/>\n\t<meta name=\"twitter:label2\" content=\"\u041f\u0440\u043e\u0446\u0435\u045a\u0435\u043d\u043e \u0432\u0440\u0435\u043c\u0435 \u0447\u0438\u0442\u0430\u045a\u0430\" \/>\n\t<meta name=\"twitter:data2\" content=\"4 \u043c\u0438\u043d\u0443\u0442\u0430\" \/>\n<script type=\"application\/ld+json\" class=\"yoast-schema-graph\">{\"@context\":\"https:\\\/\\\/schema.org\",\"@graph\":[{\"@type\":\"Article\",\"@id\":\"https:\\\/\\\/balkangreenenergynews.com\\\/rs\\\/seos-nakon-sastanka-u-vladi-srbije-ostale-nejasnoce\\\/#article\",\"isPartOf\":{\"@id\":\"https:\\\/\\\/balkangreenenergynews.com\\\/rs\\\/seos-nakon-sastanka-u-vladi-srbije-ostale-nejasnoce\\\/\"},\"author\":{\"name\":\"Mihajlo Vujasin\",\"@id\":\"https:\\\/\\\/balkangreenenergynews.com\\\/rs\\\/#\\\/schema\\\/person\\\/6b3cd0445eb192f645c773282d0747ca\"},\"headline\":\"SEOS &#8211; nakon sastanka u Vladi Srbije ostale nejasno\u0107e\",\"datePublished\":\"2022-01-25T21:46:41+00:00\",\"dateModified\":\"2022-01-27T11:38:36+00:00\",\"mainEntityOfPage\":{\"@id\":\"https:\\\/\\\/balkangreenenergynews.com\\\/rs\\\/seos-nakon-sastanka-u-vladi-srbije-ostale-nejasnoce\\\/\"},\"wordCount\":635,\"commentCount\":0,\"image\":{\"@id\":\"https:\\\/\\\/balkangreenenergynews.com\\\/rs\\\/seos-nakon-sastanka-u-vladi-srbije-ostale-nejasnoce\\\/#primaryimage\"},\"thumbnailUrl\":\"https:\\\/\\\/balkangreenenergynews.com\\\/rs\\\/wp-content\\\/uploads\\\/2022\\\/01\\\/SEOS-nakon-sastanka-u-Vladi-Srbije-ostale-su-nejasnoce.jpg?wsr\",\"keywords\":[\"Jadar\",\"litijum\",\"Vlada Srbije\"],\"articleSection\":[\"\u017divotna sredina\"],\"inLanguage\":\"sr-RS\",\"potentialAction\":[{\"@type\":\"CommentAction\",\"name\":\"Comment\",\"target\":[\"https:\\\/\\\/balkangreenenergynews.com\\\/rs\\\/seos-nakon-sastanka-u-vladi-srbije-ostale-nejasnoce\\\/#respond\"]}]},{\"@type\":\"WebPage\",\"@id\":\"https:\\\/\\\/balkangreenenergynews.com\\\/rs\\\/seos-nakon-sastanka-u-vladi-srbije-ostale-nejasnoce\\\/\",\"url\":\"https:\\\/\\\/balkangreenenergynews.com\\\/rs\\\/seos-nakon-sastanka-u-vladi-srbije-ostale-nejasnoce\\\/\",\"name\":\"SEOS - nakon sastanka u Vladi Srbije ostale nejasno\u0107e\",\"isPartOf\":{\"@id\":\"https:\\\/\\\/balkangreenenergynews.com\\\/rs\\\/#website\"},\"primaryImageOfPage\":{\"@id\":\"https:\\\/\\\/balkangreenenergynews.com\\\/rs\\\/seos-nakon-sastanka-u-vladi-srbije-ostale-nejasnoce\\\/#primaryimage\"},\"image\":{\"@id\":\"https:\\\/\\\/balkangreenenergynews.com\\\/rs\\\/seos-nakon-sastanka-u-vladi-srbije-ostale-nejasnoce\\\/#primaryimage\"},\"thumbnailUrl\":\"https:\\\/\\\/balkangreenenergynews.com\\\/rs\\\/wp-content\\\/uploads\\\/2022\\\/01\\\/SEOS-nakon-sastanka-u-Vladi-Srbije-ostale-su-nejasnoce.jpg?wsr\",\"datePublished\":\"2022-01-25T21:46:41+00:00\",\"dateModified\":\"2022-01-27T11:38:36+00:00\",\"author\":{\"@id\":\"https:\\\/\\\/balkangreenenergynews.com\\\/rs\\\/#\\\/schema\\\/person\\\/6b3cd0445eb192f645c773282d0747ca\"},\"description\":\"\\\"Pokrenuto je mnogo tema, ali sa sastanka nismo iza\u0161li mnogo sigurniji nego \u0161to smo na njega do\u0161li\\\", navode stanovici doline Jadra.\",\"breadcrumb\":{\"@id\":\"https:\\\/\\\/balkangreenenergynews.com\\\/rs\\\/seos-nakon-sastanka-u-vladi-srbije-ostale-nejasnoce\\\/#breadcrumb\"},\"inLanguage\":\"sr-RS\",\"potentialAction\":[{\"@type\":\"ReadAction\",\"target\":[\"https:\\\/\\\/balkangreenenergynews.com\\\/rs\\\/seos-nakon-sastanka-u-vladi-srbije-ostale-nejasnoce\\\/\"]}]},{\"@type\":\"ImageObject\",\"inLanguage\":\"sr-RS\",\"@id\":\"https:\\\/\\\/balkangreenenergynews.com\\\/rs\\\/seos-nakon-sastanka-u-vladi-srbije-ostale-nejasnoce\\\/#primaryimage\",\"url\":\"https:\\\/\\\/balkangreenenergynews.com\\\/rs\\\/wp-content\\\/uploads\\\/2022\\\/01\\\/SEOS-nakon-sastanka-u-Vladi-Srbije-ostale-su-nejasnoce.jpg?wsr\",\"contentUrl\":\"https:\\\/\\\/balkangreenenergynews.com\\\/rs\\\/wp-content\\\/uploads\\\/2022\\\/01\\\/SEOS-nakon-sastanka-u-Vladi-Srbije-ostale-su-nejasnoce.jpg?wsr\",\"width\":840,\"height\":421,\"caption\":\"SEOS - nakon sastanka u Vladi Srbije ostale nejasno\u0107e\"},{\"@type\":\"BreadcrumbList\",\"@id\":\"https:\\\/\\\/balkangreenenergynews.com\\\/rs\\\/seos-nakon-sastanka-u-vladi-srbije-ostale-nejasnoce\\\/#breadcrumb\",\"itemListElement\":[{\"@type\":\"ListItem\",\"position\":1,\"name\":\"Po\u010detna\",\"item\":\"https:\\\/\\\/balkangreenenergynews.com\\\/rs\\\/\"},{\"@type\":\"ListItem\",\"position\":2,\"name\":\"Vesti\",\"item\":\"https:\\\/\\\/balkangreenenergynews.com\\\/rs\\\/kategorija\\\/vesti\\\/\"},{\"@type\":\"ListItem\",\"position\":3,\"name\":\"\u017divotna sredina\",\"item\":\"https:\\\/\\\/balkangreenenergynews.com\\\/rs\\\/kategorija\\\/vesti\\\/zivotna-sredina\\\/\"},{\"@type\":\"ListItem\",\"position\":4,\"name\":\"SEOS &#8211; nakon sastanka u Vladi Srbije ostale nejasno\u0107e\"}]},{\"@type\":\"WebSite\",\"@id\":\"https:\\\/\\\/balkangreenenergynews.com\\\/rs\\\/#website\",\"url\":\"https:\\\/\\\/balkangreenenergynews.com\\\/rs\\\/\",\"name\":\"Balkan Green Energy News\",\"description\":\"Naj\u0161iri izbor vesti sa Balkana o zelenoj energiji\",\"potentialAction\":[{\"@type\":\"SearchAction\",\"target\":{\"@type\":\"EntryPoint\",\"urlTemplate\":\"https:\\\/\\\/balkangreenenergynews.com\\\/rs\\\/?s={search_term_string}\"},\"query-input\":{\"@type\":\"PropertyValueSpecification\",\"valueRequired\":true,\"valueName\":\"search_term_string\"}}],\"inLanguage\":\"sr-RS\"},{\"@type\":\"Person\",\"@id\":\"https:\\\/\\\/balkangreenenergynews.com\\\/rs\\\/#\\\/schema\\\/person\\\/6b3cd0445eb192f645c773282d0747ca\",\"name\":\"Mihajlo Vujasin\",\"url\":\"https:\\\/\\\/balkangreenenergynews.com\\\/rs\\\/author\\\/mihajlo-vujasin\\\/\"}]}<\/script>\n<!-- \/ Yoast SEO plugin. -->","yoast_head_json":{"title":"SEOS - nakon sastanka u Vladi Srbije ostale nejasno\u0107e","description":"\"Pokrenuto je mnogo tema, ali sa sastanka nismo iza\u0161li mnogo sigurniji nego \u0161to smo na njega do\u0161li\", navode stanovici doline Jadra.","robots":{"index":"index","follow":"follow","max-snippet":"max-snippet:-1","max-image-preview":"max-image-preview:large","max-video-preview":"max-video-preview:-1"},"canonical":"https:\/\/balkangreenenergynews.com\/rs\/seos-nakon-sastanka-u-vladi-srbije-ostale-nejasnoce\/","og_locale":"sr_RS","og_type":"article","og_title":"SEOS - nakon sastanka u Vladi Srbije ostale nejasno\u0107e","og_description":"\"Pokrenuto je mnogo tema, ali sa sastanka nismo iza\u0161li mnogo sigurniji nego \u0161to smo na njega do\u0161li\", navode stanovici doline Jadra.","og_url":"https:\/\/balkangreenenergynews.com\/rs\/seos-nakon-sastanka-u-vladi-srbije-ostale-nejasnoce\/","og_site_name":"Balkan Green Energy News","article_published_time":"2022-01-25T21:46:41+00:00","article_modified_time":"2022-01-27T11:38:36+00:00","og_image":[{"width":840,"height":421,"url":"https:\/\/balkangreenenergynews.com\/rs\/wp-content\/uploads\/2022\/01\/SEOS-nakon-sastanka-u-Vladi-Srbije-ostale-su-nejasnoce.jpg","type":"image\/jpeg"}],"author":"Mihajlo Vujasin","twitter_card":"summary_large_image","twitter_misc":{"\u041d\u0430\u043f\u0438\u0441\u0430\u043d\u043e \u043e\u0434":"Mihajlo Vujasin","\u041f\u0440\u043e\u0446\u0435\u045a\u0435\u043d\u043e \u0432\u0440\u0435\u043c\u0435 \u0447\u0438\u0442\u0430\u045a\u0430":"4 \u043c\u0438\u043d\u0443\u0442\u0430"},"schema":{"@context":"https:\/\/schema.org","@graph":[{"@type":"Article","@id":"https:\/\/balkangreenenergynews.com\/rs\/seos-nakon-sastanka-u-vladi-srbije-ostale-nejasnoce\/#article","isPartOf":{"@id":"https:\/\/balkangreenenergynews.com\/rs\/seos-nakon-sastanka-u-vladi-srbije-ostale-nejasnoce\/"},"author":{"name":"Mihajlo Vujasin","@id":"https:\/\/balkangreenenergynews.com\/rs\/#\/schema\/person\/6b3cd0445eb192f645c773282d0747ca"},"headline":"SEOS &#8211; nakon sastanka u Vladi Srbije ostale nejasno\u0107e","datePublished":"2022-01-25T21:46:41+00:00","dateModified":"2022-01-27T11:38:36+00:00","mainEntityOfPage":{"@id":"https:\/\/balkangreenenergynews.com\/rs\/seos-nakon-sastanka-u-vladi-srbije-ostale-nejasnoce\/"},"wordCount":635,"commentCount":0,"image":{"@id":"https:\/\/balkangreenenergynews.com\/rs\/seos-nakon-sastanka-u-vladi-srbije-ostale-nejasnoce\/#primaryimage"},"thumbnailUrl":"https:\/\/balkangreenenergynews.com\/rs\/wp-content\/uploads\/2022\/01\/SEOS-nakon-sastanka-u-Vladi-Srbije-ostale-su-nejasnoce.jpg?wsr","keywords":["Jadar","litijum","Vlada Srbije"],"articleSection":["\u017divotna sredina"],"inLanguage":"sr-RS","potentialAction":[{"@type":"CommentAction","name":"Comment","target":["https:\/\/balkangreenenergynews.com\/rs\/seos-nakon-sastanka-u-vladi-srbije-ostale-nejasnoce\/#respond"]}]},{"@type":"WebPage","@id":"https:\/\/balkangreenenergynews.com\/rs\/seos-nakon-sastanka-u-vladi-srbije-ostale-nejasnoce\/","url":"https:\/\/balkangreenenergynews.com\/rs\/seos-nakon-sastanka-u-vladi-srbije-ostale-nejasnoce\/","name":"SEOS - nakon sastanka u Vladi Srbije ostale nejasno\u0107e","isPartOf":{"@id":"https:\/\/balkangreenenergynews.com\/rs\/#website"},"primaryImageOfPage":{"@id":"https:\/\/balkangreenenergynews.com\/rs\/seos-nakon-sastanka-u-vladi-srbije-ostale-nejasnoce\/#primaryimage"},"image":{"@id":"https:\/\/balkangreenenergynews.com\/rs\/seos-nakon-sastanka-u-vladi-srbije-ostale-nejasnoce\/#primaryimage"},"thumbnailUrl":"https:\/\/balkangreenenergynews.com\/rs\/wp-content\/uploads\/2022\/01\/SEOS-nakon-sastanka-u-Vladi-Srbije-ostale-su-nejasnoce.jpg?wsr","datePublished":"2022-01-25T21:46:41+00:00","dateModified":"2022-01-27T11:38:36+00:00","author":{"@id":"https:\/\/balkangreenenergynews.com\/rs\/#\/schema\/person\/6b3cd0445eb192f645c773282d0747ca"},"description":"\"Pokrenuto je mnogo tema, ali sa sastanka nismo iza\u0161li mnogo sigurniji nego \u0161to smo na njega do\u0161li\", navode stanovici doline Jadra.","breadcrumb":{"@id":"https:\/\/balkangreenenergynews.com\/rs\/seos-nakon-sastanka-u-vladi-srbije-ostale-nejasnoce\/#breadcrumb"},"inLanguage":"sr-RS","potentialAction":[{"@type":"ReadAction","target":["https:\/\/balkangreenenergynews.com\/rs\/seos-nakon-sastanka-u-vladi-srbije-ostale-nejasnoce\/"]}]},{"@type":"ImageObject","inLanguage":"sr-RS","@id":"https:\/\/balkangreenenergynews.com\/rs\/seos-nakon-sastanka-u-vladi-srbije-ostale-nejasnoce\/#primaryimage","url":"https:\/\/balkangreenenergynews.com\/rs\/wp-content\/uploads\/2022\/01\/SEOS-nakon-sastanka-u-Vladi-Srbije-ostale-su-nejasnoce.jpg?wsr","contentUrl":"https:\/\/balkangreenenergynews.com\/rs\/wp-content\/uploads\/2022\/01\/SEOS-nakon-sastanka-u-Vladi-Srbije-ostale-su-nejasnoce.jpg?wsr","width":840,"height":421,"caption":"SEOS - nakon sastanka u Vladi Srbije ostale nejasno\u0107e"},{"@type":"BreadcrumbList","@id":"https:\/\/balkangreenenergynews.com\/rs\/seos-nakon-sastanka-u-vladi-srbije-ostale-nejasnoce\/#breadcrumb","itemListElement":[{"@type":"ListItem","position":1,"name":"Po\u010detna","item":"https:\/\/balkangreenenergynews.com\/rs\/"},{"@type":"ListItem","position":2,"name":"Vesti","item":"https:\/\/balkangreenenergynews.com\/rs\/kategorija\/vesti\/"},{"@type":"ListItem","position":3,"name":"\u017divotna sredina","item":"https:\/\/balkangreenenergynews.com\/rs\/kategorija\/vesti\/zivotna-sredina\/"},{"@type":"ListItem","position":4,"name":"SEOS &#8211; nakon sastanka u Vladi Srbije ostale nejasno\u0107e"}]},{"@type":"WebSite","@id":"https:\/\/balkangreenenergynews.com\/rs\/#website","url":"https:\/\/balkangreenenergynews.com\/rs\/","name":"Balkan Green Energy News","description":"Naj\u0161iri izbor vesti sa Balkana o zelenoj energiji","potentialAction":[{"@type":"SearchAction","target":{"@type":"EntryPoint","urlTemplate":"https:\/\/balkangreenenergynews.com\/rs\/?s={search_term_string}"},"query-input":{"@type":"PropertyValueSpecification","valueRequired":true,"valueName":"search_term_string"}}],"inLanguage":"sr-RS"},{"@type":"Person","@id":"https:\/\/balkangreenenergynews.com\/rs\/#\/schema\/person\/6b3cd0445eb192f645c773282d0747ca","name":"Mihajlo Vujasin","url":"https:\/\/balkangreenenergynews.com\/rs\/author\/mihajlo-vujasin\/"}]}},"_links":{"self":[{"href":"https:\/\/balkangreenenergynews.com\/rs\/wp-json\/wp\/v2\/posts\/45512","targetHints":{"allow":["GET"]}}],"collection":[{"href":"https:\/\/balkangreenenergynews.com\/rs\/wp-json\/wp\/v2\/posts"}],"about":[{"href":"https:\/\/balkangreenenergynews.com\/rs\/wp-json\/wp\/v2\/types\/post"}],"author":[{"embeddable":true,"href":"https:\/\/balkangreenenergynews.com\/rs\/wp-json\/wp\/v2\/users\/30"}],"replies":[{"embeddable":true,"href":"https:\/\/balkangreenenergynews.com\/rs\/wp-json\/wp\/v2\/comments?post=45512"}],"version-history":[{"count":0,"href":"https:\/\/balkangreenenergynews.com\/rs\/wp-json\/wp\/v2\/posts\/45512\/revisions"}],"wp:featuredmedia":[{"embeddable":true,"href":"https:\/\/balkangreenenergynews.com\/rs\/wp-json\/wp\/v2\/media\/45517"}],"wp:attachment":[{"href":"https:\/\/balkangreenenergynews.com\/rs\/wp-json\/wp\/v2\/media?parent=45512"}],"wp:term":[{"taxonomy":"category","embeddable":true,"href":"https:\/\/balkangreenenergynews.com\/rs\/wp-json\/wp\/v2\/categories?post=45512"},{"taxonomy":"post_tag","embeddable":true,"href":"https:\/\/balkangreenenergynews.com\/rs\/wp-json\/wp\/v2\/tags?post=45512"}],"curies":[{"name":"wp","href":"https:\/\/api.w.org\/{rel}","templated":true}]}}