{"id":45500,"date":"2022-01-25T15:03:37","date_gmt":"2022-01-25T14:03:37","guid":{"rendered":"https:\/\/balkangreenenergynews.com\/rs\/?p=45500"},"modified":"2022-01-25T15:15:48","modified_gmt":"2022-01-25T14:15:48","slug":"albanija-ce-udesetostruciti-kapacitet-iz-vetra-solara-do-kraja-2023-godine","status":"publish","type":"post","link":"https:\/\/balkangreenenergynews.com\/rs\/albanija-ce-udesetostruciti-kapacitet-iz-vetra-solara-do-kraja-2023-godine\/","title":{"rendered":"Albanija \u0107e udesetostru\u010diti kapacitet iz vetra, solara do kraja 2023. godine"},"content":{"rendered":"<h2>Operator prenosnog sistema Albanije OST saop\u0161tio je da o\u010dekuje da \u0107e slede\u0107e godine ukupni kapacitet solarnih i vetroelektrana povezanih na njegovu mre\u017eu dosti\u0107i 220,4 megavata ili deset puta vi\u0161e nego sada. Kompanija je tako\u0111e upozorila na neophodnost ulaganja u fleksibilnost sistema da bi se spre\u010dila nestabilnost usled uticaja struje iz obnovljivih izvora.<\/h2>\n<p>Va\u017ee\u0107i zahtevi za povezivanje i prognoze dostupnosti mre\u017ee za <a href=\"https:\/\/balkangreenenergynews.com\/rs\/albanija-objavila-poziv-za-aukciju-za-vetroelektrane-od-ukupno-100-mw\/\">vetroparkove<\/a> i solarne elektrane pokazuju da bi 2023. njihov zbirni kapacitet trebalo da se pove\u0107a na 220,4 megavata, procenjuje OST. Kompanija je dodala da \u0107e kapacitet obnovljivih izvora na mre\u017ei, ve\u0107inom iz fotonaponskih postrojenja i ne ra\u010dunaju\u0107i <a href=\"https:\/\/balkangreenenergynews.com\/rs\/u-albaniji-nastaje-najkompleksnija-hibridna-elektrana-na-svetu\/\">hidroelektrane,<\/a> verovatno do 2028. porasti do 465,4 megavata, a na <a href=\"https:\/\/balkangreenenergynews.com\/rs\/rama-albanija-ce-izbiti-na-celo-balkana-u-sektoru-solarne-energije-elektrane\/\">915,4 megavata<\/a> do 2033. godine, prenosi <a href=\"https:\/\/www.monitor.al\/centralet-fotovoltaike-ne-vitin-2023-pritet-te-lidhet-ne-rrjet-nje-kapacitet-220-mw\/\">Monitor.al.<\/a><\/p>\n<p>Operator prenosnog sistema Albanije je naveo i da uticaj struje iz obnovljivih izvora na njegovu mre\u017eu nije mali, s obzirom na ova predvi\u0111anja. Nivo od 220,4 megavata bi bio gotovo deset puta ve\u0107i od trenutnog instalisanog kapaciteta.<\/p>\n<p>U protekle dve godine primljen je velik broj zahteva za vetroelektrane i solarne farme, isti\u010du u OST-u. Mogu\u0107nosti za postavljanje fotonaponskih pogona su velike \u0161irom zemlje, mada je najve\u0107i broj sun\u010danih dana u nizijama na zapadu, stoji u izve\u0161taju.<\/p>\n<blockquote><p>Mogu\u0107nosti za postavljanje fotonaponskih pogona su velike \u0161irom zemlje, mada je najve\u0107i broj sun\u010danih dana u nizijama na zapadu<\/p><\/blockquote>\n<p>OST je napomenuo da s obnovljivim izvorima dolaze ja\u010de fluktuacije u snabdevanju i naponu i dodao da su neophodne investicije da se poni\u0161ti efekat iznenadnih prekida, koji se de\u0161avaju s promenama meteorolo\u0161kih uslova.<\/p>\n<p>Fleksibilnost sistema mo\u017ee da se pove\u0107a ja\u010danjem povezanosti unutar zemlje i interkonekcijama sa susedima, zatim kapacitetima za skladi\u0161tenje kao \u0161to su reverzibilne hidroelektrane, baterije, kondenzatori i vodonik, kao i razvojem mehanizama za reagovanje na strani potra\u017enje.<\/p>\n<p>Albanija skoro svu svoju struju proizvodi u hidroelektranama, pa promene u hidrolo\u0161kim uslovima \u010desto primoravaju zemlju da pribegne <a href=\"https:\/\/balkangreenenergynews.com\/rs\/albanija-proglasila-vanrednu-situaciju-kao-odgovor-na-energetsku-krizu\/\">vanrednom uvozu.<\/a> To je finansijski optere\u0107uje, pogotovo zbog trenutne energetske krize u Evropi i \u0161ire i visokih cena.<\/p>\n<p>U zemlji ne postoji nijedna vetroelektrana, a u poslednjih par godina lansirani su ili su napredovali projekti solarnih parkova ukupne predvi\u0111ene snage <a href=\"https:\/\/balkangreenenergynews.com\/albania-has-570-mw-of-solar-projects-in-pipeline\/\">570 megavata.<\/a><\/p>\n<p>Treba pomenuti i da su <a href=\"https:\/\/balkangreenenergynews.com\/rs\/medjunarodne-institucije-trazile-od-vlade-srbije-da-ne-odlaze-primenu-zakona-o-koriscenju-oie\/\">dr\u017eavne elektroenergetske kompanije u Srbiji<\/a> nedavno zatra\u017eile izmene Zakona o kori\u0161\u0107enju obnovljivih izvora energije i da se zaustavi usvajanje propisa kojima se uvode podsticaji za proizvodnju zelene energije. Elektroprivreda Srbije i Elektromre\u017ea Srbije tvrde da broj zahteva za povezivanje vetroelektrana i solarnih parkova do 2027. prevazilazi mogu\u0107nosti prenosnog i proizvodnog sistema da obezbedi stabilno snabdevanje.<\/p>\n","protected":false},"excerpt":{"rendered":"<p>Operator prenosnog sistema Albanije OST veruje da \u0107e 2023. kapacitet solarnih i vetroelektrana vezanih na mre\u017eu dosti\u0107i 220,4 megavata<\/p>\n","protected":false},"author":27,"featured_media":45503,"comment_status":"open","ping_status":"open","sticky":false,"template":"","format":"standard","meta":{"_acf_changed":false,"_monsterinsights_skip_tracking":false,"_monsterinsights_sitenote_active":false,"_monsterinsights_sitenote_note":"","_monsterinsights_sitenote_category":0,"footnotes":""},"categories":[504,1],"tags":[669,647,1377,4687,3558,2758,3248,1890,2341],"class_list":["post-45500","post","type-post","status-publish","format-standard","has-post-thumbnail","hentry","category-elektricna-energija","category-obnovljivi-izvori-energije","tag-elektricna-energija","tag-obnovljivi-izvori-energije","tag-operator-prenosnog-sistema","tag-ost","tag-prenos-elektricne-energije","tag-prenosna-mreza","tag-prenosni-sistem","tag-solarne-elektrane","tag-vetroelektrane","country-albanija"],"acf":[],"yoast_head":"<!-- This site is optimized with the Yoast SEO plugin v27.4 - https:\/\/yoast.com\/product\/yoast-seo-wordpress\/ -->\n<title>Albanija \u0107e udesetostru\u010diti kapacitet iz vetra, solara do kraja 2023. godine<\/title>\n<meta name=\"description\" content=\"Operator prenosnog sistema Albanije OST veruje da \u0107e 2023. kapacitet solarnih i vetroelektrana vezanih na mre\u017eu dosti\u0107i 220,4 megavata.\" \/>\n<meta name=\"robots\" content=\"index, follow, max-snippet:-1, max-image-preview:large, max-video-preview:-1\" \/>\n<link rel=\"canonical\" href=\"https:\/\/balkangreenenergynews.com\/rs\/albanija-ce-udesetostruciti-kapacitet-iz-vetra-solara-do-kraja-2023-godine\/\" \/>\n<meta property=\"og:locale\" content=\"sr_RS\" \/>\n<meta property=\"og:type\" content=\"article\" \/>\n<meta property=\"og:title\" content=\"Albanija \u0107e udesetostru\u010diti kapacitet iz vetra, solara do kraja 2023. godine\" \/>\n<meta property=\"og:description\" content=\"Operator prenosnog sistema Albanije OST veruje da \u0107e 2023. kapacitet solarnih i vetroelektrana vezanih na mre\u017eu dosti\u0107i 220,4 megavata.\" \/>\n<meta property=\"og:url\" content=\"https:\/\/balkangreenenergynews.com\/rs\/albanija-ce-udesetostruciti-kapacitet-iz-vetra-solara-do-kraja-2023-godine\/\" \/>\n<meta property=\"og:site_name\" content=\"Balkan Green Energy News\" \/>\n<meta property=\"article:published_time\" content=\"2022-01-25T14:03:37+00:00\" \/>\n<meta property=\"article:modified_time\" content=\"2022-01-25T14:15:48+00:00\" \/>\n<meta property=\"og:image\" content=\"https:\/\/balkangreenenergynews.com\/rs\/wp-content\/uploads\/2022\/01\/Albanija-udesetostruciti-kapacitet-vetra-solara-2023.jpg\" \/>\n\t<meta property=\"og:image:width\" content=\"840\" \/>\n\t<meta property=\"og:image:height\" content=\"430\" \/>\n\t<meta property=\"og:image:type\" content=\"image\/jpeg\" \/>\n<meta name=\"author\" content=\"Igor Todorovi\u0107\" \/>\n<meta name=\"twitter:card\" content=\"summary_large_image\" \/>\n<meta name=\"twitter:label1\" content=\"\u041d\u0430\u043f\u0438\u0441\u0430\u043d\u043e \u043e\u0434\" \/>\n\t<meta name=\"twitter:data1\" content=\"Igor Todorovi\u0107\" \/>\n\t<meta name=\"twitter:label2\" content=\"\u041f\u0440\u043e\u0446\u0435\u045a\u0435\u043d\u043e \u0432\u0440\u0435\u043c\u0435 \u0447\u0438\u0442\u0430\u045a\u0430\" \/>\n\t<meta name=\"twitter:data2\" content=\"3 \u043c\u0438\u043d\u0443\u0442\u0430\" \/>\n<script type=\"application\/ld+json\" class=\"yoast-schema-graph\">{\"@context\":\"https:\\\/\\\/schema.org\",\"@graph\":[{\"@type\":\"Article\",\"@id\":\"https:\\\/\\\/balkangreenenergynews.com\\\/rs\\\/albanija-ce-udesetostruciti-kapacitet-iz-vetra-solara-do-kraja-2023-godine\\\/#article\",\"isPartOf\":{\"@id\":\"https:\\\/\\\/balkangreenenergynews.com\\\/rs\\\/albanija-ce-udesetostruciti-kapacitet-iz-vetra-solara-do-kraja-2023-godine\\\/\"},\"author\":{\"name\":\"Igor Todorovi\u0107\",\"@id\":\"https:\\\/\\\/balkangreenenergynews.com\\\/rs\\\/#\\\/schema\\\/person\\\/d8f80a244c4e9f2b55e4f6968c253246\"},\"headline\":\"Albanija \u0107e udesetostru\u010diti kapacitet iz vetra, solara do kraja 2023. godine\",\"datePublished\":\"2022-01-25T14:03:37+00:00\",\"dateModified\":\"2022-01-25T14:15:48+00:00\",\"mainEntityOfPage\":{\"@id\":\"https:\\\/\\\/balkangreenenergynews.com\\\/rs\\\/albanija-ce-udesetostruciti-kapacitet-iz-vetra-solara-do-kraja-2023-godine\\\/\"},\"wordCount\":445,\"commentCount\":1,\"image\":{\"@id\":\"https:\\\/\\\/balkangreenenergynews.com\\\/rs\\\/albanija-ce-udesetostruciti-kapacitet-iz-vetra-solara-do-kraja-2023-godine\\\/#primaryimage\"},\"thumbnailUrl\":\"https:\\\/\\\/balkangreenenergynews.com\\\/rs\\\/wp-content\\\/uploads\\\/2022\\\/01\\\/Albanija-udesetostruciti-kapacitet-vetra-solara-2023.jpg?wsr\",\"keywords\":[\"elektri\u010dna energija\",\"obnovljivi izvori energije\",\"operator prenosnog sistema\",\"OST\",\"prenos elektri\u010dne energije\",\"prenosna mre\u017ea\",\"prenosni sistem\",\"solarne elektrane\",\"vetroelektrane\"],\"articleSection\":[\"Elektri\u010dna energija\",\"OIE\"],\"inLanguage\":\"sr-RS\",\"potentialAction\":[{\"@type\":\"CommentAction\",\"name\":\"Comment\",\"target\":[\"https:\\\/\\\/balkangreenenergynews.com\\\/rs\\\/albanija-ce-udesetostruciti-kapacitet-iz-vetra-solara-do-kraja-2023-godine\\\/#respond\"]}]},{\"@type\":\"WebPage\",\"@id\":\"https:\\\/\\\/balkangreenenergynews.com\\\/rs\\\/albanija-ce-udesetostruciti-kapacitet-iz-vetra-solara-do-kraja-2023-godine\\\/\",\"url\":\"https:\\\/\\\/balkangreenenergynews.com\\\/rs\\\/albanija-ce-udesetostruciti-kapacitet-iz-vetra-solara-do-kraja-2023-godine\\\/\",\"name\":\"Albanija \u0107e udesetostru\u010diti kapacitet iz vetra, solara do kraja 2023. godine\",\"isPartOf\":{\"@id\":\"https:\\\/\\\/balkangreenenergynews.com\\\/rs\\\/#website\"},\"primaryImageOfPage\":{\"@id\":\"https:\\\/\\\/balkangreenenergynews.com\\\/rs\\\/albanija-ce-udesetostruciti-kapacitet-iz-vetra-solara-do-kraja-2023-godine\\\/#primaryimage\"},\"image\":{\"@id\":\"https:\\\/\\\/balkangreenenergynews.com\\\/rs\\\/albanija-ce-udesetostruciti-kapacitet-iz-vetra-solara-do-kraja-2023-godine\\\/#primaryimage\"},\"thumbnailUrl\":\"https:\\\/\\\/balkangreenenergynews.com\\\/rs\\\/wp-content\\\/uploads\\\/2022\\\/01\\\/Albanija-udesetostruciti-kapacitet-vetra-solara-2023.jpg?wsr\",\"datePublished\":\"2022-01-25T14:03:37+00:00\",\"dateModified\":\"2022-01-25T14:15:48+00:00\",\"author\":{\"@id\":\"https:\\\/\\\/balkangreenenergynews.com\\\/rs\\\/#\\\/schema\\\/person\\\/d8f80a244c4e9f2b55e4f6968c253246\"},\"description\":\"Operator prenosnog sistema Albanije OST veruje da \u0107e 2023. kapacitet solarnih i vetroelektrana vezanih na mre\u017eu dosti\u0107i 220,4 megavata.\",\"breadcrumb\":{\"@id\":\"https:\\\/\\\/balkangreenenergynews.com\\\/rs\\\/albanija-ce-udesetostruciti-kapacitet-iz-vetra-solara-do-kraja-2023-godine\\\/#breadcrumb\"},\"inLanguage\":\"sr-RS\",\"potentialAction\":[{\"@type\":\"ReadAction\",\"target\":[\"https:\\\/\\\/balkangreenenergynews.com\\\/rs\\\/albanija-ce-udesetostruciti-kapacitet-iz-vetra-solara-do-kraja-2023-godine\\\/\"]}]},{\"@type\":\"ImageObject\",\"inLanguage\":\"sr-RS\",\"@id\":\"https:\\\/\\\/balkangreenenergynews.com\\\/rs\\\/albanija-ce-udesetostruciti-kapacitet-iz-vetra-solara-do-kraja-2023-godine\\\/#primaryimage\",\"url\":\"https:\\\/\\\/balkangreenenergynews.com\\\/rs\\\/wp-content\\\/uploads\\\/2022\\\/01\\\/Albanija-udesetostruciti-kapacitet-vetra-solara-2023.jpg?wsr\",\"contentUrl\":\"https:\\\/\\\/balkangreenenergynews.com\\\/rs\\\/wp-content\\\/uploads\\\/2022\\\/01\\\/Albanija-udesetostruciti-kapacitet-vetra-solara-2023.jpg?wsr\",\"width\":840,\"height\":430,\"caption\":\"Albanija udesetostruciti kapacitet vetra, solara 2023\"},{\"@type\":\"BreadcrumbList\",\"@id\":\"https:\\\/\\\/balkangreenenergynews.com\\\/rs\\\/albanija-ce-udesetostruciti-kapacitet-iz-vetra-solara-do-kraja-2023-godine\\\/#breadcrumb\",\"itemListElement\":[{\"@type\":\"ListItem\",\"position\":1,\"name\":\"Po\u010detna\",\"item\":\"https:\\\/\\\/balkangreenenergynews.com\\\/rs\\\/\"},{\"@type\":\"ListItem\",\"position\":2,\"name\":\"Vesti\",\"item\":\"https:\\\/\\\/balkangreenenergynews.com\\\/rs\\\/kategorija\\\/vesti\\\/\"},{\"@type\":\"ListItem\",\"position\":3,\"name\":\"OIE\",\"item\":\"https:\\\/\\\/balkangreenenergynews.com\\\/rs\\\/kategorija\\\/vesti\\\/obnovljivi-izvori-energije\\\/\"},{\"@type\":\"ListItem\",\"position\":4,\"name\":\"Albanija \u0107e udesetostru\u010diti kapacitet iz vetra, solara do kraja 2023. godine\"}]},{\"@type\":\"WebSite\",\"@id\":\"https:\\\/\\\/balkangreenenergynews.com\\\/rs\\\/#website\",\"url\":\"https:\\\/\\\/balkangreenenergynews.com\\\/rs\\\/\",\"name\":\"Balkan Green Energy News\",\"description\":\"Naj\u0161iri izbor vesti sa Balkana o zelenoj energiji\",\"potentialAction\":[{\"@type\":\"SearchAction\",\"target\":{\"@type\":\"EntryPoint\",\"urlTemplate\":\"https:\\\/\\\/balkangreenenergynews.com\\\/rs\\\/?s={search_term_string}\"},\"query-input\":{\"@type\":\"PropertyValueSpecification\",\"valueRequired\":true,\"valueName\":\"search_term_string\"}}],\"inLanguage\":\"sr-RS\"},{\"@type\":\"Person\",\"@id\":\"https:\\\/\\\/balkangreenenergynews.com\\\/rs\\\/#\\\/schema\\\/person\\\/d8f80a244c4e9f2b55e4f6968c253246\",\"name\":\"Igor Todorovi\u0107\",\"url\":\"https:\\\/\\\/balkangreenenergynews.com\\\/rs\\\/author\\\/igor-todorovic\\\/\"}]}<\/script>\n<!-- \/ Yoast SEO plugin. -->","yoast_head_json":{"title":"Albanija \u0107e udesetostru\u010diti kapacitet iz vetra, solara do kraja 2023. godine","description":"Operator prenosnog sistema Albanije OST veruje da \u0107e 2023. kapacitet solarnih i vetroelektrana vezanih na mre\u017eu dosti\u0107i 220,4 megavata.","robots":{"index":"index","follow":"follow","max-snippet":"max-snippet:-1","max-image-preview":"max-image-preview:large","max-video-preview":"max-video-preview:-1"},"canonical":"https:\/\/balkangreenenergynews.com\/rs\/albanija-ce-udesetostruciti-kapacitet-iz-vetra-solara-do-kraja-2023-godine\/","og_locale":"sr_RS","og_type":"article","og_title":"Albanija \u0107e udesetostru\u010diti kapacitet iz vetra, solara do kraja 2023. godine","og_description":"Operator prenosnog sistema Albanije OST veruje da \u0107e 2023. kapacitet solarnih i vetroelektrana vezanih na mre\u017eu dosti\u0107i 220,4 megavata.","og_url":"https:\/\/balkangreenenergynews.com\/rs\/albanija-ce-udesetostruciti-kapacitet-iz-vetra-solara-do-kraja-2023-godine\/","og_site_name":"Balkan Green Energy News","article_published_time":"2022-01-25T14:03:37+00:00","article_modified_time":"2022-01-25T14:15:48+00:00","og_image":[{"width":840,"height":430,"url":"https:\/\/balkangreenenergynews.com\/rs\/wp-content\/uploads\/2022\/01\/Albanija-udesetostruciti-kapacitet-vetra-solara-2023.jpg","type":"image\/jpeg"}],"author":"Igor Todorovi\u0107","twitter_card":"summary_large_image","twitter_misc":{"\u041d\u0430\u043f\u0438\u0441\u0430\u043d\u043e \u043e\u0434":"Igor Todorovi\u0107","\u041f\u0440\u043e\u0446\u0435\u045a\u0435\u043d\u043e \u0432\u0440\u0435\u043c\u0435 \u0447\u0438\u0442\u0430\u045a\u0430":"3 \u043c\u0438\u043d\u0443\u0442\u0430"},"schema":{"@context":"https:\/\/schema.org","@graph":[{"@type":"Article","@id":"https:\/\/balkangreenenergynews.com\/rs\/albanija-ce-udesetostruciti-kapacitet-iz-vetra-solara-do-kraja-2023-godine\/#article","isPartOf":{"@id":"https:\/\/balkangreenenergynews.com\/rs\/albanija-ce-udesetostruciti-kapacitet-iz-vetra-solara-do-kraja-2023-godine\/"},"author":{"name":"Igor Todorovi\u0107","@id":"https:\/\/balkangreenenergynews.com\/rs\/#\/schema\/person\/d8f80a244c4e9f2b55e4f6968c253246"},"headline":"Albanija \u0107e udesetostru\u010diti kapacitet iz vetra, solara do kraja 2023. godine","datePublished":"2022-01-25T14:03:37+00:00","dateModified":"2022-01-25T14:15:48+00:00","mainEntityOfPage":{"@id":"https:\/\/balkangreenenergynews.com\/rs\/albanija-ce-udesetostruciti-kapacitet-iz-vetra-solara-do-kraja-2023-godine\/"},"wordCount":445,"commentCount":1,"image":{"@id":"https:\/\/balkangreenenergynews.com\/rs\/albanija-ce-udesetostruciti-kapacitet-iz-vetra-solara-do-kraja-2023-godine\/#primaryimage"},"thumbnailUrl":"https:\/\/balkangreenenergynews.com\/rs\/wp-content\/uploads\/2022\/01\/Albanija-udesetostruciti-kapacitet-vetra-solara-2023.jpg?wsr","keywords":["elektri\u010dna energija","obnovljivi izvori energije","operator prenosnog sistema","OST","prenos elektri\u010dne energije","prenosna mre\u017ea","prenosni sistem","solarne elektrane","vetroelektrane"],"articleSection":["Elektri\u010dna energija","OIE"],"inLanguage":"sr-RS","potentialAction":[{"@type":"CommentAction","name":"Comment","target":["https:\/\/balkangreenenergynews.com\/rs\/albanija-ce-udesetostruciti-kapacitet-iz-vetra-solara-do-kraja-2023-godine\/#respond"]}]},{"@type":"WebPage","@id":"https:\/\/balkangreenenergynews.com\/rs\/albanija-ce-udesetostruciti-kapacitet-iz-vetra-solara-do-kraja-2023-godine\/","url":"https:\/\/balkangreenenergynews.com\/rs\/albanija-ce-udesetostruciti-kapacitet-iz-vetra-solara-do-kraja-2023-godine\/","name":"Albanija \u0107e udesetostru\u010diti kapacitet iz vetra, solara do kraja 2023. godine","isPartOf":{"@id":"https:\/\/balkangreenenergynews.com\/rs\/#website"},"primaryImageOfPage":{"@id":"https:\/\/balkangreenenergynews.com\/rs\/albanija-ce-udesetostruciti-kapacitet-iz-vetra-solara-do-kraja-2023-godine\/#primaryimage"},"image":{"@id":"https:\/\/balkangreenenergynews.com\/rs\/albanija-ce-udesetostruciti-kapacitet-iz-vetra-solara-do-kraja-2023-godine\/#primaryimage"},"thumbnailUrl":"https:\/\/balkangreenenergynews.com\/rs\/wp-content\/uploads\/2022\/01\/Albanija-udesetostruciti-kapacitet-vetra-solara-2023.jpg?wsr","datePublished":"2022-01-25T14:03:37+00:00","dateModified":"2022-01-25T14:15:48+00:00","author":{"@id":"https:\/\/balkangreenenergynews.com\/rs\/#\/schema\/person\/d8f80a244c4e9f2b55e4f6968c253246"},"description":"Operator prenosnog sistema Albanije OST veruje da \u0107e 2023. kapacitet solarnih i vetroelektrana vezanih na mre\u017eu dosti\u0107i 220,4 megavata.","breadcrumb":{"@id":"https:\/\/balkangreenenergynews.com\/rs\/albanija-ce-udesetostruciti-kapacitet-iz-vetra-solara-do-kraja-2023-godine\/#breadcrumb"},"inLanguage":"sr-RS","potentialAction":[{"@type":"ReadAction","target":["https:\/\/balkangreenenergynews.com\/rs\/albanija-ce-udesetostruciti-kapacitet-iz-vetra-solara-do-kraja-2023-godine\/"]}]},{"@type":"ImageObject","inLanguage":"sr-RS","@id":"https:\/\/balkangreenenergynews.com\/rs\/albanija-ce-udesetostruciti-kapacitet-iz-vetra-solara-do-kraja-2023-godine\/#primaryimage","url":"https:\/\/balkangreenenergynews.com\/rs\/wp-content\/uploads\/2022\/01\/Albanija-udesetostruciti-kapacitet-vetra-solara-2023.jpg?wsr","contentUrl":"https:\/\/balkangreenenergynews.com\/rs\/wp-content\/uploads\/2022\/01\/Albanija-udesetostruciti-kapacitet-vetra-solara-2023.jpg?wsr","width":840,"height":430,"caption":"Albanija udesetostruciti kapacitet vetra, solara 2023"},{"@type":"BreadcrumbList","@id":"https:\/\/balkangreenenergynews.com\/rs\/albanija-ce-udesetostruciti-kapacitet-iz-vetra-solara-do-kraja-2023-godine\/#breadcrumb","itemListElement":[{"@type":"ListItem","position":1,"name":"Po\u010detna","item":"https:\/\/balkangreenenergynews.com\/rs\/"},{"@type":"ListItem","position":2,"name":"Vesti","item":"https:\/\/balkangreenenergynews.com\/rs\/kategorija\/vesti\/"},{"@type":"ListItem","position":3,"name":"OIE","item":"https:\/\/balkangreenenergynews.com\/rs\/kategorija\/vesti\/obnovljivi-izvori-energije\/"},{"@type":"ListItem","position":4,"name":"Albanija \u0107e udesetostru\u010diti kapacitet iz vetra, solara do kraja 2023. godine"}]},{"@type":"WebSite","@id":"https:\/\/balkangreenenergynews.com\/rs\/#website","url":"https:\/\/balkangreenenergynews.com\/rs\/","name":"Balkan Green Energy News","description":"Naj\u0161iri izbor vesti sa Balkana o zelenoj energiji","potentialAction":[{"@type":"SearchAction","target":{"@type":"EntryPoint","urlTemplate":"https:\/\/balkangreenenergynews.com\/rs\/?s={search_term_string}"},"query-input":{"@type":"PropertyValueSpecification","valueRequired":true,"valueName":"search_term_string"}}],"inLanguage":"sr-RS"},{"@type":"Person","@id":"https:\/\/balkangreenenergynews.com\/rs\/#\/schema\/person\/d8f80a244c4e9f2b55e4f6968c253246","name":"Igor Todorovi\u0107","url":"https:\/\/balkangreenenergynews.com\/rs\/author\/igor-todorovic\/"}]}},"_links":{"self":[{"href":"https:\/\/balkangreenenergynews.com\/rs\/wp-json\/wp\/v2\/posts\/45500","targetHints":{"allow":["GET"]}}],"collection":[{"href":"https:\/\/balkangreenenergynews.com\/rs\/wp-json\/wp\/v2\/posts"}],"about":[{"href":"https:\/\/balkangreenenergynews.com\/rs\/wp-json\/wp\/v2\/types\/post"}],"author":[{"embeddable":true,"href":"https:\/\/balkangreenenergynews.com\/rs\/wp-json\/wp\/v2\/users\/27"}],"replies":[{"embeddable":true,"href":"https:\/\/balkangreenenergynews.com\/rs\/wp-json\/wp\/v2\/comments?post=45500"}],"version-history":[{"count":0,"href":"https:\/\/balkangreenenergynews.com\/rs\/wp-json\/wp\/v2\/posts\/45500\/revisions"}],"wp:featuredmedia":[{"embeddable":true,"href":"https:\/\/balkangreenenergynews.com\/rs\/wp-json\/wp\/v2\/media\/45503"}],"wp:attachment":[{"href":"https:\/\/balkangreenenergynews.com\/rs\/wp-json\/wp\/v2\/media?parent=45500"}],"wp:term":[{"taxonomy":"category","embeddable":true,"href":"https:\/\/balkangreenenergynews.com\/rs\/wp-json\/wp\/v2\/categories?post=45500"},{"taxonomy":"post_tag","embeddable":true,"href":"https:\/\/balkangreenenergynews.com\/rs\/wp-json\/wp\/v2\/tags?post=45500"}],"curies":[{"name":"wp","href":"https:\/\/api.w.org\/{rel}","templated":true}]}}