{"id":45467,"date":"2022-01-24T21:03:55","date_gmt":"2022-01-24T20:03:55","guid":{"rendered":"https:\/\/balkangreenenergynews.com\/rs\/?p=45467"},"modified":"2022-01-25T12:58:52","modified_gmt":"2022-01-25T11:58:52","slug":"zagreb-uvodi-novi-komunalni-model-koji-motivise-gradjane-da-razvrstavaju-otpad","status":"publish","type":"post","link":"https:\/\/balkangreenenergynews.com\/rs\/zagreb-uvodi-novi-komunalni-model-koji-motivise-gradjane-da-razvrstavaju-otpad\/","title":{"rendered":"Zagreb uvodi novi komunalni model koji motivi\u0161e gra\u0111ane da razvrstavaju otpad"},"content":{"rendered":"<h2>Usluga odvo\u017eenja komunalnog otpada napla\u0107iva\u0107e se po koli\u010dini, a ne pau\u0161alno kao do sada. Gra\u0111ani \u0107e otpad odlagati u &#8222;slu\u017ebenim vre\u0107icama&#8220; i kroz cenu tih vre\u0107ica \u0107e pla\u0107ati deo usluge odvoza otpada. Novi, &#8222;pravedniji, zeleniji i odgovorniji&#8220; sistem prikupljanja i naplate odno\u0161enja otpada u Zagrebu predstavio je gradona\u010delnik Tomislav Toma\u0161evi\u0107.<\/h2>\n<p>Novi model \u0107e omogu\u0107iti da se smanjiti ukupna koli\u010dna me\u0161anog otpada u Zagrebu, a u isto vreme pove\u0107a koli\u010dina odvojenog otpada za recikla\u017eu i kompostiranje, rekao je gradona\u010delnik povodom predstavljanja predloga novog modela odno\u0161enja i napla\u0107ivanja otpada.<\/p>\n<p>Gra\u0111ani \u0107e razdvajati i sortirati otpad, a gradske slu\u017ebe \u0107e dalje taj otpad adekvatno zbrinjavati i reciklirati. &#8222;Ono \u0161to nam je klju\u010dno je partnerstvo sa gra\u0111anima. Da bi se ovo sve dogodilo bi\u0107e potrebno da doista nas promijeni svoje navike i da nam gra\u0111ani pomognu u ovoj transformaciji sustava gospodarenja otpadom&#8220;, ka\u017ee gradona\u010delnik.<\/p>\n<h3>Motivacija za sortiranje ku\u0107nog otpada<\/h3>\n<p>Dosada\u0161nji sistem nije motivisao gra\u0111ane na razdvajanje otpada, jer se bazirao na pau\u0161alnoj ceni i svako je pla\u0107ao jednako, bez obzira na to da li razdvaja otpad, navodi gradona\u010delnik. On isti\u010de da \u0107e se nova usluga napla\u0107ivati po koli\u010dini me\u0161anog komunalnog otpada, a ne po kvadraturi nekretnine.<\/p>\n<blockquote><p>Usluga \u0107e se napla\u0107ivati po koli\u010dini me\u0161anog komunalnog otpada, a ne po kvadraturi nekretnine<\/p><\/blockquote>\n<p>Prema ovom predlogu, obavezna usluga odvo\u017eenja, odnosno fiksni deo, iznosi\u0107e 45 kuna (\u0161est evra) mese\u010dno. U to je ura\u010dunato odvo\u017eenje sortiranog otpada (papir, plastika, metal, staklo, biootpad). A na to se dodaje varijabilni deo. Naime, gra\u0111ani \u0107e me\u0161ani, neselektovani otpad odlagati u &#8222;slu\u017ebenim vre\u0107icama&#8220;, koje \u0107e biti dostupne u trgovinama po ceni od oko \u010detiri kune (53 evrocenta) za kesu od 20 litara. Kroz cenu slu\u017ebenih kesa \u0107e pla\u0107ati zapravo varijabilni deo usluge odvoza otpada.<\/p>\n<figure id=\"attachment_45471\" aria-describedby=\"caption-attachment-45471\" style=\"width: 500px\" class=\"wp-caption aligncenter\"><img loading=\"lazy\" decoding=\"async\" class=\"wp-image-45471 size-medium\" src=\"https:\/\/balkangreenenergynews.com\/rs\/wp-content\/uploads\/2022\/01\/tomasevic3-840-500x500.jpg\" alt=\"Zagreb uvodi novi komunalni model koji motivi\u0161e gra\u0111ane da razvrstavaju otpad\" width=\"500\" height=\"500\" srcset=\"https:\/\/balkangreenenergynews.com\/rs\/wp-content\/uploads\/2022\/01\/tomasevic3-840-500x500.jpg 500w, https:\/\/balkangreenenergynews.com\/rs\/wp-content\/uploads\/2022\/01\/tomasevic3-840-370x370.jpg 370w, https:\/\/balkangreenenergynews.com\/rs\/wp-content\/uploads\/2022\/01\/tomasevic3-840-768x768.jpg 768w, https:\/\/balkangreenenergynews.com\/rs\/wp-content\/uploads\/2022\/01\/tomasevic3-840-300x300.jpg 300w, https:\/\/balkangreenenergynews.com\/rs\/wp-content\/uploads\/2022\/01\/tomasevic3-840.jpg 840w\" sizes=\"auto, (max-width: 500px) 100vw, 500px\" \/><figcaption id=\"caption-attachment-45471\" class=\"wp-caption-text\">Foto: Zagreb je NA\u0160!<\/figcaption><\/figure>\n<p>&#8222;To je model kakav imaju \u0161vicarski i belgijski gradovi i to je model koji omogu\u0107uje indvidualizaciju pla\u0107anja usluge prema doista odlo\u017eenom mije\u0161anom otpadu, kako bi se stimuliralo gra\u0111ane da \u0161to vi\u0161e odvajaju za recikliranje i sortiranje&#8220;, ka\u017ee gradona\u010delnik.<\/p>\n<h3>Kontejneri pod kontrolom<\/h3>\n<p>Zagreb vi\u0161e ne\u0107e biti \u201ckantograd\u201c i kontejneri se ubudu\u0107e ne\u0107e nalaziti na javnim povr\u0161inama, rekao je Toma\u0161evi\u0107. Gra\u0111ani \u0107e imati obavezu da kontejnere za odlaganje otpada stave pod kontrolu, u smetlarnike ili unutra\u0161nja dvori\u0161ta ili da im na drugi na\u010din ograni\u010de pristup, dok \u0107e se nepropisno odlaganje otpada i nov\u010dano ka\u017enjavati.<\/p>\n<blockquote><p>Potrebno je staviti kontejnere pod kontrolu vlasnika stambenih zgrada<\/p><\/blockquote>\n<p>Gradona\u010delnik napominje da je potrebno da se kontejneri, kojih je trenutno oko 200 hiljada na javnim povr\u0161inama, stave ponovno pod kontrolu vlasnika stambenih zgrada. On isti\u010de da je to i najve\u0107i to problem &#8211; kako prona\u0107i na\u010din da se kontejneri stave pod klju\u010d i da se kontroli\u0161u, te da se onemogu\u0107i pristup tre\u0107im osobama.<\/p>\n<p>U predlogu novog modela predvi\u0111eni su i popusti za porodice sa malom decom koja koriste pelene i osobe koje koriste recikla\u017ena dvori\u0161ta, dok najugro\u017eeniji ne\u0107e pla\u0107ati fiksni deo. Predlog je u proceduri i trenutno je na javnom uvidu, a primena ovog modela bi trebalo da po\u010dne 1. jula, rekao je Toma\u0161evi\u0107.<\/p>\n<h3>Grad poziva na zajedni\u010dko delovanje<\/h3>\n<p>Zamenica gradona\u010delnika Danijela Dolenec isti\u010de da \u0107e &#8222;uz malo edukacije i truda&#8220; Zagreb postati grad koji reciklira najmanje polovinu otpada iz doma\u0107instava i najmanje 65 procenata me\u0161anog komunalnog otpada. &#8222;To \u0107e biti grad koji <a href=\"https:\/\/balkangreenenergynews.com\/rs\/gradonacelnik-tomasevic-resava-problem-kabastog-otpada-u-zagrebu-i-stedi-novac-gradana\/\">otpad koristi i prodaje kao sirovinu<\/a>. Grad bez kanti na ulicama. Grad bez odlagali\u0161ta na Jaku\u0161evcu&#8220;, ka\u017ee Dolenec.<\/p>\n<p>U platformi Zagreb je na\u0161! koja predvodi <a href=\"https:\/\/balkangreenenergynews.com\/rs\/tomasevic-iz-zeleno-leve-liste-mozemo-bice-gradonacelnik-zagreba\/\">vladaju\u0107u koaliciju Mo\u017eemo!<\/a> u glavnom gradu Hrvatske, navode da je Zagreb pre nekoliko godina zauzeo poslednje mesto me\u0111u 28 glavnih gradova EU po odvajanju i recikliranju otpada. Pritom je lokalna samouprava 2020. godine platila devet miliona kuna (1,2 miliona evra) penala zbog neispunjenih obaveza prema Evropskoj uniji za smanjenje koli\u010dine otpada koji ide na deponije, navode u ovoj politi\u010dkoj platformi.<\/p>\n<blockquote><p>Od gra\u0111ana se o\u010dekuje da prona\u0111u najbolja re\u0161enja u svojim zgradama<\/p><\/blockquote>\n<p>Grad Zagreb ovim ima za cilj i ja\u010danje zajednica. Novi model tra\u017ei od gra\u0111ana da zajedno sa susedima i suvlasnicima prona\u0111u najbolja re\u0161enja u svojim zgradama, ali i to da upozoravaju one koji pravila ne po\u0161tuju, izjavila je Dolenec. Ona je naglasila da su ovakvim modelom svi gra\u0111ani motivisani da razdvajaju otpad i tako direktno smanjuju zaga\u0111enje.<\/p>\n","protected":false},"excerpt":{"rendered":"<p>Gra\u0111ani \u0107e otpad odlagati u &#8222;slu\u017ebenim vre\u0107icama&#8220; i kroz cenu tih kesa \u0107e pla\u0107ati deo usluge odvoza ku\u0107nog otpada<\/p>\n","protected":false},"author":30,"featured_media":45481,"comment_status":"open","ping_status":"open","sticky":false,"template":"","format":"standard","meta":{"_acf_changed":false,"_monsterinsights_skip_tracking":false,"_monsterinsights_sitenote_active":false,"_monsterinsights_sitenote_note":"","_monsterinsights_sitenote_category":0,"footnotes":""},"categories":[5],"tags":[1924,679,825],"class_list":["post-45467","post","type-post","status-publish","format-standard","has-post-thumbnail","hentry","category-otpad","tag-komunalni-otpad","tag-otpad","tag-reciklaza","country-hrvatska"],"acf":[],"yoast_head":"<!-- This site is optimized with the Yoast SEO plugin v27.4 - https:\/\/yoast.com\/product\/yoast-seo-wordpress\/ -->\n<title>Zagreb uvodi novi komunalni model koji motivi\u0161e gra\u0111ane da razvrstavaju otpad<\/title>\n<meta name=\"description\" content=\"Gra\u0111ani \u0107e otpad odlagati u &quot;slu\u017ebenim vre\u0107icama&quot; i kroz cenu tih kesa \u0107e pla\u0107ati deo usluge odvoza ku\u0107nog otpada.\" \/>\n<meta name=\"robots\" content=\"index, follow, max-snippet:-1, max-image-preview:large, max-video-preview:-1\" \/>\n<link rel=\"canonical\" href=\"https:\/\/balkangreenenergynews.com\/rs\/zagreb-uvodi-novi-komunalni-model-koji-motivise-gradjane-da-razvrstavaju-otpad\/\" \/>\n<meta property=\"og:locale\" content=\"sr_RS\" \/>\n<meta property=\"og:type\" content=\"article\" \/>\n<meta property=\"og:title\" content=\"Zagreb uvodi novi komunalni model koji motivi\u0161e gra\u0111ane da razvrstavaju otpad\" \/>\n<meta property=\"og:description\" content=\"Gra\u0111ani \u0107e otpad odlagati u &quot;slu\u017ebenim vre\u0107icama&quot; i kroz cenu tih kesa \u0107e pla\u0107ati deo usluge odvoza ku\u0107nog otpada.\" \/>\n<meta property=\"og:url\" content=\"https:\/\/balkangreenenergynews.com\/rs\/zagreb-uvodi-novi-komunalni-model-koji-motivise-gradjane-da-razvrstavaju-otpad\/\" \/>\n<meta property=\"og:site_name\" content=\"Balkan Green Energy News\" \/>\n<meta property=\"article:published_time\" content=\"2022-01-24T20:03:55+00:00\" \/>\n<meta property=\"article:modified_time\" content=\"2022-01-25T11:58:52+00:00\" \/>\n<meta property=\"og:image\" content=\"https:\/\/balkangreenenergynews.com\/rs\/wp-content\/uploads\/2022\/01\/zagreb-je-nas-840-x-430.jpg\" \/>\n\t<meta property=\"og:image:width\" content=\"840\" \/>\n\t<meta property=\"og:image:height\" content=\"430\" \/>\n\t<meta property=\"og:image:type\" content=\"image\/jpeg\" \/>\n<meta name=\"author\" content=\"Mihajlo Vujasin\" \/>\n<meta name=\"twitter:card\" content=\"summary_large_image\" \/>\n<meta name=\"twitter:label1\" content=\"\u041d\u0430\u043f\u0438\u0441\u0430\u043d\u043e \u043e\u0434\" \/>\n\t<meta name=\"twitter:data1\" content=\"Mihajlo Vujasin\" \/>\n\t<meta name=\"twitter:label2\" content=\"\u041f\u0440\u043e\u0446\u0435\u045a\u0435\u043d\u043e \u0432\u0440\u0435\u043c\u0435 \u0447\u0438\u0442\u0430\u045a\u0430\" \/>\n\t<meta name=\"twitter:data2\" content=\"4 \u043c\u0438\u043d\u0443\u0442\u0430\" \/>\n<script type=\"application\/ld+json\" class=\"yoast-schema-graph\">{\"@context\":\"https:\\\/\\\/schema.org\",\"@graph\":[{\"@type\":\"Article\",\"@id\":\"https:\\\/\\\/balkangreenenergynews.com\\\/rs\\\/zagreb-uvodi-novi-komunalni-model-koji-motivise-gradjane-da-razvrstavaju-otpad\\\/#article\",\"isPartOf\":{\"@id\":\"https:\\\/\\\/balkangreenenergynews.com\\\/rs\\\/zagreb-uvodi-novi-komunalni-model-koji-motivise-gradjane-da-razvrstavaju-otpad\\\/\"},\"author\":{\"name\":\"Mihajlo Vujasin\",\"@id\":\"https:\\\/\\\/balkangreenenergynews.com\\\/rs\\\/#\\\/schema\\\/person\\\/6b3cd0445eb192f645c773282d0747ca\"},\"headline\":\"Zagreb uvodi novi komunalni model koji motivi\u0161e gra\u0111ane da razvrstavaju otpad\",\"datePublished\":\"2022-01-24T20:03:55+00:00\",\"dateModified\":\"2022-01-25T11:58:52+00:00\",\"mainEntityOfPage\":{\"@id\":\"https:\\\/\\\/balkangreenenergynews.com\\\/rs\\\/zagreb-uvodi-novi-komunalni-model-koji-motivise-gradjane-da-razvrstavaju-otpad\\\/\"},\"wordCount\":811,\"commentCount\":0,\"image\":{\"@id\":\"https:\\\/\\\/balkangreenenergynews.com\\\/rs\\\/zagreb-uvodi-novi-komunalni-model-koji-motivise-gradjane-da-razvrstavaju-otpad\\\/#primaryimage\"},\"thumbnailUrl\":\"https:\\\/\\\/balkangreenenergynews.com\\\/rs\\\/wp-content\\\/uploads\\\/2022\\\/01\\\/zagreb-je-nas-840-x-430.jpg?wsr\",\"keywords\":[\"komunalni otpad\",\"otpad\",\"recikla\u017ea\"],\"articleSection\":[\"Otpad\"],\"inLanguage\":\"sr-RS\",\"potentialAction\":[{\"@type\":\"CommentAction\",\"name\":\"Comment\",\"target\":[\"https:\\\/\\\/balkangreenenergynews.com\\\/rs\\\/zagreb-uvodi-novi-komunalni-model-koji-motivise-gradjane-da-razvrstavaju-otpad\\\/#respond\"]}]},{\"@type\":\"WebPage\",\"@id\":\"https:\\\/\\\/balkangreenenergynews.com\\\/rs\\\/zagreb-uvodi-novi-komunalni-model-koji-motivise-gradjane-da-razvrstavaju-otpad\\\/\",\"url\":\"https:\\\/\\\/balkangreenenergynews.com\\\/rs\\\/zagreb-uvodi-novi-komunalni-model-koji-motivise-gradjane-da-razvrstavaju-otpad\\\/\",\"name\":\"Zagreb uvodi novi komunalni model koji motivi\u0161e gra\u0111ane da razvrstavaju otpad\",\"isPartOf\":{\"@id\":\"https:\\\/\\\/balkangreenenergynews.com\\\/rs\\\/#website\"},\"primaryImageOfPage\":{\"@id\":\"https:\\\/\\\/balkangreenenergynews.com\\\/rs\\\/zagreb-uvodi-novi-komunalni-model-koji-motivise-gradjane-da-razvrstavaju-otpad\\\/#primaryimage\"},\"image\":{\"@id\":\"https:\\\/\\\/balkangreenenergynews.com\\\/rs\\\/zagreb-uvodi-novi-komunalni-model-koji-motivise-gradjane-da-razvrstavaju-otpad\\\/#primaryimage\"},\"thumbnailUrl\":\"https:\\\/\\\/balkangreenenergynews.com\\\/rs\\\/wp-content\\\/uploads\\\/2022\\\/01\\\/zagreb-je-nas-840-x-430.jpg?wsr\",\"datePublished\":\"2022-01-24T20:03:55+00:00\",\"dateModified\":\"2022-01-25T11:58:52+00:00\",\"author\":{\"@id\":\"https:\\\/\\\/balkangreenenergynews.com\\\/rs\\\/#\\\/schema\\\/person\\\/6b3cd0445eb192f645c773282d0747ca\"},\"description\":\"Gra\u0111ani \u0107e otpad odlagati u \\\"slu\u017ebenim vre\u0107icama\\\" i kroz cenu tih kesa \u0107e pla\u0107ati deo usluge odvoza ku\u0107nog otpada.\",\"breadcrumb\":{\"@id\":\"https:\\\/\\\/balkangreenenergynews.com\\\/rs\\\/zagreb-uvodi-novi-komunalni-model-koji-motivise-gradjane-da-razvrstavaju-otpad\\\/#breadcrumb\"},\"inLanguage\":\"sr-RS\",\"potentialAction\":[{\"@type\":\"ReadAction\",\"target\":[\"https:\\\/\\\/balkangreenenergynews.com\\\/rs\\\/zagreb-uvodi-novi-komunalni-model-koji-motivise-gradjane-da-razvrstavaju-otpad\\\/\"]}]},{\"@type\":\"ImageObject\",\"inLanguage\":\"sr-RS\",\"@id\":\"https:\\\/\\\/balkangreenenergynews.com\\\/rs\\\/zagreb-uvodi-novi-komunalni-model-koji-motivise-gradjane-da-razvrstavaju-otpad\\\/#primaryimage\",\"url\":\"https:\\\/\\\/balkangreenenergynews.com\\\/rs\\\/wp-content\\\/uploads\\\/2022\\\/01\\\/zagreb-je-nas-840-x-430.jpg?wsr\",\"contentUrl\":\"https:\\\/\\\/balkangreenenergynews.com\\\/rs\\\/wp-content\\\/uploads\\\/2022\\\/01\\\/zagreb-je-nas-840-x-430.jpg?wsr\",\"width\":840,\"height\":430,\"caption\":\"Gra\u0111ani \u0107e otpad odlagati u \\\"slu\u017ebenim vre\u0107icama\\\" i kroz cenu tih kesa \u0107e pla\u0107ati deo usluge odvoza ku\u0107nog otpada.\"},{\"@type\":\"BreadcrumbList\",\"@id\":\"https:\\\/\\\/balkangreenenergynews.com\\\/rs\\\/zagreb-uvodi-novi-komunalni-model-koji-motivise-gradjane-da-razvrstavaju-otpad\\\/#breadcrumb\",\"itemListElement\":[{\"@type\":\"ListItem\",\"position\":1,\"name\":\"Po\u010detna\",\"item\":\"https:\\\/\\\/balkangreenenergynews.com\\\/rs\\\/\"},{\"@type\":\"ListItem\",\"position\":2,\"name\":\"Vesti\",\"item\":\"https:\\\/\\\/balkangreenenergynews.com\\\/rs\\\/kategorija\\\/vesti\\\/\"},{\"@type\":\"ListItem\",\"position\":3,\"name\":\"Otpad\",\"item\":\"https:\\\/\\\/balkangreenenergynews.com\\\/rs\\\/kategorija\\\/vesti\\\/otpad\\\/\"},{\"@type\":\"ListItem\",\"position\":4,\"name\":\"Zagreb uvodi novi komunalni model koji motivi\u0161e gra\u0111ane da razvrstavaju otpad\"}]},{\"@type\":\"WebSite\",\"@id\":\"https:\\\/\\\/balkangreenenergynews.com\\\/rs\\\/#website\",\"url\":\"https:\\\/\\\/balkangreenenergynews.com\\\/rs\\\/\",\"name\":\"Balkan Green Energy News\",\"description\":\"Naj\u0161iri izbor vesti sa Balkana o zelenoj energiji\",\"potentialAction\":[{\"@type\":\"SearchAction\",\"target\":{\"@type\":\"EntryPoint\",\"urlTemplate\":\"https:\\\/\\\/balkangreenenergynews.com\\\/rs\\\/?s={search_term_string}\"},\"query-input\":{\"@type\":\"PropertyValueSpecification\",\"valueRequired\":true,\"valueName\":\"search_term_string\"}}],\"inLanguage\":\"sr-RS\"},{\"@type\":\"Person\",\"@id\":\"https:\\\/\\\/balkangreenenergynews.com\\\/rs\\\/#\\\/schema\\\/person\\\/6b3cd0445eb192f645c773282d0747ca\",\"name\":\"Mihajlo Vujasin\",\"url\":\"https:\\\/\\\/balkangreenenergynews.com\\\/rs\\\/author\\\/mihajlo-vujasin\\\/\"}]}<\/script>\n<!-- \/ Yoast SEO plugin. -->","yoast_head_json":{"title":"Zagreb uvodi novi komunalni model koji motivi\u0161e gra\u0111ane da razvrstavaju otpad","description":"Gra\u0111ani \u0107e otpad odlagati u \"slu\u017ebenim vre\u0107icama\" i kroz cenu tih kesa \u0107e pla\u0107ati deo usluge odvoza ku\u0107nog otpada.","robots":{"index":"index","follow":"follow","max-snippet":"max-snippet:-1","max-image-preview":"max-image-preview:large","max-video-preview":"max-video-preview:-1"},"canonical":"https:\/\/balkangreenenergynews.com\/rs\/zagreb-uvodi-novi-komunalni-model-koji-motivise-gradjane-da-razvrstavaju-otpad\/","og_locale":"sr_RS","og_type":"article","og_title":"Zagreb uvodi novi komunalni model koji motivi\u0161e gra\u0111ane da razvrstavaju otpad","og_description":"Gra\u0111ani \u0107e otpad odlagati u \"slu\u017ebenim vre\u0107icama\" i kroz cenu tih kesa \u0107e pla\u0107ati deo usluge odvoza ku\u0107nog otpada.","og_url":"https:\/\/balkangreenenergynews.com\/rs\/zagreb-uvodi-novi-komunalni-model-koji-motivise-gradjane-da-razvrstavaju-otpad\/","og_site_name":"Balkan Green Energy News","article_published_time":"2022-01-24T20:03:55+00:00","article_modified_time":"2022-01-25T11:58:52+00:00","og_image":[{"width":840,"height":430,"url":"https:\/\/balkangreenenergynews.com\/rs\/wp-content\/uploads\/2022\/01\/zagreb-je-nas-840-x-430.jpg","type":"image\/jpeg"}],"author":"Mihajlo Vujasin","twitter_card":"summary_large_image","twitter_misc":{"\u041d\u0430\u043f\u0438\u0441\u0430\u043d\u043e \u043e\u0434":"Mihajlo Vujasin","\u041f\u0440\u043e\u0446\u0435\u045a\u0435\u043d\u043e \u0432\u0440\u0435\u043c\u0435 \u0447\u0438\u0442\u0430\u045a\u0430":"4 \u043c\u0438\u043d\u0443\u0442\u0430"},"schema":{"@context":"https:\/\/schema.org","@graph":[{"@type":"Article","@id":"https:\/\/balkangreenenergynews.com\/rs\/zagreb-uvodi-novi-komunalni-model-koji-motivise-gradjane-da-razvrstavaju-otpad\/#article","isPartOf":{"@id":"https:\/\/balkangreenenergynews.com\/rs\/zagreb-uvodi-novi-komunalni-model-koji-motivise-gradjane-da-razvrstavaju-otpad\/"},"author":{"name":"Mihajlo Vujasin","@id":"https:\/\/balkangreenenergynews.com\/rs\/#\/schema\/person\/6b3cd0445eb192f645c773282d0747ca"},"headline":"Zagreb uvodi novi komunalni model koji motivi\u0161e gra\u0111ane da razvrstavaju otpad","datePublished":"2022-01-24T20:03:55+00:00","dateModified":"2022-01-25T11:58:52+00:00","mainEntityOfPage":{"@id":"https:\/\/balkangreenenergynews.com\/rs\/zagreb-uvodi-novi-komunalni-model-koji-motivise-gradjane-da-razvrstavaju-otpad\/"},"wordCount":811,"commentCount":0,"image":{"@id":"https:\/\/balkangreenenergynews.com\/rs\/zagreb-uvodi-novi-komunalni-model-koji-motivise-gradjane-da-razvrstavaju-otpad\/#primaryimage"},"thumbnailUrl":"https:\/\/balkangreenenergynews.com\/rs\/wp-content\/uploads\/2022\/01\/zagreb-je-nas-840-x-430.jpg?wsr","keywords":["komunalni otpad","otpad","recikla\u017ea"],"articleSection":["Otpad"],"inLanguage":"sr-RS","potentialAction":[{"@type":"CommentAction","name":"Comment","target":["https:\/\/balkangreenenergynews.com\/rs\/zagreb-uvodi-novi-komunalni-model-koji-motivise-gradjane-da-razvrstavaju-otpad\/#respond"]}]},{"@type":"WebPage","@id":"https:\/\/balkangreenenergynews.com\/rs\/zagreb-uvodi-novi-komunalni-model-koji-motivise-gradjane-da-razvrstavaju-otpad\/","url":"https:\/\/balkangreenenergynews.com\/rs\/zagreb-uvodi-novi-komunalni-model-koji-motivise-gradjane-da-razvrstavaju-otpad\/","name":"Zagreb uvodi novi komunalni model koji motivi\u0161e gra\u0111ane da razvrstavaju otpad","isPartOf":{"@id":"https:\/\/balkangreenenergynews.com\/rs\/#website"},"primaryImageOfPage":{"@id":"https:\/\/balkangreenenergynews.com\/rs\/zagreb-uvodi-novi-komunalni-model-koji-motivise-gradjane-da-razvrstavaju-otpad\/#primaryimage"},"image":{"@id":"https:\/\/balkangreenenergynews.com\/rs\/zagreb-uvodi-novi-komunalni-model-koji-motivise-gradjane-da-razvrstavaju-otpad\/#primaryimage"},"thumbnailUrl":"https:\/\/balkangreenenergynews.com\/rs\/wp-content\/uploads\/2022\/01\/zagreb-je-nas-840-x-430.jpg?wsr","datePublished":"2022-01-24T20:03:55+00:00","dateModified":"2022-01-25T11:58:52+00:00","author":{"@id":"https:\/\/balkangreenenergynews.com\/rs\/#\/schema\/person\/6b3cd0445eb192f645c773282d0747ca"},"description":"Gra\u0111ani \u0107e otpad odlagati u \"slu\u017ebenim vre\u0107icama\" i kroz cenu tih kesa \u0107e pla\u0107ati deo usluge odvoza ku\u0107nog otpada.","breadcrumb":{"@id":"https:\/\/balkangreenenergynews.com\/rs\/zagreb-uvodi-novi-komunalni-model-koji-motivise-gradjane-da-razvrstavaju-otpad\/#breadcrumb"},"inLanguage":"sr-RS","potentialAction":[{"@type":"ReadAction","target":["https:\/\/balkangreenenergynews.com\/rs\/zagreb-uvodi-novi-komunalni-model-koji-motivise-gradjane-da-razvrstavaju-otpad\/"]}]},{"@type":"ImageObject","inLanguage":"sr-RS","@id":"https:\/\/balkangreenenergynews.com\/rs\/zagreb-uvodi-novi-komunalni-model-koji-motivise-gradjane-da-razvrstavaju-otpad\/#primaryimage","url":"https:\/\/balkangreenenergynews.com\/rs\/wp-content\/uploads\/2022\/01\/zagreb-je-nas-840-x-430.jpg?wsr","contentUrl":"https:\/\/balkangreenenergynews.com\/rs\/wp-content\/uploads\/2022\/01\/zagreb-je-nas-840-x-430.jpg?wsr","width":840,"height":430,"caption":"Gra\u0111ani \u0107e otpad odlagati u \"slu\u017ebenim vre\u0107icama\" i kroz cenu tih kesa \u0107e pla\u0107ati deo usluge odvoza ku\u0107nog otpada."},{"@type":"BreadcrumbList","@id":"https:\/\/balkangreenenergynews.com\/rs\/zagreb-uvodi-novi-komunalni-model-koji-motivise-gradjane-da-razvrstavaju-otpad\/#breadcrumb","itemListElement":[{"@type":"ListItem","position":1,"name":"Po\u010detna","item":"https:\/\/balkangreenenergynews.com\/rs\/"},{"@type":"ListItem","position":2,"name":"Vesti","item":"https:\/\/balkangreenenergynews.com\/rs\/kategorija\/vesti\/"},{"@type":"ListItem","position":3,"name":"Otpad","item":"https:\/\/balkangreenenergynews.com\/rs\/kategorija\/vesti\/otpad\/"},{"@type":"ListItem","position":4,"name":"Zagreb uvodi novi komunalni model koji motivi\u0161e gra\u0111ane da razvrstavaju otpad"}]},{"@type":"WebSite","@id":"https:\/\/balkangreenenergynews.com\/rs\/#website","url":"https:\/\/balkangreenenergynews.com\/rs\/","name":"Balkan Green Energy News","description":"Naj\u0161iri izbor vesti sa Balkana o zelenoj energiji","potentialAction":[{"@type":"SearchAction","target":{"@type":"EntryPoint","urlTemplate":"https:\/\/balkangreenenergynews.com\/rs\/?s={search_term_string}"},"query-input":{"@type":"PropertyValueSpecification","valueRequired":true,"valueName":"search_term_string"}}],"inLanguage":"sr-RS"},{"@type":"Person","@id":"https:\/\/balkangreenenergynews.com\/rs\/#\/schema\/person\/6b3cd0445eb192f645c773282d0747ca","name":"Mihajlo Vujasin","url":"https:\/\/balkangreenenergynews.com\/rs\/author\/mihajlo-vujasin\/"}]}},"_links":{"self":[{"href":"https:\/\/balkangreenenergynews.com\/rs\/wp-json\/wp\/v2\/posts\/45467","targetHints":{"allow":["GET"]}}],"collection":[{"href":"https:\/\/balkangreenenergynews.com\/rs\/wp-json\/wp\/v2\/posts"}],"about":[{"href":"https:\/\/balkangreenenergynews.com\/rs\/wp-json\/wp\/v2\/types\/post"}],"author":[{"embeddable":true,"href":"https:\/\/balkangreenenergynews.com\/rs\/wp-json\/wp\/v2\/users\/30"}],"replies":[{"embeddable":true,"href":"https:\/\/balkangreenenergynews.com\/rs\/wp-json\/wp\/v2\/comments?post=45467"}],"version-history":[{"count":0,"href":"https:\/\/balkangreenenergynews.com\/rs\/wp-json\/wp\/v2\/posts\/45467\/revisions"}],"wp:featuredmedia":[{"embeddable":true,"href":"https:\/\/balkangreenenergynews.com\/rs\/wp-json\/wp\/v2\/media\/45481"}],"wp:attachment":[{"href":"https:\/\/balkangreenenergynews.com\/rs\/wp-json\/wp\/v2\/media?parent=45467"}],"wp:term":[{"taxonomy":"category","embeddable":true,"href":"https:\/\/balkangreenenergynews.com\/rs\/wp-json\/wp\/v2\/categories?post=45467"},{"taxonomy":"post_tag","embeddable":true,"href":"https:\/\/balkangreenenergynews.com\/rs\/wp-json\/wp\/v2\/tags?post=45467"}],"curies":[{"name":"wp","href":"https:\/\/api.w.org\/{rel}","templated":true}]}}