{"id":45235,"date":"2022-01-18T15:42:22","date_gmt":"2022-01-18T14:42:22","guid":{"rendered":"https:\/\/balkangreenenergynews.com\/rs\/?p=45235"},"modified":"2022-01-18T15:42:22","modified_gmt":"2022-01-18T14:42:22","slug":"poziv-za-postdiplomce-mlade-na-pocetku-karijere-za-letnju-skolu-energetske-zajednice","status":"publish","type":"post","link":"https:\/\/balkangreenenergynews.com\/rs\/poziv-za-postdiplomce-mlade-na-pocetku-karijere-za-letnju-skolu-energetske-zajednice\/","title":{"rendered":"Poziv za postdiplomce, mlade na po\u010detku karijere za Letnju \u0161kolu Energetske zajednice"},"content":{"rendered":"<h2>Sekretarijat Energetske zajednice prima prijave za \u0161estu Letnju \u0161kolu Energetske zajednice, koja \u0107e se odr\u017eati u Sarajevu. To je prilika za studente i studentkinje postdiplomskih studija i mlade na po\u010detku karijere da se temeljno upoznaju s energetskom tranzicijom.<\/h2>\n<p>Postdiplomci, istra\u017eiva\u010di i istra\u017eiva\u010dice u energetici i mladi profesionalci iz vladinih institucija, kompanija, nezavisnih instituta i civilnog sektora u Evropskoj uniji i okolnim zemljama imaju pravo da poha\u0111aju <a href=\"https:\/\/www.energy-community.org\/aboutus\/summer-school\/2022.html\">Letnju \u0161kolu Energetske zajednice 2022. u Sarajevu<\/a> u Bosni i Hercegovini.<\/p>\n<p>Program od 20. do 27. avgusta se sastoji od kursa, predavanja gostuju\u0107ih stru\u010dnjaka i dru\u0161tvenih aktivnosti. U\u010desnike \u0107e na Fakultetu politi\u010dkih nauka Univerziteta u Sarajevu podu\u010davati profesori i istra\u017eiva\u010di visokog ranga kao i eksperti i iskusni profesionalci iz energetskih kompanija, saop\u0161tio je Sekretarijat Energetske zajednice.<\/p>\n<blockquote><p>U\u010desnici \u0107e biti stari do 35 godina \u2013 ro\u0111eni 1987. ili kasnije<\/p><\/blockquote>\n<p>Prijave \u0107e biti primane zaklju\u010dno s 31. martom. U objavi se dodaje da \u0107e odabrana grupa ste\u0107i temeljno znanje o energetskoj tranziciji u svoj svojoj kompleksnosti i dobiti platformu za razmenu i oblikovanje budu\u0107nosti tog sektora. Polaznici i polaznice \u0107e biti stari do 35 godina \u2013 ro\u0111eni 1987. ili kasnije.<\/p>\n<p><a href=\"https:\/\/balkangreenenergynews.com\/rs\/letnja-skola-energetske-zajednice-u-ceskoj-prima-prijave-za-ovu-godinu\/\">Kao i proteklih godina,<\/a> Letnja \u0161kola Energetske zajednice stavlja fokus na sektore energetike koji prolaze kroz tranziciju, pogotovo u Jugoisto\u010dnoj i Isto\u010dnoj Evropi. U programu se u obzir uzima \u0161iri geografski kontekst u Evropi i verovatno \u0161ire od toga.<\/p>\n<blockquote><p>U programu se u obzir uzima \u0161iri geografski kontekst u Evropi i verovatno \u0161ire od toga<\/p><\/blockquote>\n<p>\u0160esta letnja \u0161kola \u0107e pokriti nau\u010dni, pravni, ekonomski, kulturni, politi\u010dki i tehni\u010dki aspekt lanca snabdevanja u energetici, uz teoretske elemente kao i prakti\u010dni trening preko studija slu\u010daja i zami\u0161ljenih slu\u010daja. Najbolja grupa \u0107e biti nagra\u0111ena.<\/p>\n<p>Besplatno poha\u0111anje je omogu\u0107eno za gra\u0111ane slede\u0107ih zemalja: Albanije, Jermenije, Azerbejd\u017eana, Belorusije, BiH, Gruzije, Kosova*, Severne Makedonije, Norve\u0161ke, Srbije, Ukrajine, Velike Britanije, Turske i 27 dr\u017eava \u010dlanica EU. Sekretarijat je saop\u0161tio da \u0107e biti do pet dodatnih mesta za kandidate koji ne ispunjavaju geografski kriterijum.<\/p>\n<p>Studenti koji budu pro\u0161li letnju \u0161kolu \u0107e dobiti tri ECTS poena.<\/p>\n","protected":false},"excerpt":{"rendered":"<p>Sekretarijat Energetske zajednice prima prijave za \u0161estu Letnju \u0161kolu Energetske zajednice, koja \u0107e se odr\u017eati u Sarajevu<\/p>\n","protected":false},"author":27,"featured_media":45244,"comment_status":"open","ping_status":"open","sticky":false,"template":"","format":"standard","meta":{"_acf_changed":false,"_monsterinsights_skip_tracking":false,"_monsterinsights_sitenote_active":false,"_monsterinsights_sitenote_note":"","_monsterinsights_sitenote_category":0,"footnotes":""},"categories":[504,3,1],"tags":[669,646,1854,4063,647],"class_list":["post-45235","post","type-post","status-publish","format-standard","has-post-thumbnail","hentry","category-elektricna-energija","category-energetska-efikasnost","category-obnovljivi-izvori-energije","tag-elektricna-energija","tag-energetska-efikasnost","tag-energetska-tranzicija","tag-letnja-skola-energetske-zajednice","tag-obnovljivi-izvori-energije","country-regioneu"],"acf":[],"yoast_head":"<!-- This site is optimized with the Yoast SEO plugin v27.4 - https:\/\/yoast.com\/product\/yoast-seo-wordpress\/ -->\n<title>Poziv za postdiplomce, mlade na po\u010detku karijere za Letnju \u0161kolu Energetske zajednice<\/title>\n<meta name=\"description\" content=\"Sekretarijat Energetske zajednice prima prijave za \u0161estu Letnju \u0161kolu Energetske zajednice, koja \u0107e se odr\u017eati u Sarajevu.\" \/>\n<meta name=\"robots\" content=\"index, follow, max-snippet:-1, max-image-preview:large, max-video-preview:-1\" \/>\n<link rel=\"canonical\" href=\"https:\/\/balkangreenenergynews.com\/rs\/poziv-za-postdiplomce-mlade-na-pocetku-karijere-za-letnju-skolu-energetske-zajednice\/\" \/>\n<meta property=\"og:locale\" content=\"sr_RS\" \/>\n<meta property=\"og:type\" content=\"article\" \/>\n<meta property=\"og:title\" content=\"Poziv za postdiplomce, mlade na po\u010detku karijere za Letnju \u0161kolu Energetske zajednice\" \/>\n<meta property=\"og:description\" content=\"Sekretarijat Energetske zajednice prima prijave za \u0161estu Letnju \u0161kolu Energetske zajednice, koja \u0107e se odr\u017eati u Sarajevu.\" \/>\n<meta property=\"og:url\" content=\"https:\/\/balkangreenenergynews.com\/rs\/poziv-za-postdiplomce-mlade-na-pocetku-karijere-za-letnju-skolu-energetske-zajednice\/\" \/>\n<meta property=\"og:site_name\" content=\"Balkan Green Energy News\" \/>\n<meta property=\"article:published_time\" content=\"2022-01-18T14:42:22+00:00\" \/>\n<meta property=\"og:image\" content=\"https:\/\/balkangreenenergynews.com\/rs\/wp-content\/uploads\/2022\/01\/Poziv-postdiplomce-mlade-pocetku-karijere-Letnju-skolu-Energetske-zajednice.jpg\" \/>\n\t<meta property=\"og:image:width\" content=\"840\" \/>\n\t<meta property=\"og:image:height\" content=\"430\" \/>\n\t<meta property=\"og:image:type\" content=\"image\/jpeg\" \/>\n<meta name=\"author\" content=\"Igor Todorovi\u0107\" \/>\n<meta name=\"twitter:card\" content=\"summary_large_image\" \/>\n<meta name=\"twitter:label1\" content=\"\u041d\u0430\u043f\u0438\u0441\u0430\u043d\u043e \u043e\u0434\" \/>\n\t<meta name=\"twitter:data1\" content=\"Igor Todorovi\u0107\" \/>\n\t<meta name=\"twitter:label2\" content=\"\u041f\u0440\u043e\u0446\u0435\u045a\u0435\u043d\u043e \u0432\u0440\u0435\u043c\u0435 \u0447\u0438\u0442\u0430\u045a\u0430\" \/>\n\t<meta name=\"twitter:data2\" content=\"2 \u043c\u0438\u043d\u0443\u0442\u0430\" \/>\n<script type=\"application\/ld+json\" class=\"yoast-schema-graph\">{\"@context\":\"https:\\\/\\\/schema.org\",\"@graph\":[{\"@type\":\"Article\",\"@id\":\"https:\\\/\\\/balkangreenenergynews.com\\\/rs\\\/poziv-za-postdiplomce-mlade-na-pocetku-karijere-za-letnju-skolu-energetske-zajednice\\\/#article\",\"isPartOf\":{\"@id\":\"https:\\\/\\\/balkangreenenergynews.com\\\/rs\\\/poziv-za-postdiplomce-mlade-na-pocetku-karijere-za-letnju-skolu-energetske-zajednice\\\/\"},\"author\":{\"name\":\"Igor Todorovi\u0107\",\"@id\":\"https:\\\/\\\/balkangreenenergynews.com\\\/rs\\\/#\\\/schema\\\/person\\\/d8f80a244c4e9f2b55e4f6968c253246\"},\"headline\":\"Poziv za postdiplomce, mlade na po\u010detku karijere za Letnju \u0161kolu Energetske zajednice\",\"datePublished\":\"2022-01-18T14:42:22+00:00\",\"mainEntityOfPage\":{\"@id\":\"https:\\\/\\\/balkangreenenergynews.com\\\/rs\\\/poziv-za-postdiplomce-mlade-na-pocetku-karijere-za-letnju-skolu-energetske-zajednice\\\/\"},\"wordCount\":373,\"commentCount\":0,\"image\":{\"@id\":\"https:\\\/\\\/balkangreenenergynews.com\\\/rs\\\/poziv-za-postdiplomce-mlade-na-pocetku-karijere-za-letnju-skolu-energetske-zajednice\\\/#primaryimage\"},\"thumbnailUrl\":\"https:\\\/\\\/balkangreenenergynews.com\\\/rs\\\/wp-content\\\/uploads\\\/2022\\\/01\\\/Poziv-postdiplomce-mlade-pocetku-karijere-Letnju-skolu-Energetske-zajednice.jpg?wsr\",\"keywords\":[\"elektri\u010dna energija\",\"energetska efikasnost\",\"energetska tranzicija\",\"Letnja \u0161kola Energetske zajednice\",\"obnovljivi izvori energije\"],\"articleSection\":[\"Elektri\u010dna energija\",\"Energetska efikasnost\",\"OIE\"],\"inLanguage\":\"sr-RS\",\"potentialAction\":[{\"@type\":\"CommentAction\",\"name\":\"Comment\",\"target\":[\"https:\\\/\\\/balkangreenenergynews.com\\\/rs\\\/poziv-za-postdiplomce-mlade-na-pocetku-karijere-za-letnju-skolu-energetske-zajednice\\\/#respond\"]}]},{\"@type\":\"WebPage\",\"@id\":\"https:\\\/\\\/balkangreenenergynews.com\\\/rs\\\/poziv-za-postdiplomce-mlade-na-pocetku-karijere-za-letnju-skolu-energetske-zajednice\\\/\",\"url\":\"https:\\\/\\\/balkangreenenergynews.com\\\/rs\\\/poziv-za-postdiplomce-mlade-na-pocetku-karijere-za-letnju-skolu-energetske-zajednice\\\/\",\"name\":\"Poziv za postdiplomce, mlade na po\u010detku karijere za Letnju \u0161kolu Energetske zajednice\",\"isPartOf\":{\"@id\":\"https:\\\/\\\/balkangreenenergynews.com\\\/rs\\\/#website\"},\"primaryImageOfPage\":{\"@id\":\"https:\\\/\\\/balkangreenenergynews.com\\\/rs\\\/poziv-za-postdiplomce-mlade-na-pocetku-karijere-za-letnju-skolu-energetske-zajednice\\\/#primaryimage\"},\"image\":{\"@id\":\"https:\\\/\\\/balkangreenenergynews.com\\\/rs\\\/poziv-za-postdiplomce-mlade-na-pocetku-karijere-za-letnju-skolu-energetske-zajednice\\\/#primaryimage\"},\"thumbnailUrl\":\"https:\\\/\\\/balkangreenenergynews.com\\\/rs\\\/wp-content\\\/uploads\\\/2022\\\/01\\\/Poziv-postdiplomce-mlade-pocetku-karijere-Letnju-skolu-Energetske-zajednice.jpg?wsr\",\"datePublished\":\"2022-01-18T14:42:22+00:00\",\"author\":{\"@id\":\"https:\\\/\\\/balkangreenenergynews.com\\\/rs\\\/#\\\/schema\\\/person\\\/d8f80a244c4e9f2b55e4f6968c253246\"},\"description\":\"Sekretarijat Energetske zajednice prima prijave za \u0161estu Letnju \u0161kolu Energetske zajednice, koja \u0107e se odr\u017eati u Sarajevu.\",\"breadcrumb\":{\"@id\":\"https:\\\/\\\/balkangreenenergynews.com\\\/rs\\\/poziv-za-postdiplomce-mlade-na-pocetku-karijere-za-letnju-skolu-energetske-zajednice\\\/#breadcrumb\"},\"inLanguage\":\"sr-RS\",\"potentialAction\":[{\"@type\":\"ReadAction\",\"target\":[\"https:\\\/\\\/balkangreenenergynews.com\\\/rs\\\/poziv-za-postdiplomce-mlade-na-pocetku-karijere-za-letnju-skolu-energetske-zajednice\\\/\"]}]},{\"@type\":\"ImageObject\",\"inLanguage\":\"sr-RS\",\"@id\":\"https:\\\/\\\/balkangreenenergynews.com\\\/rs\\\/poziv-za-postdiplomce-mlade-na-pocetku-karijere-za-letnju-skolu-energetske-zajednice\\\/#primaryimage\",\"url\":\"https:\\\/\\\/balkangreenenergynews.com\\\/rs\\\/wp-content\\\/uploads\\\/2022\\\/01\\\/Poziv-postdiplomce-mlade-pocetku-karijere-Letnju-skolu-Energetske-zajednice.jpg?wsr\",\"contentUrl\":\"https:\\\/\\\/balkangreenenergynews.com\\\/rs\\\/wp-content\\\/uploads\\\/2022\\\/01\\\/Poziv-postdiplomce-mlade-pocetku-karijere-Letnju-skolu-Energetske-zajednice.jpg?wsr\",\"width\":840,\"height\":430,\"caption\":\"Poziv postdiplomce mlade pocetku karijere Letnju skolu Energetske zajednice\"},{\"@type\":\"BreadcrumbList\",\"@id\":\"https:\\\/\\\/balkangreenenergynews.com\\\/rs\\\/poziv-za-postdiplomce-mlade-na-pocetku-karijere-za-letnju-skolu-energetske-zajednice\\\/#breadcrumb\",\"itemListElement\":[{\"@type\":\"ListItem\",\"position\":1,\"name\":\"Po\u010detna\",\"item\":\"https:\\\/\\\/balkangreenenergynews.com\\\/rs\\\/\"},{\"@type\":\"ListItem\",\"position\":2,\"name\":\"Vesti\",\"item\":\"https:\\\/\\\/balkangreenenergynews.com\\\/rs\\\/kategorija\\\/vesti\\\/\"},{\"@type\":\"ListItem\",\"position\":3,\"name\":\"OIE\",\"item\":\"https:\\\/\\\/balkangreenenergynews.com\\\/rs\\\/kategorija\\\/vesti\\\/obnovljivi-izvori-energije\\\/\"},{\"@type\":\"ListItem\",\"position\":4,\"name\":\"Poziv za postdiplomce, mlade na po\u010detku karijere za Letnju \u0161kolu Energetske zajednice\"}]},{\"@type\":\"WebSite\",\"@id\":\"https:\\\/\\\/balkangreenenergynews.com\\\/rs\\\/#website\",\"url\":\"https:\\\/\\\/balkangreenenergynews.com\\\/rs\\\/\",\"name\":\"Balkan Green Energy News\",\"description\":\"Naj\u0161iri izbor vesti sa Balkana o zelenoj energiji\",\"potentialAction\":[{\"@type\":\"SearchAction\",\"target\":{\"@type\":\"EntryPoint\",\"urlTemplate\":\"https:\\\/\\\/balkangreenenergynews.com\\\/rs\\\/?s={search_term_string}\"},\"query-input\":{\"@type\":\"PropertyValueSpecification\",\"valueRequired\":true,\"valueName\":\"search_term_string\"}}],\"inLanguage\":\"sr-RS\"},{\"@type\":\"Person\",\"@id\":\"https:\\\/\\\/balkangreenenergynews.com\\\/rs\\\/#\\\/schema\\\/person\\\/d8f80a244c4e9f2b55e4f6968c253246\",\"name\":\"Igor Todorovi\u0107\",\"url\":\"https:\\\/\\\/balkangreenenergynews.com\\\/rs\\\/author\\\/igor-todorovic\\\/\"}]}<\/script>\n<!-- \/ Yoast SEO plugin. -->","yoast_head_json":{"title":"Poziv za postdiplomce, mlade na po\u010detku karijere za Letnju \u0161kolu Energetske zajednice","description":"Sekretarijat Energetske zajednice prima prijave za \u0161estu Letnju \u0161kolu Energetske zajednice, koja \u0107e se odr\u017eati u Sarajevu.","robots":{"index":"index","follow":"follow","max-snippet":"max-snippet:-1","max-image-preview":"max-image-preview:large","max-video-preview":"max-video-preview:-1"},"canonical":"https:\/\/balkangreenenergynews.com\/rs\/poziv-za-postdiplomce-mlade-na-pocetku-karijere-za-letnju-skolu-energetske-zajednice\/","og_locale":"sr_RS","og_type":"article","og_title":"Poziv za postdiplomce, mlade na po\u010detku karijere za Letnju \u0161kolu Energetske zajednice","og_description":"Sekretarijat Energetske zajednice prima prijave za \u0161estu Letnju \u0161kolu Energetske zajednice, koja \u0107e se odr\u017eati u Sarajevu.","og_url":"https:\/\/balkangreenenergynews.com\/rs\/poziv-za-postdiplomce-mlade-na-pocetku-karijere-za-letnju-skolu-energetske-zajednice\/","og_site_name":"Balkan Green Energy News","article_published_time":"2022-01-18T14:42:22+00:00","og_image":[{"width":840,"height":430,"url":"https:\/\/balkangreenenergynews.com\/rs\/wp-content\/uploads\/2022\/01\/Poziv-postdiplomce-mlade-pocetku-karijere-Letnju-skolu-Energetske-zajednice.jpg","type":"image\/jpeg"}],"author":"Igor Todorovi\u0107","twitter_card":"summary_large_image","twitter_misc":{"\u041d\u0430\u043f\u0438\u0441\u0430\u043d\u043e \u043e\u0434":"Igor Todorovi\u0107","\u041f\u0440\u043e\u0446\u0435\u045a\u0435\u043d\u043e \u0432\u0440\u0435\u043c\u0435 \u0447\u0438\u0442\u0430\u045a\u0430":"2 \u043c\u0438\u043d\u0443\u0442\u0430"},"schema":{"@context":"https:\/\/schema.org","@graph":[{"@type":"Article","@id":"https:\/\/balkangreenenergynews.com\/rs\/poziv-za-postdiplomce-mlade-na-pocetku-karijere-za-letnju-skolu-energetske-zajednice\/#article","isPartOf":{"@id":"https:\/\/balkangreenenergynews.com\/rs\/poziv-za-postdiplomce-mlade-na-pocetku-karijere-za-letnju-skolu-energetske-zajednice\/"},"author":{"name":"Igor Todorovi\u0107","@id":"https:\/\/balkangreenenergynews.com\/rs\/#\/schema\/person\/d8f80a244c4e9f2b55e4f6968c253246"},"headline":"Poziv za postdiplomce, mlade na po\u010detku karijere za Letnju \u0161kolu Energetske zajednice","datePublished":"2022-01-18T14:42:22+00:00","mainEntityOfPage":{"@id":"https:\/\/balkangreenenergynews.com\/rs\/poziv-za-postdiplomce-mlade-na-pocetku-karijere-za-letnju-skolu-energetske-zajednice\/"},"wordCount":373,"commentCount":0,"image":{"@id":"https:\/\/balkangreenenergynews.com\/rs\/poziv-za-postdiplomce-mlade-na-pocetku-karijere-za-letnju-skolu-energetske-zajednice\/#primaryimage"},"thumbnailUrl":"https:\/\/balkangreenenergynews.com\/rs\/wp-content\/uploads\/2022\/01\/Poziv-postdiplomce-mlade-pocetku-karijere-Letnju-skolu-Energetske-zajednice.jpg?wsr","keywords":["elektri\u010dna energija","energetska efikasnost","energetska tranzicija","Letnja \u0161kola Energetske zajednice","obnovljivi izvori energije"],"articleSection":["Elektri\u010dna energija","Energetska efikasnost","OIE"],"inLanguage":"sr-RS","potentialAction":[{"@type":"CommentAction","name":"Comment","target":["https:\/\/balkangreenenergynews.com\/rs\/poziv-za-postdiplomce-mlade-na-pocetku-karijere-za-letnju-skolu-energetske-zajednice\/#respond"]}]},{"@type":"WebPage","@id":"https:\/\/balkangreenenergynews.com\/rs\/poziv-za-postdiplomce-mlade-na-pocetku-karijere-za-letnju-skolu-energetske-zajednice\/","url":"https:\/\/balkangreenenergynews.com\/rs\/poziv-za-postdiplomce-mlade-na-pocetku-karijere-za-letnju-skolu-energetske-zajednice\/","name":"Poziv za postdiplomce, mlade na po\u010detku karijere za Letnju \u0161kolu Energetske zajednice","isPartOf":{"@id":"https:\/\/balkangreenenergynews.com\/rs\/#website"},"primaryImageOfPage":{"@id":"https:\/\/balkangreenenergynews.com\/rs\/poziv-za-postdiplomce-mlade-na-pocetku-karijere-za-letnju-skolu-energetske-zajednice\/#primaryimage"},"image":{"@id":"https:\/\/balkangreenenergynews.com\/rs\/poziv-za-postdiplomce-mlade-na-pocetku-karijere-za-letnju-skolu-energetske-zajednice\/#primaryimage"},"thumbnailUrl":"https:\/\/balkangreenenergynews.com\/rs\/wp-content\/uploads\/2022\/01\/Poziv-postdiplomce-mlade-pocetku-karijere-Letnju-skolu-Energetske-zajednice.jpg?wsr","datePublished":"2022-01-18T14:42:22+00:00","author":{"@id":"https:\/\/balkangreenenergynews.com\/rs\/#\/schema\/person\/d8f80a244c4e9f2b55e4f6968c253246"},"description":"Sekretarijat Energetske zajednice prima prijave za \u0161estu Letnju \u0161kolu Energetske zajednice, koja \u0107e se odr\u017eati u Sarajevu.","breadcrumb":{"@id":"https:\/\/balkangreenenergynews.com\/rs\/poziv-za-postdiplomce-mlade-na-pocetku-karijere-za-letnju-skolu-energetske-zajednice\/#breadcrumb"},"inLanguage":"sr-RS","potentialAction":[{"@type":"ReadAction","target":["https:\/\/balkangreenenergynews.com\/rs\/poziv-za-postdiplomce-mlade-na-pocetku-karijere-za-letnju-skolu-energetske-zajednice\/"]}]},{"@type":"ImageObject","inLanguage":"sr-RS","@id":"https:\/\/balkangreenenergynews.com\/rs\/poziv-za-postdiplomce-mlade-na-pocetku-karijere-za-letnju-skolu-energetske-zajednice\/#primaryimage","url":"https:\/\/balkangreenenergynews.com\/rs\/wp-content\/uploads\/2022\/01\/Poziv-postdiplomce-mlade-pocetku-karijere-Letnju-skolu-Energetske-zajednice.jpg?wsr","contentUrl":"https:\/\/balkangreenenergynews.com\/rs\/wp-content\/uploads\/2022\/01\/Poziv-postdiplomce-mlade-pocetku-karijere-Letnju-skolu-Energetske-zajednice.jpg?wsr","width":840,"height":430,"caption":"Poziv postdiplomce mlade pocetku karijere Letnju skolu Energetske zajednice"},{"@type":"BreadcrumbList","@id":"https:\/\/balkangreenenergynews.com\/rs\/poziv-za-postdiplomce-mlade-na-pocetku-karijere-za-letnju-skolu-energetske-zajednice\/#breadcrumb","itemListElement":[{"@type":"ListItem","position":1,"name":"Po\u010detna","item":"https:\/\/balkangreenenergynews.com\/rs\/"},{"@type":"ListItem","position":2,"name":"Vesti","item":"https:\/\/balkangreenenergynews.com\/rs\/kategorija\/vesti\/"},{"@type":"ListItem","position":3,"name":"OIE","item":"https:\/\/balkangreenenergynews.com\/rs\/kategorija\/vesti\/obnovljivi-izvori-energije\/"},{"@type":"ListItem","position":4,"name":"Poziv za postdiplomce, mlade na po\u010detku karijere za Letnju \u0161kolu Energetske zajednice"}]},{"@type":"WebSite","@id":"https:\/\/balkangreenenergynews.com\/rs\/#website","url":"https:\/\/balkangreenenergynews.com\/rs\/","name":"Balkan Green Energy News","description":"Naj\u0161iri izbor vesti sa Balkana o zelenoj energiji","potentialAction":[{"@type":"SearchAction","target":{"@type":"EntryPoint","urlTemplate":"https:\/\/balkangreenenergynews.com\/rs\/?s={search_term_string}"},"query-input":{"@type":"PropertyValueSpecification","valueRequired":true,"valueName":"search_term_string"}}],"inLanguage":"sr-RS"},{"@type":"Person","@id":"https:\/\/balkangreenenergynews.com\/rs\/#\/schema\/person\/d8f80a244c4e9f2b55e4f6968c253246","name":"Igor Todorovi\u0107","url":"https:\/\/balkangreenenergynews.com\/rs\/author\/igor-todorovic\/"}]}},"_links":{"self":[{"href":"https:\/\/balkangreenenergynews.com\/rs\/wp-json\/wp\/v2\/posts\/45235","targetHints":{"allow":["GET"]}}],"collection":[{"href":"https:\/\/balkangreenenergynews.com\/rs\/wp-json\/wp\/v2\/posts"}],"about":[{"href":"https:\/\/balkangreenenergynews.com\/rs\/wp-json\/wp\/v2\/types\/post"}],"author":[{"embeddable":true,"href":"https:\/\/balkangreenenergynews.com\/rs\/wp-json\/wp\/v2\/users\/27"}],"replies":[{"embeddable":true,"href":"https:\/\/balkangreenenergynews.com\/rs\/wp-json\/wp\/v2\/comments?post=45235"}],"version-history":[{"count":0,"href":"https:\/\/balkangreenenergynews.com\/rs\/wp-json\/wp\/v2\/posts\/45235\/revisions"}],"wp:featuredmedia":[{"embeddable":true,"href":"https:\/\/balkangreenenergynews.com\/rs\/wp-json\/wp\/v2\/media\/45244"}],"wp:attachment":[{"href":"https:\/\/balkangreenenergynews.com\/rs\/wp-json\/wp\/v2\/media?parent=45235"}],"wp:term":[{"taxonomy":"category","embeddable":true,"href":"https:\/\/balkangreenenergynews.com\/rs\/wp-json\/wp\/v2\/categories?post=45235"},{"taxonomy":"post_tag","embeddable":true,"href":"https:\/\/balkangreenenergynews.com\/rs\/wp-json\/wp\/v2\/tags?post=45235"}],"curies":[{"name":"wp","href":"https:\/\/api.w.org\/{rel}","templated":true}]}}