{"id":45170,"date":"2022-01-14T19:13:48","date_gmt":"2022-01-14T18:13:48","guid":{"rendered":"https:\/\/balkangreenenergynews.com\/rs\/?p=45170"},"modified":"2024-06-17T13:44:26","modified_gmt":"2024-06-17T11:44:26","slug":"kreni-promeni-dao-rok-vladi-srbije-da-do-20-januara-ukine-prostorni-plan-za-rudnik-litijuma","status":"publish","type":"post","link":"https:\/\/balkangreenenergynews.com\/rs\/kreni-promeni-dao-rok-vladi-srbije-da-do-20-januara-ukine-prostorni-plan-za-rudnik-litijuma\/","title":{"rendered":"Kreni-promeni dao rok Vladi Srbije da do 20. januara ukine Prostorni plan za rudnik litijuma"},"content":{"rendered":"<h2>Ukidanjem uredbe o Prostornom planu podru\u010dja posebne namene za projekat Jadar, koju je donela Vlada Srbije, ne bi postojao osnov da Srbija isplati bilo kakvu od\u0161tetu Rio Tintu zbog zaustavljanja projekta rudnika litijuma, izjavio je Savo Manojlovi\u0107, direktor kampanja organizacije Kreni-promeni.<\/h2>\n<p>Kreni-promeni je danas Vladi Srbije predala dva zahteva: da se ukine Prostorni plan za rudnik litijuma Rio Tinta i da se uvede moratorijum u trajanju od 20 godina na eksploataciju litijuma i bora. Ukoliko Vlada Srbije to ne uradi do 20. januara ova organizacija je najavila da \u0107e krenuti u prikupljanje 30.000 potpisa za narodnu inicijativu da se uvede moratorijum. Ako se prikupe potpisi Narodna skup\u0161tina mora da glasa o toj inicijativi.<\/p>\n<p>Kreni- promeni je uz dva zahteva, Vladi Srbije predala i dosad prikupljenih 290.000 potpisa za peticiju pod nazivom &#8222;Rio Tinto, mar\u0161 sa Drine&#8220;.<\/p>\n<p>Manojlovi\u0107 je istakao da je Prostorni plan donet zbog kompanije Rio Tinto i da predstavlja pravni osnov za njeno poslovanje u Srbiji. Bez tog Plana, smatra on, nema nikakve pravne obaveze Srbije prema Rio Tintu.<\/p>\n<blockquote><p>Manojlovi\u0107: Prostorni plan je nezakonit, a ukidanje mora da pokrene Ministarstvo za\u0161tite \u017eivotne sredine<\/p><\/blockquote>\n<p>Prostorni plan je nezakonit iz vi\u0161e razloga, a neki od njih su to \u0161to ne sadr\u017ei validirane podatke o \u017eivotnom veku rudnika, studiju opravdanosti i elaborat o prirodnim resursima, istakao je on za Balkan Green Energy News.<\/p>\n<p>Kada se ukine Prostorni plan, dodao je Manojovi\u0107, Rio Tinto nema osnova da nastavi svoje aktivnosti u Srbiji, osim ako nema nekog tajnog ugovora.<\/p>\n<blockquote><p>Ako vlast ne ukine Prostorni plan i ne uvede moratorijum, Kreni-promeni pokre\u0107e prikupljanje potpisa za uvo\u0111enje moratorijuma<\/p><\/blockquote>\n<p>Ukidanje dozvola za istra\u017eivanje Rio Tintu koje su najavili predstavnici vlasti, prema njegovim re\u010dima, ne\u0107e imati nikakve efekte jer su istra\u017eivanja zavr\u0161ena, a dozvole uskoro isti\u010du.<\/p>\n<p>Manjlovi\u0107 je objasnio da ukidanje Prostornog plana mora da pokrene Ministarstvo za\u0161tite \u017eiotne sredine tako \u0161to \u0107e poni\u0161titi re\u0161enje o saglasnosti na izve\u0161taj o strate\u0161koj proceni za projekat Jadar. Posle toga po automatizmu i Vlada Srbije mora da poni\u0161ti uredbu koju je donela, navodi on.<\/p>\n<p>Drugi zahtev bio bi ispunjen tako \u0161to bi moratorijum bio unet u Zakon o rudarstvu.<\/p>\n<p>Ina\u010de, ukidanje Prostornog plana je glavni zahtev i ekolo\u0161kih organizacija koje su pozvale gra\u0111ane da sutra <a href=\"https:\/\/balkangreenenergynews.com\/rs\/ekoloske-organizacije-pozivaju-na-blokade-puteva-i-granicnog-prelaza-sutra-u-13-sati\/\">blokiraju puteve<\/a>.<\/p>\n<h3>&#8222;Najavljen moratorijum od godinu dana je samo smirivanje situacije zbog izbora&#8220;<\/h3>\n<p>Manojlovi\u0107 je istakao da najava predsednika Srbije Aleksandra Vu\u010di\u0107 da bi trebalo staviti moratorijum na projekat Jadar na godinu dana, on je rekao da taj potez zna\u010di samo smirivanje situacije dok ne pro\u0111u predstoje\u0107i izbori.<\/p>\n<p>Posle isteka godinu dana, dodao je on, Rio Tinto ili neka druga kompanija bi mogli da nastave tamo gde su sada stali.<\/p>\n<p><a href=\"https:\/\/balkangreenenergynews.com\/rs\/rudnik-jadarita-ce-srbiji-doneti-vise-stete-nego-koristi\/\">Dragana \u0110or\u0111evi\u0107<\/a>, nau\u010dna savetnica na Institutu za hemiju, tehnologiju i metalurgiju Univerziteta u Beogradu, podr\u017eala je narodnu inicijativu i naglasila da ima mnogo spornih pitanja u vezi sa projektom Rio TInta. On je naglsila da dr\u017eava dozvoljava aktivnosti \u0161tetne po ljude i \u017eivotnu sredinu.<\/p>\n","protected":false},"excerpt":{"rendered":"<p>Drugi zahtev je uvo\u0111enje moratorijuma u trajanju od 20 godina na eksploataciju litijuma i bora kroz izmene Zakona o rudarstvu<\/p>\n","protected":false},"author":23,"featured_media":45171,"comment_status":"open","ping_status":"open","sticky":false,"template":"","format":"standard","meta":{"_acf_changed":false,"_monsterinsights_skip_tracking":false,"_monsterinsights_sitenote_active":false,"_monsterinsights_sitenote_note":"","_monsterinsights_sitenote_category":0,"footnotes":""},"categories":[4],"tags":[6216,2899,7071,5090,5161],"class_list":["post-45170","post","type-post","status-publish","format-standard","has-post-thumbnail","hentry","category-zivotna-sredina","tag-kreni-promeni","tag-litijum","tag-projekat-jadar","tag-protesti","tag-rio-tinto","country-srbija"],"acf":[],"yoast_head":"<!-- This site is optimized with the Yoast SEO plugin v27.4 - https:\/\/yoast.com\/product\/yoast-seo-wordpress\/ -->\n<title>Kreni-promeni dao rok Vladi Srbije da do 20. januara ukine Prostorni plan za rudnik litijuma<\/title>\n<meta name=\"description\" content=\"Drugi zahtev je uvo\u0111enje moratorijuma u trajanju od 20 godina na eksploataciju litijuma i bora kroz izmene Zakona o rudarstvu\" \/>\n<meta name=\"robots\" content=\"index, follow, max-snippet:-1, max-image-preview:large, max-video-preview:-1\" \/>\n<link rel=\"canonical\" href=\"https:\/\/balkangreenenergynews.com\/rs\/kreni-promeni-dao-rok-vladi-srbije-da-do-20-januara-ukine-prostorni-plan-za-rudnik-litijuma\/\" \/>\n<meta property=\"og:locale\" content=\"sr_RS\" \/>\n<meta property=\"og:type\" content=\"article\" \/>\n<meta property=\"og:title\" content=\"Kreni-promeni dao rok Vladi Srbije da do 20. januara ukine Prostorni plan za rudnik litijuma\" \/>\n<meta property=\"og:description\" content=\"Drugi zahtev je uvo\u0111enje moratorijuma u trajanju od 20 godina na eksploataciju litijuma i bora kroz izmene Zakona o rudarstvu\" \/>\n<meta property=\"og:url\" content=\"https:\/\/balkangreenenergynews.com\/rs\/kreni-promeni-dao-rok-vladi-srbije-da-do-20-januara-ukine-prostorni-plan-za-rudnik-litijuma\/\" \/>\n<meta property=\"og:site_name\" content=\"Balkan Green Energy News\" \/>\n<meta property=\"article:published_time\" content=\"2022-01-14T18:13:48+00:00\" \/>\n<meta property=\"article:modified_time\" content=\"2024-06-17T11:44:26+00:00\" \/>\n<meta property=\"og:image\" content=\"https:\/\/balkangreenenergynews.com\/rs\/wp-content\/uploads\/2022\/01\/kreni-promeni-zahtevi-narodna-inicijativa-moratorijum-prostorni-plan.jpg\" \/>\n\t<meta property=\"og:image:width\" content=\"840\" \/>\n\t<meta property=\"og:image:height\" content=\"430\" \/>\n\t<meta property=\"og:image:type\" content=\"image\/jpeg\" \/>\n<meta name=\"author\" content=\"Vladimir Spasi\u0107\" \/>\n<meta name=\"twitter:card\" content=\"summary_large_image\" \/>\n<meta name=\"twitter:label1\" content=\"\u041d\u0430\u043f\u0438\u0441\u0430\u043d\u043e \u043e\u0434\" \/>\n\t<meta name=\"twitter:data1\" content=\"Vladimir Spasi\u0107\" \/>\n\t<meta name=\"twitter:label2\" content=\"\u041f\u0440\u043e\u0446\u0435\u045a\u0435\u043d\u043e \u0432\u0440\u0435\u043c\u0435 \u0447\u0438\u0442\u0430\u045a\u0430\" \/>\n\t<meta name=\"twitter:data2\" content=\"3 \u043c\u0438\u043d\u0443\u0442\u0430\" \/>\n<script type=\"application\/ld+json\" class=\"yoast-schema-graph\">{\"@context\":\"https:\\\/\\\/schema.org\",\"@graph\":[{\"@type\":\"Article\",\"@id\":\"https:\\\/\\\/balkangreenenergynews.com\\\/rs\\\/kreni-promeni-dao-rok-vladi-srbije-da-do-20-januara-ukine-prostorni-plan-za-rudnik-litijuma\\\/#article\",\"isPartOf\":{\"@id\":\"https:\\\/\\\/balkangreenenergynews.com\\\/rs\\\/kreni-promeni-dao-rok-vladi-srbije-da-do-20-januara-ukine-prostorni-plan-za-rudnik-litijuma\\\/\"},\"author\":{\"name\":\"Vladimir Spasi\u0107\",\"@id\":\"https:\\\/\\\/balkangreenenergynews.com\\\/rs\\\/#\\\/schema\\\/person\\\/99dc721c46113fea22caffad06ef7317\"},\"headline\":\"Kreni-promeni dao rok Vladi Srbije da do 20. januara ukine Prostorni plan za rudnik litijuma\",\"datePublished\":\"2022-01-14T18:13:48+00:00\",\"dateModified\":\"2024-06-17T11:44:26+00:00\",\"mainEntityOfPage\":{\"@id\":\"https:\\\/\\\/balkangreenenergynews.com\\\/rs\\\/kreni-promeni-dao-rok-vladi-srbije-da-do-20-januara-ukine-prostorni-plan-za-rudnik-litijuma\\\/\"},\"wordCount\":520,\"commentCount\":0,\"image\":{\"@id\":\"https:\\\/\\\/balkangreenenergynews.com\\\/rs\\\/kreni-promeni-dao-rok-vladi-srbije-da-do-20-januara-ukine-prostorni-plan-za-rudnik-litijuma\\\/#primaryimage\"},\"thumbnailUrl\":\"https:\\\/\\\/balkangreenenergynews.com\\\/rs\\\/wp-content\\\/uploads\\\/2022\\\/01\\\/kreni-promeni-zahtevi-narodna-inicijativa-moratorijum-prostorni-plan.jpg?wsr\",\"keywords\":[\"Kreni-promeni\",\"litijum\",\"Projekat Jadar\",\"protesti\",\"Rio Tinto\"],\"articleSection\":[\"\u017divotna sredina\"],\"inLanguage\":\"sr-RS\",\"potentialAction\":[{\"@type\":\"CommentAction\",\"name\":\"Comment\",\"target\":[\"https:\\\/\\\/balkangreenenergynews.com\\\/rs\\\/kreni-promeni-dao-rok-vladi-srbije-da-do-20-januara-ukine-prostorni-plan-za-rudnik-litijuma\\\/#respond\"]}]},{\"@type\":\"WebPage\",\"@id\":\"https:\\\/\\\/balkangreenenergynews.com\\\/rs\\\/kreni-promeni-dao-rok-vladi-srbije-da-do-20-januara-ukine-prostorni-plan-za-rudnik-litijuma\\\/\",\"url\":\"https:\\\/\\\/balkangreenenergynews.com\\\/rs\\\/kreni-promeni-dao-rok-vladi-srbije-da-do-20-januara-ukine-prostorni-plan-za-rudnik-litijuma\\\/\",\"name\":\"Kreni-promeni dao rok Vladi Srbije da do 20. januara ukine Prostorni plan za rudnik litijuma\",\"isPartOf\":{\"@id\":\"https:\\\/\\\/balkangreenenergynews.com\\\/rs\\\/#website\"},\"primaryImageOfPage\":{\"@id\":\"https:\\\/\\\/balkangreenenergynews.com\\\/rs\\\/kreni-promeni-dao-rok-vladi-srbije-da-do-20-januara-ukine-prostorni-plan-za-rudnik-litijuma\\\/#primaryimage\"},\"image\":{\"@id\":\"https:\\\/\\\/balkangreenenergynews.com\\\/rs\\\/kreni-promeni-dao-rok-vladi-srbije-da-do-20-januara-ukine-prostorni-plan-za-rudnik-litijuma\\\/#primaryimage\"},\"thumbnailUrl\":\"https:\\\/\\\/balkangreenenergynews.com\\\/rs\\\/wp-content\\\/uploads\\\/2022\\\/01\\\/kreni-promeni-zahtevi-narodna-inicijativa-moratorijum-prostorni-plan.jpg?wsr\",\"datePublished\":\"2022-01-14T18:13:48+00:00\",\"dateModified\":\"2024-06-17T11:44:26+00:00\",\"author\":{\"@id\":\"https:\\\/\\\/balkangreenenergynews.com\\\/rs\\\/#\\\/schema\\\/person\\\/99dc721c46113fea22caffad06ef7317\"},\"description\":\"Drugi zahtev je uvo\u0111enje moratorijuma u trajanju od 20 godina na eksploataciju litijuma i bora kroz izmene Zakona o rudarstvu\",\"breadcrumb\":{\"@id\":\"https:\\\/\\\/balkangreenenergynews.com\\\/rs\\\/kreni-promeni-dao-rok-vladi-srbije-da-do-20-januara-ukine-prostorni-plan-za-rudnik-litijuma\\\/#breadcrumb\"},\"inLanguage\":\"sr-RS\",\"potentialAction\":[{\"@type\":\"ReadAction\",\"target\":[\"https:\\\/\\\/balkangreenenergynews.com\\\/rs\\\/kreni-promeni-dao-rok-vladi-srbije-da-do-20-januara-ukine-prostorni-plan-za-rudnik-litijuma\\\/\"]}]},{\"@type\":\"ImageObject\",\"inLanguage\":\"sr-RS\",\"@id\":\"https:\\\/\\\/balkangreenenergynews.com\\\/rs\\\/kreni-promeni-dao-rok-vladi-srbije-da-do-20-januara-ukine-prostorni-plan-za-rudnik-litijuma\\\/#primaryimage\",\"url\":\"https:\\\/\\\/balkangreenenergynews.com\\\/rs\\\/wp-content\\\/uploads\\\/2022\\\/01\\\/kreni-promeni-zahtevi-narodna-inicijativa-moratorijum-prostorni-plan.jpg?wsr\",\"contentUrl\":\"https:\\\/\\\/balkangreenenergynews.com\\\/rs\\\/wp-content\\\/uploads\\\/2022\\\/01\\\/kreni-promeni-zahtevi-narodna-inicijativa-moratorijum-prostorni-plan.jpg?wsr\",\"width\":840,\"height\":430,\"caption\":\"kreni promeni zahtevi narodna inicijativa moratorijum prostorni plan\"},{\"@type\":\"BreadcrumbList\",\"@id\":\"https:\\\/\\\/balkangreenenergynews.com\\\/rs\\\/kreni-promeni-dao-rok-vladi-srbije-da-do-20-januara-ukine-prostorni-plan-za-rudnik-litijuma\\\/#breadcrumb\",\"itemListElement\":[{\"@type\":\"ListItem\",\"position\":1,\"name\":\"Po\u010detna\",\"item\":\"https:\\\/\\\/balkangreenenergynews.com\\\/rs\\\/\"},{\"@type\":\"ListItem\",\"position\":2,\"name\":\"Vesti\",\"item\":\"https:\\\/\\\/balkangreenenergynews.com\\\/rs\\\/kategorija\\\/vesti\\\/\"},{\"@type\":\"ListItem\",\"position\":3,\"name\":\"\u017divotna sredina\",\"item\":\"https:\\\/\\\/balkangreenenergynews.com\\\/rs\\\/kategorija\\\/vesti\\\/zivotna-sredina\\\/\"},{\"@type\":\"ListItem\",\"position\":4,\"name\":\"Kreni-promeni dao rok Vladi Srbije da do 20. januara ukine Prostorni plan za rudnik litijuma\"}]},{\"@type\":\"WebSite\",\"@id\":\"https:\\\/\\\/balkangreenenergynews.com\\\/rs\\\/#website\",\"url\":\"https:\\\/\\\/balkangreenenergynews.com\\\/rs\\\/\",\"name\":\"Balkan Green Energy News\",\"description\":\"Naj\u0161iri izbor vesti sa Balkana o zelenoj energiji\",\"potentialAction\":[{\"@type\":\"SearchAction\",\"target\":{\"@type\":\"EntryPoint\",\"urlTemplate\":\"https:\\\/\\\/balkangreenenergynews.com\\\/rs\\\/?s={search_term_string}\"},\"query-input\":{\"@type\":\"PropertyValueSpecification\",\"valueRequired\":true,\"valueName\":\"search_term_string\"}}],\"inLanguage\":\"sr-RS\"},{\"@type\":\"Person\",\"@id\":\"https:\\\/\\\/balkangreenenergynews.com\\\/rs\\\/#\\\/schema\\\/person\\\/99dc721c46113fea22caffad06ef7317\",\"name\":\"Vladimir Spasi\u0107\",\"url\":\"https:\\\/\\\/balkangreenenergynews.com\\\/rs\\\/author\\\/vladimir-spasic\\\/\"}]}<\/script>\n<!-- \/ Yoast SEO plugin. -->","yoast_head_json":{"title":"Kreni-promeni dao rok Vladi Srbije da do 20. januara ukine Prostorni plan za rudnik litijuma","description":"Drugi zahtev je uvo\u0111enje moratorijuma u trajanju od 20 godina na eksploataciju litijuma i bora kroz izmene Zakona o rudarstvu","robots":{"index":"index","follow":"follow","max-snippet":"max-snippet:-1","max-image-preview":"max-image-preview:large","max-video-preview":"max-video-preview:-1"},"canonical":"https:\/\/balkangreenenergynews.com\/rs\/kreni-promeni-dao-rok-vladi-srbije-da-do-20-januara-ukine-prostorni-plan-za-rudnik-litijuma\/","og_locale":"sr_RS","og_type":"article","og_title":"Kreni-promeni dao rok Vladi Srbije da do 20. januara ukine Prostorni plan za rudnik litijuma","og_description":"Drugi zahtev je uvo\u0111enje moratorijuma u trajanju od 20 godina na eksploataciju litijuma i bora kroz izmene Zakona o rudarstvu","og_url":"https:\/\/balkangreenenergynews.com\/rs\/kreni-promeni-dao-rok-vladi-srbije-da-do-20-januara-ukine-prostorni-plan-za-rudnik-litijuma\/","og_site_name":"Balkan Green Energy News","article_published_time":"2022-01-14T18:13:48+00:00","article_modified_time":"2024-06-17T11:44:26+00:00","og_image":[{"width":840,"height":430,"url":"https:\/\/balkangreenenergynews.com\/rs\/wp-content\/uploads\/2022\/01\/kreni-promeni-zahtevi-narodna-inicijativa-moratorijum-prostorni-plan.jpg","type":"image\/jpeg"}],"author":"Vladimir Spasi\u0107","twitter_card":"summary_large_image","twitter_misc":{"\u041d\u0430\u043f\u0438\u0441\u0430\u043d\u043e \u043e\u0434":"Vladimir Spasi\u0107","\u041f\u0440\u043e\u0446\u0435\u045a\u0435\u043d\u043e \u0432\u0440\u0435\u043c\u0435 \u0447\u0438\u0442\u0430\u045a\u0430":"3 \u043c\u0438\u043d\u0443\u0442\u0430"},"schema":{"@context":"https:\/\/schema.org","@graph":[{"@type":"Article","@id":"https:\/\/balkangreenenergynews.com\/rs\/kreni-promeni-dao-rok-vladi-srbije-da-do-20-januara-ukine-prostorni-plan-za-rudnik-litijuma\/#article","isPartOf":{"@id":"https:\/\/balkangreenenergynews.com\/rs\/kreni-promeni-dao-rok-vladi-srbije-da-do-20-januara-ukine-prostorni-plan-za-rudnik-litijuma\/"},"author":{"name":"Vladimir Spasi\u0107","@id":"https:\/\/balkangreenenergynews.com\/rs\/#\/schema\/person\/99dc721c46113fea22caffad06ef7317"},"headline":"Kreni-promeni dao rok Vladi Srbije da do 20. januara ukine Prostorni plan za rudnik litijuma","datePublished":"2022-01-14T18:13:48+00:00","dateModified":"2024-06-17T11:44:26+00:00","mainEntityOfPage":{"@id":"https:\/\/balkangreenenergynews.com\/rs\/kreni-promeni-dao-rok-vladi-srbije-da-do-20-januara-ukine-prostorni-plan-za-rudnik-litijuma\/"},"wordCount":520,"commentCount":0,"image":{"@id":"https:\/\/balkangreenenergynews.com\/rs\/kreni-promeni-dao-rok-vladi-srbije-da-do-20-januara-ukine-prostorni-plan-za-rudnik-litijuma\/#primaryimage"},"thumbnailUrl":"https:\/\/balkangreenenergynews.com\/rs\/wp-content\/uploads\/2022\/01\/kreni-promeni-zahtevi-narodna-inicijativa-moratorijum-prostorni-plan.jpg?wsr","keywords":["Kreni-promeni","litijum","Projekat Jadar","protesti","Rio Tinto"],"articleSection":["\u017divotna sredina"],"inLanguage":"sr-RS","potentialAction":[{"@type":"CommentAction","name":"Comment","target":["https:\/\/balkangreenenergynews.com\/rs\/kreni-promeni-dao-rok-vladi-srbije-da-do-20-januara-ukine-prostorni-plan-za-rudnik-litijuma\/#respond"]}]},{"@type":"WebPage","@id":"https:\/\/balkangreenenergynews.com\/rs\/kreni-promeni-dao-rok-vladi-srbije-da-do-20-januara-ukine-prostorni-plan-za-rudnik-litijuma\/","url":"https:\/\/balkangreenenergynews.com\/rs\/kreni-promeni-dao-rok-vladi-srbije-da-do-20-januara-ukine-prostorni-plan-za-rudnik-litijuma\/","name":"Kreni-promeni dao rok Vladi Srbije da do 20. januara ukine Prostorni plan za rudnik litijuma","isPartOf":{"@id":"https:\/\/balkangreenenergynews.com\/rs\/#website"},"primaryImageOfPage":{"@id":"https:\/\/balkangreenenergynews.com\/rs\/kreni-promeni-dao-rok-vladi-srbije-da-do-20-januara-ukine-prostorni-plan-za-rudnik-litijuma\/#primaryimage"},"image":{"@id":"https:\/\/balkangreenenergynews.com\/rs\/kreni-promeni-dao-rok-vladi-srbije-da-do-20-januara-ukine-prostorni-plan-za-rudnik-litijuma\/#primaryimage"},"thumbnailUrl":"https:\/\/balkangreenenergynews.com\/rs\/wp-content\/uploads\/2022\/01\/kreni-promeni-zahtevi-narodna-inicijativa-moratorijum-prostorni-plan.jpg?wsr","datePublished":"2022-01-14T18:13:48+00:00","dateModified":"2024-06-17T11:44:26+00:00","author":{"@id":"https:\/\/balkangreenenergynews.com\/rs\/#\/schema\/person\/99dc721c46113fea22caffad06ef7317"},"description":"Drugi zahtev je uvo\u0111enje moratorijuma u trajanju od 20 godina na eksploataciju litijuma i bora kroz izmene Zakona o rudarstvu","breadcrumb":{"@id":"https:\/\/balkangreenenergynews.com\/rs\/kreni-promeni-dao-rok-vladi-srbije-da-do-20-januara-ukine-prostorni-plan-za-rudnik-litijuma\/#breadcrumb"},"inLanguage":"sr-RS","potentialAction":[{"@type":"ReadAction","target":["https:\/\/balkangreenenergynews.com\/rs\/kreni-promeni-dao-rok-vladi-srbije-da-do-20-januara-ukine-prostorni-plan-za-rudnik-litijuma\/"]}]},{"@type":"ImageObject","inLanguage":"sr-RS","@id":"https:\/\/balkangreenenergynews.com\/rs\/kreni-promeni-dao-rok-vladi-srbije-da-do-20-januara-ukine-prostorni-plan-za-rudnik-litijuma\/#primaryimage","url":"https:\/\/balkangreenenergynews.com\/rs\/wp-content\/uploads\/2022\/01\/kreni-promeni-zahtevi-narodna-inicijativa-moratorijum-prostorni-plan.jpg?wsr","contentUrl":"https:\/\/balkangreenenergynews.com\/rs\/wp-content\/uploads\/2022\/01\/kreni-promeni-zahtevi-narodna-inicijativa-moratorijum-prostorni-plan.jpg?wsr","width":840,"height":430,"caption":"kreni promeni zahtevi narodna inicijativa moratorijum prostorni plan"},{"@type":"BreadcrumbList","@id":"https:\/\/balkangreenenergynews.com\/rs\/kreni-promeni-dao-rok-vladi-srbije-da-do-20-januara-ukine-prostorni-plan-za-rudnik-litijuma\/#breadcrumb","itemListElement":[{"@type":"ListItem","position":1,"name":"Po\u010detna","item":"https:\/\/balkangreenenergynews.com\/rs\/"},{"@type":"ListItem","position":2,"name":"Vesti","item":"https:\/\/balkangreenenergynews.com\/rs\/kategorija\/vesti\/"},{"@type":"ListItem","position":3,"name":"\u017divotna sredina","item":"https:\/\/balkangreenenergynews.com\/rs\/kategorija\/vesti\/zivotna-sredina\/"},{"@type":"ListItem","position":4,"name":"Kreni-promeni dao rok Vladi Srbije da do 20. januara ukine Prostorni plan za rudnik litijuma"}]},{"@type":"WebSite","@id":"https:\/\/balkangreenenergynews.com\/rs\/#website","url":"https:\/\/balkangreenenergynews.com\/rs\/","name":"Balkan Green Energy News","description":"Naj\u0161iri izbor vesti sa Balkana o zelenoj energiji","potentialAction":[{"@type":"SearchAction","target":{"@type":"EntryPoint","urlTemplate":"https:\/\/balkangreenenergynews.com\/rs\/?s={search_term_string}"},"query-input":{"@type":"PropertyValueSpecification","valueRequired":true,"valueName":"search_term_string"}}],"inLanguage":"sr-RS"},{"@type":"Person","@id":"https:\/\/balkangreenenergynews.com\/rs\/#\/schema\/person\/99dc721c46113fea22caffad06ef7317","name":"Vladimir Spasi\u0107","url":"https:\/\/balkangreenenergynews.com\/rs\/author\/vladimir-spasic\/"}]}},"_links":{"self":[{"href":"https:\/\/balkangreenenergynews.com\/rs\/wp-json\/wp\/v2\/posts\/45170","targetHints":{"allow":["GET"]}}],"collection":[{"href":"https:\/\/balkangreenenergynews.com\/rs\/wp-json\/wp\/v2\/posts"}],"about":[{"href":"https:\/\/balkangreenenergynews.com\/rs\/wp-json\/wp\/v2\/types\/post"}],"author":[{"embeddable":true,"href":"https:\/\/balkangreenenergynews.com\/rs\/wp-json\/wp\/v2\/users\/23"}],"replies":[{"embeddable":true,"href":"https:\/\/balkangreenenergynews.com\/rs\/wp-json\/wp\/v2\/comments?post=45170"}],"version-history":[{"count":0,"href":"https:\/\/balkangreenenergynews.com\/rs\/wp-json\/wp\/v2\/posts\/45170\/revisions"}],"wp:featuredmedia":[{"embeddable":true,"href":"https:\/\/balkangreenenergynews.com\/rs\/wp-json\/wp\/v2\/media\/45171"}],"wp:attachment":[{"href":"https:\/\/balkangreenenergynews.com\/rs\/wp-json\/wp\/v2\/media?parent=45170"}],"wp:term":[{"taxonomy":"category","embeddable":true,"href":"https:\/\/balkangreenenergynews.com\/rs\/wp-json\/wp\/v2\/categories?post=45170"},{"taxonomy":"post_tag","embeddable":true,"href":"https:\/\/balkangreenenergynews.com\/rs\/wp-json\/wp\/v2\/tags?post=45170"}],"curies":[{"name":"wp","href":"https:\/\/api.w.org\/{rel}","templated":true}]}}