{"id":44136,"date":"2021-12-13T22:00:26","date_gmt":"2021-12-13T21:00:26","guid":{"rendered":"https:\/\/balkangreenenergynews.com\/rs\/?p=44136"},"modified":"2024-11-04T10:56:32","modified_gmt":"2024-11-04T09:56:32","slug":"nea-kvalitet-vazduha-u-srbiji-je-zajednicki-zadatak-vlade-nvo-ova-gradjana","status":"publish","type":"post","link":"https:\/\/balkangreenenergynews.com\/rs\/nea-kvalitet-vazduha-u-srbiji-je-zajednicki-zadatak-vlade-nvo-ova-gradjana\/","title":{"rendered":"NEA: Kvalitet vazduha u Srbiji je zajedni\u010dki zadatak vlade, NVO-ova, gra\u0111ana"},"content":{"rendered":"<h2>Nacionalna ekolo\u0161ka asocijacija \u2013 NEA poziva Vladu Srbije, civilni sektor, nezavisne stru\u010dnjake i gra\u0111ane na saradnju sa ciljem unapre\u0111enja kvaliteta vazduha, u svetlu otvaranja \u010detvrtog klastera pregovora o pridru\u017eivanju EU.<\/h2>\n<p>Odluka Evropske unije da otvori klaster zelene agende i odr\u017eivog povezivanja u pregovorima sa Srbijom je &#8222;samo gra\u0111evinska dozvola&#8220;, a da tek predstoje grubi i zemljani radovi i zavr\u0161ni radovi, koji \u0107e biti objektivno ocenjivani, izjavio je <a href=\"https:\/\/balkangreenenergynews.com\/rs\/sezona-grejanja-pocinje-a-vazduh-je-vec-svuda-u-srbiji-prezagadjen\/\">osniva\u010d<\/a> Nacionalne ekolo\u0161ke asocijacije \u2013 NEA <a href=\"https:\/\/balkangreenenergynews.com\/rs\/groznica-subotnje-veceri-ili-ekstremno-zagadjenje-vazduha-u-srbiji\/\">Milenko Jovanovi\u0107. <\/a><\/p>\n<p>Po toj metafori, gra\u0111ani i gra\u0111anke treba da se usele u dom u kojem \u0107e imati kvalitet u odnosu prema \u017eivotnoj sredini i zdravlju kao u EU i u svetu, a na tom putu \u0107e dr\u017eava biti objektivno ocenjivana. Klaster 4 objedinjuje poglavlja o transportnoj politici, energetici, transevropskim mre\u017eama i o \u017eivotnoj sredini i klimatskim promenama.<\/p>\n<blockquote><p>Srbija \u010dak i bez \u010dlanstva u EU treba da postigne njene standarde, isti\u010de Milenko Jovanovi\u0107 iz Nacionalne ekolo\u0161ke asocijacije<\/p><\/blockquote>\n<p>NEA je nacionalna i nestrana\u010dka organizacija koja uo\u010dava probleme i iznosi ih u javnost, dodao je Jovanovi\u0107 na konferenciji za \u0161tampu u Medija centru. U stru\u010dnom savetu sede ljudi koji imaju hrabrosti da ka\u017eu \u010dinjenice i oni svoje znanje prenose gra\u0111anima, kazao je.<\/p>\n<p>Po njegovim re\u010dima, Srbija \u010dak i bez \u010dlanstva u EU treba da postigne njene standarde, a NEA i druge nevladine organizacije i nezavisni stru\u010dnjaci u tome mogu da pomognu dr\u017eavi, kazao je i ocenio da institucije nemaju dovoljno kapaciteta.<\/p>\n<h3>Uskoro xEco aplikacija o kvalitetu vode<\/h3>\n<p><a href=\"https:\/\/balkangreenenergynews.com\/rs\/vazduh-prekomerno-zagaden-u-15-gradova-u-srbiji-u-2020\/\">Dejan Leki\u0107<\/a> iz organizacije NEA uspeo je da za osam meseci njenog postojanja objedini dr\u017eavne podatke i napravi tri aplikacije xEco koje gra\u0111ani mogu da koriste za svakodnevno dono\u0161enje odluka na koje mogu da uti\u010du zaga\u0111enje i kvalitet vazduha.<\/p>\n<p><a href=\"https:\/\/balkangreenenergynews.com\/rs\/aplikacija-xeco-vazduh-prikazuje-kvalitet-vazduha-u-srbiji-u-realnom-vremenu\/\">XEco vazduh<\/a> objedinjuje dr\u017eavne stanice i gra\u0111ansku mre\u017eu Klimerko za merenje kvaliteta vazduha, a upravo je iza\u0161la verzija na engleskom \u2013 xEco Air. XEco polen prikazuje koncentracije alergenog polena 26 biljaka u Srbiji, a xEco od\u017eak prikazuje emisije zaga\u0111uju\u0107ih materija iz industrijskih postrojenja u vazduh.<\/p>\n<blockquote><p>Leki\u0107: Dr\u017eava mora da u\u010dini podatke o \u017eivotnoj sredini dostupnima gra\u0111anima u realnom vremenu<\/p><\/blockquote>\n<p>Leki\u0107 ka\u017ee da \u0107e se \u010detvrta aplikacija, xEco kap, baviti op\u0161tim i kvalitetom vode za pi\u0107e, kupanje i vodosnabdevanje. On je istakao da podaci iz xEco vazduha pokazuju da je u Novom Pazaru i <a href=\"https:\/\/balkangreenenergynews.com\/rs\/u-2021-vazduh-u-valjevu-zagaden-96-dana-godisnji-zakonski-limit-35\/\">Valjevu<\/a> od po\u010detka godine bilo po 135 prekora\u010denja dozvoljenih dnevnih grani\u010dnih vrednosti za koncentraciju \u010destica PM10 u vazduhu, u pore\u0111enju sa 35, koliko se toleri\u0161e po zakonu. <a href=\"https:\/\/balkangreenenergynews.com\/rs\/bor-reda-rekorde-u-zagadenosti-vazduha-sumpor-dioksidom\/\">U Boru<\/a> su satne vrednosti za sumpor-dioksid prema\u0161ene 155 puta, a toleri\u0161e se 24 puta, dodao je.<\/p>\n<p>NEA tra\u017ei od dr\u017eavnih institucija da sve ove podatke u\u010dini dostupnima gra\u0111anima na Portalu otvorenih podataka u realnom vremenu, navodi Leki\u0107.<\/p>\n<h3>Hitno potrebno odbaciti fosilna goriva<\/h3>\n<p>Tia Leber iz Ambasade Sjedinjenih Dr\u017eava izjavila je na konferenciji za \u0161tampu da je njenoj dr\u017eavi u interesu da Srbija u\u0111e u EU. Ambasada SAD u\u010destvuje u razgovorima ameri\u010dkih kompanija sa Srbijom o projektima proizvodnje energije iz obnovljivih izvora, rekla je.<\/p>\n<blockquote><p>Treba\u0107e hrabrosti za neophodne promene i investicije, uklju\u010duju\u0107i prekvalifikaciju radnika iz sektora uglja<\/p><\/blockquote>\n<p>Dalje, Ameri\u010dka agencija za me\u0111unarodni razvoj (USAID) je aktivna u projektima za energetsku efikasnost i obnovljivu energiju koji \u0107e doprineti da Srbija postigne energetsku efikasnost, kao i u projektu za o\u010duvanje biodiverziteta u za\u0161ti\u0107enim podru\u010djima, kazala je Leber. Vlada SAD poma\u017ee u obuci \u0161umarskih inspektora, u reagovanju na ekolo\u0161ke katastrofe i primeni zakona o za\u0161titi \u017eivotne sredine, podsetila je Leber.<\/p>\n<p>&#8222;Tranzicija pri kojoj se odbacuju ugalj i fosilna goriva ne\u0107e biti laka, ali je od su\u0161tinskog zna\u010daja i hitno je potrebna. Treba\u0107e hrabrosti da se sprovedu neophodne promene i velike investicije u zelenu infrastrukturu, za strategije za lokalne zajednice, prekvalifikaciju radnika iz sektora uglja, razmenu znanja na prekograni\u010dnom nivou o najboljoj praksi, stvaranje i \u0161irenje finansijskih instrumenata, razvoj alatki kroz sve sektore dru\u0161tva za suo\u010davanje s pretnjama klimatskih promena&#8220;, izjavila je Leber.<\/p>\n<h3>Kompanije \u0107e promeniti na\u010din delovanja ako to koristi poslovanju<\/h3>\n<p>Biv\u0161i \u0161ef programa u Evropskoj agenciji za \u017eivotnu sredinu David Stanners naglasio je da su za dono\u0161enje pravih odluka o \u017eivotnoj sredini neophodne informacije i podaci koji su jasno razumljivi i da treba da ih plasiraju institucije kojima ljudi veruju. Po njegovom mi\u0161ljenju, kompanije bi promenile svoj na\u010din delovanja ako znaju da \u0107e im zdrava \u017eivotna sredina doneti dobro poslovanje.<\/p>\n<p>Simon Ilse, direktor beogradske kancelarije nema\u010dke fondacije Heinrich B\u00f6ll Stiftung, ukazao je na nalaze iz nove studije organizacije HEAL (Health and Environment Alliance) o izuzetno \u0161tetnom uticaju termoelektrana na kvalitet vazduha u Srbiji i na Balkanu. On je naglasio da, osim toga, u Srbiji rastu emisije ugljen-dioksida.<\/p>\n<p>Programski menad\u017eer Delegacije Evropske Unije u Srbiji <a href=\"https:\/\/balkangreenenergynews.com\/rs\/evropski-zeleni-plan-porucuje-da-je-dekarbonizacija-moguca-ne-samo-u-eu-vec-svuda\/\">Antoine Avignon<\/a> izjavio je da su glasa\u010di ti koji mogu da pritisnu dr\u017eave i politi\u010dare da sprovedu obaveze na polju \u017eivotne sredine i klimatskih promena.<\/p>\n","protected":false},"excerpt":{"rendered":"<p>Nacionalna ekolo\u0161ka asocijacija \u2013 NEA poziva vladu, civilni sektor, stru\u010dnjake i gra\u0111ane na saradnju sa ciljem unapre\u0111enja kvaliteta vazduha<\/p>\n","protected":false},"author":27,"featured_media":44150,"comment_status":"open","ping_status":"open","sticky":false,"template":"","format":"standard","meta":{"_acf_changed":false,"_monsterinsights_skip_tracking":false,"_monsterinsights_sitenote_active":false,"_monsterinsights_sitenote_note":"","_monsterinsights_sitenote_category":0,"footnotes":""},"categories":[4],"tags":[2571,6138,1231,6008,3441],"class_list":["post-44136","post","type-post","status-publish","format-standard","has-post-thumbnail","hentry","category-zivotna-sredina","tag-antoine-avignone","tag-dejan-lekic","tag-kvalitet-vazduha","tag-milenko-jovanovic","tag-zagadenost-vazduha","country-srbija"],"acf":[],"yoast_head":"<!-- This site is optimized with the Yoast SEO plugin v27.4 - https:\/\/yoast.com\/product\/yoast-seo-wordpress\/ -->\n<title>NEA: Kvalitet vazduha u Srbiji je zajedni\u010dki zadatak vlade, NVO-ova, gra\u0111ana<\/title>\n<meta name=\"description\" content=\"Nacionalna ekolo\u0161ka asocijacija \u2013 NEA poziva vladu, civilni sektor, stru\u010dnjake i gra\u0111ane na saradnju sa ciljem unapre\u0111enja kvaliteta vazduha.\" \/>\n<meta name=\"robots\" content=\"index, follow, max-snippet:-1, max-image-preview:large, max-video-preview:-1\" \/>\n<link rel=\"canonical\" href=\"https:\/\/balkangreenenergynews.com\/rs\/nea-kvalitet-vazduha-u-srbiji-je-zajednicki-zadatak-vlade-nvo-ova-gradjana\/\" \/>\n<meta property=\"og:locale\" content=\"sr_RS\" \/>\n<meta property=\"og:type\" content=\"article\" \/>\n<meta property=\"og:title\" content=\"NEA: Kvalitet vazduha u Srbiji je zajedni\u010dki zadatak vlade, NVO-ova, gra\u0111ana\" \/>\n<meta property=\"og:description\" content=\"Nacionalna ekolo\u0161ka asocijacija \u2013 NEA poziva vladu, civilni sektor, stru\u010dnjake i gra\u0111ane na saradnju sa ciljem unapre\u0111enja kvaliteta vazduha.\" \/>\n<meta property=\"og:url\" content=\"https:\/\/balkangreenenergynews.com\/rs\/nea-kvalitet-vazduha-u-srbiji-je-zajednicki-zadatak-vlade-nvo-ova-gradjana\/\" \/>\n<meta property=\"og:site_name\" content=\"Balkan Green Energy News\" \/>\n<meta property=\"article:published_time\" content=\"2021-12-13T21:00:26+00:00\" \/>\n<meta property=\"article:modified_time\" content=\"2024-11-04T09:56:32+00:00\" \/>\n<meta property=\"og:image\" content=\"https:\/\/balkangreenenergynews.com\/rs\/wp-content\/uploads\/2021\/12\/NEA-Kvalitet-vazduha-Srbiji-zadatak-vlade-NVO-gradana.jpg\" \/>\n\t<meta property=\"og:image:width\" content=\"840\" \/>\n\t<meta property=\"og:image:height\" content=\"430\" \/>\n\t<meta property=\"og:image:type\" content=\"image\/jpeg\" \/>\n<meta name=\"author\" content=\"Igor Todorovi\u0107\" \/>\n<meta name=\"twitter:card\" content=\"summary_large_image\" \/>\n<meta name=\"twitter:label1\" content=\"\u041d\u0430\u043f\u0438\u0441\u0430\u043d\u043e \u043e\u0434\" \/>\n\t<meta name=\"twitter:data1\" content=\"Igor Todorovi\u0107\" \/>\n\t<meta name=\"twitter:label2\" content=\"\u041f\u0440\u043e\u0446\u0435\u045a\u0435\u043d\u043e \u0432\u0440\u0435\u043c\u0435 \u0447\u0438\u0442\u0430\u045a\u0430\" \/>\n\t<meta name=\"twitter:data2\" content=\"5 \u043c\u0438\u043d\u0443\u0442\u0430\" \/>\n<script type=\"application\/ld+json\" class=\"yoast-schema-graph\">{\"@context\":\"https:\\\/\\\/schema.org\",\"@graph\":[{\"@type\":\"Article\",\"@id\":\"https:\\\/\\\/balkangreenenergynews.com\\\/rs\\\/nea-kvalitet-vazduha-u-srbiji-je-zajednicki-zadatak-vlade-nvo-ova-gradjana\\\/#article\",\"isPartOf\":{\"@id\":\"https:\\\/\\\/balkangreenenergynews.com\\\/rs\\\/nea-kvalitet-vazduha-u-srbiji-je-zajednicki-zadatak-vlade-nvo-ova-gradjana\\\/\"},\"author\":{\"name\":\"Igor Todorovi\u0107\",\"@id\":\"https:\\\/\\\/balkangreenenergynews.com\\\/rs\\\/#\\\/schema\\\/person\\\/d8f80a244c4e9f2b55e4f6968c253246\"},\"headline\":\"NEA: Kvalitet vazduha u Srbiji je zajedni\u010dki zadatak vlade, NVO-ova, gra\u0111ana\",\"datePublished\":\"2021-12-13T21:00:26+00:00\",\"dateModified\":\"2024-11-04T09:56:32+00:00\",\"mainEntityOfPage\":{\"@id\":\"https:\\\/\\\/balkangreenenergynews.com\\\/rs\\\/nea-kvalitet-vazduha-u-srbiji-je-zajednicki-zadatak-vlade-nvo-ova-gradjana\\\/\"},\"wordCount\":865,\"commentCount\":0,\"image\":{\"@id\":\"https:\\\/\\\/balkangreenenergynews.com\\\/rs\\\/nea-kvalitet-vazduha-u-srbiji-je-zajednicki-zadatak-vlade-nvo-ova-gradjana\\\/#primaryimage\"},\"thumbnailUrl\":\"https:\\\/\\\/balkangreenenergynews.com\\\/rs\\\/wp-content\\\/uploads\\\/2021\\\/12\\\/NEA-Kvalitet-vazduha-Srbiji-zadatak-vlade-NVO-gradana.jpg?wsr\",\"keywords\":[\"Antoine Avignon\",\"Dejan Leki\u0107\",\"kvalitet vazduha\",\"Milenko Jovanovi\u0107\",\"zaga\u0111enost vazduha\"],\"articleSection\":[\"\u017divotna sredina\"],\"inLanguage\":\"sr-RS\",\"potentialAction\":[{\"@type\":\"CommentAction\",\"name\":\"Comment\",\"target\":[\"https:\\\/\\\/balkangreenenergynews.com\\\/rs\\\/nea-kvalitet-vazduha-u-srbiji-je-zajednicki-zadatak-vlade-nvo-ova-gradjana\\\/#respond\"]}]},{\"@type\":\"WebPage\",\"@id\":\"https:\\\/\\\/balkangreenenergynews.com\\\/rs\\\/nea-kvalitet-vazduha-u-srbiji-je-zajednicki-zadatak-vlade-nvo-ova-gradjana\\\/\",\"url\":\"https:\\\/\\\/balkangreenenergynews.com\\\/rs\\\/nea-kvalitet-vazduha-u-srbiji-je-zajednicki-zadatak-vlade-nvo-ova-gradjana\\\/\",\"name\":\"NEA: Kvalitet vazduha u Srbiji je zajedni\u010dki zadatak vlade, NVO-ova, gra\u0111ana\",\"isPartOf\":{\"@id\":\"https:\\\/\\\/balkangreenenergynews.com\\\/rs\\\/#website\"},\"primaryImageOfPage\":{\"@id\":\"https:\\\/\\\/balkangreenenergynews.com\\\/rs\\\/nea-kvalitet-vazduha-u-srbiji-je-zajednicki-zadatak-vlade-nvo-ova-gradjana\\\/#primaryimage\"},\"image\":{\"@id\":\"https:\\\/\\\/balkangreenenergynews.com\\\/rs\\\/nea-kvalitet-vazduha-u-srbiji-je-zajednicki-zadatak-vlade-nvo-ova-gradjana\\\/#primaryimage\"},\"thumbnailUrl\":\"https:\\\/\\\/balkangreenenergynews.com\\\/rs\\\/wp-content\\\/uploads\\\/2021\\\/12\\\/NEA-Kvalitet-vazduha-Srbiji-zadatak-vlade-NVO-gradana.jpg?wsr\",\"datePublished\":\"2021-12-13T21:00:26+00:00\",\"dateModified\":\"2024-11-04T09:56:32+00:00\",\"author\":{\"@id\":\"https:\\\/\\\/balkangreenenergynews.com\\\/rs\\\/#\\\/schema\\\/person\\\/d8f80a244c4e9f2b55e4f6968c253246\"},\"description\":\"Nacionalna ekolo\u0161ka asocijacija \u2013 NEA poziva vladu, civilni sektor, stru\u010dnjake i gra\u0111ane na saradnju sa ciljem unapre\u0111enja kvaliteta vazduha.\",\"breadcrumb\":{\"@id\":\"https:\\\/\\\/balkangreenenergynews.com\\\/rs\\\/nea-kvalitet-vazduha-u-srbiji-je-zajednicki-zadatak-vlade-nvo-ova-gradjana\\\/#breadcrumb\"},\"inLanguage\":\"sr-RS\",\"potentialAction\":[{\"@type\":\"ReadAction\",\"target\":[\"https:\\\/\\\/balkangreenenergynews.com\\\/rs\\\/nea-kvalitet-vazduha-u-srbiji-je-zajednicki-zadatak-vlade-nvo-ova-gradjana\\\/\"]}]},{\"@type\":\"ImageObject\",\"inLanguage\":\"sr-RS\",\"@id\":\"https:\\\/\\\/balkangreenenergynews.com\\\/rs\\\/nea-kvalitet-vazduha-u-srbiji-je-zajednicki-zadatak-vlade-nvo-ova-gradjana\\\/#primaryimage\",\"url\":\"https:\\\/\\\/balkangreenenergynews.com\\\/rs\\\/wp-content\\\/uploads\\\/2021\\\/12\\\/NEA-Kvalitet-vazduha-Srbiji-zadatak-vlade-NVO-gradana.jpg?wsr\",\"contentUrl\":\"https:\\\/\\\/balkangreenenergynews.com\\\/rs\\\/wp-content\\\/uploads\\\/2021\\\/12\\\/NEA-Kvalitet-vazduha-Srbiji-zadatak-vlade-NVO-gradana.jpg?wsr\",\"width\":840,\"height\":430,\"caption\":\"NEA Kvalitet vazduha Srbiji zadatak vlade NVO gradana\"},{\"@type\":\"BreadcrumbList\",\"@id\":\"https:\\\/\\\/balkangreenenergynews.com\\\/rs\\\/nea-kvalitet-vazduha-u-srbiji-je-zajednicki-zadatak-vlade-nvo-ova-gradjana\\\/#breadcrumb\",\"itemListElement\":[{\"@type\":\"ListItem\",\"position\":1,\"name\":\"Po\u010detna\",\"item\":\"https:\\\/\\\/balkangreenenergynews.com\\\/rs\\\/\"},{\"@type\":\"ListItem\",\"position\":2,\"name\":\"Vesti\",\"item\":\"https:\\\/\\\/balkangreenenergynews.com\\\/rs\\\/kategorija\\\/vesti\\\/\"},{\"@type\":\"ListItem\",\"position\":3,\"name\":\"\u017divotna sredina\",\"item\":\"https:\\\/\\\/balkangreenenergynews.com\\\/rs\\\/kategorija\\\/vesti\\\/zivotna-sredina\\\/\"},{\"@type\":\"ListItem\",\"position\":4,\"name\":\"NEA: Kvalitet vazduha u Srbiji je zajedni\u010dki zadatak vlade, NVO-ova, gra\u0111ana\"}]},{\"@type\":\"WebSite\",\"@id\":\"https:\\\/\\\/balkangreenenergynews.com\\\/rs\\\/#website\",\"url\":\"https:\\\/\\\/balkangreenenergynews.com\\\/rs\\\/\",\"name\":\"Balkan Green Energy News\",\"description\":\"Naj\u0161iri izbor vesti sa Balkana o zelenoj energiji\",\"potentialAction\":[{\"@type\":\"SearchAction\",\"target\":{\"@type\":\"EntryPoint\",\"urlTemplate\":\"https:\\\/\\\/balkangreenenergynews.com\\\/rs\\\/?s={search_term_string}\"},\"query-input\":{\"@type\":\"PropertyValueSpecification\",\"valueRequired\":true,\"valueName\":\"search_term_string\"}}],\"inLanguage\":\"sr-RS\"},{\"@type\":\"Person\",\"@id\":\"https:\\\/\\\/balkangreenenergynews.com\\\/rs\\\/#\\\/schema\\\/person\\\/d8f80a244c4e9f2b55e4f6968c253246\",\"name\":\"Igor Todorovi\u0107\",\"url\":\"https:\\\/\\\/balkangreenenergynews.com\\\/rs\\\/author\\\/igor-todorovic\\\/\"}]}<\/script>\n<!-- \/ Yoast SEO plugin. -->","yoast_head_json":{"title":"NEA: Kvalitet vazduha u Srbiji je zajedni\u010dki zadatak vlade, NVO-ova, gra\u0111ana","description":"Nacionalna ekolo\u0161ka asocijacija \u2013 NEA poziva vladu, civilni sektor, stru\u010dnjake i gra\u0111ane na saradnju sa ciljem unapre\u0111enja kvaliteta vazduha.","robots":{"index":"index","follow":"follow","max-snippet":"max-snippet:-1","max-image-preview":"max-image-preview:large","max-video-preview":"max-video-preview:-1"},"canonical":"https:\/\/balkangreenenergynews.com\/rs\/nea-kvalitet-vazduha-u-srbiji-je-zajednicki-zadatak-vlade-nvo-ova-gradjana\/","og_locale":"sr_RS","og_type":"article","og_title":"NEA: Kvalitet vazduha u Srbiji je zajedni\u010dki zadatak vlade, NVO-ova, gra\u0111ana","og_description":"Nacionalna ekolo\u0161ka asocijacija \u2013 NEA poziva vladu, civilni sektor, stru\u010dnjake i gra\u0111ane na saradnju sa ciljem unapre\u0111enja kvaliteta vazduha.","og_url":"https:\/\/balkangreenenergynews.com\/rs\/nea-kvalitet-vazduha-u-srbiji-je-zajednicki-zadatak-vlade-nvo-ova-gradjana\/","og_site_name":"Balkan Green Energy News","article_published_time":"2021-12-13T21:00:26+00:00","article_modified_time":"2024-11-04T09:56:32+00:00","og_image":[{"width":840,"height":430,"url":"https:\/\/balkangreenenergynews.com\/rs\/wp-content\/uploads\/2021\/12\/NEA-Kvalitet-vazduha-Srbiji-zadatak-vlade-NVO-gradana.jpg","type":"image\/jpeg"}],"author":"Igor Todorovi\u0107","twitter_card":"summary_large_image","twitter_misc":{"\u041d\u0430\u043f\u0438\u0441\u0430\u043d\u043e \u043e\u0434":"Igor Todorovi\u0107","\u041f\u0440\u043e\u0446\u0435\u045a\u0435\u043d\u043e \u0432\u0440\u0435\u043c\u0435 \u0447\u0438\u0442\u0430\u045a\u0430":"5 \u043c\u0438\u043d\u0443\u0442\u0430"},"schema":{"@context":"https:\/\/schema.org","@graph":[{"@type":"Article","@id":"https:\/\/balkangreenenergynews.com\/rs\/nea-kvalitet-vazduha-u-srbiji-je-zajednicki-zadatak-vlade-nvo-ova-gradjana\/#article","isPartOf":{"@id":"https:\/\/balkangreenenergynews.com\/rs\/nea-kvalitet-vazduha-u-srbiji-je-zajednicki-zadatak-vlade-nvo-ova-gradjana\/"},"author":{"name":"Igor Todorovi\u0107","@id":"https:\/\/balkangreenenergynews.com\/rs\/#\/schema\/person\/d8f80a244c4e9f2b55e4f6968c253246"},"headline":"NEA: Kvalitet vazduha u Srbiji je zajedni\u010dki zadatak vlade, NVO-ova, gra\u0111ana","datePublished":"2021-12-13T21:00:26+00:00","dateModified":"2024-11-04T09:56:32+00:00","mainEntityOfPage":{"@id":"https:\/\/balkangreenenergynews.com\/rs\/nea-kvalitet-vazduha-u-srbiji-je-zajednicki-zadatak-vlade-nvo-ova-gradjana\/"},"wordCount":865,"commentCount":0,"image":{"@id":"https:\/\/balkangreenenergynews.com\/rs\/nea-kvalitet-vazduha-u-srbiji-je-zajednicki-zadatak-vlade-nvo-ova-gradjana\/#primaryimage"},"thumbnailUrl":"https:\/\/balkangreenenergynews.com\/rs\/wp-content\/uploads\/2021\/12\/NEA-Kvalitet-vazduha-Srbiji-zadatak-vlade-NVO-gradana.jpg?wsr","keywords":["Antoine Avignon","Dejan Leki\u0107","kvalitet vazduha","Milenko Jovanovi\u0107","zaga\u0111enost vazduha"],"articleSection":["\u017divotna sredina"],"inLanguage":"sr-RS","potentialAction":[{"@type":"CommentAction","name":"Comment","target":["https:\/\/balkangreenenergynews.com\/rs\/nea-kvalitet-vazduha-u-srbiji-je-zajednicki-zadatak-vlade-nvo-ova-gradjana\/#respond"]}]},{"@type":"WebPage","@id":"https:\/\/balkangreenenergynews.com\/rs\/nea-kvalitet-vazduha-u-srbiji-je-zajednicki-zadatak-vlade-nvo-ova-gradjana\/","url":"https:\/\/balkangreenenergynews.com\/rs\/nea-kvalitet-vazduha-u-srbiji-je-zajednicki-zadatak-vlade-nvo-ova-gradjana\/","name":"NEA: Kvalitet vazduha u Srbiji je zajedni\u010dki zadatak vlade, NVO-ova, gra\u0111ana","isPartOf":{"@id":"https:\/\/balkangreenenergynews.com\/rs\/#website"},"primaryImageOfPage":{"@id":"https:\/\/balkangreenenergynews.com\/rs\/nea-kvalitet-vazduha-u-srbiji-je-zajednicki-zadatak-vlade-nvo-ova-gradjana\/#primaryimage"},"image":{"@id":"https:\/\/balkangreenenergynews.com\/rs\/nea-kvalitet-vazduha-u-srbiji-je-zajednicki-zadatak-vlade-nvo-ova-gradjana\/#primaryimage"},"thumbnailUrl":"https:\/\/balkangreenenergynews.com\/rs\/wp-content\/uploads\/2021\/12\/NEA-Kvalitet-vazduha-Srbiji-zadatak-vlade-NVO-gradana.jpg?wsr","datePublished":"2021-12-13T21:00:26+00:00","dateModified":"2024-11-04T09:56:32+00:00","author":{"@id":"https:\/\/balkangreenenergynews.com\/rs\/#\/schema\/person\/d8f80a244c4e9f2b55e4f6968c253246"},"description":"Nacionalna ekolo\u0161ka asocijacija \u2013 NEA poziva vladu, civilni sektor, stru\u010dnjake i gra\u0111ane na saradnju sa ciljem unapre\u0111enja kvaliteta vazduha.","breadcrumb":{"@id":"https:\/\/balkangreenenergynews.com\/rs\/nea-kvalitet-vazduha-u-srbiji-je-zajednicki-zadatak-vlade-nvo-ova-gradjana\/#breadcrumb"},"inLanguage":"sr-RS","potentialAction":[{"@type":"ReadAction","target":["https:\/\/balkangreenenergynews.com\/rs\/nea-kvalitet-vazduha-u-srbiji-je-zajednicki-zadatak-vlade-nvo-ova-gradjana\/"]}]},{"@type":"ImageObject","inLanguage":"sr-RS","@id":"https:\/\/balkangreenenergynews.com\/rs\/nea-kvalitet-vazduha-u-srbiji-je-zajednicki-zadatak-vlade-nvo-ova-gradjana\/#primaryimage","url":"https:\/\/balkangreenenergynews.com\/rs\/wp-content\/uploads\/2021\/12\/NEA-Kvalitet-vazduha-Srbiji-zadatak-vlade-NVO-gradana.jpg?wsr","contentUrl":"https:\/\/balkangreenenergynews.com\/rs\/wp-content\/uploads\/2021\/12\/NEA-Kvalitet-vazduha-Srbiji-zadatak-vlade-NVO-gradana.jpg?wsr","width":840,"height":430,"caption":"NEA Kvalitet vazduha Srbiji zadatak vlade NVO gradana"},{"@type":"BreadcrumbList","@id":"https:\/\/balkangreenenergynews.com\/rs\/nea-kvalitet-vazduha-u-srbiji-je-zajednicki-zadatak-vlade-nvo-ova-gradjana\/#breadcrumb","itemListElement":[{"@type":"ListItem","position":1,"name":"Po\u010detna","item":"https:\/\/balkangreenenergynews.com\/rs\/"},{"@type":"ListItem","position":2,"name":"Vesti","item":"https:\/\/balkangreenenergynews.com\/rs\/kategorija\/vesti\/"},{"@type":"ListItem","position":3,"name":"\u017divotna sredina","item":"https:\/\/balkangreenenergynews.com\/rs\/kategorija\/vesti\/zivotna-sredina\/"},{"@type":"ListItem","position":4,"name":"NEA: Kvalitet vazduha u Srbiji je zajedni\u010dki zadatak vlade, NVO-ova, gra\u0111ana"}]},{"@type":"WebSite","@id":"https:\/\/balkangreenenergynews.com\/rs\/#website","url":"https:\/\/balkangreenenergynews.com\/rs\/","name":"Balkan Green Energy News","description":"Naj\u0161iri izbor vesti sa Balkana o zelenoj energiji","potentialAction":[{"@type":"SearchAction","target":{"@type":"EntryPoint","urlTemplate":"https:\/\/balkangreenenergynews.com\/rs\/?s={search_term_string}"},"query-input":{"@type":"PropertyValueSpecification","valueRequired":true,"valueName":"search_term_string"}}],"inLanguage":"sr-RS"},{"@type":"Person","@id":"https:\/\/balkangreenenergynews.com\/rs\/#\/schema\/person\/d8f80a244c4e9f2b55e4f6968c253246","name":"Igor Todorovi\u0107","url":"https:\/\/balkangreenenergynews.com\/rs\/author\/igor-todorovic\/"}]}},"_links":{"self":[{"href":"https:\/\/balkangreenenergynews.com\/rs\/wp-json\/wp\/v2\/posts\/44136","targetHints":{"allow":["GET"]}}],"collection":[{"href":"https:\/\/balkangreenenergynews.com\/rs\/wp-json\/wp\/v2\/posts"}],"about":[{"href":"https:\/\/balkangreenenergynews.com\/rs\/wp-json\/wp\/v2\/types\/post"}],"author":[{"embeddable":true,"href":"https:\/\/balkangreenenergynews.com\/rs\/wp-json\/wp\/v2\/users\/27"}],"replies":[{"embeddable":true,"href":"https:\/\/balkangreenenergynews.com\/rs\/wp-json\/wp\/v2\/comments?post=44136"}],"version-history":[{"count":0,"href":"https:\/\/balkangreenenergynews.com\/rs\/wp-json\/wp\/v2\/posts\/44136\/revisions"}],"wp:featuredmedia":[{"embeddable":true,"href":"https:\/\/balkangreenenergynews.com\/rs\/wp-json\/wp\/v2\/media\/44150"}],"wp:attachment":[{"href":"https:\/\/balkangreenenergynews.com\/rs\/wp-json\/wp\/v2\/media?parent=44136"}],"wp:term":[{"taxonomy":"category","embeddable":true,"href":"https:\/\/balkangreenenergynews.com\/rs\/wp-json\/wp\/v2\/categories?post=44136"},{"taxonomy":"post_tag","embeddable":true,"href":"https:\/\/balkangreenenergynews.com\/rs\/wp-json\/wp\/v2\/tags?post=44136"}],"curies":[{"name":"wp","href":"https:\/\/api.w.org\/{rel}","templated":true}]}}