{"id":43894,"date":"2021-12-06T18:33:16","date_gmt":"2021-12-06T17:33:16","guid":{"rendered":"https:\/\/balkangreenenergynews.com\/rs\/?p=43894"},"modified":"2024-06-17T13:49:03","modified_gmt":"2024-06-17T11:49:03","slug":"mihajlovic-litijum-kljucan-za-privredu-protesti-su-protiv-vucica-i-vlade-a-ne-za-zivotnu-sredinu","status":"publish","type":"post","link":"https:\/\/balkangreenenergynews.com\/rs\/mihajlovic-litijum-kljucan-za-privredu-protesti-su-protiv-vucica-i-vlade-a-ne-za-zivotnu-sredinu\/","title":{"rendered":"Mihajlovi\u0107: Litijum klju\u010dan za privredu; protesti su protiv Vu\u010di\u0107a i vlade, a ne za \u017eivotnu sredinu"},"content":{"rendered":"<h2>Potpredsednica Vlade Srbije i ministarka rudarstva i energetike Zorana Mihajlovi\u0107 izjavila je da protesti subotom nemaju nikakve veze sa \u017eivotnom sredinom niti sa spornim zakonima, ve\u0107 da su organizovani protiv vlade i predsednika Aleksandra Vu\u010di\u0107a.<\/h2>\n<div class=\"clearfix text-formatted field field--name-body field--type-text-with-summary field--label-hidden field__item\">\n<p class=\"text-align-justify\">Zakon o eksproprijaciji treba da ubrza radove na infrastrukturnim projektima od javnog interesa, a njegove izmene nemaju nikakve veze sa Rio Tintovim projektom Jadar, kazala je za potpredsednica Vlade Srbije i ministarka rudarstva i energetike Zorana Mihajlovi\u0107. Ona je za TV Prva kazala da su <a href=\"https:\/\/balkangreenenergynews.com\/rs\/gradjani-masovno-blokirali-saobracaj-u-srbiji-u-znak-protesta-zbog-spornih-zakona-i-rio-tinta\/\">masovni protesti<\/a> koji se odr\u017eavaju <a href=\"https:\/\/balkangreenenergynews.com\/rs\/djokovic-i-glumci-podrzali-ekoloske-proteste-i-porucili-nista-nije-prece-od-ciste-zemlje-vode-i-vazduha\/\">\u0161irom zemlje<\/a> protiv tog i Zakona o referendumu i narodnoj inicijativi &#8222;poku\u0161aj promene vlasti bez izbora&#8220; i da nemaju veze sa \u017eivotnom sredinom.<\/p>\n<h3>Ne\u0107e biti oduzimanja zemlje<\/h3>\n<p>Demonstracije su zapravo organizovane protiv vlade i predsednika Aleksandra Vu\u010di\u0107a, po njenom mi\u0161ljenju. &#8222;Izmene Zakona o eksproprijaciji nemaju nikakve veze sa Rio Tintom, ve\u0107 je trebalo da ubrzaju sve postupke na infrastrukturnim radovima od javnog interesa. Nikada nije bilo, niti \u0107e biti, oduzimanja zemlje, nije to nacionalizacija \u201945. godine&#8220;, tvrdi Mihajlovi\u0107.<\/p>\n<blockquote><p>Mihajlovi\u0107: Izmene Zakona o eksproprijaciji je trebalo da ubrzaju sve postupke na infrastrukturnim radovima od javnog interesa<\/p><\/blockquote>\n<\/div>\n<p class=\"text-align-justify\">Ponovila je da je Rio Tinto u Srbiju do\u0161ao 2004. i da od tada ima istra\u017ena prava, ali da dozvolu za otvaranje rudnika mo\u017ee da dobije tek posle ispunjenja svih uslova, a jedan od njih je procena uticaja na \u017eivotnu sredinu. Mihajlovi\u0107 navodi da \u0107e se to znati kada budu iza\u0161le tri studije koje su u izradi.<\/p>\n<h3>Litijum je nafta 21. veka<\/h3>\n<div class=\"clearfix text-formatted field field--name-body field--type-text-with-summary field--label-hidden field__item\">\n<p>&#8222;Pitanje je, ako studije poka\u017eu da ne\u0107e biti uticaja na \u017eivotnu sredinu, da li mi ho\u0107emo da iskoristimo \u0161ansu ili ne, jer je litijum kriti\u010dna mineralna sirovina u svetu, bez koje u narednih 50 godina nema privrede, nema energetike, nema elektrifikacije&#8220;, rekla je vicepremijerka. Mihajlovi\u0107 je istakla da su izmenama Zakona o rudarstvu iz 2006. godine izba\u010dene odredbe o javnom nadmetanju i da to zna\u010di da onaj ko dobije pravo za istra\u017eivanje bez tendera automatski mo\u017ee da dobije i eksploataciono pravo.<\/p>\n<\/div>\n<p>Ministarka rudarstva i energetike je pro\u0161le nedelje procenila da \u0107e vrednost litijuma za deset godina porasti pedeset puta i da je klju\u010dan za privredni razvoj. &#8222;Litijum je nafta 21. veka, i kao \u0161to se nekad borilo za naftu, tako \u0107e biti za litijum, bakar i zlato \u2013 sirovine koje mi imamo&#8220;, rekla je Mihajlovi\u0107.<\/p>\n","protected":false},"excerpt":{"rendered":"<p>Mihajlovi\u0107: protesti nemaju nikakve veze sa \u017eivotnom sredinom niti spornim zakonima, ve\u0107 su organizovani protiv vlade i predsednika Vu\u010di\u0107a<\/p>\n","protected":false},"author":25,"featured_media":43903,"comment_status":"open","ping_status":"open","sticky":false,"template":"","format":"standard","meta":{"_acf_changed":false,"_monsterinsights_skip_tracking":false,"_monsterinsights_sitenote_active":false,"_monsterinsights_sitenote_note":"","_monsterinsights_sitenote_category":0,"footnotes":""},"categories":[4],"tags":[2899,7071,5161,5921,4963],"class_list":["post-43894","post","type-post","status-publish","format-standard","has-post-thumbnail","hentry","category-zivotna-sredina","tag-litijum","tag-projekat-jadar","tag-rio-tinto","tag-zivotna-sredina","tag-zorana-mihajlovic","country-srbija"],"acf":[],"yoast_head":"<!-- This site is optimized with the Yoast SEO plugin v27.4 - https:\/\/yoast.com\/product\/yoast-seo-wordpress\/ -->\n<title>Mihajlovi\u0107: Litijum klju\u010dan za privredu; protesti su protiv Vu\u010di\u0107a i vlade, a ne za \u017eivotnu sredinu<\/title>\n<meta name=\"description\" content=\"Mihajlovi\u0107: protesti nemaju nikakve veze sa \u017eivotnom sredinom niti spornim zakonima, ve\u0107 su organizovani protiv vlade i predsednika Vu\u010di\u0107a.\" \/>\n<meta name=\"robots\" content=\"index, follow, max-snippet:-1, max-image-preview:large, max-video-preview:-1\" \/>\n<link rel=\"canonical\" href=\"https:\/\/balkangreenenergynews.com\/rs\/mihajlovic-litijum-kljucan-za-privredu-protesti-su-protiv-vucica-i-vlade-a-ne-za-zivotnu-sredinu\/\" \/>\n<meta property=\"og:locale\" content=\"sr_RS\" \/>\n<meta property=\"og:type\" content=\"article\" \/>\n<meta property=\"og:title\" content=\"Mihajlovi\u0107: Litijum klju\u010dan za privredu; protesti su protiv Vu\u010di\u0107a i vlade, a ne za \u017eivotnu sredinu\" \/>\n<meta property=\"og:description\" content=\"Mihajlovi\u0107: protesti nemaju nikakve veze sa \u017eivotnom sredinom niti spornim zakonima, ve\u0107 su organizovani protiv vlade i predsednika Vu\u010di\u0107a.\" \/>\n<meta property=\"og:url\" content=\"https:\/\/balkangreenenergynews.com\/rs\/mihajlovic-litijum-kljucan-za-privredu-protesti-su-protiv-vucica-i-vlade-a-ne-za-zivotnu-sredinu\/\" \/>\n<meta property=\"og:site_name\" content=\"Balkan Green Energy News\" \/>\n<meta property=\"article:published_time\" content=\"2021-12-06T17:33:16+00:00\" \/>\n<meta property=\"article:modified_time\" content=\"2024-06-17T11:49:03+00:00\" \/>\n<meta property=\"og:image\" content=\"https:\/\/balkangreenenergynews.com\/rs\/wp-content\/uploads\/2021\/12\/Mihajlovic-Litijum-kljucan-privredu-protesti-Vucica-vlade-zivotnu-sredinu.jpg\" \/>\n\t<meta property=\"og:image:width\" content=\"840\" \/>\n\t<meta property=\"og:image:height\" content=\"430\" \/>\n\t<meta property=\"og:image:type\" content=\"image\/jpeg\" \/>\n<meta name=\"author\" content=\"Balkan Green Energy News\" \/>\n<meta name=\"twitter:card\" content=\"summary_large_image\" \/>\n<meta name=\"twitter:label1\" content=\"\u041d\u0430\u043f\u0438\u0441\u0430\u043d\u043e \u043e\u0434\" \/>\n\t<meta name=\"twitter:data1\" content=\"Balkan Green Energy News\" \/>\n\t<meta name=\"twitter:label2\" content=\"\u041f\u0440\u043e\u0446\u0435\u045a\u0435\u043d\u043e \u0432\u0440\u0435\u043c\u0435 \u0447\u0438\u0442\u0430\u045a\u0430\" \/>\n\t<meta name=\"twitter:data2\" content=\"3 \u043c\u0438\u043d\u0443\u0442\u0430\" \/>\n<script type=\"application\/ld+json\" class=\"yoast-schema-graph\">{\"@context\":\"https:\\\/\\\/schema.org\",\"@graph\":[{\"@type\":\"Article\",\"@id\":\"https:\\\/\\\/balkangreenenergynews.com\\\/rs\\\/mihajlovic-litijum-kljucan-za-privredu-protesti-su-protiv-vucica-i-vlade-a-ne-za-zivotnu-sredinu\\\/#article\",\"isPartOf\":{\"@id\":\"https:\\\/\\\/balkangreenenergynews.com\\\/rs\\\/mihajlovic-litijum-kljucan-za-privredu-protesti-su-protiv-vucica-i-vlade-a-ne-za-zivotnu-sredinu\\\/\"},\"author\":{\"name\":\"Balkan Green Energy News\",\"@id\":\"https:\\\/\\\/balkangreenenergynews.com\\\/rs\\\/#\\\/schema\\\/person\\\/dee275e6036b1a0f7ceaf956d79d4eff\"},\"headline\":\"Mihajlovi\u0107: Litijum klju\u010dan za privredu; protesti su protiv Vu\u010di\u0107a i vlade, a ne za \u017eivotnu sredinu\",\"datePublished\":\"2021-12-06T17:33:16+00:00\",\"dateModified\":\"2024-06-17T11:49:03+00:00\",\"mainEntityOfPage\":{\"@id\":\"https:\\\/\\\/balkangreenenergynews.com\\\/rs\\\/mihajlovic-litijum-kljucan-za-privredu-protesti-su-protiv-vucica-i-vlade-a-ne-za-zivotnu-sredinu\\\/\"},\"wordCount\":411,\"commentCount\":2,\"image\":{\"@id\":\"https:\\\/\\\/balkangreenenergynews.com\\\/rs\\\/mihajlovic-litijum-kljucan-za-privredu-protesti-su-protiv-vucica-i-vlade-a-ne-za-zivotnu-sredinu\\\/#primaryimage\"},\"thumbnailUrl\":\"https:\\\/\\\/balkangreenenergynews.com\\\/rs\\\/wp-content\\\/uploads\\\/2021\\\/12\\\/Mihajlovic-Litijum-kljucan-privredu-protesti-Vucica-vlade-zivotnu-sredinu.jpg?wsr\",\"keywords\":[\"litijum\",\"Projekat Jadar\",\"Rio Tinto\",\"\u017eivotna sredina\",\"Zorana Mihajlovi\u0107\"],\"articleSection\":[\"\u017divotna sredina\"],\"inLanguage\":\"sr-RS\",\"potentialAction\":[{\"@type\":\"CommentAction\",\"name\":\"Comment\",\"target\":[\"https:\\\/\\\/balkangreenenergynews.com\\\/rs\\\/mihajlovic-litijum-kljucan-za-privredu-protesti-su-protiv-vucica-i-vlade-a-ne-za-zivotnu-sredinu\\\/#respond\"]}]},{\"@type\":\"WebPage\",\"@id\":\"https:\\\/\\\/balkangreenenergynews.com\\\/rs\\\/mihajlovic-litijum-kljucan-za-privredu-protesti-su-protiv-vucica-i-vlade-a-ne-za-zivotnu-sredinu\\\/\",\"url\":\"https:\\\/\\\/balkangreenenergynews.com\\\/rs\\\/mihajlovic-litijum-kljucan-za-privredu-protesti-su-protiv-vucica-i-vlade-a-ne-za-zivotnu-sredinu\\\/\",\"name\":\"Mihajlovi\u0107: Litijum klju\u010dan za privredu; protesti su protiv Vu\u010di\u0107a i vlade, a ne za \u017eivotnu sredinu\",\"isPartOf\":{\"@id\":\"https:\\\/\\\/balkangreenenergynews.com\\\/rs\\\/#website\"},\"primaryImageOfPage\":{\"@id\":\"https:\\\/\\\/balkangreenenergynews.com\\\/rs\\\/mihajlovic-litijum-kljucan-za-privredu-protesti-su-protiv-vucica-i-vlade-a-ne-za-zivotnu-sredinu\\\/#primaryimage\"},\"image\":{\"@id\":\"https:\\\/\\\/balkangreenenergynews.com\\\/rs\\\/mihajlovic-litijum-kljucan-za-privredu-protesti-su-protiv-vucica-i-vlade-a-ne-za-zivotnu-sredinu\\\/#primaryimage\"},\"thumbnailUrl\":\"https:\\\/\\\/balkangreenenergynews.com\\\/rs\\\/wp-content\\\/uploads\\\/2021\\\/12\\\/Mihajlovic-Litijum-kljucan-privredu-protesti-Vucica-vlade-zivotnu-sredinu.jpg?wsr\",\"datePublished\":\"2021-12-06T17:33:16+00:00\",\"dateModified\":\"2024-06-17T11:49:03+00:00\",\"author\":{\"@id\":\"https:\\\/\\\/balkangreenenergynews.com\\\/rs\\\/#\\\/schema\\\/person\\\/dee275e6036b1a0f7ceaf956d79d4eff\"},\"description\":\"Mihajlovi\u0107: protesti nemaju nikakve veze sa \u017eivotnom sredinom niti spornim zakonima, ve\u0107 su organizovani protiv vlade i predsednika Vu\u010di\u0107a.\",\"breadcrumb\":{\"@id\":\"https:\\\/\\\/balkangreenenergynews.com\\\/rs\\\/mihajlovic-litijum-kljucan-za-privredu-protesti-su-protiv-vucica-i-vlade-a-ne-za-zivotnu-sredinu\\\/#breadcrumb\"},\"inLanguage\":\"sr-RS\",\"potentialAction\":[{\"@type\":\"ReadAction\",\"target\":[\"https:\\\/\\\/balkangreenenergynews.com\\\/rs\\\/mihajlovic-litijum-kljucan-za-privredu-protesti-su-protiv-vucica-i-vlade-a-ne-za-zivotnu-sredinu\\\/\"]}]},{\"@type\":\"ImageObject\",\"inLanguage\":\"sr-RS\",\"@id\":\"https:\\\/\\\/balkangreenenergynews.com\\\/rs\\\/mihajlovic-litijum-kljucan-za-privredu-protesti-su-protiv-vucica-i-vlade-a-ne-za-zivotnu-sredinu\\\/#primaryimage\",\"url\":\"https:\\\/\\\/balkangreenenergynews.com\\\/rs\\\/wp-content\\\/uploads\\\/2021\\\/12\\\/Mihajlovic-Litijum-kljucan-privredu-protesti-Vucica-vlade-zivotnu-sredinu.jpg?wsr\",\"contentUrl\":\"https:\\\/\\\/balkangreenenergynews.com\\\/rs\\\/wp-content\\\/uploads\\\/2021\\\/12\\\/Mihajlovic-Litijum-kljucan-privredu-protesti-Vucica-vlade-zivotnu-sredinu.jpg?wsr\",\"width\":840,\"height\":430,\"caption\":\"Mihajlovic Litijum kljucan privredu protesti Vucica vlade zivotnu sredinu\"},{\"@type\":\"BreadcrumbList\",\"@id\":\"https:\\\/\\\/balkangreenenergynews.com\\\/rs\\\/mihajlovic-litijum-kljucan-za-privredu-protesti-su-protiv-vucica-i-vlade-a-ne-za-zivotnu-sredinu\\\/#breadcrumb\",\"itemListElement\":[{\"@type\":\"ListItem\",\"position\":1,\"name\":\"Po\u010detna\",\"item\":\"https:\\\/\\\/balkangreenenergynews.com\\\/rs\\\/\"},{\"@type\":\"ListItem\",\"position\":2,\"name\":\"Vesti\",\"item\":\"https:\\\/\\\/balkangreenenergynews.com\\\/rs\\\/kategorija\\\/vesti\\\/\"},{\"@type\":\"ListItem\",\"position\":3,\"name\":\"\u017divotna sredina\",\"item\":\"https:\\\/\\\/balkangreenenergynews.com\\\/rs\\\/kategorija\\\/vesti\\\/zivotna-sredina\\\/\"},{\"@type\":\"ListItem\",\"position\":4,\"name\":\"Mihajlovi\u0107: Litijum klju\u010dan za privredu; protesti su protiv Vu\u010di\u0107a i vlade, a ne za \u017eivotnu sredinu\"}]},{\"@type\":\"WebSite\",\"@id\":\"https:\\\/\\\/balkangreenenergynews.com\\\/rs\\\/#website\",\"url\":\"https:\\\/\\\/balkangreenenergynews.com\\\/rs\\\/\",\"name\":\"Balkan Green Energy News\",\"description\":\"Naj\u0161iri izbor vesti sa Balkana o zelenoj energiji\",\"potentialAction\":[{\"@type\":\"SearchAction\",\"target\":{\"@type\":\"EntryPoint\",\"urlTemplate\":\"https:\\\/\\\/balkangreenenergynews.com\\\/rs\\\/?s={search_term_string}\"},\"query-input\":{\"@type\":\"PropertyValueSpecification\",\"valueRequired\":true,\"valueName\":\"search_term_string\"}}],\"inLanguage\":\"sr-RS\"},{\"@type\":\"Person\",\"@id\":\"https:\\\/\\\/balkangreenenergynews.com\\\/rs\\\/#\\\/schema\\\/person\\\/dee275e6036b1a0f7ceaf956d79d4eff\",\"name\":\"Balkan Green Energy News\",\"url\":\"https:\\\/\\\/balkangreenenergynews.com\\\/rs\\\/author\\\/balkangreenenergynews\\\/\"}]}<\/script>\n<!-- \/ Yoast SEO plugin. -->","yoast_head_json":{"title":"Mihajlovi\u0107: Litijum klju\u010dan za privredu; protesti su protiv Vu\u010di\u0107a i vlade, a ne za \u017eivotnu sredinu","description":"Mihajlovi\u0107: protesti nemaju nikakve veze sa \u017eivotnom sredinom niti spornim zakonima, ve\u0107 su organizovani protiv vlade i predsednika Vu\u010di\u0107a.","robots":{"index":"index","follow":"follow","max-snippet":"max-snippet:-1","max-image-preview":"max-image-preview:large","max-video-preview":"max-video-preview:-1"},"canonical":"https:\/\/balkangreenenergynews.com\/rs\/mihajlovic-litijum-kljucan-za-privredu-protesti-su-protiv-vucica-i-vlade-a-ne-za-zivotnu-sredinu\/","og_locale":"sr_RS","og_type":"article","og_title":"Mihajlovi\u0107: Litijum klju\u010dan za privredu; protesti su protiv Vu\u010di\u0107a i vlade, a ne za \u017eivotnu sredinu","og_description":"Mihajlovi\u0107: protesti nemaju nikakve veze sa \u017eivotnom sredinom niti spornim zakonima, ve\u0107 su organizovani protiv vlade i predsednika Vu\u010di\u0107a.","og_url":"https:\/\/balkangreenenergynews.com\/rs\/mihajlovic-litijum-kljucan-za-privredu-protesti-su-protiv-vucica-i-vlade-a-ne-za-zivotnu-sredinu\/","og_site_name":"Balkan Green Energy News","article_published_time":"2021-12-06T17:33:16+00:00","article_modified_time":"2024-06-17T11:49:03+00:00","og_image":[{"width":840,"height":430,"url":"https:\/\/balkangreenenergynews.com\/rs\/wp-content\/uploads\/2021\/12\/Mihajlovic-Litijum-kljucan-privredu-protesti-Vucica-vlade-zivotnu-sredinu.jpg","type":"image\/jpeg"}],"author":"Balkan Green Energy News","twitter_card":"summary_large_image","twitter_misc":{"\u041d\u0430\u043f\u0438\u0441\u0430\u043d\u043e \u043e\u0434":"Balkan Green Energy News","\u041f\u0440\u043e\u0446\u0435\u045a\u0435\u043d\u043e \u0432\u0440\u0435\u043c\u0435 \u0447\u0438\u0442\u0430\u045a\u0430":"3 \u043c\u0438\u043d\u0443\u0442\u0430"},"schema":{"@context":"https:\/\/schema.org","@graph":[{"@type":"Article","@id":"https:\/\/balkangreenenergynews.com\/rs\/mihajlovic-litijum-kljucan-za-privredu-protesti-su-protiv-vucica-i-vlade-a-ne-za-zivotnu-sredinu\/#article","isPartOf":{"@id":"https:\/\/balkangreenenergynews.com\/rs\/mihajlovic-litijum-kljucan-za-privredu-protesti-su-protiv-vucica-i-vlade-a-ne-za-zivotnu-sredinu\/"},"author":{"name":"Balkan Green Energy News","@id":"https:\/\/balkangreenenergynews.com\/rs\/#\/schema\/person\/dee275e6036b1a0f7ceaf956d79d4eff"},"headline":"Mihajlovi\u0107: Litijum klju\u010dan za privredu; protesti su protiv Vu\u010di\u0107a i vlade, a ne za \u017eivotnu sredinu","datePublished":"2021-12-06T17:33:16+00:00","dateModified":"2024-06-17T11:49:03+00:00","mainEntityOfPage":{"@id":"https:\/\/balkangreenenergynews.com\/rs\/mihajlovic-litijum-kljucan-za-privredu-protesti-su-protiv-vucica-i-vlade-a-ne-za-zivotnu-sredinu\/"},"wordCount":411,"commentCount":2,"image":{"@id":"https:\/\/balkangreenenergynews.com\/rs\/mihajlovic-litijum-kljucan-za-privredu-protesti-su-protiv-vucica-i-vlade-a-ne-za-zivotnu-sredinu\/#primaryimage"},"thumbnailUrl":"https:\/\/balkangreenenergynews.com\/rs\/wp-content\/uploads\/2021\/12\/Mihajlovic-Litijum-kljucan-privredu-protesti-Vucica-vlade-zivotnu-sredinu.jpg?wsr","keywords":["litijum","Projekat Jadar","Rio Tinto","\u017eivotna sredina","Zorana Mihajlovi\u0107"],"articleSection":["\u017divotna sredina"],"inLanguage":"sr-RS","potentialAction":[{"@type":"CommentAction","name":"Comment","target":["https:\/\/balkangreenenergynews.com\/rs\/mihajlovic-litijum-kljucan-za-privredu-protesti-su-protiv-vucica-i-vlade-a-ne-za-zivotnu-sredinu\/#respond"]}]},{"@type":"WebPage","@id":"https:\/\/balkangreenenergynews.com\/rs\/mihajlovic-litijum-kljucan-za-privredu-protesti-su-protiv-vucica-i-vlade-a-ne-za-zivotnu-sredinu\/","url":"https:\/\/balkangreenenergynews.com\/rs\/mihajlovic-litijum-kljucan-za-privredu-protesti-su-protiv-vucica-i-vlade-a-ne-za-zivotnu-sredinu\/","name":"Mihajlovi\u0107: Litijum klju\u010dan za privredu; protesti su protiv Vu\u010di\u0107a i vlade, a ne za \u017eivotnu sredinu","isPartOf":{"@id":"https:\/\/balkangreenenergynews.com\/rs\/#website"},"primaryImageOfPage":{"@id":"https:\/\/balkangreenenergynews.com\/rs\/mihajlovic-litijum-kljucan-za-privredu-protesti-su-protiv-vucica-i-vlade-a-ne-za-zivotnu-sredinu\/#primaryimage"},"image":{"@id":"https:\/\/balkangreenenergynews.com\/rs\/mihajlovic-litijum-kljucan-za-privredu-protesti-su-protiv-vucica-i-vlade-a-ne-za-zivotnu-sredinu\/#primaryimage"},"thumbnailUrl":"https:\/\/balkangreenenergynews.com\/rs\/wp-content\/uploads\/2021\/12\/Mihajlovic-Litijum-kljucan-privredu-protesti-Vucica-vlade-zivotnu-sredinu.jpg?wsr","datePublished":"2021-12-06T17:33:16+00:00","dateModified":"2024-06-17T11:49:03+00:00","author":{"@id":"https:\/\/balkangreenenergynews.com\/rs\/#\/schema\/person\/dee275e6036b1a0f7ceaf956d79d4eff"},"description":"Mihajlovi\u0107: protesti nemaju nikakve veze sa \u017eivotnom sredinom niti spornim zakonima, ve\u0107 su organizovani protiv vlade i predsednika Vu\u010di\u0107a.","breadcrumb":{"@id":"https:\/\/balkangreenenergynews.com\/rs\/mihajlovic-litijum-kljucan-za-privredu-protesti-su-protiv-vucica-i-vlade-a-ne-za-zivotnu-sredinu\/#breadcrumb"},"inLanguage":"sr-RS","potentialAction":[{"@type":"ReadAction","target":["https:\/\/balkangreenenergynews.com\/rs\/mihajlovic-litijum-kljucan-za-privredu-protesti-su-protiv-vucica-i-vlade-a-ne-za-zivotnu-sredinu\/"]}]},{"@type":"ImageObject","inLanguage":"sr-RS","@id":"https:\/\/balkangreenenergynews.com\/rs\/mihajlovic-litijum-kljucan-za-privredu-protesti-su-protiv-vucica-i-vlade-a-ne-za-zivotnu-sredinu\/#primaryimage","url":"https:\/\/balkangreenenergynews.com\/rs\/wp-content\/uploads\/2021\/12\/Mihajlovic-Litijum-kljucan-privredu-protesti-Vucica-vlade-zivotnu-sredinu.jpg?wsr","contentUrl":"https:\/\/balkangreenenergynews.com\/rs\/wp-content\/uploads\/2021\/12\/Mihajlovic-Litijum-kljucan-privredu-protesti-Vucica-vlade-zivotnu-sredinu.jpg?wsr","width":840,"height":430,"caption":"Mihajlovic Litijum kljucan privredu protesti Vucica vlade zivotnu sredinu"},{"@type":"BreadcrumbList","@id":"https:\/\/balkangreenenergynews.com\/rs\/mihajlovic-litijum-kljucan-za-privredu-protesti-su-protiv-vucica-i-vlade-a-ne-za-zivotnu-sredinu\/#breadcrumb","itemListElement":[{"@type":"ListItem","position":1,"name":"Po\u010detna","item":"https:\/\/balkangreenenergynews.com\/rs\/"},{"@type":"ListItem","position":2,"name":"Vesti","item":"https:\/\/balkangreenenergynews.com\/rs\/kategorija\/vesti\/"},{"@type":"ListItem","position":3,"name":"\u017divotna sredina","item":"https:\/\/balkangreenenergynews.com\/rs\/kategorija\/vesti\/zivotna-sredina\/"},{"@type":"ListItem","position":4,"name":"Mihajlovi\u0107: Litijum klju\u010dan za privredu; protesti su protiv Vu\u010di\u0107a i vlade, a ne za \u017eivotnu sredinu"}]},{"@type":"WebSite","@id":"https:\/\/balkangreenenergynews.com\/rs\/#website","url":"https:\/\/balkangreenenergynews.com\/rs\/","name":"Balkan Green Energy News","description":"Naj\u0161iri izbor vesti sa Balkana o zelenoj energiji","potentialAction":[{"@type":"SearchAction","target":{"@type":"EntryPoint","urlTemplate":"https:\/\/balkangreenenergynews.com\/rs\/?s={search_term_string}"},"query-input":{"@type":"PropertyValueSpecification","valueRequired":true,"valueName":"search_term_string"}}],"inLanguage":"sr-RS"},{"@type":"Person","@id":"https:\/\/balkangreenenergynews.com\/rs\/#\/schema\/person\/dee275e6036b1a0f7ceaf956d79d4eff","name":"Balkan Green Energy News","url":"https:\/\/balkangreenenergynews.com\/rs\/author\/balkangreenenergynews\/"}]}},"_links":{"self":[{"href":"https:\/\/balkangreenenergynews.com\/rs\/wp-json\/wp\/v2\/posts\/43894","targetHints":{"allow":["GET"]}}],"collection":[{"href":"https:\/\/balkangreenenergynews.com\/rs\/wp-json\/wp\/v2\/posts"}],"about":[{"href":"https:\/\/balkangreenenergynews.com\/rs\/wp-json\/wp\/v2\/types\/post"}],"author":[{"embeddable":true,"href":"https:\/\/balkangreenenergynews.com\/rs\/wp-json\/wp\/v2\/users\/25"}],"replies":[{"embeddable":true,"href":"https:\/\/balkangreenenergynews.com\/rs\/wp-json\/wp\/v2\/comments?post=43894"}],"version-history":[{"count":0,"href":"https:\/\/balkangreenenergynews.com\/rs\/wp-json\/wp\/v2\/posts\/43894\/revisions"}],"wp:featuredmedia":[{"embeddable":true,"href":"https:\/\/balkangreenenergynews.com\/rs\/wp-json\/wp\/v2\/media\/43903"}],"wp:attachment":[{"href":"https:\/\/balkangreenenergynews.com\/rs\/wp-json\/wp\/v2\/media?parent=43894"}],"wp:term":[{"taxonomy":"category","embeddable":true,"href":"https:\/\/balkangreenenergynews.com\/rs\/wp-json\/wp\/v2\/categories?post=43894"},{"taxonomy":"post_tag","embeddable":true,"href":"https:\/\/balkangreenenergynews.com\/rs\/wp-json\/wp\/v2\/tags?post=43894"}],"curies":[{"name":"wp","href":"https:\/\/api.w.org\/{rel}","templated":true}]}}